{"id":135680,"date":"2026-09-04T09:30:03","date_gmt":"2026-09-04T07:30:03","guid":{"rendered":"https:\/\/www.santjoandalacant.es\/dia-del-major-santjoaner-2026\/"},"modified":"2026-09-04T09:33:53","modified_gmt":"2026-09-04T07:33:53","slug":"dia-del-major-santjoaner-2026","status":"publish","type":"post","link":"https:\/\/www.santjoandalacant.es\/ca\/dia-del-major-santjoaner-2026\/","title":{"rendered":"Dia del major santjoaner 2026"},"content":{"rendered":"\n<p class=\"wp-block-paragraph\">Diumenge passat dia 30 d&#8217;agost, des de la regidoria de Majors que dirigix l&#8217;edil Carmen Navarro, com cada any s&#8217;ha organitzat el dia del Major Santjoaner, l&#8217;acte del qual m\u00e9s destacat va ser la Desfilada de Mantons i Bruses.<\/p>\n\n<p class=\"wp-block-paragraph\">La cercavila va donar principi en la pla\u00e7a de la Constituci\u00f3, on diversos centenars de persones majors del nostre municipi, aix\u00ed com persones de diferents edats, van decidir unir-se a este dia tan important per als nostres majors, van rec\u00f3rrer l&#8217;Avinguda Jaume I i La Rambla, juntament amb les nostres Reines i Dames del Centre de Majors: Lola Climent la nostra reina, Lola Mart\u00ednez dama i Fina Sori\u00e0 dama, aix\u00ed com per l&#8217;Associaci\u00f3 de Pensionistes i jubilats (UDP) de la nostra localitat, tamb\u00e9 ens van acompanyar les representants de les diferents entitats festeres locals, Corporaci\u00f3 Municipal, acompanyades per la Colla Sargantana i la Societat Musical la Pau.<\/p>\n\n<p class=\"wp-block-paragraph\">En arribar al Centre de Majors, despr\u00e9s de creuar els Jardins de Manzaneta, en la sala d&#8217;actes del centre, despr\u00e9s de les paraules de benvinguda per part de l&#8217;alcalde, Santiago Rom\u00e1n, i de la regidora de Majors Carmen Navarro, es va oferir un vi d&#8217;honor per a tots els assistents, seguit d&#8217;un sorteig de regals donats per l&#8217;Associaci\u00f3 de comerciants de Sant Joan, aix\u00ed com altres comer\u00e7os col\u00b7laboradors del nostre poble.<\/p>\n\n<p class=\"wp-block-paragraph\">Des de l&#8217;ajuntament de Sant Joan volem donar les gr\u00e0cies per la seua col\u00b7laboraci\u00f3 amb del dia del Major Santjoaner 2026, a mes d&#8217;un centenar d&#8217;establiments i entitats col\u00b7laboradores.<\/p>\n\n<p class=\"wp-block-paragraph\">Gr\u00e0cies infinites a totes les persones que han participat i que han fet que este dia siga inoblidable, el vostre dia <strong>EL DIA DEL MAJOR SANTJOANER!<\/strong><\/p>\n\n<figure class=\"wp-block-gallery has-nested-images columns-default is-cropped wp-block-gallery-1 is-layout-flex wp-block-gallery-is-layout-flex\">\n<figure class=\"wp-block-image size-large\"><img fetchpriority=\"high\" decoding=\"async\" width=\"1024\" height=\"683\" data-id=\"135669\" src=\"https:\/\/www.santjoandalacant.es\/wp-content\/uploads\/2026\/09\/Imagen1-1024x683.jpg\" alt=\"\" class=\"wp-image-135669\" srcset=\"https:\/\/www.santjoandalacant.es\/wp-content\/uploads\/2026\/09\/Imagen1-1024x683.jpg 1024w, https:\/\/www.santjoandalacant.es\/wp-content\/uploads\/2026\/09\/Imagen1-300x200.jpg 300w, https:\/\/www.santjoandalacant.es\/wp-content\/uploads\/2026\/09\/Imagen1-768x513.jpg 768w, https:\/\/www.santjoandalacant.es\/wp-content\/uploads\/2026\/09\/Imagen1.jpg 1299w\" sizes=\"(max-width: 1024px) 100vw, 1024px\" \/><\/figure>\n\n\n\n<figure class=\"wp-block-image size-large\"><img decoding=\"async\" width=\"1024\" height=\"683\" data-id=\"135673\" src=\"https:\/\/www.santjoandalacant.es\/wp-content\/uploads\/2026\/09\/Imagen2-1024x683.jpg\" alt=\"\" class=\"wp-image-135673\" srcset=\"https:\/\/www.santjoandalacant.es\/wp-content\/uploads\/2026\/09\/Imagen2-1024x683.jpg 1024w, https:\/\/www.santjoandalacant.es\/wp-content\/uploads\/2026\/09\/Imagen2-300x200.jpg 300w, https:\/\/www.santjoandalacant.es\/wp-content\/uploads\/2026\/09\/Imagen2-768x512.jpg 768w, https:\/\/www.santjoandalacant.es\/wp-content\/uploads\/2026\/09\/Imagen2.jpg 1299w\" sizes=\"(max-width: 1024px) 100vw, 1024px\" \/><\/figure>\n\n\n\n<figure class=\"wp-block-image size-large\"><img decoding=\"async\" width=\"1024\" height=\"575\" data-id=\"135670\" src=\"https:\/\/www.santjoandalacant.es\/wp-content\/uploads\/2026\/09\/Imagen3-1024x575.jpg\" alt=\"\" class=\"wp-image-135670\" srcset=\"https:\/\/www.santjoandalacant.es\/wp-content\/uploads\/2026\/09\/Imagen3-1024x575.jpg 1024w, https:\/\/www.santjoandalacant.es\/wp-content\/uploads\/2026\/09\/Imagen3-300x168.jpg 300w, https:\/\/www.santjoandalacant.es\/wp-content\/uploads\/2026\/09\/Imagen3-768x431.jpg 768w, https:\/\/www.santjoandalacant.es\/wp-content\/uploads\/2026\/09\/Imagen3.jpg 1299w\" sizes=\"(max-width: 1024px) 100vw, 1024px\" \/><\/figure>\n\n\n\n<figure class=\"wp-block-image size-large\"><img loading=\"lazy\" decoding=\"async\" width=\"1024\" height=\"683\" data-id=\"135672\" src=\"https:\/\/www.santjoandalacant.es\/wp-content\/uploads\/2026\/09\/Imagen4-1024x683.jpg\" alt=\"\" class=\"wp-image-135672\" srcset=\"https:\/\/www.santjoandalacant.es\/wp-content\/uploads\/2026\/09\/Imagen4-1024x683.jpg 1024w, https:\/\/www.santjoandalacant.es\/wp-content\/uploads\/2026\/09\/Imagen4-300x200.jpg 300w, https:\/\/www.santjoandalacant.es\/wp-content\/uploads\/2026\/09\/Imagen4-768x513.jpg 768w, https:\/\/www.santjoandalacant.es\/wp-content\/uploads\/2026\/09\/Imagen4.jpg 1299w\" sizes=\"(max-width: 1024px) 100vw, 1024px\" \/><\/figure>\n\n\n\n<figure class=\"wp-block-image size-large\"><img loading=\"lazy\" decoding=\"async\" width=\"1024\" height=\"683\" data-id=\"135671\" src=\"https:\/\/www.santjoandalacant.es\/wp-content\/uploads\/2026\/09\/Imagen5-1024x683.jpg\" alt=\"\" class=\"wp-image-135671\" srcset=\"https:\/\/www.santjoandalacant.es\/wp-content\/uploads\/2026\/09\/Imagen5-1024x683.jpg 1024w, https:\/\/www.santjoandalacant.es\/wp-content\/uploads\/2026\/09\/Imagen5-300x200.jpg 300w, https:\/\/www.santjoandalacant.es\/wp-content\/uploads\/2026\/09\/Imagen5-768x512.jpg 768w, https:\/\/www.santjoandalacant.es\/wp-content\/uploads\/2026\/09\/Imagen5.jpg 1299w\" sizes=\"(max-width: 1024px) 100vw, 1024px\" \/><\/figure>\n<\/figure>\n","protected":false},"excerpt":{"rendered":"<p>Diumenge passat dia 30 d&#8217;agost, des de la regidoria de Majors que dirigix l&#8217;edil Carmen Navarro, com cada any s&#8217;ha organitzat el dia del Major Santjoaner, l&#8217;acte del qual m\u00e9s [&hellip;]<\/p>\n","protected":false},"author":19,"featured_media":0,"comment_status":"closed","ping_status":"open","sticky":false,"template":"","format":"standard","meta":{"_acf_changed":false,"rs_blank_template":"","rs_page_bg_color":"","slide_template_v7":"","footnotes":""},"categories":[984],"tags":[],"areas":[1014],"class_list":["post-135680","post","type-post","status-publish","format-standard","hentry","category-tercera-edat","areas-tercera-edad-ca"],"acf":[],"yoast_head":"<!-- This site is optimized with the Yoast SEO plugin v28.2 - https:\/\/yoast.com\/product\/yoast-seo-wordpress\/ -->\n<title>Dia del major santjoaner 2026 - Sant Joan d&#039;Alacant<\/title>\n<meta name=\"robots\" content=\"index, follow, max-snippet:-1, max-image-preview:large, max-video-preview:-1\" \/>\n<link rel=\"canonical\" href=\"https:\/\/www.santjoandalacant.es\/ca\/dia-del-major-santjoaner-2026\/\" \/>\n<meta property=\"og:locale\" content=\"en_US\" \/>\n<meta property=\"og:type\" content=\"article\" \/>\n<meta property=\"og:title\" content=\"Dia del major santjoaner 2026 - Sant Joan d&#039;Alacant\" \/>\n<meta property=\"og:description\" content=\"Diumenge passat dia 30 d&#8217;agost, des de la regidoria de Majors que dirigix l&#8217;edil Carmen Navarro, com cada any s&#8217;ha organitzat el dia del Major Santjoaner, l&#8217;acte del qual m\u00e9s [&hellip;]\" \/>\n<meta property=\"og:url\" content=\"https:\/\/www.santjoandalacant.es\/ca\/dia-del-major-santjoaner-2026\/\" \/>\n<meta property=\"og:site_name\" content=\"Sant Joan d&#039;Alacant\" \/>\n<meta property=\"article:publisher\" content=\"https:\/\/www.facebook.com\/santjoandalacant\/\" \/>\n<meta property=\"article:published_time\" content=\"2026-09-04T07:30:03+00:00\" \/>\n<meta property=\"article:modified_time\" content=\"2026-09-04T07:33:53+00:00\" \/>\n<meta property=\"og:image\" content=\"https:\/\/www.santjoandalacant.es\/wp-content\/uploads\/2026\/09\/Imagen1.jpg\" \/>\n\t<meta property=\"og:image:width\" content=\"1299\" \/>\n\t<meta property=\"og:image:height\" content=\"867\" \/>\n\t<meta property=\"og:image:type\" content=\"image\/jpeg\" \/>\n<meta name=\"author\" content=\"Mari Carmen Fern\u00e1ndez\" \/>\n<meta name=\"twitter:card\" content=\"summary_large_image\" \/>\n<meta name=\"twitter:label1\" content=\"Written by\" \/>\n\t<meta name=\"twitter:data1\" content=\"Mari Carmen Fern\u00e1ndez\" \/>\n\t<meta name=\"twitter:label2\" content=\"Est. reading time\" \/>\n\t<meta name=\"twitter:data2\" content=\"1 minute\" \/>\n<script type=\"application\/ld+json\" class=\"yoast-schema-graph\">{\"@context\":\"https:\\\/\\\/schema.org\",\"@graph\":[{\"@type\":\"Article\",\"@id\":\"https:\\\/\\\/www.santjoandalacant.es\\\/ca\\\/dia-del-major-santjoaner-2026\\\/#article\",\"isPartOf\":{\"@id\":\"https:\\\/\\\/www.santjoandalacant.es\\\/ca\\\/dia-del-major-santjoaner-2026\\\/\"},\"author\":{\"name\":\"Mari Carmen Fern\u00e1ndez\",\"@id\":\"https:\\\/\\\/www.santjoandalacant.es\\\/ca\\\/#\\\/schema\\\/person\\\/74946408936e6d0f33bc677e52d8e35b\"},\"headline\":\"Dia del major santjoaner 2026\",\"datePublished\":\"2026-09-04T07:30:03+00:00\",\"dateModified\":\"2026-09-04T07:33:53+00:00\",\"mainEntityOfPage\":{\"@id\":\"https:\\\/\\\/www.santjoandalacant.es\\\/ca\\\/dia-del-major-santjoaner-2026\\\/\"},\"wordCount\":301,\"publisher\":{\"@id\":\"https:\\\/\\\/www.santjoandalacant.es\\\/ca\\\/#organization\"},\"image\":{\"@id\":\"https:\\\/\\\/www.santjoandalacant.es\\\/ca\\\/dia-del-major-santjoaner-2026\\\/#primaryimage\"},\"thumbnailUrl\":\"https:\\\/\\\/www.santjoandalacant.es\\\/wp-content\\\/uploads\\\/2026\\\/09\\\/Imagen1-1024x683.jpg\",\"articleSection\":[\"Tercera Edat\"],\"inLanguage\":\"va\"},{\"@type\":\"WebPage\",\"@id\":\"https:\\\/\\\/www.santjoandalacant.es\\\/ca\\\/dia-del-major-santjoaner-2026\\\/\",\"url\":\"https:\\\/\\\/www.santjoandalacant.es\\\/ca\\\/dia-del-major-santjoaner-2026\\\/\",\"name\":\"Dia del major santjoaner 2026 - Sant Joan d&#039;Alacant\",\"isPartOf\":{\"@id\":\"https:\\\/\\\/www.santjoandalacant.es\\\/ca\\\/#website\"},\"primaryImageOfPage\":{\"@id\":\"https:\\\/\\\/www.santjoandalacant.es\\\/ca\\\/dia-del-major-santjoaner-2026\\\/#primaryimage\"},\"image\":{\"@id\":\"https:\\\/\\\/www.santjoandalacant.es\\\/ca\\\/dia-del-major-santjoaner-2026\\\/#primaryimage\"},\"thumbnailUrl\":\"https:\\\/\\\/www.santjoandalacant.es\\\/wp-content\\\/uploads\\\/2026\\\/09\\\/Imagen1-1024x683.jpg\",\"datePublished\":\"2026-09-04T07:30:03+00:00\",\"dateModified\":\"2026-09-04T07:33:53+00:00\",\"breadcrumb\":{\"@id\":\"https:\\\/\\\/www.santjoandalacant.es\\\/ca\\\/dia-del-major-santjoaner-2026\\\/#breadcrumb\"},\"inLanguage\":\"va\",\"potentialAction\":[{\"@type\":\"ReadAction\",\"target\":[\"https:\\\/\\\/www.santjoandalacant.es\\\/ca\\\/dia-del-major-santjoaner-2026\\\/\"]}]},{\"@type\":\"ImageObject\",\"inLanguage\":\"va\",\"@id\":\"https:\\\/\\\/www.santjoandalacant.es\\\/ca\\\/dia-del-major-santjoaner-2026\\\/#primaryimage\",\"url\":\"https:\\\/\\\/www.santjoandalacant.es\\\/wp-content\\\/uploads\\\/2026\\\/09\\\/Imagen1-1024x683.jpg\",\"contentUrl\":\"https:\\\/\\\/www.santjoandalacant.es\\\/wp-content\\\/uploads\\\/2026\\\/09\\\/Imagen1-1024x683.jpg\"},{\"@type\":\"BreadcrumbList\",\"@id\":\"https:\\\/\\\/www.santjoandalacant.es\\\/ca\\\/dia-del-major-santjoaner-2026\\\/#breadcrumb\",\"itemListElement\":[{\"@type\":\"ListItem\",\"position\":1,\"name\":\"Inicio\",\"item\":\"https:\\\/\\\/www.santjoandalacant.es\\\/ca\\\/\"},{\"@type\":\"ListItem\",\"position\":2,\"name\":\"Dia del major santjoaner 2026\"}]},{\"@type\":\"WebSite\",\"@id\":\"https:\\\/\\\/www.santjoandalacant.es\\\/ca\\\/#website\",\"url\":\"https:\\\/\\\/www.santjoandalacant.es\\\/ca\\\/\",\"name\":\"Sant Joan d'Alacant\",\"description\":\"\",\"publisher\":{\"@id\":\"https:\\\/\\\/www.santjoandalacant.es\\\/ca\\\/#organization\"},\"potentialAction\":[{\"@type\":\"SearchAction\",\"target\":{\"@type\":\"EntryPoint\",\"urlTemplate\":\"https:\\\/\\\/www.santjoandalacant.es\\\/ca\\\/?s={search_term_string}\"},\"query-input\":{\"@type\":\"PropertyValueSpecification\",\"valueRequired\":true,\"valueName\":\"search_term_string\"}}],\"inLanguage\":\"va\"},{\"@type\":\"Organization\",\"@id\":\"https:\\\/\\\/www.santjoandalacant.es\\\/ca\\\/#organization\",\"name\":\"Sant Joan d'Alacant\",\"url\":\"https:\\\/\\\/www.santjoandalacant.es\\\/ca\\\/\",\"logo\":{\"@type\":\"ImageObject\",\"inLanguage\":\"va\",\"@id\":\"https:\\\/\\\/www.santjoandalacant.es\\\/ca\\\/#\\\/schema\\\/logo\\\/image\\\/\",\"url\":\"https:\\\/\\\/www.santjoandalacant.es\\\/wp-content\\\/uploads\\\/2023\\\/08\\\/logoSJ.png\",\"contentUrl\":\"https:\\\/\\\/www.santjoandalacant.es\\\/wp-content\\\/uploads\\\/2023\\\/08\\\/logoSJ.png\",\"width\":198,\"height\":253,\"caption\":\"Sant Joan d'Alacant\"},\"image\":{\"@id\":\"https:\\\/\\\/www.santjoandalacant.es\\\/ca\\\/#\\\/schema\\\/logo\\\/image\\\/\"},\"sameAs\":[\"https:\\\/\\\/www.facebook.com\\\/santjoandalacant\\\/\",\"https:\\\/\\\/www.instagram.com\\\/santjoandalacant\\\/\",\"https:\\\/\\\/www.youtube.com\\\/user\\\/santjoandalacant\"]},{\"@type\":\"Person\",\"@id\":\"https:\\\/\\\/www.santjoandalacant.es\\\/ca\\\/#\\\/schema\\\/person\\\/74946408936e6d0f33bc677e52d8e35b\",\"name\":\"Mari Carmen Fern\u00e1ndez\",\"image\":{\"@type\":\"ImageObject\",\"inLanguage\":\"va\",\"@id\":\"https:\\\/\\\/secure.gravatar.com\\\/avatar\\\/5bf2e18485d073d333f6cab6d1604fe3b47d18588573abcc05688a96d428fe95?s=96&d=mm&r=g\",\"url\":\"https:\\\/\\\/secure.gravatar.com\\\/avatar\\\/5bf2e18485d073d333f6cab6d1604fe3b47d18588573abcc05688a96d428fe95?s=96&d=mm&r=g\",\"contentUrl\":\"https:\\\/\\\/secure.gravatar.com\\\/avatar\\\/5bf2e18485d073d333f6cab6d1604fe3b47d18588573abcc05688a96d428fe95?s=96&d=mm&r=g\",\"caption\":\"Mari Carmen Fern\u00e1ndez\"},\"url\":\"https:\\\/\\\/www.santjoandalacant.es\\\/ca\\\/author\\\/mari\\\/\"}]}<\/script>\n<!-- \/ Yoast SEO plugin. -->","yoast_head_json":{"title":"Dia del major santjoaner 2026 - Sant Joan d&#039;Alacant","robots":{"index":"index","follow":"follow","max-snippet":"max-snippet:-1","max-image-preview":"max-image-preview:large","max-video-preview":"max-video-preview:-1"},"canonical":"https:\/\/www.santjoandalacant.es\/ca\/dia-del-major-santjoaner-2026\/","og_locale":"en_US","og_type":"article","og_title":"Dia del major santjoaner 2026 - Sant Joan d&#039;Alacant","og_description":"Diumenge passat dia 30 d&#8217;agost, des de la regidoria de Majors que dirigix l&#8217;edil Carmen Navarro, com cada any s&#8217;ha organitzat el dia del Major Santjoaner, l&#8217;acte del qual m\u00e9s [&hellip;]","og_url":"https:\/\/www.santjoandalacant.es\/ca\/dia-del-major-santjoaner-2026\/","og_site_name":"Sant Joan d&#039;Alacant","article_publisher":"https:\/\/www.facebook.com\/santjoandalacant\/","article_published_time":"2026-09-04T07:30:03+00:00","article_modified_time":"2026-09-04T07:33:53+00:00","og_image":[{"width":1299,"height":867,"url":"https:\/\/www.santjoandalacant.es\/wp-content\/uploads\/2026\/09\/Imagen1.jpg","type":"image\/jpeg"}],"author":"Mari Carmen Fern\u00e1ndez","twitter_card":"summary_large_image","twitter_misc":{"Written by":"Mari Carmen Fern\u00e1ndez","Est. reading time":"1 minute"},"schema":{"@context":"https:\/\/schema.org","@graph":[{"@type":"Article","@id":"https:\/\/www.santjoandalacant.es\/ca\/dia-del-major-santjoaner-2026\/#article","isPartOf":{"@id":"https:\/\/www.santjoandalacant.es\/ca\/dia-del-major-santjoaner-2026\/"},"author":{"name":"Mari Carmen Fern\u00e1ndez","@id":"https:\/\/www.santjoandalacant.es\/ca\/#\/schema\/person\/74946408936e6d0f33bc677e52d8e35b"},"headline":"Dia del major santjoaner 2026","datePublished":"2026-09-04T07:30:03+00:00","dateModified":"2026-09-04T07:33:53+00:00","mainEntityOfPage":{"@id":"https:\/\/www.santjoandalacant.es\/ca\/dia-del-major-santjoaner-2026\/"},"wordCount":301,"publisher":{"@id":"https:\/\/www.santjoandalacant.es\/ca\/#organization"},"image":{"@id":"https:\/\/www.santjoandalacant.es\/ca\/dia-del-major-santjoaner-2026\/#primaryimage"},"thumbnailUrl":"https:\/\/www.santjoandalacant.es\/wp-content\/uploads\/2026\/09\/Imagen1-1024x683.jpg","articleSection":["Tercera Edat"],"inLanguage":"va"},{"@type":"WebPage","@id":"https:\/\/www.santjoandalacant.es\/ca\/dia-del-major-santjoaner-2026\/","url":"https:\/\/www.santjoandalacant.es\/ca\/dia-del-major-santjoaner-2026\/","name":"Dia del major santjoaner 2026 - Sant Joan d&#039;Alacant","isPartOf":{"@id":"https:\/\/www.santjoandalacant.es\/ca\/#website"},"primaryImageOfPage":{"@id":"https:\/\/www.santjoandalacant.es\/ca\/dia-del-major-santjoaner-2026\/#primaryimage"},"image":{"@id":"https:\/\/www.santjoandalacant.es\/ca\/dia-del-major-santjoaner-2026\/#primaryimage"},"thumbnailUrl":"https:\/\/www.santjoandalacant.es\/wp-content\/uploads\/2026\/09\/Imagen1-1024x683.jpg","datePublished":"2026-09-04T07:30:03+00:00","dateModified":"2026-09-04T07:33:53+00:00","breadcrumb":{"@id":"https:\/\/www.santjoandalacant.es\/ca\/dia-del-major-santjoaner-2026\/#breadcrumb"},"inLanguage":"va","potentialAction":[{"@type":"ReadAction","target":["https:\/\/www.santjoandalacant.es\/ca\/dia-del-major-santjoaner-2026\/"]}]},{"@type":"ImageObject","inLanguage":"va","@id":"https:\/\/www.santjoandalacant.es\/ca\/dia-del-major-santjoaner-2026\/#primaryimage","url":"https:\/\/www.santjoandalacant.es\/wp-content\/uploads\/2026\/09\/Imagen1-1024x683.jpg","contentUrl":"https:\/\/www.santjoandalacant.es\/wp-content\/uploads\/2026\/09\/Imagen1-1024x683.jpg"},{"@type":"BreadcrumbList","@id":"https:\/\/www.santjoandalacant.es\/ca\/dia-del-major-santjoaner-2026\/#breadcrumb","itemListElement":[{"@type":"ListItem","position":1,"name":"Inicio","item":"https:\/\/www.santjoandalacant.es\/ca\/"},{"@type":"ListItem","position":2,"name":"Dia del major santjoaner 2026"}]},{"@type":"WebSite","@id":"https:\/\/www.santjoandalacant.es\/ca\/#website","url":"https:\/\/www.santjoandalacant.es\/ca\/","name":"Sant Joan d'Alacant","description":"","publisher":{"@id":"https:\/\/www.santjoandalacant.es\/ca\/#organization"},"potentialAction":[{"@type":"SearchAction","target":{"@type":"EntryPoint","urlTemplate":"https:\/\/www.santjoandalacant.es\/ca\/?s={search_term_string}"},"query-input":{"@type":"PropertyValueSpecification","valueRequired":true,"valueName":"search_term_string"}}],"inLanguage":"va"},{"@type":"Organization","@id":"https:\/\/www.santjoandalacant.es\/ca\/#organization","name":"Sant Joan d'Alacant","url":"https:\/\/www.santjoandalacant.es\/ca\/","logo":{"@type":"ImageObject","inLanguage":"va","@id":"https:\/\/www.santjoandalacant.es\/ca\/#\/schema\/logo\/image\/","url":"https:\/\/www.santjoandalacant.es\/wp-content\/uploads\/2023\/08\/logoSJ.png","contentUrl":"https:\/\/www.santjoandalacant.es\/wp-content\/uploads\/2023\/08\/logoSJ.png","width":198,"height":253,"caption":"Sant Joan d'Alacant"},"image":{"@id":"https:\/\/www.santjoandalacant.es\/ca\/#\/schema\/logo\/image\/"},"sameAs":["https:\/\/www.facebook.com\/santjoandalacant\/","https:\/\/www.instagram.com\/santjoandalacant\/","https:\/\/www.youtube.com\/user\/santjoandalacant"]},{"@type":"Person","@id":"https:\/\/www.santjoandalacant.es\/ca\/#\/schema\/person\/74946408936e6d0f33bc677e52d8e35b","name":"Mari Carmen Fern\u00e1ndez","image":{"@type":"ImageObject","inLanguage":"va","@id":"https:\/\/secure.gravatar.com\/avatar\/5bf2e18485d073d333f6cab6d1604fe3b47d18588573abcc05688a96d428fe95?s=96&d=mm&r=g","url":"https:\/\/secure.gravatar.com\/avatar\/5bf2e18485d073d333f6cab6d1604fe3b47d18588573abcc05688a96d428fe95?s=96&d=mm&r=g","contentUrl":"https:\/\/secure.gravatar.com\/avatar\/5bf2e18485d073d333f6cab6d1604fe3b47d18588573abcc05688a96d428fe95?s=96&d=mm&r=g","caption":"Mari Carmen Fern\u00e1ndez"},"url":"https:\/\/www.santjoandalacant.es\/ca\/author\/mari\/"}]}},"_links":{"self":[{"href":"https:\/\/www.santjoandalacant.es\/ca\/wp-json\/wp\/v2\/posts\/135680","targetHints":{"allow":["GET"]}}],"collection":[{"href":"https:\/\/www.santjoandalacant.es\/ca\/wp-json\/wp\/v2\/posts"}],"about":[{"href":"https:\/\/www.santjoandalacant.es\/ca\/wp-json\/wp\/v2\/types\/post"}],"author":[{"embeddable":true,"href":"https:\/\/www.santjoandalacant.es\/ca\/wp-json\/wp\/v2\/users\/19"}],"replies":[{"embeddable":true,"href":"https:\/\/www.santjoandalacant.es\/ca\/wp-json\/wp\/v2\/comments?post=135680"}],"version-history":[{"count":1,"href":"https:\/\/www.santjoandalacant.es\/ca\/wp-json\/wp\/v2\/posts\/135680\/revisions"}],"predecessor-version":[{"id":135681,"href":"https:\/\/www.santjoandalacant.es\/ca\/wp-json\/wp\/v2\/posts\/135680\/revisions\/135681"}],"wp:attachment":[{"href":"https:\/\/www.santjoandalacant.es\/ca\/wp-json\/wp\/v2\/media?parent=135680"}],"wp:term":[{"taxonomy":"category","embeddable":true,"href":"https:\/\/www.santjoandalacant.es\/ca\/wp-json\/wp\/v2\/categories?post=135680"},{"taxonomy":"post_tag","embeddable":true,"href":"https:\/\/www.santjoandalacant.es\/ca\/wp-json\/wp\/v2\/tags?post=135680"},{"taxonomy":"areas","embeddable":true,"href":"https:\/\/www.santjoandalacant.es\/ca\/wp-json\/wp\/v2\/areas?post=135680"}],"curies":[{"name":"wp","href":"https:\/\/api.w.org\/{rel}","templated":true}]}}