{"id":135693,"date":"2026-09-04T10:47:56","date_gmt":"2026-09-04T08:47:56","guid":{"rendered":"https:\/\/www.santjoandalacant.es\/?p=135693"},"modified":"2026-09-04T10:55:47","modified_gmt":"2026-09-04T08:55:47","slug":"anuncio-otorgamiento-subvencion-para-la-elaboracion-y-evaluacion-de-planes-de-igualdad-de-genero-anualidad-2026","status":"publish","type":"post","link":"https:\/\/www.santjoandalacant.es\/ca\/anuncio-otorgamiento-subvencion-para-la-elaboracion-y-evaluacion-de-planes-de-igualdad-de-genero-anualidad-2026\/","title":{"rendered":"Anuncie atorgament subvenci\u00f3 per a l&#8217;elaboraci\u00f3 i avaluaci\u00f3 de plans d&#8217;igualtat de g\u00e8nere, anualitat 2026."},"content":{"rendered":"\n<ul class=\"wp-block-list\">\n<li><\/li>\n<\/ul>\n\n\n\n<figure class=\"wp-block-image aligncenter size-full is-resized\"><img decoding=\"async\" width=\"156\" height=\"148\" src=\"https:\/\/www.santjoandalacant.es\/wp-content\/uploads\/2026\/08\/logo-diputacion-alicante.png\" alt=\"\" class=\"wp-image-135478\" style=\"width:109px;height:auto\"\/><\/figure>\n\n\n\n<p class=\"wp-block-paragraph\">Per Decret de la Sra. Diputada de Benestar Social i Igualtat n\u00fam. 0962 de data 5 de mar\u00e7 de 2026, pel qual es convoquen subvencions a Ajuntaments i Entitats d&#8217;\u00e0mbit inferior al municipi (E.A.T.I.M.) de la prov\u00edncia d&#8217;Alacant per a l&#8217;elaboraci\u00f3 i avaluaci\u00f3 de Plans d&#8217;Igualtat de G\u00e8nere, anualitat 2026, publicada en el BOP n\u00fam. 49 de 12 de mar\u00e7 de 2026, que en la seua base DESSETENA establix que:<\/p>\n\n\n\n<p class=\"wp-block-paragraph\">(\u2026)<\/p>\n\n\n\n<ol class=\"wp-block-list\">\n<li>De conformitat amb l&#8217;article 15.2 de l&#8217;Ordenan\u00e7a general de subvencions, l&#8217;entitat benefici\u00e0ria haur\u00e0 de donar publicitat del finan\u00e7ament de la Diputaci\u00f3 en l&#8217;actuaci\u00f3 subvencionada, per algun dels seg\u00fcents mitjans:<\/li>\n<\/ol>\n\n\n\n<ul class=\"wp-block-list\">\n<li>Difusi\u00f3 en les xarxes socials de les quals dispose l&#8217;entitat benefici\u00e0ria, havent de contindre, com a m\u00ednim, nom del projecte o programa subvencionat nom de la convocat\u00f2ria i el total de la subvenci\u00f3 rebuda per la Diputaci\u00f3 d&#8217;Alacant incloent la imatge institucional de l&#8217;entitat provincial.<\/li>\n\n\n\n<li>Publicaci\u00f3 en altres mitjans, amb el contingut m\u00ednim referit. (\u2026)<\/li>\n<\/ul>\n\n\n\n<p class=\"wp-block-paragraph\">Per Decret de la Sra. Diputada de Benestar Social i Igualtat n\u00fam. 3189, de data 14 de juliol de 2026, s&#8217;ha aprovat la distribuci\u00f3 de la \u201cConvocat\u00f2ria de subvencions a Ajuntaments i E.A.T.I.M. de la prov\u00edncia d&#8217;Alacant per a l&#8217;elaboraci\u00f3 i avaluaci\u00f3 de plans d&#8217;igualtat de g\u00e8nere, anualitat 2026\u201d, en virtut de les facultats que li van ser delegades per la Presid\u00e8ncia mitjan\u00e7ant resoluci\u00f3 n\u00fam. 3328, de data 28 de juliol de 2023 (BOP n\u00fam. 150, de data 4 d&#8217;agost de 2023), on resol concedir a este ajuntament, entre altres, la subvenci\u00f3 pels conceptes i imports que a continuaci\u00f3 s&#8217;indiquen:<\/p>\n\n\n\n<figure class=\"wp-block-table\"><table><thead><tr><th>Exp.<\/th><th>Ayto.<\/th><th>CIF<\/th><th>Programa objecte de subvenci\u00f3<\/th><th>Import subv.<\/th><\/tr><\/thead><tbody><tr><td>9455\/2026<\/td><td>AJUNTAMENT<br>DE SANT JOAN<br>D\u2019ALACANT<\/td><td>P0311900E<\/td><td>Avaluaci\u00f3 de l&#8217;II Pla Municipal per a la Igualtat d&#8217;Oportunitats de Sant Joan d\u00b4Alacant (PMIO) 2021-2025<\/td><td>1.434,04 \u20ac<\/td><\/tr><\/tbody><\/table><\/figure>\n\n\n\n<p class=\"wp-block-paragraph\">En atenci\u00f3 a les determinacions de la Convocat\u00f2ria de refer\u00e8ncia es dona publicitat a la subvenci\u00f3 atorgada mitjan\u00e7ant la inserci\u00f3 d&#8217;este anunci en la WEB Municipal \u2013 \u00faltimes not\u00edcies- i en l&#8217;\u00c0rea d&#8217;Igualtat, en la Seu Electr\u00f2nica, Tauler d&#8217;anuncis i en el Portal de Transpar\u00e8ncia- Ajudes i Subvencions.<br><\/p>\n\n\n\n<p class=\"wp-block-paragraph\">A Sant Joan d&#8217;Alacant en la data de la firma electr\u00f2nica<br><\/p>\n\n\n\n<p class=\"has-text-align-center wp-block-paragraph\">El Regidor Delegat d&#8217;Igualtat<\/p>\n","protected":false},"excerpt":{"rendered":"<p>Per Decret de la Sra. Diputada de Benestar Social i Igualtat n\u00fam. 0962 de data 5 de mar\u00e7 de 2026, pel qual es convoquen subvencions a Ajuntaments i Entitats d&#8217;\u00e0mbit [&hellip;]<\/p>\n","protected":false},"author":19,"featured_media":135695,"comment_status":"closed","ping_status":"open","sticky":false,"template":"","format":"standard","meta":{"_acf_changed":false,"rs_blank_template":"","rs_page_bg_color":"","slide_template_v7":"","footnotes":""},"categories":[961],"tags":[],"areas":[1003],"class_list":["post-135693","post","type-post","status-publish","format-standard","has-post-thumbnail","hentry","category-igualtat","areas-igualdad-ca"],"acf":[],"yoast_head":"<!-- This site is optimized with the Yoast SEO plugin v28.2 - https:\/\/yoast.com\/product\/yoast-seo-wordpress\/ -->\n<title>Anuncie atorgament subvenci\u00f3 per a l&#039;elaboraci\u00f3 i avaluaci\u00f3 de plans d&#039;igualtat de g\u00e8nere, anualitat 2026. - Sant Joan d&#039;Alacant<\/title>\n<meta name=\"robots\" content=\"index, follow, max-snippet:-1, max-image-preview:large, max-video-preview:-1\" \/>\n<link rel=\"canonical\" href=\"https:\/\/www.santjoandalacant.es\/ca\/anuncio-otorgamiento-subvencion-para-la-elaboracion-y-evaluacion-de-planes-de-igualdad-de-genero-anualidad-2026\/\" \/>\n<meta property=\"og:locale\" content=\"en_US\" \/>\n<meta property=\"og:type\" content=\"article\" \/>\n<meta property=\"og:title\" content=\"Anuncie atorgament subvenci\u00f3 per a l&#039;elaboraci\u00f3 i avaluaci\u00f3 de plans d&#039;igualtat de g\u00e8nere, anualitat 2026. - Sant Joan d&#039;Alacant\" \/>\n<meta property=\"og:description\" content=\"Per Decret de la Sra. Diputada de Benestar Social i Igualtat n\u00fam. 0962 de data 5 de mar\u00e7 de 2026, pel qual es convoquen subvencions a Ajuntaments i Entitats d&#8217;\u00e0mbit [&hellip;]\" \/>\n<meta property=\"og:url\" content=\"https:\/\/www.santjoandalacant.es\/ca\/anuncio-otorgamiento-subvencion-para-la-elaboracion-y-evaluacion-de-planes-de-igualdad-de-genero-anualidad-2026\/\" \/>\n<meta property=\"og:site_name\" content=\"Sant Joan d&#039;Alacant\" \/>\n<meta property=\"article:publisher\" content=\"https:\/\/www.facebook.com\/santjoandalacant\/\" \/>\n<meta property=\"article:published_time\" content=\"2026-09-04T08:47:56+00:00\" \/>\n<meta property=\"article:modified_time\" content=\"2026-09-04T08:55:47+00:00\" \/>\n<meta property=\"og:image\" content=\"https:\/\/www.santjoandalacant.es\/wp-content\/uploads\/2026\/09\/IMAGEN-II-PLAN-DE-IGUALDAD.jpg\" \/>\n\t<meta property=\"og:image:width\" content=\"2481\" \/>\n\t<meta property=\"og:image:height\" content=\"1539\" \/>\n\t<meta property=\"og:image:type\" content=\"image\/jpeg\" \/>\n<meta name=\"author\" content=\"Mari Carmen Fern\u00e1ndez\" \/>\n<meta name=\"twitter:card\" content=\"summary_large_image\" \/>\n<meta name=\"twitter:label1\" content=\"Written by\" \/>\n\t<meta name=\"twitter:data1\" content=\"Mari Carmen Fern\u00e1ndez\" \/>\n\t<meta name=\"twitter:label2\" content=\"Est. reading time\" \/>\n\t<meta name=\"twitter:data2\" content=\"3 minutes\" \/>\n<script type=\"application\/ld+json\" class=\"yoast-schema-graph\">{\"@context\":\"https:\\\/\\\/schema.org\",\"@graph\":[{\"@type\":\"Article\",\"@id\":\"https:\\\/\\\/www.santjoandalacant.es\\\/ca\\\/anuncio-otorgamiento-subvencion-para-la-elaboracion-y-evaluacion-de-planes-de-igualdad-de-genero-anualidad-2026\\\/#article\",\"isPartOf\":{\"@id\":\"https:\\\/\\\/www.santjoandalacant.es\\\/ca\\\/anuncio-otorgamiento-subvencion-para-la-elaboracion-y-evaluacion-de-planes-de-igualdad-de-genero-anualidad-2026\\\/\"},\"author\":{\"name\":\"Mari Carmen Fern\u00e1ndez\",\"@id\":\"https:\\\/\\\/www.santjoandalacant.es\\\/ca\\\/#\\\/schema\\\/person\\\/74946408936e6d0f33bc677e52d8e35b\"},\"headline\":\"Anuncie atorgament subvenci\u00f3 per a l&#8217;elaboraci\u00f3 i avaluaci\u00f3 de plans d&#8217;igualtat de g\u00e8nere, anualitat 2026.\",\"datePublished\":\"2026-09-04T08:47:56+00:00\",\"dateModified\":\"2026-09-04T08:55:47+00:00\",\"mainEntityOfPage\":{\"@id\":\"https:\\\/\\\/www.santjoandalacant.es\\\/ca\\\/anuncio-otorgamiento-subvencion-para-la-elaboracion-y-evaluacion-de-planes-de-igualdad-de-genero-anualidad-2026\\\/\"},\"wordCount\":406,\"publisher\":{\"@id\":\"https:\\\/\\\/www.santjoandalacant.es\\\/ca\\\/#organization\"},\"image\":{\"@id\":\"https:\\\/\\\/www.santjoandalacant.es\\\/ca\\\/anuncio-otorgamiento-subvencion-para-la-elaboracion-y-evaluacion-de-planes-de-igualdad-de-genero-anualidad-2026\\\/#primaryimage\"},\"thumbnailUrl\":\"https:\\\/\\\/www.santjoandalacant.es\\\/wp-content\\\/uploads\\\/2026\\\/09\\\/IMAGEN-II-PLAN-DE-IGUALDAD.jpg\",\"articleSection\":[\"Igualtat\"],\"inLanguage\":\"va\"},{\"@type\":\"WebPage\",\"@id\":\"https:\\\/\\\/www.santjoandalacant.es\\\/ca\\\/anuncio-otorgamiento-subvencion-para-la-elaboracion-y-evaluacion-de-planes-de-igualdad-de-genero-anualidad-2026\\\/\",\"url\":\"https:\\\/\\\/www.santjoandalacant.es\\\/ca\\\/anuncio-otorgamiento-subvencion-para-la-elaboracion-y-evaluacion-de-planes-de-igualdad-de-genero-anualidad-2026\\\/\",\"name\":\"Anuncie atorgament subvenci\u00f3 per a l'elaboraci\u00f3 i avaluaci\u00f3 de plans d'igualtat de g\u00e8nere, anualitat 2026. - Sant Joan d&#039;Alacant\",\"isPartOf\":{\"@id\":\"https:\\\/\\\/www.santjoandalacant.es\\\/ca\\\/#website\"},\"primaryImageOfPage\":{\"@id\":\"https:\\\/\\\/www.santjoandalacant.es\\\/ca\\\/anuncio-otorgamiento-subvencion-para-la-elaboracion-y-evaluacion-de-planes-de-igualdad-de-genero-anualidad-2026\\\/#primaryimage\"},\"image\":{\"@id\":\"https:\\\/\\\/www.santjoandalacant.es\\\/ca\\\/anuncio-otorgamiento-subvencion-para-la-elaboracion-y-evaluacion-de-planes-de-igualdad-de-genero-anualidad-2026\\\/#primaryimage\"},\"thumbnailUrl\":\"https:\\\/\\\/www.santjoandalacant.es\\\/wp-content\\\/uploads\\\/2026\\\/09\\\/IMAGEN-II-PLAN-DE-IGUALDAD.jpg\",\"datePublished\":\"2026-09-04T08:47:56+00:00\",\"dateModified\":\"2026-09-04T08:55:47+00:00\",\"breadcrumb\":{\"@id\":\"https:\\\/\\\/www.santjoandalacant.es\\\/ca\\\/anuncio-otorgamiento-subvencion-para-la-elaboracion-y-evaluacion-de-planes-de-igualdad-de-genero-anualidad-2026\\\/#breadcrumb\"},\"inLanguage\":\"va\",\"potentialAction\":[{\"@type\":\"ReadAction\",\"target\":[\"https:\\\/\\\/www.santjoandalacant.es\\\/ca\\\/anuncio-otorgamiento-subvencion-para-la-elaboracion-y-evaluacion-de-planes-de-igualdad-de-genero-anualidad-2026\\\/\"]}]},{\"@type\":\"ImageObject\",\"inLanguage\":\"va\",\"@id\":\"https:\\\/\\\/www.santjoandalacant.es\\\/ca\\\/anuncio-otorgamiento-subvencion-para-la-elaboracion-y-evaluacion-de-planes-de-igualdad-de-genero-anualidad-2026\\\/#primaryimage\",\"url\":\"https:\\\/\\\/www.santjoandalacant.es\\\/wp-content\\\/uploads\\\/2026\\\/09\\\/IMAGEN-II-PLAN-DE-IGUALDAD.jpg\",\"contentUrl\":\"https:\\\/\\\/www.santjoandalacant.es\\\/wp-content\\\/uploads\\\/2026\\\/09\\\/IMAGEN-II-PLAN-DE-IGUALDAD.jpg\",\"width\":2481,\"height\":1539},{\"@type\":\"BreadcrumbList\",\"@id\":\"https:\\\/\\\/www.santjoandalacant.es\\\/ca\\\/anuncio-otorgamiento-subvencion-para-la-elaboracion-y-evaluacion-de-planes-de-igualdad-de-genero-anualidad-2026\\\/#breadcrumb\",\"itemListElement\":[{\"@type\":\"ListItem\",\"position\":1,\"name\":\"Inicio\",\"item\":\"https:\\\/\\\/www.santjoandalacant.es\\\/ca\\\/\"},{\"@type\":\"ListItem\",\"position\":2,\"name\":\"Anuncie atorgament subvenci\u00f3 per a l&#8217;elaboraci\u00f3 i avaluaci\u00f3 de plans d&#8217;igualtat de g\u00e8nere, anualitat 2026.\"}]},{\"@type\":\"WebSite\",\"@id\":\"https:\\\/\\\/www.santjoandalacant.es\\\/ca\\\/#website\",\"url\":\"https:\\\/\\\/www.santjoandalacant.es\\\/ca\\\/\",\"name\":\"Sant Joan d'Alacant\",\"description\":\"\",\"publisher\":{\"@id\":\"https:\\\/\\\/www.santjoandalacant.es\\\/ca\\\/#organization\"},\"potentialAction\":[{\"@type\":\"SearchAction\",\"target\":{\"@type\":\"EntryPoint\",\"urlTemplate\":\"https:\\\/\\\/www.santjoandalacant.es\\\/ca\\\/?s={search_term_string}\"},\"query-input\":{\"@type\":\"PropertyValueSpecification\",\"valueRequired\":true,\"valueName\":\"search_term_string\"}}],\"inLanguage\":\"va\"},{\"@type\":\"Organization\",\"@id\":\"https:\\\/\\\/www.santjoandalacant.es\\\/ca\\\/#organization\",\"name\":\"Sant Joan d'Alacant\",\"url\":\"https:\\\/\\\/www.santjoandalacant.es\\\/ca\\\/\",\"logo\":{\"@type\":\"ImageObject\",\"inLanguage\":\"va\",\"@id\":\"https:\\\/\\\/www.santjoandalacant.es\\\/ca\\\/#\\\/schema\\\/logo\\\/image\\\/\",\"url\":\"https:\\\/\\\/www.santjoandalacant.es\\\/wp-content\\\/uploads\\\/2023\\\/08\\\/logoSJ.png\",\"contentUrl\":\"https:\\\/\\\/www.santjoandalacant.es\\\/wp-content\\\/uploads\\\/2023\\\/08\\\/logoSJ.png\",\"width\":198,\"height\":253,\"caption\":\"Sant Joan d'Alacant\"},\"image\":{\"@id\":\"https:\\\/\\\/www.santjoandalacant.es\\\/ca\\\/#\\\/schema\\\/logo\\\/image\\\/\"},\"sameAs\":[\"https:\\\/\\\/www.facebook.com\\\/santjoandalacant\\\/\",\"https:\\\/\\\/www.instagram.com\\\/santjoandalacant\\\/\",\"https:\\\/\\\/www.youtube.com\\\/user\\\/santjoandalacant\"]},{\"@type\":\"Person\",\"@id\":\"https:\\\/\\\/www.santjoandalacant.es\\\/ca\\\/#\\\/schema\\\/person\\\/74946408936e6d0f33bc677e52d8e35b\",\"name\":\"Mari Carmen Fern\u00e1ndez\",\"image\":{\"@type\":\"ImageObject\",\"inLanguage\":\"va\",\"@id\":\"https:\\\/\\\/secure.gravatar.com\\\/avatar\\\/5bf2e18485d073d333f6cab6d1604fe3b47d18588573abcc05688a96d428fe95?s=96&d=mm&r=g\",\"url\":\"https:\\\/\\\/secure.gravatar.com\\\/avatar\\\/5bf2e18485d073d333f6cab6d1604fe3b47d18588573abcc05688a96d428fe95?s=96&d=mm&r=g\",\"contentUrl\":\"https:\\\/\\\/secure.gravatar.com\\\/avatar\\\/5bf2e18485d073d333f6cab6d1604fe3b47d18588573abcc05688a96d428fe95?s=96&d=mm&r=g\",\"caption\":\"Mari Carmen Fern\u00e1ndez\"},\"url\":\"https:\\\/\\\/www.santjoandalacant.es\\\/ca\\\/author\\\/mari\\\/\"}]}<\/script>\n<!-- \/ Yoast SEO plugin. -->","yoast_head_json":{"title":"Anuncie atorgament subvenci\u00f3 per a l'elaboraci\u00f3 i avaluaci\u00f3 de plans d'igualtat de g\u00e8nere, anualitat 2026. - Sant Joan d&#039;Alacant","robots":{"index":"index","follow":"follow","max-snippet":"max-snippet:-1","max-image-preview":"max-image-preview:large","max-video-preview":"max-video-preview:-1"},"canonical":"https:\/\/www.santjoandalacant.es\/ca\/anuncio-otorgamiento-subvencion-para-la-elaboracion-y-evaluacion-de-planes-de-igualdad-de-genero-anualidad-2026\/","og_locale":"en_US","og_type":"article","og_title":"Anuncie atorgament subvenci\u00f3 per a l'elaboraci\u00f3 i avaluaci\u00f3 de plans d'igualtat de g\u00e8nere, anualitat 2026. - Sant Joan d&#039;Alacant","og_description":"Per Decret de la Sra. Diputada de Benestar Social i Igualtat n\u00fam. 0962 de data 5 de mar\u00e7 de 2026, pel qual es convoquen subvencions a Ajuntaments i Entitats d&#8217;\u00e0mbit [&hellip;]","og_url":"https:\/\/www.santjoandalacant.es\/ca\/anuncio-otorgamiento-subvencion-para-la-elaboracion-y-evaluacion-de-planes-de-igualdad-de-genero-anualidad-2026\/","og_site_name":"Sant Joan d&#039;Alacant","article_publisher":"https:\/\/www.facebook.com\/santjoandalacant\/","article_published_time":"2026-09-04T08:47:56+00:00","article_modified_time":"2026-09-04T08:55:47+00:00","og_image":[{"width":2481,"height":1539,"url":"https:\/\/www.santjoandalacant.es\/wp-content\/uploads\/2026\/09\/IMAGEN-II-PLAN-DE-IGUALDAD.jpg","type":"image\/jpeg"}],"author":"Mari Carmen Fern\u00e1ndez","twitter_card":"summary_large_image","twitter_misc":{"Written by":"Mari Carmen Fern\u00e1ndez","Est. reading time":"3 minutes"},"schema":{"@context":"https:\/\/schema.org","@graph":[{"@type":"Article","@id":"https:\/\/www.santjoandalacant.es\/ca\/anuncio-otorgamiento-subvencion-para-la-elaboracion-y-evaluacion-de-planes-de-igualdad-de-genero-anualidad-2026\/#article","isPartOf":{"@id":"https:\/\/www.santjoandalacant.es\/ca\/anuncio-otorgamiento-subvencion-para-la-elaboracion-y-evaluacion-de-planes-de-igualdad-de-genero-anualidad-2026\/"},"author":{"name":"Mari Carmen Fern\u00e1ndez","@id":"https:\/\/www.santjoandalacant.es\/ca\/#\/schema\/person\/74946408936e6d0f33bc677e52d8e35b"},"headline":"Anuncie atorgament subvenci\u00f3 per a l&#8217;elaboraci\u00f3 i avaluaci\u00f3 de plans d&#8217;igualtat de g\u00e8nere, anualitat 2026.","datePublished":"2026-09-04T08:47:56+00:00","dateModified":"2026-09-04T08:55:47+00:00","mainEntityOfPage":{"@id":"https:\/\/www.santjoandalacant.es\/ca\/anuncio-otorgamiento-subvencion-para-la-elaboracion-y-evaluacion-de-planes-de-igualdad-de-genero-anualidad-2026\/"},"wordCount":406,"publisher":{"@id":"https:\/\/www.santjoandalacant.es\/ca\/#organization"},"image":{"@id":"https:\/\/www.santjoandalacant.es\/ca\/anuncio-otorgamiento-subvencion-para-la-elaboracion-y-evaluacion-de-planes-de-igualdad-de-genero-anualidad-2026\/#primaryimage"},"thumbnailUrl":"https:\/\/www.santjoandalacant.es\/wp-content\/uploads\/2026\/09\/IMAGEN-II-PLAN-DE-IGUALDAD.jpg","articleSection":["Igualtat"],"inLanguage":"va"},{"@type":"WebPage","@id":"https:\/\/www.santjoandalacant.es\/ca\/anuncio-otorgamiento-subvencion-para-la-elaboracion-y-evaluacion-de-planes-de-igualdad-de-genero-anualidad-2026\/","url":"https:\/\/www.santjoandalacant.es\/ca\/anuncio-otorgamiento-subvencion-para-la-elaboracion-y-evaluacion-de-planes-de-igualdad-de-genero-anualidad-2026\/","name":"Anuncie atorgament subvenci\u00f3 per a l'elaboraci\u00f3 i avaluaci\u00f3 de plans d'igualtat de g\u00e8nere, anualitat 2026. - Sant Joan d&#039;Alacant","isPartOf":{"@id":"https:\/\/www.santjoandalacant.es\/ca\/#website"},"primaryImageOfPage":{"@id":"https:\/\/www.santjoandalacant.es\/ca\/anuncio-otorgamiento-subvencion-para-la-elaboracion-y-evaluacion-de-planes-de-igualdad-de-genero-anualidad-2026\/#primaryimage"},"image":{"@id":"https:\/\/www.santjoandalacant.es\/ca\/anuncio-otorgamiento-subvencion-para-la-elaboracion-y-evaluacion-de-planes-de-igualdad-de-genero-anualidad-2026\/#primaryimage"},"thumbnailUrl":"https:\/\/www.santjoandalacant.es\/wp-content\/uploads\/2026\/09\/IMAGEN-II-PLAN-DE-IGUALDAD.jpg","datePublished":"2026-09-04T08:47:56+00:00","dateModified":"2026-09-04T08:55:47+00:00","breadcrumb":{"@id":"https:\/\/www.santjoandalacant.es\/ca\/anuncio-otorgamiento-subvencion-para-la-elaboracion-y-evaluacion-de-planes-de-igualdad-de-genero-anualidad-2026\/#breadcrumb"},"inLanguage":"va","potentialAction":[{"@type":"ReadAction","target":["https:\/\/www.santjoandalacant.es\/ca\/anuncio-otorgamiento-subvencion-para-la-elaboracion-y-evaluacion-de-planes-de-igualdad-de-genero-anualidad-2026\/"]}]},{"@type":"ImageObject","inLanguage":"va","@id":"https:\/\/www.santjoandalacant.es\/ca\/anuncio-otorgamiento-subvencion-para-la-elaboracion-y-evaluacion-de-planes-de-igualdad-de-genero-anualidad-2026\/#primaryimage","url":"https:\/\/www.santjoandalacant.es\/wp-content\/uploads\/2026\/09\/IMAGEN-II-PLAN-DE-IGUALDAD.jpg","contentUrl":"https:\/\/www.santjoandalacant.es\/wp-content\/uploads\/2026\/09\/IMAGEN-II-PLAN-DE-IGUALDAD.jpg","width":2481,"height":1539},{"@type":"BreadcrumbList","@id":"https:\/\/www.santjoandalacant.es\/ca\/anuncio-otorgamiento-subvencion-para-la-elaboracion-y-evaluacion-de-planes-de-igualdad-de-genero-anualidad-2026\/#breadcrumb","itemListElement":[{"@type":"ListItem","position":1,"name":"Inicio","item":"https:\/\/www.santjoandalacant.es\/ca\/"},{"@type":"ListItem","position":2,"name":"Anuncie atorgament subvenci\u00f3 per a l&#8217;elaboraci\u00f3 i avaluaci\u00f3 de plans d&#8217;igualtat de g\u00e8nere, anualitat 2026."}]},{"@type":"WebSite","@id":"https:\/\/www.santjoandalacant.es\/ca\/#website","url":"https:\/\/www.santjoandalacant.es\/ca\/","name":"Sant Joan d'Alacant","description":"","publisher":{"@id":"https:\/\/www.santjoandalacant.es\/ca\/#organization"},"potentialAction":[{"@type":"SearchAction","target":{"@type":"EntryPoint","urlTemplate":"https:\/\/www.santjoandalacant.es\/ca\/?s={search_term_string}"},"query-input":{"@type":"PropertyValueSpecification","valueRequired":true,"valueName":"search_term_string"}}],"inLanguage":"va"},{"@type":"Organization","@id":"https:\/\/www.santjoandalacant.es\/ca\/#organization","name":"Sant Joan d'Alacant","url":"https:\/\/www.santjoandalacant.es\/ca\/","logo":{"@type":"ImageObject","inLanguage":"va","@id":"https:\/\/www.santjoandalacant.es\/ca\/#\/schema\/logo\/image\/","url":"https:\/\/www.santjoandalacant.es\/wp-content\/uploads\/2023\/08\/logoSJ.png","contentUrl":"https:\/\/www.santjoandalacant.es\/wp-content\/uploads\/2023\/08\/logoSJ.png","width":198,"height":253,"caption":"Sant Joan d'Alacant"},"image":{"@id":"https:\/\/www.santjoandalacant.es\/ca\/#\/schema\/logo\/image\/"},"sameAs":["https:\/\/www.facebook.com\/santjoandalacant\/","https:\/\/www.instagram.com\/santjoandalacant\/","https:\/\/www.youtube.com\/user\/santjoandalacant"]},{"@type":"Person","@id":"https:\/\/www.santjoandalacant.es\/ca\/#\/schema\/person\/74946408936e6d0f33bc677e52d8e35b","name":"Mari Carmen Fern\u00e1ndez","image":{"@type":"ImageObject","inLanguage":"va","@id":"https:\/\/secure.gravatar.com\/avatar\/5bf2e18485d073d333f6cab6d1604fe3b47d18588573abcc05688a96d428fe95?s=96&d=mm&r=g","url":"https:\/\/secure.gravatar.com\/avatar\/5bf2e18485d073d333f6cab6d1604fe3b47d18588573abcc05688a96d428fe95?s=96&d=mm&r=g","contentUrl":"https:\/\/secure.gravatar.com\/avatar\/5bf2e18485d073d333f6cab6d1604fe3b47d18588573abcc05688a96d428fe95?s=96&d=mm&r=g","caption":"Mari Carmen Fern\u00e1ndez"},"url":"https:\/\/www.santjoandalacant.es\/ca\/author\/mari\/"}]}},"_links":{"self":[{"href":"https:\/\/www.santjoandalacant.es\/ca\/wp-json\/wp\/v2\/posts\/135693","targetHints":{"allow":["GET"]}}],"collection":[{"href":"https:\/\/www.santjoandalacant.es\/ca\/wp-json\/wp\/v2\/posts"}],"about":[{"href":"https:\/\/www.santjoandalacant.es\/ca\/wp-json\/wp\/v2\/types\/post"}],"author":[{"embeddable":true,"href":"https:\/\/www.santjoandalacant.es\/ca\/wp-json\/wp\/v2\/users\/19"}],"replies":[{"embeddable":true,"href":"https:\/\/www.santjoandalacant.es\/ca\/wp-json\/wp\/v2\/comments?post=135693"}],"version-history":[{"count":2,"href":"https:\/\/www.santjoandalacant.es\/ca\/wp-json\/wp\/v2\/posts\/135693\/revisions"}],"predecessor-version":[{"id":135702,"href":"https:\/\/www.santjoandalacant.es\/ca\/wp-json\/wp\/v2\/posts\/135693\/revisions\/135702"}],"wp:featuredmedia":[{"embeddable":true,"href":"https:\/\/www.santjoandalacant.es\/ca\/wp-json\/wp\/v2\/media\/135695"}],"wp:attachment":[{"href":"https:\/\/www.santjoandalacant.es\/ca\/wp-json\/wp\/v2\/media?parent=135693"}],"wp:term":[{"taxonomy":"category","embeddable":true,"href":"https:\/\/www.santjoandalacant.es\/ca\/wp-json\/wp\/v2\/categories?post=135693"},{"taxonomy":"post_tag","embeddable":true,"href":"https:\/\/www.santjoandalacant.es\/ca\/wp-json\/wp\/v2\/tags?post=135693"},{"taxonomy":"areas","embeddable":true,"href":"https:\/\/www.santjoandalacant.es\/ca\/wp-json\/wp\/v2\/areas?post=135693"}],"curies":[{"name":"wp","href":"https:\/\/api.w.org\/{rel}","templated":true}]}}