{"id":135734,"date":"2026-09-04T17:23:19","date_gmt":"2026-09-04T15:23:19","guid":{"rendered":"https:\/\/www.santjoandalacant.es\/lajuntament-de-sant-joan-i-el-col%c2%b7lectiu-fester-sunixen-i-posen-en-marxa-una-campanya-de-prevencio-del-consum-dalcohol-en-menors\/"},"modified":"2026-09-04T17:37:01","modified_gmt":"2026-09-04T15:37:01","slug":"lajuntament-de-sant-joan-i-el-col%c2%b7lectiu-fester-sunixen-i-posen-en-marxa-una-campanya-de-prevencio-del-consum-dalcohol-en-menors","status":"publish","type":"post","link":"https:\/\/www.santjoandalacant.es\/ca\/lajuntament-de-sant-joan-i-el-col%c2%b7lectiu-fester-sunixen-i-posen-en-marxa-una-campanya-de-prevencio-del-consum-dalcohol-en-menors\/","title":{"rendered":"L&#8217;Ajuntament de Sant Joan i el col\u00b7lectiu fester s&#8217;unixen i posen en marxa una campanya de prevenci\u00f3 del consum d&#8217;alcohol en menors"},"content":{"rendered":"\n<p class=\"wp-block-paragraph\"><strong><em>La iniciativa impulsada per la Regidoria de Sanitat, amb el lema \u2018Amb cap + festa\u2019, t\u00e9 com a objectiu protegir els menors i conscienciar a les fam\u00edlies<\/em><\/strong><\/p>\n\n<p class=\"wp-block-paragraph\">L&#8217;Ajuntament de Sant Joan d&#8217;Alacant i el col\u00b7lectiu fester local han unit forces, de manera coordinada, per a posar en marxa la I Campanya de Prevenci\u00f3 del Consum d&#8217;Alcohol en Persones Menors d&#8217;Edat durant la celebraci\u00f3 de les Festes del Cristo 2026. A trav\u00e9s del lema \u2018Amb cap + festa\u2019, els impulsors d&#8217;esta campanya volen que les Festes Majors de Sant Joan d&#8217;Alacant 2026, en honor al Sant\u00edssim Crist de la Pau, siguen el major espai de conviv\u00e8ncia, alegria i tradici\u00f3 de Sant Joan.<br\/><\/p>\n\n<p class=\"wp-block-paragraph\">Per a donar a con\u00e9ixer totes les caracter\u00edstiques d&#8217;esta campanya, este mat\u00ed ha tingut lloc una roda de premsa a l&#8217;ajuntament, en un acte on han intervingut la regidora de Sanitat, Julia Parra; el regidor de Joventut, David Aracil; el regidor de Seguretat, Nicolas L\u00f3pez; la t\u00e8cnica municipal de Sanitat, Sonia Mira; la representant de la Junta de Penyes, Ana Ram\u00f3n; i Alejandro L\u00f3pez, en representaci\u00f3 de la Comissi\u00f3 de Festes del Sant\u00edssim Crist de la Pau. A m\u00e9s, han assistit les Reines i Dames de les Festes del Cristo 2026.<br\/><\/p>\n\n<p class=\"wp-block-paragraph\">La regidora de Sanitat, <strong>Julia Parra<\/strong> ha explicat que, \u201cper primera vegada, l&#8217;Ajuntament de Sant Joan d&#8217;Alacant i el col\u00b7lectiu fester unim forces de manera coordinada per a posar en marxa la I Campanya de Prevenci\u00f3 del Consum d&#8217;Alcohol en Persones Menors d&#8217;Edat durant les Festes Majors, amb el lema \u2018Amb cap + Festa\u2019. Les nostres festes majors s\u00f3n el major espai de conviv\u00e8ncia, alegria i tradici\u00f3 de Sant Joan. Volem que continuen sent-ho per a tots, per\u00f2 especialment per als nostres j\u00f3vens. No obstant aix\u00f2, perqu\u00e8 siguen unes verdaderes festes de gaudi, hem de garantir un entorn segur, saludable i lliure de riscos per a la inf\u00e0ncia i l&#8217;adolesc\u00e8ncia\u201d.<\/p>\n\n<p class=\"wp-block-paragraph\">Esta iniciativa naix en les Festes del Cristo i es dirigix especialment a l&#8217;adolesc\u00e8ncia en tractar-se d&#8217;una etapa d&#8217;especial vulnerabilitat. . \u201cFactors com la pressi\u00f3 del grup d&#8217;iguals, la busca de noves experi\u00e8ncies i una baixa percepci\u00f3 del risc faciliten l&#8217;inici en el consum de subst\u00e0ncies. Durant les festes, estos riscos s&#8217;intensifiquen a causa d&#8217;una major disponibilitat de begudes alcoh\u00f2liques i a una permissivitat social incrementada\u201d, assegura Julia Parra.<br\/><\/p>\n\n<figure class=\"wp-block-image size-large\"><img fetchpriority=\"high\" decoding=\"async\" width=\"1024\" height=\"682\" src=\"https:\/\/www.santjoandalacant.es\/wp-content\/uploads\/2026\/09\/CAMPANA-PREVENCION-CONSUMO-ALCOHOL-FIESTAS-2026-SANT-JOAN-1-1-1024x682.jpeg\" alt=\"\" class=\"wp-image-135727\" srcset=\"https:\/\/www.santjoandalacant.es\/wp-content\/uploads\/2026\/09\/CAMPANA-PREVENCION-CONSUMO-ALCOHOL-FIESTAS-2026-SANT-JOAN-1-1-1024x682.jpeg 1024w, https:\/\/www.santjoandalacant.es\/wp-content\/uploads\/2026\/09\/CAMPANA-PREVENCION-CONSUMO-ALCOHOL-FIESTAS-2026-SANT-JOAN-1-1-300x200.jpeg 300w, https:\/\/www.santjoandalacant.es\/wp-content\/uploads\/2026\/09\/CAMPANA-PREVENCION-CONSUMO-ALCOHOL-FIESTAS-2026-SANT-JOAN-1-1-768x512.jpeg 768w, https:\/\/www.santjoandalacant.es\/wp-content\/uploads\/2026\/09\/CAMPANA-PREVENCION-CONSUMO-ALCOHOL-FIESTAS-2026-SANT-JOAN-1-1.jpeg 1280w\" sizes=\"(max-width: 1024px) 100vw, 1024px\" \/><\/figure>\n\n<p class=\"wp-block-paragraph\">Les dades obliguen a actuar amb fermesa i de manera primerenca. A Espanya, l&#8217;edat mitjana d&#8217;inici en el consum se situa en els 13,9 anys, tant en xics com en xiques. Altres estudis parlen d&#8217;un inici m\u00e9s preco\u00e7, amb 12 o 13 anys, o fins i tot entorn dels 11 anys. Segons l&#8217;estudi Estudes 2023, el 73,3% dels estudiants de 14 a 18 anys ha provat l&#8217;alcohol alguna vegada i el 28,2% reconeix haver realitzat consums en fartada (binge drinking). I cosa que \u00e9s m\u00e9s alarmant, el 92,9% dels menors considera f\u00e0cil o molt f\u00e0cil aconseguir alcohol.<br\/><\/p>\n\n<p class=\"wp-block-paragraph\">A m\u00e9s, este projecte ha sigut seleccionat a nivell nacional per a rebre l&#8217;ajuda RECS-EPSP 2026-2027 del Ministeri de Sanitat, en el marc de la seua L\u00ednia Priorit\u00e0ria d&#8217;Actuaci\u00f3 5, destinada al refor\u00e7 del treball intersectorial per a la prevenci\u00f3 del consum d&#8217;alcohol amb especial \u00e8mfasi en la joventut. \u201cEste reconeixement nacional corrobora una cosa fonamental: la prevenci\u00f3 no \u00e9s una tasca a\u00efllada de l&#8217;Ajuntament, ni de la Policia, ni de les penyes. \u00c9s un treball en equip entre tota la societat civil i institucional\u201d, ha comentat Parra, qui ha afegit que des de la Unitat de Comunit\u00e0ria Prevenci\u00f3 d&#8217;Addiccions de Sant Joan d&#8217;Alacant es treballa en la prevenci\u00f3 d&#8217;addiccions des de l&#8217;any 2008, sent el seu col\u00b7lectiu prioritari d&#8217;intervenci\u00f3 les persones menors de 18 anys i les seues fam\u00edlies.<br\/><\/p>\n\n<p class=\"wp-block-paragraph\">Des de la Regidoria de Seguretat, el seu responsable, l&#8217;edil <strong>Nicol\u00e1s L\u00f3pez<\/strong>, ha destacat que cal posar \u201ctots els mitjans perqu\u00e8 l&#8217;alcohol no es convertisca en protagonista negatiu de les festes. I per aix\u00f2 actuarem des de la prevenci\u00f3, la pres\u00e8ncia policial i la coordinaci\u00f3 entre diferents cossos de seguretat, com a Policia Local, Gu\u00e0rdia Civil i Protecci\u00f3 Civil\u201d. Per part seua, el regidor de Joventut, <strong>David Aracil,<\/strong> ha destacat \u201cel treball de coordinaci\u00f3 realitzat amb anterioritat des de diferents departaments i la conscienciaci\u00f3 entre menors que l&#8217;alcohol no \u00e9s bo\u201d. I per a aix\u00f2, des del Consell Local d&#8217;Inf\u00e0ncia i Adolesc\u00e8ncia (CLIA) es treballar\u00e0 el pr\u00f2xim curs en mat\u00e8ries com la prevenci\u00f3 del consum de l&#8217;alcohol, un treball que es prolongar\u00e0 tot l&#8217;any\u201d.<\/p>\n\n<p class=\"wp-block-paragraph\"> La t\u00e8cnica de Sanitat, <strong>Sonia Mira<\/strong> ha explicat les quatre l\u00ednies d&#8217;acci\u00f3 de la campanya. D&#8217;una banda, est\u00e0 la coordinaci\u00f3 municipal i la capacitaci\u00f3 del col\u00b7lectiu com a agents de salut. Per a aix\u00f2 s&#8217;ha creat una Comissi\u00f3 Mixta que involucra a les regidories de Sanitat, Festes, Seguretat Ciutadana, Joventut, la Junta de Penyes i la Comissi\u00f3 de Festes, a m\u00e9s d&#8217;altres entitats com la Conselleria de Sanitat, a trav\u00e9s del Departament de Salut P\u00fablica i del Centre de Salut de Sant Joan D&#8217;altra banda, la formaci\u00f3 a penyistes en mat\u00e8ria de prevenci\u00f3 d&#8217;addiccions i prevenci\u00f3 i atenci\u00f3 sobre accidents i situacions crisis, que ser\u00e0 a c\u00e0rrec d&#8217;una infermera del Centre de Salut de Sant Joan i de la t\u00e8cnica de Sanitat. La segona l\u00ednia de treball \u00e9s una campanya de conscienciaci\u00f3 i comunicaci\u00f3 social, amb cartelleria f\u00edsica i xarxes socials, on a part de la cartelleria oficial de la campanya es repartiran per comer\u00e7os i establiments d&#8217;hostaleria una cartelleria especifica que ens recorda que \u201cla no dispensaci\u00f3 d&#8217;alcohol a menors sempre t\u00e9 un sentit protector\u201d.<br\/><br\/><\/p>\n\n<p class=\"wp-block-paragraph\">La tercera l\u00ednia es basa en la pres\u00e8ncia a peu de carrer amb els \u2018Punts de Salut\u2019, atesos per dos t\u00e8cniques de prevenci\u00f3 d&#8217;addiccions i coordinats amb la Policia Local, punts que oferiran servicis d&#8217;assessorament directe i din\u00e0miques preventives amb lliurament de marxandatge en esdeveniments multitudinaris com el Dia de les Paelles i els concerts de festes en la Pla\u00e7a L\u2019Ordana. I la quarta l\u00ednia, centrada en el seguiment del compliment de la llei. \u201cEs tracta d&#8217;una responsabilitat compartida, on els penyistes vetlaran pel compliment en els espais propis de les penyes, mentres que la Policia Local realitzar\u00e0 les inspeccions formals pertinents. Tant en penyes com en barres de recintes festers s&#8217;instal\u00b7lar\u00e0 el cartell que recorda la prohibici\u00f3 legal de dispensar alcohol a menors amb la finalitat d&#8217;assegurar que no se servisca alcohol a este col\u00b7lectiu\u201d, ha afegit la t\u00e8cnica de Sanitat.<br\/><br\/><\/p>\n\n<figure class=\"wp-block-image size-large\"><img decoding=\"async\" width=\"1024\" height=\"682\" src=\"https:\/\/www.santjoandalacant.es\/wp-content\/uploads\/2026\/09\/CAMPANA-PREVENCION-CONSUMO-ALCOHOL-FIESTAS-2026-SANT-JOAN-2-1-1024x682.jpeg\" alt=\"\" class=\"wp-image-135728\" srcset=\"https:\/\/www.santjoandalacant.es\/wp-content\/uploads\/2026\/09\/CAMPANA-PREVENCION-CONSUMO-ALCOHOL-FIESTAS-2026-SANT-JOAN-2-1-1024x682.jpeg 1024w, https:\/\/www.santjoandalacant.es\/wp-content\/uploads\/2026\/09\/CAMPANA-PREVENCION-CONSUMO-ALCOHOL-FIESTAS-2026-SANT-JOAN-2-1-300x200.jpeg 300w, https:\/\/www.santjoandalacant.es\/wp-content\/uploads\/2026\/09\/CAMPANA-PREVENCION-CONSUMO-ALCOHOL-FIESTAS-2026-SANT-JOAN-2-1-768x512.jpeg 768w, https:\/\/www.santjoandalacant.es\/wp-content\/uploads\/2026\/09\/CAMPANA-PREVENCION-CONSUMO-ALCOHOL-FIESTAS-2026-SANT-JOAN-2-1.jpeg 1280w\" sizes=\"(max-width: 1024px) 100vw, 1024px\" \/><\/figure>\n\n<p class=\"wp-block-paragraph\">Finalment, els representants de la Junta de Penyes,<strong> Ana Ram\u00f3n<\/strong>, i de la Comissi\u00f3 de Festes, <strong>Alejandro L\u00f3pez<\/strong>, en representaci\u00f3 de la Comissi\u00f3 de Festes, han manifestat que des del col\u00b7lectiu fester se sumen amb convicci\u00f3 a este projecte per diverses raons: \u201cProtegir la salut dels nostres menors, previndre conductes de risc associades, retardar l&#8217;edat d&#8217;inici del consum, complir estrictament la normativa, i implicar a tota la comunitat. La prevenci\u00f3 \u00e9s efica\u00e7 si actuem units: fam\u00edlies, penyes, hostaleria, comerciants, Policia Local i servicis sanitaris\u201d.<br\/><br\/><\/p>\n\n<p class=\"wp-block-paragraph\">En definitiva, esta campanya no busca prohibir la diversi\u00f3, sin\u00f3 protegir-la. Volem que els j\u00f3vens gaudisquen de les festes de Sant Joan de manera activa, responsable i saludable. I per a aix\u00f2 fem una crida directa a les fam\u00edlies per a refor\u00e7ar la comunicaci\u00f3 a casa; a l&#8217;hostaleria i llocs festius per a mantindre la m\u00e0xima responsabilitat en la no venda a menors; als festers adults per a ser un exemple de conducta; i als propis j\u00f3vens per a cuidar de si mateixos i dels seus amics.<\/p>\n","protected":false},"excerpt":{"rendered":"<p>La iniciativa impulsada per la Regidoria de Sanitat, amb el lema \u2018Amb cap + festa\u2019, t\u00e9 com a objectiu protegir els menors i conscienciar a les fam\u00edlies L&#8217;Ajuntament de Sant [&hellip;]<\/p>\n","protected":false},"author":21,"featured_media":135733,"comment_status":"closed","ping_status":"open","sticky":false,"template":"","format":"standard","meta":{"_acf_changed":false,"rs_blank_template":"","rs_page_bg_color":"","slide_template_v7":"","footnotes":""},"categories":[979],"tags":[],"areas":[1001,1012,1032],"class_list":["post-135734","post","type-post","status-publish","format-standard","has-post-thumbnail","hentry","category-sanitat","areas-fiestas-ca","areas-sanidad-ca","areas-z-home-ca"],"acf":[],"yoast_head":"<!-- This site is optimized with the Yoast SEO plugin v28.2 - https:\/\/yoast.com\/product\/yoast-seo-wordpress\/ -->\n<title>L&#039;Ajuntament de Sant Joan i el col\u00b7lectiu fester s&#039;unixen i posen en marxa una campanya de prevenci\u00f3 del consum d&#039;alcohol en menors - Sant Joan d&#039;Alacant<\/title>\n<meta name=\"robots\" content=\"index, follow, max-snippet:-1, max-image-preview:large, max-video-preview:-1\" \/>\n<link rel=\"canonical\" href=\"https:\/\/www.santjoandalacant.es\/ca\/lajuntament-de-sant-joan-i-el-col%c2%b7lectiu-fester-sunixen-i-posen-en-marxa-una-campanya-de-prevencio-del-consum-dalcohol-en-menors\/\" \/>\n<meta property=\"og:locale\" content=\"en_US\" \/>\n<meta property=\"og:type\" content=\"article\" \/>\n<meta property=\"og:title\" content=\"L&#039;Ajuntament de Sant Joan i el col\u00b7lectiu fester s&#039;unixen i posen en marxa una campanya de prevenci\u00f3 del consum d&#039;alcohol en menors - Sant Joan d&#039;Alacant\" \/>\n<meta property=\"og:description\" content=\"La iniciativa impulsada per la Regidoria de Sanitat, amb el lema \u2018Amb cap + festa\u2019, t\u00e9 com a objectiu protegir els menors i conscienciar a les fam\u00edlies L&#8217;Ajuntament de Sant [&hellip;]\" \/>\n<meta property=\"og:url\" content=\"https:\/\/www.santjoandalacant.es\/ca\/lajuntament-de-sant-joan-i-el-col%c2%b7lectiu-fester-sunixen-i-posen-en-marxa-una-campanya-de-prevencio-del-consum-dalcohol-en-menors\/\" \/>\n<meta property=\"og:site_name\" content=\"Sant Joan d&#039;Alacant\" \/>\n<meta property=\"article:publisher\" content=\"https:\/\/www.facebook.com\/santjoandalacant\/\" \/>\n<meta property=\"article:published_time\" content=\"2026-09-04T15:23:19+00:00\" \/>\n<meta property=\"article:modified_time\" content=\"2026-09-04T15:37:01+00:00\" \/>\n<meta property=\"og:image\" content=\"https:\/\/www.santjoandalacant.es\/wp-content\/uploads\/2026\/09\/CAMPANA-PREVENCION-CONSUMO-ALCOHOL-FIESTAS-2026-SANT-JOAN-3-1.jpeg\" \/>\n\t<meta property=\"og:image:width\" content=\"1280\" \/>\n\t<meta property=\"og:image:height\" content=\"853\" \/>\n\t<meta property=\"og:image:type\" content=\"image\/jpeg\" \/>\n<meta name=\"author\" content=\"Jos\u00e9 Manuel Caturla\" \/>\n<meta name=\"twitter:card\" content=\"summary_large_image\" \/>\n<meta name=\"twitter:label1\" content=\"Written by\" \/>\n\t<meta name=\"twitter:data1\" content=\"Jos\u00e9 Manuel Caturla\" \/>\n\t<meta name=\"twitter:label2\" content=\"Est. reading time\" \/>\n\t<meta name=\"twitter:data2\" content=\"6 minutes\" \/>\n<script type=\"application\/ld+json\" class=\"yoast-schema-graph\">{\"@context\":\"https:\\\/\\\/schema.org\",\"@graph\":[{\"@type\":\"Article\",\"@id\":\"https:\\\/\\\/www.santjoandalacant.es\\\/ca\\\/lajuntament-de-sant-joan-i-el-col%c2%b7lectiu-fester-sunixen-i-posen-en-marxa-una-campanya-de-prevencio-del-consum-dalcohol-en-menors\\\/#article\",\"isPartOf\":{\"@id\":\"https:\\\/\\\/www.santjoandalacant.es\\\/ca\\\/lajuntament-de-sant-joan-i-el-col%c2%b7lectiu-fester-sunixen-i-posen-en-marxa-una-campanya-de-prevencio-del-consum-dalcohol-en-menors\\\/\"},\"author\":{\"name\":\"Jos\u00e9 Manuel Caturla\",\"@id\":\"https:\\\/\\\/www.santjoandalacant.es\\\/ca\\\/#\\\/schema\\\/person\\\/907761e2c0be67ceba22e9cbd80a8e2c\"},\"headline\":\"L&#8217;Ajuntament de Sant Joan i el col\u00b7lectiu fester s&#8217;unixen i posen en marxa una campanya de prevenci\u00f3 del consum d&#8217;alcohol en menors\",\"datePublished\":\"2026-09-04T15:23:19+00:00\",\"dateModified\":\"2026-09-04T15:37:01+00:00\",\"mainEntityOfPage\":{\"@id\":\"https:\\\/\\\/www.santjoandalacant.es\\\/ca\\\/lajuntament-de-sant-joan-i-el-col%c2%b7lectiu-fester-sunixen-i-posen-en-marxa-una-campanya-de-prevencio-del-consum-dalcohol-en-menors\\\/\"},\"wordCount\":1357,\"publisher\":{\"@id\":\"https:\\\/\\\/www.santjoandalacant.es\\\/ca\\\/#organization\"},\"image\":{\"@id\":\"https:\\\/\\\/www.santjoandalacant.es\\\/ca\\\/lajuntament-de-sant-joan-i-el-col%c2%b7lectiu-fester-sunixen-i-posen-en-marxa-una-campanya-de-prevencio-del-consum-dalcohol-en-menors\\\/#primaryimage\"},\"thumbnailUrl\":\"https:\\\/\\\/www.santjoandalacant.es\\\/wp-content\\\/uploads\\\/2026\\\/09\\\/CAMPANA-PREVENCION-CONSUMO-ALCOHOL-FIESTAS-2026-SANT-JOAN-3-1.jpeg\",\"articleSection\":[\"Sanitat\"],\"inLanguage\":\"va\"},{\"@type\":\"WebPage\",\"@id\":\"https:\\\/\\\/www.santjoandalacant.es\\\/ca\\\/lajuntament-de-sant-joan-i-el-col%c2%b7lectiu-fester-sunixen-i-posen-en-marxa-una-campanya-de-prevencio-del-consum-dalcohol-en-menors\\\/\",\"url\":\"https:\\\/\\\/www.santjoandalacant.es\\\/ca\\\/lajuntament-de-sant-joan-i-el-col%c2%b7lectiu-fester-sunixen-i-posen-en-marxa-una-campanya-de-prevencio-del-consum-dalcohol-en-menors\\\/\",\"name\":\"L'Ajuntament de Sant Joan i el col\u00b7lectiu fester s'unixen i posen en marxa una campanya de prevenci\u00f3 del consum d'alcohol en menors - Sant Joan d&#039;Alacant\",\"isPartOf\":{\"@id\":\"https:\\\/\\\/www.santjoandalacant.es\\\/ca\\\/#website\"},\"primaryImageOfPage\":{\"@id\":\"https:\\\/\\\/www.santjoandalacant.es\\\/ca\\\/lajuntament-de-sant-joan-i-el-col%c2%b7lectiu-fester-sunixen-i-posen-en-marxa-una-campanya-de-prevencio-del-consum-dalcohol-en-menors\\\/#primaryimage\"},\"image\":{\"@id\":\"https:\\\/\\\/www.santjoandalacant.es\\\/ca\\\/lajuntament-de-sant-joan-i-el-col%c2%b7lectiu-fester-sunixen-i-posen-en-marxa-una-campanya-de-prevencio-del-consum-dalcohol-en-menors\\\/#primaryimage\"},\"thumbnailUrl\":\"https:\\\/\\\/www.santjoandalacant.es\\\/wp-content\\\/uploads\\\/2026\\\/09\\\/CAMPANA-PREVENCION-CONSUMO-ALCOHOL-FIESTAS-2026-SANT-JOAN-3-1.jpeg\",\"datePublished\":\"2026-09-04T15:23:19+00:00\",\"dateModified\":\"2026-09-04T15:37:01+00:00\",\"breadcrumb\":{\"@id\":\"https:\\\/\\\/www.santjoandalacant.es\\\/ca\\\/lajuntament-de-sant-joan-i-el-col%c2%b7lectiu-fester-sunixen-i-posen-en-marxa-una-campanya-de-prevencio-del-consum-dalcohol-en-menors\\\/#breadcrumb\"},\"inLanguage\":\"va\",\"potentialAction\":[{\"@type\":\"ReadAction\",\"target\":[\"https:\\\/\\\/www.santjoandalacant.es\\\/ca\\\/lajuntament-de-sant-joan-i-el-col%c2%b7lectiu-fester-sunixen-i-posen-en-marxa-una-campanya-de-prevencio-del-consum-dalcohol-en-menors\\\/\"]}]},{\"@type\":\"ImageObject\",\"inLanguage\":\"va\",\"@id\":\"https:\\\/\\\/www.santjoandalacant.es\\\/ca\\\/lajuntament-de-sant-joan-i-el-col%c2%b7lectiu-fester-sunixen-i-posen-en-marxa-una-campanya-de-prevencio-del-consum-dalcohol-en-menors\\\/#primaryimage\",\"url\":\"https:\\\/\\\/www.santjoandalacant.es\\\/wp-content\\\/uploads\\\/2026\\\/09\\\/CAMPANA-PREVENCION-CONSUMO-ALCOHOL-FIESTAS-2026-SANT-JOAN-3-1.jpeg\",\"contentUrl\":\"https:\\\/\\\/www.santjoandalacant.es\\\/wp-content\\\/uploads\\\/2026\\\/09\\\/CAMPANA-PREVENCION-CONSUMO-ALCOHOL-FIESTAS-2026-SANT-JOAN-3-1.jpeg\",\"width\":1280,\"height\":853},{\"@type\":\"BreadcrumbList\",\"@id\":\"https:\\\/\\\/www.santjoandalacant.es\\\/ca\\\/lajuntament-de-sant-joan-i-el-col%c2%b7lectiu-fester-sunixen-i-posen-en-marxa-una-campanya-de-prevencio-del-consum-dalcohol-en-menors\\\/#breadcrumb\",\"itemListElement\":[{\"@type\":\"ListItem\",\"position\":1,\"name\":\"Inicio\",\"item\":\"https:\\\/\\\/www.santjoandalacant.es\\\/ca\\\/\"},{\"@type\":\"ListItem\",\"position\":2,\"name\":\"L&#8217;Ajuntament de Sant Joan i el col\u00b7lectiu fester s&#8217;unixen i posen en marxa una campanya de prevenci\u00f3 del consum d&#8217;alcohol en menors\"}]},{\"@type\":\"WebSite\",\"@id\":\"https:\\\/\\\/www.santjoandalacant.es\\\/ca\\\/#website\",\"url\":\"https:\\\/\\\/www.santjoandalacant.es\\\/ca\\\/\",\"name\":\"Sant Joan d'Alacant\",\"description\":\"\",\"publisher\":{\"@id\":\"https:\\\/\\\/www.santjoandalacant.es\\\/ca\\\/#organization\"},\"potentialAction\":[{\"@type\":\"SearchAction\",\"target\":{\"@type\":\"EntryPoint\",\"urlTemplate\":\"https:\\\/\\\/www.santjoandalacant.es\\\/ca\\\/?s={search_term_string}\"},\"query-input\":{\"@type\":\"PropertyValueSpecification\",\"valueRequired\":true,\"valueName\":\"search_term_string\"}}],\"inLanguage\":\"va\"},{\"@type\":\"Organization\",\"@id\":\"https:\\\/\\\/www.santjoandalacant.es\\\/ca\\\/#organization\",\"name\":\"Sant Joan d'Alacant\",\"url\":\"https:\\\/\\\/www.santjoandalacant.es\\\/ca\\\/\",\"logo\":{\"@type\":\"ImageObject\",\"inLanguage\":\"va\",\"@id\":\"https:\\\/\\\/www.santjoandalacant.es\\\/ca\\\/#\\\/schema\\\/logo\\\/image\\\/\",\"url\":\"https:\\\/\\\/www.santjoandalacant.es\\\/wp-content\\\/uploads\\\/2023\\\/08\\\/logoSJ.png\",\"contentUrl\":\"https:\\\/\\\/www.santjoandalacant.es\\\/wp-content\\\/uploads\\\/2023\\\/08\\\/logoSJ.png\",\"width\":198,\"height\":253,\"caption\":\"Sant Joan d'Alacant\"},\"image\":{\"@id\":\"https:\\\/\\\/www.santjoandalacant.es\\\/ca\\\/#\\\/schema\\\/logo\\\/image\\\/\"},\"sameAs\":[\"https:\\\/\\\/www.facebook.com\\\/santjoandalacant\\\/\",\"https:\\\/\\\/www.instagram.com\\\/santjoandalacant\\\/\",\"https:\\\/\\\/www.youtube.com\\\/user\\\/santjoandalacant\"]},{\"@type\":\"Person\",\"@id\":\"https:\\\/\\\/www.santjoandalacant.es\\\/ca\\\/#\\\/schema\\\/person\\\/907761e2c0be67ceba22e9cbd80a8e2c\",\"name\":\"Jos\u00e9 Manuel Caturla\",\"image\":{\"@type\":\"ImageObject\",\"inLanguage\":\"va\",\"@id\":\"https:\\\/\\\/secure.gravatar.com\\\/avatar\\\/460f045fb845583f96492fcde4764b6cca856c183ba60b194cf089e011ddd2ba?s=96&d=mm&r=g\",\"url\":\"https:\\\/\\\/secure.gravatar.com\\\/avatar\\\/460f045fb845583f96492fcde4764b6cca856c183ba60b194cf089e011ddd2ba?s=96&d=mm&r=g\",\"contentUrl\":\"https:\\\/\\\/secure.gravatar.com\\\/avatar\\\/460f045fb845583f96492fcde4764b6cca856c183ba60b194cf089e011ddd2ba?s=96&d=mm&r=g\",\"caption\":\"Jos\u00e9 Manuel Caturla\"},\"url\":\"https:\\\/\\\/www.santjoandalacant.es\\\/ca\\\/author\\\/caturla\\\/\"}]}<\/script>\n<!-- \/ Yoast SEO plugin. -->","yoast_head_json":{"title":"L'Ajuntament de Sant Joan i el col\u00b7lectiu fester s'unixen i posen en marxa una campanya de prevenci\u00f3 del consum d'alcohol en menors - Sant Joan d&#039;Alacant","robots":{"index":"index","follow":"follow","max-snippet":"max-snippet:-1","max-image-preview":"max-image-preview:large","max-video-preview":"max-video-preview:-1"},"canonical":"https:\/\/www.santjoandalacant.es\/ca\/lajuntament-de-sant-joan-i-el-col%c2%b7lectiu-fester-sunixen-i-posen-en-marxa-una-campanya-de-prevencio-del-consum-dalcohol-en-menors\/","og_locale":"en_US","og_type":"article","og_title":"L'Ajuntament de Sant Joan i el col\u00b7lectiu fester s'unixen i posen en marxa una campanya de prevenci\u00f3 del consum d'alcohol en menors - Sant Joan d&#039;Alacant","og_description":"La iniciativa impulsada per la Regidoria de Sanitat, amb el lema \u2018Amb cap + festa\u2019, t\u00e9 com a objectiu protegir els menors i conscienciar a les fam\u00edlies L&#8217;Ajuntament de Sant [&hellip;]","og_url":"https:\/\/www.santjoandalacant.es\/ca\/lajuntament-de-sant-joan-i-el-col%c2%b7lectiu-fester-sunixen-i-posen-en-marxa-una-campanya-de-prevencio-del-consum-dalcohol-en-menors\/","og_site_name":"Sant Joan d&#039;Alacant","article_publisher":"https:\/\/www.facebook.com\/santjoandalacant\/","article_published_time":"2026-09-04T15:23:19+00:00","article_modified_time":"2026-09-04T15:37:01+00:00","og_image":[{"width":1280,"height":853,"url":"https:\/\/www.santjoandalacant.es\/wp-content\/uploads\/2026\/09\/CAMPANA-PREVENCION-CONSUMO-ALCOHOL-FIESTAS-2026-SANT-JOAN-3-1.jpeg","type":"image\/jpeg"}],"author":"Jos\u00e9 Manuel Caturla","twitter_card":"summary_large_image","twitter_misc":{"Written by":"Jos\u00e9 Manuel Caturla","Est. reading time":"6 minutes"},"schema":{"@context":"https:\/\/schema.org","@graph":[{"@type":"Article","@id":"https:\/\/www.santjoandalacant.es\/ca\/lajuntament-de-sant-joan-i-el-col%c2%b7lectiu-fester-sunixen-i-posen-en-marxa-una-campanya-de-prevencio-del-consum-dalcohol-en-menors\/#article","isPartOf":{"@id":"https:\/\/www.santjoandalacant.es\/ca\/lajuntament-de-sant-joan-i-el-col%c2%b7lectiu-fester-sunixen-i-posen-en-marxa-una-campanya-de-prevencio-del-consum-dalcohol-en-menors\/"},"author":{"name":"Jos\u00e9 Manuel Caturla","@id":"https:\/\/www.santjoandalacant.es\/ca\/#\/schema\/person\/907761e2c0be67ceba22e9cbd80a8e2c"},"headline":"L&#8217;Ajuntament de Sant Joan i el col\u00b7lectiu fester s&#8217;unixen i posen en marxa una campanya de prevenci\u00f3 del consum d&#8217;alcohol en menors","datePublished":"2026-09-04T15:23:19+00:00","dateModified":"2026-09-04T15:37:01+00:00","mainEntityOfPage":{"@id":"https:\/\/www.santjoandalacant.es\/ca\/lajuntament-de-sant-joan-i-el-col%c2%b7lectiu-fester-sunixen-i-posen-en-marxa-una-campanya-de-prevencio-del-consum-dalcohol-en-menors\/"},"wordCount":1357,"publisher":{"@id":"https:\/\/www.santjoandalacant.es\/ca\/#organization"},"image":{"@id":"https:\/\/www.santjoandalacant.es\/ca\/lajuntament-de-sant-joan-i-el-col%c2%b7lectiu-fester-sunixen-i-posen-en-marxa-una-campanya-de-prevencio-del-consum-dalcohol-en-menors\/#primaryimage"},"thumbnailUrl":"https:\/\/www.santjoandalacant.es\/wp-content\/uploads\/2026\/09\/CAMPANA-PREVENCION-CONSUMO-ALCOHOL-FIESTAS-2026-SANT-JOAN-3-1.jpeg","articleSection":["Sanitat"],"inLanguage":"va"},{"@type":"WebPage","@id":"https:\/\/www.santjoandalacant.es\/ca\/lajuntament-de-sant-joan-i-el-col%c2%b7lectiu-fester-sunixen-i-posen-en-marxa-una-campanya-de-prevencio-del-consum-dalcohol-en-menors\/","url":"https:\/\/www.santjoandalacant.es\/ca\/lajuntament-de-sant-joan-i-el-col%c2%b7lectiu-fester-sunixen-i-posen-en-marxa-una-campanya-de-prevencio-del-consum-dalcohol-en-menors\/","name":"L'Ajuntament de Sant Joan i el col\u00b7lectiu fester s'unixen i posen en marxa una campanya de prevenci\u00f3 del consum d'alcohol en menors - Sant Joan d&#039;Alacant","isPartOf":{"@id":"https:\/\/www.santjoandalacant.es\/ca\/#website"},"primaryImageOfPage":{"@id":"https:\/\/www.santjoandalacant.es\/ca\/lajuntament-de-sant-joan-i-el-col%c2%b7lectiu-fester-sunixen-i-posen-en-marxa-una-campanya-de-prevencio-del-consum-dalcohol-en-menors\/#primaryimage"},"image":{"@id":"https:\/\/www.santjoandalacant.es\/ca\/lajuntament-de-sant-joan-i-el-col%c2%b7lectiu-fester-sunixen-i-posen-en-marxa-una-campanya-de-prevencio-del-consum-dalcohol-en-menors\/#primaryimage"},"thumbnailUrl":"https:\/\/www.santjoandalacant.es\/wp-content\/uploads\/2026\/09\/CAMPANA-PREVENCION-CONSUMO-ALCOHOL-FIESTAS-2026-SANT-JOAN-3-1.jpeg","datePublished":"2026-09-04T15:23:19+00:00","dateModified":"2026-09-04T15:37:01+00:00","breadcrumb":{"@id":"https:\/\/www.santjoandalacant.es\/ca\/lajuntament-de-sant-joan-i-el-col%c2%b7lectiu-fester-sunixen-i-posen-en-marxa-una-campanya-de-prevencio-del-consum-dalcohol-en-menors\/#breadcrumb"},"inLanguage":"va","potentialAction":[{"@type":"ReadAction","target":["https:\/\/www.santjoandalacant.es\/ca\/lajuntament-de-sant-joan-i-el-col%c2%b7lectiu-fester-sunixen-i-posen-en-marxa-una-campanya-de-prevencio-del-consum-dalcohol-en-menors\/"]}]},{"@type":"ImageObject","inLanguage":"va","@id":"https:\/\/www.santjoandalacant.es\/ca\/lajuntament-de-sant-joan-i-el-col%c2%b7lectiu-fester-sunixen-i-posen-en-marxa-una-campanya-de-prevencio-del-consum-dalcohol-en-menors\/#primaryimage","url":"https:\/\/www.santjoandalacant.es\/wp-content\/uploads\/2026\/09\/CAMPANA-PREVENCION-CONSUMO-ALCOHOL-FIESTAS-2026-SANT-JOAN-3-1.jpeg","contentUrl":"https:\/\/www.santjoandalacant.es\/wp-content\/uploads\/2026\/09\/CAMPANA-PREVENCION-CONSUMO-ALCOHOL-FIESTAS-2026-SANT-JOAN-3-1.jpeg","width":1280,"height":853},{"@type":"BreadcrumbList","@id":"https:\/\/www.santjoandalacant.es\/ca\/lajuntament-de-sant-joan-i-el-col%c2%b7lectiu-fester-sunixen-i-posen-en-marxa-una-campanya-de-prevencio-del-consum-dalcohol-en-menors\/#breadcrumb","itemListElement":[{"@type":"ListItem","position":1,"name":"Inicio","item":"https:\/\/www.santjoandalacant.es\/ca\/"},{"@type":"ListItem","position":2,"name":"L&#8217;Ajuntament de Sant Joan i el col\u00b7lectiu fester s&#8217;unixen i posen en marxa una campanya de prevenci\u00f3 del consum d&#8217;alcohol en menors"}]},{"@type":"WebSite","@id":"https:\/\/www.santjoandalacant.es\/ca\/#website","url":"https:\/\/www.santjoandalacant.es\/ca\/","name":"Sant Joan d'Alacant","description":"","publisher":{"@id":"https:\/\/www.santjoandalacant.es\/ca\/#organization"},"potentialAction":[{"@type":"SearchAction","target":{"@type":"EntryPoint","urlTemplate":"https:\/\/www.santjoandalacant.es\/ca\/?s={search_term_string}"},"query-input":{"@type":"PropertyValueSpecification","valueRequired":true,"valueName":"search_term_string"}}],"inLanguage":"va"},{"@type":"Organization","@id":"https:\/\/www.santjoandalacant.es\/ca\/#organization","name":"Sant Joan d'Alacant","url":"https:\/\/www.santjoandalacant.es\/ca\/","logo":{"@type":"ImageObject","inLanguage":"va","@id":"https:\/\/www.santjoandalacant.es\/ca\/#\/schema\/logo\/image\/","url":"https:\/\/www.santjoandalacant.es\/wp-content\/uploads\/2023\/08\/logoSJ.png","contentUrl":"https:\/\/www.santjoandalacant.es\/wp-content\/uploads\/2023\/08\/logoSJ.png","width":198,"height":253,"caption":"Sant Joan d'Alacant"},"image":{"@id":"https:\/\/www.santjoandalacant.es\/ca\/#\/schema\/logo\/image\/"},"sameAs":["https:\/\/www.facebook.com\/santjoandalacant\/","https:\/\/www.instagram.com\/santjoandalacant\/","https:\/\/www.youtube.com\/user\/santjoandalacant"]},{"@type":"Person","@id":"https:\/\/www.santjoandalacant.es\/ca\/#\/schema\/person\/907761e2c0be67ceba22e9cbd80a8e2c","name":"Jos\u00e9 Manuel Caturla","image":{"@type":"ImageObject","inLanguage":"va","@id":"https:\/\/secure.gravatar.com\/avatar\/460f045fb845583f96492fcde4764b6cca856c183ba60b194cf089e011ddd2ba?s=96&d=mm&r=g","url":"https:\/\/secure.gravatar.com\/avatar\/460f045fb845583f96492fcde4764b6cca856c183ba60b194cf089e011ddd2ba?s=96&d=mm&r=g","contentUrl":"https:\/\/secure.gravatar.com\/avatar\/460f045fb845583f96492fcde4764b6cca856c183ba60b194cf089e011ddd2ba?s=96&d=mm&r=g","caption":"Jos\u00e9 Manuel Caturla"},"url":"https:\/\/www.santjoandalacant.es\/ca\/author\/caturla\/"}]}},"_links":{"self":[{"href":"https:\/\/www.santjoandalacant.es\/ca\/wp-json\/wp\/v2\/posts\/135734","targetHints":{"allow":["GET"]}}],"collection":[{"href":"https:\/\/www.santjoandalacant.es\/ca\/wp-json\/wp\/v2\/posts"}],"about":[{"href":"https:\/\/www.santjoandalacant.es\/ca\/wp-json\/wp\/v2\/types\/post"}],"author":[{"embeddable":true,"href":"https:\/\/www.santjoandalacant.es\/ca\/wp-json\/wp\/v2\/users\/21"}],"replies":[{"embeddable":true,"href":"https:\/\/www.santjoandalacant.es\/ca\/wp-json\/wp\/v2\/comments?post=135734"}],"version-history":[{"count":1,"href":"https:\/\/www.santjoandalacant.es\/ca\/wp-json\/wp\/v2\/posts\/135734\/revisions"}],"predecessor-version":[{"id":135735,"href":"https:\/\/www.santjoandalacant.es\/ca\/wp-json\/wp\/v2\/posts\/135734\/revisions\/135735"}],"wp:featuredmedia":[{"embeddable":true,"href":"https:\/\/www.santjoandalacant.es\/ca\/wp-json\/wp\/v2\/media\/135733"}],"wp:attachment":[{"href":"https:\/\/www.santjoandalacant.es\/ca\/wp-json\/wp\/v2\/media?parent=135734"}],"wp:term":[{"taxonomy":"category","embeddable":true,"href":"https:\/\/www.santjoandalacant.es\/ca\/wp-json\/wp\/v2\/categories?post=135734"},{"taxonomy":"post_tag","embeddable":true,"href":"https:\/\/www.santjoandalacant.es\/ca\/wp-json\/wp\/v2\/tags?post=135734"},{"taxonomy":"areas","embeddable":true,"href":"https:\/\/www.santjoandalacant.es\/ca\/wp-json\/wp\/v2\/areas?post=135734"}],"curies":[{"name":"wp","href":"https:\/\/api.w.org\/{rel}","templated":true}]}}