{"id":75585,"date":"2017-04-29T11:11:45","date_gmt":"2017-04-29T11:11:45","guid":{"rendered":"https:\/\/santjoan.developersasapglobalsolution.com\/proclamades-reines-i-dames-del-santissim-crist-de-la-pau-2017\/"},"modified":"2017-04-29T11:11:45","modified_gmt":"2017-04-29T11:11:45","slug":"proclamades-reines-i-dames-del-santissim-crist-de-la-pau-2017","status":"publish","type":"post","link":"https:\/\/www.santjoandalacant.es\/ca\/proclamades-reines-i-dames-del-santissim-crist-de-la-pau-2017\/","title":{"rendered":"Proclamades Reines i Dames del Sant\u00edssim Crist de la Pau 2017."},"content":{"rendered":"","protected":false},"excerpt":{"rendered":"<p><!--[if gte mso 9]><xml>\n<w:WordDocument>\n<w:View>Normal<\/w:View>\n<w:Zoom>0<\/w:Zoom>\n<w:TrackMoves\/>\n<w:TrackFormatting\/>\n<w:HyphenationZone>21<\/w:HyphenationZone>\n<w:PunctuationKerning\/>\n<w:ValidateAgainstSchemas\/>\n<w:SaveIfXMLInvalid>false<\/w:SaveIfXMLInvalid>\n<w:IgnoreMixedContent>false<\/w:IgnoreMixedContent>\n<w:AlwaysShowPlaceholderText>false<\/w:AlwaysShowPlaceholderText>\n<w:DoNotPromoteQF\/>\n<w:LidThemeOther>ES<\/w:LidThemeOther>\n<w:LidThemeAsian>X-NONE<\/w:LidThemeAsian>\n<w:LidThemeComplexScript>X-NONE<\/w:LidThemeComplexScript>\n<w:Compatibility>\n<w:BreakWrappedTables\/>\n<w:SnapToGridInCell\/>\n<w:WrapTextWithPunct\/>\n<w:UseAsianBreakRules\/>\n<w:DontGrowAutofit\/>\n<w:SplitPgBreakAndParaMark\/>\n<w:DontVertAlignCellWithSp\/>\n<w:DontBreakConstrainedForcedTables\/>\n<w:DontVertAlignInTxbx\/>\n<w:Word11KerningPairs\/>\n<w:CachedColBalance\/>\n<\/w:Compatibility>\n<m:mathPr>\n<m:mathFont m:val=\"Cambria Math\"\/>\n<m:brkBin m:val=\"before\"\/>\n<m:brkBinSub m:val=\"&#45;-\"\/>\n<m:smallFrac m:val=\"off\"\/>\n<m:dispDef\/>\n<m:lMargin m:val=\"0\"\/>\n<m:rMargin m:val=\"0\"\/>\n<m:defJc m:val=\"centerGroup\"\/>\n<m:wrapIndent m:val=\"1440\"\/>\n<m:intLim m:val=\"subSup\"\/>\n<m:naryLim m:val=\"undOvr\"\/>\n<\/m:mathPr><\/w:WordDocument>\n<\/xml><![endif]--><\/p>\n<p style=\"margin-bottom: 0.0001pt; line-height: normal\" class=\"MsoNormal\">\n<span style=\"font-size: 8pt\">Anit en<br \/>\nl&#8217;Auditori Antonio Gil de la Casa de Cultura de Sant Joan d\u00b4Alacant hi ha va<br \/>\ntindre lloc l&#8217;Elecci\u00f3 de les Reines i Dames del Sant\u00edssim Crist de la Pau 2017.<\/span>\n<\/p>\n<p style=\"margin-bottom: 0.0001pt; line-height: normal\" class=\"MsoNormal\">\n<span style=\"font-size: 8pt\"><br \/>\nLes xiquetes Adriana Gomis Ayllon, Suri Dajhana Soto Soleto i Laura Ivorra<br \/>\nValero, s\u00f3n les xiquetes que es van presentar per a ser les representants de<br \/>\nles festes majors de Sant Joan de les quals, per mitj\u00e0 de sorteig ha sigut<br \/>\nproclamada Reina Infantil la xiqueta Adriana Gomis Ayllon de 8 anys. <\/span>\n<\/p>\n<p style=\"margin-bottom: 0.0001pt; line-height: normal\" class=\"MsoNormal\">\n<span style=\"font-size: 8pt\">Ha sigut<br \/>\nproclamada Reina Major de les Festes del Stmo.Crist de la Pau 2017 la senyoreta<br \/>\nSandra Dos Anjos Bernal de 17 anys. L&#8217;acte va ser amenitzat pel grup de ball<br \/>\nNarac\u00e9.<\/span>\n<\/p>\n<p><!--[if gte mso 9]><xml>\n<w:LatentStyles DefLockedState=\"false\" DefUnhideWhenUsed=\"true\"\nDefSemiHidden=\"true\" DefQFormat=\"false\" DefPriority=\"99\"\nLatentStyleCount=\"267\">\n<w:LsdException Locked=\"false\" Priority=\"0\" SemiHidden=\"false\"\nUnhideWhenUsed=\"false\" QFormat=\"true\" Name=\"Normal\"\/>\n<w:LsdException Locked=\"false\" Priority=\"9\" SemiHidden=\"false\"\nUnhideWhenUsed=\"false\" QFormat=\"true\" Name=\"heading 1\"\/>\n<w:LsdException Locked=\"false\" Priority=\"9\" QFormat=\"true\" Name=\"heading 2\"\/>\n<w:LsdException Locked=\"false\" Priority=\"9\" QFormat=\"true\" Name=\"heading 3\"\/>\n<w:LsdException Locked=\"false\" Priority=\"9\" QFormat=\"true\" Name=\"heading 4\"\/>\n<w:LsdException Locked=\"false\" Priority=\"9\" QFormat=\"true\" Name=\"heading 5\"\/>\n<w:LsdException Locked=\"false\" Priority=\"9\" QFormat=\"true\" Name=\"heading 6\"\/>\n<w:LsdException Locked=\"false\" Priority=\"9\" QFormat=\"true\" Name=\"heading 7\"\/>\n<w:LsdException Locked=\"false\" Priority=\"9\" QFormat=\"true\" Name=\"heading 8\"\/>\n<w:LsdException Locked=\"false\" Priority=\"9\" QFormat=\"true\" Name=\"heading 9\"\/>\n<w:LsdException Locked=\"false\" Priority=\"39\" Name=\"toc 1\"\/>\n<w:LsdException Locked=\"false\" Priority=\"39\" Name=\"toc 2\"\/>\n<w:LsdException Locked=\"false\" Priority=\"39\" Name=\"toc 3\"\/>\n<w:LsdException Locked=\"false\" Priority=\"39\" Name=\"toc 4\"\/>\n<w:LsdException Locked=\"false\" Priority=\"39\" Name=\"toc 5\"\/>\n<w:LsdException Locked=\"false\" Priority=\"39\" Name=\"toc 6\"\/>\n<w:LsdException Locked=\"false\" Priority=\"39\" Name=\"toc 7\"\/>\n<w:LsdException Locked=\"false\" Priority=\"39\" Name=\"toc 8\"\/>\n<w:LsdException Locked=\"false\" Priority=\"39\" Name=\"toc 9\"\/>\n<w:LsdException Locked=\"false\" Priority=\"35\" QFormat=\"true\" Name=\"caption\"\/>\n<w:LsdException Locked=\"false\" Priority=\"10\" SemiHidden=\"false\"\nUnhideWhenUsed=\"false\" QFormat=\"true\" Name=\"Title\"\/>\n<w:LsdException Locked=\"false\" Priority=\"1\" Name=\"Default Paragraph Font\"\/>\n<w:LsdException Locked=\"false\" Priority=\"11\" SemiHidden=\"false\"\nUnhideWhenUsed=\"false\" QFormat=\"true\" Name=\"Subtitle\"\/>\n<w:LsdException Locked=\"false\" Priority=\"22\" SemiHidden=\"false\"\nUnhideWhenUsed=\"false\" QFormat=\"true\" Name=\"Strong\"\/>\n<w:LsdException Locked=\"false\" Priority=\"20\" SemiHidden=\"false\"\nUnhideWhenUsed=\"false\" QFormat=\"true\" Name=\"Emphasis\"\/>\n<w:LsdException Locked=\"false\" Priority=\"59\" SemiHidden=\"false\"\nUnhideWhenUsed=\"false\" Name=\"Table Grid\"\/>\n<w:LsdException Locked=\"false\" UnhideWhenUsed=\"false\" Name=\"Placeholder Text\"\/>\n<w:LsdException Locked=\"false\" Priority=\"1\" SemiHidden=\"false\"\nUnhideWhenUsed=\"false\" QFormat=\"true\" Name=\"No Spacing\"\/>\n<w:LsdException Locked=\"false\" Priority=\"60\" SemiHidden=\"false\"\nUnhideWhenUsed=\"false\" Name=\"Light Shading\"\/>\n<w:LsdException Locked=\"false\" Priority=\"61\" SemiHidden=\"false\"\nUnhideWhenUsed=\"false\" Name=\"Light List\"\/>\n<w:LsdException Locked=\"false\" Priority=\"62\" SemiHidden=\"false\"\nUnhideWhenUsed=\"false\" Name=\"Light Grid\"\/>\n<w:LsdException Locked=\"false\" Priority=\"63\" SemiHidden=\"false\"\nUnhideWhenUsed=\"false\" Name=\"Medium Shading 1\"\/>\n<w:LsdException Locked=\"false\" Priority=\"64\" SemiHidden=\"false\"\nUnhideWhenUsed=\"false\" Name=\"Medium Shading 2\"\/>\n<w:LsdException Locked=\"false\" Priority=\"65\" SemiHidden=\"false\"\nUnhideWhenUsed=\"false\" Name=\"Medium List 1\"\/>\n<w:LsdException Locked=\"false\" Priority=\"66\" SemiHidden=\"false\"\nUnhideWhenUsed=\"false\" Name=\"Medium List 2\"\/>\n<w:LsdException Locked=\"false\" Priority=\"67\" SemiHidden=\"false\"\nUnhideWhenUsed=\"false\" Name=\"Medium Grid 1\"\/>\n<w:LsdException Locked=\"false\" Priority=\"68\" SemiHidden=\"false\"\nUnhideWhenUsed=\"false\" Name=\"Medium Grid 2\"\/>\n<w:LsdException Locked=\"false\" Priority=\"69\" SemiHidden=\"false\"\nUnhideWhenUsed=\"false\" Name=\"Medium Grid 3\"\/>\n<w:LsdException Locked=\"false\" Priority=\"70\" SemiHidden=\"false\"\nUnhideWhenUsed=\"false\" Name=\"Dark List\"\/>\n<w:LsdException Locked=\"false\" Priority=\"71\" SemiHidden=\"false\"\nUnhideWhenUsed=\"false\" Name=\"Colorful Shading\"\/>\n<w:LsdException Locked=\"false\" Priority=\"72\" SemiHidden=\"false\"\nUnhideWhenUsed=\"false\" Name=\"Colorful List\"\/>\n<w:LsdException Locked=\"false\" Priority=\"73\" SemiHidden=\"false\"\nUnhideWhenUsed=\"false\" Name=\"Colorful Grid\"\/>\n<w:LsdException Locked=\"false\" Priority=\"60\" SemiHidden=\"false\"\nUnhideWhenUsed=\"false\" Name=\"Light Shading Accent 1\"\/>\n<w:LsdException Locked=\"false\" Priority=\"61\" SemiHidden=\"false\"\nUnhideWhenUsed=\"false\" Name=\"Light List Accent 1\"\/>\n<w:LsdException Locked=\"false\" Priority=\"62\" SemiHidden=\"false\"\nUnhideWhenUsed=\"false\" Name=\"Light Grid Accent 1\"\/>\n<w:LsdException Locked=\"false\" Priority=\"63\" SemiHidden=\"false\"\nUnhideWhenUsed=\"false\" Name=\"Medium Shading 1 Accent 1\"\/>\n<w:LsdException Locked=\"false\" Priority=\"64\" SemiHidden=\"false\"\nUnhideWhenUsed=\"false\" Name=\"Medium Shading 2 Accent 1\"\/>\n<w:LsdException Locked=\"false\" Priority=\"65\" SemiHidden=\"false\"\nUnhideWhenUsed=\"false\" Name=\"Medium List 1 Accent 1\"\/>\n<w:LsdException Locked=\"false\" UnhideWhenUsed=\"false\" Name=\"Revision\"\/>\n<w:LsdException Locked=\"false\" Priority=\"34\" SemiHidden=\"false\"\nUnhideWhenUsed=\"false\" QFormat=\"true\" Name=\"List Paragraph\"\/>\n<w:LsdException Locked=\"false\" Priority=\"29\" SemiHidden=\"false\"\nUnhideWhenUsed=\"false\" QFormat=\"true\" Name=\"Quote\"\/>\n<w:LsdException Locked=\"false\" Priority=\"30\" SemiHidden=\"false\"\nUnhideWhenUsed=\"false\" QFormat=\"true\" Name=\"Intense Quote\"\/>\n<w:LsdException Locked=\"false\" Priority=\"66\" SemiHidden=\"false\"\nUnhideWhenUsed=\"false\" Name=\"Medium List 2 Accent 1\"\/>\n<w:LsdException Locked=\"false\" Priority=\"67\" SemiHidden=\"false\"\nUnhideWhenUsed=\"false\" Name=\"Medium Grid 1 Accent 1\"\/>\n<w:LsdException Locked=\"false\" Priority=\"68\" SemiHidden=\"false\"\nUnhideWhenUsed=\"false\" Name=\"Medium Grid 2 Accent 1\"\/>\n<w:LsdException Locked=\"false\" Priority=\"69\" SemiHidden=\"false\"\nUnhideWhenUsed=\"false\" Name=\"Medium Grid 3 Accent 1\"\/>\n<w:LsdException Locked=\"false\" Priority=\"70\" SemiHidden=\"false\"\nUnhideWhenUsed=\"false\" Name=\"Dark List Accent 1\"\/>\n<w:LsdException Locked=\"false\" Priority=\"71\" SemiHidden=\"false\"\nUnhideWhenUsed=\"false\" Name=\"Colorful Shading Accent 1\"\/>\n<w:LsdException Locked=\"false\" Priority=\"72\" SemiHidden=\"false\"\nUnhideWhenUsed=\"false\" Name=\"Colorful List Accent 1\"\/>\n<w:LsdException Locked=\"false\" Priority=\"73\" SemiHidden=\"false\"\nUnhideWhenUsed=\"false\" Name=\"Colorful Grid Accent 1\"\/>\n<w:LsdException Locked=\"false\" Priority=\"60\" SemiHidden=\"false\"\nUnhideWhenUsed=\"false\" Name=\"Light Shading Accent 2\"\/>\n<w:LsdException Locked=\"false\" Priority=\"61\" SemiHidden=\"false\"\nUnhideWhenUsed=\"false\" Name=\"Light List Accent 2\"\/>\n<w:LsdException Locked=\"false\" Priority=\"62\" SemiHidden=\"false\"\nUnhideWhenUsed=\"false\" Name=\"Light Grid Accent 2\"\/>\n<w:LsdException Locked=\"false\" Priority=\"63\" SemiHidden=\"false\"\nUnhideWhenUsed=\"false\" Name=\"Medium Shading 1 Accent 2\"\/>\n<w:LsdException Locked=\"false\" Priority=\"64\" SemiHidden=\"false\"\nUnhideWhenUsed=\"false\" Name=\"Medium Shading 2 Accent 2\"\/>\n<w:LsdException Locked=\"false\" Priority=\"65\" SemiHidden=\"false\"\nUnhideWhenUsed=\"false\" Name=\"Medium List 1 Accent 2\"\/>\n<w:LsdException Locked=\"false\" Priority=\"66\" SemiHidden=\"false\"\nUnhideWhenUsed=\"false\" Name=\"Medium List 2 Accent 2\"\/>\n<w:LsdException Locked=\"false\" Priority=\"67\" SemiHidden=\"false\"\nUnhideWhenUsed=\"false\" Name=\"Medium Grid 1 Accent 2\"\/>\n<w:LsdException Locked=\"false\" Priority=\"68\" SemiHidden=\"false\"\nUnhideWhenUsed=\"false\" Name=\"Medium Grid 2 Accent 2\"\/>\n<w:LsdException Locked=\"false\" Priority=\"69\" SemiHidden=\"false\"\nUnhideWhenUsed=\"false\" Name=\"Medium Grid 3 Accent 2\"\/>\n<w:LsdException Locked=\"false\" Priority=\"70\" SemiHidden=\"false\"\nUnhideWhenUsed=\"false\" Name=\"Dark List Accent 2\"\/>\n<w:LsdException Locked=\"false\" Priority=\"71\" SemiHidden=\"false\"\nUnhideWhenUsed=\"false\" Name=\"Colorful Shading Accent 2\"\/>\n<w:LsdException Locked=\"false\" Priority=\"72\" SemiHidden=\"false\"\nUnhideWhenUsed=\"false\" Name=\"Colorful List Accent 2\"\/>\n<w:LsdException Locked=\"false\" Priority=\"73\" SemiHidden=\"false\"\nUnhideWhenUsed=\"false\" Name=\"Colorful Grid Accent 2\"\/>\n<w:LsdException Locked=\"false\" Priority=\"60\" SemiHidden=\"false\"\nUnhideWhenUsed=\"false\" Name=\"Light Shading Accent 3\"\/>\n<w:LsdException Locked=\"false\" Priority=\"61\" SemiHidden=\"false\"\nUnhideWhenUsed=\"false\" Name=\"Light List Accent 3\"\/>\n<w:LsdException Locked=\"false\" Priority=\"62\" SemiHidden=\"false\"\nUnhideWhenUsed=\"false\" Name=\"Light Grid Accent 3\"\/>\n<w:LsdException Locked=\"false\" Priority=\"63\" SemiHidden=\"false\"\nUnhideWhenUsed=\"false\" Name=\"Medium Shading 1 Accent 3\"\/>\n<w:LsdException Locked=\"false\" Priority=\"64\" SemiHidden=\"false\"\nUnhideWhenUsed=\"false\" Name=\"Medium Shading 2 Accent 3\"\/>\n<w:LsdException Locked=\"false\" Priority=\"65\" SemiHidden=\"false\"\nUnhideWhenUsed=\"false\" Name=\"Medium List 1 Accent 3\"\/>\n<w:LsdException Locked=\"false\" Priority=\"66\" SemiHidden=\"false\"\nUnhideWhenUsed=\"false\" Name=\"Medium List 2 Accent 3\"\/>\n<w:LsdException Locked=\"false\" Priority=\"67\" SemiHidden=\"false\"\nUnhideWhenUsed=\"false\" Name=\"Medium Grid 1 Accent 3\"\/>\n<w:LsdException Locked=\"false\" Priority=\"68\" SemiHidden=\"false\"\nUnhideWhenUsed=\"false\" Name=\"Medium Grid 2 Accent 3\"\/>\n<w:LsdException Locked=\"false\" Priority=\"69\" SemiHidden=\"false\"\nUnhideWhenUsed=\"false\" Name=\"Medium Grid 3 Accent 3\"\/>\n<w:LsdException Locked=\"false\" Priority=\"70\" SemiHidden=\"false\"\nUnhideWhenUsed=\"false\" Name=\"Dark List Accent 3\"\/>\n<w:LsdException Locked=\"false\" Priority=\"71\" SemiHidden=\"false\"\nUnhideWhenUsed=\"false\" Name=\"Colorful Shading Accent 3\"\/>\n<w:LsdException Locked=\"false\" Priority=\"72\" SemiHidden=\"false\"\nUnhideWhenUsed=\"false\" Name=\"Colorful List Accent 3\"\/>\n<w:LsdException Locked=\"false\" Priority=\"73\" SemiHidden=\"false\"\nUnhideWhenUsed=\"false\" Name=\"Colorful Grid Accent 3\"\/>\n<w:LsdException Locked=\"false\" Priority=\"60\" SemiHidden=\"false\"\nUnhideWhenUsed=\"false\" Name=\"Light Shading Accent 4\"\/>\n<w:LsdException Locked=\"false\" Priority=\"61\" SemiHidden=\"false\"\nUnhideWhenUsed=\"false\" Name=\"Light List Accent 4\"\/>\n<w:LsdException Locked=\"false\" Priority=\"62\" SemiHidden=\"false\"\nUnhideWhenUsed=\"false\" Name=\"Light Grid Accent 4\"\/>\n<w:LsdException Locked=\"false\" Priority=\"63\" SemiHidden=\"false\"\nUnhideWhenUsed=\"false\" Name=\"Medium Shading 1 Accent 4\"\/>\n<w:LsdException Locked=\"false\" Priority=\"64\" SemiHidden=\"false\"\nUnhideWhenUsed=\"false\" Name=\"Medium Shading 2 Accent 4\"\/>\n<w:LsdException Locked=\"false\" Priority=\"65\" SemiHidden=\"false\"\nUnhideWhenUsed=\"false\" Name=\"Medium List 1 Accent 4\"\/>\n<w:LsdException Locked=\"false\" Priority=\"66\" SemiHidden=\"false\"\nUnhideWhenUsed=\"false\" Name=\"Medium List 2 Accent 4\"\/>\n<w:LsdException Locked=\"false\" Priority=\"67\" SemiHidden=\"false\"\nUnhideWhenUsed=\"false\" Name=\"Medium Grid 1 Accent 4\"\/>\n<w:LsdException Locked=\"false\" Priority=\"68\" SemiHidden=\"false\"\nUnhideWhenUsed=\"false\" Name=\"Medium Grid 2 Accent 4\"\/>\n<w:LsdException Locked=\"false\" Priority=\"69\" SemiHidden=\"false\"\nUnhideWhenUsed=\"false\" Name=\"Medium Grid 3 Accent 4\"\/>\n<w:LsdException Locked=\"false\" Priority=\"70\" SemiHidden=\"false\"\nUnhideWhenUsed=\"false\" Name=\"Dark List Accent 4\"\/>\n<w:LsdException Locked=\"false\" Priority=\"71\" SemiHidden=\"false\"\nUnhideWhenUsed=\"false\" Name=\"Colorful Shading Accent 4\"\/>\n<w:LsdException Locked=\"false\" Priority=\"72\" SemiHidden=\"false\"\nUnhideWhenUsed=\"false\" Name=\"Colorful List Accent 4\"\/>\n<w:LsdException Locked=\"false\" Priority=\"73\" SemiHidden=\"false\"\nUnhideWhenUsed=\"false\" Name=\"Colorful Grid Accent 4\"\/>\n<w:LsdException Locked=\"false\" Priority=\"60\" SemiHidden=\"false\"\nUnhideWhenUsed=\"false\" Name=\"Light Shading Accent 5\"\/>\n<w:LsdException Locked=\"false\" Priority=\"61\" SemiHidden=\"false\"\nUnhideWhenUsed=\"false\" Name=\"Light List Accent 5\"\/>\n<w:LsdException Locked=\"false\" Priority=\"62\" SemiHidden=\"false\"\nUnhideWhenUsed=\"false\" Name=\"Light Grid Accent 5\"\/>\n<w:LsdException Locked=\"false\" Priority=\"63\" SemiHidden=\"false\"\nUnhideWhenUsed=\"false\" Name=\"Medium Shading 1 Accent 5\"\/>\n<w:LsdException Locked=\"false\" Priority=\"64\" SemiHidden=\"false\"\nUnhideWhenUsed=\"false\" Name=\"Medium Shading 2 Accent 5\"\/>\n<w:LsdException Locked=\"false\" Priority=\"65\" SemiHidden=\"false\"\nUnhideWhenUsed=\"false\" Name=\"Medium List 1 Accent 5\"\/>\n<w:LsdException Locked=\"false\" Priority=\"66\" SemiHidden=\"false\"\nUnhideWhenUsed=\"false\" Name=\"Medium List 2 Accent 5\"\/>\n<w:LsdException Locked=\"false\" Priority=\"67\" SemiHidden=\"false\"\nUnhideWhenUsed=\"false\" Name=\"Medium Grid 1 Accent 5\"\/>\n<w:LsdException Locked=\"false\" Priority=\"68\" SemiHidden=\"false\"\nUnhideWhenUsed=\"false\" Name=\"Medium Grid 2 Accent 5\"\/>\n<w:LsdException Locked=\"false\" Priority=\"69\" SemiHidden=\"false\"\nUnhideWhenUsed=\"false\" Name=\"Medium Grid 3 Accent 5\"\/>\n<w:LsdException Locked=\"false\" Priority=\"70\" SemiHidden=\"false\"\nUnhideWhenUsed=\"false\" Name=\"Dark List Accent 5\"\/>\n<w:LsdException Locked=\"false\" Priority=\"71\" SemiHidden=\"false\"\nUnhideWhenUsed=\"false\" Name=\"Colorful Shading Accent 5\"\/>\n<w:LsdException Locked=\"false\" Priority=\"72\" SemiHidden=\"false\"\nUnhideWhenUsed=\"false\" Name=\"Colorful List Accent 5\"\/>\n<w:LsdException Locked=\"false\" Priority=\"73\" SemiHidden=\"false\"\nUnhideWhenUsed=\"false\" Name=\"Colorful Grid Accent 5\"\/>\n<w:LsdException Locked=\"false\" Priority=\"60\" SemiHidden=\"false\"\nUnhideWhenUsed=\"false\" Name=\"Light Shading Accent 6\"\/>\n<w:LsdException Locked=\"false\" Priority=\"61\" SemiHidden=\"false\"\nUnhideWhenUsed=\"false\" Name=\"Light List Accent 6\"\/>\n<w:LsdException Locked=\"false\" Priority=\"62\" SemiHidden=\"false\"\nUnhideWhenUsed=\"false\" Name=\"Light Grid Accent 6\"\/>\n<w:LsdException Locked=\"false\" Priority=\"63\" SemiHidden=\"false\"\nUnhideWhenUsed=\"false\" Name=\"Medium Shading 1 Accent 6\"\/>\n<w:LsdException Locked=\"false\" Priority=\"64\" SemiHidden=\"false\"\nUnhideWhenUsed=\"false\" Name=\"Medium Shading 2 Accent 6\"\/>\n<w:LsdException Locked=\"false\" Priority=\"65\" SemiHidden=\"false\"\nUnhideWhenUsed=\"false\" Name=\"Medium List 1 Accent 6\"\/>\n<w:LsdException Locked=\"false\" Priority=\"66\" SemiHidden=\"false\"\nUnhideWhenUsed=\"false\" Name=\"Medium List 2 Accent 6\"\/>\n<w:LsdException Locked=\"false\" Priority=\"67\" SemiHidden=\"false\"\nUnhideWhenUsed=\"false\" Name=\"Medium Grid 1 Accent 6\"\/>\n<w:LsdException Locked=\"false\" Priority=\"68\" SemiHidden=\"false\"\nUnhideWhenUsed=\"false\" Name=\"Medium Grid 2 Accent 6\"\/>\n<w:LsdException Locked=\"false\" Priority=\"69\" SemiHidden=\"false\"\nUnhideWhenUsed=\"false\" Name=\"Medium Grid 3 Accent 6\"\/>\n<w:LsdException Locked=\"false\" Priority=\"70\" SemiHidden=\"false\"\nUnhideWhenUsed=\"false\" Name=\"Dark List Accent 6\"\/>\n<w:LsdException Locked=\"false\" Priority=\"71\" SemiHidden=\"false\"\nUnhideWhenUsed=\"false\" Name=\"Colorful Shading Accent 6\"\/>\n<w:LsdException Locked=\"false\" Priority=\"72\" SemiHidden=\"false\"\nUnhideWhenUsed=\"false\" Name=\"Colorful List Accent 6\"\/>\n<w:LsdException Locked=\"false\" Priority=\"73\" SemiHidden=\"false\"\nUnhideWhenUsed=\"false\" Name=\"Colorful Grid Accent 6\"\/>\n<w:LsdException Locked=\"false\" Priority=\"19\" SemiHidden=\"false\"\nUnhideWhenUsed=\"false\" QFormat=\"true\" Name=\"Subtle Emphasis\"\/>\n<w:LsdException Locked=\"false\" Priority=\"21\" SemiHidden=\"false\"\nUnhideWhenUsed=\"false\" QFormat=\"true\" Name=\"Intense Emphasis\"\/>\n<w:LsdException Locked=\"false\" Priority=\"31\" SemiHidden=\"false\"\nUnhideWhenUsed=\"false\" QFormat=\"true\" Name=\"Subtle Reference\"\/>\n<w:LsdException Locked=\"false\" Priority=\"32\" SemiHidden=\"false\"\nUnhideWhenUsed=\"false\" QFormat=\"true\" Name=\"Intense Reference\"\/>\n<w:LsdException Locked=\"false\" Priority=\"33\" SemiHidden=\"false\"\nUnhideWhenUsed=\"false\" QFormat=\"true\" Name=\"Book Title\"\/>\n<w:LsdException Locked=\"false\" Priority=\"37\" Name=\"Bibliography\"\/>\n<w:LsdException Locked=\"false\" Priority=\"39\" QFormat=\"true\" Name=\"TOC Heading\"\/>\n<\/w:LatentStyles>\n<\/xml><![endif]--><!--[if gte mso 10]>\n\n\n<style>\n\/* Style Definitions *\/\ntable.MsoNormalTable\n{mso-style-name:\"Tabla normal\";\nmso-tstyle-rowband-size:0;\nmso-tstyle-colband-size:0;\nmso-style-noshow:yes;\nmso-style-priority:99;\nmso-style-qformat:yes;\nmso-style-parent:\"\";\nmso-padding-alt:0cm 5.4pt 0cm 5.4pt;\nmso-para-margin-top:0cm;\nmso-para-margin-right:0cm;\nmso-para-margin-bottom:10.0pt;\nmso-para-margin-left:0cm;\nline-height:115%;\nmso-pagination:widow-orphan;\nfont-size:11.0pt;\nfont-family:\"Calibri\",\"sans-serif\";\nmso-ascii-font-family:Calibri;\nmso-ascii-theme-font:minor-latin;\nmso-fareast-font-family:\"Times New Roman\";\nmso-fareast-theme-font:minor-fareast;\nmso-hansi-font-family:Calibri;\nmso-hansi-theme-font:minor-latin;}\n<\/style>\n\n\n<![endif]--><\/p>\n","protected":false},"author":1,"featured_media":22435,"comment_status":"open","ping_status":"open","sticky":false,"template":"","format":"standard","meta":{"_acf_changed":false,"rs_blank_template":"","rs_page_bg_color":"","slide_template_v7":"","footnotes":""},"categories":[1],"tags":[],"areas":[1001],"class_list":["post-75585","post","type-post","status-publish","format-standard","has-post-thumbnail","hentry","category-sin-categorizar","areas-fiestas-ca"],"acf":[],"yoast_head":"<!-- This site is optimized with the Yoast SEO plugin v28.2 - https:\/\/yoast.com\/product\/yoast-seo-wordpress\/ -->\n<title>Proclamades Reines i Dames del Sant\u00edssim Crist de la Pau 2017. - Sant Joan d&#039;Alacant<\/title>\n<meta name=\"robots\" content=\"index, follow, max-snippet:-1, max-image-preview:large, max-video-preview:-1\" \/>\n<link rel=\"canonical\" href=\"https:\/\/www.santjoandalacant.es\/ca\/proclamades-reines-i-dames-del-santissim-crist-de-la-pau-2017\/\" \/>\n<meta property=\"og:locale\" content=\"en_US\" \/>\n<meta property=\"og:type\" content=\"article\" \/>\n<meta property=\"og:title\" content=\"Proclamades Reines i Dames del Sant\u00edssim Crist de la Pau 2017. - Sant Joan d&#039;Alacant\" \/>\n<meta property=\"og:description\" content=\"Anit en l&#039;Auditori Antonio Gil de la Casa de Cultura de Sant Joan d\u00b4Alacant hi ha va tindre lloc l&#039;Elecci\u00f3 de les Reines i Dames del Sant\u00edssim Crist de la Pau 2017.    Les xiquetes Adriana Gomis Ayllon, Suri Dajhana Soto Soleto i Laura Ivorra Valero, s\u00f3n les xiquetes que es van presentar per a ser les representants de les festes majors de Sant Joan de les quals, per mitj\u00e0 de sorteig ha sigut proclamada Reina Infantil la xiqueta Adriana Gomis Ayllon de 8 anys.    Ha sigut proclamada Reina Major de les Festes del Stmo.Crist de la Pau 2017 la senyoreta Sandra Dos Anjos Bernal de 17 anys. L&#039;acte va ser amenitzat pel grup de ball Narac\u00e9.\" \/>\n<meta property=\"og:url\" content=\"https:\/\/www.santjoandalacant.es\/ca\/proclamades-reines-i-dames-del-santissim-crist-de-la-pau-2017\/\" \/>\n<meta property=\"og:site_name\" content=\"Sant Joan d&#039;Alacant\" \/>\n<meta property=\"article:publisher\" content=\"https:\/\/www.facebook.com\/santjoandalacant\/\" \/>\n<meta property=\"article:published_time\" content=\"2017-04-29T11:11:45+00:00\" \/>\n<meta property=\"og:image\" content=\"https:\/\/www.santjoandalacant.es\/wp-content\/uploads\/2017\/06\/IMG-20170428-WA0019.jpg\" \/>\n\t<meta property=\"og:image:width\" content=\"1600\" \/>\n\t<meta property=\"og:image:height\" content=\"900\" \/>\n\t<meta property=\"og:image:type\" content=\"image\/jpeg\" \/>\n<meta name=\"author\" content=\"6tems\" \/>\n<meta name=\"twitter:card\" content=\"summary_large_image\" \/>\n<meta name=\"twitter:label1\" content=\"Written by\" \/>\n\t<meta name=\"twitter:data1\" content=\"6tems\" \/>\n<script type=\"application\/ld+json\" class=\"yoast-schema-graph\">{\"@context\":\"https:\\\/\\\/schema.org\",\"@graph\":[{\"@type\":\"Article\",\"@id\":\"https:\\\/\\\/www.santjoandalacant.es\\\/ca\\\/proclamades-reines-i-dames-del-santissim-crist-de-la-pau-2017\\\/#article\",\"isPartOf\":{\"@id\":\"https:\\\/\\\/www.santjoandalacant.es\\\/ca\\\/proclamades-reines-i-dames-del-santissim-crist-de-la-pau-2017\\\/\"},\"author\":{\"name\":\"6tems\",\"@id\":\"https:\\\/\\\/www.santjoandalacant.es\\\/ca\\\/#\\\/schema\\\/person\\\/74b89bc7b26e6edafb76cd69420cd790\"},\"headline\":\"Proclamades Reines i Dames del Sant\u00edssim Crist de la Pau 2017.\",\"datePublished\":\"2017-04-29T11:11:45+00:00\",\"mainEntityOfPage\":{\"@id\":\"https:\\\/\\\/www.santjoandalacant.es\\\/ca\\\/proclamades-reines-i-dames-del-santissim-crist-de-la-pau-2017\\\/\"},\"wordCount\":11,\"commentCount\":0,\"publisher\":{\"@id\":\"https:\\\/\\\/www.santjoandalacant.es\\\/ca\\\/#organization\"},\"image\":{\"@id\":\"https:\\\/\\\/www.santjoandalacant.es\\\/ca\\\/proclamades-reines-i-dames-del-santissim-crist-de-la-pau-2017\\\/#primaryimage\"},\"thumbnailUrl\":\"https:\\\/\\\/www.santjoandalacant.es\\\/wp-content\\\/uploads\\\/2017\\\/06\\\/IMG-20170428-WA0019.jpg\",\"articleSection\":[\"Sin categorizar\"],\"inLanguage\":\"va\",\"potentialAction\":[{\"@type\":\"CommentAction\",\"name\":\"Comment\",\"target\":[\"https:\\\/\\\/www.santjoandalacant.es\\\/ca\\\/proclamades-reines-i-dames-del-santissim-crist-de-la-pau-2017\\\/#respond\"]}]},{\"@type\":\"WebPage\",\"@id\":\"https:\\\/\\\/www.santjoandalacant.es\\\/ca\\\/proclamades-reines-i-dames-del-santissim-crist-de-la-pau-2017\\\/\",\"url\":\"https:\\\/\\\/www.santjoandalacant.es\\\/ca\\\/proclamades-reines-i-dames-del-santissim-crist-de-la-pau-2017\\\/\",\"name\":\"Proclamades Reines i Dames del Sant\u00edssim Crist de la Pau 2017. - Sant Joan d&#039;Alacant\",\"isPartOf\":{\"@id\":\"https:\\\/\\\/www.santjoandalacant.es\\\/ca\\\/#website\"},\"primaryImageOfPage\":{\"@id\":\"https:\\\/\\\/www.santjoandalacant.es\\\/ca\\\/proclamades-reines-i-dames-del-santissim-crist-de-la-pau-2017\\\/#primaryimage\"},\"image\":{\"@id\":\"https:\\\/\\\/www.santjoandalacant.es\\\/ca\\\/proclamades-reines-i-dames-del-santissim-crist-de-la-pau-2017\\\/#primaryimage\"},\"thumbnailUrl\":\"https:\\\/\\\/www.santjoandalacant.es\\\/wp-content\\\/uploads\\\/2017\\\/06\\\/IMG-20170428-WA0019.jpg\",\"datePublished\":\"2017-04-29T11:11:45+00:00\",\"breadcrumb\":{\"@id\":\"https:\\\/\\\/www.santjoandalacant.es\\\/ca\\\/proclamades-reines-i-dames-del-santissim-crist-de-la-pau-2017\\\/#breadcrumb\"},\"inLanguage\":\"va\",\"potentialAction\":[{\"@type\":\"ReadAction\",\"target\":[\"https:\\\/\\\/www.santjoandalacant.es\\\/ca\\\/proclamades-reines-i-dames-del-santissim-crist-de-la-pau-2017\\\/\"]}]},{\"@type\":\"ImageObject\",\"inLanguage\":\"va\",\"@id\":\"https:\\\/\\\/www.santjoandalacant.es\\\/ca\\\/proclamades-reines-i-dames-del-santissim-crist-de-la-pau-2017\\\/#primaryimage\",\"url\":\"https:\\\/\\\/www.santjoandalacant.es\\\/wp-content\\\/uploads\\\/2017\\\/06\\\/IMG-20170428-WA0019.jpg\",\"contentUrl\":\"https:\\\/\\\/www.santjoandalacant.es\\\/wp-content\\\/uploads\\\/2017\\\/06\\\/IMG-20170428-WA0019.jpg\",\"width\":1600,\"height\":900},{\"@type\":\"BreadcrumbList\",\"@id\":\"https:\\\/\\\/www.santjoandalacant.es\\\/ca\\\/proclamades-reines-i-dames-del-santissim-crist-de-la-pau-2017\\\/#breadcrumb\",\"itemListElement\":[{\"@type\":\"ListItem\",\"position\":1,\"name\":\"Inicio\",\"item\":\"https:\\\/\\\/www.santjoandalacant.es\\\/ca\\\/\"},{\"@type\":\"ListItem\",\"position\":2,\"name\":\"Proclamades Reines i Dames del Sant\u00edssim Crist de la Pau 2017.\"}]},{\"@type\":\"WebSite\",\"@id\":\"https:\\\/\\\/www.santjoandalacant.es\\\/ca\\\/#website\",\"url\":\"https:\\\/\\\/www.santjoandalacant.es\\\/ca\\\/\",\"name\":\"Sant Joan d'Alacant\",\"description\":\"\",\"publisher\":{\"@id\":\"https:\\\/\\\/www.santjoandalacant.es\\\/ca\\\/#organization\"},\"potentialAction\":[{\"@type\":\"SearchAction\",\"target\":{\"@type\":\"EntryPoint\",\"urlTemplate\":\"https:\\\/\\\/www.santjoandalacant.es\\\/ca\\\/?s={search_term_string}\"},\"query-input\":{\"@type\":\"PropertyValueSpecification\",\"valueRequired\":true,\"valueName\":\"search_term_string\"}}],\"inLanguage\":\"va\"},{\"@type\":\"Organization\",\"@id\":\"https:\\\/\\\/www.santjoandalacant.es\\\/ca\\\/#organization\",\"name\":\"Sant Joan d'Alacant\",\"url\":\"https:\\\/\\\/www.santjoandalacant.es\\\/ca\\\/\",\"logo\":{\"@type\":\"ImageObject\",\"inLanguage\":\"va\",\"@id\":\"https:\\\/\\\/www.santjoandalacant.es\\\/ca\\\/#\\\/schema\\\/logo\\\/image\\\/\",\"url\":\"https:\\\/\\\/www.santjoandalacant.es\\\/wp-content\\\/uploads\\\/2023\\\/08\\\/logoSJ.png\",\"contentUrl\":\"https:\\\/\\\/www.santjoandalacant.es\\\/wp-content\\\/uploads\\\/2023\\\/08\\\/logoSJ.png\",\"width\":198,\"height\":253,\"caption\":\"Sant Joan d'Alacant\"},\"image\":{\"@id\":\"https:\\\/\\\/www.santjoandalacant.es\\\/ca\\\/#\\\/schema\\\/logo\\\/image\\\/\"},\"sameAs\":[\"https:\\\/\\\/www.facebook.com\\\/santjoandalacant\\\/\",\"https:\\\/\\\/www.instagram.com\\\/santjoandalacant\\\/\",\"https:\\\/\\\/www.youtube.com\\\/user\\\/santjoandalacant\"]},{\"@type\":\"Person\",\"@id\":\"https:\\\/\\\/www.santjoandalacant.es\\\/ca\\\/#\\\/schema\\\/person\\\/74b89bc7b26e6edafb76cd69420cd790\",\"name\":\"6tems\",\"image\":{\"@type\":\"ImageObject\",\"inLanguage\":\"va\",\"@id\":\"https:\\\/\\\/secure.gravatar.com\\\/avatar\\\/1c939d9bf86da56568327e5d52b159d089efba17cde140c49884e3fe77ef9c66?s=96&d=mm&r=g\",\"url\":\"https:\\\/\\\/secure.gravatar.com\\\/avatar\\\/1c939d9bf86da56568327e5d52b159d089efba17cde140c49884e3fe77ef9c66?s=96&d=mm&r=g\",\"contentUrl\":\"https:\\\/\\\/secure.gravatar.com\\\/avatar\\\/1c939d9bf86da56568327e5d52b159d089efba17cde140c49884e3fe77ef9c66?s=96&d=mm&r=g\",\"caption\":\"6tems\"},\"sameAs\":[\"https:\\\/\\\/www.santjoandalacant.es\"],\"url\":\"https:\\\/\\\/www.santjoandalacant.es\\\/ca\\\/author\\\/adminasap\\\/\"}]}<\/script>\n<!-- \/ Yoast SEO plugin. -->","yoast_head_json":{"title":"Proclamades Reines i Dames del Sant\u00edssim Crist de la Pau 2017. - Sant Joan d&#039;Alacant","robots":{"index":"index","follow":"follow","max-snippet":"max-snippet:-1","max-image-preview":"max-image-preview:large","max-video-preview":"max-video-preview:-1"},"canonical":"https:\/\/www.santjoandalacant.es\/ca\/proclamades-reines-i-dames-del-santissim-crist-de-la-pau-2017\/","og_locale":"en_US","og_type":"article","og_title":"Proclamades Reines i Dames del Sant\u00edssim Crist de la Pau 2017. - Sant Joan d&#039;Alacant","og_description":"Anit en l'Auditori Antonio Gil de la Casa de Cultura de Sant Joan d\u00b4Alacant hi ha va tindre lloc l'Elecci\u00f3 de les Reines i Dames del Sant\u00edssim Crist de la Pau 2017.    Les xiquetes Adriana Gomis Ayllon, Suri Dajhana Soto Soleto i Laura Ivorra Valero, s\u00f3n les xiquetes que es van presentar per a ser les representants de les festes majors de Sant Joan de les quals, per mitj\u00e0 de sorteig ha sigut proclamada Reina Infantil la xiqueta Adriana Gomis Ayllon de 8 anys.    Ha sigut proclamada Reina Major de les Festes del Stmo.Crist de la Pau 2017 la senyoreta Sandra Dos Anjos Bernal de 17 anys. L'acte va ser amenitzat pel grup de ball Narac\u00e9.","og_url":"https:\/\/www.santjoandalacant.es\/ca\/proclamades-reines-i-dames-del-santissim-crist-de-la-pau-2017\/","og_site_name":"Sant Joan d&#039;Alacant","article_publisher":"https:\/\/www.facebook.com\/santjoandalacant\/","article_published_time":"2017-04-29T11:11:45+00:00","og_image":[{"width":1600,"height":900,"url":"https:\/\/www.santjoandalacant.es\/wp-content\/uploads\/2017\/06\/IMG-20170428-WA0019.jpg","type":"image\/jpeg"}],"author":"6tems","twitter_card":"summary_large_image","twitter_misc":{"Written by":"6tems"},"schema":{"@context":"https:\/\/schema.org","@graph":[{"@type":"Article","@id":"https:\/\/www.santjoandalacant.es\/ca\/proclamades-reines-i-dames-del-santissim-crist-de-la-pau-2017\/#article","isPartOf":{"@id":"https:\/\/www.santjoandalacant.es\/ca\/proclamades-reines-i-dames-del-santissim-crist-de-la-pau-2017\/"},"author":{"name":"6tems","@id":"https:\/\/www.santjoandalacant.es\/ca\/#\/schema\/person\/74b89bc7b26e6edafb76cd69420cd790"},"headline":"Proclamades Reines i Dames del Sant\u00edssim Crist de la Pau 2017.","datePublished":"2017-04-29T11:11:45+00:00","mainEntityOfPage":{"@id":"https:\/\/www.santjoandalacant.es\/ca\/proclamades-reines-i-dames-del-santissim-crist-de-la-pau-2017\/"},"wordCount":11,"commentCount":0,"publisher":{"@id":"https:\/\/www.santjoandalacant.es\/ca\/#organization"},"image":{"@id":"https:\/\/www.santjoandalacant.es\/ca\/proclamades-reines-i-dames-del-santissim-crist-de-la-pau-2017\/#primaryimage"},"thumbnailUrl":"https:\/\/www.santjoandalacant.es\/wp-content\/uploads\/2017\/06\/IMG-20170428-WA0019.jpg","articleSection":["Sin categorizar"],"inLanguage":"va","potentialAction":[{"@type":"CommentAction","name":"Comment","target":["https:\/\/www.santjoandalacant.es\/ca\/proclamades-reines-i-dames-del-santissim-crist-de-la-pau-2017\/#respond"]}]},{"@type":"WebPage","@id":"https:\/\/www.santjoandalacant.es\/ca\/proclamades-reines-i-dames-del-santissim-crist-de-la-pau-2017\/","url":"https:\/\/www.santjoandalacant.es\/ca\/proclamades-reines-i-dames-del-santissim-crist-de-la-pau-2017\/","name":"Proclamades Reines i Dames del Sant\u00edssim Crist de la Pau 2017. - Sant Joan d&#039;Alacant","isPartOf":{"@id":"https:\/\/www.santjoandalacant.es\/ca\/#website"},"primaryImageOfPage":{"@id":"https:\/\/www.santjoandalacant.es\/ca\/proclamades-reines-i-dames-del-santissim-crist-de-la-pau-2017\/#primaryimage"},"image":{"@id":"https:\/\/www.santjoandalacant.es\/ca\/proclamades-reines-i-dames-del-santissim-crist-de-la-pau-2017\/#primaryimage"},"thumbnailUrl":"https:\/\/www.santjoandalacant.es\/wp-content\/uploads\/2017\/06\/IMG-20170428-WA0019.jpg","datePublished":"2017-04-29T11:11:45+00:00","breadcrumb":{"@id":"https:\/\/www.santjoandalacant.es\/ca\/proclamades-reines-i-dames-del-santissim-crist-de-la-pau-2017\/#breadcrumb"},"inLanguage":"va","potentialAction":[{"@type":"ReadAction","target":["https:\/\/www.santjoandalacant.es\/ca\/proclamades-reines-i-dames-del-santissim-crist-de-la-pau-2017\/"]}]},{"@type":"ImageObject","inLanguage":"va","@id":"https:\/\/www.santjoandalacant.es\/ca\/proclamades-reines-i-dames-del-santissim-crist-de-la-pau-2017\/#primaryimage","url":"https:\/\/www.santjoandalacant.es\/wp-content\/uploads\/2017\/06\/IMG-20170428-WA0019.jpg","contentUrl":"https:\/\/www.santjoandalacant.es\/wp-content\/uploads\/2017\/06\/IMG-20170428-WA0019.jpg","width":1600,"height":900},{"@type":"BreadcrumbList","@id":"https:\/\/www.santjoandalacant.es\/ca\/proclamades-reines-i-dames-del-santissim-crist-de-la-pau-2017\/#breadcrumb","itemListElement":[{"@type":"ListItem","position":1,"name":"Inicio","item":"https:\/\/www.santjoandalacant.es\/ca\/"},{"@type":"ListItem","position":2,"name":"Proclamades Reines i Dames del Sant\u00edssim Crist de la Pau 2017."}]},{"@type":"WebSite","@id":"https:\/\/www.santjoandalacant.es\/ca\/#website","url":"https:\/\/www.santjoandalacant.es\/ca\/","name":"Sant Joan d'Alacant","description":"","publisher":{"@id":"https:\/\/www.santjoandalacant.es\/ca\/#organization"},"potentialAction":[{"@type":"SearchAction","target":{"@type":"EntryPoint","urlTemplate":"https:\/\/www.santjoandalacant.es\/ca\/?s={search_term_string}"},"query-input":{"@type":"PropertyValueSpecification","valueRequired":true,"valueName":"search_term_string"}}],"inLanguage":"va"},{"@type":"Organization","@id":"https:\/\/www.santjoandalacant.es\/ca\/#organization","name":"Sant Joan d'Alacant","url":"https:\/\/www.santjoandalacant.es\/ca\/","logo":{"@type":"ImageObject","inLanguage":"va","@id":"https:\/\/www.santjoandalacant.es\/ca\/#\/schema\/logo\/image\/","url":"https:\/\/www.santjoandalacant.es\/wp-content\/uploads\/2023\/08\/logoSJ.png","contentUrl":"https:\/\/www.santjoandalacant.es\/wp-content\/uploads\/2023\/08\/logoSJ.png","width":198,"height":253,"caption":"Sant Joan d'Alacant"},"image":{"@id":"https:\/\/www.santjoandalacant.es\/ca\/#\/schema\/logo\/image\/"},"sameAs":["https:\/\/www.facebook.com\/santjoandalacant\/","https:\/\/www.instagram.com\/santjoandalacant\/","https:\/\/www.youtube.com\/user\/santjoandalacant"]},{"@type":"Person","@id":"https:\/\/www.santjoandalacant.es\/ca\/#\/schema\/person\/74b89bc7b26e6edafb76cd69420cd790","name":"6tems","image":{"@type":"ImageObject","inLanguage":"va","@id":"https:\/\/secure.gravatar.com\/avatar\/1c939d9bf86da56568327e5d52b159d089efba17cde140c49884e3fe77ef9c66?s=96&d=mm&r=g","url":"https:\/\/secure.gravatar.com\/avatar\/1c939d9bf86da56568327e5d52b159d089efba17cde140c49884e3fe77ef9c66?s=96&d=mm&r=g","contentUrl":"https:\/\/secure.gravatar.com\/avatar\/1c939d9bf86da56568327e5d52b159d089efba17cde140c49884e3fe77ef9c66?s=96&d=mm&r=g","caption":"6tems"},"sameAs":["https:\/\/www.santjoandalacant.es"],"url":"https:\/\/www.santjoandalacant.es\/ca\/author\/adminasap\/"}]}},"_links":{"self":[{"href":"https:\/\/www.santjoandalacant.es\/ca\/wp-json\/wp\/v2\/posts\/75585","targetHints":{"allow":["GET"]}}],"collection":[{"href":"https:\/\/www.santjoandalacant.es\/ca\/wp-json\/wp\/v2\/posts"}],"about":[{"href":"https:\/\/www.santjoandalacant.es\/ca\/wp-json\/wp\/v2\/types\/post"}],"author":[{"embeddable":true,"href":"https:\/\/www.santjoandalacant.es\/ca\/wp-json\/wp\/v2\/users\/1"}],"replies":[{"embeddable":true,"href":"https:\/\/www.santjoandalacant.es\/ca\/wp-json\/wp\/v2\/comments?post=75585"}],"version-history":[{"count":0,"href":"https:\/\/www.santjoandalacant.es\/ca\/wp-json\/wp\/v2\/posts\/75585\/revisions"}],"wp:featuredmedia":[{"embeddable":true,"href":"https:\/\/www.santjoandalacant.es\/ca\/wp-json\/wp\/v2\/media\/22435"}],"wp:attachment":[{"href":"https:\/\/www.santjoandalacant.es\/ca\/wp-json\/wp\/v2\/media?parent=75585"}],"wp:term":[{"taxonomy":"category","embeddable":true,"href":"https:\/\/www.santjoandalacant.es\/ca\/wp-json\/wp\/v2\/categories?post=75585"},{"taxonomy":"post_tag","embeddable":true,"href":"https:\/\/www.santjoandalacant.es\/ca\/wp-json\/wp\/v2\/tags?post=75585"},{"taxonomy":"areas","embeddable":true,"href":"https:\/\/www.santjoandalacant.es\/ca\/wp-json\/wp\/v2\/areas?post=75585"}],"curies":[{"name":"wp","href":"https:\/\/api.w.org\/{rel}","templated":true}]}}