{"id":75640,"date":"2017-03-24T12:32:52","date_gmt":"2017-03-24T12:32:52","guid":{"rendered":"https:\/\/santjoan.developersasapglobalsolution.com\/sestableix-el-ii-concurs-daparadors-per-motiu-del-xvii-festival-de-cinema-de-sant-joan\/"},"modified":"2017-03-24T12:32:52","modified_gmt":"2017-03-24T12:32:52","slug":"sestableix-el-ii-concurs-daparadors-per-motiu-del-xvii-festival-de-cinema-de-sant-joan","status":"publish","type":"post","link":"https:\/\/www.santjoandalacant.es\/ca\/sestableix-el-ii-concurs-daparadors-per-motiu-del-xvii-festival-de-cinema-de-sant-joan\/","title":{"rendered":"S&#8217;estableix el II Concurs d&#8217;aparadors per motiu del XVII Festival de Cinema de Sant Joan"},"content":{"rendered":"<div>En aquesta ocasi\u00f3, aquest Festival de Cinema rendir\u00e0 un homenatge al m\u00edtic roman\u00e7 de g\u00e1nsters de Bonnie &amp; Clyde ambientat en els anys 30 i, la Regidoria de Cultura al costat de la de Comer\u00e7, us volen proposar una sorprenent iniciativa perqu\u00e8 tot Sant Joan visca la festa del cinema en els seus carrers i comer\u00e7os, lluint Aparadors de Cinema.<\/div>\n<div>&nbsp;<\/div>\n<div>\u201cLa idea \u00e9s recrear un ambient m\u00e0gic en els carrers de Sant Joan on el cinema siga el protagonista i fer arribar el festival a tots els punts del municipi.\u201d Ressalta la Regidor, Clara Rodr\u00edguez.<\/div>\n<div>&nbsp;<\/div>\n<div>En aquest concurs participar\u00e0 xicotetes i mitges empreses situades en el municipi i l&#8217;activitat econ\u00f2mica del qual estiga vinculada amb el comer\u00e7 de proximitatl, l&#8217;hostaleria i els serveis.<\/div>\n<div>&nbsp;<\/div>\n<div>Les propostes d&#8217;aparadors evocaren escenes o imatges referents a Bonnie &amp; Clyde.<\/div>\n<div>&nbsp;<\/div>\n<div>Els aparadors i decoracions estaran exposats del 24 d&#8217;abril al 14 de maig de 2017, tots dos inclusivament.<\/div>\n<div>&nbsp;<\/div>\n<div>Un jurat compost per representants de l&#8217;organitzaci\u00f3 del XVII Festival de Sant Joan d\u2019 Alacant i d&#8217;institucions relacionades amb l&#8217;activitat comercial valorar\u00e0 la innovaci\u00f3 a l&#8217;hora d&#8217;abordar el m\u00f3n del cinema i seleccionar\u00e0 3 guanyadors de l&#8217;II Concurs d&#8217;Aparadors del Cinema 2017.<\/div>\n<div>&nbsp;<\/div>\n<div>Consulta les bases completes en l&#8217;arxiu adjunt a aquesta not\u00edcia.<\/div>\n","protected":false},"excerpt":{"rendered":"<div>\nEn aquesta ocasi\u00f3, aquest Festival de Cinema rendir\u00e0 un homenatge al m\u00edtic roman\u00e7 de g\u00e1nsters de Bonnie &amp; Clyde ambientat en els anys 30 i, la Regidoria de Cultura al costat de la de Comer\u00e7, us volen proposar una sorprenent iniciativa perqu\u00e8 tot Sant Joan visca la festa del cinema en els seus carrers i comer\u00e7os, lluint Aparadors de Cinema.\n<\/div>\n<div>\n","protected":false},"author":1,"featured_media":22729,"comment_status":"open","ping_status":"open","sticky":false,"template":"","format":"standard","meta":{"_acf_changed":false,"rs_blank_template":"","rs_page_bg_color":"","slide_template_v7":"","footnotes":""},"categories":[1],"tags":[],"areas":[1019],"class_list":["post-75640","post","type-post","status-publish","format-standard","has-post-thumbnail","hentry","category-sin-categorizar","areas-cultura-ca"],"acf":[],"yoast_head":"<!-- This site is optimized with the Yoast SEO plugin v28.2 - https:\/\/yoast.com\/product\/yoast-seo-wordpress\/ -->\n<title>S&#039;estableix el II Concurs d&#039;aparadors per motiu del XVII Festival de Cinema de Sant Joan - Sant Joan d&#039;Alacant<\/title>\n<meta name=\"robots\" content=\"index, follow, max-snippet:-1, max-image-preview:large, max-video-preview:-1\" \/>\n<link rel=\"canonical\" href=\"https:\/\/www.santjoandalacant.es\/ca\/sestableix-el-ii-concurs-daparadors-per-motiu-del-xvii-festival-de-cinema-de-sant-joan\/\" \/>\n<meta property=\"og:locale\" content=\"en_US\" \/>\n<meta property=\"og:type\" content=\"article\" \/>\n<meta property=\"og:title\" content=\"S&#039;estableix el II Concurs d&#039;aparadors per motiu del XVII Festival de Cinema de Sant Joan - Sant Joan d&#039;Alacant\" \/>\n<meta property=\"og:description\" content=\"En aquesta ocasi\u00f3, aquest Festival de Cinema rendir\u00e0 un homenatge al m\u00edtic roman\u00e7 de g\u00e1nsters de Bonnie &amp; Clyde ambientat en els anys 30 i, la Regidoria de Cultura al costat de la de Comer\u00e7, us volen proposar una sorprenent iniciativa perqu\u00e8 tot Sant Joan visca la festa del cinema en els seus carrers i comer\u00e7os, lluint Aparadors de Cinema.\" \/>\n<meta property=\"og:url\" content=\"https:\/\/www.santjoandalacant.es\/ca\/sestableix-el-ii-concurs-daparadors-per-motiu-del-xvii-festival-de-cinema-de-sant-joan\/\" \/>\n<meta property=\"og:site_name\" content=\"Sant Joan d&#039;Alacant\" \/>\n<meta property=\"article:publisher\" content=\"https:\/\/www.facebook.com\/santjoandalacant\/\" \/>\n<meta property=\"article:published_time\" content=\"2017-03-24T12:32:52+00:00\" \/>\n<meta property=\"og:image\" content=\"https:\/\/www.santjoandalacant.es\/wp-content\/uploads\/2017\/06\/escaparates_web.jpg\" \/>\n\t<meta property=\"og:image:width\" content=\"439\" \/>\n\t<meta property=\"og:image:height\" content=\"621\" \/>\n\t<meta property=\"og:image:type\" content=\"image\/jpeg\" \/>\n<meta name=\"author\" content=\"6tems\" \/>\n<meta name=\"twitter:card\" content=\"summary_large_image\" \/>\n<meta name=\"twitter:label1\" content=\"Written by\" \/>\n\t<meta name=\"twitter:data1\" content=\"6tems\" \/>\n\t<meta name=\"twitter:label2\" content=\"Est. reading time\" \/>\n\t<meta name=\"twitter:data2\" content=\"1 minute\" \/>\n<script type=\"application\/ld+json\" class=\"yoast-schema-graph\">{\"@context\":\"https:\\\/\\\/schema.org\",\"@graph\":[{\"@type\":\"Article\",\"@id\":\"https:\\\/\\\/www.santjoandalacant.es\\\/ca\\\/sestableix-el-ii-concurs-daparadors-per-motiu-del-xvii-festival-de-cinema-de-sant-joan\\\/#article\",\"isPartOf\":{\"@id\":\"https:\\\/\\\/www.santjoandalacant.es\\\/ca\\\/sestableix-el-ii-concurs-daparadors-per-motiu-del-xvii-festival-de-cinema-de-sant-joan\\\/\"},\"author\":{\"name\":\"6tems\",\"@id\":\"https:\\\/\\\/www.santjoandalacant.es\\\/ca\\\/#\\\/schema\\\/person\\\/74b89bc7b26e6edafb76cd69420cd790\"},\"headline\":\"S&#8217;estableix el II Concurs d&#8217;aparadors per motiu del XVII Festival de Cinema de Sant Joan\",\"datePublished\":\"2017-03-24T12:32:52+00:00\",\"mainEntityOfPage\":{\"@id\":\"https:\\\/\\\/www.santjoandalacant.es\\\/ca\\\/sestableix-el-ii-concurs-daparadors-per-motiu-del-xvii-festival-de-cinema-de-sant-joan\\\/\"},\"wordCount\":242,\"commentCount\":0,\"publisher\":{\"@id\":\"https:\\\/\\\/www.santjoandalacant.es\\\/ca\\\/#organization\"},\"image\":{\"@id\":\"https:\\\/\\\/www.santjoandalacant.es\\\/ca\\\/sestableix-el-ii-concurs-daparadors-per-motiu-del-xvii-festival-de-cinema-de-sant-joan\\\/#primaryimage\"},\"thumbnailUrl\":\"https:\\\/\\\/www.santjoandalacant.es\\\/wp-content\\\/uploads\\\/2017\\\/06\\\/escaparates_web.jpg\",\"articleSection\":[\"Sin categorizar\"],\"inLanguage\":\"va\",\"potentialAction\":[{\"@type\":\"CommentAction\",\"name\":\"Comment\",\"target\":[\"https:\\\/\\\/www.santjoandalacant.es\\\/ca\\\/sestableix-el-ii-concurs-daparadors-per-motiu-del-xvii-festival-de-cinema-de-sant-joan\\\/#respond\"]}]},{\"@type\":\"WebPage\",\"@id\":\"https:\\\/\\\/www.santjoandalacant.es\\\/ca\\\/sestableix-el-ii-concurs-daparadors-per-motiu-del-xvii-festival-de-cinema-de-sant-joan\\\/\",\"url\":\"https:\\\/\\\/www.santjoandalacant.es\\\/ca\\\/sestableix-el-ii-concurs-daparadors-per-motiu-del-xvii-festival-de-cinema-de-sant-joan\\\/\",\"name\":\"S'estableix el II Concurs d'aparadors per motiu del XVII Festival de Cinema de Sant Joan - Sant Joan d&#039;Alacant\",\"isPartOf\":{\"@id\":\"https:\\\/\\\/www.santjoandalacant.es\\\/ca\\\/#website\"},\"primaryImageOfPage\":{\"@id\":\"https:\\\/\\\/www.santjoandalacant.es\\\/ca\\\/sestableix-el-ii-concurs-daparadors-per-motiu-del-xvii-festival-de-cinema-de-sant-joan\\\/#primaryimage\"},\"image\":{\"@id\":\"https:\\\/\\\/www.santjoandalacant.es\\\/ca\\\/sestableix-el-ii-concurs-daparadors-per-motiu-del-xvii-festival-de-cinema-de-sant-joan\\\/#primaryimage\"},\"thumbnailUrl\":\"https:\\\/\\\/www.santjoandalacant.es\\\/wp-content\\\/uploads\\\/2017\\\/06\\\/escaparates_web.jpg\",\"datePublished\":\"2017-03-24T12:32:52+00:00\",\"breadcrumb\":{\"@id\":\"https:\\\/\\\/www.santjoandalacant.es\\\/ca\\\/sestableix-el-ii-concurs-daparadors-per-motiu-del-xvii-festival-de-cinema-de-sant-joan\\\/#breadcrumb\"},\"inLanguage\":\"va\",\"potentialAction\":[{\"@type\":\"ReadAction\",\"target\":[\"https:\\\/\\\/www.santjoandalacant.es\\\/ca\\\/sestableix-el-ii-concurs-daparadors-per-motiu-del-xvii-festival-de-cinema-de-sant-joan\\\/\"]}]},{\"@type\":\"ImageObject\",\"inLanguage\":\"va\",\"@id\":\"https:\\\/\\\/www.santjoandalacant.es\\\/ca\\\/sestableix-el-ii-concurs-daparadors-per-motiu-del-xvii-festival-de-cinema-de-sant-joan\\\/#primaryimage\",\"url\":\"https:\\\/\\\/www.santjoandalacant.es\\\/wp-content\\\/uploads\\\/2017\\\/06\\\/escaparates_web.jpg\",\"contentUrl\":\"https:\\\/\\\/www.santjoandalacant.es\\\/wp-content\\\/uploads\\\/2017\\\/06\\\/escaparates_web.jpg\",\"width\":439,\"height\":621},{\"@type\":\"BreadcrumbList\",\"@id\":\"https:\\\/\\\/www.santjoandalacant.es\\\/ca\\\/sestableix-el-ii-concurs-daparadors-per-motiu-del-xvii-festival-de-cinema-de-sant-joan\\\/#breadcrumb\",\"itemListElement\":[{\"@type\":\"ListItem\",\"position\":1,\"name\":\"Inicio\",\"item\":\"https:\\\/\\\/www.santjoandalacant.es\\\/ca\\\/\"},{\"@type\":\"ListItem\",\"position\":2,\"name\":\"S&#8217;estableix el II Concurs d&#8217;aparadors per motiu del XVII Festival de Cinema de Sant Joan\"}]},{\"@type\":\"WebSite\",\"@id\":\"https:\\\/\\\/www.santjoandalacant.es\\\/ca\\\/#website\",\"url\":\"https:\\\/\\\/www.santjoandalacant.es\\\/ca\\\/\",\"name\":\"Sant Joan d'Alacant\",\"description\":\"\",\"publisher\":{\"@id\":\"https:\\\/\\\/www.santjoandalacant.es\\\/ca\\\/#organization\"},\"potentialAction\":[{\"@type\":\"SearchAction\",\"target\":{\"@type\":\"EntryPoint\",\"urlTemplate\":\"https:\\\/\\\/www.santjoandalacant.es\\\/ca\\\/?s={search_term_string}\"},\"query-input\":{\"@type\":\"PropertyValueSpecification\",\"valueRequired\":true,\"valueName\":\"search_term_string\"}}],\"inLanguage\":\"va\"},{\"@type\":\"Organization\",\"@id\":\"https:\\\/\\\/www.santjoandalacant.es\\\/ca\\\/#organization\",\"name\":\"Sant Joan d'Alacant\",\"url\":\"https:\\\/\\\/www.santjoandalacant.es\\\/ca\\\/\",\"logo\":{\"@type\":\"ImageObject\",\"inLanguage\":\"va\",\"@id\":\"https:\\\/\\\/www.santjoandalacant.es\\\/ca\\\/#\\\/schema\\\/logo\\\/image\\\/\",\"url\":\"https:\\\/\\\/www.santjoandalacant.es\\\/wp-content\\\/uploads\\\/2023\\\/08\\\/logoSJ.png\",\"contentUrl\":\"https:\\\/\\\/www.santjoandalacant.es\\\/wp-content\\\/uploads\\\/2023\\\/08\\\/logoSJ.png\",\"width\":198,\"height\":253,\"caption\":\"Sant Joan d'Alacant\"},\"image\":{\"@id\":\"https:\\\/\\\/www.santjoandalacant.es\\\/ca\\\/#\\\/schema\\\/logo\\\/image\\\/\"},\"sameAs\":[\"https:\\\/\\\/www.facebook.com\\\/santjoandalacant\\\/\",\"https:\\\/\\\/www.instagram.com\\\/santjoandalacant\\\/\",\"https:\\\/\\\/www.youtube.com\\\/user\\\/santjoandalacant\"]},{\"@type\":\"Person\",\"@id\":\"https:\\\/\\\/www.santjoandalacant.es\\\/ca\\\/#\\\/schema\\\/person\\\/74b89bc7b26e6edafb76cd69420cd790\",\"name\":\"6tems\",\"image\":{\"@type\":\"ImageObject\",\"inLanguage\":\"va\",\"@id\":\"https:\\\/\\\/secure.gravatar.com\\\/avatar\\\/1c939d9bf86da56568327e5d52b159d089efba17cde140c49884e3fe77ef9c66?s=96&d=mm&r=g\",\"url\":\"https:\\\/\\\/secure.gravatar.com\\\/avatar\\\/1c939d9bf86da56568327e5d52b159d089efba17cde140c49884e3fe77ef9c66?s=96&d=mm&r=g\",\"contentUrl\":\"https:\\\/\\\/secure.gravatar.com\\\/avatar\\\/1c939d9bf86da56568327e5d52b159d089efba17cde140c49884e3fe77ef9c66?s=96&d=mm&r=g\",\"caption\":\"6tems\"},\"sameAs\":[\"https:\\\/\\\/www.santjoandalacant.es\"],\"url\":\"https:\\\/\\\/www.santjoandalacant.es\\\/ca\\\/author\\\/adminasap\\\/\"}]}<\/script>\n<!-- \/ Yoast SEO plugin. -->","yoast_head_json":{"title":"S'estableix el II Concurs d'aparadors per motiu del XVII Festival de Cinema de Sant Joan - Sant Joan d&#039;Alacant","robots":{"index":"index","follow":"follow","max-snippet":"max-snippet:-1","max-image-preview":"max-image-preview:large","max-video-preview":"max-video-preview:-1"},"canonical":"https:\/\/www.santjoandalacant.es\/ca\/sestableix-el-ii-concurs-daparadors-per-motiu-del-xvii-festival-de-cinema-de-sant-joan\/","og_locale":"en_US","og_type":"article","og_title":"S'estableix el II Concurs d'aparadors per motiu del XVII Festival de Cinema de Sant Joan - Sant Joan d&#039;Alacant","og_description":"En aquesta ocasi\u00f3, aquest Festival de Cinema rendir\u00e0 un homenatge al m\u00edtic roman\u00e7 de g\u00e1nsters de Bonnie &amp; Clyde ambientat en els anys 30 i, la Regidoria de Cultura al costat de la de Comer\u00e7, us volen proposar una sorprenent iniciativa perqu\u00e8 tot Sant Joan visca la festa del cinema en els seus carrers i comer\u00e7os, lluint Aparadors de Cinema.","og_url":"https:\/\/www.santjoandalacant.es\/ca\/sestableix-el-ii-concurs-daparadors-per-motiu-del-xvii-festival-de-cinema-de-sant-joan\/","og_site_name":"Sant Joan d&#039;Alacant","article_publisher":"https:\/\/www.facebook.com\/santjoandalacant\/","article_published_time":"2017-03-24T12:32:52+00:00","og_image":[{"width":439,"height":621,"url":"https:\/\/www.santjoandalacant.es\/wp-content\/uploads\/2017\/06\/escaparates_web.jpg","type":"image\/jpeg"}],"author":"6tems","twitter_card":"summary_large_image","twitter_misc":{"Written by":"6tems","Est. reading time":"1 minute"},"schema":{"@context":"https:\/\/schema.org","@graph":[{"@type":"Article","@id":"https:\/\/www.santjoandalacant.es\/ca\/sestableix-el-ii-concurs-daparadors-per-motiu-del-xvii-festival-de-cinema-de-sant-joan\/#article","isPartOf":{"@id":"https:\/\/www.santjoandalacant.es\/ca\/sestableix-el-ii-concurs-daparadors-per-motiu-del-xvii-festival-de-cinema-de-sant-joan\/"},"author":{"name":"6tems","@id":"https:\/\/www.santjoandalacant.es\/ca\/#\/schema\/person\/74b89bc7b26e6edafb76cd69420cd790"},"headline":"S&#8217;estableix el II Concurs d&#8217;aparadors per motiu del XVII Festival de Cinema de Sant Joan","datePublished":"2017-03-24T12:32:52+00:00","mainEntityOfPage":{"@id":"https:\/\/www.santjoandalacant.es\/ca\/sestableix-el-ii-concurs-daparadors-per-motiu-del-xvii-festival-de-cinema-de-sant-joan\/"},"wordCount":242,"commentCount":0,"publisher":{"@id":"https:\/\/www.santjoandalacant.es\/ca\/#organization"},"image":{"@id":"https:\/\/www.santjoandalacant.es\/ca\/sestableix-el-ii-concurs-daparadors-per-motiu-del-xvii-festival-de-cinema-de-sant-joan\/#primaryimage"},"thumbnailUrl":"https:\/\/www.santjoandalacant.es\/wp-content\/uploads\/2017\/06\/escaparates_web.jpg","articleSection":["Sin categorizar"],"inLanguage":"va","potentialAction":[{"@type":"CommentAction","name":"Comment","target":["https:\/\/www.santjoandalacant.es\/ca\/sestableix-el-ii-concurs-daparadors-per-motiu-del-xvii-festival-de-cinema-de-sant-joan\/#respond"]}]},{"@type":"WebPage","@id":"https:\/\/www.santjoandalacant.es\/ca\/sestableix-el-ii-concurs-daparadors-per-motiu-del-xvii-festival-de-cinema-de-sant-joan\/","url":"https:\/\/www.santjoandalacant.es\/ca\/sestableix-el-ii-concurs-daparadors-per-motiu-del-xvii-festival-de-cinema-de-sant-joan\/","name":"S'estableix el II Concurs d'aparadors per motiu del XVII Festival de Cinema de Sant Joan - Sant Joan d&#039;Alacant","isPartOf":{"@id":"https:\/\/www.santjoandalacant.es\/ca\/#website"},"primaryImageOfPage":{"@id":"https:\/\/www.santjoandalacant.es\/ca\/sestableix-el-ii-concurs-daparadors-per-motiu-del-xvii-festival-de-cinema-de-sant-joan\/#primaryimage"},"image":{"@id":"https:\/\/www.santjoandalacant.es\/ca\/sestableix-el-ii-concurs-daparadors-per-motiu-del-xvii-festival-de-cinema-de-sant-joan\/#primaryimage"},"thumbnailUrl":"https:\/\/www.santjoandalacant.es\/wp-content\/uploads\/2017\/06\/escaparates_web.jpg","datePublished":"2017-03-24T12:32:52+00:00","breadcrumb":{"@id":"https:\/\/www.santjoandalacant.es\/ca\/sestableix-el-ii-concurs-daparadors-per-motiu-del-xvii-festival-de-cinema-de-sant-joan\/#breadcrumb"},"inLanguage":"va","potentialAction":[{"@type":"ReadAction","target":["https:\/\/www.santjoandalacant.es\/ca\/sestableix-el-ii-concurs-daparadors-per-motiu-del-xvii-festival-de-cinema-de-sant-joan\/"]}]},{"@type":"ImageObject","inLanguage":"va","@id":"https:\/\/www.santjoandalacant.es\/ca\/sestableix-el-ii-concurs-daparadors-per-motiu-del-xvii-festival-de-cinema-de-sant-joan\/#primaryimage","url":"https:\/\/www.santjoandalacant.es\/wp-content\/uploads\/2017\/06\/escaparates_web.jpg","contentUrl":"https:\/\/www.santjoandalacant.es\/wp-content\/uploads\/2017\/06\/escaparates_web.jpg","width":439,"height":621},{"@type":"BreadcrumbList","@id":"https:\/\/www.santjoandalacant.es\/ca\/sestableix-el-ii-concurs-daparadors-per-motiu-del-xvii-festival-de-cinema-de-sant-joan\/#breadcrumb","itemListElement":[{"@type":"ListItem","position":1,"name":"Inicio","item":"https:\/\/www.santjoandalacant.es\/ca\/"},{"@type":"ListItem","position":2,"name":"S&#8217;estableix el II Concurs d&#8217;aparadors per motiu del XVII Festival de Cinema de Sant Joan"}]},{"@type":"WebSite","@id":"https:\/\/www.santjoandalacant.es\/ca\/#website","url":"https:\/\/www.santjoandalacant.es\/ca\/","name":"Sant Joan d'Alacant","description":"","publisher":{"@id":"https:\/\/www.santjoandalacant.es\/ca\/#organization"},"potentialAction":[{"@type":"SearchAction","target":{"@type":"EntryPoint","urlTemplate":"https:\/\/www.santjoandalacant.es\/ca\/?s={search_term_string}"},"query-input":{"@type":"PropertyValueSpecification","valueRequired":true,"valueName":"search_term_string"}}],"inLanguage":"va"},{"@type":"Organization","@id":"https:\/\/www.santjoandalacant.es\/ca\/#organization","name":"Sant Joan d'Alacant","url":"https:\/\/www.santjoandalacant.es\/ca\/","logo":{"@type":"ImageObject","inLanguage":"va","@id":"https:\/\/www.santjoandalacant.es\/ca\/#\/schema\/logo\/image\/","url":"https:\/\/www.santjoandalacant.es\/wp-content\/uploads\/2023\/08\/logoSJ.png","contentUrl":"https:\/\/www.santjoandalacant.es\/wp-content\/uploads\/2023\/08\/logoSJ.png","width":198,"height":253,"caption":"Sant Joan d'Alacant"},"image":{"@id":"https:\/\/www.santjoandalacant.es\/ca\/#\/schema\/logo\/image\/"},"sameAs":["https:\/\/www.facebook.com\/santjoandalacant\/","https:\/\/www.instagram.com\/santjoandalacant\/","https:\/\/www.youtube.com\/user\/santjoandalacant"]},{"@type":"Person","@id":"https:\/\/www.santjoandalacant.es\/ca\/#\/schema\/person\/74b89bc7b26e6edafb76cd69420cd790","name":"6tems","image":{"@type":"ImageObject","inLanguage":"va","@id":"https:\/\/secure.gravatar.com\/avatar\/1c939d9bf86da56568327e5d52b159d089efba17cde140c49884e3fe77ef9c66?s=96&d=mm&r=g","url":"https:\/\/secure.gravatar.com\/avatar\/1c939d9bf86da56568327e5d52b159d089efba17cde140c49884e3fe77ef9c66?s=96&d=mm&r=g","contentUrl":"https:\/\/secure.gravatar.com\/avatar\/1c939d9bf86da56568327e5d52b159d089efba17cde140c49884e3fe77ef9c66?s=96&d=mm&r=g","caption":"6tems"},"sameAs":["https:\/\/www.santjoandalacant.es"],"url":"https:\/\/www.santjoandalacant.es\/ca\/author\/adminasap\/"}]}},"_links":{"self":[{"href":"https:\/\/www.santjoandalacant.es\/ca\/wp-json\/wp\/v2\/posts\/75640","targetHints":{"allow":["GET"]}}],"collection":[{"href":"https:\/\/www.santjoandalacant.es\/ca\/wp-json\/wp\/v2\/posts"}],"about":[{"href":"https:\/\/www.santjoandalacant.es\/ca\/wp-json\/wp\/v2\/types\/post"}],"author":[{"embeddable":true,"href":"https:\/\/www.santjoandalacant.es\/ca\/wp-json\/wp\/v2\/users\/1"}],"replies":[{"embeddable":true,"href":"https:\/\/www.santjoandalacant.es\/ca\/wp-json\/wp\/v2\/comments?post=75640"}],"version-history":[{"count":0,"href":"https:\/\/www.santjoandalacant.es\/ca\/wp-json\/wp\/v2\/posts\/75640\/revisions"}],"wp:featuredmedia":[{"embeddable":true,"href":"https:\/\/www.santjoandalacant.es\/ca\/wp-json\/wp\/v2\/media\/22729"}],"wp:attachment":[{"href":"https:\/\/www.santjoandalacant.es\/ca\/wp-json\/wp\/v2\/media?parent=75640"}],"wp:term":[{"taxonomy":"category","embeddable":true,"href":"https:\/\/www.santjoandalacant.es\/ca\/wp-json\/wp\/v2\/categories?post=75640"},{"taxonomy":"post_tag","embeddable":true,"href":"https:\/\/www.santjoandalacant.es\/ca\/wp-json\/wp\/v2\/tags?post=75640"},{"taxonomy":"areas","embeddable":true,"href":"https:\/\/www.santjoandalacant.es\/ca\/wp-json\/wp\/v2\/areas?post=75640"}],"curies":[{"name":"wp","href":"https:\/\/api.w.org\/{rel}","templated":true}]}}