{"id":75642,"date":"2017-03-23T10:18:05","date_gmt":"2017-03-23T10:18:05","guid":{"rendered":"https:\/\/santjoan.developersasapglobalsolution.com\/sant-joan-dalacant-homenatja-al-poeta-miguel-hernandez\/"},"modified":"2017-03-23T10:18:05","modified_gmt":"2017-03-23T10:18:05","slug":"sant-joan-dalacant-homenatja-al-poeta-miguel-hernandez","status":"publish","type":"post","link":"https:\/\/www.santjoandalacant.es\/ca\/sant-joan-dalacant-homenatja-al-poeta-miguel-hernandez\/","title":{"rendered":"SANT JOAN D&#8217;ALACANT HOMENATJA Al POETA MIGUEL HERN\u00c1NDEZ"},"content":{"rendered":"<div>El divendres 24 de mar\u00e7, a les 20:00h en l&#8217;auditori Antonio Gil de la Casa de Cultura tindrem l&#8217;obra \u201cDe Miguel a Miguel\u201d, on Miguel Molina es converteix en Miguel Hern\u00e1ndez en l&#8217;escenari. Molina no solament ens acosta la pres\u00e8ncia de Miguel Hern\u00e1ndez, sin\u00f3 que tamb\u00e9 ens condueix a l&#8217;interior de la seua cel\u00b7la, la realitat d&#8217;un poeta universal per\u00f2 abandonat pel m\u00f3n que li va tornar el rostre. La m\u00fasica \u00e9s el gran subtext de l&#8217;obra. Composta de forma original per Luis de Arquer i interpretada en directe per ell mateix al piano i per la violoncel\u00b7lista Gabrielle Kaufman.<\/div>\n<div>&nbsp;<\/div>\n<div>El diumenge 26 de mar\u00e7, tamb\u00e9 a les 20:00h en l&#8217;auditori Antonio Gil de la Casa de Cultura gaudirem de \u201cMiguel Hern\u00e1ndez: Vida, amor y muerte\u201d; amb aquest recital en el qual els versos del poeta estan acompanyats pel piano, en una selecci\u00f3 d&#8217;obres po\u00e8tiques i musicals in\u00e8dita que cerca harmonitzar les paraules i les notes per a crear un espectacle original que ens submergisca de ple en el m\u00f3n hernandiano i ho gaudim plenament.<\/div>\n<div>&nbsp;<\/div>\n<div>I finalment, el 23 d&#8217;abril a les 12:00h en l&#8217;auditori de la Casa de Cultura, la banda de la Societat Musical La Paz oferir\u00e0 el concert en commemoraci\u00f3 del dia del llibre, en honor al 75\u00ba aniversari de la mort del poeta Miguel Hern\u00e1ndez.<\/div>\n","protected":false},"excerpt":{"rendered":"<div>\nEl divendres 24 de mar\u00e7, a les 20:00h en l&#8217;auditori Antonio Gil de la Casa de Cultura tindrem l&#8217;obra \u201cDe Miguel a Miguel\u201d, on Miguel Molina es converteix en Miguel Hern\u00e1ndez en l&#8217;escenari. Molina no solament ens acosta la pres\u00e8ncia de Miguel Hern\u00e1ndez, sin\u00f3 que tamb\u00e9 ens condueix a l&#8217;interior de la seua cel\u00b7la, la realitat d&#8217;un poeta universal per\u00f2 abandonat pel m\u00f3n que li va tornar el rostre. La m\u00fasica \u00e9s el gran subtext de l&#8217;obra.<\/p>\n","protected":false},"author":1,"featured_media":22746,"comment_status":"open","ping_status":"open","sticky":false,"template":"","format":"standard","meta":{"_acf_changed":false,"rs_blank_template":"","rs_page_bg_color":"","slide_template_v7":"","footnotes":""},"categories":[1],"tags":[],"areas":[1019],"class_list":["post-75642","post","type-post","status-publish","format-standard","has-post-thumbnail","hentry","category-sin-categorizar","areas-cultura-ca"],"acf":[],"yoast_head":"<!-- This site is optimized with the Yoast SEO plugin v28.2 - https:\/\/yoast.com\/product\/yoast-seo-wordpress\/ -->\n<title>SANT JOAN D&#039;ALACANT HOMENATJA Al POETA MIGUEL HERN\u00c1NDEZ - Sant Joan d&#039;Alacant<\/title>\n<meta name=\"robots\" content=\"index, follow, max-snippet:-1, max-image-preview:large, max-video-preview:-1\" \/>\n<link rel=\"canonical\" href=\"https:\/\/www.santjoandalacant.es\/ca\/sant-joan-dalacant-homenatja-al-poeta-miguel-hernandez\/\" \/>\n<meta property=\"og:locale\" content=\"en_US\" \/>\n<meta property=\"og:type\" content=\"article\" \/>\n<meta property=\"og:title\" content=\"SANT JOAN D&#039;ALACANT HOMENATJA Al POETA MIGUEL HERN\u00c1NDEZ - Sant Joan d&#039;Alacant\" \/>\n<meta property=\"og:description\" content=\"El divendres 24 de mar\u00e7, a les 20:00h en l&#039;auditori Antonio Gil de la Casa de Cultura tindrem l&#039;obra \u201cDe Miguel a Miguel\u201d, on Miguel Molina es converteix en Miguel Hern\u00e1ndez en l&#039;escenari. Molina no solament ens acosta la pres\u00e8ncia de Miguel Hern\u00e1ndez, sin\u00f3 que tamb\u00e9 ens condueix a l&#039;interior de la seua cel\u00b7la, la realitat d&#039;un poeta universal per\u00f2 abandonat pel m\u00f3n que li va tornar el rostre. La m\u00fasica \u00e9s el gran subtext de l&#039;obra.\" \/>\n<meta property=\"og:url\" content=\"https:\/\/www.santjoandalacant.es\/ca\/sant-joan-dalacant-homenatja-al-poeta-miguel-hernandez\/\" \/>\n<meta property=\"og:site_name\" content=\"Sant Joan d&#039;Alacant\" \/>\n<meta property=\"article:publisher\" content=\"https:\/\/www.facebook.com\/santjoandalacant\/\" \/>\n<meta property=\"article:published_time\" content=\"2017-03-23T10:18:05+00:00\" \/>\n<meta property=\"og:image\" content=\"https:\/\/www.santjoandalacant.es\/wp-content\/uploads\/2017\/06\/CARTEL_RECITAL_sant_joan-scaled.jpg\" \/>\n\t<meta property=\"og:image:width\" content=\"1810\" \/>\n\t<meta property=\"og:image:height\" content=\"2560\" \/>\n\t<meta property=\"og:image:type\" content=\"image\/jpeg\" \/>\n<meta name=\"author\" content=\"6tems\" \/>\n<meta name=\"twitter:card\" content=\"summary_large_image\" \/>\n<meta name=\"twitter:label1\" content=\"Written by\" \/>\n\t<meta name=\"twitter:data1\" content=\"6tems\" \/>\n\t<meta name=\"twitter:label2\" content=\"Est. reading time\" \/>\n\t<meta name=\"twitter:data2\" content=\"1 minute\" \/>\n<script type=\"application\/ld+json\" class=\"yoast-schema-graph\">{\"@context\":\"https:\\\/\\\/schema.org\",\"@graph\":[{\"@type\":\"Article\",\"@id\":\"https:\\\/\\\/www.santjoandalacant.es\\\/ca\\\/sant-joan-dalacant-homenatja-al-poeta-miguel-hernandez\\\/#article\",\"isPartOf\":{\"@id\":\"https:\\\/\\\/www.santjoandalacant.es\\\/ca\\\/sant-joan-dalacant-homenatja-al-poeta-miguel-hernandez\\\/\"},\"author\":{\"name\":\"6tems\",\"@id\":\"https:\\\/\\\/www.santjoandalacant.es\\\/ca\\\/#\\\/schema\\\/person\\\/74b89bc7b26e6edafb76cd69420cd790\"},\"headline\":\"SANT JOAN D&#8217;ALACANT HOMENATJA Al POETA MIGUEL HERN\u00c1NDEZ\",\"datePublished\":\"2017-03-23T10:18:05+00:00\",\"mainEntityOfPage\":{\"@id\":\"https:\\\/\\\/www.santjoandalacant.es\\\/ca\\\/sant-joan-dalacant-homenatja-al-poeta-miguel-hernandez\\\/\"},\"wordCount\":249,\"commentCount\":0,\"publisher\":{\"@id\":\"https:\\\/\\\/www.santjoandalacant.es\\\/ca\\\/#organization\"},\"image\":{\"@id\":\"https:\\\/\\\/www.santjoandalacant.es\\\/ca\\\/sant-joan-dalacant-homenatja-al-poeta-miguel-hernandez\\\/#primaryimage\"},\"thumbnailUrl\":\"https:\\\/\\\/www.santjoandalacant.es\\\/wp-content\\\/uploads\\\/2017\\\/06\\\/CARTEL_RECITAL_sant_joan-scaled.jpg\",\"articleSection\":[\"Sin categorizar\"],\"inLanguage\":\"va\",\"potentialAction\":[{\"@type\":\"CommentAction\",\"name\":\"Comment\",\"target\":[\"https:\\\/\\\/www.santjoandalacant.es\\\/ca\\\/sant-joan-dalacant-homenatja-al-poeta-miguel-hernandez\\\/#respond\"]}]},{\"@type\":\"WebPage\",\"@id\":\"https:\\\/\\\/www.santjoandalacant.es\\\/ca\\\/sant-joan-dalacant-homenatja-al-poeta-miguel-hernandez\\\/\",\"url\":\"https:\\\/\\\/www.santjoandalacant.es\\\/ca\\\/sant-joan-dalacant-homenatja-al-poeta-miguel-hernandez\\\/\",\"name\":\"SANT JOAN D'ALACANT HOMENATJA Al POETA MIGUEL HERN\u00c1NDEZ - Sant Joan d&#039;Alacant\",\"isPartOf\":{\"@id\":\"https:\\\/\\\/www.santjoandalacant.es\\\/ca\\\/#website\"},\"primaryImageOfPage\":{\"@id\":\"https:\\\/\\\/www.santjoandalacant.es\\\/ca\\\/sant-joan-dalacant-homenatja-al-poeta-miguel-hernandez\\\/#primaryimage\"},\"image\":{\"@id\":\"https:\\\/\\\/www.santjoandalacant.es\\\/ca\\\/sant-joan-dalacant-homenatja-al-poeta-miguel-hernandez\\\/#primaryimage\"},\"thumbnailUrl\":\"https:\\\/\\\/www.santjoandalacant.es\\\/wp-content\\\/uploads\\\/2017\\\/06\\\/CARTEL_RECITAL_sant_joan-scaled.jpg\",\"datePublished\":\"2017-03-23T10:18:05+00:00\",\"breadcrumb\":{\"@id\":\"https:\\\/\\\/www.santjoandalacant.es\\\/ca\\\/sant-joan-dalacant-homenatja-al-poeta-miguel-hernandez\\\/#breadcrumb\"},\"inLanguage\":\"va\",\"potentialAction\":[{\"@type\":\"ReadAction\",\"target\":[\"https:\\\/\\\/www.santjoandalacant.es\\\/ca\\\/sant-joan-dalacant-homenatja-al-poeta-miguel-hernandez\\\/\"]}]},{\"@type\":\"ImageObject\",\"inLanguage\":\"va\",\"@id\":\"https:\\\/\\\/www.santjoandalacant.es\\\/ca\\\/sant-joan-dalacant-homenatja-al-poeta-miguel-hernandez\\\/#primaryimage\",\"url\":\"https:\\\/\\\/www.santjoandalacant.es\\\/wp-content\\\/uploads\\\/2017\\\/06\\\/CARTEL_RECITAL_sant_joan-scaled.jpg\",\"contentUrl\":\"https:\\\/\\\/www.santjoandalacant.es\\\/wp-content\\\/uploads\\\/2017\\\/06\\\/CARTEL_RECITAL_sant_joan-scaled.jpg\",\"width\":1810,\"height\":2560},{\"@type\":\"BreadcrumbList\",\"@id\":\"https:\\\/\\\/www.santjoandalacant.es\\\/ca\\\/sant-joan-dalacant-homenatja-al-poeta-miguel-hernandez\\\/#breadcrumb\",\"itemListElement\":[{\"@type\":\"ListItem\",\"position\":1,\"name\":\"Inicio\",\"item\":\"https:\\\/\\\/www.santjoandalacant.es\\\/ca\\\/\"},{\"@type\":\"ListItem\",\"position\":2,\"name\":\"SANT JOAN D&#8217;ALACANT HOMENATJA Al POETA MIGUEL HERN\u00c1NDEZ\"}]},{\"@type\":\"WebSite\",\"@id\":\"https:\\\/\\\/www.santjoandalacant.es\\\/ca\\\/#website\",\"url\":\"https:\\\/\\\/www.santjoandalacant.es\\\/ca\\\/\",\"name\":\"Sant Joan d'Alacant\",\"description\":\"\",\"publisher\":{\"@id\":\"https:\\\/\\\/www.santjoandalacant.es\\\/ca\\\/#organization\"},\"potentialAction\":[{\"@type\":\"SearchAction\",\"target\":{\"@type\":\"EntryPoint\",\"urlTemplate\":\"https:\\\/\\\/www.santjoandalacant.es\\\/ca\\\/?s={search_term_string}\"},\"query-input\":{\"@type\":\"PropertyValueSpecification\",\"valueRequired\":true,\"valueName\":\"search_term_string\"}}],\"inLanguage\":\"va\"},{\"@type\":\"Organization\",\"@id\":\"https:\\\/\\\/www.santjoandalacant.es\\\/ca\\\/#organization\",\"name\":\"Sant Joan d'Alacant\",\"url\":\"https:\\\/\\\/www.santjoandalacant.es\\\/ca\\\/\",\"logo\":{\"@type\":\"ImageObject\",\"inLanguage\":\"va\",\"@id\":\"https:\\\/\\\/www.santjoandalacant.es\\\/ca\\\/#\\\/schema\\\/logo\\\/image\\\/\",\"url\":\"https:\\\/\\\/www.santjoandalacant.es\\\/wp-content\\\/uploads\\\/2023\\\/08\\\/logoSJ.png\",\"contentUrl\":\"https:\\\/\\\/www.santjoandalacant.es\\\/wp-content\\\/uploads\\\/2023\\\/08\\\/logoSJ.png\",\"width\":198,\"height\":253,\"caption\":\"Sant Joan d'Alacant\"},\"image\":{\"@id\":\"https:\\\/\\\/www.santjoandalacant.es\\\/ca\\\/#\\\/schema\\\/logo\\\/image\\\/\"},\"sameAs\":[\"https:\\\/\\\/www.facebook.com\\\/santjoandalacant\\\/\",\"https:\\\/\\\/www.instagram.com\\\/santjoandalacant\\\/\",\"https:\\\/\\\/www.youtube.com\\\/user\\\/santjoandalacant\"]},{\"@type\":\"Person\",\"@id\":\"https:\\\/\\\/www.santjoandalacant.es\\\/ca\\\/#\\\/schema\\\/person\\\/74b89bc7b26e6edafb76cd69420cd790\",\"name\":\"6tems\",\"image\":{\"@type\":\"ImageObject\",\"inLanguage\":\"va\",\"@id\":\"https:\\\/\\\/secure.gravatar.com\\\/avatar\\\/1c939d9bf86da56568327e5d52b159d089efba17cde140c49884e3fe77ef9c66?s=96&d=mm&r=g\",\"url\":\"https:\\\/\\\/secure.gravatar.com\\\/avatar\\\/1c939d9bf86da56568327e5d52b159d089efba17cde140c49884e3fe77ef9c66?s=96&d=mm&r=g\",\"contentUrl\":\"https:\\\/\\\/secure.gravatar.com\\\/avatar\\\/1c939d9bf86da56568327e5d52b159d089efba17cde140c49884e3fe77ef9c66?s=96&d=mm&r=g\",\"caption\":\"6tems\"},\"sameAs\":[\"https:\\\/\\\/www.santjoandalacant.es\"],\"url\":\"https:\\\/\\\/www.santjoandalacant.es\\\/ca\\\/author\\\/adminasap\\\/\"}]}<\/script>\n<!-- \/ Yoast SEO plugin. -->","yoast_head_json":{"title":"SANT JOAN D'ALACANT HOMENATJA Al POETA MIGUEL HERN\u00c1NDEZ - Sant Joan d&#039;Alacant","robots":{"index":"index","follow":"follow","max-snippet":"max-snippet:-1","max-image-preview":"max-image-preview:large","max-video-preview":"max-video-preview:-1"},"canonical":"https:\/\/www.santjoandalacant.es\/ca\/sant-joan-dalacant-homenatja-al-poeta-miguel-hernandez\/","og_locale":"en_US","og_type":"article","og_title":"SANT JOAN D'ALACANT HOMENATJA Al POETA MIGUEL HERN\u00c1NDEZ - Sant Joan d&#039;Alacant","og_description":"El divendres 24 de mar\u00e7, a les 20:00h en l'auditori Antonio Gil de la Casa de Cultura tindrem l'obra \u201cDe Miguel a Miguel\u201d, on Miguel Molina es converteix en Miguel Hern\u00e1ndez en l'escenari. Molina no solament ens acosta la pres\u00e8ncia de Miguel Hern\u00e1ndez, sin\u00f3 que tamb\u00e9 ens condueix a l'interior de la seua cel\u00b7la, la realitat d'un poeta universal per\u00f2 abandonat pel m\u00f3n que li va tornar el rostre. La m\u00fasica \u00e9s el gran subtext de l'obra.","og_url":"https:\/\/www.santjoandalacant.es\/ca\/sant-joan-dalacant-homenatja-al-poeta-miguel-hernandez\/","og_site_name":"Sant Joan d&#039;Alacant","article_publisher":"https:\/\/www.facebook.com\/santjoandalacant\/","article_published_time":"2017-03-23T10:18:05+00:00","og_image":[{"width":1810,"height":2560,"url":"https:\/\/www.santjoandalacant.es\/wp-content\/uploads\/2017\/06\/CARTEL_RECITAL_sant_joan-scaled.jpg","type":"image\/jpeg"}],"author":"6tems","twitter_card":"summary_large_image","twitter_misc":{"Written by":"6tems","Est. reading time":"1 minute"},"schema":{"@context":"https:\/\/schema.org","@graph":[{"@type":"Article","@id":"https:\/\/www.santjoandalacant.es\/ca\/sant-joan-dalacant-homenatja-al-poeta-miguel-hernandez\/#article","isPartOf":{"@id":"https:\/\/www.santjoandalacant.es\/ca\/sant-joan-dalacant-homenatja-al-poeta-miguel-hernandez\/"},"author":{"name":"6tems","@id":"https:\/\/www.santjoandalacant.es\/ca\/#\/schema\/person\/74b89bc7b26e6edafb76cd69420cd790"},"headline":"SANT JOAN D&#8217;ALACANT HOMENATJA Al POETA MIGUEL HERN\u00c1NDEZ","datePublished":"2017-03-23T10:18:05+00:00","mainEntityOfPage":{"@id":"https:\/\/www.santjoandalacant.es\/ca\/sant-joan-dalacant-homenatja-al-poeta-miguel-hernandez\/"},"wordCount":249,"commentCount":0,"publisher":{"@id":"https:\/\/www.santjoandalacant.es\/ca\/#organization"},"image":{"@id":"https:\/\/www.santjoandalacant.es\/ca\/sant-joan-dalacant-homenatja-al-poeta-miguel-hernandez\/#primaryimage"},"thumbnailUrl":"https:\/\/www.santjoandalacant.es\/wp-content\/uploads\/2017\/06\/CARTEL_RECITAL_sant_joan-scaled.jpg","articleSection":["Sin categorizar"],"inLanguage":"va","potentialAction":[{"@type":"CommentAction","name":"Comment","target":["https:\/\/www.santjoandalacant.es\/ca\/sant-joan-dalacant-homenatja-al-poeta-miguel-hernandez\/#respond"]}]},{"@type":"WebPage","@id":"https:\/\/www.santjoandalacant.es\/ca\/sant-joan-dalacant-homenatja-al-poeta-miguel-hernandez\/","url":"https:\/\/www.santjoandalacant.es\/ca\/sant-joan-dalacant-homenatja-al-poeta-miguel-hernandez\/","name":"SANT JOAN D'ALACANT HOMENATJA Al POETA MIGUEL HERN\u00c1NDEZ - Sant Joan d&#039;Alacant","isPartOf":{"@id":"https:\/\/www.santjoandalacant.es\/ca\/#website"},"primaryImageOfPage":{"@id":"https:\/\/www.santjoandalacant.es\/ca\/sant-joan-dalacant-homenatja-al-poeta-miguel-hernandez\/#primaryimage"},"image":{"@id":"https:\/\/www.santjoandalacant.es\/ca\/sant-joan-dalacant-homenatja-al-poeta-miguel-hernandez\/#primaryimage"},"thumbnailUrl":"https:\/\/www.santjoandalacant.es\/wp-content\/uploads\/2017\/06\/CARTEL_RECITAL_sant_joan-scaled.jpg","datePublished":"2017-03-23T10:18:05+00:00","breadcrumb":{"@id":"https:\/\/www.santjoandalacant.es\/ca\/sant-joan-dalacant-homenatja-al-poeta-miguel-hernandez\/#breadcrumb"},"inLanguage":"va","potentialAction":[{"@type":"ReadAction","target":["https:\/\/www.santjoandalacant.es\/ca\/sant-joan-dalacant-homenatja-al-poeta-miguel-hernandez\/"]}]},{"@type":"ImageObject","inLanguage":"va","@id":"https:\/\/www.santjoandalacant.es\/ca\/sant-joan-dalacant-homenatja-al-poeta-miguel-hernandez\/#primaryimage","url":"https:\/\/www.santjoandalacant.es\/wp-content\/uploads\/2017\/06\/CARTEL_RECITAL_sant_joan-scaled.jpg","contentUrl":"https:\/\/www.santjoandalacant.es\/wp-content\/uploads\/2017\/06\/CARTEL_RECITAL_sant_joan-scaled.jpg","width":1810,"height":2560},{"@type":"BreadcrumbList","@id":"https:\/\/www.santjoandalacant.es\/ca\/sant-joan-dalacant-homenatja-al-poeta-miguel-hernandez\/#breadcrumb","itemListElement":[{"@type":"ListItem","position":1,"name":"Inicio","item":"https:\/\/www.santjoandalacant.es\/ca\/"},{"@type":"ListItem","position":2,"name":"SANT JOAN D&#8217;ALACANT HOMENATJA Al POETA MIGUEL HERN\u00c1NDEZ"}]},{"@type":"WebSite","@id":"https:\/\/www.santjoandalacant.es\/ca\/#website","url":"https:\/\/www.santjoandalacant.es\/ca\/","name":"Sant Joan d'Alacant","description":"","publisher":{"@id":"https:\/\/www.santjoandalacant.es\/ca\/#organization"},"potentialAction":[{"@type":"SearchAction","target":{"@type":"EntryPoint","urlTemplate":"https:\/\/www.santjoandalacant.es\/ca\/?s={search_term_string}"},"query-input":{"@type":"PropertyValueSpecification","valueRequired":true,"valueName":"search_term_string"}}],"inLanguage":"va"},{"@type":"Organization","@id":"https:\/\/www.santjoandalacant.es\/ca\/#organization","name":"Sant Joan d'Alacant","url":"https:\/\/www.santjoandalacant.es\/ca\/","logo":{"@type":"ImageObject","inLanguage":"va","@id":"https:\/\/www.santjoandalacant.es\/ca\/#\/schema\/logo\/image\/","url":"https:\/\/www.santjoandalacant.es\/wp-content\/uploads\/2023\/08\/logoSJ.png","contentUrl":"https:\/\/www.santjoandalacant.es\/wp-content\/uploads\/2023\/08\/logoSJ.png","width":198,"height":253,"caption":"Sant Joan d'Alacant"},"image":{"@id":"https:\/\/www.santjoandalacant.es\/ca\/#\/schema\/logo\/image\/"},"sameAs":["https:\/\/www.facebook.com\/santjoandalacant\/","https:\/\/www.instagram.com\/santjoandalacant\/","https:\/\/www.youtube.com\/user\/santjoandalacant"]},{"@type":"Person","@id":"https:\/\/www.santjoandalacant.es\/ca\/#\/schema\/person\/74b89bc7b26e6edafb76cd69420cd790","name":"6tems","image":{"@type":"ImageObject","inLanguage":"va","@id":"https:\/\/secure.gravatar.com\/avatar\/1c939d9bf86da56568327e5d52b159d089efba17cde140c49884e3fe77ef9c66?s=96&d=mm&r=g","url":"https:\/\/secure.gravatar.com\/avatar\/1c939d9bf86da56568327e5d52b159d089efba17cde140c49884e3fe77ef9c66?s=96&d=mm&r=g","contentUrl":"https:\/\/secure.gravatar.com\/avatar\/1c939d9bf86da56568327e5d52b159d089efba17cde140c49884e3fe77ef9c66?s=96&d=mm&r=g","caption":"6tems"},"sameAs":["https:\/\/www.santjoandalacant.es"],"url":"https:\/\/www.santjoandalacant.es\/ca\/author\/adminasap\/"}]}},"_links":{"self":[{"href":"https:\/\/www.santjoandalacant.es\/ca\/wp-json\/wp\/v2\/posts\/75642","targetHints":{"allow":["GET"]}}],"collection":[{"href":"https:\/\/www.santjoandalacant.es\/ca\/wp-json\/wp\/v2\/posts"}],"about":[{"href":"https:\/\/www.santjoandalacant.es\/ca\/wp-json\/wp\/v2\/types\/post"}],"author":[{"embeddable":true,"href":"https:\/\/www.santjoandalacant.es\/ca\/wp-json\/wp\/v2\/users\/1"}],"replies":[{"embeddable":true,"href":"https:\/\/www.santjoandalacant.es\/ca\/wp-json\/wp\/v2\/comments?post=75642"}],"version-history":[{"count":0,"href":"https:\/\/www.santjoandalacant.es\/ca\/wp-json\/wp\/v2\/posts\/75642\/revisions"}],"wp:featuredmedia":[{"embeddable":true,"href":"https:\/\/www.santjoandalacant.es\/ca\/wp-json\/wp\/v2\/media\/22746"}],"wp:attachment":[{"href":"https:\/\/www.santjoandalacant.es\/ca\/wp-json\/wp\/v2\/media?parent=75642"}],"wp:term":[{"taxonomy":"category","embeddable":true,"href":"https:\/\/www.santjoandalacant.es\/ca\/wp-json\/wp\/v2\/categories?post=75642"},{"taxonomy":"post_tag","embeddable":true,"href":"https:\/\/www.santjoandalacant.es\/ca\/wp-json\/wp\/v2\/tags?post=75642"},{"taxonomy":"areas","embeddable":true,"href":"https:\/\/www.santjoandalacant.es\/ca\/wp-json\/wp\/v2\/areas?post=75642"}],"curies":[{"name":"wp","href":"https:\/\/api.w.org\/{rel}","templated":true}]}}