{"id":75661,"date":"2017-03-14T12:01:46","date_gmt":"2017-03-14T12:01:46","guid":{"rendered":"https:\/\/santjoan.developersasapglobalsolution.com\/musica-poesia-i-commemoracions-a-lacte-central-de-la-dona\/"},"modified":"2017-03-14T12:01:46","modified_gmt":"2017-03-14T12:01:46","slug":"musica-poesia-i-commemoracions-a-lacte-central-de-la-dona","status":"publish","type":"post","link":"https:\/\/www.santjoandalacant.es\/ca\/musica-poesia-i-commemoracions-a-lacte-central-de-la-dona\/","title":{"rendered":"M\u00fasica, poesia i commemoracions a l&#8217;Acte Central de la Dona"},"content":{"rendered":"<div style=\"text-align: justify\">La Regidoria d&#8217;Igualtat ha commemorat el 8 de mar\u00e7 amb un acte presentat per la santjoanera Ver\u00f3nica Mira. A m\u00e9s de donar la benvinguda, ella va ser l&#8217;encarregada de donar pas a Kontxi Lorente, Let\u00edcia Marrades i Kay Day, un trio que va portar un exercici art\u00edstic basat en una mescla de m\u00fasica jazz i poesia anomenat &#8220;Caf\u00e9 de fel&#8221;, un projecte sensible alhora que en\u00e8rgic en el qual els poemes i les can\u00e7ons ens van introduir en un univers protagonitzat pel paper de la dona en la hist\u00f2ria del jazz. L&#8217;actuaci\u00f3 va delectar als i les assistents amb el seu talent, delicadesa i el seu car\u00e0cter feminista.<\/div>\n<div style=\"text-align: justify\">&nbsp;<\/div>\n<div style=\"text-align: justify\">&nbsp;<\/div>\n<div style=\"text-align: justify\">&nbsp;<\/div>\n<div style=\"text-align: justify\">El moment m\u00e9s emotiu de la cerim\u00f2nia va ser quan Guillermina Revolta i Josefina Bueno van pujar a arreplegar el reconeixement que els va dedicar la regidora d&#8217;Igualtat Alba Lled\u00f3, per exercir les seues professions promovent una s\u00e8rie de valors basats en la igualtat i el respecte, concordes amb una societat exigent que reclama un tracte igualitari entre homes i dones.<\/div>\n<div style=\"text-align: justify\">&nbsp;<\/div>\n<div style=\"text-align: justify\">&nbsp;<\/div>\n<div style=\"text-align: justify\">&nbsp;<\/div>\n<div style=\"text-align: justify\">Guillermina, a m\u00e9s de ser professora a l&#8217;IES Lloixa, \u00e9s component de l&#8217;aula de Debat Feminista de la Universitat d&#8217;Alacant i s\u00f2cia fundadora de l&#8217;Associaci\u00f3 per al Museu dels Fets i Drets de les Dones, gran impulsora de tallers contra la viol\u00e8ncia de g\u00e8nere i diverses pon\u00e8ncies amb perspectiva de g\u00e8nere.<\/div>\n<div style=\"text-align: justify\">&nbsp;<\/div>\n<div style=\"text-align: justify\">&nbsp;<\/div>\n<div style=\"text-align: justify\">&nbsp;<\/div>\n<div style=\"text-align: justify\">Per la seua banda, Josefina Bueno ha sigut professora de Filologia Francesa en la Universitat d&#8217;Alacant i ara \u00e9s Directora General d&#8217;Universitat, Recerca i Ci\u00e8ncia de la Conselleria d&#8217;Educaci\u00f3. Ha treballat en el discurs de les dones musulmanes a Fran\u00e7a i actualment tamb\u00e9 \u00e9s avaluadora en projectes de g\u00e8nere per la Unitat de Dona i Ci\u00e8ncia.<\/div>\n<div style=\"text-align: justify\">&nbsp;<\/div>\n<div style=\"text-align: justify\">&nbsp;<\/div>\n<div style=\"text-align: justify\">&nbsp;<\/div>\n<div style=\"text-align: justify\">Ambdues es van sentir molt agra\u00efdes i van dedicar el premi a totes les persones que fan possible que elles estiguen involucrades en un moviment col\u00b7lectiu que cerca acabar amb aquells aspectes que fan que encara h\u00e0gem de suportar la discriminaci\u00f3 per motius de g\u00e8nere.<\/div>\n<div style=\"text-align: justify\">&nbsp;<\/div>\n<div style=\"text-align: justify\">&nbsp;<\/div>\n<div style=\"text-align: justify\">&nbsp;<\/div>\n<div style=\"text-align: justify\">Alba Lled\u00f3, va dedicar unes paraules insistint en la import\u00e0ncia de seguir visibilitzant la lluita per una societat m\u00e9s justa, tolerant i igualit\u00e0ria, aix\u00ed com denunciar la viol\u00e8ncia de g\u00e8nere i l&#8217;exclusi\u00f3 pel fet de ser dona.<\/div>\n<div style=\"text-align: justify\">&nbsp;<\/div>\n<div style=\"text-align: justify\">&nbsp;<\/div>\n<div style=\"text-align: justify\">L&#8217;acte posava fi a una setmana de tallers, xarrades i actes centrats en incidir que la responsabilitat d&#8217;acabar amb les desigualtats la tenim tots i totes cadascun dels dies de l&#8217;any.<\/div>\n","protected":false},"excerpt":{"rendered":"<div style=\"text-align: justify\">\nLa Regidoria d&#8217;Igualtat ha commemorat el 8 de mar\u00e7 amb un acte presentat per la santjoanera Ver\u00f3nica Mira. A m\u00e9s de donar la benvinguda, ella va ser l&#8217;encarregada de donar pas a Kontxi Lorente, Let\u00edcia Marrades i Kay Day, un trio que va portar un exercici art\u00edstic basat en una mescla de m\u00fasica jazz i poesia anomenat &quot;Caf\u00e9 de fel&quot;, un projecte sensible alhora que en\u00e8rgic en el qual els poemes i les can\u00e7ons ens van introduir en un univers protagonitzat pel paper de la dona en la hist\u00f2ria del jazz.<\/p>\n","protected":false},"author":1,"featured_media":22953,"comment_status":"open","ping_status":"open","sticky":false,"template":"","format":"standard","meta":{"_acf_changed":false,"rs_blank_template":"","rs_page_bg_color":"","slide_template_v7":"","footnotes":""},"categories":[1],"tags":[],"areas":[1003],"class_list":["post-75661","post","type-post","status-publish","format-standard","has-post-thumbnail","hentry","category-sin-categorizar","areas-igualdad-ca"],"acf":[],"yoast_head":"<!-- This site is optimized with the Yoast SEO plugin v28.2 - https:\/\/yoast.com\/product\/yoast-seo-wordpress\/ -->\n<title>M\u00fasica, poesia i commemoracions a l&#039;Acte Central de la Dona - Sant Joan d&#039;Alacant<\/title>\n<meta name=\"robots\" content=\"index, follow, max-snippet:-1, max-image-preview:large, max-video-preview:-1\" \/>\n<link rel=\"canonical\" href=\"https:\/\/www.santjoandalacant.es\/ca\/musica-poesia-i-commemoracions-a-lacte-central-de-la-dona\/\" \/>\n<meta property=\"og:locale\" content=\"en_US\" \/>\n<meta property=\"og:type\" content=\"article\" \/>\n<meta property=\"og:title\" content=\"M\u00fasica, poesia i commemoracions a l&#039;Acte Central de la Dona - Sant Joan d&#039;Alacant\" \/>\n<meta property=\"og:description\" content=\"La Regidoria d&#039;Igualtat ha commemorat el 8 de mar\u00e7 amb un acte presentat per la santjoanera Ver\u00f3nica Mira. A m\u00e9s de donar la benvinguda, ella va ser l&#039;encarregada de donar pas a Kontxi Lorente, Let\u00edcia Marrades i Kay Day, un trio que va portar un exercici art\u00edstic basat en una mescla de m\u00fasica jazz i poesia anomenat &quot;Caf\u00e9 de fel&quot;, un projecte sensible alhora que en\u00e8rgic en el qual els poemes i les can\u00e7ons ens van introduir en un univers protagonitzat pel paper de la dona en la hist\u00f2ria del jazz.\" \/>\n<meta property=\"og:url\" content=\"https:\/\/www.santjoandalacant.es\/ca\/musica-poesia-i-commemoracions-a-lacte-central-de-la-dona\/\" \/>\n<meta property=\"og:site_name\" content=\"Sant Joan d&#039;Alacant\" \/>\n<meta property=\"article:publisher\" content=\"https:\/\/www.facebook.com\/santjoandalacant\/\" \/>\n<meta property=\"article:published_time\" content=\"2017-03-14T12:01:46+00:00\" \/>\n<meta property=\"og:image\" content=\"https:\/\/www.santjoandalacant.es\/wp-content\/uploads\/2017\/06\/MG_8280web.jpg\" \/>\n\t<meta property=\"og:image:width\" content=\"1244\" \/>\n\t<meta property=\"og:image:height\" content=\"829\" \/>\n\t<meta property=\"og:image:type\" content=\"image\/jpeg\" \/>\n<meta name=\"author\" content=\"6tems\" \/>\n<meta name=\"twitter:card\" content=\"summary_large_image\" \/>\n<meta name=\"twitter:label1\" content=\"Written by\" \/>\n\t<meta name=\"twitter:data1\" content=\"6tems\" \/>\n\t<meta name=\"twitter:label2\" content=\"Est. reading time\" \/>\n\t<meta name=\"twitter:data2\" content=\"2 minutes\" \/>\n<script type=\"application\/ld+json\" class=\"yoast-schema-graph\">{\"@context\":\"https:\\\/\\\/schema.org\",\"@graph\":[{\"@type\":\"Article\",\"@id\":\"https:\\\/\\\/www.santjoandalacant.es\\\/ca\\\/musica-poesia-i-commemoracions-a-lacte-central-de-la-dona\\\/#article\",\"isPartOf\":{\"@id\":\"https:\\\/\\\/www.santjoandalacant.es\\\/ca\\\/musica-poesia-i-commemoracions-a-lacte-central-de-la-dona\\\/\"},\"author\":{\"name\":\"6tems\",\"@id\":\"https:\\\/\\\/www.santjoandalacant.es\\\/ca\\\/#\\\/schema\\\/person\\\/74b89bc7b26e6edafb76cd69420cd790\"},\"headline\":\"M\u00fasica, poesia i commemoracions a l&#8217;Acte Central de la Dona\",\"datePublished\":\"2017-03-14T12:01:46+00:00\",\"mainEntityOfPage\":{\"@id\":\"https:\\\/\\\/www.santjoandalacant.es\\\/ca\\\/musica-poesia-i-commemoracions-a-lacte-central-de-la-dona\\\/\"},\"wordCount\":463,\"commentCount\":0,\"publisher\":{\"@id\":\"https:\\\/\\\/www.santjoandalacant.es\\\/ca\\\/#organization\"},\"image\":{\"@id\":\"https:\\\/\\\/www.santjoandalacant.es\\\/ca\\\/musica-poesia-i-commemoracions-a-lacte-central-de-la-dona\\\/#primaryimage\"},\"thumbnailUrl\":\"https:\\\/\\\/www.santjoandalacant.es\\\/wp-content\\\/uploads\\\/2017\\\/06\\\/MG_8280web.jpg\",\"articleSection\":[\"Sin categorizar\"],\"inLanguage\":\"va\",\"potentialAction\":[{\"@type\":\"CommentAction\",\"name\":\"Comment\",\"target\":[\"https:\\\/\\\/www.santjoandalacant.es\\\/ca\\\/musica-poesia-i-commemoracions-a-lacte-central-de-la-dona\\\/#respond\"]}]},{\"@type\":\"WebPage\",\"@id\":\"https:\\\/\\\/www.santjoandalacant.es\\\/ca\\\/musica-poesia-i-commemoracions-a-lacte-central-de-la-dona\\\/\",\"url\":\"https:\\\/\\\/www.santjoandalacant.es\\\/ca\\\/musica-poesia-i-commemoracions-a-lacte-central-de-la-dona\\\/\",\"name\":\"M\u00fasica, poesia i commemoracions a l'Acte Central de la Dona - Sant Joan d&#039;Alacant\",\"isPartOf\":{\"@id\":\"https:\\\/\\\/www.santjoandalacant.es\\\/ca\\\/#website\"},\"primaryImageOfPage\":{\"@id\":\"https:\\\/\\\/www.santjoandalacant.es\\\/ca\\\/musica-poesia-i-commemoracions-a-lacte-central-de-la-dona\\\/#primaryimage\"},\"image\":{\"@id\":\"https:\\\/\\\/www.santjoandalacant.es\\\/ca\\\/musica-poesia-i-commemoracions-a-lacte-central-de-la-dona\\\/#primaryimage\"},\"thumbnailUrl\":\"https:\\\/\\\/www.santjoandalacant.es\\\/wp-content\\\/uploads\\\/2017\\\/06\\\/MG_8280web.jpg\",\"datePublished\":\"2017-03-14T12:01:46+00:00\",\"breadcrumb\":{\"@id\":\"https:\\\/\\\/www.santjoandalacant.es\\\/ca\\\/musica-poesia-i-commemoracions-a-lacte-central-de-la-dona\\\/#breadcrumb\"},\"inLanguage\":\"va\",\"potentialAction\":[{\"@type\":\"ReadAction\",\"target\":[\"https:\\\/\\\/www.santjoandalacant.es\\\/ca\\\/musica-poesia-i-commemoracions-a-lacte-central-de-la-dona\\\/\"]}]},{\"@type\":\"ImageObject\",\"inLanguage\":\"va\",\"@id\":\"https:\\\/\\\/www.santjoandalacant.es\\\/ca\\\/musica-poesia-i-commemoracions-a-lacte-central-de-la-dona\\\/#primaryimage\",\"url\":\"https:\\\/\\\/www.santjoandalacant.es\\\/wp-content\\\/uploads\\\/2017\\\/06\\\/MG_8280web.jpg\",\"contentUrl\":\"https:\\\/\\\/www.santjoandalacant.es\\\/wp-content\\\/uploads\\\/2017\\\/06\\\/MG_8280web.jpg\",\"width\":1244,\"height\":829},{\"@type\":\"BreadcrumbList\",\"@id\":\"https:\\\/\\\/www.santjoandalacant.es\\\/ca\\\/musica-poesia-i-commemoracions-a-lacte-central-de-la-dona\\\/#breadcrumb\",\"itemListElement\":[{\"@type\":\"ListItem\",\"position\":1,\"name\":\"Inicio\",\"item\":\"https:\\\/\\\/www.santjoandalacant.es\\\/ca\\\/\"},{\"@type\":\"ListItem\",\"position\":2,\"name\":\"M\u00fasica, poesia i commemoracions a l&#8217;Acte Central de la Dona\"}]},{\"@type\":\"WebSite\",\"@id\":\"https:\\\/\\\/www.santjoandalacant.es\\\/ca\\\/#website\",\"url\":\"https:\\\/\\\/www.santjoandalacant.es\\\/ca\\\/\",\"name\":\"Sant Joan d'Alacant\",\"description\":\"\",\"publisher\":{\"@id\":\"https:\\\/\\\/www.santjoandalacant.es\\\/ca\\\/#organization\"},\"potentialAction\":[{\"@type\":\"SearchAction\",\"target\":{\"@type\":\"EntryPoint\",\"urlTemplate\":\"https:\\\/\\\/www.santjoandalacant.es\\\/ca\\\/?s={search_term_string}\"},\"query-input\":{\"@type\":\"PropertyValueSpecification\",\"valueRequired\":true,\"valueName\":\"search_term_string\"}}],\"inLanguage\":\"va\"},{\"@type\":\"Organization\",\"@id\":\"https:\\\/\\\/www.santjoandalacant.es\\\/ca\\\/#organization\",\"name\":\"Sant Joan d'Alacant\",\"url\":\"https:\\\/\\\/www.santjoandalacant.es\\\/ca\\\/\",\"logo\":{\"@type\":\"ImageObject\",\"inLanguage\":\"va\",\"@id\":\"https:\\\/\\\/www.santjoandalacant.es\\\/ca\\\/#\\\/schema\\\/logo\\\/image\\\/\",\"url\":\"https:\\\/\\\/www.santjoandalacant.es\\\/wp-content\\\/uploads\\\/2023\\\/08\\\/logoSJ.png\",\"contentUrl\":\"https:\\\/\\\/www.santjoandalacant.es\\\/wp-content\\\/uploads\\\/2023\\\/08\\\/logoSJ.png\",\"width\":198,\"height\":253,\"caption\":\"Sant Joan d'Alacant\"},\"image\":{\"@id\":\"https:\\\/\\\/www.santjoandalacant.es\\\/ca\\\/#\\\/schema\\\/logo\\\/image\\\/\"},\"sameAs\":[\"https:\\\/\\\/www.facebook.com\\\/santjoandalacant\\\/\",\"https:\\\/\\\/www.instagram.com\\\/santjoandalacant\\\/\",\"https:\\\/\\\/www.youtube.com\\\/user\\\/santjoandalacant\"]},{\"@type\":\"Person\",\"@id\":\"https:\\\/\\\/www.santjoandalacant.es\\\/ca\\\/#\\\/schema\\\/person\\\/74b89bc7b26e6edafb76cd69420cd790\",\"name\":\"6tems\",\"image\":{\"@type\":\"ImageObject\",\"inLanguage\":\"va\",\"@id\":\"https:\\\/\\\/secure.gravatar.com\\\/avatar\\\/1c939d9bf86da56568327e5d52b159d089efba17cde140c49884e3fe77ef9c66?s=96&d=mm&r=g\",\"url\":\"https:\\\/\\\/secure.gravatar.com\\\/avatar\\\/1c939d9bf86da56568327e5d52b159d089efba17cde140c49884e3fe77ef9c66?s=96&d=mm&r=g\",\"contentUrl\":\"https:\\\/\\\/secure.gravatar.com\\\/avatar\\\/1c939d9bf86da56568327e5d52b159d089efba17cde140c49884e3fe77ef9c66?s=96&d=mm&r=g\",\"caption\":\"6tems\"},\"sameAs\":[\"https:\\\/\\\/www.santjoandalacant.es\"],\"url\":\"https:\\\/\\\/www.santjoandalacant.es\\\/ca\\\/author\\\/adminasap\\\/\"}]}<\/script>\n<!-- \/ Yoast SEO plugin. -->","yoast_head_json":{"title":"M\u00fasica, poesia i commemoracions a l'Acte Central de la Dona - Sant Joan d&#039;Alacant","robots":{"index":"index","follow":"follow","max-snippet":"max-snippet:-1","max-image-preview":"max-image-preview:large","max-video-preview":"max-video-preview:-1"},"canonical":"https:\/\/www.santjoandalacant.es\/ca\/musica-poesia-i-commemoracions-a-lacte-central-de-la-dona\/","og_locale":"en_US","og_type":"article","og_title":"M\u00fasica, poesia i commemoracions a l'Acte Central de la Dona - Sant Joan d&#039;Alacant","og_description":"La Regidoria d'Igualtat ha commemorat el 8 de mar\u00e7 amb un acte presentat per la santjoanera Ver\u00f3nica Mira. A m\u00e9s de donar la benvinguda, ella va ser l'encarregada de donar pas a Kontxi Lorente, Let\u00edcia Marrades i Kay Day, un trio que va portar un exercici art\u00edstic basat en una mescla de m\u00fasica jazz i poesia anomenat &quot;Caf\u00e9 de fel&quot;, un projecte sensible alhora que en\u00e8rgic en el qual els poemes i les can\u00e7ons ens van introduir en un univers protagonitzat pel paper de la dona en la hist\u00f2ria del jazz.","og_url":"https:\/\/www.santjoandalacant.es\/ca\/musica-poesia-i-commemoracions-a-lacte-central-de-la-dona\/","og_site_name":"Sant Joan d&#039;Alacant","article_publisher":"https:\/\/www.facebook.com\/santjoandalacant\/","article_published_time":"2017-03-14T12:01:46+00:00","og_image":[{"width":1244,"height":829,"url":"https:\/\/www.santjoandalacant.es\/wp-content\/uploads\/2017\/06\/MG_8280web.jpg","type":"image\/jpeg"}],"author":"6tems","twitter_card":"summary_large_image","twitter_misc":{"Written by":"6tems","Est. reading time":"2 minutes"},"schema":{"@context":"https:\/\/schema.org","@graph":[{"@type":"Article","@id":"https:\/\/www.santjoandalacant.es\/ca\/musica-poesia-i-commemoracions-a-lacte-central-de-la-dona\/#article","isPartOf":{"@id":"https:\/\/www.santjoandalacant.es\/ca\/musica-poesia-i-commemoracions-a-lacte-central-de-la-dona\/"},"author":{"name":"6tems","@id":"https:\/\/www.santjoandalacant.es\/ca\/#\/schema\/person\/74b89bc7b26e6edafb76cd69420cd790"},"headline":"M\u00fasica, poesia i commemoracions a l&#8217;Acte Central de la Dona","datePublished":"2017-03-14T12:01:46+00:00","mainEntityOfPage":{"@id":"https:\/\/www.santjoandalacant.es\/ca\/musica-poesia-i-commemoracions-a-lacte-central-de-la-dona\/"},"wordCount":463,"commentCount":0,"publisher":{"@id":"https:\/\/www.santjoandalacant.es\/ca\/#organization"},"image":{"@id":"https:\/\/www.santjoandalacant.es\/ca\/musica-poesia-i-commemoracions-a-lacte-central-de-la-dona\/#primaryimage"},"thumbnailUrl":"https:\/\/www.santjoandalacant.es\/wp-content\/uploads\/2017\/06\/MG_8280web.jpg","articleSection":["Sin categorizar"],"inLanguage":"va","potentialAction":[{"@type":"CommentAction","name":"Comment","target":["https:\/\/www.santjoandalacant.es\/ca\/musica-poesia-i-commemoracions-a-lacte-central-de-la-dona\/#respond"]}]},{"@type":"WebPage","@id":"https:\/\/www.santjoandalacant.es\/ca\/musica-poesia-i-commemoracions-a-lacte-central-de-la-dona\/","url":"https:\/\/www.santjoandalacant.es\/ca\/musica-poesia-i-commemoracions-a-lacte-central-de-la-dona\/","name":"M\u00fasica, poesia i commemoracions a l'Acte Central de la Dona - Sant Joan d&#039;Alacant","isPartOf":{"@id":"https:\/\/www.santjoandalacant.es\/ca\/#website"},"primaryImageOfPage":{"@id":"https:\/\/www.santjoandalacant.es\/ca\/musica-poesia-i-commemoracions-a-lacte-central-de-la-dona\/#primaryimage"},"image":{"@id":"https:\/\/www.santjoandalacant.es\/ca\/musica-poesia-i-commemoracions-a-lacte-central-de-la-dona\/#primaryimage"},"thumbnailUrl":"https:\/\/www.santjoandalacant.es\/wp-content\/uploads\/2017\/06\/MG_8280web.jpg","datePublished":"2017-03-14T12:01:46+00:00","breadcrumb":{"@id":"https:\/\/www.santjoandalacant.es\/ca\/musica-poesia-i-commemoracions-a-lacte-central-de-la-dona\/#breadcrumb"},"inLanguage":"va","potentialAction":[{"@type":"ReadAction","target":["https:\/\/www.santjoandalacant.es\/ca\/musica-poesia-i-commemoracions-a-lacte-central-de-la-dona\/"]}]},{"@type":"ImageObject","inLanguage":"va","@id":"https:\/\/www.santjoandalacant.es\/ca\/musica-poesia-i-commemoracions-a-lacte-central-de-la-dona\/#primaryimage","url":"https:\/\/www.santjoandalacant.es\/wp-content\/uploads\/2017\/06\/MG_8280web.jpg","contentUrl":"https:\/\/www.santjoandalacant.es\/wp-content\/uploads\/2017\/06\/MG_8280web.jpg","width":1244,"height":829},{"@type":"BreadcrumbList","@id":"https:\/\/www.santjoandalacant.es\/ca\/musica-poesia-i-commemoracions-a-lacte-central-de-la-dona\/#breadcrumb","itemListElement":[{"@type":"ListItem","position":1,"name":"Inicio","item":"https:\/\/www.santjoandalacant.es\/ca\/"},{"@type":"ListItem","position":2,"name":"M\u00fasica, poesia i commemoracions a l&#8217;Acte Central de la Dona"}]},{"@type":"WebSite","@id":"https:\/\/www.santjoandalacant.es\/ca\/#website","url":"https:\/\/www.santjoandalacant.es\/ca\/","name":"Sant Joan d'Alacant","description":"","publisher":{"@id":"https:\/\/www.santjoandalacant.es\/ca\/#organization"},"potentialAction":[{"@type":"SearchAction","target":{"@type":"EntryPoint","urlTemplate":"https:\/\/www.santjoandalacant.es\/ca\/?s={search_term_string}"},"query-input":{"@type":"PropertyValueSpecification","valueRequired":true,"valueName":"search_term_string"}}],"inLanguage":"va"},{"@type":"Organization","@id":"https:\/\/www.santjoandalacant.es\/ca\/#organization","name":"Sant Joan d'Alacant","url":"https:\/\/www.santjoandalacant.es\/ca\/","logo":{"@type":"ImageObject","inLanguage":"va","@id":"https:\/\/www.santjoandalacant.es\/ca\/#\/schema\/logo\/image\/","url":"https:\/\/www.santjoandalacant.es\/wp-content\/uploads\/2023\/08\/logoSJ.png","contentUrl":"https:\/\/www.santjoandalacant.es\/wp-content\/uploads\/2023\/08\/logoSJ.png","width":198,"height":253,"caption":"Sant Joan d'Alacant"},"image":{"@id":"https:\/\/www.santjoandalacant.es\/ca\/#\/schema\/logo\/image\/"},"sameAs":["https:\/\/www.facebook.com\/santjoandalacant\/","https:\/\/www.instagram.com\/santjoandalacant\/","https:\/\/www.youtube.com\/user\/santjoandalacant"]},{"@type":"Person","@id":"https:\/\/www.santjoandalacant.es\/ca\/#\/schema\/person\/74b89bc7b26e6edafb76cd69420cd790","name":"6tems","image":{"@type":"ImageObject","inLanguage":"va","@id":"https:\/\/secure.gravatar.com\/avatar\/1c939d9bf86da56568327e5d52b159d089efba17cde140c49884e3fe77ef9c66?s=96&d=mm&r=g","url":"https:\/\/secure.gravatar.com\/avatar\/1c939d9bf86da56568327e5d52b159d089efba17cde140c49884e3fe77ef9c66?s=96&d=mm&r=g","contentUrl":"https:\/\/secure.gravatar.com\/avatar\/1c939d9bf86da56568327e5d52b159d089efba17cde140c49884e3fe77ef9c66?s=96&d=mm&r=g","caption":"6tems"},"sameAs":["https:\/\/www.santjoandalacant.es"],"url":"https:\/\/www.santjoandalacant.es\/ca\/author\/adminasap\/"}]}},"_links":{"self":[{"href":"https:\/\/www.santjoandalacant.es\/ca\/wp-json\/wp\/v2\/posts\/75661","targetHints":{"allow":["GET"]}}],"collection":[{"href":"https:\/\/www.santjoandalacant.es\/ca\/wp-json\/wp\/v2\/posts"}],"about":[{"href":"https:\/\/www.santjoandalacant.es\/ca\/wp-json\/wp\/v2\/types\/post"}],"author":[{"embeddable":true,"href":"https:\/\/www.santjoandalacant.es\/ca\/wp-json\/wp\/v2\/users\/1"}],"replies":[{"embeddable":true,"href":"https:\/\/www.santjoandalacant.es\/ca\/wp-json\/wp\/v2\/comments?post=75661"}],"version-history":[{"count":0,"href":"https:\/\/www.santjoandalacant.es\/ca\/wp-json\/wp\/v2\/posts\/75661\/revisions"}],"wp:featuredmedia":[{"embeddable":true,"href":"https:\/\/www.santjoandalacant.es\/ca\/wp-json\/wp\/v2\/media\/22953"}],"wp:attachment":[{"href":"https:\/\/www.santjoandalacant.es\/ca\/wp-json\/wp\/v2\/media?parent=75661"}],"wp:term":[{"taxonomy":"category","embeddable":true,"href":"https:\/\/www.santjoandalacant.es\/ca\/wp-json\/wp\/v2\/categories?post=75661"},{"taxonomy":"post_tag","embeddable":true,"href":"https:\/\/www.santjoandalacant.es\/ca\/wp-json\/wp\/v2\/tags?post=75661"},{"taxonomy":"areas","embeddable":true,"href":"https:\/\/www.santjoandalacant.es\/ca\/wp-json\/wp\/v2\/areas?post=75661"}],"curies":[{"name":"wp","href":"https:\/\/api.w.org\/{rel}","templated":true}]}}