{"id":75678,"date":"2017-02-28T19:00:00","date_gmt":"2017-02-28T19:00:00","guid":{"rendered":"https:\/\/santjoan.developersasapglobalsolution.com\/iv-jornades-danimacio-a-la-lectura\/"},"modified":"2017-02-28T19:00:00","modified_gmt":"2017-02-28T19:00:00","slug":"iv-jornades-danimacio-a-la-lectura","status":"publish","type":"post","link":"https:\/\/www.santjoandalacant.es\/ca\/iv-jornades-danimacio-a-la-lectura\/","title":{"rendered":"IV Jornades d&#8217;Animaci\u00f3 a la Lectura"},"content":{"rendered":"<p><span>Dimecres 1 de mar\u00e7 ser\u00e0 la inauguraci\u00f3 de les Jornades, en el qual un joglar, acompanyat de \u201cdol\u00e7ainers i tabaleters\u201d, recorreran els centres del municipi anunciant el principi de les jornades en un acte l\u00fadic que pret\u00e9n aconseguir la m\u00e0xima implicaci\u00f3 de la comunitat educativa de Sant Joan. Aquesta iniciativa es realitzar\u00e0 amb l&#8217;ajuda de l&#8217;\u00e0rea de Foment a la cultura valenciana de la Diputaci\u00f3 d&#8217;Alacant.<\/span><\/p>\n<p>&nbsp;<\/p>\n<p><span>Com a novetat enguany es realitzaran, a m\u00e9s de tres sessions per a adults, dues sessions en cap de setmana i comptarem amb la incorporaci\u00f3 al projecte de la Unitat Pedag\u00f2gica Hospital\u00e0ria i el Centre Municipal de Majors. El dia 12 de mar\u00e7 tindr\u00e0 lloc la festa \u201cFi de Jornades\u201d que es realitzar\u00e0 al pati del CEIP Crist de la Pau, situat en la Av. La Rambla i que comptar\u00e0 amb la col\u00b7laboraci\u00f3 de les AMPA dels diferents centres del municipi. Ser\u00e0 una jornada divertida en la qual les AMPA realitzaran diferents tallers per als xiquets a partir de les 11h, hi haur\u00e0 animaci\u00f3 i xocolatada i conclour\u00e0 amb l&#8217;espectacle musical de Dani Miquel.<\/span><\/p>\n<p>&nbsp;<\/p>\n<p><span>En les sessions matinals que es realitzaran als col\u00b7les comptarem amb autors com ara Fran Pintadera, F\u00e9lix Albo, Emma L\u00f3pez, Ana Griott, Aldo M\u00e9ndez i Felip Kervarec. Les sessions de contacontes infantils, \u201cL\u2019hora del Conte\u201d, seran a c\u00e0rrec de Blai Senabre i Alberto Celdr\u00e1n. A m\u00e9s d&#8217;aquestes sessions, tindrem un espectacle de marionetes a la Pla\u00e7a d&#8217;Espanya titulat \u201cSabores\u201d en castell\u00e0, a c\u00e0rrec de P\u00e1mpol Teatre i una xerrada de \u201cLectura infantil i juvenil: H\u00e1bitos, deficiencias y planificaci\u00f3n\u201d a c\u00e0rrec de Dari Escandell.<\/span><\/p>\n<p>&nbsp;<\/p>\n<p><span>Com a activitat complement\u00e0ria i des del 2 de mar\u00e7 al 22 de maig, el Centre Cultural albergar\u00e0 una exposici\u00f3 titulada \u201c100 llibres per con\u00e9ixer el m\u00f3n\u201d per al gaudi de tots els p\u00fablics.<\/span><\/p>\n","protected":false},"excerpt":{"rendered":"<p><!--[if gte mso 9]><xml>\n<o:OfficeDocumentSettings>\n<o:AllowPNG\/>\n<\/o:OfficeDocumentSettings>\n<\/xml><![endif]--><\/p>\n<p style=\"text-align: justify\" class=\"MsoNormal\">\nEl mi\u00e9rcoles d\u00eda 1 de marzo ser\u00e1<br \/>\nla inauguraci\u00f3n de las Jornadas en la que un juglar acompa\u00f1ado de \u201cdol\u00e7ainers i<br \/>\ntabaleters\u201d recorrer\u00e1n los centros del municipio anunciando el principio de las<br \/>\njornadas en un acto l\u00fadico que pretende conseguir la m\u00e1xima implicaci\u00f3n de la<br \/>\ncomunidad educativa de Sant Joan. <span>\u00a0<\/span><\/p>\n","protected":false},"author":1,"featured_media":23066,"comment_status":"open","ping_status":"open","sticky":false,"template":"","format":"standard","meta":{"_acf_changed":false,"rs_blank_template":"","rs_page_bg_color":"","slide_template_v7":"","footnotes":""},"categories":[1],"tags":[],"areas":[1000],"class_list":["post-75678","post","type-post","status-publish","format-standard","has-post-thumbnail","hentry","category-sin-categorizar","areas-educacion-ca"],"acf":[],"yoast_head":"<!-- This site is optimized with the Yoast SEO plugin v28.2 - https:\/\/yoast.com\/product\/yoast-seo-wordpress\/ -->\n<title>IV Jornades d&#039;Animaci\u00f3 a la Lectura - Sant Joan d&#039;Alacant<\/title>\n<meta name=\"robots\" content=\"index, follow, max-snippet:-1, max-image-preview:large, max-video-preview:-1\" \/>\n<link rel=\"canonical\" href=\"https:\/\/www.santjoandalacant.es\/ca\/iv-jornades-danimacio-a-la-lectura\/\" \/>\n<meta property=\"og:locale\" content=\"en_US\" \/>\n<meta property=\"og:type\" content=\"article\" \/>\n<meta property=\"og:title\" content=\"IV Jornades d&#039;Animaci\u00f3 a la Lectura - Sant Joan d&#039;Alacant\" \/>\n<meta property=\"og:description\" content=\"El mi\u00e9rcoles d\u00eda 1 de marzo ser\u00e1 la inauguraci\u00f3n de las Jornadas en la que un juglar acompa\u00f1ado de \u201cdol\u00e7ainers i tabaleters\u201d recorrer\u00e1n los centros del municipio anunciando el principio de las jornadas en un acto l\u00fadico que pretende conseguir la m\u00e1xima implicaci\u00f3n de la comunidad educativa de Sant Joan. \u00a0\" \/>\n<meta property=\"og:url\" content=\"https:\/\/www.santjoandalacant.es\/ca\/iv-jornades-danimacio-a-la-lectura\/\" \/>\n<meta property=\"og:site_name\" content=\"Sant Joan d&#039;Alacant\" \/>\n<meta property=\"article:publisher\" content=\"https:\/\/www.facebook.com\/santjoandalacant\/\" \/>\n<meta property=\"article:published_time\" content=\"2017-02-28T19:00:00+00:00\" \/>\n<meta property=\"og:image\" content=\"https:\/\/www.santjoandalacant.es\/wp-content\/uploads\/2017\/11\/web1_IMG-20170228-WA0021_365x205_0.jpg\" \/>\n\t<meta property=\"og:image:width\" content=\"365\" \/>\n\t<meta property=\"og:image:height\" content=\"205\" \/>\n\t<meta property=\"og:image:type\" content=\"image\/jpeg\" \/>\n<meta name=\"author\" content=\"6tems\" \/>\n<meta name=\"twitter:card\" content=\"summary_large_image\" \/>\n<meta name=\"twitter:label1\" content=\"Written by\" \/>\n\t<meta name=\"twitter:data1\" content=\"6tems\" \/>\n\t<meta name=\"twitter:label2\" content=\"Est. reading time\" \/>\n\t<meta name=\"twitter:data2\" content=\"2 minutes\" \/>\n<script type=\"application\/ld+json\" class=\"yoast-schema-graph\">{\"@context\":\"https:\\\/\\\/schema.org\",\"@graph\":[{\"@type\":\"Article\",\"@id\":\"https:\\\/\\\/www.santjoandalacant.es\\\/ca\\\/iv-jornades-danimacio-a-la-lectura\\\/#article\",\"isPartOf\":{\"@id\":\"https:\\\/\\\/www.santjoandalacant.es\\\/ca\\\/iv-jornades-danimacio-a-la-lectura\\\/\"},\"author\":{\"name\":\"6tems\",\"@id\":\"https:\\\/\\\/www.santjoandalacant.es\\\/ca\\\/#\\\/schema\\\/person\\\/74b89bc7b26e6edafb76cd69420cd790\"},\"headline\":\"IV Jornades d&#8217;Animaci\u00f3 a la Lectura\",\"datePublished\":\"2017-02-28T19:00:00+00:00\",\"mainEntityOfPage\":{\"@id\":\"https:\\\/\\\/www.santjoandalacant.es\\\/ca\\\/iv-jornades-danimacio-a-la-lectura\\\/\"},\"wordCount\":334,\"commentCount\":0,\"publisher\":{\"@id\":\"https:\\\/\\\/www.santjoandalacant.es\\\/ca\\\/#organization\"},\"image\":{\"@id\":\"https:\\\/\\\/www.santjoandalacant.es\\\/ca\\\/iv-jornades-danimacio-a-la-lectura\\\/#primaryimage\"},\"thumbnailUrl\":\"https:\\\/\\\/www.santjoandalacant.es\\\/wp-content\\\/uploads\\\/2017\\\/11\\\/web1_IMG-20170228-WA0021_365x205_0.jpg\",\"articleSection\":[\"Sin categorizar\"],\"inLanguage\":\"va\",\"potentialAction\":[{\"@type\":\"CommentAction\",\"name\":\"Comment\",\"target\":[\"https:\\\/\\\/www.santjoandalacant.es\\\/ca\\\/iv-jornades-danimacio-a-la-lectura\\\/#respond\"]}]},{\"@type\":\"WebPage\",\"@id\":\"https:\\\/\\\/www.santjoandalacant.es\\\/ca\\\/iv-jornades-danimacio-a-la-lectura\\\/\",\"url\":\"https:\\\/\\\/www.santjoandalacant.es\\\/ca\\\/iv-jornades-danimacio-a-la-lectura\\\/\",\"name\":\"IV Jornades d'Animaci\u00f3 a la Lectura - Sant Joan d&#039;Alacant\",\"isPartOf\":{\"@id\":\"https:\\\/\\\/www.santjoandalacant.es\\\/ca\\\/#website\"},\"primaryImageOfPage\":{\"@id\":\"https:\\\/\\\/www.santjoandalacant.es\\\/ca\\\/iv-jornades-danimacio-a-la-lectura\\\/#primaryimage\"},\"image\":{\"@id\":\"https:\\\/\\\/www.santjoandalacant.es\\\/ca\\\/iv-jornades-danimacio-a-la-lectura\\\/#primaryimage\"},\"thumbnailUrl\":\"https:\\\/\\\/www.santjoandalacant.es\\\/wp-content\\\/uploads\\\/2017\\\/11\\\/web1_IMG-20170228-WA0021_365x205_0.jpg\",\"datePublished\":\"2017-02-28T19:00:00+00:00\",\"breadcrumb\":{\"@id\":\"https:\\\/\\\/www.santjoandalacant.es\\\/ca\\\/iv-jornades-danimacio-a-la-lectura\\\/#breadcrumb\"},\"inLanguage\":\"va\",\"potentialAction\":[{\"@type\":\"ReadAction\",\"target\":[\"https:\\\/\\\/www.santjoandalacant.es\\\/ca\\\/iv-jornades-danimacio-a-la-lectura\\\/\"]}]},{\"@type\":\"ImageObject\",\"inLanguage\":\"va\",\"@id\":\"https:\\\/\\\/www.santjoandalacant.es\\\/ca\\\/iv-jornades-danimacio-a-la-lectura\\\/#primaryimage\",\"url\":\"https:\\\/\\\/www.santjoandalacant.es\\\/wp-content\\\/uploads\\\/2017\\\/11\\\/web1_IMG-20170228-WA0021_365x205_0.jpg\",\"contentUrl\":\"https:\\\/\\\/www.santjoandalacant.es\\\/wp-content\\\/uploads\\\/2017\\\/11\\\/web1_IMG-20170228-WA0021_365x205_0.jpg\",\"width\":365,\"height\":205},{\"@type\":\"BreadcrumbList\",\"@id\":\"https:\\\/\\\/www.santjoandalacant.es\\\/ca\\\/iv-jornades-danimacio-a-la-lectura\\\/#breadcrumb\",\"itemListElement\":[{\"@type\":\"ListItem\",\"position\":1,\"name\":\"Inicio\",\"item\":\"https:\\\/\\\/www.santjoandalacant.es\\\/ca\\\/\"},{\"@type\":\"ListItem\",\"position\":2,\"name\":\"IV Jornades d&#8217;Animaci\u00f3 a la Lectura\"}]},{\"@type\":\"WebSite\",\"@id\":\"https:\\\/\\\/www.santjoandalacant.es\\\/ca\\\/#website\",\"url\":\"https:\\\/\\\/www.santjoandalacant.es\\\/ca\\\/\",\"name\":\"Sant Joan d'Alacant\",\"description\":\"\",\"publisher\":{\"@id\":\"https:\\\/\\\/www.santjoandalacant.es\\\/ca\\\/#organization\"},\"potentialAction\":[{\"@type\":\"SearchAction\",\"target\":{\"@type\":\"EntryPoint\",\"urlTemplate\":\"https:\\\/\\\/www.santjoandalacant.es\\\/ca\\\/?s={search_term_string}\"},\"query-input\":{\"@type\":\"PropertyValueSpecification\",\"valueRequired\":true,\"valueName\":\"search_term_string\"}}],\"inLanguage\":\"va\"},{\"@type\":\"Organization\",\"@id\":\"https:\\\/\\\/www.santjoandalacant.es\\\/ca\\\/#organization\",\"name\":\"Sant Joan d'Alacant\",\"url\":\"https:\\\/\\\/www.santjoandalacant.es\\\/ca\\\/\",\"logo\":{\"@type\":\"ImageObject\",\"inLanguage\":\"va\",\"@id\":\"https:\\\/\\\/www.santjoandalacant.es\\\/ca\\\/#\\\/schema\\\/logo\\\/image\\\/\",\"url\":\"https:\\\/\\\/www.santjoandalacant.es\\\/wp-content\\\/uploads\\\/2023\\\/08\\\/logoSJ.png\",\"contentUrl\":\"https:\\\/\\\/www.santjoandalacant.es\\\/wp-content\\\/uploads\\\/2023\\\/08\\\/logoSJ.png\",\"width\":198,\"height\":253,\"caption\":\"Sant Joan d'Alacant\"},\"image\":{\"@id\":\"https:\\\/\\\/www.santjoandalacant.es\\\/ca\\\/#\\\/schema\\\/logo\\\/image\\\/\"},\"sameAs\":[\"https:\\\/\\\/www.facebook.com\\\/santjoandalacant\\\/\",\"https:\\\/\\\/www.instagram.com\\\/santjoandalacant\\\/\",\"https:\\\/\\\/www.youtube.com\\\/user\\\/santjoandalacant\"]},{\"@type\":\"Person\",\"@id\":\"https:\\\/\\\/www.santjoandalacant.es\\\/ca\\\/#\\\/schema\\\/person\\\/74b89bc7b26e6edafb76cd69420cd790\",\"name\":\"6tems\",\"image\":{\"@type\":\"ImageObject\",\"inLanguage\":\"va\",\"@id\":\"https:\\\/\\\/secure.gravatar.com\\\/avatar\\\/1c939d9bf86da56568327e5d52b159d089efba17cde140c49884e3fe77ef9c66?s=96&d=mm&r=g\",\"url\":\"https:\\\/\\\/secure.gravatar.com\\\/avatar\\\/1c939d9bf86da56568327e5d52b159d089efba17cde140c49884e3fe77ef9c66?s=96&d=mm&r=g\",\"contentUrl\":\"https:\\\/\\\/secure.gravatar.com\\\/avatar\\\/1c939d9bf86da56568327e5d52b159d089efba17cde140c49884e3fe77ef9c66?s=96&d=mm&r=g\",\"caption\":\"6tems\"},\"sameAs\":[\"https:\\\/\\\/www.santjoandalacant.es\"],\"url\":\"https:\\\/\\\/www.santjoandalacant.es\\\/ca\\\/author\\\/adminasap\\\/\"}]}<\/script>\n<!-- \/ Yoast SEO plugin. -->","yoast_head_json":{"title":"IV Jornades d'Animaci\u00f3 a la Lectura - Sant Joan d&#039;Alacant","robots":{"index":"index","follow":"follow","max-snippet":"max-snippet:-1","max-image-preview":"max-image-preview:large","max-video-preview":"max-video-preview:-1"},"canonical":"https:\/\/www.santjoandalacant.es\/ca\/iv-jornades-danimacio-a-la-lectura\/","og_locale":"en_US","og_type":"article","og_title":"IV Jornades d'Animaci\u00f3 a la Lectura - Sant Joan d&#039;Alacant","og_description":"El mi\u00e9rcoles d\u00eda 1 de marzo ser\u00e1 la inauguraci\u00f3n de las Jornadas en la que un juglar acompa\u00f1ado de \u201cdol\u00e7ainers i tabaleters\u201d recorrer\u00e1n los centros del municipio anunciando el principio de las jornadas en un acto l\u00fadico que pretende conseguir la m\u00e1xima implicaci\u00f3n de la comunidad educativa de Sant Joan. \u00a0","og_url":"https:\/\/www.santjoandalacant.es\/ca\/iv-jornades-danimacio-a-la-lectura\/","og_site_name":"Sant Joan d&#039;Alacant","article_publisher":"https:\/\/www.facebook.com\/santjoandalacant\/","article_published_time":"2017-02-28T19:00:00+00:00","og_image":[{"width":365,"height":205,"url":"https:\/\/www.santjoandalacant.es\/wp-content\/uploads\/2017\/11\/web1_IMG-20170228-WA0021_365x205_0.jpg","type":"image\/jpeg"}],"author":"6tems","twitter_card":"summary_large_image","twitter_misc":{"Written by":"6tems","Est. reading time":"2 minutes"},"schema":{"@context":"https:\/\/schema.org","@graph":[{"@type":"Article","@id":"https:\/\/www.santjoandalacant.es\/ca\/iv-jornades-danimacio-a-la-lectura\/#article","isPartOf":{"@id":"https:\/\/www.santjoandalacant.es\/ca\/iv-jornades-danimacio-a-la-lectura\/"},"author":{"name":"6tems","@id":"https:\/\/www.santjoandalacant.es\/ca\/#\/schema\/person\/74b89bc7b26e6edafb76cd69420cd790"},"headline":"IV Jornades d&#8217;Animaci\u00f3 a la Lectura","datePublished":"2017-02-28T19:00:00+00:00","mainEntityOfPage":{"@id":"https:\/\/www.santjoandalacant.es\/ca\/iv-jornades-danimacio-a-la-lectura\/"},"wordCount":334,"commentCount":0,"publisher":{"@id":"https:\/\/www.santjoandalacant.es\/ca\/#organization"},"image":{"@id":"https:\/\/www.santjoandalacant.es\/ca\/iv-jornades-danimacio-a-la-lectura\/#primaryimage"},"thumbnailUrl":"https:\/\/www.santjoandalacant.es\/wp-content\/uploads\/2017\/11\/web1_IMG-20170228-WA0021_365x205_0.jpg","articleSection":["Sin categorizar"],"inLanguage":"va","potentialAction":[{"@type":"CommentAction","name":"Comment","target":["https:\/\/www.santjoandalacant.es\/ca\/iv-jornades-danimacio-a-la-lectura\/#respond"]}]},{"@type":"WebPage","@id":"https:\/\/www.santjoandalacant.es\/ca\/iv-jornades-danimacio-a-la-lectura\/","url":"https:\/\/www.santjoandalacant.es\/ca\/iv-jornades-danimacio-a-la-lectura\/","name":"IV Jornades d'Animaci\u00f3 a la Lectura - Sant Joan d&#039;Alacant","isPartOf":{"@id":"https:\/\/www.santjoandalacant.es\/ca\/#website"},"primaryImageOfPage":{"@id":"https:\/\/www.santjoandalacant.es\/ca\/iv-jornades-danimacio-a-la-lectura\/#primaryimage"},"image":{"@id":"https:\/\/www.santjoandalacant.es\/ca\/iv-jornades-danimacio-a-la-lectura\/#primaryimage"},"thumbnailUrl":"https:\/\/www.santjoandalacant.es\/wp-content\/uploads\/2017\/11\/web1_IMG-20170228-WA0021_365x205_0.jpg","datePublished":"2017-02-28T19:00:00+00:00","breadcrumb":{"@id":"https:\/\/www.santjoandalacant.es\/ca\/iv-jornades-danimacio-a-la-lectura\/#breadcrumb"},"inLanguage":"va","potentialAction":[{"@type":"ReadAction","target":["https:\/\/www.santjoandalacant.es\/ca\/iv-jornades-danimacio-a-la-lectura\/"]}]},{"@type":"ImageObject","inLanguage":"va","@id":"https:\/\/www.santjoandalacant.es\/ca\/iv-jornades-danimacio-a-la-lectura\/#primaryimage","url":"https:\/\/www.santjoandalacant.es\/wp-content\/uploads\/2017\/11\/web1_IMG-20170228-WA0021_365x205_0.jpg","contentUrl":"https:\/\/www.santjoandalacant.es\/wp-content\/uploads\/2017\/11\/web1_IMG-20170228-WA0021_365x205_0.jpg","width":365,"height":205},{"@type":"BreadcrumbList","@id":"https:\/\/www.santjoandalacant.es\/ca\/iv-jornades-danimacio-a-la-lectura\/#breadcrumb","itemListElement":[{"@type":"ListItem","position":1,"name":"Inicio","item":"https:\/\/www.santjoandalacant.es\/ca\/"},{"@type":"ListItem","position":2,"name":"IV Jornades d&#8217;Animaci\u00f3 a la Lectura"}]},{"@type":"WebSite","@id":"https:\/\/www.santjoandalacant.es\/ca\/#website","url":"https:\/\/www.santjoandalacant.es\/ca\/","name":"Sant Joan d'Alacant","description":"","publisher":{"@id":"https:\/\/www.santjoandalacant.es\/ca\/#organization"},"potentialAction":[{"@type":"SearchAction","target":{"@type":"EntryPoint","urlTemplate":"https:\/\/www.santjoandalacant.es\/ca\/?s={search_term_string}"},"query-input":{"@type":"PropertyValueSpecification","valueRequired":true,"valueName":"search_term_string"}}],"inLanguage":"va"},{"@type":"Organization","@id":"https:\/\/www.santjoandalacant.es\/ca\/#organization","name":"Sant Joan d'Alacant","url":"https:\/\/www.santjoandalacant.es\/ca\/","logo":{"@type":"ImageObject","inLanguage":"va","@id":"https:\/\/www.santjoandalacant.es\/ca\/#\/schema\/logo\/image\/","url":"https:\/\/www.santjoandalacant.es\/wp-content\/uploads\/2023\/08\/logoSJ.png","contentUrl":"https:\/\/www.santjoandalacant.es\/wp-content\/uploads\/2023\/08\/logoSJ.png","width":198,"height":253,"caption":"Sant Joan d'Alacant"},"image":{"@id":"https:\/\/www.santjoandalacant.es\/ca\/#\/schema\/logo\/image\/"},"sameAs":["https:\/\/www.facebook.com\/santjoandalacant\/","https:\/\/www.instagram.com\/santjoandalacant\/","https:\/\/www.youtube.com\/user\/santjoandalacant"]},{"@type":"Person","@id":"https:\/\/www.santjoandalacant.es\/ca\/#\/schema\/person\/74b89bc7b26e6edafb76cd69420cd790","name":"6tems","image":{"@type":"ImageObject","inLanguage":"va","@id":"https:\/\/secure.gravatar.com\/avatar\/1c939d9bf86da56568327e5d52b159d089efba17cde140c49884e3fe77ef9c66?s=96&d=mm&r=g","url":"https:\/\/secure.gravatar.com\/avatar\/1c939d9bf86da56568327e5d52b159d089efba17cde140c49884e3fe77ef9c66?s=96&d=mm&r=g","contentUrl":"https:\/\/secure.gravatar.com\/avatar\/1c939d9bf86da56568327e5d52b159d089efba17cde140c49884e3fe77ef9c66?s=96&d=mm&r=g","caption":"6tems"},"sameAs":["https:\/\/www.santjoandalacant.es"],"url":"https:\/\/www.santjoandalacant.es\/ca\/author\/adminasap\/"}]}},"_links":{"self":[{"href":"https:\/\/www.santjoandalacant.es\/ca\/wp-json\/wp\/v2\/posts\/75678","targetHints":{"allow":["GET"]}}],"collection":[{"href":"https:\/\/www.santjoandalacant.es\/ca\/wp-json\/wp\/v2\/posts"}],"about":[{"href":"https:\/\/www.santjoandalacant.es\/ca\/wp-json\/wp\/v2\/types\/post"}],"author":[{"embeddable":true,"href":"https:\/\/www.santjoandalacant.es\/ca\/wp-json\/wp\/v2\/users\/1"}],"replies":[{"embeddable":true,"href":"https:\/\/www.santjoandalacant.es\/ca\/wp-json\/wp\/v2\/comments?post=75678"}],"version-history":[{"count":0,"href":"https:\/\/www.santjoandalacant.es\/ca\/wp-json\/wp\/v2\/posts\/75678\/revisions"}],"wp:featuredmedia":[{"embeddable":true,"href":"https:\/\/www.santjoandalacant.es\/ca\/wp-json\/wp\/v2\/media\/23066"}],"wp:attachment":[{"href":"https:\/\/www.santjoandalacant.es\/ca\/wp-json\/wp\/v2\/media?parent=75678"}],"wp:term":[{"taxonomy":"category","embeddable":true,"href":"https:\/\/www.santjoandalacant.es\/ca\/wp-json\/wp\/v2\/categories?post=75678"},{"taxonomy":"post_tag","embeddable":true,"href":"https:\/\/www.santjoandalacant.es\/ca\/wp-json\/wp\/v2\/tags?post=75678"},{"taxonomy":"areas","embeddable":true,"href":"https:\/\/www.santjoandalacant.es\/ca\/wp-json\/wp\/v2\/areas?post=75678"}],"curies":[{"name":"wp","href":"https:\/\/api.w.org\/{rel}","templated":true}]}}