{"id":75937,"date":"2016-09-01T10:18:13","date_gmt":"2016-09-01T10:18:13","guid":{"rendered":"https:\/\/santjoan.developersasapglobalsolution.com\/sant-joan-aconseguix-la-connexio-amb-la-platja-de-sant-joan-i-universitat-durant-tot-lany\/"},"modified":"2016-09-01T10:18:13","modified_gmt":"2016-09-01T10:18:13","slug":"sant-joan-aconseguix-la-connexio-amb-la-platja-de-sant-joan-i-universitat-durant-tot-lany","status":"publish","type":"post","link":"https:\/\/www.santjoandalacant.es\/ca\/sant-joan-aconseguix-la-connexio-amb-la-platja-de-sant-joan-i-universitat-durant-tot-lany\/","title":{"rendered":"Sant Joan aconseguix la connexi\u00f3 amb la Platja de Sant Joan i Universitat durant tot l&#8217;any."},"content":{"rendered":"<p class=\"MsoNormal\" style=\"text-align: justify\">\u00c9s una demanda hist\u00f2rica dels nostres ve\u00efns que hem aconseguit gr\u00e0cies a la bona predisposici\u00f3 de Conselleria i a la coordinaci\u00f3 entre els municipis a trav\u00e9s de la Mancomunitat. A partir de setembre es va a dur a terme una s\u00e8rie d&#8217;actuacions la finalitat de la qual \u00e9s millorar la qualitat del servici per mitj\u00e0 de canvis de recorregut i al seu torn optimitzaci\u00f3 de les l\u00ednies per a millorar la xarxa. L&#8217;increment de servici de les l\u00ednies 23 \u00e9s altament demandat per la gran quantitat d&#8217;usuaris que usa esta l\u00ednia, arribant en alguns moments a registrar-se autobusos complets. <strong>La l\u00ednia 23<\/strong> s&#8217;incrementar\u00e0 en 1 autob\u00fas al mat\u00ed passant d&#8217;11 a 12 el que redu\u00efx l&#8217;interval de pas de 10 a 9 minuts. Els canvis d&#8217;horari i ajustos de recorregut de les nova l\u00ednia 23 comen\u00e7ar\u00e0 el servici a partir del<strong> dilluns 12<\/strong> coincidint amb l&#8217;inici del curs lectiu.<\/p>\n<p class=\"MsoNormal\" style=\"text-align: justify\"><strong>La l\u00ednia 23<\/strong> \u00e9s la l\u00ednia que fa possible el plantejament de reestructuraci\u00f3, a causa de la seua alta freq\u00fc\u00e8ncia servix com a connexi\u00f3 immediata des dels municipis de Mutxamel i Sant Joan fins a l&#8217;intercanviador situat en l&#8217;Hospital de Sant Joan on es permeten els transbords a les diferents zones: Universitat, Platja de Sant Joan, El Campello i zones interm\u00e8dies.<strong> La l\u00ednia 38<\/strong>, que aplicar\u00e0 els canvis i millores el pr\u00f2xim <strong>5 de setembre<\/strong>, incrementa substancialment el seu servici passant d&#8217;uns trajectes puntuals a prestar servici de forma cont\u00ednua al llarg de tot el dia, a m\u00e9s amb la nova configuraci\u00f3 permet despla\u00e7aments en ambd\u00f3s ja que la configuraci\u00f3 actual tan sols permet despla\u00e7aments sentit universitat o sentit platja de Sant Joan depenent de l&#8217;hora del dia.<\/p>\n<p class=\"MsoNormal\" style=\"text-align: justify\">&nbsp;<\/p>\n<p class=\"MsoNormal\" style=\"text-align: justify\"><strong>La l\u00ednia 38<\/strong> pertany a l&#8217;\u00e0mbit TAM el que permet l&#8217;\u00fas de la <strong>Targeta Mobilis<\/strong> millorant les condicions tarif\u00e0ries i la possibilitat d&#8217;efectuar transbord gratu\u00eft des de o cap a altres l\u00ednies.<\/p>\n","protected":false},"excerpt":{"rendered":"<p style=\"text-align: justify\" class=\"MsoNormal\">\n\u00c9s una demanda hist\u00f2rica dels<br \/>\nnostres ve\u00efns que hem aconseguit gr\u00e0cies a la bona predisposici\u00f3 de Conselleria<br \/>\ni a la coordinaci\u00f3 entre els municipis a trav\u00e9s de la Mancomunitat. A partir de<br \/>\nsetembre es va a dur a terme una s\u00e8rie d&#8217;actuacions la finalitat de la qual \u00e9s<br \/>\nmillorar la qualitat del servici per mitj\u00e0 de canvis de recorregut i al seu<br \/>\ntorn optimitzaci\u00f3 de les l\u00ednies per a millorar la xarxa.<\/p>\n","protected":false},"author":1,"featured_media":24575,"comment_status":"open","ping_status":"open","sticky":false,"template":"","format":"standard","meta":{"_acf_changed":false,"rs_blank_template":"","rs_page_bg_color":"","slide_template_v7":"","footnotes":""},"categories":[1],"tags":[],"areas":[1016],"class_list":["post-75937","post","type-post","status-publish","format-standard","has-post-thumbnail","hentry","category-sin-categorizar","areas-transporte-publico-ca"],"acf":[],"yoast_head":"<!-- This site is optimized with the Yoast SEO plugin v28.2 - https:\/\/yoast.com\/product\/yoast-seo-wordpress\/ -->\n<title>Sant Joan aconseguix la connexi\u00f3 amb la Platja de Sant Joan i Universitat durant tot l&#039;any. - Sant Joan d&#039;Alacant<\/title>\n<meta name=\"robots\" content=\"index, follow, max-snippet:-1, max-image-preview:large, max-video-preview:-1\" \/>\n<link rel=\"canonical\" href=\"https:\/\/www.santjoandalacant.es\/ca\/sant-joan-aconseguix-la-connexio-amb-la-platja-de-sant-joan-i-universitat-durant-tot-lany\/\" \/>\n<meta property=\"og:locale\" content=\"en_US\" \/>\n<meta property=\"og:type\" content=\"article\" \/>\n<meta property=\"og:title\" content=\"Sant Joan aconseguix la connexi\u00f3 amb la Platja de Sant Joan i Universitat durant tot l&#039;any. - Sant Joan d&#039;Alacant\" \/>\n<meta property=\"og:description\" content=\"\u00c9s una demanda hist\u00f2rica dels nostres ve\u00efns que hem aconseguit gr\u00e0cies a la bona predisposici\u00f3 de Conselleria i a la coordinaci\u00f3 entre els municipis a trav\u00e9s de la Mancomunitat. A partir de setembre es va a dur a terme una s\u00e8rie d&#039;actuacions la finalitat de la qual \u00e9s millorar la qualitat del servici per mitj\u00e0 de canvis de recorregut i al seu torn optimitzaci\u00f3 de les l\u00ednies per a millorar la xarxa.\" \/>\n<meta property=\"og:url\" content=\"https:\/\/www.santjoandalacant.es\/ca\/sant-joan-aconseguix-la-connexio-amb-la-platja-de-sant-joan-i-universitat-durant-tot-lany\/\" \/>\n<meta property=\"og:site_name\" content=\"Sant Joan d&#039;Alacant\" \/>\n<meta property=\"article:publisher\" content=\"https:\/\/www.facebook.com\/santjoandalacant\/\" \/>\n<meta property=\"article:published_time\" content=\"2016-09-01T10:18:13+00:00\" \/>\n<meta property=\"og:image\" content=\"https:\/\/www.santjoandalacant.es\/wp-content\/uploads\/2017\/06\/web_0001_20.jpg\" \/>\n\t<meta property=\"og:image:width\" content=\"253\" \/>\n\t<meta property=\"og:image:height\" content=\"360\" \/>\n\t<meta property=\"og:image:type\" content=\"image\/jpeg\" \/>\n<meta name=\"author\" content=\"6tems\" \/>\n<meta name=\"twitter:card\" content=\"summary_large_image\" \/>\n<meta name=\"twitter:label1\" content=\"Written by\" \/>\n\t<meta name=\"twitter:data1\" content=\"6tems\" \/>\n\t<meta name=\"twitter:label2\" content=\"Est. reading time\" \/>\n\t<meta name=\"twitter:data2\" content=\"2 minutes\" \/>\n<script type=\"application\/ld+json\" class=\"yoast-schema-graph\">{\"@context\":\"https:\\\/\\\/schema.org\",\"@graph\":[{\"@type\":\"Article\",\"@id\":\"https:\\\/\\\/www.santjoandalacant.es\\\/ca\\\/sant-joan-aconseguix-la-connexio-amb-la-platja-de-sant-joan-i-universitat-durant-tot-lany\\\/#article\",\"isPartOf\":{\"@id\":\"https:\\\/\\\/www.santjoandalacant.es\\\/ca\\\/sant-joan-aconseguix-la-connexio-amb-la-platja-de-sant-joan-i-universitat-durant-tot-lany\\\/\"},\"author\":{\"name\":\"6tems\",\"@id\":\"https:\\\/\\\/www.santjoandalacant.es\\\/ca\\\/#\\\/schema\\\/person\\\/74b89bc7b26e6edafb76cd69420cd790\"},\"headline\":\"Sant Joan aconseguix la connexi\u00f3 amb la Platja de Sant Joan i Universitat durant tot l&#8217;any.\",\"datePublished\":\"2016-09-01T10:18:13+00:00\",\"mainEntityOfPage\":{\"@id\":\"https:\\\/\\\/www.santjoandalacant.es\\\/ca\\\/sant-joan-aconseguix-la-connexio-amb-la-platja-de-sant-joan-i-universitat-durant-tot-lany\\\/\"},\"wordCount\":357,\"commentCount\":0,\"publisher\":{\"@id\":\"https:\\\/\\\/www.santjoandalacant.es\\\/ca\\\/#organization\"},\"image\":{\"@id\":\"https:\\\/\\\/www.santjoandalacant.es\\\/ca\\\/sant-joan-aconseguix-la-connexio-amb-la-platja-de-sant-joan-i-universitat-durant-tot-lany\\\/#primaryimage\"},\"thumbnailUrl\":\"https:\\\/\\\/www.santjoandalacant.es\\\/wp-content\\\/uploads\\\/2017\\\/06\\\/web_0001_20.jpg\",\"articleSection\":[\"Sin categorizar\"],\"inLanguage\":\"va\",\"potentialAction\":[{\"@type\":\"CommentAction\",\"name\":\"Comment\",\"target\":[\"https:\\\/\\\/www.santjoandalacant.es\\\/ca\\\/sant-joan-aconseguix-la-connexio-amb-la-platja-de-sant-joan-i-universitat-durant-tot-lany\\\/#respond\"]}]},{\"@type\":\"WebPage\",\"@id\":\"https:\\\/\\\/www.santjoandalacant.es\\\/ca\\\/sant-joan-aconseguix-la-connexio-amb-la-platja-de-sant-joan-i-universitat-durant-tot-lany\\\/\",\"url\":\"https:\\\/\\\/www.santjoandalacant.es\\\/ca\\\/sant-joan-aconseguix-la-connexio-amb-la-platja-de-sant-joan-i-universitat-durant-tot-lany\\\/\",\"name\":\"Sant Joan aconseguix la connexi\u00f3 amb la Platja de Sant Joan i Universitat durant tot l'any. - Sant Joan d&#039;Alacant\",\"isPartOf\":{\"@id\":\"https:\\\/\\\/www.santjoandalacant.es\\\/ca\\\/#website\"},\"primaryImageOfPage\":{\"@id\":\"https:\\\/\\\/www.santjoandalacant.es\\\/ca\\\/sant-joan-aconseguix-la-connexio-amb-la-platja-de-sant-joan-i-universitat-durant-tot-lany\\\/#primaryimage\"},\"image\":{\"@id\":\"https:\\\/\\\/www.santjoandalacant.es\\\/ca\\\/sant-joan-aconseguix-la-connexio-amb-la-platja-de-sant-joan-i-universitat-durant-tot-lany\\\/#primaryimage\"},\"thumbnailUrl\":\"https:\\\/\\\/www.santjoandalacant.es\\\/wp-content\\\/uploads\\\/2017\\\/06\\\/web_0001_20.jpg\",\"datePublished\":\"2016-09-01T10:18:13+00:00\",\"breadcrumb\":{\"@id\":\"https:\\\/\\\/www.santjoandalacant.es\\\/ca\\\/sant-joan-aconseguix-la-connexio-amb-la-platja-de-sant-joan-i-universitat-durant-tot-lany\\\/#breadcrumb\"},\"inLanguage\":\"va\",\"potentialAction\":[{\"@type\":\"ReadAction\",\"target\":[\"https:\\\/\\\/www.santjoandalacant.es\\\/ca\\\/sant-joan-aconseguix-la-connexio-amb-la-platja-de-sant-joan-i-universitat-durant-tot-lany\\\/\"]}]},{\"@type\":\"ImageObject\",\"inLanguage\":\"va\",\"@id\":\"https:\\\/\\\/www.santjoandalacant.es\\\/ca\\\/sant-joan-aconseguix-la-connexio-amb-la-platja-de-sant-joan-i-universitat-durant-tot-lany\\\/#primaryimage\",\"url\":\"https:\\\/\\\/www.santjoandalacant.es\\\/wp-content\\\/uploads\\\/2017\\\/06\\\/web_0001_20.jpg\",\"contentUrl\":\"https:\\\/\\\/www.santjoandalacant.es\\\/wp-content\\\/uploads\\\/2017\\\/06\\\/web_0001_20.jpg\",\"width\":253,\"height\":360},{\"@type\":\"BreadcrumbList\",\"@id\":\"https:\\\/\\\/www.santjoandalacant.es\\\/ca\\\/sant-joan-aconseguix-la-connexio-amb-la-platja-de-sant-joan-i-universitat-durant-tot-lany\\\/#breadcrumb\",\"itemListElement\":[{\"@type\":\"ListItem\",\"position\":1,\"name\":\"Inicio\",\"item\":\"https:\\\/\\\/www.santjoandalacant.es\\\/ca\\\/\"},{\"@type\":\"ListItem\",\"position\":2,\"name\":\"Sant Joan aconseguix la connexi\u00f3 amb la Platja de Sant Joan i Universitat durant tot l&#8217;any.\"}]},{\"@type\":\"WebSite\",\"@id\":\"https:\\\/\\\/www.santjoandalacant.es\\\/ca\\\/#website\",\"url\":\"https:\\\/\\\/www.santjoandalacant.es\\\/ca\\\/\",\"name\":\"Sant Joan d'Alacant\",\"description\":\"\",\"publisher\":{\"@id\":\"https:\\\/\\\/www.santjoandalacant.es\\\/ca\\\/#organization\"},\"potentialAction\":[{\"@type\":\"SearchAction\",\"target\":{\"@type\":\"EntryPoint\",\"urlTemplate\":\"https:\\\/\\\/www.santjoandalacant.es\\\/ca\\\/?s={search_term_string}\"},\"query-input\":{\"@type\":\"PropertyValueSpecification\",\"valueRequired\":true,\"valueName\":\"search_term_string\"}}],\"inLanguage\":\"va\"},{\"@type\":\"Organization\",\"@id\":\"https:\\\/\\\/www.santjoandalacant.es\\\/ca\\\/#organization\",\"name\":\"Sant Joan d'Alacant\",\"url\":\"https:\\\/\\\/www.santjoandalacant.es\\\/ca\\\/\",\"logo\":{\"@type\":\"ImageObject\",\"inLanguage\":\"va\",\"@id\":\"https:\\\/\\\/www.santjoandalacant.es\\\/ca\\\/#\\\/schema\\\/logo\\\/image\\\/\",\"url\":\"https:\\\/\\\/www.santjoandalacant.es\\\/wp-content\\\/uploads\\\/2023\\\/08\\\/logoSJ.png\",\"contentUrl\":\"https:\\\/\\\/www.santjoandalacant.es\\\/wp-content\\\/uploads\\\/2023\\\/08\\\/logoSJ.png\",\"width\":198,\"height\":253,\"caption\":\"Sant Joan d'Alacant\"},\"image\":{\"@id\":\"https:\\\/\\\/www.santjoandalacant.es\\\/ca\\\/#\\\/schema\\\/logo\\\/image\\\/\"},\"sameAs\":[\"https:\\\/\\\/www.facebook.com\\\/santjoandalacant\\\/\",\"https:\\\/\\\/www.instagram.com\\\/santjoandalacant\\\/\",\"https:\\\/\\\/www.youtube.com\\\/user\\\/santjoandalacant\"]},{\"@type\":\"Person\",\"@id\":\"https:\\\/\\\/www.santjoandalacant.es\\\/ca\\\/#\\\/schema\\\/person\\\/74b89bc7b26e6edafb76cd69420cd790\",\"name\":\"6tems\",\"image\":{\"@type\":\"ImageObject\",\"inLanguage\":\"va\",\"@id\":\"https:\\\/\\\/secure.gravatar.com\\\/avatar\\\/1c939d9bf86da56568327e5d52b159d089efba17cde140c49884e3fe77ef9c66?s=96&d=mm&r=g\",\"url\":\"https:\\\/\\\/secure.gravatar.com\\\/avatar\\\/1c939d9bf86da56568327e5d52b159d089efba17cde140c49884e3fe77ef9c66?s=96&d=mm&r=g\",\"contentUrl\":\"https:\\\/\\\/secure.gravatar.com\\\/avatar\\\/1c939d9bf86da56568327e5d52b159d089efba17cde140c49884e3fe77ef9c66?s=96&d=mm&r=g\",\"caption\":\"6tems\"},\"sameAs\":[\"https:\\\/\\\/www.santjoandalacant.es\"],\"url\":\"https:\\\/\\\/www.santjoandalacant.es\\\/ca\\\/author\\\/adminasap\\\/\"}]}<\/script>\n<!-- \/ Yoast SEO plugin. -->","yoast_head_json":{"title":"Sant Joan aconseguix la connexi\u00f3 amb la Platja de Sant Joan i Universitat durant tot l'any. - Sant Joan d&#039;Alacant","robots":{"index":"index","follow":"follow","max-snippet":"max-snippet:-1","max-image-preview":"max-image-preview:large","max-video-preview":"max-video-preview:-1"},"canonical":"https:\/\/www.santjoandalacant.es\/ca\/sant-joan-aconseguix-la-connexio-amb-la-platja-de-sant-joan-i-universitat-durant-tot-lany\/","og_locale":"en_US","og_type":"article","og_title":"Sant Joan aconseguix la connexi\u00f3 amb la Platja de Sant Joan i Universitat durant tot l'any. - Sant Joan d&#039;Alacant","og_description":"\u00c9s una demanda hist\u00f2rica dels nostres ve\u00efns que hem aconseguit gr\u00e0cies a la bona predisposici\u00f3 de Conselleria i a la coordinaci\u00f3 entre els municipis a trav\u00e9s de la Mancomunitat. A partir de setembre es va a dur a terme una s\u00e8rie d'actuacions la finalitat de la qual \u00e9s millorar la qualitat del servici per mitj\u00e0 de canvis de recorregut i al seu torn optimitzaci\u00f3 de les l\u00ednies per a millorar la xarxa.","og_url":"https:\/\/www.santjoandalacant.es\/ca\/sant-joan-aconseguix-la-connexio-amb-la-platja-de-sant-joan-i-universitat-durant-tot-lany\/","og_site_name":"Sant Joan d&#039;Alacant","article_publisher":"https:\/\/www.facebook.com\/santjoandalacant\/","article_published_time":"2016-09-01T10:18:13+00:00","og_image":[{"width":253,"height":360,"url":"https:\/\/www.santjoandalacant.es\/wp-content\/uploads\/2017\/06\/web_0001_20.jpg","type":"image\/jpeg"}],"author":"6tems","twitter_card":"summary_large_image","twitter_misc":{"Written by":"6tems","Est. reading time":"2 minutes"},"schema":{"@context":"https:\/\/schema.org","@graph":[{"@type":"Article","@id":"https:\/\/www.santjoandalacant.es\/ca\/sant-joan-aconseguix-la-connexio-amb-la-platja-de-sant-joan-i-universitat-durant-tot-lany\/#article","isPartOf":{"@id":"https:\/\/www.santjoandalacant.es\/ca\/sant-joan-aconseguix-la-connexio-amb-la-platja-de-sant-joan-i-universitat-durant-tot-lany\/"},"author":{"name":"6tems","@id":"https:\/\/www.santjoandalacant.es\/ca\/#\/schema\/person\/74b89bc7b26e6edafb76cd69420cd790"},"headline":"Sant Joan aconseguix la connexi\u00f3 amb la Platja de Sant Joan i Universitat durant tot l&#8217;any.","datePublished":"2016-09-01T10:18:13+00:00","mainEntityOfPage":{"@id":"https:\/\/www.santjoandalacant.es\/ca\/sant-joan-aconseguix-la-connexio-amb-la-platja-de-sant-joan-i-universitat-durant-tot-lany\/"},"wordCount":357,"commentCount":0,"publisher":{"@id":"https:\/\/www.santjoandalacant.es\/ca\/#organization"},"image":{"@id":"https:\/\/www.santjoandalacant.es\/ca\/sant-joan-aconseguix-la-connexio-amb-la-platja-de-sant-joan-i-universitat-durant-tot-lany\/#primaryimage"},"thumbnailUrl":"https:\/\/www.santjoandalacant.es\/wp-content\/uploads\/2017\/06\/web_0001_20.jpg","articleSection":["Sin categorizar"],"inLanguage":"va","potentialAction":[{"@type":"CommentAction","name":"Comment","target":["https:\/\/www.santjoandalacant.es\/ca\/sant-joan-aconseguix-la-connexio-amb-la-platja-de-sant-joan-i-universitat-durant-tot-lany\/#respond"]}]},{"@type":"WebPage","@id":"https:\/\/www.santjoandalacant.es\/ca\/sant-joan-aconseguix-la-connexio-amb-la-platja-de-sant-joan-i-universitat-durant-tot-lany\/","url":"https:\/\/www.santjoandalacant.es\/ca\/sant-joan-aconseguix-la-connexio-amb-la-platja-de-sant-joan-i-universitat-durant-tot-lany\/","name":"Sant Joan aconseguix la connexi\u00f3 amb la Platja de Sant Joan i Universitat durant tot l'any. - Sant Joan d&#039;Alacant","isPartOf":{"@id":"https:\/\/www.santjoandalacant.es\/ca\/#website"},"primaryImageOfPage":{"@id":"https:\/\/www.santjoandalacant.es\/ca\/sant-joan-aconseguix-la-connexio-amb-la-platja-de-sant-joan-i-universitat-durant-tot-lany\/#primaryimage"},"image":{"@id":"https:\/\/www.santjoandalacant.es\/ca\/sant-joan-aconseguix-la-connexio-amb-la-platja-de-sant-joan-i-universitat-durant-tot-lany\/#primaryimage"},"thumbnailUrl":"https:\/\/www.santjoandalacant.es\/wp-content\/uploads\/2017\/06\/web_0001_20.jpg","datePublished":"2016-09-01T10:18:13+00:00","breadcrumb":{"@id":"https:\/\/www.santjoandalacant.es\/ca\/sant-joan-aconseguix-la-connexio-amb-la-platja-de-sant-joan-i-universitat-durant-tot-lany\/#breadcrumb"},"inLanguage":"va","potentialAction":[{"@type":"ReadAction","target":["https:\/\/www.santjoandalacant.es\/ca\/sant-joan-aconseguix-la-connexio-amb-la-platja-de-sant-joan-i-universitat-durant-tot-lany\/"]}]},{"@type":"ImageObject","inLanguage":"va","@id":"https:\/\/www.santjoandalacant.es\/ca\/sant-joan-aconseguix-la-connexio-amb-la-platja-de-sant-joan-i-universitat-durant-tot-lany\/#primaryimage","url":"https:\/\/www.santjoandalacant.es\/wp-content\/uploads\/2017\/06\/web_0001_20.jpg","contentUrl":"https:\/\/www.santjoandalacant.es\/wp-content\/uploads\/2017\/06\/web_0001_20.jpg","width":253,"height":360},{"@type":"BreadcrumbList","@id":"https:\/\/www.santjoandalacant.es\/ca\/sant-joan-aconseguix-la-connexio-amb-la-platja-de-sant-joan-i-universitat-durant-tot-lany\/#breadcrumb","itemListElement":[{"@type":"ListItem","position":1,"name":"Inicio","item":"https:\/\/www.santjoandalacant.es\/ca\/"},{"@type":"ListItem","position":2,"name":"Sant Joan aconseguix la connexi\u00f3 amb la Platja de Sant Joan i Universitat durant tot l&#8217;any."}]},{"@type":"WebSite","@id":"https:\/\/www.santjoandalacant.es\/ca\/#website","url":"https:\/\/www.santjoandalacant.es\/ca\/","name":"Sant Joan d'Alacant","description":"","publisher":{"@id":"https:\/\/www.santjoandalacant.es\/ca\/#organization"},"potentialAction":[{"@type":"SearchAction","target":{"@type":"EntryPoint","urlTemplate":"https:\/\/www.santjoandalacant.es\/ca\/?s={search_term_string}"},"query-input":{"@type":"PropertyValueSpecification","valueRequired":true,"valueName":"search_term_string"}}],"inLanguage":"va"},{"@type":"Organization","@id":"https:\/\/www.santjoandalacant.es\/ca\/#organization","name":"Sant Joan d'Alacant","url":"https:\/\/www.santjoandalacant.es\/ca\/","logo":{"@type":"ImageObject","inLanguage":"va","@id":"https:\/\/www.santjoandalacant.es\/ca\/#\/schema\/logo\/image\/","url":"https:\/\/www.santjoandalacant.es\/wp-content\/uploads\/2023\/08\/logoSJ.png","contentUrl":"https:\/\/www.santjoandalacant.es\/wp-content\/uploads\/2023\/08\/logoSJ.png","width":198,"height":253,"caption":"Sant Joan d'Alacant"},"image":{"@id":"https:\/\/www.santjoandalacant.es\/ca\/#\/schema\/logo\/image\/"},"sameAs":["https:\/\/www.facebook.com\/santjoandalacant\/","https:\/\/www.instagram.com\/santjoandalacant\/","https:\/\/www.youtube.com\/user\/santjoandalacant"]},{"@type":"Person","@id":"https:\/\/www.santjoandalacant.es\/ca\/#\/schema\/person\/74b89bc7b26e6edafb76cd69420cd790","name":"6tems","image":{"@type":"ImageObject","inLanguage":"va","@id":"https:\/\/secure.gravatar.com\/avatar\/1c939d9bf86da56568327e5d52b159d089efba17cde140c49884e3fe77ef9c66?s=96&d=mm&r=g","url":"https:\/\/secure.gravatar.com\/avatar\/1c939d9bf86da56568327e5d52b159d089efba17cde140c49884e3fe77ef9c66?s=96&d=mm&r=g","contentUrl":"https:\/\/secure.gravatar.com\/avatar\/1c939d9bf86da56568327e5d52b159d089efba17cde140c49884e3fe77ef9c66?s=96&d=mm&r=g","caption":"6tems"},"sameAs":["https:\/\/www.santjoandalacant.es"],"url":"https:\/\/www.santjoandalacant.es\/ca\/author\/adminasap\/"}]}},"_links":{"self":[{"href":"https:\/\/www.santjoandalacant.es\/ca\/wp-json\/wp\/v2\/posts\/75937","targetHints":{"allow":["GET"]}}],"collection":[{"href":"https:\/\/www.santjoandalacant.es\/ca\/wp-json\/wp\/v2\/posts"}],"about":[{"href":"https:\/\/www.santjoandalacant.es\/ca\/wp-json\/wp\/v2\/types\/post"}],"author":[{"embeddable":true,"href":"https:\/\/www.santjoandalacant.es\/ca\/wp-json\/wp\/v2\/users\/1"}],"replies":[{"embeddable":true,"href":"https:\/\/www.santjoandalacant.es\/ca\/wp-json\/wp\/v2\/comments?post=75937"}],"version-history":[{"count":0,"href":"https:\/\/www.santjoandalacant.es\/ca\/wp-json\/wp\/v2\/posts\/75937\/revisions"}],"wp:featuredmedia":[{"embeddable":true,"href":"https:\/\/www.santjoandalacant.es\/ca\/wp-json\/wp\/v2\/media\/24575"}],"wp:attachment":[{"href":"https:\/\/www.santjoandalacant.es\/ca\/wp-json\/wp\/v2\/media?parent=75937"}],"wp:term":[{"taxonomy":"category","embeddable":true,"href":"https:\/\/www.santjoandalacant.es\/ca\/wp-json\/wp\/v2\/categories?post=75937"},{"taxonomy":"post_tag","embeddable":true,"href":"https:\/\/www.santjoandalacant.es\/ca\/wp-json\/wp\/v2\/tags?post=75937"},{"taxonomy":"areas","embeddable":true,"href":"https:\/\/www.santjoandalacant.es\/ca\/wp-json\/wp\/v2\/areas?post=75937"}],"curies":[{"name":"wp","href":"https:\/\/api.w.org\/{rel}","templated":true}]}}