{"id":76025,"date":"2016-06-28T10:35:06","date_gmt":"2016-06-28T10:35:06","guid":{"rendered":"https:\/\/santjoan.developersasapglobalsolution.com\/la-regidoria-de-cultura-presenta-la-i-mostra-de-teatre-grecollati\/"},"modified":"2016-06-28T10:35:06","modified_gmt":"2016-06-28T10:35:06","slug":"la-regidoria-de-cultura-presenta-la-i-mostra-de-teatre-grecollati","status":"publish","type":"post","link":"https:\/\/www.santjoandalacant.es\/ca\/la-regidoria-de-cultura-presenta-la-i-mostra-de-teatre-grecollati\/","title":{"rendered":"La regidoria de Cultura presenta la I Mostra de Teatre Grecollat\u00ed"},"content":{"rendered":"<div>La Mostra arrancar\u00e0 el dia 2 amb la representaci\u00f3 de Electra per part del Grup de Teatre Cl\u00e0ssic de la Universitat d&#8217;Alacant, trag\u00e8dia cl\u00e0ssica que narra la lluita de Electra per venjar l&#8217;assassinat del seu pare, Agam\u00e8mnon. Mentre que el 3 de juliol, el Grup Komos presentar\u00e0 Despr\u00e9s de la Terra una adaptaci\u00f3 de Ant\u00edgona de S\u00f3focles emmarcada en la guerra civil i que combina textos de Miguel Hern\u00e1ndez.<\/div>\n<div>&nbsp;<\/div>\n<div>Clara Rodr\u00edguez, regidor de Cultura, explica que \u201cl&#8217;objectiu de la mostra \u00e9s acostar el teatre cl\u00e0ssic a tota la poblaci\u00f3, un teatre que sol ser minoritari i que, desgraciadament, no sol oferir moltes possibilitats de poder ser vist. Hem decidit fer-ho en un espai totalment at\u00edpic, el Parc Municipal, per a atraure un major nombre d&#8217;espectadors, sobretot, d&#8217;aquells amb poca vinculaci\u00f3 a aquest tipus de representacions, al mateix temps que diversifiquem els espais d&#8217;oferta cultural. \u00c9s primordial intentar realitzar una programaci\u00f3 en la qual tinguen cabuda tot tipus d&#8217;arts esc\u00e8niques i que oferisca un enriquiment cultural i la possibilitat de desenvolupar reflexions i actituds cr\u00edtica\u201d<\/div>\n","protected":false},"excerpt":{"rendered":"<div>\nLa Mostra arrancar\u00e0 el dia 2 amb la representaci\u00f3 de Electra per part del Grup de Teatre Cl\u00e0ssic de la Universitat d&#8217;Alacant, trag\u00e8dia cl\u00e0ssica que narra la lluita de Electra per venjar l&#8217;assassinat del seu pare, Agam\u00e8mnon. Mentre que el 3 de juliol, el Grup Komos presentar\u00e0 Despr\u00e9s de la Terra una adaptaci\u00f3 de Ant\u00edgona de S\u00f3focles emmarcada en la guerra civil i que combina textos de Miguel Hern\u00e1ndez.\n<\/div>\n<div>\n","protected":false},"author":1,"featured_media":25144,"comment_status":"open","ping_status":"open","sticky":false,"template":"","format":"standard","meta":{"_acf_changed":false,"rs_blank_template":"","rs_page_bg_color":"","slide_template_v7":"","footnotes":""},"categories":[1],"tags":[],"areas":[1019],"class_list":["post-76025","post","type-post","status-publish","format-standard","has-post-thumbnail","hentry","category-sin-categorizar","areas-cultura-ca"],"acf":[],"yoast_head":"<!-- This site is optimized with the Yoast SEO plugin v28.2 - https:\/\/yoast.com\/product\/yoast-seo-wordpress\/ -->\n<title>La regidoria de Cultura presenta la I Mostra de Teatre Grecollat\u00ed - Sant Joan d&#039;Alacant<\/title>\n<meta name=\"robots\" content=\"index, follow, max-snippet:-1, max-image-preview:large, max-video-preview:-1\" \/>\n<link rel=\"canonical\" href=\"https:\/\/www.santjoandalacant.es\/ca\/la-regidoria-de-cultura-presenta-la-i-mostra-de-teatre-grecollati\/\" \/>\n<meta property=\"og:locale\" content=\"en_US\" \/>\n<meta property=\"og:type\" content=\"article\" \/>\n<meta property=\"og:title\" content=\"La regidoria de Cultura presenta la I Mostra de Teatre Grecollat\u00ed - Sant Joan d&#039;Alacant\" \/>\n<meta property=\"og:description\" content=\"La Mostra arrancar\u00e0 el dia 2 amb la representaci\u00f3 de Electra per part del Grup de Teatre Cl\u00e0ssic de la Universitat d&#039;Alacant, trag\u00e8dia cl\u00e0ssica que narra la lluita de Electra per venjar l&#039;assassinat del seu pare, Agam\u00e8mnon. Mentre que el 3 de juliol, el Grup Komos presentar\u00e0 Despr\u00e9s de la Terra una adaptaci\u00f3 de Ant\u00edgona de S\u00f3focles emmarcada en la guerra civil i que combina textos de Miguel Hern\u00e1ndez.\" \/>\n<meta property=\"og:url\" content=\"https:\/\/www.santjoandalacant.es\/ca\/la-regidoria-de-cultura-presenta-la-i-mostra-de-teatre-grecollati\/\" \/>\n<meta property=\"og:site_name\" content=\"Sant Joan d&#039;Alacant\" \/>\n<meta property=\"article:publisher\" content=\"https:\/\/www.facebook.com\/santjoandalacant\/\" \/>\n<meta property=\"article:published_time\" content=\"2016-06-28T10:35:06+00:00\" \/>\n<meta property=\"og:image\" content=\"https:\/\/www.santjoandalacant.es\/wp-content\/uploads\/2017\/06\/MUESTRAPARQUEredes.jpg\" \/>\n\t<meta property=\"og:image:width\" content=\"465\" \/>\n\t<meta property=\"og:image:height\" content=\"658\" \/>\n\t<meta property=\"og:image:type\" content=\"image\/jpeg\" \/>\n<meta name=\"author\" content=\"6tems\" \/>\n<meta name=\"twitter:card\" content=\"summary_large_image\" \/>\n<meta name=\"twitter:label1\" content=\"Written by\" \/>\n\t<meta name=\"twitter:data1\" content=\"6tems\" \/>\n\t<meta name=\"twitter:label2\" content=\"Est. reading time\" \/>\n\t<meta name=\"twitter:data2\" content=\"1 minute\" \/>\n<script type=\"application\/ld+json\" class=\"yoast-schema-graph\">{\"@context\":\"https:\\\/\\\/schema.org\",\"@graph\":[{\"@type\":\"Article\",\"@id\":\"https:\\\/\\\/www.santjoandalacant.es\\\/ca\\\/la-regidoria-de-cultura-presenta-la-i-mostra-de-teatre-grecollati\\\/#article\",\"isPartOf\":{\"@id\":\"https:\\\/\\\/www.santjoandalacant.es\\\/ca\\\/la-regidoria-de-cultura-presenta-la-i-mostra-de-teatre-grecollati\\\/\"},\"author\":{\"name\":\"6tems\",\"@id\":\"https:\\\/\\\/www.santjoandalacant.es\\\/ca\\\/#\\\/schema\\\/person\\\/74b89bc7b26e6edafb76cd69420cd790\"},\"headline\":\"La regidoria de Cultura presenta la I Mostra de Teatre Grecollat\u00ed\",\"datePublished\":\"2016-06-28T10:35:06+00:00\",\"mainEntityOfPage\":{\"@id\":\"https:\\\/\\\/www.santjoandalacant.es\\\/ca\\\/la-regidoria-de-cultura-presenta-la-i-mostra-de-teatre-grecollati\\\/\"},\"wordCount\":204,\"commentCount\":0,\"publisher\":{\"@id\":\"https:\\\/\\\/www.santjoandalacant.es\\\/ca\\\/#organization\"},\"image\":{\"@id\":\"https:\\\/\\\/www.santjoandalacant.es\\\/ca\\\/la-regidoria-de-cultura-presenta-la-i-mostra-de-teatre-grecollati\\\/#primaryimage\"},\"thumbnailUrl\":\"https:\\\/\\\/www.santjoandalacant.es\\\/wp-content\\\/uploads\\\/2017\\\/06\\\/MUESTRAPARQUEredes.jpg\",\"articleSection\":[\"Sin categorizar\"],\"inLanguage\":\"va\",\"potentialAction\":[{\"@type\":\"CommentAction\",\"name\":\"Comment\",\"target\":[\"https:\\\/\\\/www.santjoandalacant.es\\\/ca\\\/la-regidoria-de-cultura-presenta-la-i-mostra-de-teatre-grecollati\\\/#respond\"]}]},{\"@type\":\"WebPage\",\"@id\":\"https:\\\/\\\/www.santjoandalacant.es\\\/ca\\\/la-regidoria-de-cultura-presenta-la-i-mostra-de-teatre-grecollati\\\/\",\"url\":\"https:\\\/\\\/www.santjoandalacant.es\\\/ca\\\/la-regidoria-de-cultura-presenta-la-i-mostra-de-teatre-grecollati\\\/\",\"name\":\"La regidoria de Cultura presenta la I Mostra de Teatre Grecollat\u00ed - Sant Joan d&#039;Alacant\",\"isPartOf\":{\"@id\":\"https:\\\/\\\/www.santjoandalacant.es\\\/ca\\\/#website\"},\"primaryImageOfPage\":{\"@id\":\"https:\\\/\\\/www.santjoandalacant.es\\\/ca\\\/la-regidoria-de-cultura-presenta-la-i-mostra-de-teatre-grecollati\\\/#primaryimage\"},\"image\":{\"@id\":\"https:\\\/\\\/www.santjoandalacant.es\\\/ca\\\/la-regidoria-de-cultura-presenta-la-i-mostra-de-teatre-grecollati\\\/#primaryimage\"},\"thumbnailUrl\":\"https:\\\/\\\/www.santjoandalacant.es\\\/wp-content\\\/uploads\\\/2017\\\/06\\\/MUESTRAPARQUEredes.jpg\",\"datePublished\":\"2016-06-28T10:35:06+00:00\",\"breadcrumb\":{\"@id\":\"https:\\\/\\\/www.santjoandalacant.es\\\/ca\\\/la-regidoria-de-cultura-presenta-la-i-mostra-de-teatre-grecollati\\\/#breadcrumb\"},\"inLanguage\":\"va\",\"potentialAction\":[{\"@type\":\"ReadAction\",\"target\":[\"https:\\\/\\\/www.santjoandalacant.es\\\/ca\\\/la-regidoria-de-cultura-presenta-la-i-mostra-de-teatre-grecollati\\\/\"]}]},{\"@type\":\"ImageObject\",\"inLanguage\":\"va\",\"@id\":\"https:\\\/\\\/www.santjoandalacant.es\\\/ca\\\/la-regidoria-de-cultura-presenta-la-i-mostra-de-teatre-grecollati\\\/#primaryimage\",\"url\":\"https:\\\/\\\/www.santjoandalacant.es\\\/wp-content\\\/uploads\\\/2017\\\/06\\\/MUESTRAPARQUEredes.jpg\",\"contentUrl\":\"https:\\\/\\\/www.santjoandalacant.es\\\/wp-content\\\/uploads\\\/2017\\\/06\\\/MUESTRAPARQUEredes.jpg\",\"width\":465,\"height\":658},{\"@type\":\"BreadcrumbList\",\"@id\":\"https:\\\/\\\/www.santjoandalacant.es\\\/ca\\\/la-regidoria-de-cultura-presenta-la-i-mostra-de-teatre-grecollati\\\/#breadcrumb\",\"itemListElement\":[{\"@type\":\"ListItem\",\"position\":1,\"name\":\"Inicio\",\"item\":\"https:\\\/\\\/www.santjoandalacant.es\\\/ca\\\/\"},{\"@type\":\"ListItem\",\"position\":2,\"name\":\"La regidoria de Cultura presenta la I Mostra de Teatre Grecollat\u00ed\"}]},{\"@type\":\"WebSite\",\"@id\":\"https:\\\/\\\/www.santjoandalacant.es\\\/ca\\\/#website\",\"url\":\"https:\\\/\\\/www.santjoandalacant.es\\\/ca\\\/\",\"name\":\"Sant Joan d'Alacant\",\"description\":\"\",\"publisher\":{\"@id\":\"https:\\\/\\\/www.santjoandalacant.es\\\/ca\\\/#organization\"},\"potentialAction\":[{\"@type\":\"SearchAction\",\"target\":{\"@type\":\"EntryPoint\",\"urlTemplate\":\"https:\\\/\\\/www.santjoandalacant.es\\\/ca\\\/?s={search_term_string}\"},\"query-input\":{\"@type\":\"PropertyValueSpecification\",\"valueRequired\":true,\"valueName\":\"search_term_string\"}}],\"inLanguage\":\"va\"},{\"@type\":\"Organization\",\"@id\":\"https:\\\/\\\/www.santjoandalacant.es\\\/ca\\\/#organization\",\"name\":\"Sant Joan d'Alacant\",\"url\":\"https:\\\/\\\/www.santjoandalacant.es\\\/ca\\\/\",\"logo\":{\"@type\":\"ImageObject\",\"inLanguage\":\"va\",\"@id\":\"https:\\\/\\\/www.santjoandalacant.es\\\/ca\\\/#\\\/schema\\\/logo\\\/image\\\/\",\"url\":\"https:\\\/\\\/www.santjoandalacant.es\\\/wp-content\\\/uploads\\\/2023\\\/08\\\/logoSJ.png\",\"contentUrl\":\"https:\\\/\\\/www.santjoandalacant.es\\\/wp-content\\\/uploads\\\/2023\\\/08\\\/logoSJ.png\",\"width\":198,\"height\":253,\"caption\":\"Sant Joan d'Alacant\"},\"image\":{\"@id\":\"https:\\\/\\\/www.santjoandalacant.es\\\/ca\\\/#\\\/schema\\\/logo\\\/image\\\/\"},\"sameAs\":[\"https:\\\/\\\/www.facebook.com\\\/santjoandalacant\\\/\",\"https:\\\/\\\/www.instagram.com\\\/santjoandalacant\\\/\",\"https:\\\/\\\/www.youtube.com\\\/user\\\/santjoandalacant\"]},{\"@type\":\"Person\",\"@id\":\"https:\\\/\\\/www.santjoandalacant.es\\\/ca\\\/#\\\/schema\\\/person\\\/74b89bc7b26e6edafb76cd69420cd790\",\"name\":\"6tems\",\"image\":{\"@type\":\"ImageObject\",\"inLanguage\":\"va\",\"@id\":\"https:\\\/\\\/secure.gravatar.com\\\/avatar\\\/1c939d9bf86da56568327e5d52b159d089efba17cde140c49884e3fe77ef9c66?s=96&d=mm&r=g\",\"url\":\"https:\\\/\\\/secure.gravatar.com\\\/avatar\\\/1c939d9bf86da56568327e5d52b159d089efba17cde140c49884e3fe77ef9c66?s=96&d=mm&r=g\",\"contentUrl\":\"https:\\\/\\\/secure.gravatar.com\\\/avatar\\\/1c939d9bf86da56568327e5d52b159d089efba17cde140c49884e3fe77ef9c66?s=96&d=mm&r=g\",\"caption\":\"6tems\"},\"sameAs\":[\"https:\\\/\\\/www.santjoandalacant.es\"],\"url\":\"https:\\\/\\\/www.santjoandalacant.es\\\/ca\\\/author\\\/adminasap\\\/\"}]}<\/script>\n<!-- \/ Yoast SEO plugin. -->","yoast_head_json":{"title":"La regidoria de Cultura presenta la I Mostra de Teatre Grecollat\u00ed - Sant Joan d&#039;Alacant","robots":{"index":"index","follow":"follow","max-snippet":"max-snippet:-1","max-image-preview":"max-image-preview:large","max-video-preview":"max-video-preview:-1"},"canonical":"https:\/\/www.santjoandalacant.es\/ca\/la-regidoria-de-cultura-presenta-la-i-mostra-de-teatre-grecollati\/","og_locale":"en_US","og_type":"article","og_title":"La regidoria de Cultura presenta la I Mostra de Teatre Grecollat\u00ed - Sant Joan d&#039;Alacant","og_description":"La Mostra arrancar\u00e0 el dia 2 amb la representaci\u00f3 de Electra per part del Grup de Teatre Cl\u00e0ssic de la Universitat d'Alacant, trag\u00e8dia cl\u00e0ssica que narra la lluita de Electra per venjar l'assassinat del seu pare, Agam\u00e8mnon. Mentre que el 3 de juliol, el Grup Komos presentar\u00e0 Despr\u00e9s de la Terra una adaptaci\u00f3 de Ant\u00edgona de S\u00f3focles emmarcada en la guerra civil i que combina textos de Miguel Hern\u00e1ndez.","og_url":"https:\/\/www.santjoandalacant.es\/ca\/la-regidoria-de-cultura-presenta-la-i-mostra-de-teatre-grecollati\/","og_site_name":"Sant Joan d&#039;Alacant","article_publisher":"https:\/\/www.facebook.com\/santjoandalacant\/","article_published_time":"2016-06-28T10:35:06+00:00","og_image":[{"width":465,"height":658,"url":"https:\/\/www.santjoandalacant.es\/wp-content\/uploads\/2017\/06\/MUESTRAPARQUEredes.jpg","type":"image\/jpeg"}],"author":"6tems","twitter_card":"summary_large_image","twitter_misc":{"Written by":"6tems","Est. reading time":"1 minute"},"schema":{"@context":"https:\/\/schema.org","@graph":[{"@type":"Article","@id":"https:\/\/www.santjoandalacant.es\/ca\/la-regidoria-de-cultura-presenta-la-i-mostra-de-teatre-grecollati\/#article","isPartOf":{"@id":"https:\/\/www.santjoandalacant.es\/ca\/la-regidoria-de-cultura-presenta-la-i-mostra-de-teatre-grecollati\/"},"author":{"name":"6tems","@id":"https:\/\/www.santjoandalacant.es\/ca\/#\/schema\/person\/74b89bc7b26e6edafb76cd69420cd790"},"headline":"La regidoria de Cultura presenta la I Mostra de Teatre Grecollat\u00ed","datePublished":"2016-06-28T10:35:06+00:00","mainEntityOfPage":{"@id":"https:\/\/www.santjoandalacant.es\/ca\/la-regidoria-de-cultura-presenta-la-i-mostra-de-teatre-grecollati\/"},"wordCount":204,"commentCount":0,"publisher":{"@id":"https:\/\/www.santjoandalacant.es\/ca\/#organization"},"image":{"@id":"https:\/\/www.santjoandalacant.es\/ca\/la-regidoria-de-cultura-presenta-la-i-mostra-de-teatre-grecollati\/#primaryimage"},"thumbnailUrl":"https:\/\/www.santjoandalacant.es\/wp-content\/uploads\/2017\/06\/MUESTRAPARQUEredes.jpg","articleSection":["Sin categorizar"],"inLanguage":"va","potentialAction":[{"@type":"CommentAction","name":"Comment","target":["https:\/\/www.santjoandalacant.es\/ca\/la-regidoria-de-cultura-presenta-la-i-mostra-de-teatre-grecollati\/#respond"]}]},{"@type":"WebPage","@id":"https:\/\/www.santjoandalacant.es\/ca\/la-regidoria-de-cultura-presenta-la-i-mostra-de-teatre-grecollati\/","url":"https:\/\/www.santjoandalacant.es\/ca\/la-regidoria-de-cultura-presenta-la-i-mostra-de-teatre-grecollati\/","name":"La regidoria de Cultura presenta la I Mostra de Teatre Grecollat\u00ed - Sant Joan d&#039;Alacant","isPartOf":{"@id":"https:\/\/www.santjoandalacant.es\/ca\/#website"},"primaryImageOfPage":{"@id":"https:\/\/www.santjoandalacant.es\/ca\/la-regidoria-de-cultura-presenta-la-i-mostra-de-teatre-grecollati\/#primaryimage"},"image":{"@id":"https:\/\/www.santjoandalacant.es\/ca\/la-regidoria-de-cultura-presenta-la-i-mostra-de-teatre-grecollati\/#primaryimage"},"thumbnailUrl":"https:\/\/www.santjoandalacant.es\/wp-content\/uploads\/2017\/06\/MUESTRAPARQUEredes.jpg","datePublished":"2016-06-28T10:35:06+00:00","breadcrumb":{"@id":"https:\/\/www.santjoandalacant.es\/ca\/la-regidoria-de-cultura-presenta-la-i-mostra-de-teatre-grecollati\/#breadcrumb"},"inLanguage":"va","potentialAction":[{"@type":"ReadAction","target":["https:\/\/www.santjoandalacant.es\/ca\/la-regidoria-de-cultura-presenta-la-i-mostra-de-teatre-grecollati\/"]}]},{"@type":"ImageObject","inLanguage":"va","@id":"https:\/\/www.santjoandalacant.es\/ca\/la-regidoria-de-cultura-presenta-la-i-mostra-de-teatre-grecollati\/#primaryimage","url":"https:\/\/www.santjoandalacant.es\/wp-content\/uploads\/2017\/06\/MUESTRAPARQUEredes.jpg","contentUrl":"https:\/\/www.santjoandalacant.es\/wp-content\/uploads\/2017\/06\/MUESTRAPARQUEredes.jpg","width":465,"height":658},{"@type":"BreadcrumbList","@id":"https:\/\/www.santjoandalacant.es\/ca\/la-regidoria-de-cultura-presenta-la-i-mostra-de-teatre-grecollati\/#breadcrumb","itemListElement":[{"@type":"ListItem","position":1,"name":"Inicio","item":"https:\/\/www.santjoandalacant.es\/ca\/"},{"@type":"ListItem","position":2,"name":"La regidoria de Cultura presenta la I Mostra de Teatre Grecollat\u00ed"}]},{"@type":"WebSite","@id":"https:\/\/www.santjoandalacant.es\/ca\/#website","url":"https:\/\/www.santjoandalacant.es\/ca\/","name":"Sant Joan d'Alacant","description":"","publisher":{"@id":"https:\/\/www.santjoandalacant.es\/ca\/#organization"},"potentialAction":[{"@type":"SearchAction","target":{"@type":"EntryPoint","urlTemplate":"https:\/\/www.santjoandalacant.es\/ca\/?s={search_term_string}"},"query-input":{"@type":"PropertyValueSpecification","valueRequired":true,"valueName":"search_term_string"}}],"inLanguage":"va"},{"@type":"Organization","@id":"https:\/\/www.santjoandalacant.es\/ca\/#organization","name":"Sant Joan d'Alacant","url":"https:\/\/www.santjoandalacant.es\/ca\/","logo":{"@type":"ImageObject","inLanguage":"va","@id":"https:\/\/www.santjoandalacant.es\/ca\/#\/schema\/logo\/image\/","url":"https:\/\/www.santjoandalacant.es\/wp-content\/uploads\/2023\/08\/logoSJ.png","contentUrl":"https:\/\/www.santjoandalacant.es\/wp-content\/uploads\/2023\/08\/logoSJ.png","width":198,"height":253,"caption":"Sant Joan d'Alacant"},"image":{"@id":"https:\/\/www.santjoandalacant.es\/ca\/#\/schema\/logo\/image\/"},"sameAs":["https:\/\/www.facebook.com\/santjoandalacant\/","https:\/\/www.instagram.com\/santjoandalacant\/","https:\/\/www.youtube.com\/user\/santjoandalacant"]},{"@type":"Person","@id":"https:\/\/www.santjoandalacant.es\/ca\/#\/schema\/person\/74b89bc7b26e6edafb76cd69420cd790","name":"6tems","image":{"@type":"ImageObject","inLanguage":"va","@id":"https:\/\/secure.gravatar.com\/avatar\/1c939d9bf86da56568327e5d52b159d089efba17cde140c49884e3fe77ef9c66?s=96&d=mm&r=g","url":"https:\/\/secure.gravatar.com\/avatar\/1c939d9bf86da56568327e5d52b159d089efba17cde140c49884e3fe77ef9c66?s=96&d=mm&r=g","contentUrl":"https:\/\/secure.gravatar.com\/avatar\/1c939d9bf86da56568327e5d52b159d089efba17cde140c49884e3fe77ef9c66?s=96&d=mm&r=g","caption":"6tems"},"sameAs":["https:\/\/www.santjoandalacant.es"],"url":"https:\/\/www.santjoandalacant.es\/ca\/author\/adminasap\/"}]}},"_links":{"self":[{"href":"https:\/\/www.santjoandalacant.es\/ca\/wp-json\/wp\/v2\/posts\/76025","targetHints":{"allow":["GET"]}}],"collection":[{"href":"https:\/\/www.santjoandalacant.es\/ca\/wp-json\/wp\/v2\/posts"}],"about":[{"href":"https:\/\/www.santjoandalacant.es\/ca\/wp-json\/wp\/v2\/types\/post"}],"author":[{"embeddable":true,"href":"https:\/\/www.santjoandalacant.es\/ca\/wp-json\/wp\/v2\/users\/1"}],"replies":[{"embeddable":true,"href":"https:\/\/www.santjoandalacant.es\/ca\/wp-json\/wp\/v2\/comments?post=76025"}],"version-history":[{"count":0,"href":"https:\/\/www.santjoandalacant.es\/ca\/wp-json\/wp\/v2\/posts\/76025\/revisions"}],"wp:featuredmedia":[{"embeddable":true,"href":"https:\/\/www.santjoandalacant.es\/ca\/wp-json\/wp\/v2\/media\/25144"}],"wp:attachment":[{"href":"https:\/\/www.santjoandalacant.es\/ca\/wp-json\/wp\/v2\/media?parent=76025"}],"wp:term":[{"taxonomy":"category","embeddable":true,"href":"https:\/\/www.santjoandalacant.es\/ca\/wp-json\/wp\/v2\/categories?post=76025"},{"taxonomy":"post_tag","embeddable":true,"href":"https:\/\/www.santjoandalacant.es\/ca\/wp-json\/wp\/v2\/tags?post=76025"},{"taxonomy":"areas","embeddable":true,"href":"https:\/\/www.santjoandalacant.es\/ca\/wp-json\/wp\/v2\/areas?post=76025"}],"curies":[{"name":"wp","href":"https:\/\/api.w.org\/{rel}","templated":true}]}}