{"id":76035,"date":"2016-06-16T09:23:50","date_gmt":"2016-06-16T09:23:50","guid":{"rendered":"https:\/\/santjoan.developersasapglobalsolution.com\/la-coral-nuevo-amanecer-actua-en-la-setmana-cultural-dels-majors-de-san-blas\/"},"modified":"2016-06-16T09:23:50","modified_gmt":"2016-06-16T09:23:50","slug":"la-coral-nuevo-amanecer-actua-en-la-setmana-cultural-dels-majors-de-san-blas","status":"publish","type":"post","link":"https:\/\/www.santjoandalacant.es\/ca\/la-coral-nuevo-amanecer-actua-en-la-setmana-cultural-dels-majors-de-san-blas\/","title":{"rendered":"La Coral Nuevo Amanecer actua en la Setmana Cultural dels majors de San Blas."},"content":{"rendered":"","protected":false},"excerpt":{"rendered":"<p>La Coral Nuevo Amanecer dels majors de Sant Joan dirigida per D. Jose Antonio Ru\u00edz, va actuar en la setmana cultural del Centre de Majors de San Blas. Acompanyats pel seu pianista D. H\u00e9ctor Pl\u00e1cido van interpretar obres com Titanic, Sue\u00f1o Imposible, O\u00b4Sole M\u00edo que van dedicar a tots els assistents i en especial a l&#8217;Estudiantina de Majors de Sant Blai. La Regidora de Tercera Edat, Esther Donate va acompanyar a la coral en este acte i va agrair la invitaci\u00f3 per part de la Coral Nuevo Amanecer i el Centre de Majors de San Blas per a la seua Setmana Cultural.<\/p>\n","protected":false},"author":1,"featured_media":25180,"comment_status":"open","ping_status":"open","sticky":false,"template":"","format":"standard","meta":{"_acf_changed":false,"rs_blank_template":"","rs_page_bg_color":"","slide_template_v7":"","footnotes":""},"categories":[1],"tags":[],"areas":[1014],"class_list":["post-76035","post","type-post","status-publish","format-standard","has-post-thumbnail","hentry","category-sin-categorizar","areas-tercera-edad-ca"],"acf":[],"yoast_head":"<!-- This site is optimized with the Yoast SEO plugin v28.2 - https:\/\/yoast.com\/product\/yoast-seo-wordpress\/ -->\n<title>La Coral Nuevo Amanecer actua en la Setmana Cultural dels majors de San Blas. - Sant Joan d&#039;Alacant<\/title>\n<meta name=\"robots\" content=\"index, follow, max-snippet:-1, max-image-preview:large, max-video-preview:-1\" \/>\n<link rel=\"canonical\" href=\"https:\/\/www.santjoandalacant.es\/ca\/la-coral-nuevo-amanecer-actua-en-la-setmana-cultural-dels-majors-de-san-blas\/\" \/>\n<meta property=\"og:locale\" content=\"en_US\" \/>\n<meta property=\"og:type\" content=\"article\" \/>\n<meta property=\"og:title\" content=\"La Coral Nuevo Amanecer actua en la Setmana Cultural dels majors de San Blas. - Sant Joan d&#039;Alacant\" \/>\n<meta property=\"og:description\" content=\"La Coral Nuevo Amanecer dels majors de Sant Joan dirigida per D. Jose Antonio Ru\u00edz, va actuar en la setmana cultural del Centre de Majors de San Blas. Acompanyats pel seu pianista D. H\u00e9ctor Pl\u00e1cido van interpretar obres com Titanic, Sue\u00f1o Imposible, O\u00b4Sole M\u00edo que van dedicar a tots els assistents i en especial a l&#039;Estudiantina de Majors de Sant Blai. La Regidora de Tercera Edat, Esther Donate va acompanyar a la coral en este acte i va agrair la invitaci\u00f3 per part de la Coral Nuevo Amanecer i el Centre de Majors de San Blas per a la seua Setmana Cultural.\" \/>\n<meta property=\"og:url\" content=\"https:\/\/www.santjoandalacant.es\/ca\/la-coral-nuevo-amanecer-actua-en-la-setmana-cultural-dels-majors-de-san-blas\/\" \/>\n<meta property=\"og:site_name\" content=\"Sant Joan d&#039;Alacant\" \/>\n<meta property=\"article:publisher\" content=\"https:\/\/www.facebook.com\/santjoandalacant\/\" \/>\n<meta property=\"article:published_time\" content=\"2016-06-16T09:23:50+00:00\" \/>\n<meta property=\"og:image\" content=\"https:\/\/www.santjoandalacant.es\/wp-content\/uploads\/2017\/06\/IMG-20160614-WA0025.jpg\" \/>\n\t<meta property=\"og:image:width\" content=\"360\" \/>\n\t<meta property=\"og:image:height\" content=\"270\" \/>\n\t<meta property=\"og:image:type\" content=\"image\/jpeg\" \/>\n<meta name=\"author\" content=\"6tems\" \/>\n<meta name=\"twitter:card\" content=\"summary_large_image\" \/>\n<meta name=\"twitter:label1\" content=\"Written by\" \/>\n\t<meta name=\"twitter:data1\" content=\"6tems\" \/>\n<script type=\"application\/ld+json\" class=\"yoast-schema-graph\">{\"@context\":\"https:\\\/\\\/schema.org\",\"@graph\":[{\"@type\":\"Article\",\"@id\":\"https:\\\/\\\/www.santjoandalacant.es\\\/ca\\\/la-coral-nuevo-amanecer-actua-en-la-setmana-cultural-dels-majors-de-san-blas\\\/#article\",\"isPartOf\":{\"@id\":\"https:\\\/\\\/www.santjoandalacant.es\\\/ca\\\/la-coral-nuevo-amanecer-actua-en-la-setmana-cultural-dels-majors-de-san-blas\\\/\"},\"author\":{\"name\":\"6tems\",\"@id\":\"https:\\\/\\\/www.santjoandalacant.es\\\/ca\\\/#\\\/schema\\\/person\\\/74b89bc7b26e6edafb76cd69420cd790\"},\"headline\":\"La Coral Nuevo Amanecer actua en la Setmana Cultural dels majors de San Blas.\",\"datePublished\":\"2016-06-16T09:23:50+00:00\",\"mainEntityOfPage\":{\"@id\":\"https:\\\/\\\/www.santjoandalacant.es\\\/ca\\\/la-coral-nuevo-amanecer-actua-en-la-setmana-cultural-dels-majors-de-san-blas\\\/\"},\"wordCount\":14,\"commentCount\":0,\"publisher\":{\"@id\":\"https:\\\/\\\/www.santjoandalacant.es\\\/ca\\\/#organization\"},\"image\":{\"@id\":\"https:\\\/\\\/www.santjoandalacant.es\\\/ca\\\/la-coral-nuevo-amanecer-actua-en-la-setmana-cultural-dels-majors-de-san-blas\\\/#primaryimage\"},\"thumbnailUrl\":\"https:\\\/\\\/www.santjoandalacant.es\\\/wp-content\\\/uploads\\\/2017\\\/06\\\/IMG-20160614-WA0025.jpg\",\"articleSection\":[\"Sin categorizar\"],\"inLanguage\":\"va\",\"potentialAction\":[{\"@type\":\"CommentAction\",\"name\":\"Comment\",\"target\":[\"https:\\\/\\\/www.santjoandalacant.es\\\/ca\\\/la-coral-nuevo-amanecer-actua-en-la-setmana-cultural-dels-majors-de-san-blas\\\/#respond\"]}]},{\"@type\":\"WebPage\",\"@id\":\"https:\\\/\\\/www.santjoandalacant.es\\\/ca\\\/la-coral-nuevo-amanecer-actua-en-la-setmana-cultural-dels-majors-de-san-blas\\\/\",\"url\":\"https:\\\/\\\/www.santjoandalacant.es\\\/ca\\\/la-coral-nuevo-amanecer-actua-en-la-setmana-cultural-dels-majors-de-san-blas\\\/\",\"name\":\"La Coral Nuevo Amanecer actua en la Setmana Cultural dels majors de San Blas. - Sant Joan d&#039;Alacant\",\"isPartOf\":{\"@id\":\"https:\\\/\\\/www.santjoandalacant.es\\\/ca\\\/#website\"},\"primaryImageOfPage\":{\"@id\":\"https:\\\/\\\/www.santjoandalacant.es\\\/ca\\\/la-coral-nuevo-amanecer-actua-en-la-setmana-cultural-dels-majors-de-san-blas\\\/#primaryimage\"},\"image\":{\"@id\":\"https:\\\/\\\/www.santjoandalacant.es\\\/ca\\\/la-coral-nuevo-amanecer-actua-en-la-setmana-cultural-dels-majors-de-san-blas\\\/#primaryimage\"},\"thumbnailUrl\":\"https:\\\/\\\/www.santjoandalacant.es\\\/wp-content\\\/uploads\\\/2017\\\/06\\\/IMG-20160614-WA0025.jpg\",\"datePublished\":\"2016-06-16T09:23:50+00:00\",\"breadcrumb\":{\"@id\":\"https:\\\/\\\/www.santjoandalacant.es\\\/ca\\\/la-coral-nuevo-amanecer-actua-en-la-setmana-cultural-dels-majors-de-san-blas\\\/#breadcrumb\"},\"inLanguage\":\"va\",\"potentialAction\":[{\"@type\":\"ReadAction\",\"target\":[\"https:\\\/\\\/www.santjoandalacant.es\\\/ca\\\/la-coral-nuevo-amanecer-actua-en-la-setmana-cultural-dels-majors-de-san-blas\\\/\"]}]},{\"@type\":\"ImageObject\",\"inLanguage\":\"va\",\"@id\":\"https:\\\/\\\/www.santjoandalacant.es\\\/ca\\\/la-coral-nuevo-amanecer-actua-en-la-setmana-cultural-dels-majors-de-san-blas\\\/#primaryimage\",\"url\":\"https:\\\/\\\/www.santjoandalacant.es\\\/wp-content\\\/uploads\\\/2017\\\/06\\\/IMG-20160614-WA0025.jpg\",\"contentUrl\":\"https:\\\/\\\/www.santjoandalacant.es\\\/wp-content\\\/uploads\\\/2017\\\/06\\\/IMG-20160614-WA0025.jpg\",\"width\":360,\"height\":270},{\"@type\":\"BreadcrumbList\",\"@id\":\"https:\\\/\\\/www.santjoandalacant.es\\\/ca\\\/la-coral-nuevo-amanecer-actua-en-la-setmana-cultural-dels-majors-de-san-blas\\\/#breadcrumb\",\"itemListElement\":[{\"@type\":\"ListItem\",\"position\":1,\"name\":\"Inicio\",\"item\":\"https:\\\/\\\/www.santjoandalacant.es\\\/ca\\\/\"},{\"@type\":\"ListItem\",\"position\":2,\"name\":\"La Coral Nuevo Amanecer actua en la Setmana Cultural dels majors de San Blas.\"}]},{\"@type\":\"WebSite\",\"@id\":\"https:\\\/\\\/www.santjoandalacant.es\\\/ca\\\/#website\",\"url\":\"https:\\\/\\\/www.santjoandalacant.es\\\/ca\\\/\",\"name\":\"Sant Joan d'Alacant\",\"description\":\"\",\"publisher\":{\"@id\":\"https:\\\/\\\/www.santjoandalacant.es\\\/ca\\\/#organization\"},\"potentialAction\":[{\"@type\":\"SearchAction\",\"target\":{\"@type\":\"EntryPoint\",\"urlTemplate\":\"https:\\\/\\\/www.santjoandalacant.es\\\/ca\\\/?s={search_term_string}\"},\"query-input\":{\"@type\":\"PropertyValueSpecification\",\"valueRequired\":true,\"valueName\":\"search_term_string\"}}],\"inLanguage\":\"va\"},{\"@type\":\"Organization\",\"@id\":\"https:\\\/\\\/www.santjoandalacant.es\\\/ca\\\/#organization\",\"name\":\"Sant Joan d'Alacant\",\"url\":\"https:\\\/\\\/www.santjoandalacant.es\\\/ca\\\/\",\"logo\":{\"@type\":\"ImageObject\",\"inLanguage\":\"va\",\"@id\":\"https:\\\/\\\/www.santjoandalacant.es\\\/ca\\\/#\\\/schema\\\/logo\\\/image\\\/\",\"url\":\"https:\\\/\\\/www.santjoandalacant.es\\\/wp-content\\\/uploads\\\/2023\\\/08\\\/logoSJ.png\",\"contentUrl\":\"https:\\\/\\\/www.santjoandalacant.es\\\/wp-content\\\/uploads\\\/2023\\\/08\\\/logoSJ.png\",\"width\":198,\"height\":253,\"caption\":\"Sant Joan d'Alacant\"},\"image\":{\"@id\":\"https:\\\/\\\/www.santjoandalacant.es\\\/ca\\\/#\\\/schema\\\/logo\\\/image\\\/\"},\"sameAs\":[\"https:\\\/\\\/www.facebook.com\\\/santjoandalacant\\\/\",\"https:\\\/\\\/www.instagram.com\\\/santjoandalacant\\\/\",\"https:\\\/\\\/www.youtube.com\\\/user\\\/santjoandalacant\"]},{\"@type\":\"Person\",\"@id\":\"https:\\\/\\\/www.santjoandalacant.es\\\/ca\\\/#\\\/schema\\\/person\\\/74b89bc7b26e6edafb76cd69420cd790\",\"name\":\"6tems\",\"image\":{\"@type\":\"ImageObject\",\"inLanguage\":\"va\",\"@id\":\"https:\\\/\\\/secure.gravatar.com\\\/avatar\\\/1c939d9bf86da56568327e5d52b159d089efba17cde140c49884e3fe77ef9c66?s=96&d=mm&r=g\",\"url\":\"https:\\\/\\\/secure.gravatar.com\\\/avatar\\\/1c939d9bf86da56568327e5d52b159d089efba17cde140c49884e3fe77ef9c66?s=96&d=mm&r=g\",\"contentUrl\":\"https:\\\/\\\/secure.gravatar.com\\\/avatar\\\/1c939d9bf86da56568327e5d52b159d089efba17cde140c49884e3fe77ef9c66?s=96&d=mm&r=g\",\"caption\":\"6tems\"},\"sameAs\":[\"https:\\\/\\\/www.santjoandalacant.es\"],\"url\":\"https:\\\/\\\/www.santjoandalacant.es\\\/ca\\\/author\\\/adminasap\\\/\"}]}<\/script>\n<!-- \/ Yoast SEO plugin. -->","yoast_head_json":{"title":"La Coral Nuevo Amanecer actua en la Setmana Cultural dels majors de San Blas. - Sant Joan d&#039;Alacant","robots":{"index":"index","follow":"follow","max-snippet":"max-snippet:-1","max-image-preview":"max-image-preview:large","max-video-preview":"max-video-preview:-1"},"canonical":"https:\/\/www.santjoandalacant.es\/ca\/la-coral-nuevo-amanecer-actua-en-la-setmana-cultural-dels-majors-de-san-blas\/","og_locale":"en_US","og_type":"article","og_title":"La Coral Nuevo Amanecer actua en la Setmana Cultural dels majors de San Blas. - Sant Joan d&#039;Alacant","og_description":"La Coral Nuevo Amanecer dels majors de Sant Joan dirigida per D. Jose Antonio Ru\u00edz, va actuar en la setmana cultural del Centre de Majors de San Blas. Acompanyats pel seu pianista D. H\u00e9ctor Pl\u00e1cido van interpretar obres com Titanic, Sue\u00f1o Imposible, O\u00b4Sole M\u00edo que van dedicar a tots els assistents i en especial a l'Estudiantina de Majors de Sant Blai. La Regidora de Tercera Edat, Esther Donate va acompanyar a la coral en este acte i va agrair la invitaci\u00f3 per part de la Coral Nuevo Amanecer i el Centre de Majors de San Blas per a la seua Setmana Cultural.","og_url":"https:\/\/www.santjoandalacant.es\/ca\/la-coral-nuevo-amanecer-actua-en-la-setmana-cultural-dels-majors-de-san-blas\/","og_site_name":"Sant Joan d&#039;Alacant","article_publisher":"https:\/\/www.facebook.com\/santjoandalacant\/","article_published_time":"2016-06-16T09:23:50+00:00","og_image":[{"width":360,"height":270,"url":"https:\/\/www.santjoandalacant.es\/wp-content\/uploads\/2017\/06\/IMG-20160614-WA0025.jpg","type":"image\/jpeg"}],"author":"6tems","twitter_card":"summary_large_image","twitter_misc":{"Written by":"6tems"},"schema":{"@context":"https:\/\/schema.org","@graph":[{"@type":"Article","@id":"https:\/\/www.santjoandalacant.es\/ca\/la-coral-nuevo-amanecer-actua-en-la-setmana-cultural-dels-majors-de-san-blas\/#article","isPartOf":{"@id":"https:\/\/www.santjoandalacant.es\/ca\/la-coral-nuevo-amanecer-actua-en-la-setmana-cultural-dels-majors-de-san-blas\/"},"author":{"name":"6tems","@id":"https:\/\/www.santjoandalacant.es\/ca\/#\/schema\/person\/74b89bc7b26e6edafb76cd69420cd790"},"headline":"La Coral Nuevo Amanecer actua en la Setmana Cultural dels majors de San Blas.","datePublished":"2016-06-16T09:23:50+00:00","mainEntityOfPage":{"@id":"https:\/\/www.santjoandalacant.es\/ca\/la-coral-nuevo-amanecer-actua-en-la-setmana-cultural-dels-majors-de-san-blas\/"},"wordCount":14,"commentCount":0,"publisher":{"@id":"https:\/\/www.santjoandalacant.es\/ca\/#organization"},"image":{"@id":"https:\/\/www.santjoandalacant.es\/ca\/la-coral-nuevo-amanecer-actua-en-la-setmana-cultural-dels-majors-de-san-blas\/#primaryimage"},"thumbnailUrl":"https:\/\/www.santjoandalacant.es\/wp-content\/uploads\/2017\/06\/IMG-20160614-WA0025.jpg","articleSection":["Sin categorizar"],"inLanguage":"va","potentialAction":[{"@type":"CommentAction","name":"Comment","target":["https:\/\/www.santjoandalacant.es\/ca\/la-coral-nuevo-amanecer-actua-en-la-setmana-cultural-dels-majors-de-san-blas\/#respond"]}]},{"@type":"WebPage","@id":"https:\/\/www.santjoandalacant.es\/ca\/la-coral-nuevo-amanecer-actua-en-la-setmana-cultural-dels-majors-de-san-blas\/","url":"https:\/\/www.santjoandalacant.es\/ca\/la-coral-nuevo-amanecer-actua-en-la-setmana-cultural-dels-majors-de-san-blas\/","name":"La Coral Nuevo Amanecer actua en la Setmana Cultural dels majors de San Blas. - Sant Joan d&#039;Alacant","isPartOf":{"@id":"https:\/\/www.santjoandalacant.es\/ca\/#website"},"primaryImageOfPage":{"@id":"https:\/\/www.santjoandalacant.es\/ca\/la-coral-nuevo-amanecer-actua-en-la-setmana-cultural-dels-majors-de-san-blas\/#primaryimage"},"image":{"@id":"https:\/\/www.santjoandalacant.es\/ca\/la-coral-nuevo-amanecer-actua-en-la-setmana-cultural-dels-majors-de-san-blas\/#primaryimage"},"thumbnailUrl":"https:\/\/www.santjoandalacant.es\/wp-content\/uploads\/2017\/06\/IMG-20160614-WA0025.jpg","datePublished":"2016-06-16T09:23:50+00:00","breadcrumb":{"@id":"https:\/\/www.santjoandalacant.es\/ca\/la-coral-nuevo-amanecer-actua-en-la-setmana-cultural-dels-majors-de-san-blas\/#breadcrumb"},"inLanguage":"va","potentialAction":[{"@type":"ReadAction","target":["https:\/\/www.santjoandalacant.es\/ca\/la-coral-nuevo-amanecer-actua-en-la-setmana-cultural-dels-majors-de-san-blas\/"]}]},{"@type":"ImageObject","inLanguage":"va","@id":"https:\/\/www.santjoandalacant.es\/ca\/la-coral-nuevo-amanecer-actua-en-la-setmana-cultural-dels-majors-de-san-blas\/#primaryimage","url":"https:\/\/www.santjoandalacant.es\/wp-content\/uploads\/2017\/06\/IMG-20160614-WA0025.jpg","contentUrl":"https:\/\/www.santjoandalacant.es\/wp-content\/uploads\/2017\/06\/IMG-20160614-WA0025.jpg","width":360,"height":270},{"@type":"BreadcrumbList","@id":"https:\/\/www.santjoandalacant.es\/ca\/la-coral-nuevo-amanecer-actua-en-la-setmana-cultural-dels-majors-de-san-blas\/#breadcrumb","itemListElement":[{"@type":"ListItem","position":1,"name":"Inicio","item":"https:\/\/www.santjoandalacant.es\/ca\/"},{"@type":"ListItem","position":2,"name":"La Coral Nuevo Amanecer actua en la Setmana Cultural dels majors de San Blas."}]},{"@type":"WebSite","@id":"https:\/\/www.santjoandalacant.es\/ca\/#website","url":"https:\/\/www.santjoandalacant.es\/ca\/","name":"Sant Joan d'Alacant","description":"","publisher":{"@id":"https:\/\/www.santjoandalacant.es\/ca\/#organization"},"potentialAction":[{"@type":"SearchAction","target":{"@type":"EntryPoint","urlTemplate":"https:\/\/www.santjoandalacant.es\/ca\/?s={search_term_string}"},"query-input":{"@type":"PropertyValueSpecification","valueRequired":true,"valueName":"search_term_string"}}],"inLanguage":"va"},{"@type":"Organization","@id":"https:\/\/www.santjoandalacant.es\/ca\/#organization","name":"Sant Joan d'Alacant","url":"https:\/\/www.santjoandalacant.es\/ca\/","logo":{"@type":"ImageObject","inLanguage":"va","@id":"https:\/\/www.santjoandalacant.es\/ca\/#\/schema\/logo\/image\/","url":"https:\/\/www.santjoandalacant.es\/wp-content\/uploads\/2023\/08\/logoSJ.png","contentUrl":"https:\/\/www.santjoandalacant.es\/wp-content\/uploads\/2023\/08\/logoSJ.png","width":198,"height":253,"caption":"Sant Joan d'Alacant"},"image":{"@id":"https:\/\/www.santjoandalacant.es\/ca\/#\/schema\/logo\/image\/"},"sameAs":["https:\/\/www.facebook.com\/santjoandalacant\/","https:\/\/www.instagram.com\/santjoandalacant\/","https:\/\/www.youtube.com\/user\/santjoandalacant"]},{"@type":"Person","@id":"https:\/\/www.santjoandalacant.es\/ca\/#\/schema\/person\/74b89bc7b26e6edafb76cd69420cd790","name":"6tems","image":{"@type":"ImageObject","inLanguage":"va","@id":"https:\/\/secure.gravatar.com\/avatar\/1c939d9bf86da56568327e5d52b159d089efba17cde140c49884e3fe77ef9c66?s=96&d=mm&r=g","url":"https:\/\/secure.gravatar.com\/avatar\/1c939d9bf86da56568327e5d52b159d089efba17cde140c49884e3fe77ef9c66?s=96&d=mm&r=g","contentUrl":"https:\/\/secure.gravatar.com\/avatar\/1c939d9bf86da56568327e5d52b159d089efba17cde140c49884e3fe77ef9c66?s=96&d=mm&r=g","caption":"6tems"},"sameAs":["https:\/\/www.santjoandalacant.es"],"url":"https:\/\/www.santjoandalacant.es\/ca\/author\/adminasap\/"}]}},"_links":{"self":[{"href":"https:\/\/www.santjoandalacant.es\/ca\/wp-json\/wp\/v2\/posts\/76035","targetHints":{"allow":["GET"]}}],"collection":[{"href":"https:\/\/www.santjoandalacant.es\/ca\/wp-json\/wp\/v2\/posts"}],"about":[{"href":"https:\/\/www.santjoandalacant.es\/ca\/wp-json\/wp\/v2\/types\/post"}],"author":[{"embeddable":true,"href":"https:\/\/www.santjoandalacant.es\/ca\/wp-json\/wp\/v2\/users\/1"}],"replies":[{"embeddable":true,"href":"https:\/\/www.santjoandalacant.es\/ca\/wp-json\/wp\/v2\/comments?post=76035"}],"version-history":[{"count":0,"href":"https:\/\/www.santjoandalacant.es\/ca\/wp-json\/wp\/v2\/posts\/76035\/revisions"}],"wp:featuredmedia":[{"embeddable":true,"href":"https:\/\/www.santjoandalacant.es\/ca\/wp-json\/wp\/v2\/media\/25180"}],"wp:attachment":[{"href":"https:\/\/www.santjoandalacant.es\/ca\/wp-json\/wp\/v2\/media?parent=76035"}],"wp:term":[{"taxonomy":"category","embeddable":true,"href":"https:\/\/www.santjoandalacant.es\/ca\/wp-json\/wp\/v2\/categories?post=76035"},{"taxonomy":"post_tag","embeddable":true,"href":"https:\/\/www.santjoandalacant.es\/ca\/wp-json\/wp\/v2\/tags?post=76035"},{"taxonomy":"areas","embeddable":true,"href":"https:\/\/www.santjoandalacant.es\/ca\/wp-json\/wp\/v2\/areas?post=76035"}],"curies":[{"name":"wp","href":"https:\/\/api.w.org\/{rel}","templated":true}]}}