{"id":76039,"date":"2016-06-15T08:57:12","date_gmt":"2016-06-15T08:57:12","guid":{"rendered":"https:\/\/santjoan.developersasapglobalsolution.com\/festes-patronals-en-honor-a-sant-joan-baptista\/"},"modified":"2016-06-15T08:57:12","modified_gmt":"2016-06-15T08:57:12","slug":"festes-patronals-en-honor-a-sant-joan-baptista","status":"publish","type":"post","link":"https:\/\/www.santjoandalacant.es\/ca\/festes-patronals-en-honor-a-sant-joan-baptista\/","title":{"rendered":"Festes Patronals en honor a Sant Joan Baptista"},"content":{"rendered":"<p>\n<span style=\"line-height: 20px; background-color: #f6f6f6; font-family: Verdana\"><span style=\"font-size: xx-small\">Del 20 al 24 de Juny, FOGUERES DE SANT JOAN<\/span><\/span>\n<\/p>\n<p>\n<span style=\"line-height: 20px; background-color: #f6f6f6; font-family: Verdana\"><span style=\"font-size: xx-small\"> DIA 18: 1a Carrera NOCTURNA Fogueres, 5K, 10K<\/span><\/span>\n<\/p>\n<p>\n<span style=\"line-height: 20px; background-color: #f6f6f6; font-family: Verdana\"><span style=\"font-size: xx-small\"> DIA 20: 22:00 Inauguraci\u00f3 Raco. 23:00 Concert &quot;In\u00e8rcia&quot; i &quot;Kontaminaci\u00f3 ak\u00fastica&quot;<\/span><\/span>\n<\/p>\n<p>\n<span style=\"line-height: 20px; background-color: #f6f6f6; font-family: Verdana\"><span style=\"font-size: xx-small\"> DIA 21: 12:00 Visita Ajuntament, Cercaviles i visita Ferroviaris 20:00 Cercaviles i Dan\u00e7a, 22:00 Discoteca m\u00f2bil<\/span><\/span>\n<\/p>\n<p>\n<span style=\"line-height: 20px; background-color: #f6f6f6; font-family: Verdana\"><span style=\"font-size: xx-small\"> DIA 22: 11:00 Jocs infantils Rambla 12:00 IX Trofeu Petanca, 20:00 Globat\u00e1, 20:30 Concert infantil &quot;Pim Pam Plum&quot;<\/span><\/span>\n<\/p>\n<p>\n<span style=\"line-height: 20px; background-color: #f6f6f6; font-family: Verdana\"><span style=\"font-size: xx-small\"> DIA 23: 11:00 Jocs infantils Jaume I i Festa de la Bromera 18:00 Crema Foguera Ferroviaris 20:30 Ofrena de Flores i Frutos al nostre Patr\u00f3 Sant Joan Baptista 00:00 Crema Foguera LLOIXA<\/span><\/span>\n<\/p>\n<p>\n<span style=\"line-height: 20px; background-color: #f6f6f6; font-family: Verdana\"><span style=\"font-size: xx-small\"> DIA 24: 11:00 Jocs infantils Rambla 12:00 Solemne Missa al nostre Patr\u00f3 Sant Joan Baptista 14:00 Masclet\u00e1, 20:30 Process\u00f3 <\/span><\/span>\n<\/p>\n<p>\n<span style=\"line-height: 20px; background-color: #f6f6f6; font-family: Verdana\"><span style=\"font-size: xx-small\">24:00 CREMA monuments Pla\u00e7a Constituci\u00f3 i Pla\u00e7a Maisonnave<\/span><\/span>\n<\/p>\n<p>\n<span style=\"line-height: 20px; background-color: #f6f6f6; font-family: Verdana\"><span style=\"font-size: xx-small\"> DIA 25: XXIV Volta en CARRO i Carretes DIA 3 de JULIO XLII Carrera CICLISTA, Premi Fogueres de Sant Joan&quot;<\/span><\/span><\/p>\n","protected":false},"excerpt":{"rendered":"<p>\n<span style=\"line-height: 20px; background-color: #f6f6f6; font-family: Verdana\"><span style=\"font-size: xx-small\">Del 20 al 24 de Juny, FOGUERES DE SANT JOAN<\/span><\/span>\n<\/p>\n<p>\n<span style=\"line-height: 20px; background-color: #f6f6f6; font-family: Verdana\"><span style=\"font-size: xx-small\"> DIA 18: 1a Carrera NOCTURNA Fogueres, 5K, 10K<\/span><\/span><\/p>\n","protected":false},"author":1,"featured_media":25232,"comment_status":"open","ping_status":"open","sticky":false,"template":"","format":"standard","meta":{"_acf_changed":false,"rs_blank_template":"","rs_page_bg_color":"","slide_template_v7":"","footnotes":""},"categories":[1],"tags":[],"areas":[1001],"class_list":["post-76039","post","type-post","status-publish","format-standard","has-post-thumbnail","hentry","category-sin-categorizar","areas-fiestas-ca"],"acf":[],"yoast_head":"<!-- This site is optimized with the Yoast SEO plugin v28.2 - https:\/\/yoast.com\/product\/yoast-seo-wordpress\/ -->\n<title>Festes Patronals en honor a Sant Joan Baptista - Sant Joan d&#039;Alacant<\/title>\n<meta name=\"robots\" content=\"index, follow, max-snippet:-1, max-image-preview:large, max-video-preview:-1\" \/>\n<link rel=\"canonical\" href=\"https:\/\/www.santjoandalacant.es\/ca\/festes-patronals-en-honor-a-sant-joan-baptista\/\" \/>\n<meta property=\"og:locale\" content=\"en_US\" \/>\n<meta property=\"og:type\" content=\"article\" \/>\n<meta property=\"og:title\" content=\"Festes Patronals en honor a Sant Joan Baptista - Sant Joan d&#039;Alacant\" \/>\n<meta property=\"og:description\" content=\"Del 20 al 24 de Juny, FOGUERES DE SANT JOAN    DIA 18: 1a Carrera NOCTURNA Fogueres, 5K, 10K\" \/>\n<meta property=\"og:url\" content=\"https:\/\/www.santjoandalacant.es\/ca\/festes-patronals-en-honor-a-sant-joan-baptista\/\" \/>\n<meta property=\"og:site_name\" content=\"Sant Joan d&#039;Alacant\" \/>\n<meta property=\"article:publisher\" content=\"https:\/\/www.facebook.com\/santjoandalacant\/\" \/>\n<meta property=\"article:published_time\" content=\"2016-06-15T08:57:12+00:00\" \/>\n<meta property=\"og:image\" content=\"https:\/\/www.santjoandalacant.es\/wp-content\/uploads\/2017\/06\/FOGUERES_SANT_JOAN_2016-717x1024.jpg\" \/>\n\t<meta property=\"og:image:width\" content=\"717\" \/>\n\t<meta property=\"og:image:height\" content=\"1024\" \/>\n\t<meta property=\"og:image:type\" content=\"image\/jpeg\" \/>\n<meta name=\"author\" content=\"6tems\" \/>\n<meta name=\"twitter:card\" content=\"summary_large_image\" \/>\n<meta name=\"twitter:label1\" content=\"Written by\" \/>\n\t<meta name=\"twitter:data1\" content=\"6tems\" \/>\n\t<meta name=\"twitter:label2\" content=\"Est. reading time\" \/>\n\t<meta name=\"twitter:data2\" content=\"1 minute\" \/>\n<script type=\"application\/ld+json\" class=\"yoast-schema-graph\">{\"@context\":\"https:\\\/\\\/schema.org\",\"@graph\":[{\"@type\":\"Article\",\"@id\":\"https:\\\/\\\/www.santjoandalacant.es\\\/ca\\\/festes-patronals-en-honor-a-sant-joan-baptista\\\/#article\",\"isPartOf\":{\"@id\":\"https:\\\/\\\/www.santjoandalacant.es\\\/ca\\\/festes-patronals-en-honor-a-sant-joan-baptista\\\/\"},\"author\":{\"name\":\"6tems\",\"@id\":\"https:\\\/\\\/www.santjoandalacant.es\\\/ca\\\/#\\\/schema\\\/person\\\/74b89bc7b26e6edafb76cd69420cd790\"},\"headline\":\"Festes Patronals en honor a Sant Joan Baptista\",\"datePublished\":\"2016-06-15T08:57:12+00:00\",\"mainEntityOfPage\":{\"@id\":\"https:\\\/\\\/www.santjoandalacant.es\\\/ca\\\/festes-patronals-en-honor-a-sant-joan-baptista\\\/\"},\"wordCount\":135,\"commentCount\":0,\"publisher\":{\"@id\":\"https:\\\/\\\/www.santjoandalacant.es\\\/ca\\\/#organization\"},\"image\":{\"@id\":\"https:\\\/\\\/www.santjoandalacant.es\\\/ca\\\/festes-patronals-en-honor-a-sant-joan-baptista\\\/#primaryimage\"},\"thumbnailUrl\":\"https:\\\/\\\/www.santjoandalacant.es\\\/wp-content\\\/uploads\\\/2017\\\/06\\\/FOGUERES_SANT_JOAN_2016.jpg\",\"articleSection\":[\"Sin categorizar\"],\"inLanguage\":\"va\",\"potentialAction\":[{\"@type\":\"CommentAction\",\"name\":\"Comment\",\"target\":[\"https:\\\/\\\/www.santjoandalacant.es\\\/ca\\\/festes-patronals-en-honor-a-sant-joan-baptista\\\/#respond\"]}]},{\"@type\":\"WebPage\",\"@id\":\"https:\\\/\\\/www.santjoandalacant.es\\\/ca\\\/festes-patronals-en-honor-a-sant-joan-baptista\\\/\",\"url\":\"https:\\\/\\\/www.santjoandalacant.es\\\/ca\\\/festes-patronals-en-honor-a-sant-joan-baptista\\\/\",\"name\":\"Festes Patronals en honor a Sant Joan Baptista - Sant Joan d&#039;Alacant\",\"isPartOf\":{\"@id\":\"https:\\\/\\\/www.santjoandalacant.es\\\/ca\\\/#website\"},\"primaryImageOfPage\":{\"@id\":\"https:\\\/\\\/www.santjoandalacant.es\\\/ca\\\/festes-patronals-en-honor-a-sant-joan-baptista\\\/#primaryimage\"},\"image\":{\"@id\":\"https:\\\/\\\/www.santjoandalacant.es\\\/ca\\\/festes-patronals-en-honor-a-sant-joan-baptista\\\/#primaryimage\"},\"thumbnailUrl\":\"https:\\\/\\\/www.santjoandalacant.es\\\/wp-content\\\/uploads\\\/2017\\\/06\\\/FOGUERES_SANT_JOAN_2016.jpg\",\"datePublished\":\"2016-06-15T08:57:12+00:00\",\"breadcrumb\":{\"@id\":\"https:\\\/\\\/www.santjoandalacant.es\\\/ca\\\/festes-patronals-en-honor-a-sant-joan-baptista\\\/#breadcrumb\"},\"inLanguage\":\"va\",\"potentialAction\":[{\"@type\":\"ReadAction\",\"target\":[\"https:\\\/\\\/www.santjoandalacant.es\\\/ca\\\/festes-patronals-en-honor-a-sant-joan-baptista\\\/\"]}]},{\"@type\":\"ImageObject\",\"inLanguage\":\"va\",\"@id\":\"https:\\\/\\\/www.santjoandalacant.es\\\/ca\\\/festes-patronals-en-honor-a-sant-joan-baptista\\\/#primaryimage\",\"url\":\"https:\\\/\\\/www.santjoandalacant.es\\\/wp-content\\\/uploads\\\/2017\\\/06\\\/FOGUERES_SANT_JOAN_2016.jpg\",\"contentUrl\":\"https:\\\/\\\/www.santjoandalacant.es\\\/wp-content\\\/uploads\\\/2017\\\/06\\\/FOGUERES_SANT_JOAN_2016.jpg\",\"width\":1760,\"height\":2512},{\"@type\":\"BreadcrumbList\",\"@id\":\"https:\\\/\\\/www.santjoandalacant.es\\\/ca\\\/festes-patronals-en-honor-a-sant-joan-baptista\\\/#breadcrumb\",\"itemListElement\":[{\"@type\":\"ListItem\",\"position\":1,\"name\":\"Inicio\",\"item\":\"https:\\\/\\\/www.santjoandalacant.es\\\/ca\\\/\"},{\"@type\":\"ListItem\",\"position\":2,\"name\":\"Festes Patronals en honor a Sant Joan Baptista\"}]},{\"@type\":\"WebSite\",\"@id\":\"https:\\\/\\\/www.santjoandalacant.es\\\/ca\\\/#website\",\"url\":\"https:\\\/\\\/www.santjoandalacant.es\\\/ca\\\/\",\"name\":\"Sant Joan d'Alacant\",\"description\":\"\",\"publisher\":{\"@id\":\"https:\\\/\\\/www.santjoandalacant.es\\\/ca\\\/#organization\"},\"potentialAction\":[{\"@type\":\"SearchAction\",\"target\":{\"@type\":\"EntryPoint\",\"urlTemplate\":\"https:\\\/\\\/www.santjoandalacant.es\\\/ca\\\/?s={search_term_string}\"},\"query-input\":{\"@type\":\"PropertyValueSpecification\",\"valueRequired\":true,\"valueName\":\"search_term_string\"}}],\"inLanguage\":\"va\"},{\"@type\":\"Organization\",\"@id\":\"https:\\\/\\\/www.santjoandalacant.es\\\/ca\\\/#organization\",\"name\":\"Sant Joan d'Alacant\",\"url\":\"https:\\\/\\\/www.santjoandalacant.es\\\/ca\\\/\",\"logo\":{\"@type\":\"ImageObject\",\"inLanguage\":\"va\",\"@id\":\"https:\\\/\\\/www.santjoandalacant.es\\\/ca\\\/#\\\/schema\\\/logo\\\/image\\\/\",\"url\":\"https:\\\/\\\/www.santjoandalacant.es\\\/wp-content\\\/uploads\\\/2023\\\/08\\\/logoSJ.png\",\"contentUrl\":\"https:\\\/\\\/www.santjoandalacant.es\\\/wp-content\\\/uploads\\\/2023\\\/08\\\/logoSJ.png\",\"width\":198,\"height\":253,\"caption\":\"Sant Joan d'Alacant\"},\"image\":{\"@id\":\"https:\\\/\\\/www.santjoandalacant.es\\\/ca\\\/#\\\/schema\\\/logo\\\/image\\\/\"},\"sameAs\":[\"https:\\\/\\\/www.facebook.com\\\/santjoandalacant\\\/\",\"https:\\\/\\\/www.instagram.com\\\/santjoandalacant\\\/\",\"https:\\\/\\\/www.youtube.com\\\/user\\\/santjoandalacant\"]},{\"@type\":\"Person\",\"@id\":\"https:\\\/\\\/www.santjoandalacant.es\\\/ca\\\/#\\\/schema\\\/person\\\/74b89bc7b26e6edafb76cd69420cd790\",\"name\":\"6tems\",\"image\":{\"@type\":\"ImageObject\",\"inLanguage\":\"va\",\"@id\":\"https:\\\/\\\/secure.gravatar.com\\\/avatar\\\/1c939d9bf86da56568327e5d52b159d089efba17cde140c49884e3fe77ef9c66?s=96&d=mm&r=g\",\"url\":\"https:\\\/\\\/secure.gravatar.com\\\/avatar\\\/1c939d9bf86da56568327e5d52b159d089efba17cde140c49884e3fe77ef9c66?s=96&d=mm&r=g\",\"contentUrl\":\"https:\\\/\\\/secure.gravatar.com\\\/avatar\\\/1c939d9bf86da56568327e5d52b159d089efba17cde140c49884e3fe77ef9c66?s=96&d=mm&r=g\",\"caption\":\"6tems\"},\"sameAs\":[\"https:\\\/\\\/www.santjoandalacant.es\"],\"url\":\"https:\\\/\\\/www.santjoandalacant.es\\\/ca\\\/author\\\/adminasap\\\/\"}]}<\/script>\n<!-- \/ Yoast SEO plugin. -->","yoast_head_json":{"title":"Festes Patronals en honor a Sant Joan Baptista - Sant Joan d&#039;Alacant","robots":{"index":"index","follow":"follow","max-snippet":"max-snippet:-1","max-image-preview":"max-image-preview:large","max-video-preview":"max-video-preview:-1"},"canonical":"https:\/\/www.santjoandalacant.es\/ca\/festes-patronals-en-honor-a-sant-joan-baptista\/","og_locale":"en_US","og_type":"article","og_title":"Festes Patronals en honor a Sant Joan Baptista - Sant Joan d&#039;Alacant","og_description":"Del 20 al 24 de Juny, FOGUERES DE SANT JOAN    DIA 18: 1a Carrera NOCTURNA Fogueres, 5K, 10K","og_url":"https:\/\/www.santjoandalacant.es\/ca\/festes-patronals-en-honor-a-sant-joan-baptista\/","og_site_name":"Sant Joan d&#039;Alacant","article_publisher":"https:\/\/www.facebook.com\/santjoandalacant\/","article_published_time":"2016-06-15T08:57:12+00:00","og_image":[{"width":717,"height":1024,"url":"https:\/\/www.santjoandalacant.es\/wp-content\/uploads\/2017\/06\/FOGUERES_SANT_JOAN_2016-717x1024.jpg","type":"image\/jpeg"}],"author":"6tems","twitter_card":"summary_large_image","twitter_misc":{"Written by":"6tems","Est. reading time":"1 minute"},"schema":{"@context":"https:\/\/schema.org","@graph":[{"@type":"Article","@id":"https:\/\/www.santjoandalacant.es\/ca\/festes-patronals-en-honor-a-sant-joan-baptista\/#article","isPartOf":{"@id":"https:\/\/www.santjoandalacant.es\/ca\/festes-patronals-en-honor-a-sant-joan-baptista\/"},"author":{"name":"6tems","@id":"https:\/\/www.santjoandalacant.es\/ca\/#\/schema\/person\/74b89bc7b26e6edafb76cd69420cd790"},"headline":"Festes Patronals en honor a Sant Joan Baptista","datePublished":"2016-06-15T08:57:12+00:00","mainEntityOfPage":{"@id":"https:\/\/www.santjoandalacant.es\/ca\/festes-patronals-en-honor-a-sant-joan-baptista\/"},"wordCount":135,"commentCount":0,"publisher":{"@id":"https:\/\/www.santjoandalacant.es\/ca\/#organization"},"image":{"@id":"https:\/\/www.santjoandalacant.es\/ca\/festes-patronals-en-honor-a-sant-joan-baptista\/#primaryimage"},"thumbnailUrl":"https:\/\/www.santjoandalacant.es\/wp-content\/uploads\/2017\/06\/FOGUERES_SANT_JOAN_2016.jpg","articleSection":["Sin categorizar"],"inLanguage":"va","potentialAction":[{"@type":"CommentAction","name":"Comment","target":["https:\/\/www.santjoandalacant.es\/ca\/festes-patronals-en-honor-a-sant-joan-baptista\/#respond"]}]},{"@type":"WebPage","@id":"https:\/\/www.santjoandalacant.es\/ca\/festes-patronals-en-honor-a-sant-joan-baptista\/","url":"https:\/\/www.santjoandalacant.es\/ca\/festes-patronals-en-honor-a-sant-joan-baptista\/","name":"Festes Patronals en honor a Sant Joan Baptista - Sant Joan d&#039;Alacant","isPartOf":{"@id":"https:\/\/www.santjoandalacant.es\/ca\/#website"},"primaryImageOfPage":{"@id":"https:\/\/www.santjoandalacant.es\/ca\/festes-patronals-en-honor-a-sant-joan-baptista\/#primaryimage"},"image":{"@id":"https:\/\/www.santjoandalacant.es\/ca\/festes-patronals-en-honor-a-sant-joan-baptista\/#primaryimage"},"thumbnailUrl":"https:\/\/www.santjoandalacant.es\/wp-content\/uploads\/2017\/06\/FOGUERES_SANT_JOAN_2016.jpg","datePublished":"2016-06-15T08:57:12+00:00","breadcrumb":{"@id":"https:\/\/www.santjoandalacant.es\/ca\/festes-patronals-en-honor-a-sant-joan-baptista\/#breadcrumb"},"inLanguage":"va","potentialAction":[{"@type":"ReadAction","target":["https:\/\/www.santjoandalacant.es\/ca\/festes-patronals-en-honor-a-sant-joan-baptista\/"]}]},{"@type":"ImageObject","inLanguage":"va","@id":"https:\/\/www.santjoandalacant.es\/ca\/festes-patronals-en-honor-a-sant-joan-baptista\/#primaryimage","url":"https:\/\/www.santjoandalacant.es\/wp-content\/uploads\/2017\/06\/FOGUERES_SANT_JOAN_2016.jpg","contentUrl":"https:\/\/www.santjoandalacant.es\/wp-content\/uploads\/2017\/06\/FOGUERES_SANT_JOAN_2016.jpg","width":1760,"height":2512},{"@type":"BreadcrumbList","@id":"https:\/\/www.santjoandalacant.es\/ca\/festes-patronals-en-honor-a-sant-joan-baptista\/#breadcrumb","itemListElement":[{"@type":"ListItem","position":1,"name":"Inicio","item":"https:\/\/www.santjoandalacant.es\/ca\/"},{"@type":"ListItem","position":2,"name":"Festes Patronals en honor a Sant Joan Baptista"}]},{"@type":"WebSite","@id":"https:\/\/www.santjoandalacant.es\/ca\/#website","url":"https:\/\/www.santjoandalacant.es\/ca\/","name":"Sant Joan d'Alacant","description":"","publisher":{"@id":"https:\/\/www.santjoandalacant.es\/ca\/#organization"},"potentialAction":[{"@type":"SearchAction","target":{"@type":"EntryPoint","urlTemplate":"https:\/\/www.santjoandalacant.es\/ca\/?s={search_term_string}"},"query-input":{"@type":"PropertyValueSpecification","valueRequired":true,"valueName":"search_term_string"}}],"inLanguage":"va"},{"@type":"Organization","@id":"https:\/\/www.santjoandalacant.es\/ca\/#organization","name":"Sant Joan d'Alacant","url":"https:\/\/www.santjoandalacant.es\/ca\/","logo":{"@type":"ImageObject","inLanguage":"va","@id":"https:\/\/www.santjoandalacant.es\/ca\/#\/schema\/logo\/image\/","url":"https:\/\/www.santjoandalacant.es\/wp-content\/uploads\/2023\/08\/logoSJ.png","contentUrl":"https:\/\/www.santjoandalacant.es\/wp-content\/uploads\/2023\/08\/logoSJ.png","width":198,"height":253,"caption":"Sant Joan d'Alacant"},"image":{"@id":"https:\/\/www.santjoandalacant.es\/ca\/#\/schema\/logo\/image\/"},"sameAs":["https:\/\/www.facebook.com\/santjoandalacant\/","https:\/\/www.instagram.com\/santjoandalacant\/","https:\/\/www.youtube.com\/user\/santjoandalacant"]},{"@type":"Person","@id":"https:\/\/www.santjoandalacant.es\/ca\/#\/schema\/person\/74b89bc7b26e6edafb76cd69420cd790","name":"6tems","image":{"@type":"ImageObject","inLanguage":"va","@id":"https:\/\/secure.gravatar.com\/avatar\/1c939d9bf86da56568327e5d52b159d089efba17cde140c49884e3fe77ef9c66?s=96&d=mm&r=g","url":"https:\/\/secure.gravatar.com\/avatar\/1c939d9bf86da56568327e5d52b159d089efba17cde140c49884e3fe77ef9c66?s=96&d=mm&r=g","contentUrl":"https:\/\/secure.gravatar.com\/avatar\/1c939d9bf86da56568327e5d52b159d089efba17cde140c49884e3fe77ef9c66?s=96&d=mm&r=g","caption":"6tems"},"sameAs":["https:\/\/www.santjoandalacant.es"],"url":"https:\/\/www.santjoandalacant.es\/ca\/author\/adminasap\/"}]}},"_links":{"self":[{"href":"https:\/\/www.santjoandalacant.es\/ca\/wp-json\/wp\/v2\/posts\/76039","targetHints":{"allow":["GET"]}}],"collection":[{"href":"https:\/\/www.santjoandalacant.es\/ca\/wp-json\/wp\/v2\/posts"}],"about":[{"href":"https:\/\/www.santjoandalacant.es\/ca\/wp-json\/wp\/v2\/types\/post"}],"author":[{"embeddable":true,"href":"https:\/\/www.santjoandalacant.es\/ca\/wp-json\/wp\/v2\/users\/1"}],"replies":[{"embeddable":true,"href":"https:\/\/www.santjoandalacant.es\/ca\/wp-json\/wp\/v2\/comments?post=76039"}],"version-history":[{"count":0,"href":"https:\/\/www.santjoandalacant.es\/ca\/wp-json\/wp\/v2\/posts\/76039\/revisions"}],"wp:featuredmedia":[{"embeddable":true,"href":"https:\/\/www.santjoandalacant.es\/ca\/wp-json\/wp\/v2\/media\/25232"}],"wp:attachment":[{"href":"https:\/\/www.santjoandalacant.es\/ca\/wp-json\/wp\/v2\/media?parent=76039"}],"wp:term":[{"taxonomy":"category","embeddable":true,"href":"https:\/\/www.santjoandalacant.es\/ca\/wp-json\/wp\/v2\/categories?post=76039"},{"taxonomy":"post_tag","embeddable":true,"href":"https:\/\/www.santjoandalacant.es\/ca\/wp-json\/wp\/v2\/tags?post=76039"},{"taxonomy":"areas","embeddable":true,"href":"https:\/\/www.santjoandalacant.es\/ca\/wp-json\/wp\/v2\/areas?post=76039"}],"curies":[{"name":"wp","href":"https:\/\/api.w.org\/{rel}","templated":true}]}}