{"id":76062,"date":"2016-06-07T08:15:42","date_gmt":"2016-06-07T08:15:42","guid":{"rendered":"https:\/\/santjoan.developersasapglobalsolution.com\/roda-de-premsa-expo-salut-2016\/"},"modified":"2016-06-07T08:15:42","modified_gmt":"2016-06-07T08:15:42","slug":"roda-de-premsa-expo-salut-2016","status":"publish","type":"post","link":"https:\/\/www.santjoandalacant.es\/ca\/roda-de-premsa-expo-salut-2016\/","title":{"rendered":"Roda de Premsa Expo Salut 2016"},"content":{"rendered":"<p>\nLa Regidoria de Sanitat<br \/>\norganitza esta jornada de salut en qu\u00e8 comptarem amb tallers de presa de<br \/>\ntensi\u00f3 arterial, gluc\u00e8mia, \u00edndex de massa corporal, grup sanguini,<br \/>\ntallers de podologia, fisioter\u00e0pia, atenci\u00f3 farmac\u00e8utica, emerg\u00e8ncies<br \/>\ndomicili\u00e0ries, atenci\u00f3 de la pell, taichi, palissa, etc. A m\u00e9s invitem a<br \/>\ntransladarse al t\u00edpic Mercat d\u00b4Arrels que en esta ocasi\u00f3 muntar\u00e0 els<br \/>\nseus llocs junt amb Expo Salut per a promoure i animar als assistents a<br \/>\nconsumir productes naturals que fomenten una alimentaci\u00f3 100% saludable.\n<\/p>\n<p>\nHi haur\u00e0 un apartat<br \/>\ndirigit als m\u00e9s peques denominat Expo Kids, en la que podran aprendre i<br \/>\ndisfrutar d&#8217;un mat\u00ed amb molta ci\u00e8ncia.\n<\/p>\n<p>\nLa finalitat d&#8217;Expo Salut no \u00e9s<br \/>\nuna altra que &quot;sacar la salut a la calle&quot; explica Jaime Albero, a m\u00e9s<br \/>\nd&#8217;animar als ciutadans a disfrutar de la jornada en qu\u00e8 es promou la<br \/>\nconductes i h\u00e0bits saludables i con\u00e9ixer l&#8217;ampli palmito de comer\u00e7os<br \/>\ndedicats a la salut en el municipi. La jornada es dur\u00e0 a terme el dia 12<br \/>\nde juny en la Pla\u00e7a Jos\u00e9 Carreres, des de les 10h fins a les 14h i<br \/>\ncomptar\u00e0 amb la col\u00b7laboraci\u00f3 de l&#8217;Hospital de Sant Joan d&#8217;Alacant,<br \/>\nUniversitat Miguel Hern\u00e1ndez, Centre Provincial de Transfusions<br \/>\nd&#8217;Alacant, associacions i comerciants del municipi relacionats amb la<br \/>\nsalut.<\/p>\n","protected":false},"excerpt":{"rendered":"<p>\nLa Regidoria de Sanitat<br \/>\norganitza esta jornada de salut en qu\u00e8 comptarem amb tallers de presa de<br \/>\ntensi\u00f3 arterial, gluc\u00e8mia, \u00edndex de massa corporal, grup sanguini,<br \/>\ntallers de podologia, fisioter\u00e0pia, atenci\u00f3 farmac\u00e8utica, emerg\u00e8ncies<br \/>\ndomicili\u00e0ries, atenci\u00f3 de la pell, taichi, palissa, etc. A m\u00e9s invitem a<br \/>\ntransladarse al t\u00edpic Mercat d\u00b4Arrels que en esta ocasi\u00f3 muntar\u00e0 els<br \/>\nseus llocs junt amb Expo Salut per a promoure i animar als assistents a<br \/>\nconsumir productes naturals que fomenten una alimentaci\u00f3 100% saludable.<\/p>\n","protected":false},"author":1,"featured_media":25334,"comment_status":"open","ping_status":"open","sticky":false,"template":"","format":"standard","meta":{"_acf_changed":false,"rs_blank_template":"","rs_page_bg_color":"","slide_template_v7":"","footnotes":""},"categories":[1],"tags":[],"areas":[1012],"class_list":["post-76062","post","type-post","status-publish","format-standard","has-post-thumbnail","hentry","category-sin-categorizar","areas-sanidad-ca"],"acf":[],"yoast_head":"<!-- This site is optimized with the Yoast SEO plugin v28.2 - https:\/\/yoast.com\/product\/yoast-seo-wordpress\/ -->\n<title>Roda de Premsa Expo Salut 2016 - Sant Joan d&#039;Alacant<\/title>\n<meta name=\"robots\" content=\"index, follow, max-snippet:-1, max-image-preview:large, max-video-preview:-1\" \/>\n<link rel=\"canonical\" href=\"https:\/\/www.santjoandalacant.es\/ca\/roda-de-premsa-expo-salut-2016\/\" \/>\n<meta property=\"og:locale\" content=\"en_US\" \/>\n<meta property=\"og:type\" content=\"article\" \/>\n<meta property=\"og:title\" content=\"Roda de Premsa Expo Salut 2016 - Sant Joan d&#039;Alacant\" \/>\n<meta property=\"og:description\" content=\"La Regidoria de Sanitat  organitza esta jornada de salut en qu\u00e8 comptarem amb tallers de presa de tensi\u00f3 arterial, gluc\u00e8mia, \u00edndex de massa corporal, grup sanguini,  tallers de podologia, fisioter\u00e0pia, atenci\u00f3 farmac\u00e8utica, emerg\u00e8ncies  domicili\u00e0ries, atenci\u00f3 de la pell, taichi, palissa, etc. A m\u00e9s invitem a transladarse al t\u00edpic Mercat d\u00b4Arrels que en esta ocasi\u00f3 muntar\u00e0 els  seus llocs junt amb Expo Salut per a promoure i animar als assistents a  consumir productes naturals que fomenten una alimentaci\u00f3 100% saludable.\" \/>\n<meta property=\"og:url\" content=\"https:\/\/www.santjoandalacant.es\/ca\/roda-de-premsa-expo-salut-2016\/\" \/>\n<meta property=\"og:site_name\" content=\"Sant Joan d&#039;Alacant\" \/>\n<meta property=\"article:publisher\" content=\"https:\/\/www.facebook.com\/santjoandalacant\/\" \/>\n<meta property=\"article:published_time\" content=\"2016-06-07T08:15:42+00:00\" \/>\n<meta property=\"og:image\" content=\"https:\/\/www.santjoandalacant.es\/wp-content\/uploads\/2017\/06\/RUEDA_DE_PRENSA__370x274.jpg\" \/>\n\t<meta property=\"og:image:width\" content=\"370\" \/>\n\t<meta property=\"og:image:height\" content=\"274\" \/>\n\t<meta property=\"og:image:type\" content=\"image\/jpeg\" \/>\n<meta name=\"author\" content=\"6tems\" \/>\n<meta name=\"twitter:card\" content=\"summary_large_image\" \/>\n<meta name=\"twitter:label1\" content=\"Written by\" \/>\n\t<meta name=\"twitter:data1\" content=\"6tems\" \/>\n\t<meta name=\"twitter:label2\" content=\"Est. reading time\" \/>\n\t<meta name=\"twitter:data2\" content=\"1 minute\" \/>\n<script type=\"application\/ld+json\" class=\"yoast-schema-graph\">{\"@context\":\"https:\\\/\\\/schema.org\",\"@graph\":[{\"@type\":\"Article\",\"@id\":\"https:\\\/\\\/www.santjoandalacant.es\\\/ca\\\/roda-de-premsa-expo-salut-2016\\\/#article\",\"isPartOf\":{\"@id\":\"https:\\\/\\\/www.santjoandalacant.es\\\/ca\\\/roda-de-premsa-expo-salut-2016\\\/\"},\"author\":{\"name\":\"6tems\",\"@id\":\"https:\\\/\\\/www.santjoandalacant.es\\\/ca\\\/#\\\/schema\\\/person\\\/74b89bc7b26e6edafb76cd69420cd790\"},\"headline\":\"Roda de Premsa Expo Salut 2016\",\"datePublished\":\"2016-06-07T08:15:42+00:00\",\"mainEntityOfPage\":{\"@id\":\"https:\\\/\\\/www.santjoandalacant.es\\\/ca\\\/roda-de-premsa-expo-salut-2016\\\/\"},\"wordCount\":233,\"commentCount\":0,\"publisher\":{\"@id\":\"https:\\\/\\\/www.santjoandalacant.es\\\/ca\\\/#organization\"},\"image\":{\"@id\":\"https:\\\/\\\/www.santjoandalacant.es\\\/ca\\\/roda-de-premsa-expo-salut-2016\\\/#primaryimage\"},\"thumbnailUrl\":\"https:\\\/\\\/www.santjoandalacant.es\\\/wp-content\\\/uploads\\\/2017\\\/06\\\/RUEDA_DE_PRENSA__370x274.jpg\",\"articleSection\":[\"Sin categorizar\"],\"inLanguage\":\"va\",\"potentialAction\":[{\"@type\":\"CommentAction\",\"name\":\"Comment\",\"target\":[\"https:\\\/\\\/www.santjoandalacant.es\\\/ca\\\/roda-de-premsa-expo-salut-2016\\\/#respond\"]}]},{\"@type\":\"WebPage\",\"@id\":\"https:\\\/\\\/www.santjoandalacant.es\\\/ca\\\/roda-de-premsa-expo-salut-2016\\\/\",\"url\":\"https:\\\/\\\/www.santjoandalacant.es\\\/ca\\\/roda-de-premsa-expo-salut-2016\\\/\",\"name\":\"Roda de Premsa Expo Salut 2016 - Sant Joan d&#039;Alacant\",\"isPartOf\":{\"@id\":\"https:\\\/\\\/www.santjoandalacant.es\\\/ca\\\/#website\"},\"primaryImageOfPage\":{\"@id\":\"https:\\\/\\\/www.santjoandalacant.es\\\/ca\\\/roda-de-premsa-expo-salut-2016\\\/#primaryimage\"},\"image\":{\"@id\":\"https:\\\/\\\/www.santjoandalacant.es\\\/ca\\\/roda-de-premsa-expo-salut-2016\\\/#primaryimage\"},\"thumbnailUrl\":\"https:\\\/\\\/www.santjoandalacant.es\\\/wp-content\\\/uploads\\\/2017\\\/06\\\/RUEDA_DE_PRENSA__370x274.jpg\",\"datePublished\":\"2016-06-07T08:15:42+00:00\",\"breadcrumb\":{\"@id\":\"https:\\\/\\\/www.santjoandalacant.es\\\/ca\\\/roda-de-premsa-expo-salut-2016\\\/#breadcrumb\"},\"inLanguage\":\"va\",\"potentialAction\":[{\"@type\":\"ReadAction\",\"target\":[\"https:\\\/\\\/www.santjoandalacant.es\\\/ca\\\/roda-de-premsa-expo-salut-2016\\\/\"]}]},{\"@type\":\"ImageObject\",\"inLanguage\":\"va\",\"@id\":\"https:\\\/\\\/www.santjoandalacant.es\\\/ca\\\/roda-de-premsa-expo-salut-2016\\\/#primaryimage\",\"url\":\"https:\\\/\\\/www.santjoandalacant.es\\\/wp-content\\\/uploads\\\/2017\\\/06\\\/RUEDA_DE_PRENSA__370x274.jpg\",\"contentUrl\":\"https:\\\/\\\/www.santjoandalacant.es\\\/wp-content\\\/uploads\\\/2017\\\/06\\\/RUEDA_DE_PRENSA__370x274.jpg\",\"width\":370,\"height\":274},{\"@type\":\"BreadcrumbList\",\"@id\":\"https:\\\/\\\/www.santjoandalacant.es\\\/ca\\\/roda-de-premsa-expo-salut-2016\\\/#breadcrumb\",\"itemListElement\":[{\"@type\":\"ListItem\",\"position\":1,\"name\":\"Inicio\",\"item\":\"https:\\\/\\\/www.santjoandalacant.es\\\/ca\\\/\"},{\"@type\":\"ListItem\",\"position\":2,\"name\":\"Roda de Premsa Expo Salut 2016\"}]},{\"@type\":\"WebSite\",\"@id\":\"https:\\\/\\\/www.santjoandalacant.es\\\/ca\\\/#website\",\"url\":\"https:\\\/\\\/www.santjoandalacant.es\\\/ca\\\/\",\"name\":\"Sant Joan d'Alacant\",\"description\":\"\",\"publisher\":{\"@id\":\"https:\\\/\\\/www.santjoandalacant.es\\\/ca\\\/#organization\"},\"potentialAction\":[{\"@type\":\"SearchAction\",\"target\":{\"@type\":\"EntryPoint\",\"urlTemplate\":\"https:\\\/\\\/www.santjoandalacant.es\\\/ca\\\/?s={search_term_string}\"},\"query-input\":{\"@type\":\"PropertyValueSpecification\",\"valueRequired\":true,\"valueName\":\"search_term_string\"}}],\"inLanguage\":\"va\"},{\"@type\":\"Organization\",\"@id\":\"https:\\\/\\\/www.santjoandalacant.es\\\/ca\\\/#organization\",\"name\":\"Sant Joan d'Alacant\",\"url\":\"https:\\\/\\\/www.santjoandalacant.es\\\/ca\\\/\",\"logo\":{\"@type\":\"ImageObject\",\"inLanguage\":\"va\",\"@id\":\"https:\\\/\\\/www.santjoandalacant.es\\\/ca\\\/#\\\/schema\\\/logo\\\/image\\\/\",\"url\":\"https:\\\/\\\/www.santjoandalacant.es\\\/wp-content\\\/uploads\\\/2023\\\/08\\\/logoSJ.png\",\"contentUrl\":\"https:\\\/\\\/www.santjoandalacant.es\\\/wp-content\\\/uploads\\\/2023\\\/08\\\/logoSJ.png\",\"width\":198,\"height\":253,\"caption\":\"Sant Joan d'Alacant\"},\"image\":{\"@id\":\"https:\\\/\\\/www.santjoandalacant.es\\\/ca\\\/#\\\/schema\\\/logo\\\/image\\\/\"},\"sameAs\":[\"https:\\\/\\\/www.facebook.com\\\/santjoandalacant\\\/\",\"https:\\\/\\\/www.instagram.com\\\/santjoandalacant\\\/\",\"https:\\\/\\\/www.youtube.com\\\/user\\\/santjoandalacant\"]},{\"@type\":\"Person\",\"@id\":\"https:\\\/\\\/www.santjoandalacant.es\\\/ca\\\/#\\\/schema\\\/person\\\/74b89bc7b26e6edafb76cd69420cd790\",\"name\":\"6tems\",\"image\":{\"@type\":\"ImageObject\",\"inLanguage\":\"va\",\"@id\":\"https:\\\/\\\/secure.gravatar.com\\\/avatar\\\/1c939d9bf86da56568327e5d52b159d089efba17cde140c49884e3fe77ef9c66?s=96&d=mm&r=g\",\"url\":\"https:\\\/\\\/secure.gravatar.com\\\/avatar\\\/1c939d9bf86da56568327e5d52b159d089efba17cde140c49884e3fe77ef9c66?s=96&d=mm&r=g\",\"contentUrl\":\"https:\\\/\\\/secure.gravatar.com\\\/avatar\\\/1c939d9bf86da56568327e5d52b159d089efba17cde140c49884e3fe77ef9c66?s=96&d=mm&r=g\",\"caption\":\"6tems\"},\"sameAs\":[\"https:\\\/\\\/www.santjoandalacant.es\"],\"url\":\"https:\\\/\\\/www.santjoandalacant.es\\\/ca\\\/author\\\/adminasap\\\/\"}]}<\/script>\n<!-- \/ Yoast SEO plugin. -->","yoast_head_json":{"title":"Roda de Premsa Expo Salut 2016 - Sant Joan d&#039;Alacant","robots":{"index":"index","follow":"follow","max-snippet":"max-snippet:-1","max-image-preview":"max-image-preview:large","max-video-preview":"max-video-preview:-1"},"canonical":"https:\/\/www.santjoandalacant.es\/ca\/roda-de-premsa-expo-salut-2016\/","og_locale":"en_US","og_type":"article","og_title":"Roda de Premsa Expo Salut 2016 - Sant Joan d&#039;Alacant","og_description":"La Regidoria de Sanitat  organitza esta jornada de salut en qu\u00e8 comptarem amb tallers de presa de tensi\u00f3 arterial, gluc\u00e8mia, \u00edndex de massa corporal, grup sanguini,  tallers de podologia, fisioter\u00e0pia, atenci\u00f3 farmac\u00e8utica, emerg\u00e8ncies  domicili\u00e0ries, atenci\u00f3 de la pell, taichi, palissa, etc. A m\u00e9s invitem a transladarse al t\u00edpic Mercat d\u00b4Arrels que en esta ocasi\u00f3 muntar\u00e0 els  seus llocs junt amb Expo Salut per a promoure i animar als assistents a  consumir productes naturals que fomenten una alimentaci\u00f3 100% saludable.","og_url":"https:\/\/www.santjoandalacant.es\/ca\/roda-de-premsa-expo-salut-2016\/","og_site_name":"Sant Joan d&#039;Alacant","article_publisher":"https:\/\/www.facebook.com\/santjoandalacant\/","article_published_time":"2016-06-07T08:15:42+00:00","og_image":[{"width":370,"height":274,"url":"https:\/\/www.santjoandalacant.es\/wp-content\/uploads\/2017\/06\/RUEDA_DE_PRENSA__370x274.jpg","type":"image\/jpeg"}],"author":"6tems","twitter_card":"summary_large_image","twitter_misc":{"Written by":"6tems","Est. reading time":"1 minute"},"schema":{"@context":"https:\/\/schema.org","@graph":[{"@type":"Article","@id":"https:\/\/www.santjoandalacant.es\/ca\/roda-de-premsa-expo-salut-2016\/#article","isPartOf":{"@id":"https:\/\/www.santjoandalacant.es\/ca\/roda-de-premsa-expo-salut-2016\/"},"author":{"name":"6tems","@id":"https:\/\/www.santjoandalacant.es\/ca\/#\/schema\/person\/74b89bc7b26e6edafb76cd69420cd790"},"headline":"Roda de Premsa Expo Salut 2016","datePublished":"2016-06-07T08:15:42+00:00","mainEntityOfPage":{"@id":"https:\/\/www.santjoandalacant.es\/ca\/roda-de-premsa-expo-salut-2016\/"},"wordCount":233,"commentCount":0,"publisher":{"@id":"https:\/\/www.santjoandalacant.es\/ca\/#organization"},"image":{"@id":"https:\/\/www.santjoandalacant.es\/ca\/roda-de-premsa-expo-salut-2016\/#primaryimage"},"thumbnailUrl":"https:\/\/www.santjoandalacant.es\/wp-content\/uploads\/2017\/06\/RUEDA_DE_PRENSA__370x274.jpg","articleSection":["Sin categorizar"],"inLanguage":"va","potentialAction":[{"@type":"CommentAction","name":"Comment","target":["https:\/\/www.santjoandalacant.es\/ca\/roda-de-premsa-expo-salut-2016\/#respond"]}]},{"@type":"WebPage","@id":"https:\/\/www.santjoandalacant.es\/ca\/roda-de-premsa-expo-salut-2016\/","url":"https:\/\/www.santjoandalacant.es\/ca\/roda-de-premsa-expo-salut-2016\/","name":"Roda de Premsa Expo Salut 2016 - Sant Joan d&#039;Alacant","isPartOf":{"@id":"https:\/\/www.santjoandalacant.es\/ca\/#website"},"primaryImageOfPage":{"@id":"https:\/\/www.santjoandalacant.es\/ca\/roda-de-premsa-expo-salut-2016\/#primaryimage"},"image":{"@id":"https:\/\/www.santjoandalacant.es\/ca\/roda-de-premsa-expo-salut-2016\/#primaryimage"},"thumbnailUrl":"https:\/\/www.santjoandalacant.es\/wp-content\/uploads\/2017\/06\/RUEDA_DE_PRENSA__370x274.jpg","datePublished":"2016-06-07T08:15:42+00:00","breadcrumb":{"@id":"https:\/\/www.santjoandalacant.es\/ca\/roda-de-premsa-expo-salut-2016\/#breadcrumb"},"inLanguage":"va","potentialAction":[{"@type":"ReadAction","target":["https:\/\/www.santjoandalacant.es\/ca\/roda-de-premsa-expo-salut-2016\/"]}]},{"@type":"ImageObject","inLanguage":"va","@id":"https:\/\/www.santjoandalacant.es\/ca\/roda-de-premsa-expo-salut-2016\/#primaryimage","url":"https:\/\/www.santjoandalacant.es\/wp-content\/uploads\/2017\/06\/RUEDA_DE_PRENSA__370x274.jpg","contentUrl":"https:\/\/www.santjoandalacant.es\/wp-content\/uploads\/2017\/06\/RUEDA_DE_PRENSA__370x274.jpg","width":370,"height":274},{"@type":"BreadcrumbList","@id":"https:\/\/www.santjoandalacant.es\/ca\/roda-de-premsa-expo-salut-2016\/#breadcrumb","itemListElement":[{"@type":"ListItem","position":1,"name":"Inicio","item":"https:\/\/www.santjoandalacant.es\/ca\/"},{"@type":"ListItem","position":2,"name":"Roda de Premsa Expo Salut 2016"}]},{"@type":"WebSite","@id":"https:\/\/www.santjoandalacant.es\/ca\/#website","url":"https:\/\/www.santjoandalacant.es\/ca\/","name":"Sant Joan d'Alacant","description":"","publisher":{"@id":"https:\/\/www.santjoandalacant.es\/ca\/#organization"},"potentialAction":[{"@type":"SearchAction","target":{"@type":"EntryPoint","urlTemplate":"https:\/\/www.santjoandalacant.es\/ca\/?s={search_term_string}"},"query-input":{"@type":"PropertyValueSpecification","valueRequired":true,"valueName":"search_term_string"}}],"inLanguage":"va"},{"@type":"Organization","@id":"https:\/\/www.santjoandalacant.es\/ca\/#organization","name":"Sant Joan d'Alacant","url":"https:\/\/www.santjoandalacant.es\/ca\/","logo":{"@type":"ImageObject","inLanguage":"va","@id":"https:\/\/www.santjoandalacant.es\/ca\/#\/schema\/logo\/image\/","url":"https:\/\/www.santjoandalacant.es\/wp-content\/uploads\/2023\/08\/logoSJ.png","contentUrl":"https:\/\/www.santjoandalacant.es\/wp-content\/uploads\/2023\/08\/logoSJ.png","width":198,"height":253,"caption":"Sant Joan d'Alacant"},"image":{"@id":"https:\/\/www.santjoandalacant.es\/ca\/#\/schema\/logo\/image\/"},"sameAs":["https:\/\/www.facebook.com\/santjoandalacant\/","https:\/\/www.instagram.com\/santjoandalacant\/","https:\/\/www.youtube.com\/user\/santjoandalacant"]},{"@type":"Person","@id":"https:\/\/www.santjoandalacant.es\/ca\/#\/schema\/person\/74b89bc7b26e6edafb76cd69420cd790","name":"6tems","image":{"@type":"ImageObject","inLanguage":"va","@id":"https:\/\/secure.gravatar.com\/avatar\/1c939d9bf86da56568327e5d52b159d089efba17cde140c49884e3fe77ef9c66?s=96&d=mm&r=g","url":"https:\/\/secure.gravatar.com\/avatar\/1c939d9bf86da56568327e5d52b159d089efba17cde140c49884e3fe77ef9c66?s=96&d=mm&r=g","contentUrl":"https:\/\/secure.gravatar.com\/avatar\/1c939d9bf86da56568327e5d52b159d089efba17cde140c49884e3fe77ef9c66?s=96&d=mm&r=g","caption":"6tems"},"sameAs":["https:\/\/www.santjoandalacant.es"],"url":"https:\/\/www.santjoandalacant.es\/ca\/author\/adminasap\/"}]}},"_links":{"self":[{"href":"https:\/\/www.santjoandalacant.es\/ca\/wp-json\/wp\/v2\/posts\/76062","targetHints":{"allow":["GET"]}}],"collection":[{"href":"https:\/\/www.santjoandalacant.es\/ca\/wp-json\/wp\/v2\/posts"}],"about":[{"href":"https:\/\/www.santjoandalacant.es\/ca\/wp-json\/wp\/v2\/types\/post"}],"author":[{"embeddable":true,"href":"https:\/\/www.santjoandalacant.es\/ca\/wp-json\/wp\/v2\/users\/1"}],"replies":[{"embeddable":true,"href":"https:\/\/www.santjoandalacant.es\/ca\/wp-json\/wp\/v2\/comments?post=76062"}],"version-history":[{"count":0,"href":"https:\/\/www.santjoandalacant.es\/ca\/wp-json\/wp\/v2\/posts\/76062\/revisions"}],"wp:featuredmedia":[{"embeddable":true,"href":"https:\/\/www.santjoandalacant.es\/ca\/wp-json\/wp\/v2\/media\/25334"}],"wp:attachment":[{"href":"https:\/\/www.santjoandalacant.es\/ca\/wp-json\/wp\/v2\/media?parent=76062"}],"wp:term":[{"taxonomy":"category","embeddable":true,"href":"https:\/\/www.santjoandalacant.es\/ca\/wp-json\/wp\/v2\/categories?post=76062"},{"taxonomy":"post_tag","embeddable":true,"href":"https:\/\/www.santjoandalacant.es\/ca\/wp-json\/wp\/v2\/tags?post=76062"},{"taxonomy":"areas","embeddable":true,"href":"https:\/\/www.santjoandalacant.es\/ca\/wp-json\/wp\/v2\/areas?post=76062"}],"curies":[{"name":"wp","href":"https:\/\/api.w.org\/{rel}","templated":true}]}}