{"id":76124,"date":"2016-05-19T11:47:14","date_gmt":"2016-05-19T11:47:14","guid":{"rendered":"https:\/\/santjoan.developersasapglobalsolution.com\/sant-joan-presenta-la-campanya-daccio-contra-el-mosquit-tigre\/"},"modified":"2016-05-19T11:47:14","modified_gmt":"2016-05-19T11:47:14","slug":"sant-joan-presenta-la-campanya-daccio-contra-el-mosquit-tigre","status":"publish","type":"post","link":"https:\/\/www.santjoandalacant.es\/ca\/sant-joan-presenta-la-campanya-daccio-contra-el-mosquit-tigre\/","title":{"rendered":"Sant Joan presenta la Campanya d\u00b4acci\u00f3 contra el Mosquit Tigre"},"content":{"rendered":"","protected":false},"excerpt":{"rendered":"<p>Hui ha tingut lloc en el Sal\u00f3 de Plens de l&#8217;Ajuntament de Sant Joan la roda de premsa de presentaci\u00f3 de la Campanya de Control del Mosquit Tigre, en la que la Regidora de Sanitat, Esther Donate i el T\u00e8cnic de Medi Ambient de l&#8217;Ajuntament de Sant Joan, han explicat les accions que es van a realitzar tant de prevenci\u00f3 com d&#8217;acci\u00f3. Aix\u00ed mateix la manera en qu\u00e8 els ciutadans podem col\u00b7laborar per a evitar la seua reproducci\u00f3 i proliferaci\u00f3. Recordem que este divendres 20 de maig, a les 19h en la Sala de Confer\u00e8ncies del Centre Cultural situat en l&#8217;Av. Rambla de la Llibertat tindr\u00e0 lloc una Xarrada Informativa sobre esta Campanya de Control del Mosquit Tigre, en la que tots estem implicats.<\/p>\n","protected":false},"author":1,"featured_media":24542,"comment_status":"open","ping_status":"open","sticky":false,"template":"","format":"standard","meta":{"_acf_changed":false,"rs_blank_template":"","rs_page_bg_color":"","slide_template_v7":"","footnotes":""},"categories":[1],"tags":[],"areas":[1012],"class_list":["post-76124","post","type-post","status-publish","format-standard","has-post-thumbnail","hentry","category-sin-categorizar","areas-sanidad-ca"],"acf":[],"yoast_head":"<!-- This site is optimized with the Yoast SEO plugin v28.2 - https:\/\/yoast.com\/product\/yoast-seo-wordpress\/ -->\n<title>Sant Joan presenta la Campanya d\u00b4acci\u00f3 contra el Mosquit Tigre - Sant Joan d&#039;Alacant<\/title>\n<meta name=\"robots\" content=\"index, follow, max-snippet:-1, max-image-preview:large, max-video-preview:-1\" \/>\n<link rel=\"canonical\" href=\"https:\/\/www.santjoandalacant.es\/ca\/sant-joan-presenta-la-campanya-daccio-contra-el-mosquit-tigre\/\" \/>\n<meta property=\"og:locale\" content=\"en_US\" \/>\n<meta property=\"og:type\" content=\"article\" \/>\n<meta property=\"og:title\" content=\"Sant Joan presenta la Campanya d\u00b4acci\u00f3 contra el Mosquit Tigre - Sant Joan d&#039;Alacant\" \/>\n<meta property=\"og:description\" content=\"Hui ha tingut lloc en el Sal\u00f3 de Plens de l&#039;Ajuntament de Sant Joan la roda de premsa de presentaci\u00f3 de la Campanya de Control del Mosquit Tigre, en la que la Regidora de Sanitat, Esther Donate i el T\u00e8cnic de Medi Ambient de l&#039;Ajuntament de Sant Joan, han explicat les accions que es van a realitzar tant de prevenci\u00f3 com d&#039;acci\u00f3. Aix\u00ed mateix la manera en qu\u00e8 els ciutadans podem col\u00b7laborar per a evitar la seua reproducci\u00f3 i proliferaci\u00f3. Recordem que este divendres 20 de maig, a les 19h en la Sala de Confer\u00e8ncies del Centre Cultural situat en l&#039;Av. Rambla de la Llibertat tindr\u00e0 lloc una Xarrada Informativa sobre esta Campanya de Control del Mosquit Tigre, en la que tots estem implicats.\" \/>\n<meta property=\"og:url\" content=\"https:\/\/www.santjoandalacant.es\/ca\/sant-joan-presenta-la-campanya-daccio-contra-el-mosquit-tigre\/\" \/>\n<meta property=\"og:site_name\" content=\"Sant Joan d&#039;Alacant\" \/>\n<meta property=\"article:publisher\" content=\"https:\/\/www.facebook.com\/santjoandalacant\/\" \/>\n<meta property=\"article:published_time\" content=\"2016-05-19T11:47:14+00:00\" \/>\n<meta property=\"og:image\" content=\"https:\/\/www.santjoandalacant.es\/wp-content\/uploads\/2017\/06\/web1.jpg\" \/>\n\t<meta property=\"og:image:width\" content=\"249\" \/>\n\t<meta property=\"og:image:height\" content=\"365\" \/>\n\t<meta property=\"og:image:type\" content=\"image\/jpeg\" \/>\n<meta name=\"author\" content=\"6tems\" \/>\n<meta name=\"twitter:card\" content=\"summary_large_image\" \/>\n<meta name=\"twitter:label1\" content=\"Written by\" \/>\n\t<meta name=\"twitter:data1\" content=\"6tems\" \/>\n<script type=\"application\/ld+json\" class=\"yoast-schema-graph\">{\"@context\":\"https:\\\/\\\/schema.org\",\"@graph\":[{\"@type\":\"Article\",\"@id\":\"https:\\\/\\\/www.santjoandalacant.es\\\/ca\\\/sant-joan-presenta-la-campanya-daccio-contra-el-mosquit-tigre\\\/#article\",\"isPartOf\":{\"@id\":\"https:\\\/\\\/www.santjoandalacant.es\\\/ca\\\/sant-joan-presenta-la-campanya-daccio-contra-el-mosquit-tigre\\\/\"},\"author\":{\"name\":\"6tems\",\"@id\":\"https:\\\/\\\/www.santjoandalacant.es\\\/ca\\\/#\\\/schema\\\/person\\\/74b89bc7b26e6edafb76cd69420cd790\"},\"headline\":\"Sant Joan presenta la Campanya d\u00b4acci\u00f3 contra el Mosquit Tigre\",\"datePublished\":\"2016-05-19T11:47:14+00:00\",\"mainEntityOfPage\":{\"@id\":\"https:\\\/\\\/www.santjoandalacant.es\\\/ca\\\/sant-joan-presenta-la-campanya-daccio-contra-el-mosquit-tigre\\\/\"},\"wordCount\":11,\"commentCount\":0,\"publisher\":{\"@id\":\"https:\\\/\\\/www.santjoandalacant.es\\\/ca\\\/#organization\"},\"image\":{\"@id\":\"https:\\\/\\\/www.santjoandalacant.es\\\/ca\\\/sant-joan-presenta-la-campanya-daccio-contra-el-mosquit-tigre\\\/#primaryimage\"},\"thumbnailUrl\":\"https:\\\/\\\/www.santjoandalacant.es\\\/wp-content\\\/uploads\\\/2017\\\/06\\\/web1.jpg\",\"articleSection\":[\"Sin categorizar\"],\"inLanguage\":\"va\",\"potentialAction\":[{\"@type\":\"CommentAction\",\"name\":\"Comment\",\"target\":[\"https:\\\/\\\/www.santjoandalacant.es\\\/ca\\\/sant-joan-presenta-la-campanya-daccio-contra-el-mosquit-tigre\\\/#respond\"]}]},{\"@type\":\"WebPage\",\"@id\":\"https:\\\/\\\/www.santjoandalacant.es\\\/ca\\\/sant-joan-presenta-la-campanya-daccio-contra-el-mosquit-tigre\\\/\",\"url\":\"https:\\\/\\\/www.santjoandalacant.es\\\/ca\\\/sant-joan-presenta-la-campanya-daccio-contra-el-mosquit-tigre\\\/\",\"name\":\"Sant Joan presenta la Campanya d\u00b4acci\u00f3 contra el Mosquit Tigre - Sant Joan d&#039;Alacant\",\"isPartOf\":{\"@id\":\"https:\\\/\\\/www.santjoandalacant.es\\\/ca\\\/#website\"},\"primaryImageOfPage\":{\"@id\":\"https:\\\/\\\/www.santjoandalacant.es\\\/ca\\\/sant-joan-presenta-la-campanya-daccio-contra-el-mosquit-tigre\\\/#primaryimage\"},\"image\":{\"@id\":\"https:\\\/\\\/www.santjoandalacant.es\\\/ca\\\/sant-joan-presenta-la-campanya-daccio-contra-el-mosquit-tigre\\\/#primaryimage\"},\"thumbnailUrl\":\"https:\\\/\\\/www.santjoandalacant.es\\\/wp-content\\\/uploads\\\/2017\\\/06\\\/web1.jpg\",\"datePublished\":\"2016-05-19T11:47:14+00:00\",\"breadcrumb\":{\"@id\":\"https:\\\/\\\/www.santjoandalacant.es\\\/ca\\\/sant-joan-presenta-la-campanya-daccio-contra-el-mosquit-tigre\\\/#breadcrumb\"},\"inLanguage\":\"va\",\"potentialAction\":[{\"@type\":\"ReadAction\",\"target\":[\"https:\\\/\\\/www.santjoandalacant.es\\\/ca\\\/sant-joan-presenta-la-campanya-daccio-contra-el-mosquit-tigre\\\/\"]}]},{\"@type\":\"ImageObject\",\"inLanguage\":\"va\",\"@id\":\"https:\\\/\\\/www.santjoandalacant.es\\\/ca\\\/sant-joan-presenta-la-campanya-daccio-contra-el-mosquit-tigre\\\/#primaryimage\",\"url\":\"https:\\\/\\\/www.santjoandalacant.es\\\/wp-content\\\/uploads\\\/2017\\\/06\\\/web1.jpg\",\"contentUrl\":\"https:\\\/\\\/www.santjoandalacant.es\\\/wp-content\\\/uploads\\\/2017\\\/06\\\/web1.jpg\",\"width\":249,\"height\":365},{\"@type\":\"BreadcrumbList\",\"@id\":\"https:\\\/\\\/www.santjoandalacant.es\\\/ca\\\/sant-joan-presenta-la-campanya-daccio-contra-el-mosquit-tigre\\\/#breadcrumb\",\"itemListElement\":[{\"@type\":\"ListItem\",\"position\":1,\"name\":\"Inicio\",\"item\":\"https:\\\/\\\/www.santjoandalacant.es\\\/ca\\\/\"},{\"@type\":\"ListItem\",\"position\":2,\"name\":\"Sant Joan presenta la Campanya d\u00b4acci\u00f3 contra el Mosquit Tigre\"}]},{\"@type\":\"WebSite\",\"@id\":\"https:\\\/\\\/www.santjoandalacant.es\\\/ca\\\/#website\",\"url\":\"https:\\\/\\\/www.santjoandalacant.es\\\/ca\\\/\",\"name\":\"Sant Joan d'Alacant\",\"description\":\"\",\"publisher\":{\"@id\":\"https:\\\/\\\/www.santjoandalacant.es\\\/ca\\\/#organization\"},\"potentialAction\":[{\"@type\":\"SearchAction\",\"target\":{\"@type\":\"EntryPoint\",\"urlTemplate\":\"https:\\\/\\\/www.santjoandalacant.es\\\/ca\\\/?s={search_term_string}\"},\"query-input\":{\"@type\":\"PropertyValueSpecification\",\"valueRequired\":true,\"valueName\":\"search_term_string\"}}],\"inLanguage\":\"va\"},{\"@type\":\"Organization\",\"@id\":\"https:\\\/\\\/www.santjoandalacant.es\\\/ca\\\/#organization\",\"name\":\"Sant Joan d'Alacant\",\"url\":\"https:\\\/\\\/www.santjoandalacant.es\\\/ca\\\/\",\"logo\":{\"@type\":\"ImageObject\",\"inLanguage\":\"va\",\"@id\":\"https:\\\/\\\/www.santjoandalacant.es\\\/ca\\\/#\\\/schema\\\/logo\\\/image\\\/\",\"url\":\"https:\\\/\\\/www.santjoandalacant.es\\\/wp-content\\\/uploads\\\/2023\\\/08\\\/logoSJ.png\",\"contentUrl\":\"https:\\\/\\\/www.santjoandalacant.es\\\/wp-content\\\/uploads\\\/2023\\\/08\\\/logoSJ.png\",\"width\":198,\"height\":253,\"caption\":\"Sant Joan d'Alacant\"},\"image\":{\"@id\":\"https:\\\/\\\/www.santjoandalacant.es\\\/ca\\\/#\\\/schema\\\/logo\\\/image\\\/\"},\"sameAs\":[\"https:\\\/\\\/www.facebook.com\\\/santjoandalacant\\\/\",\"https:\\\/\\\/www.instagram.com\\\/santjoandalacant\\\/\",\"https:\\\/\\\/www.youtube.com\\\/user\\\/santjoandalacant\"]},{\"@type\":\"Person\",\"@id\":\"https:\\\/\\\/www.santjoandalacant.es\\\/ca\\\/#\\\/schema\\\/person\\\/74b89bc7b26e6edafb76cd69420cd790\",\"name\":\"6tems\",\"image\":{\"@type\":\"ImageObject\",\"inLanguage\":\"va\",\"@id\":\"https:\\\/\\\/secure.gravatar.com\\\/avatar\\\/1c939d9bf86da56568327e5d52b159d089efba17cde140c49884e3fe77ef9c66?s=96&d=mm&r=g\",\"url\":\"https:\\\/\\\/secure.gravatar.com\\\/avatar\\\/1c939d9bf86da56568327e5d52b159d089efba17cde140c49884e3fe77ef9c66?s=96&d=mm&r=g\",\"contentUrl\":\"https:\\\/\\\/secure.gravatar.com\\\/avatar\\\/1c939d9bf86da56568327e5d52b159d089efba17cde140c49884e3fe77ef9c66?s=96&d=mm&r=g\",\"caption\":\"6tems\"},\"sameAs\":[\"https:\\\/\\\/www.santjoandalacant.es\"],\"url\":\"https:\\\/\\\/www.santjoandalacant.es\\\/ca\\\/author\\\/adminasap\\\/\"}]}<\/script>\n<!-- \/ Yoast SEO plugin. -->","yoast_head_json":{"title":"Sant Joan presenta la Campanya d\u00b4acci\u00f3 contra el Mosquit Tigre - Sant Joan d&#039;Alacant","robots":{"index":"index","follow":"follow","max-snippet":"max-snippet:-1","max-image-preview":"max-image-preview:large","max-video-preview":"max-video-preview:-1"},"canonical":"https:\/\/www.santjoandalacant.es\/ca\/sant-joan-presenta-la-campanya-daccio-contra-el-mosquit-tigre\/","og_locale":"en_US","og_type":"article","og_title":"Sant Joan presenta la Campanya d\u00b4acci\u00f3 contra el Mosquit Tigre - Sant Joan d&#039;Alacant","og_description":"Hui ha tingut lloc en el Sal\u00f3 de Plens de l'Ajuntament de Sant Joan la roda de premsa de presentaci\u00f3 de la Campanya de Control del Mosquit Tigre, en la que la Regidora de Sanitat, Esther Donate i el T\u00e8cnic de Medi Ambient de l'Ajuntament de Sant Joan, han explicat les accions que es van a realitzar tant de prevenci\u00f3 com d'acci\u00f3. Aix\u00ed mateix la manera en qu\u00e8 els ciutadans podem col\u00b7laborar per a evitar la seua reproducci\u00f3 i proliferaci\u00f3. Recordem que este divendres 20 de maig, a les 19h en la Sala de Confer\u00e8ncies del Centre Cultural situat en l'Av. Rambla de la Llibertat tindr\u00e0 lloc una Xarrada Informativa sobre esta Campanya de Control del Mosquit Tigre, en la que tots estem implicats.","og_url":"https:\/\/www.santjoandalacant.es\/ca\/sant-joan-presenta-la-campanya-daccio-contra-el-mosquit-tigre\/","og_site_name":"Sant Joan d&#039;Alacant","article_publisher":"https:\/\/www.facebook.com\/santjoandalacant\/","article_published_time":"2016-05-19T11:47:14+00:00","og_image":[{"width":249,"height":365,"url":"https:\/\/www.santjoandalacant.es\/wp-content\/uploads\/2017\/06\/web1.jpg","type":"image\/jpeg"}],"author":"6tems","twitter_card":"summary_large_image","twitter_misc":{"Written by":"6tems"},"schema":{"@context":"https:\/\/schema.org","@graph":[{"@type":"Article","@id":"https:\/\/www.santjoandalacant.es\/ca\/sant-joan-presenta-la-campanya-daccio-contra-el-mosquit-tigre\/#article","isPartOf":{"@id":"https:\/\/www.santjoandalacant.es\/ca\/sant-joan-presenta-la-campanya-daccio-contra-el-mosquit-tigre\/"},"author":{"name":"6tems","@id":"https:\/\/www.santjoandalacant.es\/ca\/#\/schema\/person\/74b89bc7b26e6edafb76cd69420cd790"},"headline":"Sant Joan presenta la Campanya d\u00b4acci\u00f3 contra el Mosquit Tigre","datePublished":"2016-05-19T11:47:14+00:00","mainEntityOfPage":{"@id":"https:\/\/www.santjoandalacant.es\/ca\/sant-joan-presenta-la-campanya-daccio-contra-el-mosquit-tigre\/"},"wordCount":11,"commentCount":0,"publisher":{"@id":"https:\/\/www.santjoandalacant.es\/ca\/#organization"},"image":{"@id":"https:\/\/www.santjoandalacant.es\/ca\/sant-joan-presenta-la-campanya-daccio-contra-el-mosquit-tigre\/#primaryimage"},"thumbnailUrl":"https:\/\/www.santjoandalacant.es\/wp-content\/uploads\/2017\/06\/web1.jpg","articleSection":["Sin categorizar"],"inLanguage":"va","potentialAction":[{"@type":"CommentAction","name":"Comment","target":["https:\/\/www.santjoandalacant.es\/ca\/sant-joan-presenta-la-campanya-daccio-contra-el-mosquit-tigre\/#respond"]}]},{"@type":"WebPage","@id":"https:\/\/www.santjoandalacant.es\/ca\/sant-joan-presenta-la-campanya-daccio-contra-el-mosquit-tigre\/","url":"https:\/\/www.santjoandalacant.es\/ca\/sant-joan-presenta-la-campanya-daccio-contra-el-mosquit-tigre\/","name":"Sant Joan presenta la Campanya d\u00b4acci\u00f3 contra el Mosquit Tigre - Sant Joan d&#039;Alacant","isPartOf":{"@id":"https:\/\/www.santjoandalacant.es\/ca\/#website"},"primaryImageOfPage":{"@id":"https:\/\/www.santjoandalacant.es\/ca\/sant-joan-presenta-la-campanya-daccio-contra-el-mosquit-tigre\/#primaryimage"},"image":{"@id":"https:\/\/www.santjoandalacant.es\/ca\/sant-joan-presenta-la-campanya-daccio-contra-el-mosquit-tigre\/#primaryimage"},"thumbnailUrl":"https:\/\/www.santjoandalacant.es\/wp-content\/uploads\/2017\/06\/web1.jpg","datePublished":"2016-05-19T11:47:14+00:00","breadcrumb":{"@id":"https:\/\/www.santjoandalacant.es\/ca\/sant-joan-presenta-la-campanya-daccio-contra-el-mosquit-tigre\/#breadcrumb"},"inLanguage":"va","potentialAction":[{"@type":"ReadAction","target":["https:\/\/www.santjoandalacant.es\/ca\/sant-joan-presenta-la-campanya-daccio-contra-el-mosquit-tigre\/"]}]},{"@type":"ImageObject","inLanguage":"va","@id":"https:\/\/www.santjoandalacant.es\/ca\/sant-joan-presenta-la-campanya-daccio-contra-el-mosquit-tigre\/#primaryimage","url":"https:\/\/www.santjoandalacant.es\/wp-content\/uploads\/2017\/06\/web1.jpg","contentUrl":"https:\/\/www.santjoandalacant.es\/wp-content\/uploads\/2017\/06\/web1.jpg","width":249,"height":365},{"@type":"BreadcrumbList","@id":"https:\/\/www.santjoandalacant.es\/ca\/sant-joan-presenta-la-campanya-daccio-contra-el-mosquit-tigre\/#breadcrumb","itemListElement":[{"@type":"ListItem","position":1,"name":"Inicio","item":"https:\/\/www.santjoandalacant.es\/ca\/"},{"@type":"ListItem","position":2,"name":"Sant Joan presenta la Campanya d\u00b4acci\u00f3 contra el Mosquit Tigre"}]},{"@type":"WebSite","@id":"https:\/\/www.santjoandalacant.es\/ca\/#website","url":"https:\/\/www.santjoandalacant.es\/ca\/","name":"Sant Joan d'Alacant","description":"","publisher":{"@id":"https:\/\/www.santjoandalacant.es\/ca\/#organization"},"potentialAction":[{"@type":"SearchAction","target":{"@type":"EntryPoint","urlTemplate":"https:\/\/www.santjoandalacant.es\/ca\/?s={search_term_string}"},"query-input":{"@type":"PropertyValueSpecification","valueRequired":true,"valueName":"search_term_string"}}],"inLanguage":"va"},{"@type":"Organization","@id":"https:\/\/www.santjoandalacant.es\/ca\/#organization","name":"Sant Joan d'Alacant","url":"https:\/\/www.santjoandalacant.es\/ca\/","logo":{"@type":"ImageObject","inLanguage":"va","@id":"https:\/\/www.santjoandalacant.es\/ca\/#\/schema\/logo\/image\/","url":"https:\/\/www.santjoandalacant.es\/wp-content\/uploads\/2023\/08\/logoSJ.png","contentUrl":"https:\/\/www.santjoandalacant.es\/wp-content\/uploads\/2023\/08\/logoSJ.png","width":198,"height":253,"caption":"Sant Joan d'Alacant"},"image":{"@id":"https:\/\/www.santjoandalacant.es\/ca\/#\/schema\/logo\/image\/"},"sameAs":["https:\/\/www.facebook.com\/santjoandalacant\/","https:\/\/www.instagram.com\/santjoandalacant\/","https:\/\/www.youtube.com\/user\/santjoandalacant"]},{"@type":"Person","@id":"https:\/\/www.santjoandalacant.es\/ca\/#\/schema\/person\/74b89bc7b26e6edafb76cd69420cd790","name":"6tems","image":{"@type":"ImageObject","inLanguage":"va","@id":"https:\/\/secure.gravatar.com\/avatar\/1c939d9bf86da56568327e5d52b159d089efba17cde140c49884e3fe77ef9c66?s=96&d=mm&r=g","url":"https:\/\/secure.gravatar.com\/avatar\/1c939d9bf86da56568327e5d52b159d089efba17cde140c49884e3fe77ef9c66?s=96&d=mm&r=g","contentUrl":"https:\/\/secure.gravatar.com\/avatar\/1c939d9bf86da56568327e5d52b159d089efba17cde140c49884e3fe77ef9c66?s=96&d=mm&r=g","caption":"6tems"},"sameAs":["https:\/\/www.santjoandalacant.es"],"url":"https:\/\/www.santjoandalacant.es\/ca\/author\/adminasap\/"}]}},"_links":{"self":[{"href":"https:\/\/www.santjoandalacant.es\/ca\/wp-json\/wp\/v2\/posts\/76124","targetHints":{"allow":["GET"]}}],"collection":[{"href":"https:\/\/www.santjoandalacant.es\/ca\/wp-json\/wp\/v2\/posts"}],"about":[{"href":"https:\/\/www.santjoandalacant.es\/ca\/wp-json\/wp\/v2\/types\/post"}],"author":[{"embeddable":true,"href":"https:\/\/www.santjoandalacant.es\/ca\/wp-json\/wp\/v2\/users\/1"}],"replies":[{"embeddable":true,"href":"https:\/\/www.santjoandalacant.es\/ca\/wp-json\/wp\/v2\/comments?post=76124"}],"version-history":[{"count":0,"href":"https:\/\/www.santjoandalacant.es\/ca\/wp-json\/wp\/v2\/posts\/76124\/revisions"}],"wp:featuredmedia":[{"embeddable":true,"href":"https:\/\/www.santjoandalacant.es\/ca\/wp-json\/wp\/v2\/media\/24542"}],"wp:attachment":[{"href":"https:\/\/www.santjoandalacant.es\/ca\/wp-json\/wp\/v2\/media?parent=76124"}],"wp:term":[{"taxonomy":"category","embeddable":true,"href":"https:\/\/www.santjoandalacant.es\/ca\/wp-json\/wp\/v2\/categories?post=76124"},{"taxonomy":"post_tag","embeddable":true,"href":"https:\/\/www.santjoandalacant.es\/ca\/wp-json\/wp\/v2\/tags?post=76124"},{"taxonomy":"areas","embeddable":true,"href":"https:\/\/www.santjoandalacant.es\/ca\/wp-json\/wp\/v2\/areas?post=76124"}],"curies":[{"name":"wp","href":"https:\/\/api.w.org\/{rel}","templated":true}]}}