{"id":76245,"date":"2016-04-06T08:20:13","date_gmt":"2016-04-06T08:20:13","guid":{"rendered":"https:\/\/santjoan.developersasapglobalsolution.com\/digitalitzacio-dels-llibres-dactes-del-ple\/"},"modified":"2016-04-06T08:20:13","modified_gmt":"2016-04-06T08:20:13","slug":"digitalitzacio-dels-llibres-dactes-del-ple","status":"publish","type":"post","link":"https:\/\/www.santjoandalacant.es\/ca\/digitalitzacio-dels-llibres-dactes-del-ple\/","title":{"rendered":"DIGITALITZACI\u00d3 DELS LLIBRES D&#8217;ACTES DEL PLE"},"content":{"rendered":"<p><span style=\"font-size: 12px\">La regidoria de cultura de Sant Joan d&#8217;Alacant i l&#8217;Arxiu Municipal han posat en marxa el projecte de digitalitzaci\u00f3 del seu fons documental hist\u00f2ric amb la finalitat de fer-ho m\u00e9s accessible als ciutadans i investigadors i per a la millor conservaci\u00f3 dels documents originals. Clara Rodr\u00edguez Montesinos, edil de cultura, es mostra molt satisfeta pels resultats obtinguts, posant en valor el patrimoni documental del que \u00e9s posse\u00efdor aquest municipi.<\/span><\/p>\n<p><span style=\"font-size: 12px\">En aquesta primera fase s&#8217;han digitalitzat els Llibres d&#8217;Actes de l&#8217;Ajuntament Ple des del m\u00e9s antic, que s&#8217;inicia en 2 de gener de 1870 fins a 1940.<\/span><\/p>\n<p><span style=\"font-size: 12px\">Els llibres de 1871 i 1872 no estan localitzats, per la qual no s&#8217;ha pogut realitzar la seua digitalitzaci\u00f3, aix\u00ed com tampoc s&#8217;ha realitzat la captura d&#8217;imatges del llibre de 1920-1922 pel mal estat de conservaci\u00f3 que desaconsellava la seua manipulaci\u00f3 i es troba esperant ser restaurat.<\/span><\/p>\n<p><span style=\"font-size: 12px\">El Ple Municipal \u00e9s l&#8217;\u00f2rgan col\u00b7legiat format per la suma de tots els regidors i l&#8217;alcalde que es reuneix peri\u00f2dicament per a decidir sobre els assumptes m\u00e9s importants que afecten al municipi i la corporaci\u00f3; les seues sessions queden plasmades oficialment en els denominats Llibres d&#8217;Actes del Ple o Cabildo en els quals queda reflectit l&#8217;esdevenir de la hist\u00f2ria municipal. Aquests llibres han d&#8217;anar foliats, segellats i rubricats en totes les seues fulles, amb dilig\u00e8ncia d&#8217;obertura en el seu inici i les signatures de tots els assistents a cada sessi\u00f3 siga aquesta ordin\u00e0ria o extraordin\u00e0ria, \u00e9s a dir, les que es convoquen regularment o les que se celebren amb car\u00e0cter d&#8217;urg\u00e8ncia.<\/span><\/p>\n<p><span style=\"font-size: 12px\">En aquests llibres de 1870 a 1940, a m\u00e9s de les actes del Ple Municipal o Cabildo, podem trobar en alguns casos les actes d&#8217;altres \u00f2rgans col\u00b7legiats municipals com s\u00f3n la Comissi\u00f3 Municipal Permanent (formada per l&#8217;Alcalde i una selecci\u00f3 de regidors) i tamb\u00e9 de la Junta Municipal d&#8217;Associats (relacionada amb la Intervenci\u00f3 i el Pressupost Municipal). D&#8217;altra banda, en els llibres de la d\u00e8cada dels anys 30 i coincidint amb la II Rep\u00fablica Espanyola i la Guerra Civil, ens apareixen les actes de la Comissi\u00f3 Gestora que es va designar en 1931 i entre 1936-1940 en substituci\u00f3 del Ple.<\/span><\/p>\n<p><span style=\"font-size: 12px\">Els treballs de digitalitzaci\u00f3 s&#8217;han dut a terme en les instal\u00b7lacions de l&#8217;Arxiu Municipal per part de l&#8217;empresa ARCHIPLUS &#8211; DIGICOPY ASSESSORS EN GESTI\u00d3 DOCUMENTAL S.L.O. seguint els est\u00e0ndards t\u00e8cnics i de qualitat que fixa la Conselleria de Cultura i el Servei Valenci\u00e0 d&#8217;Arxius.<br \/>\n<\/span><a href=\"https:\/\/drive.google.com\/folderview?id=0BxUo5XlNAs-gOVBKOTA4YVZfVk0&amp;usp=sharing\" target=\"_blank\" rel=\"noopener\"><br \/>\nAcces als llibres de d&#8217;actes 1870 &#8211; 1940<\/a><\/p>\n","protected":false},"excerpt":{"rendered":"<p><span style=\"font-size: 12px\">La regidoria de cultura de Sant Joan d&#8217;Alacant i l&#8217;Arxiu Municipal han posat en marxa el projecte de digitalitzaci\u00f3 del seu fons documental hist\u00f2ric amb la finalitat de fer-ho m\u00e9s accessible als ciutadans i investigadors i per a la millor conservaci\u00f3 dels documents originals. Clara Rodr\u00edguez Montesinos, edil de cultura, es mostra molt satisfeta pels resultats obtinguts, posant en valor el patrimoni documental del que \u00e9s posse\u00efdor aquest municipi.<\/span><\/p>\n","protected":false},"author":1,"featured_media":26548,"comment_status":"open","ping_status":"open","sticky":false,"template":"","format":"standard","meta":{"_acf_changed":false,"rs_blank_template":"","rs_page_bg_color":"","slide_template_v7":"","footnotes":""},"categories":[1],"tags":[],"areas":[1019],"class_list":["post-76245","post","type-post","status-publish","format-standard","has-post-thumbnail","hentry","category-sin-categorizar","areas-cultura-ca"],"acf":[],"yoast_head":"<!-- This site is optimized with the Yoast SEO plugin v28.2 - https:\/\/yoast.com\/product\/yoast-seo-wordpress\/ -->\n<title>DIGITALITZACI\u00d3 DELS LLIBRES D&#039;ACTES DEL PLE - Sant Joan d&#039;Alacant<\/title>\n<meta name=\"robots\" content=\"index, follow, max-snippet:-1, max-image-preview:large, max-video-preview:-1\" \/>\n<link rel=\"canonical\" href=\"https:\/\/www.santjoandalacant.es\/ca\/digitalitzacio-dels-llibres-dactes-del-ple\/\" \/>\n<meta property=\"og:locale\" content=\"en_US\" \/>\n<meta property=\"og:type\" content=\"article\" \/>\n<meta property=\"og:title\" content=\"DIGITALITZACI\u00d3 DELS LLIBRES D&#039;ACTES DEL PLE - Sant Joan d&#039;Alacant\" \/>\n<meta property=\"og:description\" content=\"La regidoria de cultura de Sant Joan d&#039;Alacant i l&#039;Arxiu Municipal han posat en marxa el projecte de digitalitzaci\u00f3 del seu fons documental hist\u00f2ric amb la finalitat de fer-ho m\u00e9s accessible als ciutadans i investigadors i per a la millor conservaci\u00f3 dels documents originals. Clara Rodr\u00edguez Montesinos, edil de cultura, es mostra molt satisfeta pels resultats obtinguts, posant en valor el patrimoni documental del que \u00e9s posse\u00efdor aquest municipi.\" \/>\n<meta property=\"og:url\" content=\"https:\/\/www.santjoandalacant.es\/ca\/digitalitzacio-dels-llibres-dactes-del-ple\/\" \/>\n<meta property=\"og:site_name\" content=\"Sant Joan d&#039;Alacant\" \/>\n<meta property=\"article:publisher\" content=\"https:\/\/www.facebook.com\/santjoandalacant\/\" \/>\n<meta property=\"article:published_time\" content=\"2016-04-06T08:20:13+00:00\" \/>\n<meta property=\"og:image\" content=\"https:\/\/www.santjoandalacant.es\/wp-content\/uploads\/2017\/06\/digitalizacion_0.jpg\" \/>\n\t<meta property=\"og:image:width\" content=\"875\" \/>\n\t<meta property=\"og:image:height\" content=\"584\" \/>\n\t<meta property=\"og:image:type\" content=\"image\/jpeg\" \/>\n<meta name=\"author\" content=\"6tems\" \/>\n<meta name=\"twitter:card\" content=\"summary_large_image\" \/>\n<meta name=\"twitter:label1\" content=\"Written by\" \/>\n\t<meta name=\"twitter:data1\" content=\"6tems\" \/>\n\t<meta name=\"twitter:label2\" content=\"Est. reading time\" \/>\n\t<meta name=\"twitter:data2\" content=\"2 minutes\" \/>\n<script type=\"application\/ld+json\" class=\"yoast-schema-graph\">{\"@context\":\"https:\\\/\\\/schema.org\",\"@graph\":[{\"@type\":\"Article\",\"@id\":\"https:\\\/\\\/www.santjoandalacant.es\\\/ca\\\/digitalitzacio-dels-llibres-dactes-del-ple\\\/#article\",\"isPartOf\":{\"@id\":\"https:\\\/\\\/www.santjoandalacant.es\\\/ca\\\/digitalitzacio-dels-llibres-dactes-del-ple\\\/\"},\"author\":{\"name\":\"6tems\",\"@id\":\"https:\\\/\\\/www.santjoandalacant.es\\\/ca\\\/#\\\/schema\\\/person\\\/74b89bc7b26e6edafb76cd69420cd790\"},\"headline\":\"DIGITALITZACI\u00d3 DELS LLIBRES D&#8217;ACTES DEL PLE\",\"datePublished\":\"2016-04-06T08:20:13+00:00\",\"mainEntityOfPage\":{\"@id\":\"https:\\\/\\\/www.santjoandalacant.es\\\/ca\\\/digitalitzacio-dels-llibres-dactes-del-ple\\\/\"},\"wordCount\":451,\"commentCount\":0,\"publisher\":{\"@id\":\"https:\\\/\\\/www.santjoandalacant.es\\\/ca\\\/#organization\"},\"image\":{\"@id\":\"https:\\\/\\\/www.santjoandalacant.es\\\/ca\\\/digitalitzacio-dels-llibres-dactes-del-ple\\\/#primaryimage\"},\"thumbnailUrl\":\"https:\\\/\\\/www.santjoandalacant.es\\\/wp-content\\\/uploads\\\/2017\\\/06\\\/digitalizacion_0.jpg\",\"articleSection\":[\"Sin categorizar\"],\"inLanguage\":\"va\",\"potentialAction\":[{\"@type\":\"CommentAction\",\"name\":\"Comment\",\"target\":[\"https:\\\/\\\/www.santjoandalacant.es\\\/ca\\\/digitalitzacio-dels-llibres-dactes-del-ple\\\/#respond\"]}]},{\"@type\":\"WebPage\",\"@id\":\"https:\\\/\\\/www.santjoandalacant.es\\\/ca\\\/digitalitzacio-dels-llibres-dactes-del-ple\\\/\",\"url\":\"https:\\\/\\\/www.santjoandalacant.es\\\/ca\\\/digitalitzacio-dels-llibres-dactes-del-ple\\\/\",\"name\":\"DIGITALITZACI\u00d3 DELS LLIBRES D'ACTES DEL PLE - Sant Joan d&#039;Alacant\",\"isPartOf\":{\"@id\":\"https:\\\/\\\/www.santjoandalacant.es\\\/ca\\\/#website\"},\"primaryImageOfPage\":{\"@id\":\"https:\\\/\\\/www.santjoandalacant.es\\\/ca\\\/digitalitzacio-dels-llibres-dactes-del-ple\\\/#primaryimage\"},\"image\":{\"@id\":\"https:\\\/\\\/www.santjoandalacant.es\\\/ca\\\/digitalitzacio-dels-llibres-dactes-del-ple\\\/#primaryimage\"},\"thumbnailUrl\":\"https:\\\/\\\/www.santjoandalacant.es\\\/wp-content\\\/uploads\\\/2017\\\/06\\\/digitalizacion_0.jpg\",\"datePublished\":\"2016-04-06T08:20:13+00:00\",\"breadcrumb\":{\"@id\":\"https:\\\/\\\/www.santjoandalacant.es\\\/ca\\\/digitalitzacio-dels-llibres-dactes-del-ple\\\/#breadcrumb\"},\"inLanguage\":\"va\",\"potentialAction\":[{\"@type\":\"ReadAction\",\"target\":[\"https:\\\/\\\/www.santjoandalacant.es\\\/ca\\\/digitalitzacio-dels-llibres-dactes-del-ple\\\/\"]}]},{\"@type\":\"ImageObject\",\"inLanguage\":\"va\",\"@id\":\"https:\\\/\\\/www.santjoandalacant.es\\\/ca\\\/digitalitzacio-dels-llibres-dactes-del-ple\\\/#primaryimage\",\"url\":\"https:\\\/\\\/www.santjoandalacant.es\\\/wp-content\\\/uploads\\\/2017\\\/06\\\/digitalizacion_0.jpg\",\"contentUrl\":\"https:\\\/\\\/www.santjoandalacant.es\\\/wp-content\\\/uploads\\\/2017\\\/06\\\/digitalizacion_0.jpg\",\"width\":875,\"height\":584},{\"@type\":\"BreadcrumbList\",\"@id\":\"https:\\\/\\\/www.santjoandalacant.es\\\/ca\\\/digitalitzacio-dels-llibres-dactes-del-ple\\\/#breadcrumb\",\"itemListElement\":[{\"@type\":\"ListItem\",\"position\":1,\"name\":\"Inicio\",\"item\":\"https:\\\/\\\/www.santjoandalacant.es\\\/ca\\\/\"},{\"@type\":\"ListItem\",\"position\":2,\"name\":\"DIGITALITZACI\u00d3 DELS LLIBRES D&#8217;ACTES DEL PLE\"}]},{\"@type\":\"WebSite\",\"@id\":\"https:\\\/\\\/www.santjoandalacant.es\\\/ca\\\/#website\",\"url\":\"https:\\\/\\\/www.santjoandalacant.es\\\/ca\\\/\",\"name\":\"Sant Joan d'Alacant\",\"description\":\"\",\"publisher\":{\"@id\":\"https:\\\/\\\/www.santjoandalacant.es\\\/ca\\\/#organization\"},\"potentialAction\":[{\"@type\":\"SearchAction\",\"target\":{\"@type\":\"EntryPoint\",\"urlTemplate\":\"https:\\\/\\\/www.santjoandalacant.es\\\/ca\\\/?s={search_term_string}\"},\"query-input\":{\"@type\":\"PropertyValueSpecification\",\"valueRequired\":true,\"valueName\":\"search_term_string\"}}],\"inLanguage\":\"va\"},{\"@type\":\"Organization\",\"@id\":\"https:\\\/\\\/www.santjoandalacant.es\\\/ca\\\/#organization\",\"name\":\"Sant Joan d'Alacant\",\"url\":\"https:\\\/\\\/www.santjoandalacant.es\\\/ca\\\/\",\"logo\":{\"@type\":\"ImageObject\",\"inLanguage\":\"va\",\"@id\":\"https:\\\/\\\/www.santjoandalacant.es\\\/ca\\\/#\\\/schema\\\/logo\\\/image\\\/\",\"url\":\"https:\\\/\\\/www.santjoandalacant.es\\\/wp-content\\\/uploads\\\/2023\\\/08\\\/logoSJ.png\",\"contentUrl\":\"https:\\\/\\\/www.santjoandalacant.es\\\/wp-content\\\/uploads\\\/2023\\\/08\\\/logoSJ.png\",\"width\":198,\"height\":253,\"caption\":\"Sant Joan d'Alacant\"},\"image\":{\"@id\":\"https:\\\/\\\/www.santjoandalacant.es\\\/ca\\\/#\\\/schema\\\/logo\\\/image\\\/\"},\"sameAs\":[\"https:\\\/\\\/www.facebook.com\\\/santjoandalacant\\\/\",\"https:\\\/\\\/www.instagram.com\\\/santjoandalacant\\\/\",\"https:\\\/\\\/www.youtube.com\\\/user\\\/santjoandalacant\"]},{\"@type\":\"Person\",\"@id\":\"https:\\\/\\\/www.santjoandalacant.es\\\/ca\\\/#\\\/schema\\\/person\\\/74b89bc7b26e6edafb76cd69420cd790\",\"name\":\"6tems\",\"image\":{\"@type\":\"ImageObject\",\"inLanguage\":\"va\",\"@id\":\"https:\\\/\\\/secure.gravatar.com\\\/avatar\\\/1c939d9bf86da56568327e5d52b159d089efba17cde140c49884e3fe77ef9c66?s=96&d=mm&r=g\",\"url\":\"https:\\\/\\\/secure.gravatar.com\\\/avatar\\\/1c939d9bf86da56568327e5d52b159d089efba17cde140c49884e3fe77ef9c66?s=96&d=mm&r=g\",\"contentUrl\":\"https:\\\/\\\/secure.gravatar.com\\\/avatar\\\/1c939d9bf86da56568327e5d52b159d089efba17cde140c49884e3fe77ef9c66?s=96&d=mm&r=g\",\"caption\":\"6tems\"},\"sameAs\":[\"https:\\\/\\\/www.santjoandalacant.es\"],\"url\":\"https:\\\/\\\/www.santjoandalacant.es\\\/ca\\\/author\\\/adminasap\\\/\"}]}<\/script>\n<!-- \/ Yoast SEO plugin. -->","yoast_head_json":{"title":"DIGITALITZACI\u00d3 DELS LLIBRES D'ACTES DEL PLE - Sant Joan d&#039;Alacant","robots":{"index":"index","follow":"follow","max-snippet":"max-snippet:-1","max-image-preview":"max-image-preview:large","max-video-preview":"max-video-preview:-1"},"canonical":"https:\/\/www.santjoandalacant.es\/ca\/digitalitzacio-dels-llibres-dactes-del-ple\/","og_locale":"en_US","og_type":"article","og_title":"DIGITALITZACI\u00d3 DELS LLIBRES D'ACTES DEL PLE - Sant Joan d&#039;Alacant","og_description":"La regidoria de cultura de Sant Joan d'Alacant i l'Arxiu Municipal han posat en marxa el projecte de digitalitzaci\u00f3 del seu fons documental hist\u00f2ric amb la finalitat de fer-ho m\u00e9s accessible als ciutadans i investigadors i per a la millor conservaci\u00f3 dels documents originals. Clara Rodr\u00edguez Montesinos, edil de cultura, es mostra molt satisfeta pels resultats obtinguts, posant en valor el patrimoni documental del que \u00e9s posse\u00efdor aquest municipi.","og_url":"https:\/\/www.santjoandalacant.es\/ca\/digitalitzacio-dels-llibres-dactes-del-ple\/","og_site_name":"Sant Joan d&#039;Alacant","article_publisher":"https:\/\/www.facebook.com\/santjoandalacant\/","article_published_time":"2016-04-06T08:20:13+00:00","og_image":[{"width":875,"height":584,"url":"https:\/\/www.santjoandalacant.es\/wp-content\/uploads\/2017\/06\/digitalizacion_0.jpg","type":"image\/jpeg"}],"author":"6tems","twitter_card":"summary_large_image","twitter_misc":{"Written by":"6tems","Est. reading time":"2 minutes"},"schema":{"@context":"https:\/\/schema.org","@graph":[{"@type":"Article","@id":"https:\/\/www.santjoandalacant.es\/ca\/digitalitzacio-dels-llibres-dactes-del-ple\/#article","isPartOf":{"@id":"https:\/\/www.santjoandalacant.es\/ca\/digitalitzacio-dels-llibres-dactes-del-ple\/"},"author":{"name":"6tems","@id":"https:\/\/www.santjoandalacant.es\/ca\/#\/schema\/person\/74b89bc7b26e6edafb76cd69420cd790"},"headline":"DIGITALITZACI\u00d3 DELS LLIBRES D&#8217;ACTES DEL PLE","datePublished":"2016-04-06T08:20:13+00:00","mainEntityOfPage":{"@id":"https:\/\/www.santjoandalacant.es\/ca\/digitalitzacio-dels-llibres-dactes-del-ple\/"},"wordCount":451,"commentCount":0,"publisher":{"@id":"https:\/\/www.santjoandalacant.es\/ca\/#organization"},"image":{"@id":"https:\/\/www.santjoandalacant.es\/ca\/digitalitzacio-dels-llibres-dactes-del-ple\/#primaryimage"},"thumbnailUrl":"https:\/\/www.santjoandalacant.es\/wp-content\/uploads\/2017\/06\/digitalizacion_0.jpg","articleSection":["Sin categorizar"],"inLanguage":"va","potentialAction":[{"@type":"CommentAction","name":"Comment","target":["https:\/\/www.santjoandalacant.es\/ca\/digitalitzacio-dels-llibres-dactes-del-ple\/#respond"]}]},{"@type":"WebPage","@id":"https:\/\/www.santjoandalacant.es\/ca\/digitalitzacio-dels-llibres-dactes-del-ple\/","url":"https:\/\/www.santjoandalacant.es\/ca\/digitalitzacio-dels-llibres-dactes-del-ple\/","name":"DIGITALITZACI\u00d3 DELS LLIBRES D'ACTES DEL PLE - Sant Joan d&#039;Alacant","isPartOf":{"@id":"https:\/\/www.santjoandalacant.es\/ca\/#website"},"primaryImageOfPage":{"@id":"https:\/\/www.santjoandalacant.es\/ca\/digitalitzacio-dels-llibres-dactes-del-ple\/#primaryimage"},"image":{"@id":"https:\/\/www.santjoandalacant.es\/ca\/digitalitzacio-dels-llibres-dactes-del-ple\/#primaryimage"},"thumbnailUrl":"https:\/\/www.santjoandalacant.es\/wp-content\/uploads\/2017\/06\/digitalizacion_0.jpg","datePublished":"2016-04-06T08:20:13+00:00","breadcrumb":{"@id":"https:\/\/www.santjoandalacant.es\/ca\/digitalitzacio-dels-llibres-dactes-del-ple\/#breadcrumb"},"inLanguage":"va","potentialAction":[{"@type":"ReadAction","target":["https:\/\/www.santjoandalacant.es\/ca\/digitalitzacio-dels-llibres-dactes-del-ple\/"]}]},{"@type":"ImageObject","inLanguage":"va","@id":"https:\/\/www.santjoandalacant.es\/ca\/digitalitzacio-dels-llibres-dactes-del-ple\/#primaryimage","url":"https:\/\/www.santjoandalacant.es\/wp-content\/uploads\/2017\/06\/digitalizacion_0.jpg","contentUrl":"https:\/\/www.santjoandalacant.es\/wp-content\/uploads\/2017\/06\/digitalizacion_0.jpg","width":875,"height":584},{"@type":"BreadcrumbList","@id":"https:\/\/www.santjoandalacant.es\/ca\/digitalitzacio-dels-llibres-dactes-del-ple\/#breadcrumb","itemListElement":[{"@type":"ListItem","position":1,"name":"Inicio","item":"https:\/\/www.santjoandalacant.es\/ca\/"},{"@type":"ListItem","position":2,"name":"DIGITALITZACI\u00d3 DELS LLIBRES D&#8217;ACTES DEL PLE"}]},{"@type":"WebSite","@id":"https:\/\/www.santjoandalacant.es\/ca\/#website","url":"https:\/\/www.santjoandalacant.es\/ca\/","name":"Sant Joan d'Alacant","description":"","publisher":{"@id":"https:\/\/www.santjoandalacant.es\/ca\/#organization"},"potentialAction":[{"@type":"SearchAction","target":{"@type":"EntryPoint","urlTemplate":"https:\/\/www.santjoandalacant.es\/ca\/?s={search_term_string}"},"query-input":{"@type":"PropertyValueSpecification","valueRequired":true,"valueName":"search_term_string"}}],"inLanguage":"va"},{"@type":"Organization","@id":"https:\/\/www.santjoandalacant.es\/ca\/#organization","name":"Sant Joan d'Alacant","url":"https:\/\/www.santjoandalacant.es\/ca\/","logo":{"@type":"ImageObject","inLanguage":"va","@id":"https:\/\/www.santjoandalacant.es\/ca\/#\/schema\/logo\/image\/","url":"https:\/\/www.santjoandalacant.es\/wp-content\/uploads\/2023\/08\/logoSJ.png","contentUrl":"https:\/\/www.santjoandalacant.es\/wp-content\/uploads\/2023\/08\/logoSJ.png","width":198,"height":253,"caption":"Sant Joan d'Alacant"},"image":{"@id":"https:\/\/www.santjoandalacant.es\/ca\/#\/schema\/logo\/image\/"},"sameAs":["https:\/\/www.facebook.com\/santjoandalacant\/","https:\/\/www.instagram.com\/santjoandalacant\/","https:\/\/www.youtube.com\/user\/santjoandalacant"]},{"@type":"Person","@id":"https:\/\/www.santjoandalacant.es\/ca\/#\/schema\/person\/74b89bc7b26e6edafb76cd69420cd790","name":"6tems","image":{"@type":"ImageObject","inLanguage":"va","@id":"https:\/\/secure.gravatar.com\/avatar\/1c939d9bf86da56568327e5d52b159d089efba17cde140c49884e3fe77ef9c66?s=96&d=mm&r=g","url":"https:\/\/secure.gravatar.com\/avatar\/1c939d9bf86da56568327e5d52b159d089efba17cde140c49884e3fe77ef9c66?s=96&d=mm&r=g","contentUrl":"https:\/\/secure.gravatar.com\/avatar\/1c939d9bf86da56568327e5d52b159d089efba17cde140c49884e3fe77ef9c66?s=96&d=mm&r=g","caption":"6tems"},"sameAs":["https:\/\/www.santjoandalacant.es"],"url":"https:\/\/www.santjoandalacant.es\/ca\/author\/adminasap\/"}]}},"_links":{"self":[{"href":"https:\/\/www.santjoandalacant.es\/ca\/wp-json\/wp\/v2\/posts\/76245","targetHints":{"allow":["GET"]}}],"collection":[{"href":"https:\/\/www.santjoandalacant.es\/ca\/wp-json\/wp\/v2\/posts"}],"about":[{"href":"https:\/\/www.santjoandalacant.es\/ca\/wp-json\/wp\/v2\/types\/post"}],"author":[{"embeddable":true,"href":"https:\/\/www.santjoandalacant.es\/ca\/wp-json\/wp\/v2\/users\/1"}],"replies":[{"embeddable":true,"href":"https:\/\/www.santjoandalacant.es\/ca\/wp-json\/wp\/v2\/comments?post=76245"}],"version-history":[{"count":0,"href":"https:\/\/www.santjoandalacant.es\/ca\/wp-json\/wp\/v2\/posts\/76245\/revisions"}],"wp:featuredmedia":[{"embeddable":true,"href":"https:\/\/www.santjoandalacant.es\/ca\/wp-json\/wp\/v2\/media\/26548"}],"wp:attachment":[{"href":"https:\/\/www.santjoandalacant.es\/ca\/wp-json\/wp\/v2\/media?parent=76245"}],"wp:term":[{"taxonomy":"category","embeddable":true,"href":"https:\/\/www.santjoandalacant.es\/ca\/wp-json\/wp\/v2\/categories?post=76245"},{"taxonomy":"post_tag","embeddable":true,"href":"https:\/\/www.santjoandalacant.es\/ca\/wp-json\/wp\/v2\/tags?post=76245"},{"taxonomy":"areas","embeddable":true,"href":"https:\/\/www.santjoandalacant.es\/ca\/wp-json\/wp\/v2\/areas?post=76245"}],"curies":[{"name":"wp","href":"https:\/\/api.w.org\/{rel}","templated":true}]}}