{"id":76269,"date":"2016-03-23T10:11:34","date_gmt":"2016-03-23T10:11:34","guid":{"rendered":"https:\/\/santjoan.developersasapglobalsolution.com\/la-campiona-olimpica-isabel-fernandez-inaugura-la-i-olimpiada-intercentres-celebrada-en-el-poliesportiu-municipal\/"},"modified":"2016-03-23T10:11:34","modified_gmt":"2016-03-23T10:11:34","slug":"la-campiona-olimpica-isabel-fernandez-inaugura-la-i-olimpiada-intercentres-celebrada-en-el-poliesportiu-municipal","status":"publish","type":"post","link":"https:\/\/www.santjoandalacant.es\/ca\/la-campiona-olimpica-isabel-fernandez-inaugura-la-i-olimpiada-intercentres-celebrada-en-el-poliesportiu-municipal\/","title":{"rendered":"La Campiona Ol\u00edmpica Isabel Fern\u00e1ndez inaugura la I Olimp\u00edada Intercentres celebrada en el Poliesportiu Municipal"},"content":{"rendered":"<p align=\"center\">\n<img fetchpriority=\"high\" decoding=\"async\" class=\" size-full wp-image-26787\" src=\"https:\/\/www.santjoandalacant.es\/wp-content\/uploads\/2016\/03\/20160322_114805_0.jpg\" width=\"500\" height=\"281\" srcset=\"https:\/\/www.santjoandalacant.es\/wp-content\/uploads\/2016\/03\/20160322_114805_0.jpg 500w, https:\/\/www.santjoandalacant.es\/wp-content\/uploads\/2016\/03\/20160322_114805_0-300x169.jpg 300w\" sizes=\"(max-width: 500px) 100vw, 500px\" \/>\n<\/p>\n<p>\nL&#8217;Institut Playa de San Juan, en col\u2022laboraci\u00f3 amb la regidoria d&#8217;Esports de l&#8217;Ajuntament de Sant Joan d&#8217;Alacant, va organitzar estes I Olimp\u00edades Intercentres, per a alumnes d&#8217;ensenyan\u00e7a Secund\u00e0ria, davall el lema \u2018El moviment Ol\u00edmpic&#8217;, a les que van assistir m\u00e9s de mil alumnes dels centres de Sant Joan -LLoixa i Garc\u00eda Berlanga- i de la platja -R\u00e0dio Exterior i Playa San Juan. L&#8217;objectiu de la iniciativa va ser tractar d&#8217;acostar als j\u00f3vens a diferents disciplines esportives, des de l&#8217;atletisme a diferents modalitats de v\u00f2lei, futbol, b\u00e0squet, hoquei, tenis.\n<\/p>\n<p align=\"center\">\n<img decoding=\"async\" class=\" size-full wp-image-26789\" src=\"https:\/\/www.santjoandalacant.es\/wp-content\/uploads\/2016\/03\/20160322_114215_0.jpg\" width=\"500\" height=\"281\" srcset=\"https:\/\/www.santjoandalacant.es\/wp-content\/uploads\/2016\/03\/20160322_114215_0.jpg 500w, https:\/\/www.santjoandalacant.es\/wp-content\/uploads\/2016\/03\/20160322_114215_0-300x169.jpg 300w\" sizes=\"(max-width: 500px) 100vw, 500px\" \/>\u00a0\n<\/p>\n<p>\n<br \/>\nA m\u00e9s d&#8217;acompanyar als atletes, Isabel Fern\u00e1ndez va firmar en el Llibre d&#8217;Honor de l&#8217;Ajuntament de Sant Joan d&#8217;Alacant, en pres\u00e8ncia de l&#8217;alcalde, Jaime Albero, i dels regidors d&#8217;Esports, Santiago Rom\u00e1n i d&#8217;Educaci\u00f3, Esther Donate. A l&#8217;acte tamb\u00e9 van acudir els edils Eva Delgado i Octavio Seva. La jornada es va tancar amb un reconeixement als quatre centres educatius i a la professora d&#8217;Educaci\u00f3 F\u00edsica, Mate Vera, pels seus 35 anys de treball i dedicaci\u00f3 ininterrompuda en l&#8217;IES Lloixa. <br \/>\nEl Cap de Departament de l&#8217;IES platja Sant Joan i m\u00e0xim responsable de l&#8217;esdeveniment, Paco Pla, va qualificar l&#8217;acte com &quot;un aut\u00e8ntic \u00e8xit que ja ha donat el seu primer pas i que continuar\u00e0 l&#8217;any que ve gr\u00e0cies a les gestions de l&#8217;Ajuntament de Sant Joan&quot;. Per al regidor d&#8217;Esports de l&#8217;Ajuntament de Sant Joan, Santiago Rom\u00e1n, &quot;portar als estudiants d&#8217;ensenyan\u00e7a secund\u00e0ria de quatre centres diferents de disfrutar i competir en esta nova iniciativa, acompanyats a m\u00e9s per una judoka d&#8217;or i alacantina com \u00e9s Isabel Fern\u00e1ndez, \u00e9s una satisfacci\u00f3 per al nostre municipi, a m\u00e9s de potenciar l&#8217;esport base i l&#8217;educaci\u00f3 entre els j\u00f3vens que ahir van estar en les instal\u2022lacions del Poliesportiu&quot;. El regidor tamb\u00e9 va agrair l&#8217;assist\u00e8ncia de pares, professors i voluntaris que van permetre que la jornada transcorreguera en les millors condicions.\n<\/p>\n<p align=\"center\">\n<img decoding=\"async\" class=\" size-full wp-image-26791\" src=\"https:\/\/www.santjoandalacant.es\/wp-content\/uploads\/2016\/03\/20160322_103431_OK_0.jpg\" width=\"500\" height=\"281\" srcset=\"https:\/\/www.santjoandalacant.es\/wp-content\/uploads\/2016\/03\/20160322_103431_OK_0.jpg 500w, https:\/\/www.santjoandalacant.es\/wp-content\/uploads\/2016\/03\/20160322_103431_OK_0-300x169.jpg 300w\" sizes=\"(max-width: 500px) 100vw, 500px\" \/>\u00a0\n<\/p>\n<p>\n<br \/>\nFins a l&#8217;any que ve! \u00c9s a dir, fins despr\u00e9s de les Olimp\u00edades de Rio de Janeiro.<\/p>\n","protected":false},"excerpt":{"rendered":"<p align=\"center\">\n<img fetchpriority=\"high\" decoding=\"async\" class=\" size-full wp-image-26787\" src=\"https:\/\/www.santjoandalacant.es\/wp-content\/uploads\/2016\/03\/20160322_114805_0.jpg\" width=\"500\" height=\"281\" srcset=\"https:\/\/www.santjoandalacant.es\/wp-content\/uploads\/2016\/03\/20160322_114805_0.jpg 500w, https:\/\/www.santjoandalacant.es\/wp-content\/uploads\/2016\/03\/20160322_114805_0-300x169.jpg 300w\" sizes=\"(max-width: 500px) 100vw, 500px\" \/><\/p>\n","protected":false},"author":1,"featured_media":26794,"comment_status":"open","ping_status":"open","sticky":false,"template":"","format":"standard","meta":{"_acf_changed":false,"rs_blank_template":"","rs_page_bg_color":"","slide_template_v7":"","footnotes":""},"categories":[1],"tags":[],"areas":[998],"class_list":["post-76269","post","type-post","status-publish","format-standard","has-post-thumbnail","hentry","category-sin-categorizar","areas-deportes-ca"],"acf":[],"yoast_head":"<!-- This site is optimized with the Yoast SEO plugin v28.2 - https:\/\/yoast.com\/product\/yoast-seo-wordpress\/ -->\n<title>La Campiona Ol\u00edmpica Isabel Fern\u00e1ndez inaugura la I Olimp\u00edada Intercentres celebrada en el Poliesportiu Municipal - Sant Joan d&#039;Alacant<\/title>\n<meta name=\"robots\" content=\"index, follow, max-snippet:-1, max-image-preview:large, max-video-preview:-1\" \/>\n<link rel=\"canonical\" href=\"https:\/\/www.santjoandalacant.es\/ca\/la-campiona-olimpica-isabel-fernandez-inaugura-la-i-olimpiada-intercentres-celebrada-en-el-poliesportiu-municipal\/\" \/>\n<meta property=\"og:locale\" content=\"en_US\" \/>\n<meta property=\"og:type\" content=\"article\" \/>\n<meta property=\"og:title\" content=\"La Campiona Ol\u00edmpica Isabel Fern\u00e1ndez inaugura la I Olimp\u00edada Intercentres celebrada en el Poliesportiu Municipal - Sant Joan d&#039;Alacant\" \/>\n<meta property=\"og:url\" content=\"https:\/\/www.santjoandalacant.es\/ca\/la-campiona-olimpica-isabel-fernandez-inaugura-la-i-olimpiada-intercentres-celebrada-en-el-poliesportiu-municipal\/\" \/>\n<meta property=\"og:site_name\" content=\"Sant Joan d&#039;Alacant\" \/>\n<meta property=\"article:publisher\" content=\"https:\/\/www.facebook.com\/santjoandalacant\/\" \/>\n<meta property=\"article:published_time\" content=\"2016-03-23T10:11:34+00:00\" \/>\n<meta property=\"og:image\" content=\"https:\/\/www.santjoandalacant.es\/wp-content\/uploads\/2017\/06\/olimpiada_isabel_fernandez_3.jpg\" \/>\n\t<meta property=\"og:image:width\" content=\"1328\" \/>\n\t<meta property=\"og:image:height\" content=\"747\" \/>\n\t<meta property=\"og:image:type\" content=\"image\/jpeg\" \/>\n<meta name=\"author\" content=\"6tems\" \/>\n<meta name=\"twitter:card\" content=\"summary_large_image\" \/>\n<meta name=\"twitter:label1\" content=\"Written by\" \/>\n\t<meta name=\"twitter:data1\" content=\"6tems\" \/>\n\t<meta name=\"twitter:label2\" content=\"Est. reading time\" \/>\n\t<meta name=\"twitter:data2\" content=\"2 minutes\" \/>\n<script type=\"application\/ld+json\" class=\"yoast-schema-graph\">{\"@context\":\"https:\\\/\\\/schema.org\",\"@graph\":[{\"@type\":\"Article\",\"@id\":\"https:\\\/\\\/www.santjoandalacant.es\\\/ca\\\/la-campiona-olimpica-isabel-fernandez-inaugura-la-i-olimpiada-intercentres-celebrada-en-el-poliesportiu-municipal\\\/#article\",\"isPartOf\":{\"@id\":\"https:\\\/\\\/www.santjoandalacant.es\\\/ca\\\/la-campiona-olimpica-isabel-fernandez-inaugura-la-i-olimpiada-intercentres-celebrada-en-el-poliesportiu-municipal\\\/\"},\"author\":{\"name\":\"6tems\",\"@id\":\"https:\\\/\\\/www.santjoandalacant.es\\\/ca\\\/#\\\/schema\\\/person\\\/74b89bc7b26e6edafb76cd69420cd790\"},\"headline\":\"La Campiona Ol\u00edmpica Isabel Fern\u00e1ndez inaugura la I Olimp\u00edada Intercentres celebrada en el Poliesportiu Municipal\",\"datePublished\":\"2016-03-23T10:11:34+00:00\",\"mainEntityOfPage\":{\"@id\":\"https:\\\/\\\/www.santjoandalacant.es\\\/ca\\\/la-campiona-olimpica-isabel-fernandez-inaugura-la-i-olimpiada-intercentres-celebrada-en-el-poliesportiu-municipal\\\/\"},\"wordCount\":402,\"commentCount\":0,\"publisher\":{\"@id\":\"https:\\\/\\\/www.santjoandalacant.es\\\/ca\\\/#organization\"},\"image\":{\"@id\":\"https:\\\/\\\/www.santjoandalacant.es\\\/ca\\\/la-campiona-olimpica-isabel-fernandez-inaugura-la-i-olimpiada-intercentres-celebrada-en-el-poliesportiu-municipal\\\/#primaryimage\"},\"thumbnailUrl\":\"https:\\\/\\\/www.santjoandalacant.es\\\/wp-content\\\/uploads\\\/2017\\\/06\\\/olimpiada_isabel_fernandez_3.jpg\",\"articleSection\":[\"Sin categorizar\"],\"inLanguage\":\"va\",\"potentialAction\":[{\"@type\":\"CommentAction\",\"name\":\"Comment\",\"target\":[\"https:\\\/\\\/www.santjoandalacant.es\\\/ca\\\/la-campiona-olimpica-isabel-fernandez-inaugura-la-i-olimpiada-intercentres-celebrada-en-el-poliesportiu-municipal\\\/#respond\"]}]},{\"@type\":\"WebPage\",\"@id\":\"https:\\\/\\\/www.santjoandalacant.es\\\/ca\\\/la-campiona-olimpica-isabel-fernandez-inaugura-la-i-olimpiada-intercentres-celebrada-en-el-poliesportiu-municipal\\\/\",\"url\":\"https:\\\/\\\/www.santjoandalacant.es\\\/ca\\\/la-campiona-olimpica-isabel-fernandez-inaugura-la-i-olimpiada-intercentres-celebrada-en-el-poliesportiu-municipal\\\/\",\"name\":\"La Campiona Ol\u00edmpica Isabel Fern\u00e1ndez inaugura la I Olimp\u00edada Intercentres celebrada en el Poliesportiu Municipal - Sant Joan d&#039;Alacant\",\"isPartOf\":{\"@id\":\"https:\\\/\\\/www.santjoandalacant.es\\\/ca\\\/#website\"},\"primaryImageOfPage\":{\"@id\":\"https:\\\/\\\/www.santjoandalacant.es\\\/ca\\\/la-campiona-olimpica-isabel-fernandez-inaugura-la-i-olimpiada-intercentres-celebrada-en-el-poliesportiu-municipal\\\/#primaryimage\"},\"image\":{\"@id\":\"https:\\\/\\\/www.santjoandalacant.es\\\/ca\\\/la-campiona-olimpica-isabel-fernandez-inaugura-la-i-olimpiada-intercentres-celebrada-en-el-poliesportiu-municipal\\\/#primaryimage\"},\"thumbnailUrl\":\"https:\\\/\\\/www.santjoandalacant.es\\\/wp-content\\\/uploads\\\/2017\\\/06\\\/olimpiada_isabel_fernandez_3.jpg\",\"datePublished\":\"2016-03-23T10:11:34+00:00\",\"breadcrumb\":{\"@id\":\"https:\\\/\\\/www.santjoandalacant.es\\\/ca\\\/la-campiona-olimpica-isabel-fernandez-inaugura-la-i-olimpiada-intercentres-celebrada-en-el-poliesportiu-municipal\\\/#breadcrumb\"},\"inLanguage\":\"va\",\"potentialAction\":[{\"@type\":\"ReadAction\",\"target\":[\"https:\\\/\\\/www.santjoandalacant.es\\\/ca\\\/la-campiona-olimpica-isabel-fernandez-inaugura-la-i-olimpiada-intercentres-celebrada-en-el-poliesportiu-municipal\\\/\"]}]},{\"@type\":\"ImageObject\",\"inLanguage\":\"va\",\"@id\":\"https:\\\/\\\/www.santjoandalacant.es\\\/ca\\\/la-campiona-olimpica-isabel-fernandez-inaugura-la-i-olimpiada-intercentres-celebrada-en-el-poliesportiu-municipal\\\/#primaryimage\",\"url\":\"https:\\\/\\\/www.santjoandalacant.es\\\/wp-content\\\/uploads\\\/2017\\\/06\\\/olimpiada_isabel_fernandez_3.jpg\",\"contentUrl\":\"https:\\\/\\\/www.santjoandalacant.es\\\/wp-content\\\/uploads\\\/2017\\\/06\\\/olimpiada_isabel_fernandez_3.jpg\",\"width\":1328,\"height\":747},{\"@type\":\"BreadcrumbList\",\"@id\":\"https:\\\/\\\/www.santjoandalacant.es\\\/ca\\\/la-campiona-olimpica-isabel-fernandez-inaugura-la-i-olimpiada-intercentres-celebrada-en-el-poliesportiu-municipal\\\/#breadcrumb\",\"itemListElement\":[{\"@type\":\"ListItem\",\"position\":1,\"name\":\"Inicio\",\"item\":\"https:\\\/\\\/www.santjoandalacant.es\\\/ca\\\/\"},{\"@type\":\"ListItem\",\"position\":2,\"name\":\"La Campiona Ol\u00edmpica Isabel Fern\u00e1ndez inaugura la I Olimp\u00edada Intercentres celebrada en el Poliesportiu Municipal\"}]},{\"@type\":\"WebSite\",\"@id\":\"https:\\\/\\\/www.santjoandalacant.es\\\/ca\\\/#website\",\"url\":\"https:\\\/\\\/www.santjoandalacant.es\\\/ca\\\/\",\"name\":\"Sant Joan d'Alacant\",\"description\":\"\",\"publisher\":{\"@id\":\"https:\\\/\\\/www.santjoandalacant.es\\\/ca\\\/#organization\"},\"potentialAction\":[{\"@type\":\"SearchAction\",\"target\":{\"@type\":\"EntryPoint\",\"urlTemplate\":\"https:\\\/\\\/www.santjoandalacant.es\\\/ca\\\/?s={search_term_string}\"},\"query-input\":{\"@type\":\"PropertyValueSpecification\",\"valueRequired\":true,\"valueName\":\"search_term_string\"}}],\"inLanguage\":\"va\"},{\"@type\":\"Organization\",\"@id\":\"https:\\\/\\\/www.santjoandalacant.es\\\/ca\\\/#organization\",\"name\":\"Sant Joan d'Alacant\",\"url\":\"https:\\\/\\\/www.santjoandalacant.es\\\/ca\\\/\",\"logo\":{\"@type\":\"ImageObject\",\"inLanguage\":\"va\",\"@id\":\"https:\\\/\\\/www.santjoandalacant.es\\\/ca\\\/#\\\/schema\\\/logo\\\/image\\\/\",\"url\":\"https:\\\/\\\/www.santjoandalacant.es\\\/wp-content\\\/uploads\\\/2023\\\/08\\\/logoSJ.png\",\"contentUrl\":\"https:\\\/\\\/www.santjoandalacant.es\\\/wp-content\\\/uploads\\\/2023\\\/08\\\/logoSJ.png\",\"width\":198,\"height\":253,\"caption\":\"Sant Joan d'Alacant\"},\"image\":{\"@id\":\"https:\\\/\\\/www.santjoandalacant.es\\\/ca\\\/#\\\/schema\\\/logo\\\/image\\\/\"},\"sameAs\":[\"https:\\\/\\\/www.facebook.com\\\/santjoandalacant\\\/\",\"https:\\\/\\\/www.instagram.com\\\/santjoandalacant\\\/\",\"https:\\\/\\\/www.youtube.com\\\/user\\\/santjoandalacant\"]},{\"@type\":\"Person\",\"@id\":\"https:\\\/\\\/www.santjoandalacant.es\\\/ca\\\/#\\\/schema\\\/person\\\/74b89bc7b26e6edafb76cd69420cd790\",\"name\":\"6tems\",\"image\":{\"@type\":\"ImageObject\",\"inLanguage\":\"va\",\"@id\":\"https:\\\/\\\/secure.gravatar.com\\\/avatar\\\/1c939d9bf86da56568327e5d52b159d089efba17cde140c49884e3fe77ef9c66?s=96&d=mm&r=g\",\"url\":\"https:\\\/\\\/secure.gravatar.com\\\/avatar\\\/1c939d9bf86da56568327e5d52b159d089efba17cde140c49884e3fe77ef9c66?s=96&d=mm&r=g\",\"contentUrl\":\"https:\\\/\\\/secure.gravatar.com\\\/avatar\\\/1c939d9bf86da56568327e5d52b159d089efba17cde140c49884e3fe77ef9c66?s=96&d=mm&r=g\",\"caption\":\"6tems\"},\"sameAs\":[\"https:\\\/\\\/www.santjoandalacant.es\"],\"url\":\"https:\\\/\\\/www.santjoandalacant.es\\\/ca\\\/author\\\/adminasap\\\/\"}]}<\/script>\n<!-- \/ Yoast SEO plugin. -->","yoast_head_json":{"title":"La Campiona Ol\u00edmpica Isabel Fern\u00e1ndez inaugura la I Olimp\u00edada Intercentres celebrada en el Poliesportiu Municipal - Sant Joan d&#039;Alacant","robots":{"index":"index","follow":"follow","max-snippet":"max-snippet:-1","max-image-preview":"max-image-preview:large","max-video-preview":"max-video-preview:-1"},"canonical":"https:\/\/www.santjoandalacant.es\/ca\/la-campiona-olimpica-isabel-fernandez-inaugura-la-i-olimpiada-intercentres-celebrada-en-el-poliesportiu-municipal\/","og_locale":"en_US","og_type":"article","og_title":"La Campiona Ol\u00edmpica Isabel Fern\u00e1ndez inaugura la I Olimp\u00edada Intercentres celebrada en el Poliesportiu Municipal - Sant Joan d&#039;Alacant","og_url":"https:\/\/www.santjoandalacant.es\/ca\/la-campiona-olimpica-isabel-fernandez-inaugura-la-i-olimpiada-intercentres-celebrada-en-el-poliesportiu-municipal\/","og_site_name":"Sant Joan d&#039;Alacant","article_publisher":"https:\/\/www.facebook.com\/santjoandalacant\/","article_published_time":"2016-03-23T10:11:34+00:00","og_image":[{"width":1328,"height":747,"url":"https:\/\/www.santjoandalacant.es\/wp-content\/uploads\/2017\/06\/olimpiada_isabel_fernandez_3.jpg","type":"image\/jpeg"}],"author":"6tems","twitter_card":"summary_large_image","twitter_misc":{"Written by":"6tems","Est. reading time":"2 minutes"},"schema":{"@context":"https:\/\/schema.org","@graph":[{"@type":"Article","@id":"https:\/\/www.santjoandalacant.es\/ca\/la-campiona-olimpica-isabel-fernandez-inaugura-la-i-olimpiada-intercentres-celebrada-en-el-poliesportiu-municipal\/#article","isPartOf":{"@id":"https:\/\/www.santjoandalacant.es\/ca\/la-campiona-olimpica-isabel-fernandez-inaugura-la-i-olimpiada-intercentres-celebrada-en-el-poliesportiu-municipal\/"},"author":{"name":"6tems","@id":"https:\/\/www.santjoandalacant.es\/ca\/#\/schema\/person\/74b89bc7b26e6edafb76cd69420cd790"},"headline":"La Campiona Ol\u00edmpica Isabel Fern\u00e1ndez inaugura la I Olimp\u00edada Intercentres celebrada en el Poliesportiu Municipal","datePublished":"2016-03-23T10:11:34+00:00","mainEntityOfPage":{"@id":"https:\/\/www.santjoandalacant.es\/ca\/la-campiona-olimpica-isabel-fernandez-inaugura-la-i-olimpiada-intercentres-celebrada-en-el-poliesportiu-municipal\/"},"wordCount":402,"commentCount":0,"publisher":{"@id":"https:\/\/www.santjoandalacant.es\/ca\/#organization"},"image":{"@id":"https:\/\/www.santjoandalacant.es\/ca\/la-campiona-olimpica-isabel-fernandez-inaugura-la-i-olimpiada-intercentres-celebrada-en-el-poliesportiu-municipal\/#primaryimage"},"thumbnailUrl":"https:\/\/www.santjoandalacant.es\/wp-content\/uploads\/2017\/06\/olimpiada_isabel_fernandez_3.jpg","articleSection":["Sin categorizar"],"inLanguage":"va","potentialAction":[{"@type":"CommentAction","name":"Comment","target":["https:\/\/www.santjoandalacant.es\/ca\/la-campiona-olimpica-isabel-fernandez-inaugura-la-i-olimpiada-intercentres-celebrada-en-el-poliesportiu-municipal\/#respond"]}]},{"@type":"WebPage","@id":"https:\/\/www.santjoandalacant.es\/ca\/la-campiona-olimpica-isabel-fernandez-inaugura-la-i-olimpiada-intercentres-celebrada-en-el-poliesportiu-municipal\/","url":"https:\/\/www.santjoandalacant.es\/ca\/la-campiona-olimpica-isabel-fernandez-inaugura-la-i-olimpiada-intercentres-celebrada-en-el-poliesportiu-municipal\/","name":"La Campiona Ol\u00edmpica Isabel Fern\u00e1ndez inaugura la I Olimp\u00edada Intercentres celebrada en el Poliesportiu Municipal - Sant Joan d&#039;Alacant","isPartOf":{"@id":"https:\/\/www.santjoandalacant.es\/ca\/#website"},"primaryImageOfPage":{"@id":"https:\/\/www.santjoandalacant.es\/ca\/la-campiona-olimpica-isabel-fernandez-inaugura-la-i-olimpiada-intercentres-celebrada-en-el-poliesportiu-municipal\/#primaryimage"},"image":{"@id":"https:\/\/www.santjoandalacant.es\/ca\/la-campiona-olimpica-isabel-fernandez-inaugura-la-i-olimpiada-intercentres-celebrada-en-el-poliesportiu-municipal\/#primaryimage"},"thumbnailUrl":"https:\/\/www.santjoandalacant.es\/wp-content\/uploads\/2017\/06\/olimpiada_isabel_fernandez_3.jpg","datePublished":"2016-03-23T10:11:34+00:00","breadcrumb":{"@id":"https:\/\/www.santjoandalacant.es\/ca\/la-campiona-olimpica-isabel-fernandez-inaugura-la-i-olimpiada-intercentres-celebrada-en-el-poliesportiu-municipal\/#breadcrumb"},"inLanguage":"va","potentialAction":[{"@type":"ReadAction","target":["https:\/\/www.santjoandalacant.es\/ca\/la-campiona-olimpica-isabel-fernandez-inaugura-la-i-olimpiada-intercentres-celebrada-en-el-poliesportiu-municipal\/"]}]},{"@type":"ImageObject","inLanguage":"va","@id":"https:\/\/www.santjoandalacant.es\/ca\/la-campiona-olimpica-isabel-fernandez-inaugura-la-i-olimpiada-intercentres-celebrada-en-el-poliesportiu-municipal\/#primaryimage","url":"https:\/\/www.santjoandalacant.es\/wp-content\/uploads\/2017\/06\/olimpiada_isabel_fernandez_3.jpg","contentUrl":"https:\/\/www.santjoandalacant.es\/wp-content\/uploads\/2017\/06\/olimpiada_isabel_fernandez_3.jpg","width":1328,"height":747},{"@type":"BreadcrumbList","@id":"https:\/\/www.santjoandalacant.es\/ca\/la-campiona-olimpica-isabel-fernandez-inaugura-la-i-olimpiada-intercentres-celebrada-en-el-poliesportiu-municipal\/#breadcrumb","itemListElement":[{"@type":"ListItem","position":1,"name":"Inicio","item":"https:\/\/www.santjoandalacant.es\/ca\/"},{"@type":"ListItem","position":2,"name":"La Campiona Ol\u00edmpica Isabel Fern\u00e1ndez inaugura la I Olimp\u00edada Intercentres celebrada en el Poliesportiu Municipal"}]},{"@type":"WebSite","@id":"https:\/\/www.santjoandalacant.es\/ca\/#website","url":"https:\/\/www.santjoandalacant.es\/ca\/","name":"Sant Joan d'Alacant","description":"","publisher":{"@id":"https:\/\/www.santjoandalacant.es\/ca\/#organization"},"potentialAction":[{"@type":"SearchAction","target":{"@type":"EntryPoint","urlTemplate":"https:\/\/www.santjoandalacant.es\/ca\/?s={search_term_string}"},"query-input":{"@type":"PropertyValueSpecification","valueRequired":true,"valueName":"search_term_string"}}],"inLanguage":"va"},{"@type":"Organization","@id":"https:\/\/www.santjoandalacant.es\/ca\/#organization","name":"Sant Joan d'Alacant","url":"https:\/\/www.santjoandalacant.es\/ca\/","logo":{"@type":"ImageObject","inLanguage":"va","@id":"https:\/\/www.santjoandalacant.es\/ca\/#\/schema\/logo\/image\/","url":"https:\/\/www.santjoandalacant.es\/wp-content\/uploads\/2023\/08\/logoSJ.png","contentUrl":"https:\/\/www.santjoandalacant.es\/wp-content\/uploads\/2023\/08\/logoSJ.png","width":198,"height":253,"caption":"Sant Joan d'Alacant"},"image":{"@id":"https:\/\/www.santjoandalacant.es\/ca\/#\/schema\/logo\/image\/"},"sameAs":["https:\/\/www.facebook.com\/santjoandalacant\/","https:\/\/www.instagram.com\/santjoandalacant\/","https:\/\/www.youtube.com\/user\/santjoandalacant"]},{"@type":"Person","@id":"https:\/\/www.santjoandalacant.es\/ca\/#\/schema\/person\/74b89bc7b26e6edafb76cd69420cd790","name":"6tems","image":{"@type":"ImageObject","inLanguage":"va","@id":"https:\/\/secure.gravatar.com\/avatar\/1c939d9bf86da56568327e5d52b159d089efba17cde140c49884e3fe77ef9c66?s=96&d=mm&r=g","url":"https:\/\/secure.gravatar.com\/avatar\/1c939d9bf86da56568327e5d52b159d089efba17cde140c49884e3fe77ef9c66?s=96&d=mm&r=g","contentUrl":"https:\/\/secure.gravatar.com\/avatar\/1c939d9bf86da56568327e5d52b159d089efba17cde140c49884e3fe77ef9c66?s=96&d=mm&r=g","caption":"6tems"},"sameAs":["https:\/\/www.santjoandalacant.es"],"url":"https:\/\/www.santjoandalacant.es\/ca\/author\/adminasap\/"}]}},"_links":{"self":[{"href":"https:\/\/www.santjoandalacant.es\/ca\/wp-json\/wp\/v2\/posts\/76269","targetHints":{"allow":["GET"]}}],"collection":[{"href":"https:\/\/www.santjoandalacant.es\/ca\/wp-json\/wp\/v2\/posts"}],"about":[{"href":"https:\/\/www.santjoandalacant.es\/ca\/wp-json\/wp\/v2\/types\/post"}],"author":[{"embeddable":true,"href":"https:\/\/www.santjoandalacant.es\/ca\/wp-json\/wp\/v2\/users\/1"}],"replies":[{"embeddable":true,"href":"https:\/\/www.santjoandalacant.es\/ca\/wp-json\/wp\/v2\/comments?post=76269"}],"version-history":[{"count":0,"href":"https:\/\/www.santjoandalacant.es\/ca\/wp-json\/wp\/v2\/posts\/76269\/revisions"}],"wp:featuredmedia":[{"embeddable":true,"href":"https:\/\/www.santjoandalacant.es\/ca\/wp-json\/wp\/v2\/media\/26794"}],"wp:attachment":[{"href":"https:\/\/www.santjoandalacant.es\/ca\/wp-json\/wp\/v2\/media?parent=76269"}],"wp:term":[{"taxonomy":"category","embeddable":true,"href":"https:\/\/www.santjoandalacant.es\/ca\/wp-json\/wp\/v2\/categories?post=76269"},{"taxonomy":"post_tag","embeddable":true,"href":"https:\/\/www.santjoandalacant.es\/ca\/wp-json\/wp\/v2\/tags?post=76269"},{"taxonomy":"areas","embeddable":true,"href":"https:\/\/www.santjoandalacant.es\/ca\/wp-json\/wp\/v2\/areas?post=76269"}],"curies":[{"name":"wp","href":"https:\/\/api.w.org\/{rel}","templated":true}]}}