{"id":76283,"date":"2016-03-19T00:20:10","date_gmt":"2016-03-19T00:20:10","guid":{"rendered":"https:\/\/santjoan.developersasapglobalsolution.com\/lorfeo-san-juan-i-la-societat-la-paz-interpreten-este-dissabte-la-composicio-polifonica-centenaria-del-cant-dels-dolors\/"},"modified":"2016-03-19T00:20:10","modified_gmt":"2016-03-19T00:20:10","slug":"lorfeo-san-juan-i-la-societat-la-paz-interpreten-este-dissabte-la-composicio-polifonica-centenaria-del-cant-dels-dolors","status":"publish","type":"post","link":"https:\/\/www.santjoandalacant.es\/ca\/lorfeo-san-juan-i-la-societat-la-paz-interpreten-este-dissabte-la-composicio-polifonica-centenaria-del-cant-dels-dolors\/","title":{"rendered":"L&#8217;Orfe\u00f3 San Juan i la Societat La Paz interpreten este dissabte la composici\u00f3 polif\u00f2nica centen\u00e0ria del Cant dels Dolors"},"content":{"rendered":"<p>Enguany, la direcci\u00f3 musical de la preg\u00e0ria creada per Go\u00f1i, i conservada fins als nostres dies pel poble de Sant Joan d&#8217;Alacant, \u00e9s a c\u00e0rrec de l&#8217;actual director de l&#8217;Orfe\u00f3 Sant Joan, Rodrigo Cal\u00e7ada, a qui ha convidat la Junta Mayor de Cofrad\u00edas y Hermandades s a dirigir als 70 m\u00fasics, entre els cantants de l&#8217;Orfe\u00f3 Sant Joan i el grup d&#8217;alumnes del Conservatori Professional de M\u00fasica \u2018Vila de Sant Joan&#8217; de la Societat Musical La Pau, que interpretaran el Cant dels Dolors. Fa uns danys, la Junta Mayor va obrir una etapa, en la qual convida cada any a m\u00fasics o directors i els ofereix la possibilitat de participar en la interpretaci\u00f3 d&#8217;aquesta preg\u00e0ria, considerada com el llegat m\u00e9s important de la m\u00fasica religiosa i popular de Sant Joan. Minuts abans de comen\u00e7ar el Cant dels Dolors, a les 19.00 hores tindr\u00e0 lloc l&#8217;Eucaristia, on predicar\u00e0 el Rector de la Nostra Senyora del Carmen (Alacant) i Consiliario de C\u00e0rites Diocesana, Jos\u00e9 Conejero Tom\u00e1s. La Junta Mayor tamb\u00e9 ha pensat de forma especial en ell per a predicar l&#8217;Homilia dels Dolors, en tractar-se de l&#8217;Any Jubilar de la Miseric\u00f2rdia i ser Jos\u00e9 Conejero el sacerdot consiliario de C\u00e0rites Diocesana. La missa la co-oficiaran el rector de Sant Joan Baptista, Roque Carlos Jim\u00e9nez, el vicari parroquial, Eduardo Lorenzo, i el sacerdot adscrit a la Parr\u00f2quia, Antonio Gonz\u00e1lez.<br \/>\nEl director coral Rodrigo Calzada Pe\u00f1a \u00e9s Diplomat en Magisteri en l&#8217;especialitat d&#8217;Educaci\u00f3 Musical, Llicenciat en Pedagogia i M\u00e0ster d&#8217;Educaci\u00f3 i Societat Inclusives per la Universitat de Burgos. Va finalitzar els estudis de Grau Mitj\u00e0 en l&#8217;especialitat de Violoncello en el Conservatori de Burgos on tamb\u00e9 ha realitzat estudis de cant. Ha dirigit nombrosos cors a Burgos cabdal i de llarg a llarg de la seua prov\u00edncia com s\u00f3n: la Coral Melgarense (2002-2014), la coral Veus de l&#8217;Arlanz\u00f3n (2002-2005), l&#8217;Orfe\u00f3 Arandino (2008-2009) i el Cor de la Universitat de Burgos (2008-2014).<br \/>\nHa tingut el privilegi de ser director preparador del Cor de la FECOBUR (Federaci\u00f3 de Cors de Burgos) per al concert que es va celebrar en el F\u00f3rum al maig de 2013, dins dels actes commemoratius del 200 Aniversari del naixement de Verdi i Wagner. Actualment, establit ja a M\u00farcia, est\u00e0 cursant el Grau Superior en Adre\u00e7a Coral amb el mestre \u00c1ngel Matute, activitat que compagina amb l&#8217;adre\u00e7a de l&#8217;Orfe\u00f3 de Sant Joan d&#8217;Alacant.<br \/>\nAmb independ\u00e8ncia de qui siga el director, la qual cosa no canvia \u00e9s que els \u2018Dolors&#8217; s&#8217;interpretaran davant de tot el poble, i que com \u00e9s tradicional, des de fa m\u00e9s de cent anys, el \u2018sou&#8217; que se&#8217;ls pagar\u00e0 als m\u00fasics ser\u00e0 una dotzena d&#8217;ous. Les dades a prop de la primera representaci\u00f3 del Cant dels Dolors daten de finals del segle XIX. Originalment es cantaven &#8216;a capella&#8217; i no es t\u00e9 certesa que qualsevol instrument o grup instrumental, del que s&#8217;hagueren perdut les partitures, acompanyara a les veus, en concret, per veus greus. En 1997, la Junta Mayor de Cofrad\u00edas de Semana Santa de Sant Joan va impulsar, gr\u00e0cies a la col\u00b7laboraci\u00f3 de M\u00aa Dolores Caturla i el mestre Antonio Climent, la recuperaci\u00f3 de la composici\u00f3 del mestre Juan Go\u00f1i, un m\u00fasic natural de Salvatierra (\u00c0laba) que va viure a Sant Joan els anys finals de la seua vida (va morir precisament en 1884, possiblement poc despr\u00e9s d&#8217;estrenar el Cant dels Dolors).<br \/>\nEn els \u00faltims anys, l&#8217;ex director de l&#8217;Orfe\u00f3 Sant Joan, Alberto Alcaraz Pastor va realitzar l&#8217;adaptaci\u00f3 a quatre veus mixtes i banda, que \u00e9s com s&#8217;interpreten en l&#8217;actualitat pel propi Orfe\u00f3 i una secci\u00f3 de la Societat Musical La Pau. L&#8217;obra, originalment, presentava unes caracter\u00edstiques molt similars a les d&#8217;altres &#8216;Dolors&#8217; a la Verge, enquadrats en la tradici\u00f3 mariana europea popular, \u00edntimament emparentada amb el Viacrucis, i l&#8217;origen del qual es troba en la baixa Edat Mitjana. Amb una estructura predominantment homof\u00f3nica, amb unes harmonies senzilles, carregades de lirisme i descrites en to menor, els elements de cada estaci\u00f3 (dolor) es troben descrits en la B\u00edblia (Evangelis) seguint els moments m\u00e9s dram\u00e0tics de la vida de Mar\u00eda.<\/p>\n","protected":false},"excerpt":{"rendered":"<p>Enguany, la direcci\u00f3 musical de la preg\u00e0ria creada per Go\u00f1i, i conservada fins als nostres dies pel poble de Sant Joan d&#8217;Alacant, \u00e9s a c\u00e0rrec de l&#8217;actual director de l&#8217;Orfe\u00f3 Sant Joan, Rodrigo Cal\u00e7ada, a qui ha convidat la Junta Mayor de Cofrad\u00edas y Hermandades s a dirigir als 70 m\u00fasics, entre els cantants de l&#8217;Orfe\u00f3 Sant Joan i el grup d&#8217;alumnes del Conservatori Professional de M\u00fasica \u2018Vila de Sant Joan&#8217; de la Societat Musical La Pau, que interpretaran el Cant dels Dolors.<\/p>\n","protected":false},"author":1,"featured_media":26931,"comment_status":"open","ping_status":"open","sticky":false,"template":"","format":"standard","meta":{"_acf_changed":false,"rs_blank_template":"","rs_page_bg_color":"","slide_template_v7":"","footnotes":""},"categories":[1],"tags":[],"areas":[1001],"class_list":["post-76283","post","type-post","status-publish","format-standard","has-post-thumbnail","hentry","category-sin-categorizar","areas-fiestas-ca"],"acf":[],"yoast_head":"<!-- This site is optimized with the Yoast SEO plugin v28.2 - https:\/\/yoast.com\/product\/yoast-seo-wordpress\/ -->\n<title>L&#039;Orfe\u00f3 San Juan i la Societat La Paz interpreten este dissabte la composici\u00f3 polif\u00f2nica centen\u00e0ria del Cant dels Dolors - Sant Joan d&#039;Alacant<\/title>\n<meta name=\"robots\" content=\"index, follow, max-snippet:-1, max-image-preview:large, max-video-preview:-1\" \/>\n<link rel=\"canonical\" href=\"https:\/\/www.santjoandalacant.es\/ca\/lorfeo-san-juan-i-la-societat-la-paz-interpreten-este-dissabte-la-composicio-polifonica-centenaria-del-cant-dels-dolors\/\" \/>\n<meta property=\"og:locale\" content=\"en_US\" \/>\n<meta property=\"og:type\" content=\"article\" \/>\n<meta property=\"og:title\" content=\"L&#039;Orfe\u00f3 San Juan i la Societat La Paz interpreten este dissabte la composici\u00f3 polif\u00f2nica centen\u00e0ria del Cant dels Dolors - Sant Joan d&#039;Alacant\" \/>\n<meta property=\"og:description\" content=\"Enguany, la direcci\u00f3 musical de la preg\u00e0ria creada per Go\u00f1i, i conservada fins als nostres dies pel poble de Sant Joan d&#039;Alacant, \u00e9s a c\u00e0rrec de l&#039;actual director de l&#039;Orfe\u00f3 Sant Joan, Rodrigo Cal\u00e7ada, a qui ha convidat la Junta Mayor de Cofrad\u00edas y Hermandades s a dirigir als 70 m\u00fasics, entre els cantants de l&#039;Orfe\u00f3 Sant Joan i el grup d&#039;alumnes del Conservatori Professional de M\u00fasica \u2018Vila de Sant Joan&#039; de la Societat Musical La Pau, que interpretaran el Cant dels Dolors.\" \/>\n<meta property=\"og:url\" content=\"https:\/\/www.santjoandalacant.es\/ca\/lorfeo-san-juan-i-la-societat-la-paz-interpreten-este-dissabte-la-composicio-polifonica-centenaria-del-cant-dels-dolors\/\" \/>\n<meta property=\"og:site_name\" content=\"Sant Joan d&#039;Alacant\" \/>\n<meta property=\"article:publisher\" content=\"https:\/\/www.facebook.com\/santjoandalacant\/\" \/>\n<meta property=\"article:published_time\" content=\"2016-03-19T00:20:10+00:00\" \/>\n<meta property=\"og:image\" content=\"https:\/\/www.santjoandalacant.es\/wp-content\/uploads\/2017\/06\/cartel_canto_dolores_2016_OK-scaled.jpg\" \/>\n\t<meta property=\"og:image:width\" content=\"1811\" \/>\n\t<meta property=\"og:image:height\" content=\"2560\" \/>\n\t<meta property=\"og:image:type\" content=\"image\/jpeg\" \/>\n<meta name=\"author\" content=\"6tems\" \/>\n<meta name=\"twitter:card\" content=\"summary_large_image\" \/>\n<meta name=\"twitter:label1\" content=\"Written by\" \/>\n\t<meta name=\"twitter:data1\" content=\"6tems\" \/>\n\t<meta name=\"twitter:label2\" content=\"Est. reading time\" \/>\n\t<meta name=\"twitter:data2\" content=\"4 minutes\" \/>\n<script type=\"application\/ld+json\" class=\"yoast-schema-graph\">{\"@context\":\"https:\\\/\\\/schema.org\",\"@graph\":[{\"@type\":\"Article\",\"@id\":\"https:\\\/\\\/www.santjoandalacant.es\\\/ca\\\/lorfeo-san-juan-i-la-societat-la-paz-interpreten-este-dissabte-la-composicio-polifonica-centenaria-del-cant-dels-dolors\\\/#article\",\"isPartOf\":{\"@id\":\"https:\\\/\\\/www.santjoandalacant.es\\\/ca\\\/lorfeo-san-juan-i-la-societat-la-paz-interpreten-este-dissabte-la-composicio-polifonica-centenaria-del-cant-dels-dolors\\\/\"},\"author\":{\"name\":\"6tems\",\"@id\":\"https:\\\/\\\/www.santjoandalacant.es\\\/ca\\\/#\\\/schema\\\/person\\\/74b89bc7b26e6edafb76cd69420cd790\"},\"headline\":\"L&#8217;Orfe\u00f3 San Juan i la Societat La Paz interpreten este dissabte la composici\u00f3 polif\u00f2nica centen\u00e0ria del Cant dels Dolors\",\"datePublished\":\"2016-03-19T00:20:10+00:00\",\"mainEntityOfPage\":{\"@id\":\"https:\\\/\\\/www.santjoandalacant.es\\\/ca\\\/lorfeo-san-juan-i-la-societat-la-paz-interpreten-este-dissabte-la-composicio-polifonica-centenaria-del-cant-dels-dolors\\\/\"},\"wordCount\":761,\"commentCount\":0,\"publisher\":{\"@id\":\"https:\\\/\\\/www.santjoandalacant.es\\\/ca\\\/#organization\"},\"image\":{\"@id\":\"https:\\\/\\\/www.santjoandalacant.es\\\/ca\\\/lorfeo-san-juan-i-la-societat-la-paz-interpreten-este-dissabte-la-composicio-polifonica-centenaria-del-cant-dels-dolors\\\/#primaryimage\"},\"thumbnailUrl\":\"https:\\\/\\\/www.santjoandalacant.es\\\/wp-content\\\/uploads\\\/2017\\\/06\\\/cartel_canto_dolores_2016_OK-scaled.jpg\",\"articleSection\":[\"Sin categorizar\"],\"inLanguage\":\"va\",\"potentialAction\":[{\"@type\":\"CommentAction\",\"name\":\"Comment\",\"target\":[\"https:\\\/\\\/www.santjoandalacant.es\\\/ca\\\/lorfeo-san-juan-i-la-societat-la-paz-interpreten-este-dissabte-la-composicio-polifonica-centenaria-del-cant-dels-dolors\\\/#respond\"]}]},{\"@type\":\"WebPage\",\"@id\":\"https:\\\/\\\/www.santjoandalacant.es\\\/ca\\\/lorfeo-san-juan-i-la-societat-la-paz-interpreten-este-dissabte-la-composicio-polifonica-centenaria-del-cant-dels-dolors\\\/\",\"url\":\"https:\\\/\\\/www.santjoandalacant.es\\\/ca\\\/lorfeo-san-juan-i-la-societat-la-paz-interpreten-este-dissabte-la-composicio-polifonica-centenaria-del-cant-dels-dolors\\\/\",\"name\":\"L'Orfe\u00f3 San Juan i la Societat La Paz interpreten este dissabte la composici\u00f3 polif\u00f2nica centen\u00e0ria del Cant dels Dolors - Sant Joan d&#039;Alacant\",\"isPartOf\":{\"@id\":\"https:\\\/\\\/www.santjoandalacant.es\\\/ca\\\/#website\"},\"primaryImageOfPage\":{\"@id\":\"https:\\\/\\\/www.santjoandalacant.es\\\/ca\\\/lorfeo-san-juan-i-la-societat-la-paz-interpreten-este-dissabte-la-composicio-polifonica-centenaria-del-cant-dels-dolors\\\/#primaryimage\"},\"image\":{\"@id\":\"https:\\\/\\\/www.santjoandalacant.es\\\/ca\\\/lorfeo-san-juan-i-la-societat-la-paz-interpreten-este-dissabte-la-composicio-polifonica-centenaria-del-cant-dels-dolors\\\/#primaryimage\"},\"thumbnailUrl\":\"https:\\\/\\\/www.santjoandalacant.es\\\/wp-content\\\/uploads\\\/2017\\\/06\\\/cartel_canto_dolores_2016_OK-scaled.jpg\",\"datePublished\":\"2016-03-19T00:20:10+00:00\",\"breadcrumb\":{\"@id\":\"https:\\\/\\\/www.santjoandalacant.es\\\/ca\\\/lorfeo-san-juan-i-la-societat-la-paz-interpreten-este-dissabte-la-composicio-polifonica-centenaria-del-cant-dels-dolors\\\/#breadcrumb\"},\"inLanguage\":\"va\",\"potentialAction\":[{\"@type\":\"ReadAction\",\"target\":[\"https:\\\/\\\/www.santjoandalacant.es\\\/ca\\\/lorfeo-san-juan-i-la-societat-la-paz-interpreten-este-dissabte-la-composicio-polifonica-centenaria-del-cant-dels-dolors\\\/\"]}]},{\"@type\":\"ImageObject\",\"inLanguage\":\"va\",\"@id\":\"https:\\\/\\\/www.santjoandalacant.es\\\/ca\\\/lorfeo-san-juan-i-la-societat-la-paz-interpreten-este-dissabte-la-composicio-polifonica-centenaria-del-cant-dels-dolors\\\/#primaryimage\",\"url\":\"https:\\\/\\\/www.santjoandalacant.es\\\/wp-content\\\/uploads\\\/2017\\\/06\\\/cartel_canto_dolores_2016_OK-scaled.jpg\",\"contentUrl\":\"https:\\\/\\\/www.santjoandalacant.es\\\/wp-content\\\/uploads\\\/2017\\\/06\\\/cartel_canto_dolores_2016_OK-scaled.jpg\",\"width\":1811,\"height\":2560},{\"@type\":\"BreadcrumbList\",\"@id\":\"https:\\\/\\\/www.santjoandalacant.es\\\/ca\\\/lorfeo-san-juan-i-la-societat-la-paz-interpreten-este-dissabte-la-composicio-polifonica-centenaria-del-cant-dels-dolors\\\/#breadcrumb\",\"itemListElement\":[{\"@type\":\"ListItem\",\"position\":1,\"name\":\"Inicio\",\"item\":\"https:\\\/\\\/www.santjoandalacant.es\\\/ca\\\/\"},{\"@type\":\"ListItem\",\"position\":2,\"name\":\"L&#8217;Orfe\u00f3 San Juan i la Societat La Paz interpreten este dissabte la composici\u00f3 polif\u00f2nica centen\u00e0ria del Cant dels Dolors\"}]},{\"@type\":\"WebSite\",\"@id\":\"https:\\\/\\\/www.santjoandalacant.es\\\/ca\\\/#website\",\"url\":\"https:\\\/\\\/www.santjoandalacant.es\\\/ca\\\/\",\"name\":\"Sant Joan d'Alacant\",\"description\":\"\",\"publisher\":{\"@id\":\"https:\\\/\\\/www.santjoandalacant.es\\\/ca\\\/#organization\"},\"potentialAction\":[{\"@type\":\"SearchAction\",\"target\":{\"@type\":\"EntryPoint\",\"urlTemplate\":\"https:\\\/\\\/www.santjoandalacant.es\\\/ca\\\/?s={search_term_string}\"},\"query-input\":{\"@type\":\"PropertyValueSpecification\",\"valueRequired\":true,\"valueName\":\"search_term_string\"}}],\"inLanguage\":\"va\"},{\"@type\":\"Organization\",\"@id\":\"https:\\\/\\\/www.santjoandalacant.es\\\/ca\\\/#organization\",\"name\":\"Sant Joan d'Alacant\",\"url\":\"https:\\\/\\\/www.santjoandalacant.es\\\/ca\\\/\",\"logo\":{\"@type\":\"ImageObject\",\"inLanguage\":\"va\",\"@id\":\"https:\\\/\\\/www.santjoandalacant.es\\\/ca\\\/#\\\/schema\\\/logo\\\/image\\\/\",\"url\":\"https:\\\/\\\/www.santjoandalacant.es\\\/wp-content\\\/uploads\\\/2023\\\/08\\\/logoSJ.png\",\"contentUrl\":\"https:\\\/\\\/www.santjoandalacant.es\\\/wp-content\\\/uploads\\\/2023\\\/08\\\/logoSJ.png\",\"width\":198,\"height\":253,\"caption\":\"Sant Joan d'Alacant\"},\"image\":{\"@id\":\"https:\\\/\\\/www.santjoandalacant.es\\\/ca\\\/#\\\/schema\\\/logo\\\/image\\\/\"},\"sameAs\":[\"https:\\\/\\\/www.facebook.com\\\/santjoandalacant\\\/\",\"https:\\\/\\\/www.instagram.com\\\/santjoandalacant\\\/\",\"https:\\\/\\\/www.youtube.com\\\/user\\\/santjoandalacant\"]},{\"@type\":\"Person\",\"@id\":\"https:\\\/\\\/www.santjoandalacant.es\\\/ca\\\/#\\\/schema\\\/person\\\/74b89bc7b26e6edafb76cd69420cd790\",\"name\":\"6tems\",\"image\":{\"@type\":\"ImageObject\",\"inLanguage\":\"va\",\"@id\":\"https:\\\/\\\/secure.gravatar.com\\\/avatar\\\/1c939d9bf86da56568327e5d52b159d089efba17cde140c49884e3fe77ef9c66?s=96&d=mm&r=g\",\"url\":\"https:\\\/\\\/secure.gravatar.com\\\/avatar\\\/1c939d9bf86da56568327e5d52b159d089efba17cde140c49884e3fe77ef9c66?s=96&d=mm&r=g\",\"contentUrl\":\"https:\\\/\\\/secure.gravatar.com\\\/avatar\\\/1c939d9bf86da56568327e5d52b159d089efba17cde140c49884e3fe77ef9c66?s=96&d=mm&r=g\",\"caption\":\"6tems\"},\"sameAs\":[\"https:\\\/\\\/www.santjoandalacant.es\"],\"url\":\"https:\\\/\\\/www.santjoandalacant.es\\\/ca\\\/author\\\/adminasap\\\/\"}]}<\/script>\n<!-- \/ Yoast SEO plugin. -->","yoast_head_json":{"title":"L'Orfe\u00f3 San Juan i la Societat La Paz interpreten este dissabte la composici\u00f3 polif\u00f2nica centen\u00e0ria del Cant dels Dolors - Sant Joan d&#039;Alacant","robots":{"index":"index","follow":"follow","max-snippet":"max-snippet:-1","max-image-preview":"max-image-preview:large","max-video-preview":"max-video-preview:-1"},"canonical":"https:\/\/www.santjoandalacant.es\/ca\/lorfeo-san-juan-i-la-societat-la-paz-interpreten-este-dissabte-la-composicio-polifonica-centenaria-del-cant-dels-dolors\/","og_locale":"en_US","og_type":"article","og_title":"L'Orfe\u00f3 San Juan i la Societat La Paz interpreten este dissabte la composici\u00f3 polif\u00f2nica centen\u00e0ria del Cant dels Dolors - Sant Joan d&#039;Alacant","og_description":"Enguany, la direcci\u00f3 musical de la preg\u00e0ria creada per Go\u00f1i, i conservada fins als nostres dies pel poble de Sant Joan d'Alacant, \u00e9s a c\u00e0rrec de l'actual director de l'Orfe\u00f3 Sant Joan, Rodrigo Cal\u00e7ada, a qui ha convidat la Junta Mayor de Cofrad\u00edas y Hermandades s a dirigir als 70 m\u00fasics, entre els cantants de l'Orfe\u00f3 Sant Joan i el grup d'alumnes del Conservatori Professional de M\u00fasica \u2018Vila de Sant Joan' de la Societat Musical La Pau, que interpretaran el Cant dels Dolors.","og_url":"https:\/\/www.santjoandalacant.es\/ca\/lorfeo-san-juan-i-la-societat-la-paz-interpreten-este-dissabte-la-composicio-polifonica-centenaria-del-cant-dels-dolors\/","og_site_name":"Sant Joan d&#039;Alacant","article_publisher":"https:\/\/www.facebook.com\/santjoandalacant\/","article_published_time":"2016-03-19T00:20:10+00:00","og_image":[{"width":1811,"height":2560,"url":"https:\/\/www.santjoandalacant.es\/wp-content\/uploads\/2017\/06\/cartel_canto_dolores_2016_OK-scaled.jpg","type":"image\/jpeg"}],"author":"6tems","twitter_card":"summary_large_image","twitter_misc":{"Written by":"6tems","Est. reading time":"4 minutes"},"schema":{"@context":"https:\/\/schema.org","@graph":[{"@type":"Article","@id":"https:\/\/www.santjoandalacant.es\/ca\/lorfeo-san-juan-i-la-societat-la-paz-interpreten-este-dissabte-la-composicio-polifonica-centenaria-del-cant-dels-dolors\/#article","isPartOf":{"@id":"https:\/\/www.santjoandalacant.es\/ca\/lorfeo-san-juan-i-la-societat-la-paz-interpreten-este-dissabte-la-composicio-polifonica-centenaria-del-cant-dels-dolors\/"},"author":{"name":"6tems","@id":"https:\/\/www.santjoandalacant.es\/ca\/#\/schema\/person\/74b89bc7b26e6edafb76cd69420cd790"},"headline":"L&#8217;Orfe\u00f3 San Juan i la Societat La Paz interpreten este dissabte la composici\u00f3 polif\u00f2nica centen\u00e0ria del Cant dels Dolors","datePublished":"2016-03-19T00:20:10+00:00","mainEntityOfPage":{"@id":"https:\/\/www.santjoandalacant.es\/ca\/lorfeo-san-juan-i-la-societat-la-paz-interpreten-este-dissabte-la-composicio-polifonica-centenaria-del-cant-dels-dolors\/"},"wordCount":761,"commentCount":0,"publisher":{"@id":"https:\/\/www.santjoandalacant.es\/ca\/#organization"},"image":{"@id":"https:\/\/www.santjoandalacant.es\/ca\/lorfeo-san-juan-i-la-societat-la-paz-interpreten-este-dissabte-la-composicio-polifonica-centenaria-del-cant-dels-dolors\/#primaryimage"},"thumbnailUrl":"https:\/\/www.santjoandalacant.es\/wp-content\/uploads\/2017\/06\/cartel_canto_dolores_2016_OK-scaled.jpg","articleSection":["Sin categorizar"],"inLanguage":"va","potentialAction":[{"@type":"CommentAction","name":"Comment","target":["https:\/\/www.santjoandalacant.es\/ca\/lorfeo-san-juan-i-la-societat-la-paz-interpreten-este-dissabte-la-composicio-polifonica-centenaria-del-cant-dels-dolors\/#respond"]}]},{"@type":"WebPage","@id":"https:\/\/www.santjoandalacant.es\/ca\/lorfeo-san-juan-i-la-societat-la-paz-interpreten-este-dissabte-la-composicio-polifonica-centenaria-del-cant-dels-dolors\/","url":"https:\/\/www.santjoandalacant.es\/ca\/lorfeo-san-juan-i-la-societat-la-paz-interpreten-este-dissabte-la-composicio-polifonica-centenaria-del-cant-dels-dolors\/","name":"L'Orfe\u00f3 San Juan i la Societat La Paz interpreten este dissabte la composici\u00f3 polif\u00f2nica centen\u00e0ria del Cant dels Dolors - Sant Joan d&#039;Alacant","isPartOf":{"@id":"https:\/\/www.santjoandalacant.es\/ca\/#website"},"primaryImageOfPage":{"@id":"https:\/\/www.santjoandalacant.es\/ca\/lorfeo-san-juan-i-la-societat-la-paz-interpreten-este-dissabte-la-composicio-polifonica-centenaria-del-cant-dels-dolors\/#primaryimage"},"image":{"@id":"https:\/\/www.santjoandalacant.es\/ca\/lorfeo-san-juan-i-la-societat-la-paz-interpreten-este-dissabte-la-composicio-polifonica-centenaria-del-cant-dels-dolors\/#primaryimage"},"thumbnailUrl":"https:\/\/www.santjoandalacant.es\/wp-content\/uploads\/2017\/06\/cartel_canto_dolores_2016_OK-scaled.jpg","datePublished":"2016-03-19T00:20:10+00:00","breadcrumb":{"@id":"https:\/\/www.santjoandalacant.es\/ca\/lorfeo-san-juan-i-la-societat-la-paz-interpreten-este-dissabte-la-composicio-polifonica-centenaria-del-cant-dels-dolors\/#breadcrumb"},"inLanguage":"va","potentialAction":[{"@type":"ReadAction","target":["https:\/\/www.santjoandalacant.es\/ca\/lorfeo-san-juan-i-la-societat-la-paz-interpreten-este-dissabte-la-composicio-polifonica-centenaria-del-cant-dels-dolors\/"]}]},{"@type":"ImageObject","inLanguage":"va","@id":"https:\/\/www.santjoandalacant.es\/ca\/lorfeo-san-juan-i-la-societat-la-paz-interpreten-este-dissabte-la-composicio-polifonica-centenaria-del-cant-dels-dolors\/#primaryimage","url":"https:\/\/www.santjoandalacant.es\/wp-content\/uploads\/2017\/06\/cartel_canto_dolores_2016_OK-scaled.jpg","contentUrl":"https:\/\/www.santjoandalacant.es\/wp-content\/uploads\/2017\/06\/cartel_canto_dolores_2016_OK-scaled.jpg","width":1811,"height":2560},{"@type":"BreadcrumbList","@id":"https:\/\/www.santjoandalacant.es\/ca\/lorfeo-san-juan-i-la-societat-la-paz-interpreten-este-dissabte-la-composicio-polifonica-centenaria-del-cant-dels-dolors\/#breadcrumb","itemListElement":[{"@type":"ListItem","position":1,"name":"Inicio","item":"https:\/\/www.santjoandalacant.es\/ca\/"},{"@type":"ListItem","position":2,"name":"L&#8217;Orfe\u00f3 San Juan i la Societat La Paz interpreten este dissabte la composici\u00f3 polif\u00f2nica centen\u00e0ria del Cant dels Dolors"}]},{"@type":"WebSite","@id":"https:\/\/www.santjoandalacant.es\/ca\/#website","url":"https:\/\/www.santjoandalacant.es\/ca\/","name":"Sant Joan d'Alacant","description":"","publisher":{"@id":"https:\/\/www.santjoandalacant.es\/ca\/#organization"},"potentialAction":[{"@type":"SearchAction","target":{"@type":"EntryPoint","urlTemplate":"https:\/\/www.santjoandalacant.es\/ca\/?s={search_term_string}"},"query-input":{"@type":"PropertyValueSpecification","valueRequired":true,"valueName":"search_term_string"}}],"inLanguage":"va"},{"@type":"Organization","@id":"https:\/\/www.santjoandalacant.es\/ca\/#organization","name":"Sant Joan d'Alacant","url":"https:\/\/www.santjoandalacant.es\/ca\/","logo":{"@type":"ImageObject","inLanguage":"va","@id":"https:\/\/www.santjoandalacant.es\/ca\/#\/schema\/logo\/image\/","url":"https:\/\/www.santjoandalacant.es\/wp-content\/uploads\/2023\/08\/logoSJ.png","contentUrl":"https:\/\/www.santjoandalacant.es\/wp-content\/uploads\/2023\/08\/logoSJ.png","width":198,"height":253,"caption":"Sant Joan d'Alacant"},"image":{"@id":"https:\/\/www.santjoandalacant.es\/ca\/#\/schema\/logo\/image\/"},"sameAs":["https:\/\/www.facebook.com\/santjoandalacant\/","https:\/\/www.instagram.com\/santjoandalacant\/","https:\/\/www.youtube.com\/user\/santjoandalacant"]},{"@type":"Person","@id":"https:\/\/www.santjoandalacant.es\/ca\/#\/schema\/person\/74b89bc7b26e6edafb76cd69420cd790","name":"6tems","image":{"@type":"ImageObject","inLanguage":"va","@id":"https:\/\/secure.gravatar.com\/avatar\/1c939d9bf86da56568327e5d52b159d089efba17cde140c49884e3fe77ef9c66?s=96&d=mm&r=g","url":"https:\/\/secure.gravatar.com\/avatar\/1c939d9bf86da56568327e5d52b159d089efba17cde140c49884e3fe77ef9c66?s=96&d=mm&r=g","contentUrl":"https:\/\/secure.gravatar.com\/avatar\/1c939d9bf86da56568327e5d52b159d089efba17cde140c49884e3fe77ef9c66?s=96&d=mm&r=g","caption":"6tems"},"sameAs":["https:\/\/www.santjoandalacant.es"],"url":"https:\/\/www.santjoandalacant.es\/ca\/author\/adminasap\/"}]}},"_links":{"self":[{"href":"https:\/\/www.santjoandalacant.es\/ca\/wp-json\/wp\/v2\/posts\/76283","targetHints":{"allow":["GET"]}}],"collection":[{"href":"https:\/\/www.santjoandalacant.es\/ca\/wp-json\/wp\/v2\/posts"}],"about":[{"href":"https:\/\/www.santjoandalacant.es\/ca\/wp-json\/wp\/v2\/types\/post"}],"author":[{"embeddable":true,"href":"https:\/\/www.santjoandalacant.es\/ca\/wp-json\/wp\/v2\/users\/1"}],"replies":[{"embeddable":true,"href":"https:\/\/www.santjoandalacant.es\/ca\/wp-json\/wp\/v2\/comments?post=76283"}],"version-history":[{"count":0,"href":"https:\/\/www.santjoandalacant.es\/ca\/wp-json\/wp\/v2\/posts\/76283\/revisions"}],"wp:featuredmedia":[{"embeddable":true,"href":"https:\/\/www.santjoandalacant.es\/ca\/wp-json\/wp\/v2\/media\/26931"}],"wp:attachment":[{"href":"https:\/\/www.santjoandalacant.es\/ca\/wp-json\/wp\/v2\/media?parent=76283"}],"wp:term":[{"taxonomy":"category","embeddable":true,"href":"https:\/\/www.santjoandalacant.es\/ca\/wp-json\/wp\/v2\/categories?post=76283"},{"taxonomy":"post_tag","embeddable":true,"href":"https:\/\/www.santjoandalacant.es\/ca\/wp-json\/wp\/v2\/tags?post=76283"},{"taxonomy":"areas","embeddable":true,"href":"https:\/\/www.santjoandalacant.es\/ca\/wp-json\/wp\/v2\/areas?post=76283"}],"curies":[{"name":"wp","href":"https:\/\/api.w.org\/{rel}","templated":true}]}}