{"id":76332,"date":"2016-03-08T16:13:52","date_gmt":"2016-03-08T16:13:52","guid":{"rendered":"https:\/\/santjoan.developersasapglobalsolution.com\/sant-joan-amb-les-dones\/"},"modified":"2016-03-08T16:13:52","modified_gmt":"2016-03-08T16:13:52","slug":"sant-joan-amb-les-dones","status":"publish","type":"post","link":"https:\/\/www.santjoandalacant.es\/ca\/sant-joan-amb-les-dones\/","title":{"rendered":"Sant Joan amb les dones"},"content":{"rendered":"<p style=\"text-align: justify\">\nL&#8217;esdeveniment ha tingut lloc este cap de setmana en l&#8217;Auditori Antonio Gil, on multitud de persones assistien en commemoraci\u00f3 al Dia de la Dona. La celebraci\u00f3, organitzada per la Regidoria d&#8217;Igualtat, comptava amb la col\u00b7laboraci\u00f3 de Carmen Terol com a presentadora. La reina de festes de Sant Joan introdu\u00efa l&#8217;acte donant la benvinguda als assistents seguit d&#8217;un discurs que reclamava la import\u00e0ncia del paper de la dona en la societat actual. Despr\u00e9s de la seua intervenci\u00f3 va entrar a escena Luddie, una jove artista que va delectar als assistents amb versions de grups coneguts amb lletres de tall feminista. \u00a0\n<\/p>\n<p style=\"text-align: justify\">\nA m\u00e9s, la regidoria volia recon\u00e9ixer la labor de diferents col\u00b7lectius de Sant Joan que visibilitzen la figura de la dona en el municipi en \u00e0rees molt diverses com l&#8217;esport, l&#8217;activisme juvenil o l&#8217;\u00e0mbit laboral, englobant d&#8217;esta manera a diferents generacions d&#8217;h\u00f2mens i dones.  Per a aix\u00f2, es va comptar amb la participaci\u00f3 d&#8217;associacions amb qu\u00e8 Igualtat volia donar valor al teixit associatiu del municipi com a motor d&#8217;impuls de la igualtat en tots els \u00e0mbits. L&#8217;Associaci\u00f3 d&#8217;ames de casa va ser l&#8217;encarregada del reconeixement a l&#8217;Assemblea Feminista de Sant Joan, al Club Esportiu Dones Sant Joan i a les treballadores de la neteja dels edificis p\u00fablics del municipi. El Consell de la Joventut, per la seua banda, feia part\u00edcip a tots els assistents en un &quot;minut de soroll&quot; per a canviar el silenci de la viol\u00e8ncia masclista per veus que lluiten contra este mal social.\n<\/p>\n<p align=\"center\">\n<img fetchpriority=\"high\" decoding=\"async\" class=\" size-full wp-image-27210\" src=\"https:\/\/www.santjoandalacant.es\/wp-content\/uploads\/2016\/03\/2016-03_DONA_12_web_0.jpg\" width=\"500\" height=\"333\" srcset=\"https:\/\/www.santjoandalacant.es\/wp-content\/uploads\/2016\/03\/2016-03_DONA_12_web_0.jpg 500w, https:\/\/www.santjoandalacant.es\/wp-content\/uploads\/2016\/03\/2016-03_DONA_12_web_0-300x200.jpg 300w\" sizes=\"(max-width: 500px) 100vw, 500px\" \/>\n<\/p>\n<p style=\"text-align: justify\">\nDes del passat 3 de mar\u00e7, Sant Joan oferix una s\u00e8rie d&#8217;activitats per a commemorar el dia de la dona.  Xarrades com &quot;Ser d\u00f3na al Sud&quot;, que acosta el testimoni de dones i organitzacions que treballen pels seus drets i el de les seues comunitats i municipis, van destinades a la sensibilitzaci\u00f3 de la participaci\u00f3 de la dona junt amb l&#8217;home en el camp del treball i a la reivindicaci\u00f3 del dret a un desenrotllament \u00edntegre com a persona i com a membre de la societat en general sense consideracions de g\u00e8nere.\n<\/p>\n<p style=\"text-align: justify\">\nAix\u00ed mateix, la responsable d&#8217;Igualtat Alba Lled\u00f3 ha reunit en el mat\u00ed del 8 de mar\u00e7 tant a la corporaci\u00f3 municipal com a ve\u00efns i ve\u00efns en un acte p\u00fablic amb una lectura institucional, reivindicant el paper de la dona, posant de manifest la lluita per la igualtat i l&#8217;eradicaci\u00f3 dels valors masclistes tan  arrelats en la nostra societat. A l&#8217;acte van acudir l&#8217;alcalde i la resta de regidors de l&#8217;Ajuntament en suport a este dia.\n<\/p>\n<p align=\"center\">\n<img decoding=\"async\" class=\" size-full wp-image-27212\" src=\"https:\/\/www.santjoandalacant.es\/wp-content\/uploads\/2016\/03\/2016-03_DONA_10_web_0.jpg\" width=\"500\" height=\"333\" srcset=\"https:\/\/www.santjoandalacant.es\/wp-content\/uploads\/2016\/03\/2016-03_DONA_10_web_0.jpg 500w, https:\/\/www.santjoandalacant.es\/wp-content\/uploads\/2016\/03\/2016-03_DONA_10_web_0-300x200.jpg 300w\" sizes=\"(max-width: 500px) 100vw, 500px\" \/><\/p>\n","protected":false},"excerpt":{"rendered":"<p style=\"text-align: justify\">\nL&#8217;esdeveniment ha tingut lloc este cap de setmana en l&#8217;Auditori Antonio Gil, on multitud de persones assistien en commemoraci\u00f3 al Dia de la Dona. La celebraci\u00f3, organitzada per la Regidoria d&#8217;Igualtat, comptava amb la col\u00b7laboraci\u00f3 de Carmen Terol com a presentadora. La reina de festes de Sant Joan introdu\u00efa l&#8217;acte donant la benvinguda als assistents seguit d&#8217;un discurs que reclamava la import\u00e0ncia del paper de la dona en la societat actual.<\/p>\n","protected":false},"author":1,"featured_media":27215,"comment_status":"open","ping_status":"open","sticky":false,"template":"","format":"standard","meta":{"_acf_changed":false,"rs_blank_template":"","rs_page_bg_color":"","slide_template_v7":"","footnotes":""},"categories":[1],"tags":[],"areas":[1003],"class_list":["post-76332","post","type-post","status-publish","format-standard","has-post-thumbnail","hentry","category-sin-categorizar","areas-igualdad-ca"],"acf":[],"yoast_head":"<!-- This site is optimized with the Yoast SEO plugin v28.2 - https:\/\/yoast.com\/product\/yoast-seo-wordpress\/ -->\n<title>Sant Joan amb les dones - Sant Joan d&#039;Alacant<\/title>\n<meta name=\"robots\" content=\"index, follow, max-snippet:-1, max-image-preview:large, max-video-preview:-1\" \/>\n<link rel=\"canonical\" href=\"https:\/\/www.santjoandalacant.es\/ca\/sant-joan-amb-les-dones\/\" \/>\n<meta property=\"og:locale\" content=\"en_US\" \/>\n<meta property=\"og:type\" content=\"article\" \/>\n<meta property=\"og:title\" content=\"Sant Joan amb les dones - Sant Joan d&#039;Alacant\" \/>\n<meta property=\"og:description\" content=\"L&#039;esdeveniment ha tingut lloc este cap de setmana en l&#039;Auditori Antonio Gil, on multitud de persones assistien en commemoraci\u00f3 al Dia de la Dona. La celebraci\u00f3, organitzada per la Regidoria d&#039;Igualtat, comptava amb la col\u00b7laboraci\u00f3 de Carmen Terol com a presentadora. La reina de festes de Sant Joan introdu\u00efa l&#039;acte donant la benvinguda als assistents seguit d&#039;un discurs que reclamava la import\u00e0ncia del paper de la dona en la societat actual.\" \/>\n<meta property=\"og:url\" content=\"https:\/\/www.santjoandalacant.es\/ca\/sant-joan-amb-les-dones\/\" \/>\n<meta property=\"og:site_name\" content=\"Sant Joan d&#039;Alacant\" \/>\n<meta property=\"article:publisher\" content=\"https:\/\/www.facebook.com\/santjoandalacant\/\" \/>\n<meta property=\"article:published_time\" content=\"2016-03-08T16:13:52+00:00\" \/>\n<meta property=\"og:image\" content=\"https:\/\/www.santjoandalacant.es\/wp-content\/uploads\/2017\/06\/2016-03_DONA_09_web.jpg\" \/>\n\t<meta property=\"og:image:width\" content=\"2000\" \/>\n\t<meta property=\"og:image:height\" content=\"1333\" \/>\n\t<meta property=\"og:image:type\" content=\"image\/jpeg\" \/>\n<meta name=\"author\" content=\"6tems\" \/>\n<meta name=\"twitter:card\" content=\"summary_large_image\" \/>\n<meta name=\"twitter:label1\" content=\"Written by\" \/>\n\t<meta name=\"twitter:data1\" content=\"6tems\" \/>\n\t<meta name=\"twitter:label2\" content=\"Est. reading time\" \/>\n\t<meta name=\"twitter:data2\" content=\"2 minutes\" \/>\n<script type=\"application\/ld+json\" class=\"yoast-schema-graph\">{\"@context\":\"https:\\\/\\\/schema.org\",\"@graph\":[{\"@type\":\"Article\",\"@id\":\"https:\\\/\\\/www.santjoandalacant.es\\\/ca\\\/sant-joan-amb-les-dones\\\/#article\",\"isPartOf\":{\"@id\":\"https:\\\/\\\/www.santjoandalacant.es\\\/ca\\\/sant-joan-amb-les-dones\\\/\"},\"author\":{\"name\":\"6tems\",\"@id\":\"https:\\\/\\\/www.santjoandalacant.es\\\/ca\\\/#\\\/schema\\\/person\\\/74b89bc7b26e6edafb76cd69420cd790\"},\"headline\":\"Sant Joan amb les dones\",\"datePublished\":\"2016-03-08T16:13:52+00:00\",\"mainEntityOfPage\":{\"@id\":\"https:\\\/\\\/www.santjoandalacant.es\\\/ca\\\/sant-joan-amb-les-dones\\\/\"},\"wordCount\":460,\"commentCount\":0,\"publisher\":{\"@id\":\"https:\\\/\\\/www.santjoandalacant.es\\\/ca\\\/#organization\"},\"image\":{\"@id\":\"https:\\\/\\\/www.santjoandalacant.es\\\/ca\\\/sant-joan-amb-les-dones\\\/#primaryimage\"},\"thumbnailUrl\":\"https:\\\/\\\/www.santjoandalacant.es\\\/wp-content\\\/uploads\\\/2017\\\/06\\\/2016-03_DONA_09_web.jpg\",\"articleSection\":[\"Sin categorizar\"],\"inLanguage\":\"va\",\"potentialAction\":[{\"@type\":\"CommentAction\",\"name\":\"Comment\",\"target\":[\"https:\\\/\\\/www.santjoandalacant.es\\\/ca\\\/sant-joan-amb-les-dones\\\/#respond\"]}]},{\"@type\":\"WebPage\",\"@id\":\"https:\\\/\\\/www.santjoandalacant.es\\\/ca\\\/sant-joan-amb-les-dones\\\/\",\"url\":\"https:\\\/\\\/www.santjoandalacant.es\\\/ca\\\/sant-joan-amb-les-dones\\\/\",\"name\":\"Sant Joan amb les dones - Sant Joan d&#039;Alacant\",\"isPartOf\":{\"@id\":\"https:\\\/\\\/www.santjoandalacant.es\\\/ca\\\/#website\"},\"primaryImageOfPage\":{\"@id\":\"https:\\\/\\\/www.santjoandalacant.es\\\/ca\\\/sant-joan-amb-les-dones\\\/#primaryimage\"},\"image\":{\"@id\":\"https:\\\/\\\/www.santjoandalacant.es\\\/ca\\\/sant-joan-amb-les-dones\\\/#primaryimage\"},\"thumbnailUrl\":\"https:\\\/\\\/www.santjoandalacant.es\\\/wp-content\\\/uploads\\\/2017\\\/06\\\/2016-03_DONA_09_web.jpg\",\"datePublished\":\"2016-03-08T16:13:52+00:00\",\"breadcrumb\":{\"@id\":\"https:\\\/\\\/www.santjoandalacant.es\\\/ca\\\/sant-joan-amb-les-dones\\\/#breadcrumb\"},\"inLanguage\":\"va\",\"potentialAction\":[{\"@type\":\"ReadAction\",\"target\":[\"https:\\\/\\\/www.santjoandalacant.es\\\/ca\\\/sant-joan-amb-les-dones\\\/\"]}]},{\"@type\":\"ImageObject\",\"inLanguage\":\"va\",\"@id\":\"https:\\\/\\\/www.santjoandalacant.es\\\/ca\\\/sant-joan-amb-les-dones\\\/#primaryimage\",\"url\":\"https:\\\/\\\/www.santjoandalacant.es\\\/wp-content\\\/uploads\\\/2017\\\/06\\\/2016-03_DONA_09_web.jpg\",\"contentUrl\":\"https:\\\/\\\/www.santjoandalacant.es\\\/wp-content\\\/uploads\\\/2017\\\/06\\\/2016-03_DONA_09_web.jpg\",\"width\":2000,\"height\":1333},{\"@type\":\"BreadcrumbList\",\"@id\":\"https:\\\/\\\/www.santjoandalacant.es\\\/ca\\\/sant-joan-amb-les-dones\\\/#breadcrumb\",\"itemListElement\":[{\"@type\":\"ListItem\",\"position\":1,\"name\":\"Inicio\",\"item\":\"https:\\\/\\\/www.santjoandalacant.es\\\/ca\\\/\"},{\"@type\":\"ListItem\",\"position\":2,\"name\":\"Sant Joan amb les dones\"}]},{\"@type\":\"WebSite\",\"@id\":\"https:\\\/\\\/www.santjoandalacant.es\\\/ca\\\/#website\",\"url\":\"https:\\\/\\\/www.santjoandalacant.es\\\/ca\\\/\",\"name\":\"Sant Joan d'Alacant\",\"description\":\"\",\"publisher\":{\"@id\":\"https:\\\/\\\/www.santjoandalacant.es\\\/ca\\\/#organization\"},\"potentialAction\":[{\"@type\":\"SearchAction\",\"target\":{\"@type\":\"EntryPoint\",\"urlTemplate\":\"https:\\\/\\\/www.santjoandalacant.es\\\/ca\\\/?s={search_term_string}\"},\"query-input\":{\"@type\":\"PropertyValueSpecification\",\"valueRequired\":true,\"valueName\":\"search_term_string\"}}],\"inLanguage\":\"va\"},{\"@type\":\"Organization\",\"@id\":\"https:\\\/\\\/www.santjoandalacant.es\\\/ca\\\/#organization\",\"name\":\"Sant Joan d'Alacant\",\"url\":\"https:\\\/\\\/www.santjoandalacant.es\\\/ca\\\/\",\"logo\":{\"@type\":\"ImageObject\",\"inLanguage\":\"va\",\"@id\":\"https:\\\/\\\/www.santjoandalacant.es\\\/ca\\\/#\\\/schema\\\/logo\\\/image\\\/\",\"url\":\"https:\\\/\\\/www.santjoandalacant.es\\\/wp-content\\\/uploads\\\/2023\\\/08\\\/logoSJ.png\",\"contentUrl\":\"https:\\\/\\\/www.santjoandalacant.es\\\/wp-content\\\/uploads\\\/2023\\\/08\\\/logoSJ.png\",\"width\":198,\"height\":253,\"caption\":\"Sant Joan d'Alacant\"},\"image\":{\"@id\":\"https:\\\/\\\/www.santjoandalacant.es\\\/ca\\\/#\\\/schema\\\/logo\\\/image\\\/\"},\"sameAs\":[\"https:\\\/\\\/www.facebook.com\\\/santjoandalacant\\\/\",\"https:\\\/\\\/www.instagram.com\\\/santjoandalacant\\\/\",\"https:\\\/\\\/www.youtube.com\\\/user\\\/santjoandalacant\"]},{\"@type\":\"Person\",\"@id\":\"https:\\\/\\\/www.santjoandalacant.es\\\/ca\\\/#\\\/schema\\\/person\\\/74b89bc7b26e6edafb76cd69420cd790\",\"name\":\"6tems\",\"image\":{\"@type\":\"ImageObject\",\"inLanguage\":\"va\",\"@id\":\"https:\\\/\\\/secure.gravatar.com\\\/avatar\\\/1c939d9bf86da56568327e5d52b159d089efba17cde140c49884e3fe77ef9c66?s=96&d=mm&r=g\",\"url\":\"https:\\\/\\\/secure.gravatar.com\\\/avatar\\\/1c939d9bf86da56568327e5d52b159d089efba17cde140c49884e3fe77ef9c66?s=96&d=mm&r=g\",\"contentUrl\":\"https:\\\/\\\/secure.gravatar.com\\\/avatar\\\/1c939d9bf86da56568327e5d52b159d089efba17cde140c49884e3fe77ef9c66?s=96&d=mm&r=g\",\"caption\":\"6tems\"},\"sameAs\":[\"https:\\\/\\\/www.santjoandalacant.es\"],\"url\":\"https:\\\/\\\/www.santjoandalacant.es\\\/ca\\\/author\\\/adminasap\\\/\"}]}<\/script>\n<!-- \/ Yoast SEO plugin. -->","yoast_head_json":{"title":"Sant Joan amb les dones - Sant Joan d&#039;Alacant","robots":{"index":"index","follow":"follow","max-snippet":"max-snippet:-1","max-image-preview":"max-image-preview:large","max-video-preview":"max-video-preview:-1"},"canonical":"https:\/\/www.santjoandalacant.es\/ca\/sant-joan-amb-les-dones\/","og_locale":"en_US","og_type":"article","og_title":"Sant Joan amb les dones - Sant Joan d&#039;Alacant","og_description":"L'esdeveniment ha tingut lloc este cap de setmana en l'Auditori Antonio Gil, on multitud de persones assistien en commemoraci\u00f3 al Dia de la Dona. La celebraci\u00f3, organitzada per la Regidoria d'Igualtat, comptava amb la col\u00b7laboraci\u00f3 de Carmen Terol com a presentadora. La reina de festes de Sant Joan introdu\u00efa l'acte donant la benvinguda als assistents seguit d'un discurs que reclamava la import\u00e0ncia del paper de la dona en la societat actual.","og_url":"https:\/\/www.santjoandalacant.es\/ca\/sant-joan-amb-les-dones\/","og_site_name":"Sant Joan d&#039;Alacant","article_publisher":"https:\/\/www.facebook.com\/santjoandalacant\/","article_published_time":"2016-03-08T16:13:52+00:00","og_image":[{"width":2000,"height":1333,"url":"https:\/\/www.santjoandalacant.es\/wp-content\/uploads\/2017\/06\/2016-03_DONA_09_web.jpg","type":"image\/jpeg"}],"author":"6tems","twitter_card":"summary_large_image","twitter_misc":{"Written by":"6tems","Est. reading time":"2 minutes"},"schema":{"@context":"https:\/\/schema.org","@graph":[{"@type":"Article","@id":"https:\/\/www.santjoandalacant.es\/ca\/sant-joan-amb-les-dones\/#article","isPartOf":{"@id":"https:\/\/www.santjoandalacant.es\/ca\/sant-joan-amb-les-dones\/"},"author":{"name":"6tems","@id":"https:\/\/www.santjoandalacant.es\/ca\/#\/schema\/person\/74b89bc7b26e6edafb76cd69420cd790"},"headline":"Sant Joan amb les dones","datePublished":"2016-03-08T16:13:52+00:00","mainEntityOfPage":{"@id":"https:\/\/www.santjoandalacant.es\/ca\/sant-joan-amb-les-dones\/"},"wordCount":460,"commentCount":0,"publisher":{"@id":"https:\/\/www.santjoandalacant.es\/ca\/#organization"},"image":{"@id":"https:\/\/www.santjoandalacant.es\/ca\/sant-joan-amb-les-dones\/#primaryimage"},"thumbnailUrl":"https:\/\/www.santjoandalacant.es\/wp-content\/uploads\/2017\/06\/2016-03_DONA_09_web.jpg","articleSection":["Sin categorizar"],"inLanguage":"va","potentialAction":[{"@type":"CommentAction","name":"Comment","target":["https:\/\/www.santjoandalacant.es\/ca\/sant-joan-amb-les-dones\/#respond"]}]},{"@type":"WebPage","@id":"https:\/\/www.santjoandalacant.es\/ca\/sant-joan-amb-les-dones\/","url":"https:\/\/www.santjoandalacant.es\/ca\/sant-joan-amb-les-dones\/","name":"Sant Joan amb les dones - Sant Joan d&#039;Alacant","isPartOf":{"@id":"https:\/\/www.santjoandalacant.es\/ca\/#website"},"primaryImageOfPage":{"@id":"https:\/\/www.santjoandalacant.es\/ca\/sant-joan-amb-les-dones\/#primaryimage"},"image":{"@id":"https:\/\/www.santjoandalacant.es\/ca\/sant-joan-amb-les-dones\/#primaryimage"},"thumbnailUrl":"https:\/\/www.santjoandalacant.es\/wp-content\/uploads\/2017\/06\/2016-03_DONA_09_web.jpg","datePublished":"2016-03-08T16:13:52+00:00","breadcrumb":{"@id":"https:\/\/www.santjoandalacant.es\/ca\/sant-joan-amb-les-dones\/#breadcrumb"},"inLanguage":"va","potentialAction":[{"@type":"ReadAction","target":["https:\/\/www.santjoandalacant.es\/ca\/sant-joan-amb-les-dones\/"]}]},{"@type":"ImageObject","inLanguage":"va","@id":"https:\/\/www.santjoandalacant.es\/ca\/sant-joan-amb-les-dones\/#primaryimage","url":"https:\/\/www.santjoandalacant.es\/wp-content\/uploads\/2017\/06\/2016-03_DONA_09_web.jpg","contentUrl":"https:\/\/www.santjoandalacant.es\/wp-content\/uploads\/2017\/06\/2016-03_DONA_09_web.jpg","width":2000,"height":1333},{"@type":"BreadcrumbList","@id":"https:\/\/www.santjoandalacant.es\/ca\/sant-joan-amb-les-dones\/#breadcrumb","itemListElement":[{"@type":"ListItem","position":1,"name":"Inicio","item":"https:\/\/www.santjoandalacant.es\/ca\/"},{"@type":"ListItem","position":2,"name":"Sant Joan amb les dones"}]},{"@type":"WebSite","@id":"https:\/\/www.santjoandalacant.es\/ca\/#website","url":"https:\/\/www.santjoandalacant.es\/ca\/","name":"Sant Joan d'Alacant","description":"","publisher":{"@id":"https:\/\/www.santjoandalacant.es\/ca\/#organization"},"potentialAction":[{"@type":"SearchAction","target":{"@type":"EntryPoint","urlTemplate":"https:\/\/www.santjoandalacant.es\/ca\/?s={search_term_string}"},"query-input":{"@type":"PropertyValueSpecification","valueRequired":true,"valueName":"search_term_string"}}],"inLanguage":"va"},{"@type":"Organization","@id":"https:\/\/www.santjoandalacant.es\/ca\/#organization","name":"Sant Joan d'Alacant","url":"https:\/\/www.santjoandalacant.es\/ca\/","logo":{"@type":"ImageObject","inLanguage":"va","@id":"https:\/\/www.santjoandalacant.es\/ca\/#\/schema\/logo\/image\/","url":"https:\/\/www.santjoandalacant.es\/wp-content\/uploads\/2023\/08\/logoSJ.png","contentUrl":"https:\/\/www.santjoandalacant.es\/wp-content\/uploads\/2023\/08\/logoSJ.png","width":198,"height":253,"caption":"Sant Joan d'Alacant"},"image":{"@id":"https:\/\/www.santjoandalacant.es\/ca\/#\/schema\/logo\/image\/"},"sameAs":["https:\/\/www.facebook.com\/santjoandalacant\/","https:\/\/www.instagram.com\/santjoandalacant\/","https:\/\/www.youtube.com\/user\/santjoandalacant"]},{"@type":"Person","@id":"https:\/\/www.santjoandalacant.es\/ca\/#\/schema\/person\/74b89bc7b26e6edafb76cd69420cd790","name":"6tems","image":{"@type":"ImageObject","inLanguage":"va","@id":"https:\/\/secure.gravatar.com\/avatar\/1c939d9bf86da56568327e5d52b159d089efba17cde140c49884e3fe77ef9c66?s=96&d=mm&r=g","url":"https:\/\/secure.gravatar.com\/avatar\/1c939d9bf86da56568327e5d52b159d089efba17cde140c49884e3fe77ef9c66?s=96&d=mm&r=g","contentUrl":"https:\/\/secure.gravatar.com\/avatar\/1c939d9bf86da56568327e5d52b159d089efba17cde140c49884e3fe77ef9c66?s=96&d=mm&r=g","caption":"6tems"},"sameAs":["https:\/\/www.santjoandalacant.es"],"url":"https:\/\/www.santjoandalacant.es\/ca\/author\/adminasap\/"}]}},"_links":{"self":[{"href":"https:\/\/www.santjoandalacant.es\/ca\/wp-json\/wp\/v2\/posts\/76332","targetHints":{"allow":["GET"]}}],"collection":[{"href":"https:\/\/www.santjoandalacant.es\/ca\/wp-json\/wp\/v2\/posts"}],"about":[{"href":"https:\/\/www.santjoandalacant.es\/ca\/wp-json\/wp\/v2\/types\/post"}],"author":[{"embeddable":true,"href":"https:\/\/www.santjoandalacant.es\/ca\/wp-json\/wp\/v2\/users\/1"}],"replies":[{"embeddable":true,"href":"https:\/\/www.santjoandalacant.es\/ca\/wp-json\/wp\/v2\/comments?post=76332"}],"version-history":[{"count":0,"href":"https:\/\/www.santjoandalacant.es\/ca\/wp-json\/wp\/v2\/posts\/76332\/revisions"}],"wp:featuredmedia":[{"embeddable":true,"href":"https:\/\/www.santjoandalacant.es\/ca\/wp-json\/wp\/v2\/media\/27215"}],"wp:attachment":[{"href":"https:\/\/www.santjoandalacant.es\/ca\/wp-json\/wp\/v2\/media?parent=76332"}],"wp:term":[{"taxonomy":"category","embeddable":true,"href":"https:\/\/www.santjoandalacant.es\/ca\/wp-json\/wp\/v2\/categories?post=76332"},{"taxonomy":"post_tag","embeddable":true,"href":"https:\/\/www.santjoandalacant.es\/ca\/wp-json\/wp\/v2\/tags?post=76332"},{"taxonomy":"areas","embeddable":true,"href":"https:\/\/www.santjoandalacant.es\/ca\/wp-json\/wp\/v2\/areas?post=76332"}],"curies":[{"name":"wp","href":"https:\/\/api.w.org\/{rel}","templated":true}]}}