{"id":76339,"date":"2016-03-07T09:09:37","date_gmt":"2016-03-07T09:09:37","guid":{"rendered":"https:\/\/santjoan.developersasapglobalsolution.com\/entrenadors-del-southampton-impartiran-en-el-poliesportiu-un-campus-de-futbol-en-angles-durant-les-vacacions-de-pasqua\/"},"modified":"2016-03-07T09:09:37","modified_gmt":"2016-03-07T09:09:37","slug":"entrenadors-del-southampton-impartiran-en-el-poliesportiu-un-campus-de-futbol-en-angles-durant-les-vacacions-de-pasqua","status":"publish","type":"post","link":"https:\/\/www.santjoandalacant.es\/ca\/entrenadors-del-southampton-impartiran-en-el-poliesportiu-un-campus-de-futbol-en-angles-durant-les-vacacions-de-pasqua\/","title":{"rendered":"Entrenadors del Southampton impartiran en el Poliesportiu un Campus de Futbol en angl\u00e9s durant les vacacions de Pasqua"},"content":{"rendered":"<p>\nLa directora del centre Blue Elephant Room, Milagros S\u00e1nchez, ha comentat en la roda de premsa, celebrada en el Poliesportiu de Sant Joan, que els quatre entrenadors &quot;portaran t\u00e8cniques del seu propi club, que apliquen di\u00e0riament als seus j\u00f3vens jugadors&quot;. Per la seua banda, el regidor d&#8217;Esports, Santiago Rom\u00e1n, ha recalcat la seua aposta per &quot;potenciar l&#8217;esport base, ja que \u00e9s fonamental. Este campus tornar\u00e0 a realitzar-se a l&#8217;estiu amb una duraci\u00f3 de dos setmanes.\n<\/p>\n<p>\n&#160;<\/p>\n","protected":false},"excerpt":{"rendered":"<p>\nLa directora del centre Blue Elephant Room, Milagros S\u00e1nchez, ha comentat en la roda de premsa, celebrada en el Poliesportiu de Sant Joan, que els quatre entrenadors &quot;portaran t\u00e8cniques del seu propi club, que apliquen di\u00e0riament als seus j\u00f3vens jugadors&quot;. Per la seua banda, el regidor d&#8217;Esports, Santiago Rom\u00e1n, ha recalcat la seua aposta per &quot;potenciar l&#8217;esport base, ja que \u00e9s fonamental. Este campus tornar\u00e0 a realitzar-se a l&#8217;estiu amb una duraci\u00f3 de dos setmanes.\n<\/p>\n<p>\n&#160;<\/p>\n","protected":false},"author":1,"featured_media":27276,"comment_status":"open","ping_status":"open","sticky":false,"template":"","format":"standard","meta":{"_acf_changed":false,"rs_blank_template":"","rs_page_bg_color":"","slide_template_v7":"","footnotes":""},"categories":[1],"tags":[],"areas":[998],"class_list":["post-76339","post","type-post","status-publish","format-standard","has-post-thumbnail","hentry","category-sin-categorizar","areas-deportes-ca"],"acf":[],"yoast_head":"<!-- This site is optimized with the Yoast SEO plugin v28.2 - https:\/\/yoast.com\/product\/yoast-seo-wordpress\/ -->\n<title>Entrenadors del Southampton impartiran en el Poliesportiu un Campus de Futbol en angl\u00e9s durant les vacacions de Pasqua - Sant Joan d&#039;Alacant<\/title>\n<meta name=\"robots\" content=\"index, follow, max-snippet:-1, max-image-preview:large, max-video-preview:-1\" \/>\n<link rel=\"canonical\" href=\"https:\/\/www.santjoandalacant.es\/ca\/entrenadors-del-southampton-impartiran-en-el-poliesportiu-un-campus-de-futbol-en-angles-durant-les-vacacions-de-pasqua\/\" \/>\n<meta property=\"og:locale\" content=\"en_US\" \/>\n<meta property=\"og:type\" content=\"article\" \/>\n<meta property=\"og:title\" content=\"Entrenadors del Southampton impartiran en el Poliesportiu un Campus de Futbol en angl\u00e9s durant les vacacions de Pasqua - Sant Joan d&#039;Alacant\" \/>\n<meta property=\"og:description\" content=\"La directora del centre Blue Elephant Room, Milagros S\u00e1nchez, ha comentat en la roda de premsa, celebrada en el Poliesportiu de Sant Joan, que els quatre entrenadors &quot;portaran t\u00e8cniques del seu propi club, que apliquen di\u00e0riament als seus j\u00f3vens jugadors&quot;. Per la seua banda, el regidor d&#039;Esports, Santiago Rom\u00e1n, ha recalcat la seua aposta per &quot;potenciar l&#039;esport base, ja que \u00e9s fonamental. Este campus tornar\u00e0 a realitzar-se a l&#039;estiu amb una duraci\u00f3 de dos setmanes.   &#160;\" \/>\n<meta property=\"og:url\" content=\"https:\/\/www.santjoandalacant.es\/ca\/entrenadors-del-southampton-impartiran-en-el-poliesportiu-un-campus-de-futbol-en-angles-durant-les-vacacions-de-pasqua\/\" \/>\n<meta property=\"og:site_name\" content=\"Sant Joan d&#039;Alacant\" \/>\n<meta property=\"article:publisher\" content=\"https:\/\/www.facebook.com\/santjoandalacant\/\" \/>\n<meta property=\"article:published_time\" content=\"2016-03-07T09:09:37+00:00\" \/>\n<meta property=\"og:image\" content=\"https:\/\/www.santjoandalacant.es\/wp-content\/uploads\/2017\/06\/campus_futbol_ingles_02_0-scaled.jpg\" \/>\n\t<meta property=\"og:image:width\" content=\"2560\" \/>\n\t<meta property=\"og:image:height\" content=\"1440\" \/>\n\t<meta property=\"og:image:type\" content=\"image\/jpeg\" \/>\n<meta name=\"author\" content=\"6tems\" \/>\n<meta name=\"twitter:card\" content=\"summary_large_image\" \/>\n<meta name=\"twitter:label1\" content=\"Written by\" \/>\n\t<meta name=\"twitter:data1\" content=\"6tems\" \/>\n<script type=\"application\/ld+json\" class=\"yoast-schema-graph\">{\"@context\":\"https:\\\/\\\/schema.org\",\"@graph\":[{\"@type\":\"Article\",\"@id\":\"https:\\\/\\\/www.santjoandalacant.es\\\/ca\\\/entrenadors-del-southampton-impartiran-en-el-poliesportiu-un-campus-de-futbol-en-angles-durant-les-vacacions-de-pasqua\\\/#article\",\"isPartOf\":{\"@id\":\"https:\\\/\\\/www.santjoandalacant.es\\\/ca\\\/entrenadors-del-southampton-impartiran-en-el-poliesportiu-un-campus-de-futbol-en-angles-durant-les-vacacions-de-pasqua\\\/\"},\"author\":{\"name\":\"6tems\",\"@id\":\"https:\\\/\\\/www.santjoandalacant.es\\\/ca\\\/#\\\/schema\\\/person\\\/74b89bc7b26e6edafb76cd69420cd790\"},\"headline\":\"Entrenadors del Southampton impartiran en el Poliesportiu un Campus de Futbol en angl\u00e9s durant les vacacions de Pasqua\",\"datePublished\":\"2016-03-07T09:09:37+00:00\",\"mainEntityOfPage\":{\"@id\":\"https:\\\/\\\/www.santjoandalacant.es\\\/ca\\\/entrenadors-del-southampton-impartiran-en-el-poliesportiu-un-campus-de-futbol-en-angles-durant-les-vacacions-de-pasqua\\\/\"},\"wordCount\":105,\"commentCount\":0,\"publisher\":{\"@id\":\"https:\\\/\\\/www.santjoandalacant.es\\\/ca\\\/#organization\"},\"image\":{\"@id\":\"https:\\\/\\\/www.santjoandalacant.es\\\/ca\\\/entrenadors-del-southampton-impartiran-en-el-poliesportiu-un-campus-de-futbol-en-angles-durant-les-vacacions-de-pasqua\\\/#primaryimage\"},\"thumbnailUrl\":\"https:\\\/\\\/www.santjoandalacant.es\\\/wp-content\\\/uploads\\\/2017\\\/06\\\/campus_futbol_ingles_02_0-scaled.jpg\",\"articleSection\":[\"Sin categorizar\"],\"inLanguage\":\"va\",\"potentialAction\":[{\"@type\":\"CommentAction\",\"name\":\"Comment\",\"target\":[\"https:\\\/\\\/www.santjoandalacant.es\\\/ca\\\/entrenadors-del-southampton-impartiran-en-el-poliesportiu-un-campus-de-futbol-en-angles-durant-les-vacacions-de-pasqua\\\/#respond\"]}]},{\"@type\":\"WebPage\",\"@id\":\"https:\\\/\\\/www.santjoandalacant.es\\\/ca\\\/entrenadors-del-southampton-impartiran-en-el-poliesportiu-un-campus-de-futbol-en-angles-durant-les-vacacions-de-pasqua\\\/\",\"url\":\"https:\\\/\\\/www.santjoandalacant.es\\\/ca\\\/entrenadors-del-southampton-impartiran-en-el-poliesportiu-un-campus-de-futbol-en-angles-durant-les-vacacions-de-pasqua\\\/\",\"name\":\"Entrenadors del Southampton impartiran en el Poliesportiu un Campus de Futbol en angl\u00e9s durant les vacacions de Pasqua - Sant Joan d&#039;Alacant\",\"isPartOf\":{\"@id\":\"https:\\\/\\\/www.santjoandalacant.es\\\/ca\\\/#website\"},\"primaryImageOfPage\":{\"@id\":\"https:\\\/\\\/www.santjoandalacant.es\\\/ca\\\/entrenadors-del-southampton-impartiran-en-el-poliesportiu-un-campus-de-futbol-en-angles-durant-les-vacacions-de-pasqua\\\/#primaryimage\"},\"image\":{\"@id\":\"https:\\\/\\\/www.santjoandalacant.es\\\/ca\\\/entrenadors-del-southampton-impartiran-en-el-poliesportiu-un-campus-de-futbol-en-angles-durant-les-vacacions-de-pasqua\\\/#primaryimage\"},\"thumbnailUrl\":\"https:\\\/\\\/www.santjoandalacant.es\\\/wp-content\\\/uploads\\\/2017\\\/06\\\/campus_futbol_ingles_02_0-scaled.jpg\",\"datePublished\":\"2016-03-07T09:09:37+00:00\",\"breadcrumb\":{\"@id\":\"https:\\\/\\\/www.santjoandalacant.es\\\/ca\\\/entrenadors-del-southampton-impartiran-en-el-poliesportiu-un-campus-de-futbol-en-angles-durant-les-vacacions-de-pasqua\\\/#breadcrumb\"},\"inLanguage\":\"va\",\"potentialAction\":[{\"@type\":\"ReadAction\",\"target\":[\"https:\\\/\\\/www.santjoandalacant.es\\\/ca\\\/entrenadors-del-southampton-impartiran-en-el-poliesportiu-un-campus-de-futbol-en-angles-durant-les-vacacions-de-pasqua\\\/\"]}]},{\"@type\":\"ImageObject\",\"inLanguage\":\"va\",\"@id\":\"https:\\\/\\\/www.santjoandalacant.es\\\/ca\\\/entrenadors-del-southampton-impartiran-en-el-poliesportiu-un-campus-de-futbol-en-angles-durant-les-vacacions-de-pasqua\\\/#primaryimage\",\"url\":\"https:\\\/\\\/www.santjoandalacant.es\\\/wp-content\\\/uploads\\\/2017\\\/06\\\/campus_futbol_ingles_02_0-scaled.jpg\",\"contentUrl\":\"https:\\\/\\\/www.santjoandalacant.es\\\/wp-content\\\/uploads\\\/2017\\\/06\\\/campus_futbol_ingles_02_0-scaled.jpg\",\"width\":2560,\"height\":1440},{\"@type\":\"BreadcrumbList\",\"@id\":\"https:\\\/\\\/www.santjoandalacant.es\\\/ca\\\/entrenadors-del-southampton-impartiran-en-el-poliesportiu-un-campus-de-futbol-en-angles-durant-les-vacacions-de-pasqua\\\/#breadcrumb\",\"itemListElement\":[{\"@type\":\"ListItem\",\"position\":1,\"name\":\"Inicio\",\"item\":\"https:\\\/\\\/www.santjoandalacant.es\\\/ca\\\/\"},{\"@type\":\"ListItem\",\"position\":2,\"name\":\"Entrenadors del Southampton impartiran en el Poliesportiu un Campus de Futbol en angl\u00e9s durant les vacacions de Pasqua\"}]},{\"@type\":\"WebSite\",\"@id\":\"https:\\\/\\\/www.santjoandalacant.es\\\/ca\\\/#website\",\"url\":\"https:\\\/\\\/www.santjoandalacant.es\\\/ca\\\/\",\"name\":\"Sant Joan d'Alacant\",\"description\":\"\",\"publisher\":{\"@id\":\"https:\\\/\\\/www.santjoandalacant.es\\\/ca\\\/#organization\"},\"potentialAction\":[{\"@type\":\"SearchAction\",\"target\":{\"@type\":\"EntryPoint\",\"urlTemplate\":\"https:\\\/\\\/www.santjoandalacant.es\\\/ca\\\/?s={search_term_string}\"},\"query-input\":{\"@type\":\"PropertyValueSpecification\",\"valueRequired\":true,\"valueName\":\"search_term_string\"}}],\"inLanguage\":\"va\"},{\"@type\":\"Organization\",\"@id\":\"https:\\\/\\\/www.santjoandalacant.es\\\/ca\\\/#organization\",\"name\":\"Sant Joan d'Alacant\",\"url\":\"https:\\\/\\\/www.santjoandalacant.es\\\/ca\\\/\",\"logo\":{\"@type\":\"ImageObject\",\"inLanguage\":\"va\",\"@id\":\"https:\\\/\\\/www.santjoandalacant.es\\\/ca\\\/#\\\/schema\\\/logo\\\/image\\\/\",\"url\":\"https:\\\/\\\/www.santjoandalacant.es\\\/wp-content\\\/uploads\\\/2023\\\/08\\\/logoSJ.png\",\"contentUrl\":\"https:\\\/\\\/www.santjoandalacant.es\\\/wp-content\\\/uploads\\\/2023\\\/08\\\/logoSJ.png\",\"width\":198,\"height\":253,\"caption\":\"Sant Joan d'Alacant\"},\"image\":{\"@id\":\"https:\\\/\\\/www.santjoandalacant.es\\\/ca\\\/#\\\/schema\\\/logo\\\/image\\\/\"},\"sameAs\":[\"https:\\\/\\\/www.facebook.com\\\/santjoandalacant\\\/\",\"https:\\\/\\\/www.instagram.com\\\/santjoandalacant\\\/\",\"https:\\\/\\\/www.youtube.com\\\/user\\\/santjoandalacant\"]},{\"@type\":\"Person\",\"@id\":\"https:\\\/\\\/www.santjoandalacant.es\\\/ca\\\/#\\\/schema\\\/person\\\/74b89bc7b26e6edafb76cd69420cd790\",\"name\":\"6tems\",\"image\":{\"@type\":\"ImageObject\",\"inLanguage\":\"va\",\"@id\":\"https:\\\/\\\/secure.gravatar.com\\\/avatar\\\/1c939d9bf86da56568327e5d52b159d089efba17cde140c49884e3fe77ef9c66?s=96&d=mm&r=g\",\"url\":\"https:\\\/\\\/secure.gravatar.com\\\/avatar\\\/1c939d9bf86da56568327e5d52b159d089efba17cde140c49884e3fe77ef9c66?s=96&d=mm&r=g\",\"contentUrl\":\"https:\\\/\\\/secure.gravatar.com\\\/avatar\\\/1c939d9bf86da56568327e5d52b159d089efba17cde140c49884e3fe77ef9c66?s=96&d=mm&r=g\",\"caption\":\"6tems\"},\"sameAs\":[\"https:\\\/\\\/www.santjoandalacant.es\"],\"url\":\"https:\\\/\\\/www.santjoandalacant.es\\\/ca\\\/author\\\/adminasap\\\/\"}]}<\/script>\n<!-- \/ Yoast SEO plugin. -->","yoast_head_json":{"title":"Entrenadors del Southampton impartiran en el Poliesportiu un Campus de Futbol en angl\u00e9s durant les vacacions de Pasqua - Sant Joan d&#039;Alacant","robots":{"index":"index","follow":"follow","max-snippet":"max-snippet:-1","max-image-preview":"max-image-preview:large","max-video-preview":"max-video-preview:-1"},"canonical":"https:\/\/www.santjoandalacant.es\/ca\/entrenadors-del-southampton-impartiran-en-el-poliesportiu-un-campus-de-futbol-en-angles-durant-les-vacacions-de-pasqua\/","og_locale":"en_US","og_type":"article","og_title":"Entrenadors del Southampton impartiran en el Poliesportiu un Campus de Futbol en angl\u00e9s durant les vacacions de Pasqua - Sant Joan d&#039;Alacant","og_description":"La directora del centre Blue Elephant Room, Milagros S\u00e1nchez, ha comentat en la roda de premsa, celebrada en el Poliesportiu de Sant Joan, que els quatre entrenadors &quot;portaran t\u00e8cniques del seu propi club, que apliquen di\u00e0riament als seus j\u00f3vens jugadors&quot;. Per la seua banda, el regidor d'Esports, Santiago Rom\u00e1n, ha recalcat la seua aposta per &quot;potenciar l'esport base, ja que \u00e9s fonamental. Este campus tornar\u00e0 a realitzar-se a l'estiu amb una duraci\u00f3 de dos setmanes.   &#160;","og_url":"https:\/\/www.santjoandalacant.es\/ca\/entrenadors-del-southampton-impartiran-en-el-poliesportiu-un-campus-de-futbol-en-angles-durant-les-vacacions-de-pasqua\/","og_site_name":"Sant Joan d&#039;Alacant","article_publisher":"https:\/\/www.facebook.com\/santjoandalacant\/","article_published_time":"2016-03-07T09:09:37+00:00","og_image":[{"width":2560,"height":1440,"url":"https:\/\/www.santjoandalacant.es\/wp-content\/uploads\/2017\/06\/campus_futbol_ingles_02_0-scaled.jpg","type":"image\/jpeg"}],"author":"6tems","twitter_card":"summary_large_image","twitter_misc":{"Written by":"6tems"},"schema":{"@context":"https:\/\/schema.org","@graph":[{"@type":"Article","@id":"https:\/\/www.santjoandalacant.es\/ca\/entrenadors-del-southampton-impartiran-en-el-poliesportiu-un-campus-de-futbol-en-angles-durant-les-vacacions-de-pasqua\/#article","isPartOf":{"@id":"https:\/\/www.santjoandalacant.es\/ca\/entrenadors-del-southampton-impartiran-en-el-poliesportiu-un-campus-de-futbol-en-angles-durant-les-vacacions-de-pasqua\/"},"author":{"name":"6tems","@id":"https:\/\/www.santjoandalacant.es\/ca\/#\/schema\/person\/74b89bc7b26e6edafb76cd69420cd790"},"headline":"Entrenadors del Southampton impartiran en el Poliesportiu un Campus de Futbol en angl\u00e9s durant les vacacions de Pasqua","datePublished":"2016-03-07T09:09:37+00:00","mainEntityOfPage":{"@id":"https:\/\/www.santjoandalacant.es\/ca\/entrenadors-del-southampton-impartiran-en-el-poliesportiu-un-campus-de-futbol-en-angles-durant-les-vacacions-de-pasqua\/"},"wordCount":105,"commentCount":0,"publisher":{"@id":"https:\/\/www.santjoandalacant.es\/ca\/#organization"},"image":{"@id":"https:\/\/www.santjoandalacant.es\/ca\/entrenadors-del-southampton-impartiran-en-el-poliesportiu-un-campus-de-futbol-en-angles-durant-les-vacacions-de-pasqua\/#primaryimage"},"thumbnailUrl":"https:\/\/www.santjoandalacant.es\/wp-content\/uploads\/2017\/06\/campus_futbol_ingles_02_0-scaled.jpg","articleSection":["Sin categorizar"],"inLanguage":"va","potentialAction":[{"@type":"CommentAction","name":"Comment","target":["https:\/\/www.santjoandalacant.es\/ca\/entrenadors-del-southampton-impartiran-en-el-poliesportiu-un-campus-de-futbol-en-angles-durant-les-vacacions-de-pasqua\/#respond"]}]},{"@type":"WebPage","@id":"https:\/\/www.santjoandalacant.es\/ca\/entrenadors-del-southampton-impartiran-en-el-poliesportiu-un-campus-de-futbol-en-angles-durant-les-vacacions-de-pasqua\/","url":"https:\/\/www.santjoandalacant.es\/ca\/entrenadors-del-southampton-impartiran-en-el-poliesportiu-un-campus-de-futbol-en-angles-durant-les-vacacions-de-pasqua\/","name":"Entrenadors del Southampton impartiran en el Poliesportiu un Campus de Futbol en angl\u00e9s durant les vacacions de Pasqua - Sant Joan d&#039;Alacant","isPartOf":{"@id":"https:\/\/www.santjoandalacant.es\/ca\/#website"},"primaryImageOfPage":{"@id":"https:\/\/www.santjoandalacant.es\/ca\/entrenadors-del-southampton-impartiran-en-el-poliesportiu-un-campus-de-futbol-en-angles-durant-les-vacacions-de-pasqua\/#primaryimage"},"image":{"@id":"https:\/\/www.santjoandalacant.es\/ca\/entrenadors-del-southampton-impartiran-en-el-poliesportiu-un-campus-de-futbol-en-angles-durant-les-vacacions-de-pasqua\/#primaryimage"},"thumbnailUrl":"https:\/\/www.santjoandalacant.es\/wp-content\/uploads\/2017\/06\/campus_futbol_ingles_02_0-scaled.jpg","datePublished":"2016-03-07T09:09:37+00:00","breadcrumb":{"@id":"https:\/\/www.santjoandalacant.es\/ca\/entrenadors-del-southampton-impartiran-en-el-poliesportiu-un-campus-de-futbol-en-angles-durant-les-vacacions-de-pasqua\/#breadcrumb"},"inLanguage":"va","potentialAction":[{"@type":"ReadAction","target":["https:\/\/www.santjoandalacant.es\/ca\/entrenadors-del-southampton-impartiran-en-el-poliesportiu-un-campus-de-futbol-en-angles-durant-les-vacacions-de-pasqua\/"]}]},{"@type":"ImageObject","inLanguage":"va","@id":"https:\/\/www.santjoandalacant.es\/ca\/entrenadors-del-southampton-impartiran-en-el-poliesportiu-un-campus-de-futbol-en-angles-durant-les-vacacions-de-pasqua\/#primaryimage","url":"https:\/\/www.santjoandalacant.es\/wp-content\/uploads\/2017\/06\/campus_futbol_ingles_02_0-scaled.jpg","contentUrl":"https:\/\/www.santjoandalacant.es\/wp-content\/uploads\/2017\/06\/campus_futbol_ingles_02_0-scaled.jpg","width":2560,"height":1440},{"@type":"BreadcrumbList","@id":"https:\/\/www.santjoandalacant.es\/ca\/entrenadors-del-southampton-impartiran-en-el-poliesportiu-un-campus-de-futbol-en-angles-durant-les-vacacions-de-pasqua\/#breadcrumb","itemListElement":[{"@type":"ListItem","position":1,"name":"Inicio","item":"https:\/\/www.santjoandalacant.es\/ca\/"},{"@type":"ListItem","position":2,"name":"Entrenadors del Southampton impartiran en el Poliesportiu un Campus de Futbol en angl\u00e9s durant les vacacions de Pasqua"}]},{"@type":"WebSite","@id":"https:\/\/www.santjoandalacant.es\/ca\/#website","url":"https:\/\/www.santjoandalacant.es\/ca\/","name":"Sant Joan d'Alacant","description":"","publisher":{"@id":"https:\/\/www.santjoandalacant.es\/ca\/#organization"},"potentialAction":[{"@type":"SearchAction","target":{"@type":"EntryPoint","urlTemplate":"https:\/\/www.santjoandalacant.es\/ca\/?s={search_term_string}"},"query-input":{"@type":"PropertyValueSpecification","valueRequired":true,"valueName":"search_term_string"}}],"inLanguage":"va"},{"@type":"Organization","@id":"https:\/\/www.santjoandalacant.es\/ca\/#organization","name":"Sant Joan d'Alacant","url":"https:\/\/www.santjoandalacant.es\/ca\/","logo":{"@type":"ImageObject","inLanguage":"va","@id":"https:\/\/www.santjoandalacant.es\/ca\/#\/schema\/logo\/image\/","url":"https:\/\/www.santjoandalacant.es\/wp-content\/uploads\/2023\/08\/logoSJ.png","contentUrl":"https:\/\/www.santjoandalacant.es\/wp-content\/uploads\/2023\/08\/logoSJ.png","width":198,"height":253,"caption":"Sant Joan d'Alacant"},"image":{"@id":"https:\/\/www.santjoandalacant.es\/ca\/#\/schema\/logo\/image\/"},"sameAs":["https:\/\/www.facebook.com\/santjoandalacant\/","https:\/\/www.instagram.com\/santjoandalacant\/","https:\/\/www.youtube.com\/user\/santjoandalacant"]},{"@type":"Person","@id":"https:\/\/www.santjoandalacant.es\/ca\/#\/schema\/person\/74b89bc7b26e6edafb76cd69420cd790","name":"6tems","image":{"@type":"ImageObject","inLanguage":"va","@id":"https:\/\/secure.gravatar.com\/avatar\/1c939d9bf86da56568327e5d52b159d089efba17cde140c49884e3fe77ef9c66?s=96&d=mm&r=g","url":"https:\/\/secure.gravatar.com\/avatar\/1c939d9bf86da56568327e5d52b159d089efba17cde140c49884e3fe77ef9c66?s=96&d=mm&r=g","contentUrl":"https:\/\/secure.gravatar.com\/avatar\/1c939d9bf86da56568327e5d52b159d089efba17cde140c49884e3fe77ef9c66?s=96&d=mm&r=g","caption":"6tems"},"sameAs":["https:\/\/www.santjoandalacant.es"],"url":"https:\/\/www.santjoandalacant.es\/ca\/author\/adminasap\/"}]}},"_links":{"self":[{"href":"https:\/\/www.santjoandalacant.es\/ca\/wp-json\/wp\/v2\/posts\/76339","targetHints":{"allow":["GET"]}}],"collection":[{"href":"https:\/\/www.santjoandalacant.es\/ca\/wp-json\/wp\/v2\/posts"}],"about":[{"href":"https:\/\/www.santjoandalacant.es\/ca\/wp-json\/wp\/v2\/types\/post"}],"author":[{"embeddable":true,"href":"https:\/\/www.santjoandalacant.es\/ca\/wp-json\/wp\/v2\/users\/1"}],"replies":[{"embeddable":true,"href":"https:\/\/www.santjoandalacant.es\/ca\/wp-json\/wp\/v2\/comments?post=76339"}],"version-history":[{"count":0,"href":"https:\/\/www.santjoandalacant.es\/ca\/wp-json\/wp\/v2\/posts\/76339\/revisions"}],"wp:featuredmedia":[{"embeddable":true,"href":"https:\/\/www.santjoandalacant.es\/ca\/wp-json\/wp\/v2\/media\/27276"}],"wp:attachment":[{"href":"https:\/\/www.santjoandalacant.es\/ca\/wp-json\/wp\/v2\/media?parent=76339"}],"wp:term":[{"taxonomy":"category","embeddable":true,"href":"https:\/\/www.santjoandalacant.es\/ca\/wp-json\/wp\/v2\/categories?post=76339"},{"taxonomy":"post_tag","embeddable":true,"href":"https:\/\/www.santjoandalacant.es\/ca\/wp-json\/wp\/v2\/tags?post=76339"},{"taxonomy":"areas","embeddable":true,"href":"https:\/\/www.santjoandalacant.es\/ca\/wp-json\/wp\/v2\/areas?post=76339"}],"curies":[{"name":"wp","href":"https:\/\/api.w.org\/{rel}","templated":true}]}}