{"id":76344,"date":"2016-03-04T13:39:56","date_gmt":"2016-03-04T13:39:56","guid":{"rendered":"https:\/\/santjoan.developersasapglobalsolution.com\/lajuntament-vol-donar-li-visibilitat-turistica-al-municipi-amb-un-logo-un-eslogan-un-fullet-promocional-i-una-nova-pagina-web\/"},"modified":"2016-03-04T13:39:56","modified_gmt":"2016-03-04T13:39:56","slug":"lajuntament-vol-donar-li-visibilitat-turistica-al-municipi-amb-un-logo-un-eslogan-un-fullet-promocional-i-una-nova-pagina-web","status":"publish","type":"post","link":"https:\/\/www.santjoandalacant.es\/ca\/lajuntament-vol-donar-li-visibilitat-turistica-al-municipi-amb-un-logo-un-eslogan-un-fullet-promocional-i-una-nova-pagina-web\/","title":{"rendered":"L&#8217;Ajuntament vol donar-li visibilitat tur\u00edstica al municipi amb un logo, un esl\u00f2gan, un fullet promocional i una nova p\u00e0gina web"},"content":{"rendered":"<p>\nDes de hui, 4 de mar\u00e7, l&#8217;Ajuntament de Sant Joan d&#8217;Alacant t\u00e9 un nou logotip tur\u00edstic, que ve acompanyat d&#8217;un esl\u00f2gan amb un missatge directe i molt definit de les possibilitats de la localitat. \u2018Prop de tot&#8217; \u00e9s el \u2018claim&#8217; creat per la Regidoria, amb el que es pretenen difondre les excel\u2022l\u00e8ncies o qualitats de Sant Joan. El logotip i l&#8217;esl\u00f2gan es van a difondre per diversos suports promocionals, tant de car\u00e0cter off line, com \u00e9s un fullet publicitari en paper, com de tipus on \u2018line&#8217;, comen\u00e7ant per una p\u00e0gina web que no presenta cap dubte en qualsevol dels seus dos dominis d&#8217;Internet: www.turismosantjoan.es www.turismosantjoan.com. L&#8217;acc\u00e9s a esta web i tots els seus continguts ser\u00e0 possible a partir de juny.<br \/>\nEste migdia ha tingut lloc en l&#8217;Ajuntament de Sant Joan la roda de premsa on s&#8217;han donat a con\u00e9ixer estes ferramentes de promoci\u00f3 tur\u00edstica. A la roda de premsa han assistit l&#8217;alcalde de Sant Joan, Jaume Blanc, la regidora de Turisme, Ana\u00ed Carre\u00f1o, i els creadors del fullet tur\u00edstic i dels continguts de la futura p\u00e0gina web, Ver\u00f3nica Quiles i Miguel Mart\u00ednez (de l&#8217;empresa d&#8217;investigaci\u00f3 paisatg\u00edstica i patrimonial Calidoscopi Estudi). <br \/>\nEl nou logotip, \u00e9s una imatge molt mediterr\u00e0nia i fresca, que evoca un lloc on disfrutar. Tot aix\u00f2 amb una tipografia senzilla, de tra\u00e7 gros i una icona central -la palmera- que anuncia clarament el clima i el lloc en qu\u00e8 estem. La imatge \u00e9s compacta, funciona amb qualsevol color i \u00e9s efica\u00e7 sobretot tipus de suports. En breu esta imatge es convertir\u00e0 en un referent identitari per a la ciutat, per tots reconeguda. El dissenyador de la marca tur\u00edstica ha sigut Ra\u00fal Barcel\u00f3, de l&#8217;empresa A\u00f1ade.\n<\/p>\n<p align=\"justify\">\n<img fetchpriority=\"high\" decoding=\"async\" class=\" size-full wp-image-27294\" src=\"https:\/\/www.santjoandalacant.es\/wp-content\/uploads\/2016\/03\/marcasantjoanturismo_REDUC_1.jpg\" width=\"500\" height=\"358\" srcset=\"https:\/\/www.santjoandalacant.es\/wp-content\/uploads\/2016\/03\/marcasantjoanturismo_REDUC_1.jpg 500w, https:\/\/www.santjoandalacant.es\/wp-content\/uploads\/2016\/03\/marcasantjoanturismo_REDUC_1-300x215.jpg 300w\" sizes=\"(max-width: 500px) 100vw, 500px\" \/><br \/>\nI l&#8217;esl\u00f2gan &#8216;Prop de tot&#8217; indica que Sant Joan d&#8217;Alacant t\u00e9 tot all\u00f2 que un visitant pot desitjar. Est\u00e0 prop de la platja, prop de la muntanya, prop de qualsevol servici comercial que desitge, prop de la naturalesa, prop de la cultura, prop de l&#8217;esport, prop d&#8217;amplis servicis sanitaris, de la universitat, prop per a con\u00e9ixer les nostres tradicions, els nostres festejos que s\u00f3n molts, la nostra gastronomia i prop del gran talent que oferixen les associacions locals del nostre poble.\n<\/p>\n<p align=\"justify\">\nLa responsable municipal de Turisme, Ana\u00ed Carre\u00f1o, hi ha assenyalat que hui \u00e9s &quot;un dia important per al turisme en la nostra localitat, perqu\u00e8 iniciem amb la presentaci\u00f3 d&#8217;esta marca tur\u00edstica i l&#8217;esl\u00f2gan \u2018Prop de tot&#8217; una nova etapa de visibilitat del turisme en Sant Joan, inexistent fins a la data. Una de les labors que vaig assumir despr\u00e9s d&#8217;aterrar en esta regidoria va ser la de con\u00e9ixer en profunditat el treball realitzat en els \u00faltims anys en relaci\u00f3 a este \u00e0rea i vaig descobrir que a pesar de comptar amb un patrimoni material i immaterial prou important per a una localitat tan xicoteta com la nostra, no hav\u00edem sigut capa\u00e7os de posar en valor estos reclams tur\u00edstics i que era la meua comesa buscar la formula m\u00e9s apropiada de donar-li la import\u00e0ncia que es mereix el nostre poble, les nostres tradicions i les nostres gents&quot;.<br \/>\nSegons l&#8217;opini\u00f3 d&#8217;Ana\u00ed Carre\u00f1o, &quot;que el turisme \u00e9s un dels motors m\u00e9s importants de l&#8217;economia no ho pot discutir ning\u00fa, per aix\u00f2 devem emfatitzar tots els recursos locals que tenim i buscar la manera m\u00e9s efica\u00e7 de generar i definir atractius tur\u00edstics que generen experi\u00e8ncies inoblidables per als visitants de la nostra localitat&quot;.<br \/>\n&quot;Identificar els nostres senyals identitaris no ha sigut f\u00e0cil. Per aix\u00f2, estem treballant des de la transversalitat de totes les \u00e0rees per a crear el cam\u00ed m\u00e9s adequat, que ens impulse com a destinaci\u00f3 tur\u00edstica i reclam per a visitants i viatgers. Per tant, hem comen\u00e7at una tasca d&#8217;estudi minuci\u00f3s de totes les \u00e0rees que influ\u00efxen en el turisme local, per a aconseguir la nostra comesa i tra\u00e7arem en una web tur\u00edstica, tots els camps d&#8217;actuaci\u00f3, des de l&#8217;exposici\u00f3 patrimonial i festera, cultural, esportiva, sanit\u00e0ria, mediambiental, gastron\u00f2mica, comercial, hotelera, els allotjaments i unes quantes rutes amb encant que faran atractives les nostres propostes tur\u00edstiques futures&quot;, ha afegit la regidora de Turisme. <br \/>\nI la primera pedra en eixe cam\u00ed s&#8217;inicia amb esta marca tur\u00edstica que hui s&#8217;ha presentat. Perqu\u00e8 Sant Joan d&#8217;Alacant est\u00e0 &#8216;Prop de tot&#8217;.\n<\/p>\n<p align=\"center\">\n<img decoding=\"async\" class=\" size-full wp-image-27296\" src=\"https:\/\/www.santjoandalacant.es\/wp-content\/uploads\/2016\/03\/carton1_0.jpg\" width=\"500\" height=\"357\" srcset=\"https:\/\/www.santjoandalacant.es\/wp-content\/uploads\/2016\/03\/carton1_0.jpg 500w, https:\/\/www.santjoandalacant.es\/wp-content\/uploads\/2016\/03\/carton1_0-300x214.jpg 300w\" sizes=\"(max-width: 500px) 100vw, 500px\" \/><\/p>\n","protected":false},"excerpt":{"rendered":"<p>\nDes de hui, 4 de mar\u00e7, l&#8217;Ajuntament de Sant Joan d&#8217;Alacant t\u00e9 un nou logotip tur\u00edstic, que ve acompanyat d&#8217;un esl\u00f2gan amb un missatge directe i molt definit de les possibilitats de la localitat. \u2018Prop de tot&#8217; \u00e9s el \u2018claim&#8217; creat per la Regidoria, amb el que es pretenen difondre les excel\u2022l\u00e8ncies o qualitats de Sant Joan.<\/p>\n","protected":false},"author":1,"featured_media":27292,"comment_status":"open","ping_status":"open","sticky":false,"template":"","format":"standard","meta":{"_acf_changed":false,"rs_blank_template":"","rs_page_bg_color":"","slide_template_v7":"","footnotes":""},"categories":[1],"tags":[],"areas":[1017],"class_list":["post-76344","post","type-post","status-publish","format-standard","has-post-thumbnail","hentry","category-sin-categorizar","areas-turismo-ca"],"acf":[],"yoast_head":"<!-- This site is optimized with the Yoast SEO plugin v28.2 - https:\/\/yoast.com\/product\/yoast-seo-wordpress\/ -->\n<title>L&#039;Ajuntament vol donar-li visibilitat tur\u00edstica al municipi amb un logo, un esl\u00f2gan, un fullet promocional i una nova p\u00e0gina web - Sant Joan d&#039;Alacant<\/title>\n<meta name=\"robots\" content=\"index, follow, max-snippet:-1, max-image-preview:large, max-video-preview:-1\" \/>\n<link rel=\"canonical\" href=\"https:\/\/www.santjoandalacant.es\/ca\/lajuntament-vol-donar-li-visibilitat-turistica-al-municipi-amb-un-logo-un-eslogan-un-fullet-promocional-i-una-nova-pagina-web\/\" \/>\n<meta property=\"og:locale\" content=\"en_US\" \/>\n<meta property=\"og:type\" content=\"article\" \/>\n<meta property=\"og:title\" content=\"L&#039;Ajuntament vol donar-li visibilitat tur\u00edstica al municipi amb un logo, un esl\u00f2gan, un fullet promocional i una nova p\u00e0gina web - Sant Joan d&#039;Alacant\" \/>\n<meta property=\"og:description\" content=\"Des de hui, 4 de mar\u00e7, l&#039;Ajuntament de Sant Joan d&#039;Alacant t\u00e9 un nou logotip tur\u00edstic, que ve acompanyat d&#039;un esl\u00f2gan amb un missatge directe i molt definit de les possibilitats de la localitat. \u2018Prop de tot&#039; \u00e9s el \u2018claim&#039; creat per la Regidoria, amb el que es pretenen difondre les excel\u2022l\u00e8ncies o qualitats de Sant Joan.\" \/>\n<meta property=\"og:url\" content=\"https:\/\/www.santjoandalacant.es\/ca\/lajuntament-vol-donar-li-visibilitat-turistica-al-municipi-amb-un-logo-un-eslogan-un-fullet-promocional-i-una-nova-pagina-web\/\" \/>\n<meta property=\"og:site_name\" content=\"Sant Joan d&#039;Alacant\" \/>\n<meta property=\"article:publisher\" content=\"https:\/\/www.facebook.com\/santjoandalacant\/\" \/>\n<meta property=\"article:published_time\" content=\"2016-03-04T13:39:56+00:00\" \/>\n<meta property=\"og:image\" content=\"https:\/\/www.santjoandalacant.es\/wp-content\/uploads\/2017\/06\/presentacion_marca_turistica_01.jpg\" \/>\n\t<meta property=\"og:image:width\" content=\"1500\" \/>\n\t<meta property=\"og:image:height\" content=\"1112\" \/>\n\t<meta property=\"og:image:type\" content=\"image\/jpeg\" \/>\n<meta name=\"author\" content=\"6tems\" \/>\n<meta name=\"twitter:card\" content=\"summary_large_image\" \/>\n<meta name=\"twitter:label1\" content=\"Written by\" \/>\n\t<meta name=\"twitter:data1\" content=\"6tems\" \/>\n\t<meta name=\"twitter:label2\" content=\"Est. reading time\" \/>\n\t<meta name=\"twitter:data2\" content=\"4 minutes\" \/>\n<script type=\"application\/ld+json\" class=\"yoast-schema-graph\">{\"@context\":\"https:\\\/\\\/schema.org\",\"@graph\":[{\"@type\":\"Article\",\"@id\":\"https:\\\/\\\/www.santjoandalacant.es\\\/ca\\\/lajuntament-vol-donar-li-visibilitat-turistica-al-municipi-amb-un-logo-un-eslogan-un-fullet-promocional-i-una-nova-pagina-web\\\/#article\",\"isPartOf\":{\"@id\":\"https:\\\/\\\/www.santjoandalacant.es\\\/ca\\\/lajuntament-vol-donar-li-visibilitat-turistica-al-municipi-amb-un-logo-un-eslogan-un-fullet-promocional-i-una-nova-pagina-web\\\/\"},\"author\":{\"name\":\"6tems\",\"@id\":\"https:\\\/\\\/www.santjoandalacant.es\\\/ca\\\/#\\\/schema\\\/person\\\/74b89bc7b26e6edafb76cd69420cd790\"},\"headline\":\"L&#8217;Ajuntament vol donar-li visibilitat tur\u00edstica al municipi amb un logo, un esl\u00f2gan, un fullet promocional i una nova p\u00e0gina web\",\"datePublished\":\"2016-03-04T13:39:56+00:00\",\"mainEntityOfPage\":{\"@id\":\"https:\\\/\\\/www.santjoandalacant.es\\\/ca\\\/lajuntament-vol-donar-li-visibilitat-turistica-al-municipi-amb-un-logo-un-eslogan-un-fullet-promocional-i-una-nova-pagina-web\\\/\"},\"wordCount\":804,\"commentCount\":0,\"publisher\":{\"@id\":\"https:\\\/\\\/www.santjoandalacant.es\\\/ca\\\/#organization\"},\"image\":{\"@id\":\"https:\\\/\\\/www.santjoandalacant.es\\\/ca\\\/lajuntament-vol-donar-li-visibilitat-turistica-al-municipi-amb-un-logo-un-eslogan-un-fullet-promocional-i-una-nova-pagina-web\\\/#primaryimage\"},\"thumbnailUrl\":\"https:\\\/\\\/www.santjoandalacant.es\\\/wp-content\\\/uploads\\\/2017\\\/06\\\/presentacion_marca_turistica_01.jpg\",\"articleSection\":[\"Sin categorizar\"],\"inLanguage\":\"va\",\"potentialAction\":[{\"@type\":\"CommentAction\",\"name\":\"Comment\",\"target\":[\"https:\\\/\\\/www.santjoandalacant.es\\\/ca\\\/lajuntament-vol-donar-li-visibilitat-turistica-al-municipi-amb-un-logo-un-eslogan-un-fullet-promocional-i-una-nova-pagina-web\\\/#respond\"]}]},{\"@type\":\"WebPage\",\"@id\":\"https:\\\/\\\/www.santjoandalacant.es\\\/ca\\\/lajuntament-vol-donar-li-visibilitat-turistica-al-municipi-amb-un-logo-un-eslogan-un-fullet-promocional-i-una-nova-pagina-web\\\/\",\"url\":\"https:\\\/\\\/www.santjoandalacant.es\\\/ca\\\/lajuntament-vol-donar-li-visibilitat-turistica-al-municipi-amb-un-logo-un-eslogan-un-fullet-promocional-i-una-nova-pagina-web\\\/\",\"name\":\"L'Ajuntament vol donar-li visibilitat tur\u00edstica al municipi amb un logo, un esl\u00f2gan, un fullet promocional i una nova p\u00e0gina web - Sant Joan d&#039;Alacant\",\"isPartOf\":{\"@id\":\"https:\\\/\\\/www.santjoandalacant.es\\\/ca\\\/#website\"},\"primaryImageOfPage\":{\"@id\":\"https:\\\/\\\/www.santjoandalacant.es\\\/ca\\\/lajuntament-vol-donar-li-visibilitat-turistica-al-municipi-amb-un-logo-un-eslogan-un-fullet-promocional-i-una-nova-pagina-web\\\/#primaryimage\"},\"image\":{\"@id\":\"https:\\\/\\\/www.santjoandalacant.es\\\/ca\\\/lajuntament-vol-donar-li-visibilitat-turistica-al-municipi-amb-un-logo-un-eslogan-un-fullet-promocional-i-una-nova-pagina-web\\\/#primaryimage\"},\"thumbnailUrl\":\"https:\\\/\\\/www.santjoandalacant.es\\\/wp-content\\\/uploads\\\/2017\\\/06\\\/presentacion_marca_turistica_01.jpg\",\"datePublished\":\"2016-03-04T13:39:56+00:00\",\"breadcrumb\":{\"@id\":\"https:\\\/\\\/www.santjoandalacant.es\\\/ca\\\/lajuntament-vol-donar-li-visibilitat-turistica-al-municipi-amb-un-logo-un-eslogan-un-fullet-promocional-i-una-nova-pagina-web\\\/#breadcrumb\"},\"inLanguage\":\"va\",\"potentialAction\":[{\"@type\":\"ReadAction\",\"target\":[\"https:\\\/\\\/www.santjoandalacant.es\\\/ca\\\/lajuntament-vol-donar-li-visibilitat-turistica-al-municipi-amb-un-logo-un-eslogan-un-fullet-promocional-i-una-nova-pagina-web\\\/\"]}]},{\"@type\":\"ImageObject\",\"inLanguage\":\"va\",\"@id\":\"https:\\\/\\\/www.santjoandalacant.es\\\/ca\\\/lajuntament-vol-donar-li-visibilitat-turistica-al-municipi-amb-un-logo-un-eslogan-un-fullet-promocional-i-una-nova-pagina-web\\\/#primaryimage\",\"url\":\"https:\\\/\\\/www.santjoandalacant.es\\\/wp-content\\\/uploads\\\/2017\\\/06\\\/presentacion_marca_turistica_01.jpg\",\"contentUrl\":\"https:\\\/\\\/www.santjoandalacant.es\\\/wp-content\\\/uploads\\\/2017\\\/06\\\/presentacion_marca_turistica_01.jpg\",\"width\":1500,\"height\":1112},{\"@type\":\"BreadcrumbList\",\"@id\":\"https:\\\/\\\/www.santjoandalacant.es\\\/ca\\\/lajuntament-vol-donar-li-visibilitat-turistica-al-municipi-amb-un-logo-un-eslogan-un-fullet-promocional-i-una-nova-pagina-web\\\/#breadcrumb\",\"itemListElement\":[{\"@type\":\"ListItem\",\"position\":1,\"name\":\"Inicio\",\"item\":\"https:\\\/\\\/www.santjoandalacant.es\\\/ca\\\/\"},{\"@type\":\"ListItem\",\"position\":2,\"name\":\"L&#8217;Ajuntament vol donar-li visibilitat tur\u00edstica al municipi amb un logo, un esl\u00f2gan, un fullet promocional i una nova p\u00e0gina web\"}]},{\"@type\":\"WebSite\",\"@id\":\"https:\\\/\\\/www.santjoandalacant.es\\\/ca\\\/#website\",\"url\":\"https:\\\/\\\/www.santjoandalacant.es\\\/ca\\\/\",\"name\":\"Sant Joan d'Alacant\",\"description\":\"\",\"publisher\":{\"@id\":\"https:\\\/\\\/www.santjoandalacant.es\\\/ca\\\/#organization\"},\"potentialAction\":[{\"@type\":\"SearchAction\",\"target\":{\"@type\":\"EntryPoint\",\"urlTemplate\":\"https:\\\/\\\/www.santjoandalacant.es\\\/ca\\\/?s={search_term_string}\"},\"query-input\":{\"@type\":\"PropertyValueSpecification\",\"valueRequired\":true,\"valueName\":\"search_term_string\"}}],\"inLanguage\":\"va\"},{\"@type\":\"Organization\",\"@id\":\"https:\\\/\\\/www.santjoandalacant.es\\\/ca\\\/#organization\",\"name\":\"Sant Joan d'Alacant\",\"url\":\"https:\\\/\\\/www.santjoandalacant.es\\\/ca\\\/\",\"logo\":{\"@type\":\"ImageObject\",\"inLanguage\":\"va\",\"@id\":\"https:\\\/\\\/www.santjoandalacant.es\\\/ca\\\/#\\\/schema\\\/logo\\\/image\\\/\",\"url\":\"https:\\\/\\\/www.santjoandalacant.es\\\/wp-content\\\/uploads\\\/2023\\\/08\\\/logoSJ.png\",\"contentUrl\":\"https:\\\/\\\/www.santjoandalacant.es\\\/wp-content\\\/uploads\\\/2023\\\/08\\\/logoSJ.png\",\"width\":198,\"height\":253,\"caption\":\"Sant Joan d'Alacant\"},\"image\":{\"@id\":\"https:\\\/\\\/www.santjoandalacant.es\\\/ca\\\/#\\\/schema\\\/logo\\\/image\\\/\"},\"sameAs\":[\"https:\\\/\\\/www.facebook.com\\\/santjoandalacant\\\/\",\"https:\\\/\\\/www.instagram.com\\\/santjoandalacant\\\/\",\"https:\\\/\\\/www.youtube.com\\\/user\\\/santjoandalacant\"]},{\"@type\":\"Person\",\"@id\":\"https:\\\/\\\/www.santjoandalacant.es\\\/ca\\\/#\\\/schema\\\/person\\\/74b89bc7b26e6edafb76cd69420cd790\",\"name\":\"6tems\",\"image\":{\"@type\":\"ImageObject\",\"inLanguage\":\"va\",\"@id\":\"https:\\\/\\\/secure.gravatar.com\\\/avatar\\\/1c939d9bf86da56568327e5d52b159d089efba17cde140c49884e3fe77ef9c66?s=96&d=mm&r=g\",\"url\":\"https:\\\/\\\/secure.gravatar.com\\\/avatar\\\/1c939d9bf86da56568327e5d52b159d089efba17cde140c49884e3fe77ef9c66?s=96&d=mm&r=g\",\"contentUrl\":\"https:\\\/\\\/secure.gravatar.com\\\/avatar\\\/1c939d9bf86da56568327e5d52b159d089efba17cde140c49884e3fe77ef9c66?s=96&d=mm&r=g\",\"caption\":\"6tems\"},\"sameAs\":[\"https:\\\/\\\/www.santjoandalacant.es\"],\"url\":\"https:\\\/\\\/www.santjoandalacant.es\\\/ca\\\/author\\\/adminasap\\\/\"}]}<\/script>\n<!-- \/ Yoast SEO plugin. -->","yoast_head_json":{"title":"L'Ajuntament vol donar-li visibilitat tur\u00edstica al municipi amb un logo, un esl\u00f2gan, un fullet promocional i una nova p\u00e0gina web - Sant Joan d&#039;Alacant","robots":{"index":"index","follow":"follow","max-snippet":"max-snippet:-1","max-image-preview":"max-image-preview:large","max-video-preview":"max-video-preview:-1"},"canonical":"https:\/\/www.santjoandalacant.es\/ca\/lajuntament-vol-donar-li-visibilitat-turistica-al-municipi-amb-un-logo-un-eslogan-un-fullet-promocional-i-una-nova-pagina-web\/","og_locale":"en_US","og_type":"article","og_title":"L'Ajuntament vol donar-li visibilitat tur\u00edstica al municipi amb un logo, un esl\u00f2gan, un fullet promocional i una nova p\u00e0gina web - Sant Joan d&#039;Alacant","og_description":"Des de hui, 4 de mar\u00e7, l'Ajuntament de Sant Joan d'Alacant t\u00e9 un nou logotip tur\u00edstic, que ve acompanyat d'un esl\u00f2gan amb un missatge directe i molt definit de les possibilitats de la localitat. \u2018Prop de tot' \u00e9s el \u2018claim' creat per la Regidoria, amb el que es pretenen difondre les excel\u2022l\u00e8ncies o qualitats de Sant Joan.","og_url":"https:\/\/www.santjoandalacant.es\/ca\/lajuntament-vol-donar-li-visibilitat-turistica-al-municipi-amb-un-logo-un-eslogan-un-fullet-promocional-i-una-nova-pagina-web\/","og_site_name":"Sant Joan d&#039;Alacant","article_publisher":"https:\/\/www.facebook.com\/santjoandalacant\/","article_published_time":"2016-03-04T13:39:56+00:00","og_image":[{"width":1500,"height":1112,"url":"https:\/\/www.santjoandalacant.es\/wp-content\/uploads\/2017\/06\/presentacion_marca_turistica_01.jpg","type":"image\/jpeg"}],"author":"6tems","twitter_card":"summary_large_image","twitter_misc":{"Written by":"6tems","Est. reading time":"4 minutes"},"schema":{"@context":"https:\/\/schema.org","@graph":[{"@type":"Article","@id":"https:\/\/www.santjoandalacant.es\/ca\/lajuntament-vol-donar-li-visibilitat-turistica-al-municipi-amb-un-logo-un-eslogan-un-fullet-promocional-i-una-nova-pagina-web\/#article","isPartOf":{"@id":"https:\/\/www.santjoandalacant.es\/ca\/lajuntament-vol-donar-li-visibilitat-turistica-al-municipi-amb-un-logo-un-eslogan-un-fullet-promocional-i-una-nova-pagina-web\/"},"author":{"name":"6tems","@id":"https:\/\/www.santjoandalacant.es\/ca\/#\/schema\/person\/74b89bc7b26e6edafb76cd69420cd790"},"headline":"L&#8217;Ajuntament vol donar-li visibilitat tur\u00edstica al municipi amb un logo, un esl\u00f2gan, un fullet promocional i una nova p\u00e0gina web","datePublished":"2016-03-04T13:39:56+00:00","mainEntityOfPage":{"@id":"https:\/\/www.santjoandalacant.es\/ca\/lajuntament-vol-donar-li-visibilitat-turistica-al-municipi-amb-un-logo-un-eslogan-un-fullet-promocional-i-una-nova-pagina-web\/"},"wordCount":804,"commentCount":0,"publisher":{"@id":"https:\/\/www.santjoandalacant.es\/ca\/#organization"},"image":{"@id":"https:\/\/www.santjoandalacant.es\/ca\/lajuntament-vol-donar-li-visibilitat-turistica-al-municipi-amb-un-logo-un-eslogan-un-fullet-promocional-i-una-nova-pagina-web\/#primaryimage"},"thumbnailUrl":"https:\/\/www.santjoandalacant.es\/wp-content\/uploads\/2017\/06\/presentacion_marca_turistica_01.jpg","articleSection":["Sin categorizar"],"inLanguage":"va","potentialAction":[{"@type":"CommentAction","name":"Comment","target":["https:\/\/www.santjoandalacant.es\/ca\/lajuntament-vol-donar-li-visibilitat-turistica-al-municipi-amb-un-logo-un-eslogan-un-fullet-promocional-i-una-nova-pagina-web\/#respond"]}]},{"@type":"WebPage","@id":"https:\/\/www.santjoandalacant.es\/ca\/lajuntament-vol-donar-li-visibilitat-turistica-al-municipi-amb-un-logo-un-eslogan-un-fullet-promocional-i-una-nova-pagina-web\/","url":"https:\/\/www.santjoandalacant.es\/ca\/lajuntament-vol-donar-li-visibilitat-turistica-al-municipi-amb-un-logo-un-eslogan-un-fullet-promocional-i-una-nova-pagina-web\/","name":"L'Ajuntament vol donar-li visibilitat tur\u00edstica al municipi amb un logo, un esl\u00f2gan, un fullet promocional i una nova p\u00e0gina web - Sant Joan d&#039;Alacant","isPartOf":{"@id":"https:\/\/www.santjoandalacant.es\/ca\/#website"},"primaryImageOfPage":{"@id":"https:\/\/www.santjoandalacant.es\/ca\/lajuntament-vol-donar-li-visibilitat-turistica-al-municipi-amb-un-logo-un-eslogan-un-fullet-promocional-i-una-nova-pagina-web\/#primaryimage"},"image":{"@id":"https:\/\/www.santjoandalacant.es\/ca\/lajuntament-vol-donar-li-visibilitat-turistica-al-municipi-amb-un-logo-un-eslogan-un-fullet-promocional-i-una-nova-pagina-web\/#primaryimage"},"thumbnailUrl":"https:\/\/www.santjoandalacant.es\/wp-content\/uploads\/2017\/06\/presentacion_marca_turistica_01.jpg","datePublished":"2016-03-04T13:39:56+00:00","breadcrumb":{"@id":"https:\/\/www.santjoandalacant.es\/ca\/lajuntament-vol-donar-li-visibilitat-turistica-al-municipi-amb-un-logo-un-eslogan-un-fullet-promocional-i-una-nova-pagina-web\/#breadcrumb"},"inLanguage":"va","potentialAction":[{"@type":"ReadAction","target":["https:\/\/www.santjoandalacant.es\/ca\/lajuntament-vol-donar-li-visibilitat-turistica-al-municipi-amb-un-logo-un-eslogan-un-fullet-promocional-i-una-nova-pagina-web\/"]}]},{"@type":"ImageObject","inLanguage":"va","@id":"https:\/\/www.santjoandalacant.es\/ca\/lajuntament-vol-donar-li-visibilitat-turistica-al-municipi-amb-un-logo-un-eslogan-un-fullet-promocional-i-una-nova-pagina-web\/#primaryimage","url":"https:\/\/www.santjoandalacant.es\/wp-content\/uploads\/2017\/06\/presentacion_marca_turistica_01.jpg","contentUrl":"https:\/\/www.santjoandalacant.es\/wp-content\/uploads\/2017\/06\/presentacion_marca_turistica_01.jpg","width":1500,"height":1112},{"@type":"BreadcrumbList","@id":"https:\/\/www.santjoandalacant.es\/ca\/lajuntament-vol-donar-li-visibilitat-turistica-al-municipi-amb-un-logo-un-eslogan-un-fullet-promocional-i-una-nova-pagina-web\/#breadcrumb","itemListElement":[{"@type":"ListItem","position":1,"name":"Inicio","item":"https:\/\/www.santjoandalacant.es\/ca\/"},{"@type":"ListItem","position":2,"name":"L&#8217;Ajuntament vol donar-li visibilitat tur\u00edstica al municipi amb un logo, un esl\u00f2gan, un fullet promocional i una nova p\u00e0gina web"}]},{"@type":"WebSite","@id":"https:\/\/www.santjoandalacant.es\/ca\/#website","url":"https:\/\/www.santjoandalacant.es\/ca\/","name":"Sant Joan d'Alacant","description":"","publisher":{"@id":"https:\/\/www.santjoandalacant.es\/ca\/#organization"},"potentialAction":[{"@type":"SearchAction","target":{"@type":"EntryPoint","urlTemplate":"https:\/\/www.santjoandalacant.es\/ca\/?s={search_term_string}"},"query-input":{"@type":"PropertyValueSpecification","valueRequired":true,"valueName":"search_term_string"}}],"inLanguage":"va"},{"@type":"Organization","@id":"https:\/\/www.santjoandalacant.es\/ca\/#organization","name":"Sant Joan d'Alacant","url":"https:\/\/www.santjoandalacant.es\/ca\/","logo":{"@type":"ImageObject","inLanguage":"va","@id":"https:\/\/www.santjoandalacant.es\/ca\/#\/schema\/logo\/image\/","url":"https:\/\/www.santjoandalacant.es\/wp-content\/uploads\/2023\/08\/logoSJ.png","contentUrl":"https:\/\/www.santjoandalacant.es\/wp-content\/uploads\/2023\/08\/logoSJ.png","width":198,"height":253,"caption":"Sant Joan d'Alacant"},"image":{"@id":"https:\/\/www.santjoandalacant.es\/ca\/#\/schema\/logo\/image\/"},"sameAs":["https:\/\/www.facebook.com\/santjoandalacant\/","https:\/\/www.instagram.com\/santjoandalacant\/","https:\/\/www.youtube.com\/user\/santjoandalacant"]},{"@type":"Person","@id":"https:\/\/www.santjoandalacant.es\/ca\/#\/schema\/person\/74b89bc7b26e6edafb76cd69420cd790","name":"6tems","image":{"@type":"ImageObject","inLanguage":"va","@id":"https:\/\/secure.gravatar.com\/avatar\/1c939d9bf86da56568327e5d52b159d089efba17cde140c49884e3fe77ef9c66?s=96&d=mm&r=g","url":"https:\/\/secure.gravatar.com\/avatar\/1c939d9bf86da56568327e5d52b159d089efba17cde140c49884e3fe77ef9c66?s=96&d=mm&r=g","contentUrl":"https:\/\/secure.gravatar.com\/avatar\/1c939d9bf86da56568327e5d52b159d089efba17cde140c49884e3fe77ef9c66?s=96&d=mm&r=g","caption":"6tems"},"sameAs":["https:\/\/www.santjoandalacant.es"],"url":"https:\/\/www.santjoandalacant.es\/ca\/author\/adminasap\/"}]}},"_links":{"self":[{"href":"https:\/\/www.santjoandalacant.es\/ca\/wp-json\/wp\/v2\/posts\/76344","targetHints":{"allow":["GET"]}}],"collection":[{"href":"https:\/\/www.santjoandalacant.es\/ca\/wp-json\/wp\/v2\/posts"}],"about":[{"href":"https:\/\/www.santjoandalacant.es\/ca\/wp-json\/wp\/v2\/types\/post"}],"author":[{"embeddable":true,"href":"https:\/\/www.santjoandalacant.es\/ca\/wp-json\/wp\/v2\/users\/1"}],"replies":[{"embeddable":true,"href":"https:\/\/www.santjoandalacant.es\/ca\/wp-json\/wp\/v2\/comments?post=76344"}],"version-history":[{"count":0,"href":"https:\/\/www.santjoandalacant.es\/ca\/wp-json\/wp\/v2\/posts\/76344\/revisions"}],"wp:featuredmedia":[{"embeddable":true,"href":"https:\/\/www.santjoandalacant.es\/ca\/wp-json\/wp\/v2\/media\/27292"}],"wp:attachment":[{"href":"https:\/\/www.santjoandalacant.es\/ca\/wp-json\/wp\/v2\/media?parent=76344"}],"wp:term":[{"taxonomy":"category","embeddable":true,"href":"https:\/\/www.santjoandalacant.es\/ca\/wp-json\/wp\/v2\/categories?post=76344"},{"taxonomy":"post_tag","embeddable":true,"href":"https:\/\/www.santjoandalacant.es\/ca\/wp-json\/wp\/v2\/tags?post=76344"},{"taxonomy":"areas","embeddable":true,"href":"https:\/\/www.santjoandalacant.es\/ca\/wp-json\/wp\/v2\/areas?post=76344"}],"curies":[{"name":"wp","href":"https:\/\/api.w.org\/{rel}","templated":true}]}}