{"id":76347,"date":"2016-03-04T13:00:20","date_gmt":"2016-03-04T13:00:20","guid":{"rendered":"https:\/\/santjoan.developersasapglobalsolution.com\/el-teatre-plena-el-cap-de-setmana-en-sant-joan\/"},"modified":"2016-03-04T13:00:20","modified_gmt":"2016-03-04T13:00:20","slug":"el-teatre-plena-el-cap-de-setmana-en-sant-joan","status":"publish","type":"post","link":"https:\/\/www.santjoandalacant.es\/ca\/el-teatre-plena-el-cap-de-setmana-en-sant-joan\/","title":{"rendered":"El teatre plena el cap de setmana en Sant Joan"},"content":{"rendered":"<p>El divendres a les 20:00 hores l&#8217;Aula de Teatre de la UA presentar\u00e0 l&#8217;obra &quot;Despr\u00e9s de la Pluja&quot;, de la m\u00e0 de la seua directora Elena Candela i escrita per Sergi Beldel. Despr\u00e9s de la Pluja \u00c9s una tragicom\u00e8dia que es desenrotlla entre el grup de treballadors d&#8217;una oficina, en la que els anys de sequera es reflectixen en els \u00e0nims dels empleats que pugen al terrat de l&#8217;edifici per a fumar infringint aix\u00ed la normativa de l&#8217;empresa. <\/p>\n<p>\nTamb\u00e9 el dissabte a la mateixa hora, la companyia valenciana Maquinant Teatre oferir\u00e0 &quot;La fragilitat d&#8217;Eros&quot;, una obra on teatre, dansa, m\u00fasica i audiovisuals es fonen per a poder expressar una idea, una hist\u00f2ria i uns sentiments que intentaren acostar-se al p\u00fablic i a la seua mem\u00f2ria per a emocionar-lo i fer-ho viatjar a trav\u00e9s del temps. Concretament a tres moments hist\u00f2rics de la ciutat de Val\u00e8ncia: un bombardeig en una nit de 1938, la vesprada-nit del 23-F i una vaga general en 2013.\n<\/p>\n<p>\n&#160;<\/p>\n","protected":false},"excerpt":{"rendered":"<p>El divendres a les 20:00 hores l&#8217;Aula de Teatre de la UA presentar\u00e0 l&#8217;obra &quot;Despr\u00e9s de la Pluja&quot;, de la m\u00e0 de la seua directora Elena Candela i escrita per Sergi Beldel. Despr\u00e9s de la Pluja \u00c9s una tragicom\u00e8dia que es desenrotlla entre el grup de treballadors d&#8217;una oficina, en la que els anys de sequera es reflectixen en els \u00e0nims dels empleats que pugen al terrat de l&#8217;edifici per a fumar infringint aix\u00ed la normativa de l&#8217;empresa.<\/p>\n","protected":false},"author":1,"featured_media":27313,"comment_status":"open","ping_status":"open","sticky":false,"template":"","format":"standard","meta":{"_acf_changed":false,"rs_blank_template":"","rs_page_bg_color":"","slide_template_v7":"","footnotes":""},"categories":[1],"tags":[],"areas":[1019],"class_list":["post-76347","post","type-post","status-publish","format-standard","has-post-thumbnail","hentry","category-sin-categorizar","areas-cultura-ca"],"acf":[],"yoast_head":"<!-- This site is optimized with the Yoast SEO plugin v28.2 - https:\/\/yoast.com\/product\/yoast-seo-wordpress\/ -->\n<title>El teatre plena el cap de setmana en Sant Joan - Sant Joan d&#039;Alacant<\/title>\n<meta name=\"robots\" content=\"index, follow, max-snippet:-1, max-image-preview:large, max-video-preview:-1\" \/>\n<link rel=\"canonical\" href=\"https:\/\/www.santjoandalacant.es\/ca\/el-teatre-plena-el-cap-de-setmana-en-sant-joan\/\" \/>\n<meta property=\"og:locale\" content=\"en_US\" \/>\n<meta property=\"og:type\" content=\"article\" \/>\n<meta property=\"og:title\" content=\"El teatre plena el cap de setmana en Sant Joan - Sant Joan d&#039;Alacant\" \/>\n<meta property=\"og:description\" content=\"El divendres a les 20:00 hores l&#039;Aula de Teatre de la UA presentar\u00e0 l&#039;obra &quot;Despr\u00e9s de la Pluja&quot;, de la m\u00e0 de la seua directora Elena Candela i escrita per Sergi Beldel. Despr\u00e9s de la Pluja \u00c9s una tragicom\u00e8dia que es desenrotlla entre el grup de treballadors d&#039;una oficina, en la que els anys de sequera es reflectixen en els \u00e0nims dels empleats que pugen al terrat de l&#039;edifici per a fumar infringint aix\u00ed la normativa de l&#039;empresa.\" \/>\n<meta property=\"og:url\" content=\"https:\/\/www.santjoandalacant.es\/ca\/el-teatre-plena-el-cap-de-setmana-en-sant-joan\/\" \/>\n<meta property=\"og:site_name\" content=\"Sant Joan d&#039;Alacant\" \/>\n<meta property=\"article:publisher\" content=\"https:\/\/www.facebook.com\/santjoandalacant\/\" \/>\n<meta property=\"article:published_time\" content=\"2016-03-04T13:00:20+00:00\" \/>\n<meta property=\"og:image\" content=\"https:\/\/www.santjoandalacant.es\/wp-content\/uploads\/2017\/06\/teatromarzo_0-scaled.jpg\" \/>\n\t<meta property=\"og:image:width\" content=\"2560\" \/>\n\t<meta property=\"og:image:height\" content=\"1810\" \/>\n\t<meta property=\"og:image:type\" content=\"image\/jpeg\" \/>\n<meta name=\"author\" content=\"6tems\" \/>\n<meta name=\"twitter:card\" content=\"summary_large_image\" \/>\n<meta name=\"twitter:label1\" content=\"Written by\" \/>\n\t<meta name=\"twitter:data1\" content=\"6tems\" \/>\n\t<meta name=\"twitter:label2\" content=\"Est. reading time\" \/>\n\t<meta name=\"twitter:data2\" content=\"1 minute\" \/>\n<script type=\"application\/ld+json\" class=\"yoast-schema-graph\">{\"@context\":\"https:\\\/\\\/schema.org\",\"@graph\":[{\"@type\":\"Article\",\"@id\":\"https:\\\/\\\/www.santjoandalacant.es\\\/ca\\\/el-teatre-plena-el-cap-de-setmana-en-sant-joan\\\/#article\",\"isPartOf\":{\"@id\":\"https:\\\/\\\/www.santjoandalacant.es\\\/ca\\\/el-teatre-plena-el-cap-de-setmana-en-sant-joan\\\/\"},\"author\":{\"name\":\"6tems\",\"@id\":\"https:\\\/\\\/www.santjoandalacant.es\\\/ca\\\/#\\\/schema\\\/person\\\/74b89bc7b26e6edafb76cd69420cd790\"},\"headline\":\"El teatre plena el cap de setmana en Sant Joan\",\"datePublished\":\"2016-03-04T13:00:20+00:00\",\"mainEntityOfPage\":{\"@id\":\"https:\\\/\\\/www.santjoandalacant.es\\\/ca\\\/el-teatre-plena-el-cap-de-setmana-en-sant-joan\\\/\"},\"wordCount\":189,\"commentCount\":0,\"publisher\":{\"@id\":\"https:\\\/\\\/www.santjoandalacant.es\\\/ca\\\/#organization\"},\"image\":{\"@id\":\"https:\\\/\\\/www.santjoandalacant.es\\\/ca\\\/el-teatre-plena-el-cap-de-setmana-en-sant-joan\\\/#primaryimage\"},\"thumbnailUrl\":\"https:\\\/\\\/www.santjoandalacant.es\\\/wp-content\\\/uploads\\\/2017\\\/06\\\/teatromarzo_0-scaled.jpg\",\"articleSection\":[\"Sin categorizar\"],\"inLanguage\":\"va\",\"potentialAction\":[{\"@type\":\"CommentAction\",\"name\":\"Comment\",\"target\":[\"https:\\\/\\\/www.santjoandalacant.es\\\/ca\\\/el-teatre-plena-el-cap-de-setmana-en-sant-joan\\\/#respond\"]}]},{\"@type\":\"WebPage\",\"@id\":\"https:\\\/\\\/www.santjoandalacant.es\\\/ca\\\/el-teatre-plena-el-cap-de-setmana-en-sant-joan\\\/\",\"url\":\"https:\\\/\\\/www.santjoandalacant.es\\\/ca\\\/el-teatre-plena-el-cap-de-setmana-en-sant-joan\\\/\",\"name\":\"El teatre plena el cap de setmana en Sant Joan - Sant Joan d&#039;Alacant\",\"isPartOf\":{\"@id\":\"https:\\\/\\\/www.santjoandalacant.es\\\/ca\\\/#website\"},\"primaryImageOfPage\":{\"@id\":\"https:\\\/\\\/www.santjoandalacant.es\\\/ca\\\/el-teatre-plena-el-cap-de-setmana-en-sant-joan\\\/#primaryimage\"},\"image\":{\"@id\":\"https:\\\/\\\/www.santjoandalacant.es\\\/ca\\\/el-teatre-plena-el-cap-de-setmana-en-sant-joan\\\/#primaryimage\"},\"thumbnailUrl\":\"https:\\\/\\\/www.santjoandalacant.es\\\/wp-content\\\/uploads\\\/2017\\\/06\\\/teatromarzo_0-scaled.jpg\",\"datePublished\":\"2016-03-04T13:00:20+00:00\",\"breadcrumb\":{\"@id\":\"https:\\\/\\\/www.santjoandalacant.es\\\/ca\\\/el-teatre-plena-el-cap-de-setmana-en-sant-joan\\\/#breadcrumb\"},\"inLanguage\":\"va\",\"potentialAction\":[{\"@type\":\"ReadAction\",\"target\":[\"https:\\\/\\\/www.santjoandalacant.es\\\/ca\\\/el-teatre-plena-el-cap-de-setmana-en-sant-joan\\\/\"]}]},{\"@type\":\"ImageObject\",\"inLanguage\":\"va\",\"@id\":\"https:\\\/\\\/www.santjoandalacant.es\\\/ca\\\/el-teatre-plena-el-cap-de-setmana-en-sant-joan\\\/#primaryimage\",\"url\":\"https:\\\/\\\/www.santjoandalacant.es\\\/wp-content\\\/uploads\\\/2017\\\/06\\\/teatromarzo_0-scaled.jpg\",\"contentUrl\":\"https:\\\/\\\/www.santjoandalacant.es\\\/wp-content\\\/uploads\\\/2017\\\/06\\\/teatromarzo_0-scaled.jpg\",\"width\":2560,\"height\":1810},{\"@type\":\"BreadcrumbList\",\"@id\":\"https:\\\/\\\/www.santjoandalacant.es\\\/ca\\\/el-teatre-plena-el-cap-de-setmana-en-sant-joan\\\/#breadcrumb\",\"itemListElement\":[{\"@type\":\"ListItem\",\"position\":1,\"name\":\"Inicio\",\"item\":\"https:\\\/\\\/www.santjoandalacant.es\\\/ca\\\/\"},{\"@type\":\"ListItem\",\"position\":2,\"name\":\"El teatre plena el cap de setmana en Sant Joan\"}]},{\"@type\":\"WebSite\",\"@id\":\"https:\\\/\\\/www.santjoandalacant.es\\\/ca\\\/#website\",\"url\":\"https:\\\/\\\/www.santjoandalacant.es\\\/ca\\\/\",\"name\":\"Sant Joan d'Alacant\",\"description\":\"\",\"publisher\":{\"@id\":\"https:\\\/\\\/www.santjoandalacant.es\\\/ca\\\/#organization\"},\"potentialAction\":[{\"@type\":\"SearchAction\",\"target\":{\"@type\":\"EntryPoint\",\"urlTemplate\":\"https:\\\/\\\/www.santjoandalacant.es\\\/ca\\\/?s={search_term_string}\"},\"query-input\":{\"@type\":\"PropertyValueSpecification\",\"valueRequired\":true,\"valueName\":\"search_term_string\"}}],\"inLanguage\":\"va\"},{\"@type\":\"Organization\",\"@id\":\"https:\\\/\\\/www.santjoandalacant.es\\\/ca\\\/#organization\",\"name\":\"Sant Joan d'Alacant\",\"url\":\"https:\\\/\\\/www.santjoandalacant.es\\\/ca\\\/\",\"logo\":{\"@type\":\"ImageObject\",\"inLanguage\":\"va\",\"@id\":\"https:\\\/\\\/www.santjoandalacant.es\\\/ca\\\/#\\\/schema\\\/logo\\\/image\\\/\",\"url\":\"https:\\\/\\\/www.santjoandalacant.es\\\/wp-content\\\/uploads\\\/2023\\\/08\\\/logoSJ.png\",\"contentUrl\":\"https:\\\/\\\/www.santjoandalacant.es\\\/wp-content\\\/uploads\\\/2023\\\/08\\\/logoSJ.png\",\"width\":198,\"height\":253,\"caption\":\"Sant Joan d'Alacant\"},\"image\":{\"@id\":\"https:\\\/\\\/www.santjoandalacant.es\\\/ca\\\/#\\\/schema\\\/logo\\\/image\\\/\"},\"sameAs\":[\"https:\\\/\\\/www.facebook.com\\\/santjoandalacant\\\/\",\"https:\\\/\\\/www.instagram.com\\\/santjoandalacant\\\/\",\"https:\\\/\\\/www.youtube.com\\\/user\\\/santjoandalacant\"]},{\"@type\":\"Person\",\"@id\":\"https:\\\/\\\/www.santjoandalacant.es\\\/ca\\\/#\\\/schema\\\/person\\\/74b89bc7b26e6edafb76cd69420cd790\",\"name\":\"6tems\",\"image\":{\"@type\":\"ImageObject\",\"inLanguage\":\"va\",\"@id\":\"https:\\\/\\\/secure.gravatar.com\\\/avatar\\\/1c939d9bf86da56568327e5d52b159d089efba17cde140c49884e3fe77ef9c66?s=96&d=mm&r=g\",\"url\":\"https:\\\/\\\/secure.gravatar.com\\\/avatar\\\/1c939d9bf86da56568327e5d52b159d089efba17cde140c49884e3fe77ef9c66?s=96&d=mm&r=g\",\"contentUrl\":\"https:\\\/\\\/secure.gravatar.com\\\/avatar\\\/1c939d9bf86da56568327e5d52b159d089efba17cde140c49884e3fe77ef9c66?s=96&d=mm&r=g\",\"caption\":\"6tems\"},\"sameAs\":[\"https:\\\/\\\/www.santjoandalacant.es\"],\"url\":\"https:\\\/\\\/www.santjoandalacant.es\\\/ca\\\/author\\\/adminasap\\\/\"}]}<\/script>\n<!-- \/ Yoast SEO plugin. -->","yoast_head_json":{"title":"El teatre plena el cap de setmana en Sant Joan - Sant Joan d&#039;Alacant","robots":{"index":"index","follow":"follow","max-snippet":"max-snippet:-1","max-image-preview":"max-image-preview:large","max-video-preview":"max-video-preview:-1"},"canonical":"https:\/\/www.santjoandalacant.es\/ca\/el-teatre-plena-el-cap-de-setmana-en-sant-joan\/","og_locale":"en_US","og_type":"article","og_title":"El teatre plena el cap de setmana en Sant Joan - Sant Joan d&#039;Alacant","og_description":"El divendres a les 20:00 hores l'Aula de Teatre de la UA presentar\u00e0 l'obra &quot;Despr\u00e9s de la Pluja&quot;, de la m\u00e0 de la seua directora Elena Candela i escrita per Sergi Beldel. Despr\u00e9s de la Pluja \u00c9s una tragicom\u00e8dia que es desenrotlla entre el grup de treballadors d'una oficina, en la que els anys de sequera es reflectixen en els \u00e0nims dels empleats que pugen al terrat de l'edifici per a fumar infringint aix\u00ed la normativa de l'empresa.","og_url":"https:\/\/www.santjoandalacant.es\/ca\/el-teatre-plena-el-cap-de-setmana-en-sant-joan\/","og_site_name":"Sant Joan d&#039;Alacant","article_publisher":"https:\/\/www.facebook.com\/santjoandalacant\/","article_published_time":"2016-03-04T13:00:20+00:00","og_image":[{"width":2560,"height":1810,"url":"https:\/\/www.santjoandalacant.es\/wp-content\/uploads\/2017\/06\/teatromarzo_0-scaled.jpg","type":"image\/jpeg"}],"author":"6tems","twitter_card":"summary_large_image","twitter_misc":{"Written by":"6tems","Est. reading time":"1 minute"},"schema":{"@context":"https:\/\/schema.org","@graph":[{"@type":"Article","@id":"https:\/\/www.santjoandalacant.es\/ca\/el-teatre-plena-el-cap-de-setmana-en-sant-joan\/#article","isPartOf":{"@id":"https:\/\/www.santjoandalacant.es\/ca\/el-teatre-plena-el-cap-de-setmana-en-sant-joan\/"},"author":{"name":"6tems","@id":"https:\/\/www.santjoandalacant.es\/ca\/#\/schema\/person\/74b89bc7b26e6edafb76cd69420cd790"},"headline":"El teatre plena el cap de setmana en Sant Joan","datePublished":"2016-03-04T13:00:20+00:00","mainEntityOfPage":{"@id":"https:\/\/www.santjoandalacant.es\/ca\/el-teatre-plena-el-cap-de-setmana-en-sant-joan\/"},"wordCount":189,"commentCount":0,"publisher":{"@id":"https:\/\/www.santjoandalacant.es\/ca\/#organization"},"image":{"@id":"https:\/\/www.santjoandalacant.es\/ca\/el-teatre-plena-el-cap-de-setmana-en-sant-joan\/#primaryimage"},"thumbnailUrl":"https:\/\/www.santjoandalacant.es\/wp-content\/uploads\/2017\/06\/teatromarzo_0-scaled.jpg","articleSection":["Sin categorizar"],"inLanguage":"va","potentialAction":[{"@type":"CommentAction","name":"Comment","target":["https:\/\/www.santjoandalacant.es\/ca\/el-teatre-plena-el-cap-de-setmana-en-sant-joan\/#respond"]}]},{"@type":"WebPage","@id":"https:\/\/www.santjoandalacant.es\/ca\/el-teatre-plena-el-cap-de-setmana-en-sant-joan\/","url":"https:\/\/www.santjoandalacant.es\/ca\/el-teatre-plena-el-cap-de-setmana-en-sant-joan\/","name":"El teatre plena el cap de setmana en Sant Joan - Sant Joan d&#039;Alacant","isPartOf":{"@id":"https:\/\/www.santjoandalacant.es\/ca\/#website"},"primaryImageOfPage":{"@id":"https:\/\/www.santjoandalacant.es\/ca\/el-teatre-plena-el-cap-de-setmana-en-sant-joan\/#primaryimage"},"image":{"@id":"https:\/\/www.santjoandalacant.es\/ca\/el-teatre-plena-el-cap-de-setmana-en-sant-joan\/#primaryimage"},"thumbnailUrl":"https:\/\/www.santjoandalacant.es\/wp-content\/uploads\/2017\/06\/teatromarzo_0-scaled.jpg","datePublished":"2016-03-04T13:00:20+00:00","breadcrumb":{"@id":"https:\/\/www.santjoandalacant.es\/ca\/el-teatre-plena-el-cap-de-setmana-en-sant-joan\/#breadcrumb"},"inLanguage":"va","potentialAction":[{"@type":"ReadAction","target":["https:\/\/www.santjoandalacant.es\/ca\/el-teatre-plena-el-cap-de-setmana-en-sant-joan\/"]}]},{"@type":"ImageObject","inLanguage":"va","@id":"https:\/\/www.santjoandalacant.es\/ca\/el-teatre-plena-el-cap-de-setmana-en-sant-joan\/#primaryimage","url":"https:\/\/www.santjoandalacant.es\/wp-content\/uploads\/2017\/06\/teatromarzo_0-scaled.jpg","contentUrl":"https:\/\/www.santjoandalacant.es\/wp-content\/uploads\/2017\/06\/teatromarzo_0-scaled.jpg","width":2560,"height":1810},{"@type":"BreadcrumbList","@id":"https:\/\/www.santjoandalacant.es\/ca\/el-teatre-plena-el-cap-de-setmana-en-sant-joan\/#breadcrumb","itemListElement":[{"@type":"ListItem","position":1,"name":"Inicio","item":"https:\/\/www.santjoandalacant.es\/ca\/"},{"@type":"ListItem","position":2,"name":"El teatre plena el cap de setmana en Sant Joan"}]},{"@type":"WebSite","@id":"https:\/\/www.santjoandalacant.es\/ca\/#website","url":"https:\/\/www.santjoandalacant.es\/ca\/","name":"Sant Joan d'Alacant","description":"","publisher":{"@id":"https:\/\/www.santjoandalacant.es\/ca\/#organization"},"potentialAction":[{"@type":"SearchAction","target":{"@type":"EntryPoint","urlTemplate":"https:\/\/www.santjoandalacant.es\/ca\/?s={search_term_string}"},"query-input":{"@type":"PropertyValueSpecification","valueRequired":true,"valueName":"search_term_string"}}],"inLanguage":"va"},{"@type":"Organization","@id":"https:\/\/www.santjoandalacant.es\/ca\/#organization","name":"Sant Joan d'Alacant","url":"https:\/\/www.santjoandalacant.es\/ca\/","logo":{"@type":"ImageObject","inLanguage":"va","@id":"https:\/\/www.santjoandalacant.es\/ca\/#\/schema\/logo\/image\/","url":"https:\/\/www.santjoandalacant.es\/wp-content\/uploads\/2023\/08\/logoSJ.png","contentUrl":"https:\/\/www.santjoandalacant.es\/wp-content\/uploads\/2023\/08\/logoSJ.png","width":198,"height":253,"caption":"Sant Joan d'Alacant"},"image":{"@id":"https:\/\/www.santjoandalacant.es\/ca\/#\/schema\/logo\/image\/"},"sameAs":["https:\/\/www.facebook.com\/santjoandalacant\/","https:\/\/www.instagram.com\/santjoandalacant\/","https:\/\/www.youtube.com\/user\/santjoandalacant"]},{"@type":"Person","@id":"https:\/\/www.santjoandalacant.es\/ca\/#\/schema\/person\/74b89bc7b26e6edafb76cd69420cd790","name":"6tems","image":{"@type":"ImageObject","inLanguage":"va","@id":"https:\/\/secure.gravatar.com\/avatar\/1c939d9bf86da56568327e5d52b159d089efba17cde140c49884e3fe77ef9c66?s=96&d=mm&r=g","url":"https:\/\/secure.gravatar.com\/avatar\/1c939d9bf86da56568327e5d52b159d089efba17cde140c49884e3fe77ef9c66?s=96&d=mm&r=g","contentUrl":"https:\/\/secure.gravatar.com\/avatar\/1c939d9bf86da56568327e5d52b159d089efba17cde140c49884e3fe77ef9c66?s=96&d=mm&r=g","caption":"6tems"},"sameAs":["https:\/\/www.santjoandalacant.es"],"url":"https:\/\/www.santjoandalacant.es\/ca\/author\/adminasap\/"}]}},"_links":{"self":[{"href":"https:\/\/www.santjoandalacant.es\/ca\/wp-json\/wp\/v2\/posts\/76347","targetHints":{"allow":["GET"]}}],"collection":[{"href":"https:\/\/www.santjoandalacant.es\/ca\/wp-json\/wp\/v2\/posts"}],"about":[{"href":"https:\/\/www.santjoandalacant.es\/ca\/wp-json\/wp\/v2\/types\/post"}],"author":[{"embeddable":true,"href":"https:\/\/www.santjoandalacant.es\/ca\/wp-json\/wp\/v2\/users\/1"}],"replies":[{"embeddable":true,"href":"https:\/\/www.santjoandalacant.es\/ca\/wp-json\/wp\/v2\/comments?post=76347"}],"version-history":[{"count":0,"href":"https:\/\/www.santjoandalacant.es\/ca\/wp-json\/wp\/v2\/posts\/76347\/revisions"}],"wp:featuredmedia":[{"embeddable":true,"href":"https:\/\/www.santjoandalacant.es\/ca\/wp-json\/wp\/v2\/media\/27313"}],"wp:attachment":[{"href":"https:\/\/www.santjoandalacant.es\/ca\/wp-json\/wp\/v2\/media?parent=76347"}],"wp:term":[{"taxonomy":"category","embeddable":true,"href":"https:\/\/www.santjoandalacant.es\/ca\/wp-json\/wp\/v2\/categories?post=76347"},{"taxonomy":"post_tag","embeddable":true,"href":"https:\/\/www.santjoandalacant.es\/ca\/wp-json\/wp\/v2\/tags?post=76347"},{"taxonomy":"areas","embeddable":true,"href":"https:\/\/www.santjoandalacant.es\/ca\/wp-json\/wp\/v2\/areas?post=76347"}],"curies":[{"name":"wp","href":"https:\/\/api.w.org\/{rel}","templated":true}]}}