{"id":76353,"date":"2016-03-04T11:22:33","date_gmt":"2016-03-04T11:22:33","guid":{"rendered":"https:\/\/santjoan.developersasapglobalsolution.com\/sanitat-posa-en-marxa-el-taller-de-sol-pelvia\/"},"modified":"2016-03-04T11:22:33","modified_gmt":"2016-03-04T11:22:33","slug":"sanitat-posa-en-marxa-el-taller-de-sol-pelvia","status":"publish","type":"post","link":"https:\/\/www.santjoandalacant.es\/ca\/sanitat-posa-en-marxa-el-taller-de-sol-pelvia\/","title":{"rendered":"Sanitat posa en marxa el Taller de S\u00f2l Pelvi\u00e0"},"content":{"rendered":"<p>Des de la Regidoria de Sanitat s&#8217;est\u00e0 treballant des de l&#8217;educaci\u00f3 i informaci\u00f3 en mat\u00e8ria de prevenci\u00f3 de la salut, per mitj\u00e0 d&#8217;estos tallers es pret\u00e9n donar una xicoteta visi\u00f3 de l&#8217;anatomia i fisiologia del funcionament del nostre s\u00f2l pelvi\u00e0 i tot all\u00f2 que s&#8217;ha relacionat amb ell, aix\u00ed com amb la part pr\u00e0ctica, es pret\u00e9n previndre indicis d&#8217;incontin\u00e8ncia urin\u00e0ria, patida per la majoria de les dones lligat principalment al postpart, la menopausa, el restrenyiment, mals h\u00e0bits relacionats amb la micci\u00f3, respiraci\u00f3, etc. <\/p>\n<p>\nPr\u00f2ximes xarrades:\n<\/p>\n<p>\n14 mar\u00e7 Prevenci\u00f3 Glaucoma\n<\/p>\n<p>\n17 mar\u00e7 Mosquit Zika\n<\/p>\n<p>\nAbril: mes de la Nutrici\u00f3 Escolar. Alumnes de la UA, de l&#8217;\u00faltim curs del grau en nutrici\u00f3 humana i diet\u00e8tica acudiran a l&#8217;\u00faltim curs de prim\u00e0ria i primer de secund\u00e0ria dels nostres centres escolars del municipi per a explicar als alumnes les claus d&#8217;una bona alimentaci\u00f3 i ajudar a previndre problemes alimentaris en la inf\u00e0ncia-adolesc\u00e8ncia.\n<\/p>\n<p>\nAbril: Campanya prevenci\u00f3 mosquit tigre\n<\/p>\n<p>\nMaig: EPOC i Dia Mundial sense Tabac\n<\/p>\n<p>\nJuny: Fira de la Salut<\/p>\n","protected":false},"excerpt":{"rendered":"<p>Des de la Regidoria de Sanitat s&#8217;est\u00e0 treballant des de l&#8217;educaci\u00f3 i informaci\u00f3 en mat\u00e8ria de prevenci\u00f3 de la salut, per mitj\u00e0 d&#8217;estos tallers es pret\u00e9n donar una xicoteta visi\u00f3 de l&#8217;anatomia i fisiologia del funcionament del nostre s\u00f2l pelvi\u00e0 i tot all\u00f2 que s&#8217;ha relacionat amb ell, aix\u00ed com amb la part pr\u00e0ctica, es pret\u00e9n previndre indicis d&#8217;incontin\u00e8ncia urin\u00e0ria, patida per la majoria de les dones lligat principalment al postpart, la menopausa, el restrenyiment, mals h\u00e0bits relacionats amb la micci\u00f3, respiraci\u00f3, etc. <\/p>\n<p>\nPr\u00f2ximes xarrades:<\/p>\n","protected":false},"author":1,"featured_media":27321,"comment_status":"open","ping_status":"open","sticky":false,"template":"","format":"standard","meta":{"_acf_changed":false,"rs_blank_template":"","rs_page_bg_color":"","slide_template_v7":"","footnotes":""},"categories":[1],"tags":[],"areas":[1012],"class_list":["post-76353","post","type-post","status-publish","format-standard","has-post-thumbnail","hentry","category-sin-categorizar","areas-sanidad-ca"],"acf":[],"yoast_head":"<!-- This site is optimized with the Yoast SEO plugin v28.2 - https:\/\/yoast.com\/product\/yoast-seo-wordpress\/ -->\n<title>Sanitat posa en marxa el Taller de S\u00f2l Pelvi\u00e0 - Sant Joan d&#039;Alacant<\/title>\n<meta name=\"robots\" content=\"index, follow, max-snippet:-1, max-image-preview:large, max-video-preview:-1\" \/>\n<link rel=\"canonical\" href=\"https:\/\/www.santjoandalacant.es\/ca\/sanitat-posa-en-marxa-el-taller-de-sol-pelvia\/\" \/>\n<meta property=\"og:locale\" content=\"en_US\" \/>\n<meta property=\"og:type\" content=\"article\" \/>\n<meta property=\"og:title\" content=\"Sanitat posa en marxa el Taller de S\u00f2l Pelvi\u00e0 - Sant Joan d&#039;Alacant\" \/>\n<meta property=\"og:description\" content=\"Des de la Regidoria de Sanitat s&#039;est\u00e0 treballant des de l&#039;educaci\u00f3 i informaci\u00f3 en mat\u00e8ria de prevenci\u00f3 de la salut, per mitj\u00e0 d&#039;estos tallers es pret\u00e9n donar una xicoteta visi\u00f3 de l&#039;anatomia i fisiologia del funcionament del nostre s\u00f2l pelvi\u00e0 i tot all\u00f2 que s&#039;ha relacionat amb ell, aix\u00ed com amb la part pr\u00e0ctica, es pret\u00e9n previndre indicis d&#039;incontin\u00e8ncia urin\u00e0ria, patida per la majoria de les dones lligat principalment al postpart, la menopausa, el restrenyiment, mals h\u00e0bits relacionats amb la micci\u00f3, respiraci\u00f3, etc.   Pr\u00f2ximes xarrades:\" \/>\n<meta property=\"og:url\" content=\"https:\/\/www.santjoandalacant.es\/ca\/sanitat-posa-en-marxa-el-taller-de-sol-pelvia\/\" \/>\n<meta property=\"og:site_name\" content=\"Sant Joan d&#039;Alacant\" \/>\n<meta property=\"article:publisher\" content=\"https:\/\/www.facebook.com\/santjoandalacant\/\" \/>\n<meta property=\"article:published_time\" content=\"2016-03-04T11:22:33+00:00\" \/>\n<meta property=\"og:image\" content=\"https:\/\/www.santjoandalacant.es\/wp-content\/uploads\/2017\/06\/IMG_8922-scaled.jpg\" \/>\n\t<meta property=\"og:image:width\" content=\"2560\" \/>\n\t<meta property=\"og:image:height\" content=\"1920\" \/>\n\t<meta property=\"og:image:type\" content=\"image\/jpeg\" \/>\n<meta name=\"author\" content=\"6tems\" \/>\n<meta name=\"twitter:card\" content=\"summary_large_image\" \/>\n<meta name=\"twitter:label1\" content=\"Written by\" \/>\n\t<meta name=\"twitter:data1\" content=\"6tems\" \/>\n\t<meta name=\"twitter:label2\" content=\"Est. reading time\" \/>\n\t<meta name=\"twitter:data2\" content=\"1 minute\" \/>\n<script type=\"application\/ld+json\" class=\"yoast-schema-graph\">{\"@context\":\"https:\\\/\\\/schema.org\",\"@graph\":[{\"@type\":\"Article\",\"@id\":\"https:\\\/\\\/www.santjoandalacant.es\\\/ca\\\/sanitat-posa-en-marxa-el-taller-de-sol-pelvia\\\/#article\",\"isPartOf\":{\"@id\":\"https:\\\/\\\/www.santjoandalacant.es\\\/ca\\\/sanitat-posa-en-marxa-el-taller-de-sol-pelvia\\\/\"},\"author\":{\"name\":\"6tems\",\"@id\":\"https:\\\/\\\/www.santjoandalacant.es\\\/ca\\\/#\\\/schema\\\/person\\\/74b89bc7b26e6edafb76cd69420cd790\"},\"headline\":\"Sanitat posa en marxa el Taller de S\u00f2l Pelvi\u00e0\",\"datePublished\":\"2016-03-04T11:22:33+00:00\",\"mainEntityOfPage\":{\"@id\":\"https:\\\/\\\/www.santjoandalacant.es\\\/ca\\\/sanitat-posa-en-marxa-el-taller-de-sol-pelvia\\\/\"},\"wordCount\":196,\"commentCount\":0,\"publisher\":{\"@id\":\"https:\\\/\\\/www.santjoandalacant.es\\\/ca\\\/#organization\"},\"image\":{\"@id\":\"https:\\\/\\\/www.santjoandalacant.es\\\/ca\\\/sanitat-posa-en-marxa-el-taller-de-sol-pelvia\\\/#primaryimage\"},\"thumbnailUrl\":\"https:\\\/\\\/www.santjoandalacant.es\\\/wp-content\\\/uploads\\\/2017\\\/06\\\/IMG_8922-scaled.jpg\",\"articleSection\":[\"Sin categorizar\"],\"inLanguage\":\"va\",\"potentialAction\":[{\"@type\":\"CommentAction\",\"name\":\"Comment\",\"target\":[\"https:\\\/\\\/www.santjoandalacant.es\\\/ca\\\/sanitat-posa-en-marxa-el-taller-de-sol-pelvia\\\/#respond\"]}]},{\"@type\":\"WebPage\",\"@id\":\"https:\\\/\\\/www.santjoandalacant.es\\\/ca\\\/sanitat-posa-en-marxa-el-taller-de-sol-pelvia\\\/\",\"url\":\"https:\\\/\\\/www.santjoandalacant.es\\\/ca\\\/sanitat-posa-en-marxa-el-taller-de-sol-pelvia\\\/\",\"name\":\"Sanitat posa en marxa el Taller de S\u00f2l Pelvi\u00e0 - Sant Joan d&#039;Alacant\",\"isPartOf\":{\"@id\":\"https:\\\/\\\/www.santjoandalacant.es\\\/ca\\\/#website\"},\"primaryImageOfPage\":{\"@id\":\"https:\\\/\\\/www.santjoandalacant.es\\\/ca\\\/sanitat-posa-en-marxa-el-taller-de-sol-pelvia\\\/#primaryimage\"},\"image\":{\"@id\":\"https:\\\/\\\/www.santjoandalacant.es\\\/ca\\\/sanitat-posa-en-marxa-el-taller-de-sol-pelvia\\\/#primaryimage\"},\"thumbnailUrl\":\"https:\\\/\\\/www.santjoandalacant.es\\\/wp-content\\\/uploads\\\/2017\\\/06\\\/IMG_8922-scaled.jpg\",\"datePublished\":\"2016-03-04T11:22:33+00:00\",\"breadcrumb\":{\"@id\":\"https:\\\/\\\/www.santjoandalacant.es\\\/ca\\\/sanitat-posa-en-marxa-el-taller-de-sol-pelvia\\\/#breadcrumb\"},\"inLanguage\":\"va\",\"potentialAction\":[{\"@type\":\"ReadAction\",\"target\":[\"https:\\\/\\\/www.santjoandalacant.es\\\/ca\\\/sanitat-posa-en-marxa-el-taller-de-sol-pelvia\\\/\"]}]},{\"@type\":\"ImageObject\",\"inLanguage\":\"va\",\"@id\":\"https:\\\/\\\/www.santjoandalacant.es\\\/ca\\\/sanitat-posa-en-marxa-el-taller-de-sol-pelvia\\\/#primaryimage\",\"url\":\"https:\\\/\\\/www.santjoandalacant.es\\\/wp-content\\\/uploads\\\/2017\\\/06\\\/IMG_8922-scaled.jpg\",\"contentUrl\":\"https:\\\/\\\/www.santjoandalacant.es\\\/wp-content\\\/uploads\\\/2017\\\/06\\\/IMG_8922-scaled.jpg\",\"width\":2560,\"height\":1920},{\"@type\":\"BreadcrumbList\",\"@id\":\"https:\\\/\\\/www.santjoandalacant.es\\\/ca\\\/sanitat-posa-en-marxa-el-taller-de-sol-pelvia\\\/#breadcrumb\",\"itemListElement\":[{\"@type\":\"ListItem\",\"position\":1,\"name\":\"Inicio\",\"item\":\"https:\\\/\\\/www.santjoandalacant.es\\\/ca\\\/\"},{\"@type\":\"ListItem\",\"position\":2,\"name\":\"Sanitat posa en marxa el Taller de S\u00f2l Pelvi\u00e0\"}]},{\"@type\":\"WebSite\",\"@id\":\"https:\\\/\\\/www.santjoandalacant.es\\\/ca\\\/#website\",\"url\":\"https:\\\/\\\/www.santjoandalacant.es\\\/ca\\\/\",\"name\":\"Sant Joan d'Alacant\",\"description\":\"\",\"publisher\":{\"@id\":\"https:\\\/\\\/www.santjoandalacant.es\\\/ca\\\/#organization\"},\"potentialAction\":[{\"@type\":\"SearchAction\",\"target\":{\"@type\":\"EntryPoint\",\"urlTemplate\":\"https:\\\/\\\/www.santjoandalacant.es\\\/ca\\\/?s={search_term_string}\"},\"query-input\":{\"@type\":\"PropertyValueSpecification\",\"valueRequired\":true,\"valueName\":\"search_term_string\"}}],\"inLanguage\":\"va\"},{\"@type\":\"Organization\",\"@id\":\"https:\\\/\\\/www.santjoandalacant.es\\\/ca\\\/#organization\",\"name\":\"Sant Joan d'Alacant\",\"url\":\"https:\\\/\\\/www.santjoandalacant.es\\\/ca\\\/\",\"logo\":{\"@type\":\"ImageObject\",\"inLanguage\":\"va\",\"@id\":\"https:\\\/\\\/www.santjoandalacant.es\\\/ca\\\/#\\\/schema\\\/logo\\\/image\\\/\",\"url\":\"https:\\\/\\\/www.santjoandalacant.es\\\/wp-content\\\/uploads\\\/2023\\\/08\\\/logoSJ.png\",\"contentUrl\":\"https:\\\/\\\/www.santjoandalacant.es\\\/wp-content\\\/uploads\\\/2023\\\/08\\\/logoSJ.png\",\"width\":198,\"height\":253,\"caption\":\"Sant Joan d'Alacant\"},\"image\":{\"@id\":\"https:\\\/\\\/www.santjoandalacant.es\\\/ca\\\/#\\\/schema\\\/logo\\\/image\\\/\"},\"sameAs\":[\"https:\\\/\\\/www.facebook.com\\\/santjoandalacant\\\/\",\"https:\\\/\\\/www.instagram.com\\\/santjoandalacant\\\/\",\"https:\\\/\\\/www.youtube.com\\\/user\\\/santjoandalacant\"]},{\"@type\":\"Person\",\"@id\":\"https:\\\/\\\/www.santjoandalacant.es\\\/ca\\\/#\\\/schema\\\/person\\\/74b89bc7b26e6edafb76cd69420cd790\",\"name\":\"6tems\",\"image\":{\"@type\":\"ImageObject\",\"inLanguage\":\"va\",\"@id\":\"https:\\\/\\\/secure.gravatar.com\\\/avatar\\\/1c939d9bf86da56568327e5d52b159d089efba17cde140c49884e3fe77ef9c66?s=96&d=mm&r=g\",\"url\":\"https:\\\/\\\/secure.gravatar.com\\\/avatar\\\/1c939d9bf86da56568327e5d52b159d089efba17cde140c49884e3fe77ef9c66?s=96&d=mm&r=g\",\"contentUrl\":\"https:\\\/\\\/secure.gravatar.com\\\/avatar\\\/1c939d9bf86da56568327e5d52b159d089efba17cde140c49884e3fe77ef9c66?s=96&d=mm&r=g\",\"caption\":\"6tems\"},\"sameAs\":[\"https:\\\/\\\/www.santjoandalacant.es\"],\"url\":\"https:\\\/\\\/www.santjoandalacant.es\\\/ca\\\/author\\\/adminasap\\\/\"}]}<\/script>\n<!-- \/ Yoast SEO plugin. -->","yoast_head_json":{"title":"Sanitat posa en marxa el Taller de S\u00f2l Pelvi\u00e0 - Sant Joan d&#039;Alacant","robots":{"index":"index","follow":"follow","max-snippet":"max-snippet:-1","max-image-preview":"max-image-preview:large","max-video-preview":"max-video-preview:-1"},"canonical":"https:\/\/www.santjoandalacant.es\/ca\/sanitat-posa-en-marxa-el-taller-de-sol-pelvia\/","og_locale":"en_US","og_type":"article","og_title":"Sanitat posa en marxa el Taller de S\u00f2l Pelvi\u00e0 - Sant Joan d&#039;Alacant","og_description":"Des de la Regidoria de Sanitat s'est\u00e0 treballant des de l'educaci\u00f3 i informaci\u00f3 en mat\u00e8ria de prevenci\u00f3 de la salut, per mitj\u00e0 d'estos tallers es pret\u00e9n donar una xicoteta visi\u00f3 de l'anatomia i fisiologia del funcionament del nostre s\u00f2l pelvi\u00e0 i tot all\u00f2 que s'ha relacionat amb ell, aix\u00ed com amb la part pr\u00e0ctica, es pret\u00e9n previndre indicis d'incontin\u00e8ncia urin\u00e0ria, patida per la majoria de les dones lligat principalment al postpart, la menopausa, el restrenyiment, mals h\u00e0bits relacionats amb la micci\u00f3, respiraci\u00f3, etc.   Pr\u00f2ximes xarrades:","og_url":"https:\/\/www.santjoandalacant.es\/ca\/sanitat-posa-en-marxa-el-taller-de-sol-pelvia\/","og_site_name":"Sant Joan d&#039;Alacant","article_publisher":"https:\/\/www.facebook.com\/santjoandalacant\/","article_published_time":"2016-03-04T11:22:33+00:00","og_image":[{"width":2560,"height":1920,"url":"https:\/\/www.santjoandalacant.es\/wp-content\/uploads\/2017\/06\/IMG_8922-scaled.jpg","type":"image\/jpeg"}],"author":"6tems","twitter_card":"summary_large_image","twitter_misc":{"Written by":"6tems","Est. reading time":"1 minute"},"schema":{"@context":"https:\/\/schema.org","@graph":[{"@type":"Article","@id":"https:\/\/www.santjoandalacant.es\/ca\/sanitat-posa-en-marxa-el-taller-de-sol-pelvia\/#article","isPartOf":{"@id":"https:\/\/www.santjoandalacant.es\/ca\/sanitat-posa-en-marxa-el-taller-de-sol-pelvia\/"},"author":{"name":"6tems","@id":"https:\/\/www.santjoandalacant.es\/ca\/#\/schema\/person\/74b89bc7b26e6edafb76cd69420cd790"},"headline":"Sanitat posa en marxa el Taller de S\u00f2l Pelvi\u00e0","datePublished":"2016-03-04T11:22:33+00:00","mainEntityOfPage":{"@id":"https:\/\/www.santjoandalacant.es\/ca\/sanitat-posa-en-marxa-el-taller-de-sol-pelvia\/"},"wordCount":196,"commentCount":0,"publisher":{"@id":"https:\/\/www.santjoandalacant.es\/ca\/#organization"},"image":{"@id":"https:\/\/www.santjoandalacant.es\/ca\/sanitat-posa-en-marxa-el-taller-de-sol-pelvia\/#primaryimage"},"thumbnailUrl":"https:\/\/www.santjoandalacant.es\/wp-content\/uploads\/2017\/06\/IMG_8922-scaled.jpg","articleSection":["Sin categorizar"],"inLanguage":"va","potentialAction":[{"@type":"CommentAction","name":"Comment","target":["https:\/\/www.santjoandalacant.es\/ca\/sanitat-posa-en-marxa-el-taller-de-sol-pelvia\/#respond"]}]},{"@type":"WebPage","@id":"https:\/\/www.santjoandalacant.es\/ca\/sanitat-posa-en-marxa-el-taller-de-sol-pelvia\/","url":"https:\/\/www.santjoandalacant.es\/ca\/sanitat-posa-en-marxa-el-taller-de-sol-pelvia\/","name":"Sanitat posa en marxa el Taller de S\u00f2l Pelvi\u00e0 - Sant Joan d&#039;Alacant","isPartOf":{"@id":"https:\/\/www.santjoandalacant.es\/ca\/#website"},"primaryImageOfPage":{"@id":"https:\/\/www.santjoandalacant.es\/ca\/sanitat-posa-en-marxa-el-taller-de-sol-pelvia\/#primaryimage"},"image":{"@id":"https:\/\/www.santjoandalacant.es\/ca\/sanitat-posa-en-marxa-el-taller-de-sol-pelvia\/#primaryimage"},"thumbnailUrl":"https:\/\/www.santjoandalacant.es\/wp-content\/uploads\/2017\/06\/IMG_8922-scaled.jpg","datePublished":"2016-03-04T11:22:33+00:00","breadcrumb":{"@id":"https:\/\/www.santjoandalacant.es\/ca\/sanitat-posa-en-marxa-el-taller-de-sol-pelvia\/#breadcrumb"},"inLanguage":"va","potentialAction":[{"@type":"ReadAction","target":["https:\/\/www.santjoandalacant.es\/ca\/sanitat-posa-en-marxa-el-taller-de-sol-pelvia\/"]}]},{"@type":"ImageObject","inLanguage":"va","@id":"https:\/\/www.santjoandalacant.es\/ca\/sanitat-posa-en-marxa-el-taller-de-sol-pelvia\/#primaryimage","url":"https:\/\/www.santjoandalacant.es\/wp-content\/uploads\/2017\/06\/IMG_8922-scaled.jpg","contentUrl":"https:\/\/www.santjoandalacant.es\/wp-content\/uploads\/2017\/06\/IMG_8922-scaled.jpg","width":2560,"height":1920},{"@type":"BreadcrumbList","@id":"https:\/\/www.santjoandalacant.es\/ca\/sanitat-posa-en-marxa-el-taller-de-sol-pelvia\/#breadcrumb","itemListElement":[{"@type":"ListItem","position":1,"name":"Inicio","item":"https:\/\/www.santjoandalacant.es\/ca\/"},{"@type":"ListItem","position":2,"name":"Sanitat posa en marxa el Taller de S\u00f2l Pelvi\u00e0"}]},{"@type":"WebSite","@id":"https:\/\/www.santjoandalacant.es\/ca\/#website","url":"https:\/\/www.santjoandalacant.es\/ca\/","name":"Sant Joan d'Alacant","description":"","publisher":{"@id":"https:\/\/www.santjoandalacant.es\/ca\/#organization"},"potentialAction":[{"@type":"SearchAction","target":{"@type":"EntryPoint","urlTemplate":"https:\/\/www.santjoandalacant.es\/ca\/?s={search_term_string}"},"query-input":{"@type":"PropertyValueSpecification","valueRequired":true,"valueName":"search_term_string"}}],"inLanguage":"va"},{"@type":"Organization","@id":"https:\/\/www.santjoandalacant.es\/ca\/#organization","name":"Sant Joan d'Alacant","url":"https:\/\/www.santjoandalacant.es\/ca\/","logo":{"@type":"ImageObject","inLanguage":"va","@id":"https:\/\/www.santjoandalacant.es\/ca\/#\/schema\/logo\/image\/","url":"https:\/\/www.santjoandalacant.es\/wp-content\/uploads\/2023\/08\/logoSJ.png","contentUrl":"https:\/\/www.santjoandalacant.es\/wp-content\/uploads\/2023\/08\/logoSJ.png","width":198,"height":253,"caption":"Sant Joan d'Alacant"},"image":{"@id":"https:\/\/www.santjoandalacant.es\/ca\/#\/schema\/logo\/image\/"},"sameAs":["https:\/\/www.facebook.com\/santjoandalacant\/","https:\/\/www.instagram.com\/santjoandalacant\/","https:\/\/www.youtube.com\/user\/santjoandalacant"]},{"@type":"Person","@id":"https:\/\/www.santjoandalacant.es\/ca\/#\/schema\/person\/74b89bc7b26e6edafb76cd69420cd790","name":"6tems","image":{"@type":"ImageObject","inLanguage":"va","@id":"https:\/\/secure.gravatar.com\/avatar\/1c939d9bf86da56568327e5d52b159d089efba17cde140c49884e3fe77ef9c66?s=96&d=mm&r=g","url":"https:\/\/secure.gravatar.com\/avatar\/1c939d9bf86da56568327e5d52b159d089efba17cde140c49884e3fe77ef9c66?s=96&d=mm&r=g","contentUrl":"https:\/\/secure.gravatar.com\/avatar\/1c939d9bf86da56568327e5d52b159d089efba17cde140c49884e3fe77ef9c66?s=96&d=mm&r=g","caption":"6tems"},"sameAs":["https:\/\/www.santjoandalacant.es"],"url":"https:\/\/www.santjoandalacant.es\/ca\/author\/adminasap\/"}]}},"_links":{"self":[{"href":"https:\/\/www.santjoandalacant.es\/ca\/wp-json\/wp\/v2\/posts\/76353","targetHints":{"allow":["GET"]}}],"collection":[{"href":"https:\/\/www.santjoandalacant.es\/ca\/wp-json\/wp\/v2\/posts"}],"about":[{"href":"https:\/\/www.santjoandalacant.es\/ca\/wp-json\/wp\/v2\/types\/post"}],"author":[{"embeddable":true,"href":"https:\/\/www.santjoandalacant.es\/ca\/wp-json\/wp\/v2\/users\/1"}],"replies":[{"embeddable":true,"href":"https:\/\/www.santjoandalacant.es\/ca\/wp-json\/wp\/v2\/comments?post=76353"}],"version-history":[{"count":0,"href":"https:\/\/www.santjoandalacant.es\/ca\/wp-json\/wp\/v2\/posts\/76353\/revisions"}],"wp:featuredmedia":[{"embeddable":true,"href":"https:\/\/www.santjoandalacant.es\/ca\/wp-json\/wp\/v2\/media\/27321"}],"wp:attachment":[{"href":"https:\/\/www.santjoandalacant.es\/ca\/wp-json\/wp\/v2\/media?parent=76353"}],"wp:term":[{"taxonomy":"category","embeddable":true,"href":"https:\/\/www.santjoandalacant.es\/ca\/wp-json\/wp\/v2\/categories?post=76353"},{"taxonomy":"post_tag","embeddable":true,"href":"https:\/\/www.santjoandalacant.es\/ca\/wp-json\/wp\/v2\/tags?post=76353"},{"taxonomy":"areas","embeddable":true,"href":"https:\/\/www.santjoandalacant.es\/ca\/wp-json\/wp\/v2\/areas?post=76353"}],"curies":[{"name":"wp","href":"https:\/\/api.w.org\/{rel}","templated":true}]}}