{"id":76414,"date":"2016-02-17T15:04:09","date_gmt":"2016-02-17T15:04:09","guid":{"rendered":"https:\/\/santjoan.developersasapglobalsolution.com\/la-conselleria-de-sanitat-amplia-la-plantilla-del-centre-datencio-primaria-de-sant-joan\/"},"modified":"2016-02-17T15:04:09","modified_gmt":"2016-02-17T15:04:09","slug":"la-conselleria-de-sanitat-amplia-la-plantilla-del-centre-datencio-primaria-de-sant-joan","status":"publish","type":"post","link":"https:\/\/www.santjoandalacant.es\/ca\/la-conselleria-de-sanitat-amplia-la-plantilla-del-centre-datencio-primaria-de-sant-joan\/","title":{"rendered":"La Conselleria de Sanitat amplia la plantilla del Centre d&#8217;Atenci\u00f3 Prim\u00e0ria de Sant Joan"},"content":{"rendered":"<p>Despr\u00e9s de les reunions mantingudes amb la coordinaci\u00f3 del Centre de Salut i la directiva de l&#8217;Hospital de Sant Joan, Donate va traslladar aquesta problem\u00e0tica a Conseller\u00eda, obtenint la passada setmana, part del personal sol\u00b7licitat. <br \/>\nAix\u00ed i tot, Donate apunta que &quot;la ampliaci\u00f3 de la plantilla \u00e9s una molt bona not\u00edcia, per\u00f2 no ens oblidem de l&#8217;amuntegament que est\u00e0 patint el personal laboral del centre. El Centre de Salut es va construir quan la poblaci\u00f3 de Sant Joan era d&#8217;11.000 habitants, i ara tenim m\u00e9s de 23.000&quot;. <br \/>\nAquesta primera mesura \u00e9s el punt de partida fins a aconseguir l&#8217;objectiu final, la creaci\u00f3 d&#8217;un nou Centre de Salut que substitu\u00efsca a l&#8217;existent. &quot;Las instal\u00b7lacions s&#8217;han quedat xicotetes i no es disposa de l&#8217;espai necessari per a donar cobertura a les necessitats dels santjoaners&quot;.<br \/>\nLa petici\u00f3 de la construcci\u00f3 del nou centre d&#8217;Atenci\u00f3 Prim\u00e0ria, no \u00e9s alguna cosa nou. L&#8217;any 2007, es van realitzar els tr\u00e0mits necessaris per a facilitar-li a la Conseller\u00eda la construcci\u00f3 del nou centre amb la finalitat de substituir el ja existent, cedint-los un solar en la zona de Rac\u00f3 de Giner.<\/p>\n","protected":false},"excerpt":{"rendered":"<p>Despr\u00e9s de les reunions mantingudes amb la coordinaci\u00f3 del Centre de Salut i la directiva de l&#8217;Hospital de Sant Joan, Donate va traslladar aquesta problem\u00e0tica a Conseller\u00eda, obtenint la passada setmana, part del personal sol\u00b7licitat. <br \/>\nAix\u00ed i tot, Donate apunta que &quot;la ampliaci\u00f3 de la plantilla \u00e9s una molt bona not\u00edcia, per\u00f2 no ens oblidem de l&#8217;amuntegament que est\u00e0 patint el personal laboral del centre. El Centre de Salut es va construir quan la poblaci\u00f3 de Sant Joan era d&#8217;11.000 habitants, i ara tenim m\u00e9s de 23.000&quot;. <\/p>\n","protected":false},"author":1,"featured_media":27724,"comment_status":"open","ping_status":"open","sticky":false,"template":"","format":"standard","meta":{"_acf_changed":false,"rs_blank_template":"","rs_page_bg_color":"","slide_template_v7":"","footnotes":""},"categories":[1],"tags":[],"areas":[1012],"class_list":["post-76414","post","type-post","status-publish","format-standard","has-post-thumbnail","hentry","category-sin-categorizar","areas-sanidad-ca"],"acf":[],"yoast_head":"<!-- This site is optimized with the Yoast SEO plugin v28.2 - https:\/\/yoast.com\/product\/yoast-seo-wordpress\/ -->\n<title>La Conselleria de Sanitat amplia la plantilla del Centre d&#039;Atenci\u00f3 Prim\u00e0ria de Sant Joan - Sant Joan d&#039;Alacant<\/title>\n<meta name=\"robots\" content=\"index, follow, max-snippet:-1, max-image-preview:large, max-video-preview:-1\" \/>\n<link rel=\"canonical\" href=\"https:\/\/www.santjoandalacant.es\/ca\/la-conselleria-de-sanitat-amplia-la-plantilla-del-centre-datencio-primaria-de-sant-joan\/\" \/>\n<meta property=\"og:locale\" content=\"en_US\" \/>\n<meta property=\"og:type\" content=\"article\" \/>\n<meta property=\"og:title\" content=\"La Conselleria de Sanitat amplia la plantilla del Centre d&#039;Atenci\u00f3 Prim\u00e0ria de Sant Joan - Sant Joan d&#039;Alacant\" \/>\n<meta property=\"og:description\" content=\"Despr\u00e9s de les reunions mantingudes amb la coordinaci\u00f3 del Centre de Salut i la directiva de l&#039;Hospital de Sant Joan, Donate va traslladar aquesta problem\u00e0tica a Conseller\u00eda, obtenint la passada setmana, part del personal sol\u00b7licitat.  Aix\u00ed i tot, Donate apunta que &quot;la ampliaci\u00f3 de la plantilla \u00e9s una molt bona not\u00edcia, per\u00f2 no ens oblidem de l&#039;amuntegament que est\u00e0 patint el personal laboral del centre. El Centre de Salut es va construir quan la poblaci\u00f3 de Sant Joan era d&#039;11.000 habitants, i ara tenim m\u00e9s de 23.000&quot;.\" \/>\n<meta property=\"og:url\" content=\"https:\/\/www.santjoandalacant.es\/ca\/la-conselleria-de-sanitat-amplia-la-plantilla-del-centre-datencio-primaria-de-sant-joan\/\" \/>\n<meta property=\"og:site_name\" content=\"Sant Joan d&#039;Alacant\" \/>\n<meta property=\"article:publisher\" content=\"https:\/\/www.facebook.com\/santjoandalacant\/\" \/>\n<meta property=\"article:published_time\" content=\"2016-02-17T15:04:09+00:00\" \/>\n<meta property=\"og:image\" content=\"https:\/\/www.santjoandalacant.es\/wp-content\/uploads\/2017\/06\/CENTRO_DE_SALUD-scaled.jpg\" \/>\n\t<meta property=\"og:image:width\" content=\"2560\" \/>\n\t<meta property=\"og:image:height\" content=\"2127\" \/>\n\t<meta property=\"og:image:type\" content=\"image\/jpeg\" \/>\n<meta name=\"author\" content=\"6tems\" \/>\n<meta name=\"twitter:card\" content=\"summary_large_image\" \/>\n<meta name=\"twitter:label1\" content=\"Written by\" \/>\n\t<meta name=\"twitter:data1\" content=\"6tems\" \/>\n\t<meta name=\"twitter:label2\" content=\"Est. reading time\" \/>\n\t<meta name=\"twitter:data2\" content=\"1 minute\" \/>\n<script type=\"application\/ld+json\" class=\"yoast-schema-graph\">{\"@context\":\"https:\\\/\\\/schema.org\",\"@graph\":[{\"@type\":\"Article\",\"@id\":\"https:\\\/\\\/www.santjoandalacant.es\\\/ca\\\/la-conselleria-de-sanitat-amplia-la-plantilla-del-centre-datencio-primaria-de-sant-joan\\\/#article\",\"isPartOf\":{\"@id\":\"https:\\\/\\\/www.santjoandalacant.es\\\/ca\\\/la-conselleria-de-sanitat-amplia-la-plantilla-del-centre-datencio-primaria-de-sant-joan\\\/\"},\"author\":{\"name\":\"6tems\",\"@id\":\"https:\\\/\\\/www.santjoandalacant.es\\\/ca\\\/#\\\/schema\\\/person\\\/74b89bc7b26e6edafb76cd69420cd790\"},\"headline\":\"La Conselleria de Sanitat amplia la plantilla del Centre d&#8217;Atenci\u00f3 Prim\u00e0ria de Sant Joan\",\"datePublished\":\"2016-02-17T15:04:09+00:00\",\"mainEntityOfPage\":{\"@id\":\"https:\\\/\\\/www.santjoandalacant.es\\\/ca\\\/la-conselleria-de-sanitat-amplia-la-plantilla-del-centre-datencio-primaria-de-sant-joan\\\/\"},\"wordCount\":222,\"commentCount\":0,\"publisher\":{\"@id\":\"https:\\\/\\\/www.santjoandalacant.es\\\/ca\\\/#organization\"},\"image\":{\"@id\":\"https:\\\/\\\/www.santjoandalacant.es\\\/ca\\\/la-conselleria-de-sanitat-amplia-la-plantilla-del-centre-datencio-primaria-de-sant-joan\\\/#primaryimage\"},\"thumbnailUrl\":\"https:\\\/\\\/www.santjoandalacant.es\\\/wp-content\\\/uploads\\\/2017\\\/06\\\/CENTRO_DE_SALUD-scaled.jpg\",\"articleSection\":[\"Sin categorizar\"],\"inLanguage\":\"va\",\"potentialAction\":[{\"@type\":\"CommentAction\",\"name\":\"Comment\",\"target\":[\"https:\\\/\\\/www.santjoandalacant.es\\\/ca\\\/la-conselleria-de-sanitat-amplia-la-plantilla-del-centre-datencio-primaria-de-sant-joan\\\/#respond\"]}]},{\"@type\":\"WebPage\",\"@id\":\"https:\\\/\\\/www.santjoandalacant.es\\\/ca\\\/la-conselleria-de-sanitat-amplia-la-plantilla-del-centre-datencio-primaria-de-sant-joan\\\/\",\"url\":\"https:\\\/\\\/www.santjoandalacant.es\\\/ca\\\/la-conselleria-de-sanitat-amplia-la-plantilla-del-centre-datencio-primaria-de-sant-joan\\\/\",\"name\":\"La Conselleria de Sanitat amplia la plantilla del Centre d'Atenci\u00f3 Prim\u00e0ria de Sant Joan - Sant Joan d&#039;Alacant\",\"isPartOf\":{\"@id\":\"https:\\\/\\\/www.santjoandalacant.es\\\/ca\\\/#website\"},\"primaryImageOfPage\":{\"@id\":\"https:\\\/\\\/www.santjoandalacant.es\\\/ca\\\/la-conselleria-de-sanitat-amplia-la-plantilla-del-centre-datencio-primaria-de-sant-joan\\\/#primaryimage\"},\"image\":{\"@id\":\"https:\\\/\\\/www.santjoandalacant.es\\\/ca\\\/la-conselleria-de-sanitat-amplia-la-plantilla-del-centre-datencio-primaria-de-sant-joan\\\/#primaryimage\"},\"thumbnailUrl\":\"https:\\\/\\\/www.santjoandalacant.es\\\/wp-content\\\/uploads\\\/2017\\\/06\\\/CENTRO_DE_SALUD-scaled.jpg\",\"datePublished\":\"2016-02-17T15:04:09+00:00\",\"breadcrumb\":{\"@id\":\"https:\\\/\\\/www.santjoandalacant.es\\\/ca\\\/la-conselleria-de-sanitat-amplia-la-plantilla-del-centre-datencio-primaria-de-sant-joan\\\/#breadcrumb\"},\"inLanguage\":\"va\",\"potentialAction\":[{\"@type\":\"ReadAction\",\"target\":[\"https:\\\/\\\/www.santjoandalacant.es\\\/ca\\\/la-conselleria-de-sanitat-amplia-la-plantilla-del-centre-datencio-primaria-de-sant-joan\\\/\"]}]},{\"@type\":\"ImageObject\",\"inLanguage\":\"va\",\"@id\":\"https:\\\/\\\/www.santjoandalacant.es\\\/ca\\\/la-conselleria-de-sanitat-amplia-la-plantilla-del-centre-datencio-primaria-de-sant-joan\\\/#primaryimage\",\"url\":\"https:\\\/\\\/www.santjoandalacant.es\\\/wp-content\\\/uploads\\\/2017\\\/06\\\/CENTRO_DE_SALUD-scaled.jpg\",\"contentUrl\":\"https:\\\/\\\/www.santjoandalacant.es\\\/wp-content\\\/uploads\\\/2017\\\/06\\\/CENTRO_DE_SALUD-scaled.jpg\",\"width\":2560,\"height\":2127},{\"@type\":\"BreadcrumbList\",\"@id\":\"https:\\\/\\\/www.santjoandalacant.es\\\/ca\\\/la-conselleria-de-sanitat-amplia-la-plantilla-del-centre-datencio-primaria-de-sant-joan\\\/#breadcrumb\",\"itemListElement\":[{\"@type\":\"ListItem\",\"position\":1,\"name\":\"Inicio\",\"item\":\"https:\\\/\\\/www.santjoandalacant.es\\\/ca\\\/\"},{\"@type\":\"ListItem\",\"position\":2,\"name\":\"La Conselleria de Sanitat amplia la plantilla del Centre d&#8217;Atenci\u00f3 Prim\u00e0ria de Sant Joan\"}]},{\"@type\":\"WebSite\",\"@id\":\"https:\\\/\\\/www.santjoandalacant.es\\\/ca\\\/#website\",\"url\":\"https:\\\/\\\/www.santjoandalacant.es\\\/ca\\\/\",\"name\":\"Sant Joan d'Alacant\",\"description\":\"\",\"publisher\":{\"@id\":\"https:\\\/\\\/www.santjoandalacant.es\\\/ca\\\/#organization\"},\"potentialAction\":[{\"@type\":\"SearchAction\",\"target\":{\"@type\":\"EntryPoint\",\"urlTemplate\":\"https:\\\/\\\/www.santjoandalacant.es\\\/ca\\\/?s={search_term_string}\"},\"query-input\":{\"@type\":\"PropertyValueSpecification\",\"valueRequired\":true,\"valueName\":\"search_term_string\"}}],\"inLanguage\":\"va\"},{\"@type\":\"Organization\",\"@id\":\"https:\\\/\\\/www.santjoandalacant.es\\\/ca\\\/#organization\",\"name\":\"Sant Joan d'Alacant\",\"url\":\"https:\\\/\\\/www.santjoandalacant.es\\\/ca\\\/\",\"logo\":{\"@type\":\"ImageObject\",\"inLanguage\":\"va\",\"@id\":\"https:\\\/\\\/www.santjoandalacant.es\\\/ca\\\/#\\\/schema\\\/logo\\\/image\\\/\",\"url\":\"https:\\\/\\\/www.santjoandalacant.es\\\/wp-content\\\/uploads\\\/2023\\\/08\\\/logoSJ.png\",\"contentUrl\":\"https:\\\/\\\/www.santjoandalacant.es\\\/wp-content\\\/uploads\\\/2023\\\/08\\\/logoSJ.png\",\"width\":198,\"height\":253,\"caption\":\"Sant Joan d'Alacant\"},\"image\":{\"@id\":\"https:\\\/\\\/www.santjoandalacant.es\\\/ca\\\/#\\\/schema\\\/logo\\\/image\\\/\"},\"sameAs\":[\"https:\\\/\\\/www.facebook.com\\\/santjoandalacant\\\/\",\"https:\\\/\\\/www.instagram.com\\\/santjoandalacant\\\/\",\"https:\\\/\\\/www.youtube.com\\\/user\\\/santjoandalacant\"]},{\"@type\":\"Person\",\"@id\":\"https:\\\/\\\/www.santjoandalacant.es\\\/ca\\\/#\\\/schema\\\/person\\\/74b89bc7b26e6edafb76cd69420cd790\",\"name\":\"6tems\",\"image\":{\"@type\":\"ImageObject\",\"inLanguage\":\"va\",\"@id\":\"https:\\\/\\\/secure.gravatar.com\\\/avatar\\\/1c939d9bf86da56568327e5d52b159d089efba17cde140c49884e3fe77ef9c66?s=96&d=mm&r=g\",\"url\":\"https:\\\/\\\/secure.gravatar.com\\\/avatar\\\/1c939d9bf86da56568327e5d52b159d089efba17cde140c49884e3fe77ef9c66?s=96&d=mm&r=g\",\"contentUrl\":\"https:\\\/\\\/secure.gravatar.com\\\/avatar\\\/1c939d9bf86da56568327e5d52b159d089efba17cde140c49884e3fe77ef9c66?s=96&d=mm&r=g\",\"caption\":\"6tems\"},\"sameAs\":[\"https:\\\/\\\/www.santjoandalacant.es\"],\"url\":\"https:\\\/\\\/www.santjoandalacant.es\\\/ca\\\/author\\\/adminasap\\\/\"}]}<\/script>\n<!-- \/ Yoast SEO plugin. -->","yoast_head_json":{"title":"La Conselleria de Sanitat amplia la plantilla del Centre d'Atenci\u00f3 Prim\u00e0ria de Sant Joan - Sant Joan d&#039;Alacant","robots":{"index":"index","follow":"follow","max-snippet":"max-snippet:-1","max-image-preview":"max-image-preview:large","max-video-preview":"max-video-preview:-1"},"canonical":"https:\/\/www.santjoandalacant.es\/ca\/la-conselleria-de-sanitat-amplia-la-plantilla-del-centre-datencio-primaria-de-sant-joan\/","og_locale":"en_US","og_type":"article","og_title":"La Conselleria de Sanitat amplia la plantilla del Centre d'Atenci\u00f3 Prim\u00e0ria de Sant Joan - Sant Joan d&#039;Alacant","og_description":"Despr\u00e9s de les reunions mantingudes amb la coordinaci\u00f3 del Centre de Salut i la directiva de l'Hospital de Sant Joan, Donate va traslladar aquesta problem\u00e0tica a Conseller\u00eda, obtenint la passada setmana, part del personal sol\u00b7licitat.  Aix\u00ed i tot, Donate apunta que &quot;la ampliaci\u00f3 de la plantilla \u00e9s una molt bona not\u00edcia, per\u00f2 no ens oblidem de l'amuntegament que est\u00e0 patint el personal laboral del centre. El Centre de Salut es va construir quan la poblaci\u00f3 de Sant Joan era d'11.000 habitants, i ara tenim m\u00e9s de 23.000&quot;.","og_url":"https:\/\/www.santjoandalacant.es\/ca\/la-conselleria-de-sanitat-amplia-la-plantilla-del-centre-datencio-primaria-de-sant-joan\/","og_site_name":"Sant Joan d&#039;Alacant","article_publisher":"https:\/\/www.facebook.com\/santjoandalacant\/","article_published_time":"2016-02-17T15:04:09+00:00","og_image":[{"width":2560,"height":2127,"url":"https:\/\/www.santjoandalacant.es\/wp-content\/uploads\/2017\/06\/CENTRO_DE_SALUD-scaled.jpg","type":"image\/jpeg"}],"author":"6tems","twitter_card":"summary_large_image","twitter_misc":{"Written by":"6tems","Est. reading time":"1 minute"},"schema":{"@context":"https:\/\/schema.org","@graph":[{"@type":"Article","@id":"https:\/\/www.santjoandalacant.es\/ca\/la-conselleria-de-sanitat-amplia-la-plantilla-del-centre-datencio-primaria-de-sant-joan\/#article","isPartOf":{"@id":"https:\/\/www.santjoandalacant.es\/ca\/la-conselleria-de-sanitat-amplia-la-plantilla-del-centre-datencio-primaria-de-sant-joan\/"},"author":{"name":"6tems","@id":"https:\/\/www.santjoandalacant.es\/ca\/#\/schema\/person\/74b89bc7b26e6edafb76cd69420cd790"},"headline":"La Conselleria de Sanitat amplia la plantilla del Centre d&#8217;Atenci\u00f3 Prim\u00e0ria de Sant Joan","datePublished":"2016-02-17T15:04:09+00:00","mainEntityOfPage":{"@id":"https:\/\/www.santjoandalacant.es\/ca\/la-conselleria-de-sanitat-amplia-la-plantilla-del-centre-datencio-primaria-de-sant-joan\/"},"wordCount":222,"commentCount":0,"publisher":{"@id":"https:\/\/www.santjoandalacant.es\/ca\/#organization"},"image":{"@id":"https:\/\/www.santjoandalacant.es\/ca\/la-conselleria-de-sanitat-amplia-la-plantilla-del-centre-datencio-primaria-de-sant-joan\/#primaryimage"},"thumbnailUrl":"https:\/\/www.santjoandalacant.es\/wp-content\/uploads\/2017\/06\/CENTRO_DE_SALUD-scaled.jpg","articleSection":["Sin categorizar"],"inLanguage":"va","potentialAction":[{"@type":"CommentAction","name":"Comment","target":["https:\/\/www.santjoandalacant.es\/ca\/la-conselleria-de-sanitat-amplia-la-plantilla-del-centre-datencio-primaria-de-sant-joan\/#respond"]}]},{"@type":"WebPage","@id":"https:\/\/www.santjoandalacant.es\/ca\/la-conselleria-de-sanitat-amplia-la-plantilla-del-centre-datencio-primaria-de-sant-joan\/","url":"https:\/\/www.santjoandalacant.es\/ca\/la-conselleria-de-sanitat-amplia-la-plantilla-del-centre-datencio-primaria-de-sant-joan\/","name":"La Conselleria de Sanitat amplia la plantilla del Centre d'Atenci\u00f3 Prim\u00e0ria de Sant Joan - Sant Joan d&#039;Alacant","isPartOf":{"@id":"https:\/\/www.santjoandalacant.es\/ca\/#website"},"primaryImageOfPage":{"@id":"https:\/\/www.santjoandalacant.es\/ca\/la-conselleria-de-sanitat-amplia-la-plantilla-del-centre-datencio-primaria-de-sant-joan\/#primaryimage"},"image":{"@id":"https:\/\/www.santjoandalacant.es\/ca\/la-conselleria-de-sanitat-amplia-la-plantilla-del-centre-datencio-primaria-de-sant-joan\/#primaryimage"},"thumbnailUrl":"https:\/\/www.santjoandalacant.es\/wp-content\/uploads\/2017\/06\/CENTRO_DE_SALUD-scaled.jpg","datePublished":"2016-02-17T15:04:09+00:00","breadcrumb":{"@id":"https:\/\/www.santjoandalacant.es\/ca\/la-conselleria-de-sanitat-amplia-la-plantilla-del-centre-datencio-primaria-de-sant-joan\/#breadcrumb"},"inLanguage":"va","potentialAction":[{"@type":"ReadAction","target":["https:\/\/www.santjoandalacant.es\/ca\/la-conselleria-de-sanitat-amplia-la-plantilla-del-centre-datencio-primaria-de-sant-joan\/"]}]},{"@type":"ImageObject","inLanguage":"va","@id":"https:\/\/www.santjoandalacant.es\/ca\/la-conselleria-de-sanitat-amplia-la-plantilla-del-centre-datencio-primaria-de-sant-joan\/#primaryimage","url":"https:\/\/www.santjoandalacant.es\/wp-content\/uploads\/2017\/06\/CENTRO_DE_SALUD-scaled.jpg","contentUrl":"https:\/\/www.santjoandalacant.es\/wp-content\/uploads\/2017\/06\/CENTRO_DE_SALUD-scaled.jpg","width":2560,"height":2127},{"@type":"BreadcrumbList","@id":"https:\/\/www.santjoandalacant.es\/ca\/la-conselleria-de-sanitat-amplia-la-plantilla-del-centre-datencio-primaria-de-sant-joan\/#breadcrumb","itemListElement":[{"@type":"ListItem","position":1,"name":"Inicio","item":"https:\/\/www.santjoandalacant.es\/ca\/"},{"@type":"ListItem","position":2,"name":"La Conselleria de Sanitat amplia la plantilla del Centre d&#8217;Atenci\u00f3 Prim\u00e0ria de Sant Joan"}]},{"@type":"WebSite","@id":"https:\/\/www.santjoandalacant.es\/ca\/#website","url":"https:\/\/www.santjoandalacant.es\/ca\/","name":"Sant Joan d'Alacant","description":"","publisher":{"@id":"https:\/\/www.santjoandalacant.es\/ca\/#organization"},"potentialAction":[{"@type":"SearchAction","target":{"@type":"EntryPoint","urlTemplate":"https:\/\/www.santjoandalacant.es\/ca\/?s={search_term_string}"},"query-input":{"@type":"PropertyValueSpecification","valueRequired":true,"valueName":"search_term_string"}}],"inLanguage":"va"},{"@type":"Organization","@id":"https:\/\/www.santjoandalacant.es\/ca\/#organization","name":"Sant Joan d'Alacant","url":"https:\/\/www.santjoandalacant.es\/ca\/","logo":{"@type":"ImageObject","inLanguage":"va","@id":"https:\/\/www.santjoandalacant.es\/ca\/#\/schema\/logo\/image\/","url":"https:\/\/www.santjoandalacant.es\/wp-content\/uploads\/2023\/08\/logoSJ.png","contentUrl":"https:\/\/www.santjoandalacant.es\/wp-content\/uploads\/2023\/08\/logoSJ.png","width":198,"height":253,"caption":"Sant Joan d'Alacant"},"image":{"@id":"https:\/\/www.santjoandalacant.es\/ca\/#\/schema\/logo\/image\/"},"sameAs":["https:\/\/www.facebook.com\/santjoandalacant\/","https:\/\/www.instagram.com\/santjoandalacant\/","https:\/\/www.youtube.com\/user\/santjoandalacant"]},{"@type":"Person","@id":"https:\/\/www.santjoandalacant.es\/ca\/#\/schema\/person\/74b89bc7b26e6edafb76cd69420cd790","name":"6tems","image":{"@type":"ImageObject","inLanguage":"va","@id":"https:\/\/secure.gravatar.com\/avatar\/1c939d9bf86da56568327e5d52b159d089efba17cde140c49884e3fe77ef9c66?s=96&d=mm&r=g","url":"https:\/\/secure.gravatar.com\/avatar\/1c939d9bf86da56568327e5d52b159d089efba17cde140c49884e3fe77ef9c66?s=96&d=mm&r=g","contentUrl":"https:\/\/secure.gravatar.com\/avatar\/1c939d9bf86da56568327e5d52b159d089efba17cde140c49884e3fe77ef9c66?s=96&d=mm&r=g","caption":"6tems"},"sameAs":["https:\/\/www.santjoandalacant.es"],"url":"https:\/\/www.santjoandalacant.es\/ca\/author\/adminasap\/"}]}},"_links":{"self":[{"href":"https:\/\/www.santjoandalacant.es\/ca\/wp-json\/wp\/v2\/posts\/76414","targetHints":{"allow":["GET"]}}],"collection":[{"href":"https:\/\/www.santjoandalacant.es\/ca\/wp-json\/wp\/v2\/posts"}],"about":[{"href":"https:\/\/www.santjoandalacant.es\/ca\/wp-json\/wp\/v2\/types\/post"}],"author":[{"embeddable":true,"href":"https:\/\/www.santjoandalacant.es\/ca\/wp-json\/wp\/v2\/users\/1"}],"replies":[{"embeddable":true,"href":"https:\/\/www.santjoandalacant.es\/ca\/wp-json\/wp\/v2\/comments?post=76414"}],"version-history":[{"count":0,"href":"https:\/\/www.santjoandalacant.es\/ca\/wp-json\/wp\/v2\/posts\/76414\/revisions"}],"wp:featuredmedia":[{"embeddable":true,"href":"https:\/\/www.santjoandalacant.es\/ca\/wp-json\/wp\/v2\/media\/27724"}],"wp:attachment":[{"href":"https:\/\/www.santjoandalacant.es\/ca\/wp-json\/wp\/v2\/media?parent=76414"}],"wp:term":[{"taxonomy":"category","embeddable":true,"href":"https:\/\/www.santjoandalacant.es\/ca\/wp-json\/wp\/v2\/categories?post=76414"},{"taxonomy":"post_tag","embeddable":true,"href":"https:\/\/www.santjoandalacant.es\/ca\/wp-json\/wp\/v2\/tags?post=76414"},{"taxonomy":"areas","embeddable":true,"href":"https:\/\/www.santjoandalacant.es\/ca\/wp-json\/wp\/v2\/areas?post=76414"}],"curies":[{"name":"wp","href":"https:\/\/api.w.org\/{rel}","templated":true}]}}