{"id":76426,"date":"2016-02-11T07:46:59","date_gmt":"2016-02-11T07:46:59","guid":{"rendered":"https:\/\/santjoan.developersasapglobalsolution.com\/les-iii-jornades-danimacio-lectora-oferixen-sessions-de-contes-perque-escolars-i-adults-sacosten-als-llibres\/"},"modified":"2016-02-11T07:46:59","modified_gmt":"2016-02-11T07:46:59","slug":"les-iii-jornades-danimacio-lectora-oferixen-sessions-de-contes-perque-escolars-i-adults-sacosten-als-llibres","status":"publish","type":"post","link":"https:\/\/www.santjoandalacant.es\/ca\/les-iii-jornades-danimacio-lectora-oferixen-sessions-de-contes-perque-escolars-i-adults-sacosten-als-llibres\/","title":{"rendered":"Les III Jornades d&#8217;Animaci\u00f3 Lectora oferixen sessions de contes perqu\u00e8 escolars i adults s&#8217;acosten als llibres"},"content":{"rendered":"<p>La Regidoria d&#8217;Educaci\u00f3 va convocar als mitjans de comunicaci\u00f3 i a representants de les AMPAS dels CEIPS El Romero, Rajoletes i Crist de la Paz que col\u2022laboren en esta activitat des de la seua primera edici\u00f3, a una roda de premsa per a presentar la tercera edici\u00f3 d&#8217;esta activitat, que tanta repercussi\u00f3 t\u00e9 entre l&#8217;alumnat de Sant Joan, organitzada pels col\u2022legis p\u00fablics del municipi, patrocinada per la REgidoria de&#8217;Educaci\u00f3, en la que col\u2022laboren tamb\u00e9 els comer\u00e7os locals Llibres Chus, Papereria Tere i Papereria Caturla. <br \/>\nLes professores encarregades del projecte, una de cada centre educatiu, Mar\u00eda Jos\u00e9, Merce i Llum, van explicar en qu\u00e8 consistix la iniciativa i van agrair a la Regidoria la seua implicaci\u00f3 en estes jornades. <br \/>\nEste projecte consistix en la realitzaci\u00f3 d&#8217;unes sessions de contes per a xiquets i altres tamb\u00e9 per a adults. La seua finalitat \u00e9s cridar l&#8217;atenci\u00f3 dels xiquets per la lectura, les il\u2022lustracions i representaci\u00f3 de les mateixes a trav\u00e9s dels contes. Donaran comen\u00e7ament el dia 15 en el CEIP Rajoletes i l&#8217;encarregat d&#8217;obrir les sessions ser\u00e0 Carles Cano, seguit d&#8217;Alberto Celdr\u00e1n, Chus Pastor, Dani Miquel i Cristina Verbena.<br \/>\nLes sessions per a adults tindran lloc en la Biblioteca Municipal i seran els dies 15 i 24 de febrer respectivament. <\/p>\n","protected":false},"excerpt":{"rendered":"<p>La Regidoria d&#8217;Educaci\u00f3 va convocar als mitjans de comunicaci\u00f3 i a representants de les AMPAS dels CEIPS El Romero, Rajoletes i Crist de la Paz que col\u2022laboren en esta activitat des de la seua primera edici\u00f3, a una roda de premsa per a presentar la tercera edici\u00f3 d&#8217;esta activitat, que tanta repercussi\u00f3 t\u00e9 entre l&#8217;alumnat de Sant Joan, organitzada pels col\u2022legis p\u00fablics del municipi, patrocinada per la REgidoria de&#8217;Educaci\u00f3, en la que col\u2022laboren tamb\u00e9 els comer\u00e7os locals Llibres Chus, Papereria Tere i Papereria Caturla. <\/p>\n","protected":false},"author":1,"featured_media":27772,"comment_status":"open","ping_status":"open","sticky":false,"template":"","format":"standard","meta":{"_acf_changed":false,"rs_blank_template":"","rs_page_bg_color":"","slide_template_v7":"","footnotes":""},"categories":[1],"tags":[],"areas":[1000],"class_list":["post-76426","post","type-post","status-publish","format-standard","has-post-thumbnail","hentry","category-sin-categorizar","areas-educacion-ca"],"acf":[],"yoast_head":"<!-- This site is optimized with the Yoast SEO plugin v28.2 - https:\/\/yoast.com\/product\/yoast-seo-wordpress\/ -->\n<title>Les III Jornades d&#039;Animaci\u00f3 Lectora oferixen sessions de contes perqu\u00e8 escolars i adults s&#039;acosten als llibres - Sant Joan d&#039;Alacant<\/title>\n<meta name=\"robots\" content=\"index, follow, max-snippet:-1, max-image-preview:large, max-video-preview:-1\" \/>\n<link rel=\"canonical\" href=\"https:\/\/www.santjoandalacant.es\/ca\/les-iii-jornades-danimacio-lectora-oferixen-sessions-de-contes-perque-escolars-i-adults-sacosten-als-llibres\/\" \/>\n<meta property=\"og:locale\" content=\"en_US\" \/>\n<meta property=\"og:type\" content=\"article\" \/>\n<meta property=\"og:title\" content=\"Les III Jornades d&#039;Animaci\u00f3 Lectora oferixen sessions de contes perqu\u00e8 escolars i adults s&#039;acosten als llibres - Sant Joan d&#039;Alacant\" \/>\n<meta property=\"og:description\" content=\"La Regidoria d&#039;Educaci\u00f3 va convocar als mitjans de comunicaci\u00f3 i a representants de les AMPAS dels CEIPS El Romero, Rajoletes i Crist de la Paz que col\u2022laboren en esta activitat des de la seua primera edici\u00f3, a una roda de premsa per a presentar la tercera edici\u00f3 d&#039;esta activitat, que tanta repercussi\u00f3 t\u00e9 entre l&#039;alumnat de Sant Joan, organitzada pels col\u2022legis p\u00fablics del municipi, patrocinada per la REgidoria de&#039;Educaci\u00f3, en la que col\u2022laboren tamb\u00e9 els comer\u00e7os locals Llibres Chus, Papereria Tere i Papereria Caturla.\" \/>\n<meta property=\"og:url\" content=\"https:\/\/www.santjoandalacant.es\/ca\/les-iii-jornades-danimacio-lectora-oferixen-sessions-de-contes-perque-escolars-i-adults-sacosten-als-llibres\/\" \/>\n<meta property=\"og:site_name\" content=\"Sant Joan d&#039;Alacant\" \/>\n<meta property=\"article:publisher\" content=\"https:\/\/www.facebook.com\/santjoandalacant\/\" \/>\n<meta property=\"article:published_time\" content=\"2016-02-11T07:46:59+00:00\" \/>\n<meta property=\"og:image\" content=\"https:\/\/www.santjoandalacant.es\/wp-content\/uploads\/2017\/06\/animacion_lectora_reduc_web.jpg\" \/>\n\t<meta property=\"og:image:width\" content=\"1000\" \/>\n\t<meta property=\"og:image:height\" content=\"741\" \/>\n\t<meta property=\"og:image:type\" content=\"image\/jpeg\" \/>\n<meta name=\"author\" content=\"6tems\" \/>\n<meta name=\"twitter:card\" content=\"summary_large_image\" \/>\n<meta name=\"twitter:label1\" content=\"Written by\" \/>\n\t<meta name=\"twitter:data1\" content=\"6tems\" \/>\n\t<meta name=\"twitter:label2\" content=\"Est. reading time\" \/>\n\t<meta name=\"twitter:data2\" content=\"1 minute\" \/>\n<script type=\"application\/ld+json\" class=\"yoast-schema-graph\">{\"@context\":\"https:\\\/\\\/schema.org\",\"@graph\":[{\"@type\":\"Article\",\"@id\":\"https:\\\/\\\/www.santjoandalacant.es\\\/ca\\\/les-iii-jornades-danimacio-lectora-oferixen-sessions-de-contes-perque-escolars-i-adults-sacosten-als-llibres\\\/#article\",\"isPartOf\":{\"@id\":\"https:\\\/\\\/www.santjoandalacant.es\\\/ca\\\/les-iii-jornades-danimacio-lectora-oferixen-sessions-de-contes-perque-escolars-i-adults-sacosten-als-llibres\\\/\"},\"author\":{\"name\":\"6tems\",\"@id\":\"https:\\\/\\\/www.santjoandalacant.es\\\/ca\\\/#\\\/schema\\\/person\\\/74b89bc7b26e6edafb76cd69420cd790\"},\"headline\":\"Les III Jornades d&#8217;Animaci\u00f3 Lectora oferixen sessions de contes perqu\u00e8 escolars i adults s&#8217;acosten als llibres\",\"datePublished\":\"2016-02-11T07:46:59+00:00\",\"mainEntityOfPage\":{\"@id\":\"https:\\\/\\\/www.santjoandalacant.es\\\/ca\\\/les-iii-jornades-danimacio-lectora-oferixen-sessions-de-contes-perque-escolars-i-adults-sacosten-als-llibres\\\/\"},\"wordCount\":241,\"commentCount\":0,\"publisher\":{\"@id\":\"https:\\\/\\\/www.santjoandalacant.es\\\/ca\\\/#organization\"},\"image\":{\"@id\":\"https:\\\/\\\/www.santjoandalacant.es\\\/ca\\\/les-iii-jornades-danimacio-lectora-oferixen-sessions-de-contes-perque-escolars-i-adults-sacosten-als-llibres\\\/#primaryimage\"},\"thumbnailUrl\":\"https:\\\/\\\/www.santjoandalacant.es\\\/wp-content\\\/uploads\\\/2017\\\/06\\\/animacion_lectora_reduc_web.jpg\",\"articleSection\":[\"Sin categorizar\"],\"inLanguage\":\"va\",\"potentialAction\":[{\"@type\":\"CommentAction\",\"name\":\"Comment\",\"target\":[\"https:\\\/\\\/www.santjoandalacant.es\\\/ca\\\/les-iii-jornades-danimacio-lectora-oferixen-sessions-de-contes-perque-escolars-i-adults-sacosten-als-llibres\\\/#respond\"]}]},{\"@type\":\"WebPage\",\"@id\":\"https:\\\/\\\/www.santjoandalacant.es\\\/ca\\\/les-iii-jornades-danimacio-lectora-oferixen-sessions-de-contes-perque-escolars-i-adults-sacosten-als-llibres\\\/\",\"url\":\"https:\\\/\\\/www.santjoandalacant.es\\\/ca\\\/les-iii-jornades-danimacio-lectora-oferixen-sessions-de-contes-perque-escolars-i-adults-sacosten-als-llibres\\\/\",\"name\":\"Les III Jornades d'Animaci\u00f3 Lectora oferixen sessions de contes perqu\u00e8 escolars i adults s'acosten als llibres - Sant Joan d&#039;Alacant\",\"isPartOf\":{\"@id\":\"https:\\\/\\\/www.santjoandalacant.es\\\/ca\\\/#website\"},\"primaryImageOfPage\":{\"@id\":\"https:\\\/\\\/www.santjoandalacant.es\\\/ca\\\/les-iii-jornades-danimacio-lectora-oferixen-sessions-de-contes-perque-escolars-i-adults-sacosten-als-llibres\\\/#primaryimage\"},\"image\":{\"@id\":\"https:\\\/\\\/www.santjoandalacant.es\\\/ca\\\/les-iii-jornades-danimacio-lectora-oferixen-sessions-de-contes-perque-escolars-i-adults-sacosten-als-llibres\\\/#primaryimage\"},\"thumbnailUrl\":\"https:\\\/\\\/www.santjoandalacant.es\\\/wp-content\\\/uploads\\\/2017\\\/06\\\/animacion_lectora_reduc_web.jpg\",\"datePublished\":\"2016-02-11T07:46:59+00:00\",\"breadcrumb\":{\"@id\":\"https:\\\/\\\/www.santjoandalacant.es\\\/ca\\\/les-iii-jornades-danimacio-lectora-oferixen-sessions-de-contes-perque-escolars-i-adults-sacosten-als-llibres\\\/#breadcrumb\"},\"inLanguage\":\"va\",\"potentialAction\":[{\"@type\":\"ReadAction\",\"target\":[\"https:\\\/\\\/www.santjoandalacant.es\\\/ca\\\/les-iii-jornades-danimacio-lectora-oferixen-sessions-de-contes-perque-escolars-i-adults-sacosten-als-llibres\\\/\"]}]},{\"@type\":\"ImageObject\",\"inLanguage\":\"va\",\"@id\":\"https:\\\/\\\/www.santjoandalacant.es\\\/ca\\\/les-iii-jornades-danimacio-lectora-oferixen-sessions-de-contes-perque-escolars-i-adults-sacosten-als-llibres\\\/#primaryimage\",\"url\":\"https:\\\/\\\/www.santjoandalacant.es\\\/wp-content\\\/uploads\\\/2017\\\/06\\\/animacion_lectora_reduc_web.jpg\",\"contentUrl\":\"https:\\\/\\\/www.santjoandalacant.es\\\/wp-content\\\/uploads\\\/2017\\\/06\\\/animacion_lectora_reduc_web.jpg\",\"width\":1000,\"height\":741},{\"@type\":\"BreadcrumbList\",\"@id\":\"https:\\\/\\\/www.santjoandalacant.es\\\/ca\\\/les-iii-jornades-danimacio-lectora-oferixen-sessions-de-contes-perque-escolars-i-adults-sacosten-als-llibres\\\/#breadcrumb\",\"itemListElement\":[{\"@type\":\"ListItem\",\"position\":1,\"name\":\"Inicio\",\"item\":\"https:\\\/\\\/www.santjoandalacant.es\\\/ca\\\/\"},{\"@type\":\"ListItem\",\"position\":2,\"name\":\"Les III Jornades d&#8217;Animaci\u00f3 Lectora oferixen sessions de contes perqu\u00e8 escolars i adults s&#8217;acosten als llibres\"}]},{\"@type\":\"WebSite\",\"@id\":\"https:\\\/\\\/www.santjoandalacant.es\\\/ca\\\/#website\",\"url\":\"https:\\\/\\\/www.santjoandalacant.es\\\/ca\\\/\",\"name\":\"Sant Joan d'Alacant\",\"description\":\"\",\"publisher\":{\"@id\":\"https:\\\/\\\/www.santjoandalacant.es\\\/ca\\\/#organization\"},\"potentialAction\":[{\"@type\":\"SearchAction\",\"target\":{\"@type\":\"EntryPoint\",\"urlTemplate\":\"https:\\\/\\\/www.santjoandalacant.es\\\/ca\\\/?s={search_term_string}\"},\"query-input\":{\"@type\":\"PropertyValueSpecification\",\"valueRequired\":true,\"valueName\":\"search_term_string\"}}],\"inLanguage\":\"va\"},{\"@type\":\"Organization\",\"@id\":\"https:\\\/\\\/www.santjoandalacant.es\\\/ca\\\/#organization\",\"name\":\"Sant Joan d'Alacant\",\"url\":\"https:\\\/\\\/www.santjoandalacant.es\\\/ca\\\/\",\"logo\":{\"@type\":\"ImageObject\",\"inLanguage\":\"va\",\"@id\":\"https:\\\/\\\/www.santjoandalacant.es\\\/ca\\\/#\\\/schema\\\/logo\\\/image\\\/\",\"url\":\"https:\\\/\\\/www.santjoandalacant.es\\\/wp-content\\\/uploads\\\/2023\\\/08\\\/logoSJ.png\",\"contentUrl\":\"https:\\\/\\\/www.santjoandalacant.es\\\/wp-content\\\/uploads\\\/2023\\\/08\\\/logoSJ.png\",\"width\":198,\"height\":253,\"caption\":\"Sant Joan d'Alacant\"},\"image\":{\"@id\":\"https:\\\/\\\/www.santjoandalacant.es\\\/ca\\\/#\\\/schema\\\/logo\\\/image\\\/\"},\"sameAs\":[\"https:\\\/\\\/www.facebook.com\\\/santjoandalacant\\\/\",\"https:\\\/\\\/www.instagram.com\\\/santjoandalacant\\\/\",\"https:\\\/\\\/www.youtube.com\\\/user\\\/santjoandalacant\"]},{\"@type\":\"Person\",\"@id\":\"https:\\\/\\\/www.santjoandalacant.es\\\/ca\\\/#\\\/schema\\\/person\\\/74b89bc7b26e6edafb76cd69420cd790\",\"name\":\"6tems\",\"image\":{\"@type\":\"ImageObject\",\"inLanguage\":\"va\",\"@id\":\"https:\\\/\\\/secure.gravatar.com\\\/avatar\\\/1c939d9bf86da56568327e5d52b159d089efba17cde140c49884e3fe77ef9c66?s=96&d=mm&r=g\",\"url\":\"https:\\\/\\\/secure.gravatar.com\\\/avatar\\\/1c939d9bf86da56568327e5d52b159d089efba17cde140c49884e3fe77ef9c66?s=96&d=mm&r=g\",\"contentUrl\":\"https:\\\/\\\/secure.gravatar.com\\\/avatar\\\/1c939d9bf86da56568327e5d52b159d089efba17cde140c49884e3fe77ef9c66?s=96&d=mm&r=g\",\"caption\":\"6tems\"},\"sameAs\":[\"https:\\\/\\\/www.santjoandalacant.es\"],\"url\":\"https:\\\/\\\/www.santjoandalacant.es\\\/ca\\\/author\\\/adminasap\\\/\"}]}<\/script>\n<!-- \/ Yoast SEO plugin. -->","yoast_head_json":{"title":"Les III Jornades d'Animaci\u00f3 Lectora oferixen sessions de contes perqu\u00e8 escolars i adults s'acosten als llibres - Sant Joan d&#039;Alacant","robots":{"index":"index","follow":"follow","max-snippet":"max-snippet:-1","max-image-preview":"max-image-preview:large","max-video-preview":"max-video-preview:-1"},"canonical":"https:\/\/www.santjoandalacant.es\/ca\/les-iii-jornades-danimacio-lectora-oferixen-sessions-de-contes-perque-escolars-i-adults-sacosten-als-llibres\/","og_locale":"en_US","og_type":"article","og_title":"Les III Jornades d'Animaci\u00f3 Lectora oferixen sessions de contes perqu\u00e8 escolars i adults s'acosten als llibres - Sant Joan d&#039;Alacant","og_description":"La Regidoria d'Educaci\u00f3 va convocar als mitjans de comunicaci\u00f3 i a representants de les AMPAS dels CEIPS El Romero, Rajoletes i Crist de la Paz que col\u2022laboren en esta activitat des de la seua primera edici\u00f3, a una roda de premsa per a presentar la tercera edici\u00f3 d'esta activitat, que tanta repercussi\u00f3 t\u00e9 entre l'alumnat de Sant Joan, organitzada pels col\u2022legis p\u00fablics del municipi, patrocinada per la REgidoria de'Educaci\u00f3, en la que col\u2022laboren tamb\u00e9 els comer\u00e7os locals Llibres Chus, Papereria Tere i Papereria Caturla.","og_url":"https:\/\/www.santjoandalacant.es\/ca\/les-iii-jornades-danimacio-lectora-oferixen-sessions-de-contes-perque-escolars-i-adults-sacosten-als-llibres\/","og_site_name":"Sant Joan d&#039;Alacant","article_publisher":"https:\/\/www.facebook.com\/santjoandalacant\/","article_published_time":"2016-02-11T07:46:59+00:00","og_image":[{"width":1000,"height":741,"url":"https:\/\/www.santjoandalacant.es\/wp-content\/uploads\/2017\/06\/animacion_lectora_reduc_web.jpg","type":"image\/jpeg"}],"author":"6tems","twitter_card":"summary_large_image","twitter_misc":{"Written by":"6tems","Est. reading time":"1 minute"},"schema":{"@context":"https:\/\/schema.org","@graph":[{"@type":"Article","@id":"https:\/\/www.santjoandalacant.es\/ca\/les-iii-jornades-danimacio-lectora-oferixen-sessions-de-contes-perque-escolars-i-adults-sacosten-als-llibres\/#article","isPartOf":{"@id":"https:\/\/www.santjoandalacant.es\/ca\/les-iii-jornades-danimacio-lectora-oferixen-sessions-de-contes-perque-escolars-i-adults-sacosten-als-llibres\/"},"author":{"name":"6tems","@id":"https:\/\/www.santjoandalacant.es\/ca\/#\/schema\/person\/74b89bc7b26e6edafb76cd69420cd790"},"headline":"Les III Jornades d&#8217;Animaci\u00f3 Lectora oferixen sessions de contes perqu\u00e8 escolars i adults s&#8217;acosten als llibres","datePublished":"2016-02-11T07:46:59+00:00","mainEntityOfPage":{"@id":"https:\/\/www.santjoandalacant.es\/ca\/les-iii-jornades-danimacio-lectora-oferixen-sessions-de-contes-perque-escolars-i-adults-sacosten-als-llibres\/"},"wordCount":241,"commentCount":0,"publisher":{"@id":"https:\/\/www.santjoandalacant.es\/ca\/#organization"},"image":{"@id":"https:\/\/www.santjoandalacant.es\/ca\/les-iii-jornades-danimacio-lectora-oferixen-sessions-de-contes-perque-escolars-i-adults-sacosten-als-llibres\/#primaryimage"},"thumbnailUrl":"https:\/\/www.santjoandalacant.es\/wp-content\/uploads\/2017\/06\/animacion_lectora_reduc_web.jpg","articleSection":["Sin categorizar"],"inLanguage":"va","potentialAction":[{"@type":"CommentAction","name":"Comment","target":["https:\/\/www.santjoandalacant.es\/ca\/les-iii-jornades-danimacio-lectora-oferixen-sessions-de-contes-perque-escolars-i-adults-sacosten-als-llibres\/#respond"]}]},{"@type":"WebPage","@id":"https:\/\/www.santjoandalacant.es\/ca\/les-iii-jornades-danimacio-lectora-oferixen-sessions-de-contes-perque-escolars-i-adults-sacosten-als-llibres\/","url":"https:\/\/www.santjoandalacant.es\/ca\/les-iii-jornades-danimacio-lectora-oferixen-sessions-de-contes-perque-escolars-i-adults-sacosten-als-llibres\/","name":"Les III Jornades d'Animaci\u00f3 Lectora oferixen sessions de contes perqu\u00e8 escolars i adults s'acosten als llibres - Sant Joan d&#039;Alacant","isPartOf":{"@id":"https:\/\/www.santjoandalacant.es\/ca\/#website"},"primaryImageOfPage":{"@id":"https:\/\/www.santjoandalacant.es\/ca\/les-iii-jornades-danimacio-lectora-oferixen-sessions-de-contes-perque-escolars-i-adults-sacosten-als-llibres\/#primaryimage"},"image":{"@id":"https:\/\/www.santjoandalacant.es\/ca\/les-iii-jornades-danimacio-lectora-oferixen-sessions-de-contes-perque-escolars-i-adults-sacosten-als-llibres\/#primaryimage"},"thumbnailUrl":"https:\/\/www.santjoandalacant.es\/wp-content\/uploads\/2017\/06\/animacion_lectora_reduc_web.jpg","datePublished":"2016-02-11T07:46:59+00:00","breadcrumb":{"@id":"https:\/\/www.santjoandalacant.es\/ca\/les-iii-jornades-danimacio-lectora-oferixen-sessions-de-contes-perque-escolars-i-adults-sacosten-als-llibres\/#breadcrumb"},"inLanguage":"va","potentialAction":[{"@type":"ReadAction","target":["https:\/\/www.santjoandalacant.es\/ca\/les-iii-jornades-danimacio-lectora-oferixen-sessions-de-contes-perque-escolars-i-adults-sacosten-als-llibres\/"]}]},{"@type":"ImageObject","inLanguage":"va","@id":"https:\/\/www.santjoandalacant.es\/ca\/les-iii-jornades-danimacio-lectora-oferixen-sessions-de-contes-perque-escolars-i-adults-sacosten-als-llibres\/#primaryimage","url":"https:\/\/www.santjoandalacant.es\/wp-content\/uploads\/2017\/06\/animacion_lectora_reduc_web.jpg","contentUrl":"https:\/\/www.santjoandalacant.es\/wp-content\/uploads\/2017\/06\/animacion_lectora_reduc_web.jpg","width":1000,"height":741},{"@type":"BreadcrumbList","@id":"https:\/\/www.santjoandalacant.es\/ca\/les-iii-jornades-danimacio-lectora-oferixen-sessions-de-contes-perque-escolars-i-adults-sacosten-als-llibres\/#breadcrumb","itemListElement":[{"@type":"ListItem","position":1,"name":"Inicio","item":"https:\/\/www.santjoandalacant.es\/ca\/"},{"@type":"ListItem","position":2,"name":"Les III Jornades d&#8217;Animaci\u00f3 Lectora oferixen sessions de contes perqu\u00e8 escolars i adults s&#8217;acosten als llibres"}]},{"@type":"WebSite","@id":"https:\/\/www.santjoandalacant.es\/ca\/#website","url":"https:\/\/www.santjoandalacant.es\/ca\/","name":"Sant Joan d'Alacant","description":"","publisher":{"@id":"https:\/\/www.santjoandalacant.es\/ca\/#organization"},"potentialAction":[{"@type":"SearchAction","target":{"@type":"EntryPoint","urlTemplate":"https:\/\/www.santjoandalacant.es\/ca\/?s={search_term_string}"},"query-input":{"@type":"PropertyValueSpecification","valueRequired":true,"valueName":"search_term_string"}}],"inLanguage":"va"},{"@type":"Organization","@id":"https:\/\/www.santjoandalacant.es\/ca\/#organization","name":"Sant Joan d'Alacant","url":"https:\/\/www.santjoandalacant.es\/ca\/","logo":{"@type":"ImageObject","inLanguage":"va","@id":"https:\/\/www.santjoandalacant.es\/ca\/#\/schema\/logo\/image\/","url":"https:\/\/www.santjoandalacant.es\/wp-content\/uploads\/2023\/08\/logoSJ.png","contentUrl":"https:\/\/www.santjoandalacant.es\/wp-content\/uploads\/2023\/08\/logoSJ.png","width":198,"height":253,"caption":"Sant Joan d'Alacant"},"image":{"@id":"https:\/\/www.santjoandalacant.es\/ca\/#\/schema\/logo\/image\/"},"sameAs":["https:\/\/www.facebook.com\/santjoandalacant\/","https:\/\/www.instagram.com\/santjoandalacant\/","https:\/\/www.youtube.com\/user\/santjoandalacant"]},{"@type":"Person","@id":"https:\/\/www.santjoandalacant.es\/ca\/#\/schema\/person\/74b89bc7b26e6edafb76cd69420cd790","name":"6tems","image":{"@type":"ImageObject","inLanguage":"va","@id":"https:\/\/secure.gravatar.com\/avatar\/1c939d9bf86da56568327e5d52b159d089efba17cde140c49884e3fe77ef9c66?s=96&d=mm&r=g","url":"https:\/\/secure.gravatar.com\/avatar\/1c939d9bf86da56568327e5d52b159d089efba17cde140c49884e3fe77ef9c66?s=96&d=mm&r=g","contentUrl":"https:\/\/secure.gravatar.com\/avatar\/1c939d9bf86da56568327e5d52b159d089efba17cde140c49884e3fe77ef9c66?s=96&d=mm&r=g","caption":"6tems"},"sameAs":["https:\/\/www.santjoandalacant.es"],"url":"https:\/\/www.santjoandalacant.es\/ca\/author\/adminasap\/"}]}},"_links":{"self":[{"href":"https:\/\/www.santjoandalacant.es\/ca\/wp-json\/wp\/v2\/posts\/76426","targetHints":{"allow":["GET"]}}],"collection":[{"href":"https:\/\/www.santjoandalacant.es\/ca\/wp-json\/wp\/v2\/posts"}],"about":[{"href":"https:\/\/www.santjoandalacant.es\/ca\/wp-json\/wp\/v2\/types\/post"}],"author":[{"embeddable":true,"href":"https:\/\/www.santjoandalacant.es\/ca\/wp-json\/wp\/v2\/users\/1"}],"replies":[{"embeddable":true,"href":"https:\/\/www.santjoandalacant.es\/ca\/wp-json\/wp\/v2\/comments?post=76426"}],"version-history":[{"count":0,"href":"https:\/\/www.santjoandalacant.es\/ca\/wp-json\/wp\/v2\/posts\/76426\/revisions"}],"wp:featuredmedia":[{"embeddable":true,"href":"https:\/\/www.santjoandalacant.es\/ca\/wp-json\/wp\/v2\/media\/27772"}],"wp:attachment":[{"href":"https:\/\/www.santjoandalacant.es\/ca\/wp-json\/wp\/v2\/media?parent=76426"}],"wp:term":[{"taxonomy":"category","embeddable":true,"href":"https:\/\/www.santjoandalacant.es\/ca\/wp-json\/wp\/v2\/categories?post=76426"},{"taxonomy":"post_tag","embeddable":true,"href":"https:\/\/www.santjoandalacant.es\/ca\/wp-json\/wp\/v2\/tags?post=76426"},{"taxonomy":"areas","embeddable":true,"href":"https:\/\/www.santjoandalacant.es\/ca\/wp-json\/wp\/v2\/areas?post=76426"}],"curies":[{"name":"wp","href":"https:\/\/api.w.org\/{rel}","templated":true}]}}