{"id":76481,"date":"2016-02-01T09:22:54","date_gmt":"2016-02-01T09:22:54","guid":{"rendered":"https:\/\/santjoan.developersasapglobalsolution.com\/els-reptes-del-transport-urba-eix-duna-nova-jornada-de-la-catedra-vectalia-mobilitat\/"},"modified":"2016-02-01T09:22:54","modified_gmt":"2016-02-01T09:22:54","slug":"els-reptes-del-transport-urba-eix-duna-nova-jornada-de-la-catedra-vectalia-mobilitat","status":"publish","type":"post","link":"https:\/\/www.santjoandalacant.es\/ca\/els-reptes-del-transport-urba-eix-duna-nova-jornada-de-la-catedra-vectalia-mobilitat\/","title":{"rendered":"Els reptes del transport urb\u00e0, eix d&#8217;una nova jornada de la C\u00e0tedra Vectalia Mobilitat"},"content":{"rendered":"<p>L&#8217;acte organitzat per la C\u00e0tedra Vectalia Mobilitat, en col\u2022laboraci\u00f3 amb ATUC (Associaci\u00f3 d&#8217;Empreses Gestores dels transports urbans col\u2022lectius), la Federaci\u00f3 Valenciana de Municipis i prov\u00edncies (FVMPU) i la Universitat d&#8217;Alacant, reunir\u00e0 representants de la Generalitat i de distints ajuntaments que reflexionaran sobre la situaci\u00f3 del sector i plantejaran les seues inquietuds.<br \/>\nLa inauguraci\u00f3 va anar a c\u00e0rrec de Mar\u00eda Jos\u00e9 Salvador, consellera de Vivenda, Obres Publiques i Vertebraci\u00f3 del Territori; Rub\u00e9n Alfaro, alcalde d&#8217;Elda i president de la Federaci\u00f3 Valenciana de Municipis i prov\u00edncies; i Manuel Palomar, rector de la Universitat d&#8217;Alacant.<br \/>\nEl president d&#8217;ATUC, Miguel Ruiz, va presentar una pon\u00e8ncia sobre el finan\u00e7ament del transport i el subdirector de Transports de la conselleria valenciana, Jos\u00e9 Molt\u00f3, va intervindre aportant la visi\u00f3 dels nous responsables de la Generalitat sobre el transport p\u00fablic.<br \/>\nDins del programa va tindre lloc una taula redona sobre els &quot;Reptes de la mobilitat en les ciutats&quot; en la que van participar els regidors i responsables municipals de les principals ciutats. En la taula va intervindre en representaci\u00f3 de l&#8217;Ajuntament d&#8217;Alacant, Andr\u00e9s Fern\u00e1ndez, cap de l&#8217;\u00e0rea de tr\u00e0fic, Josep Enric Garc\u00eda, gerent de l&#8217;EMT de Val\u00e8ncia; Rafael Sim\u00f3, regidor de Mobilitat a Castell\u00f3 i l&#8217;edil de Mobilitat a Elx Esther D\u00edez. Els integrants de la taula redona van analitzar en profunditat esta q\u00fcesti\u00f3 moderats per Javier Garc\u00eda Barba, director de la C\u00e0tedra Vectalia Mobilitat.<\/p>\n","protected":false},"excerpt":{"rendered":"<p>L&#8217;acte organitzat per la C\u00e0tedra Vectalia Mobilitat, en col\u2022laboraci\u00f3 amb ATUC (Associaci\u00f3 d&#8217;Empreses Gestores dels transports urbans col\u2022lectius), la Federaci\u00f3 Valenciana de Municipis i prov\u00edncies (FVMPU) i la Universitat d&#8217;Alacant, reunir\u00e0 representants de la Generalitat i de distints ajuntaments que reflexionaran sobre la situaci\u00f3 del sector i plantejaran les seues inquietuds.<\/p>\n","protected":false},"author":1,"featured_media":28087,"comment_status":"open","ping_status":"open","sticky":false,"template":"","format":"standard","meta":{"_acf_changed":false,"rs_blank_template":"","rs_page_bg_color":"","slide_template_v7":"","footnotes":""},"categories":[1],"tags":[],"areas":[1016],"class_list":["post-76481","post","type-post","status-publish","format-standard","has-post-thumbnail","hentry","category-sin-categorizar","areas-transporte-publico-ca"],"acf":[],"yoast_head":"<!-- This site is optimized with the Yoast SEO plugin v28.2 - https:\/\/yoast.com\/product\/yoast-seo-wordpress\/ -->\n<title>Els reptes del transport urb\u00e0, eix d&#039;una nova jornada de la C\u00e0tedra Vectalia Mobilitat - Sant Joan d&#039;Alacant<\/title>\n<meta name=\"robots\" content=\"index, follow, max-snippet:-1, max-image-preview:large, max-video-preview:-1\" \/>\n<link rel=\"canonical\" href=\"https:\/\/www.santjoandalacant.es\/ca\/els-reptes-del-transport-urba-eix-duna-nova-jornada-de-la-catedra-vectalia-mobilitat\/\" \/>\n<meta property=\"og:locale\" content=\"en_US\" \/>\n<meta property=\"og:type\" content=\"article\" \/>\n<meta property=\"og:title\" content=\"Els reptes del transport urb\u00e0, eix d&#039;una nova jornada de la C\u00e0tedra Vectalia Mobilitat - Sant Joan d&#039;Alacant\" \/>\n<meta property=\"og:description\" content=\"L&#039;acte organitzat per la C\u00e0tedra Vectalia Mobilitat, en col\u2022laboraci\u00f3 amb ATUC (Associaci\u00f3 d&#039;Empreses Gestores dels transports urbans col\u2022lectius), la Federaci\u00f3 Valenciana de Municipis i prov\u00edncies (FVMPU) i la Universitat d&#039;Alacant, reunir\u00e0 representants de la Generalitat i de distints ajuntaments que reflexionaran sobre la situaci\u00f3 del sector i plantejaran les seues inquietuds.\" \/>\n<meta property=\"og:url\" content=\"https:\/\/www.santjoandalacant.es\/ca\/els-reptes-del-transport-urba-eix-duna-nova-jornada-de-la-catedra-vectalia-mobilitat\/\" \/>\n<meta property=\"og:site_name\" content=\"Sant Joan d&#039;Alacant\" \/>\n<meta property=\"article:publisher\" content=\"https:\/\/www.facebook.com\/santjoandalacant\/\" \/>\n<meta property=\"article:published_time\" content=\"2016-02-01T09:22:54+00:00\" \/>\n<meta property=\"og:image\" content=\"https:\/\/www.santjoandalacant.es\/wp-content\/uploads\/2017\/06\/retos_transporte_urbano.jpg\" \/>\n\t<meta property=\"og:image:width\" content=\"1000\" \/>\n\t<meta property=\"og:image:height\" content=\"741\" \/>\n\t<meta property=\"og:image:type\" content=\"image\/jpeg\" \/>\n<meta name=\"author\" content=\"6tems\" \/>\n<meta name=\"twitter:card\" content=\"summary_large_image\" \/>\n<meta name=\"twitter:label1\" content=\"Written by\" \/>\n\t<meta name=\"twitter:data1\" content=\"6tems\" \/>\n\t<meta name=\"twitter:label2\" content=\"Est. reading time\" \/>\n\t<meta name=\"twitter:data2\" content=\"1 minute\" \/>\n<script type=\"application\/ld+json\" class=\"yoast-schema-graph\">{\"@context\":\"https:\\\/\\\/schema.org\",\"@graph\":[{\"@type\":\"Article\",\"@id\":\"https:\\\/\\\/www.santjoandalacant.es\\\/ca\\\/els-reptes-del-transport-urba-eix-duna-nova-jornada-de-la-catedra-vectalia-mobilitat\\\/#article\",\"isPartOf\":{\"@id\":\"https:\\\/\\\/www.santjoandalacant.es\\\/ca\\\/els-reptes-del-transport-urba-eix-duna-nova-jornada-de-la-catedra-vectalia-mobilitat\\\/\"},\"author\":{\"name\":\"6tems\",\"@id\":\"https:\\\/\\\/www.santjoandalacant.es\\\/ca\\\/#\\\/schema\\\/person\\\/74b89bc7b26e6edafb76cd69420cd790\"},\"headline\":\"Els reptes del transport urb\u00e0, eix d&#8217;una nova jornada de la C\u00e0tedra Vectalia Mobilitat\",\"datePublished\":\"2016-02-01T09:22:54+00:00\",\"mainEntityOfPage\":{\"@id\":\"https:\\\/\\\/www.santjoandalacant.es\\\/ca\\\/els-reptes-del-transport-urba-eix-duna-nova-jornada-de-la-catedra-vectalia-mobilitat\\\/\"},\"wordCount\":276,\"commentCount\":0,\"publisher\":{\"@id\":\"https:\\\/\\\/www.santjoandalacant.es\\\/ca\\\/#organization\"},\"image\":{\"@id\":\"https:\\\/\\\/www.santjoandalacant.es\\\/ca\\\/els-reptes-del-transport-urba-eix-duna-nova-jornada-de-la-catedra-vectalia-mobilitat\\\/#primaryimage\"},\"thumbnailUrl\":\"https:\\\/\\\/www.santjoandalacant.es\\\/wp-content\\\/uploads\\\/2017\\\/06\\\/retos_transporte_urbano.jpg\",\"articleSection\":[\"Sin categorizar\"],\"inLanguage\":\"va\",\"potentialAction\":[{\"@type\":\"CommentAction\",\"name\":\"Comment\",\"target\":[\"https:\\\/\\\/www.santjoandalacant.es\\\/ca\\\/els-reptes-del-transport-urba-eix-duna-nova-jornada-de-la-catedra-vectalia-mobilitat\\\/#respond\"]}]},{\"@type\":\"WebPage\",\"@id\":\"https:\\\/\\\/www.santjoandalacant.es\\\/ca\\\/els-reptes-del-transport-urba-eix-duna-nova-jornada-de-la-catedra-vectalia-mobilitat\\\/\",\"url\":\"https:\\\/\\\/www.santjoandalacant.es\\\/ca\\\/els-reptes-del-transport-urba-eix-duna-nova-jornada-de-la-catedra-vectalia-mobilitat\\\/\",\"name\":\"Els reptes del transport urb\u00e0, eix d'una nova jornada de la C\u00e0tedra Vectalia Mobilitat - Sant Joan d&#039;Alacant\",\"isPartOf\":{\"@id\":\"https:\\\/\\\/www.santjoandalacant.es\\\/ca\\\/#website\"},\"primaryImageOfPage\":{\"@id\":\"https:\\\/\\\/www.santjoandalacant.es\\\/ca\\\/els-reptes-del-transport-urba-eix-duna-nova-jornada-de-la-catedra-vectalia-mobilitat\\\/#primaryimage\"},\"image\":{\"@id\":\"https:\\\/\\\/www.santjoandalacant.es\\\/ca\\\/els-reptes-del-transport-urba-eix-duna-nova-jornada-de-la-catedra-vectalia-mobilitat\\\/#primaryimage\"},\"thumbnailUrl\":\"https:\\\/\\\/www.santjoandalacant.es\\\/wp-content\\\/uploads\\\/2017\\\/06\\\/retos_transporte_urbano.jpg\",\"datePublished\":\"2016-02-01T09:22:54+00:00\",\"breadcrumb\":{\"@id\":\"https:\\\/\\\/www.santjoandalacant.es\\\/ca\\\/els-reptes-del-transport-urba-eix-duna-nova-jornada-de-la-catedra-vectalia-mobilitat\\\/#breadcrumb\"},\"inLanguage\":\"va\",\"potentialAction\":[{\"@type\":\"ReadAction\",\"target\":[\"https:\\\/\\\/www.santjoandalacant.es\\\/ca\\\/els-reptes-del-transport-urba-eix-duna-nova-jornada-de-la-catedra-vectalia-mobilitat\\\/\"]}]},{\"@type\":\"ImageObject\",\"inLanguage\":\"va\",\"@id\":\"https:\\\/\\\/www.santjoandalacant.es\\\/ca\\\/els-reptes-del-transport-urba-eix-duna-nova-jornada-de-la-catedra-vectalia-mobilitat\\\/#primaryimage\",\"url\":\"https:\\\/\\\/www.santjoandalacant.es\\\/wp-content\\\/uploads\\\/2017\\\/06\\\/retos_transporte_urbano.jpg\",\"contentUrl\":\"https:\\\/\\\/www.santjoandalacant.es\\\/wp-content\\\/uploads\\\/2017\\\/06\\\/retos_transporte_urbano.jpg\",\"width\":1000,\"height\":741},{\"@type\":\"BreadcrumbList\",\"@id\":\"https:\\\/\\\/www.santjoandalacant.es\\\/ca\\\/els-reptes-del-transport-urba-eix-duna-nova-jornada-de-la-catedra-vectalia-mobilitat\\\/#breadcrumb\",\"itemListElement\":[{\"@type\":\"ListItem\",\"position\":1,\"name\":\"Inicio\",\"item\":\"https:\\\/\\\/www.santjoandalacant.es\\\/ca\\\/\"},{\"@type\":\"ListItem\",\"position\":2,\"name\":\"Els reptes del transport urb\u00e0, eix d&#8217;una nova jornada de la C\u00e0tedra Vectalia Mobilitat\"}]},{\"@type\":\"WebSite\",\"@id\":\"https:\\\/\\\/www.santjoandalacant.es\\\/ca\\\/#website\",\"url\":\"https:\\\/\\\/www.santjoandalacant.es\\\/ca\\\/\",\"name\":\"Sant Joan d'Alacant\",\"description\":\"\",\"publisher\":{\"@id\":\"https:\\\/\\\/www.santjoandalacant.es\\\/ca\\\/#organization\"},\"potentialAction\":[{\"@type\":\"SearchAction\",\"target\":{\"@type\":\"EntryPoint\",\"urlTemplate\":\"https:\\\/\\\/www.santjoandalacant.es\\\/ca\\\/?s={search_term_string}\"},\"query-input\":{\"@type\":\"PropertyValueSpecification\",\"valueRequired\":true,\"valueName\":\"search_term_string\"}}],\"inLanguage\":\"va\"},{\"@type\":\"Organization\",\"@id\":\"https:\\\/\\\/www.santjoandalacant.es\\\/ca\\\/#organization\",\"name\":\"Sant Joan d'Alacant\",\"url\":\"https:\\\/\\\/www.santjoandalacant.es\\\/ca\\\/\",\"logo\":{\"@type\":\"ImageObject\",\"inLanguage\":\"va\",\"@id\":\"https:\\\/\\\/www.santjoandalacant.es\\\/ca\\\/#\\\/schema\\\/logo\\\/image\\\/\",\"url\":\"https:\\\/\\\/www.santjoandalacant.es\\\/wp-content\\\/uploads\\\/2023\\\/08\\\/logoSJ.png\",\"contentUrl\":\"https:\\\/\\\/www.santjoandalacant.es\\\/wp-content\\\/uploads\\\/2023\\\/08\\\/logoSJ.png\",\"width\":198,\"height\":253,\"caption\":\"Sant Joan d'Alacant\"},\"image\":{\"@id\":\"https:\\\/\\\/www.santjoandalacant.es\\\/ca\\\/#\\\/schema\\\/logo\\\/image\\\/\"},\"sameAs\":[\"https:\\\/\\\/www.facebook.com\\\/santjoandalacant\\\/\",\"https:\\\/\\\/www.instagram.com\\\/santjoandalacant\\\/\",\"https:\\\/\\\/www.youtube.com\\\/user\\\/santjoandalacant\"]},{\"@type\":\"Person\",\"@id\":\"https:\\\/\\\/www.santjoandalacant.es\\\/ca\\\/#\\\/schema\\\/person\\\/74b89bc7b26e6edafb76cd69420cd790\",\"name\":\"6tems\",\"image\":{\"@type\":\"ImageObject\",\"inLanguage\":\"va\",\"@id\":\"https:\\\/\\\/secure.gravatar.com\\\/avatar\\\/1c939d9bf86da56568327e5d52b159d089efba17cde140c49884e3fe77ef9c66?s=96&d=mm&r=g\",\"url\":\"https:\\\/\\\/secure.gravatar.com\\\/avatar\\\/1c939d9bf86da56568327e5d52b159d089efba17cde140c49884e3fe77ef9c66?s=96&d=mm&r=g\",\"contentUrl\":\"https:\\\/\\\/secure.gravatar.com\\\/avatar\\\/1c939d9bf86da56568327e5d52b159d089efba17cde140c49884e3fe77ef9c66?s=96&d=mm&r=g\",\"caption\":\"6tems\"},\"sameAs\":[\"https:\\\/\\\/www.santjoandalacant.es\"],\"url\":\"https:\\\/\\\/www.santjoandalacant.es\\\/ca\\\/author\\\/adminasap\\\/\"}]}<\/script>\n<!-- \/ Yoast SEO plugin. -->","yoast_head_json":{"title":"Els reptes del transport urb\u00e0, eix d'una nova jornada de la C\u00e0tedra Vectalia Mobilitat - Sant Joan d&#039;Alacant","robots":{"index":"index","follow":"follow","max-snippet":"max-snippet:-1","max-image-preview":"max-image-preview:large","max-video-preview":"max-video-preview:-1"},"canonical":"https:\/\/www.santjoandalacant.es\/ca\/els-reptes-del-transport-urba-eix-duna-nova-jornada-de-la-catedra-vectalia-mobilitat\/","og_locale":"en_US","og_type":"article","og_title":"Els reptes del transport urb\u00e0, eix d'una nova jornada de la C\u00e0tedra Vectalia Mobilitat - Sant Joan d&#039;Alacant","og_description":"L'acte organitzat per la C\u00e0tedra Vectalia Mobilitat, en col\u2022laboraci\u00f3 amb ATUC (Associaci\u00f3 d'Empreses Gestores dels transports urbans col\u2022lectius), la Federaci\u00f3 Valenciana de Municipis i prov\u00edncies (FVMPU) i la Universitat d'Alacant, reunir\u00e0 representants de la Generalitat i de distints ajuntaments que reflexionaran sobre la situaci\u00f3 del sector i plantejaran les seues inquietuds.","og_url":"https:\/\/www.santjoandalacant.es\/ca\/els-reptes-del-transport-urba-eix-duna-nova-jornada-de-la-catedra-vectalia-mobilitat\/","og_site_name":"Sant Joan d&#039;Alacant","article_publisher":"https:\/\/www.facebook.com\/santjoandalacant\/","article_published_time":"2016-02-01T09:22:54+00:00","og_image":[{"width":1000,"height":741,"url":"https:\/\/www.santjoandalacant.es\/wp-content\/uploads\/2017\/06\/retos_transporte_urbano.jpg","type":"image\/jpeg"}],"author":"6tems","twitter_card":"summary_large_image","twitter_misc":{"Written by":"6tems","Est. reading time":"1 minute"},"schema":{"@context":"https:\/\/schema.org","@graph":[{"@type":"Article","@id":"https:\/\/www.santjoandalacant.es\/ca\/els-reptes-del-transport-urba-eix-duna-nova-jornada-de-la-catedra-vectalia-mobilitat\/#article","isPartOf":{"@id":"https:\/\/www.santjoandalacant.es\/ca\/els-reptes-del-transport-urba-eix-duna-nova-jornada-de-la-catedra-vectalia-mobilitat\/"},"author":{"name":"6tems","@id":"https:\/\/www.santjoandalacant.es\/ca\/#\/schema\/person\/74b89bc7b26e6edafb76cd69420cd790"},"headline":"Els reptes del transport urb\u00e0, eix d&#8217;una nova jornada de la C\u00e0tedra Vectalia Mobilitat","datePublished":"2016-02-01T09:22:54+00:00","mainEntityOfPage":{"@id":"https:\/\/www.santjoandalacant.es\/ca\/els-reptes-del-transport-urba-eix-duna-nova-jornada-de-la-catedra-vectalia-mobilitat\/"},"wordCount":276,"commentCount":0,"publisher":{"@id":"https:\/\/www.santjoandalacant.es\/ca\/#organization"},"image":{"@id":"https:\/\/www.santjoandalacant.es\/ca\/els-reptes-del-transport-urba-eix-duna-nova-jornada-de-la-catedra-vectalia-mobilitat\/#primaryimage"},"thumbnailUrl":"https:\/\/www.santjoandalacant.es\/wp-content\/uploads\/2017\/06\/retos_transporte_urbano.jpg","articleSection":["Sin categorizar"],"inLanguage":"va","potentialAction":[{"@type":"CommentAction","name":"Comment","target":["https:\/\/www.santjoandalacant.es\/ca\/els-reptes-del-transport-urba-eix-duna-nova-jornada-de-la-catedra-vectalia-mobilitat\/#respond"]}]},{"@type":"WebPage","@id":"https:\/\/www.santjoandalacant.es\/ca\/els-reptes-del-transport-urba-eix-duna-nova-jornada-de-la-catedra-vectalia-mobilitat\/","url":"https:\/\/www.santjoandalacant.es\/ca\/els-reptes-del-transport-urba-eix-duna-nova-jornada-de-la-catedra-vectalia-mobilitat\/","name":"Els reptes del transport urb\u00e0, eix d'una nova jornada de la C\u00e0tedra Vectalia Mobilitat - Sant Joan d&#039;Alacant","isPartOf":{"@id":"https:\/\/www.santjoandalacant.es\/ca\/#website"},"primaryImageOfPage":{"@id":"https:\/\/www.santjoandalacant.es\/ca\/els-reptes-del-transport-urba-eix-duna-nova-jornada-de-la-catedra-vectalia-mobilitat\/#primaryimage"},"image":{"@id":"https:\/\/www.santjoandalacant.es\/ca\/els-reptes-del-transport-urba-eix-duna-nova-jornada-de-la-catedra-vectalia-mobilitat\/#primaryimage"},"thumbnailUrl":"https:\/\/www.santjoandalacant.es\/wp-content\/uploads\/2017\/06\/retos_transporte_urbano.jpg","datePublished":"2016-02-01T09:22:54+00:00","breadcrumb":{"@id":"https:\/\/www.santjoandalacant.es\/ca\/els-reptes-del-transport-urba-eix-duna-nova-jornada-de-la-catedra-vectalia-mobilitat\/#breadcrumb"},"inLanguage":"va","potentialAction":[{"@type":"ReadAction","target":["https:\/\/www.santjoandalacant.es\/ca\/els-reptes-del-transport-urba-eix-duna-nova-jornada-de-la-catedra-vectalia-mobilitat\/"]}]},{"@type":"ImageObject","inLanguage":"va","@id":"https:\/\/www.santjoandalacant.es\/ca\/els-reptes-del-transport-urba-eix-duna-nova-jornada-de-la-catedra-vectalia-mobilitat\/#primaryimage","url":"https:\/\/www.santjoandalacant.es\/wp-content\/uploads\/2017\/06\/retos_transporte_urbano.jpg","contentUrl":"https:\/\/www.santjoandalacant.es\/wp-content\/uploads\/2017\/06\/retos_transporte_urbano.jpg","width":1000,"height":741},{"@type":"BreadcrumbList","@id":"https:\/\/www.santjoandalacant.es\/ca\/els-reptes-del-transport-urba-eix-duna-nova-jornada-de-la-catedra-vectalia-mobilitat\/#breadcrumb","itemListElement":[{"@type":"ListItem","position":1,"name":"Inicio","item":"https:\/\/www.santjoandalacant.es\/ca\/"},{"@type":"ListItem","position":2,"name":"Els reptes del transport urb\u00e0, eix d&#8217;una nova jornada de la C\u00e0tedra Vectalia Mobilitat"}]},{"@type":"WebSite","@id":"https:\/\/www.santjoandalacant.es\/ca\/#website","url":"https:\/\/www.santjoandalacant.es\/ca\/","name":"Sant Joan d'Alacant","description":"","publisher":{"@id":"https:\/\/www.santjoandalacant.es\/ca\/#organization"},"potentialAction":[{"@type":"SearchAction","target":{"@type":"EntryPoint","urlTemplate":"https:\/\/www.santjoandalacant.es\/ca\/?s={search_term_string}"},"query-input":{"@type":"PropertyValueSpecification","valueRequired":true,"valueName":"search_term_string"}}],"inLanguage":"va"},{"@type":"Organization","@id":"https:\/\/www.santjoandalacant.es\/ca\/#organization","name":"Sant Joan d'Alacant","url":"https:\/\/www.santjoandalacant.es\/ca\/","logo":{"@type":"ImageObject","inLanguage":"va","@id":"https:\/\/www.santjoandalacant.es\/ca\/#\/schema\/logo\/image\/","url":"https:\/\/www.santjoandalacant.es\/wp-content\/uploads\/2023\/08\/logoSJ.png","contentUrl":"https:\/\/www.santjoandalacant.es\/wp-content\/uploads\/2023\/08\/logoSJ.png","width":198,"height":253,"caption":"Sant Joan d'Alacant"},"image":{"@id":"https:\/\/www.santjoandalacant.es\/ca\/#\/schema\/logo\/image\/"},"sameAs":["https:\/\/www.facebook.com\/santjoandalacant\/","https:\/\/www.instagram.com\/santjoandalacant\/","https:\/\/www.youtube.com\/user\/santjoandalacant"]},{"@type":"Person","@id":"https:\/\/www.santjoandalacant.es\/ca\/#\/schema\/person\/74b89bc7b26e6edafb76cd69420cd790","name":"6tems","image":{"@type":"ImageObject","inLanguage":"va","@id":"https:\/\/secure.gravatar.com\/avatar\/1c939d9bf86da56568327e5d52b159d089efba17cde140c49884e3fe77ef9c66?s=96&d=mm&r=g","url":"https:\/\/secure.gravatar.com\/avatar\/1c939d9bf86da56568327e5d52b159d089efba17cde140c49884e3fe77ef9c66?s=96&d=mm&r=g","contentUrl":"https:\/\/secure.gravatar.com\/avatar\/1c939d9bf86da56568327e5d52b159d089efba17cde140c49884e3fe77ef9c66?s=96&d=mm&r=g","caption":"6tems"},"sameAs":["https:\/\/www.santjoandalacant.es"],"url":"https:\/\/www.santjoandalacant.es\/ca\/author\/adminasap\/"}]}},"_links":{"self":[{"href":"https:\/\/www.santjoandalacant.es\/ca\/wp-json\/wp\/v2\/posts\/76481","targetHints":{"allow":["GET"]}}],"collection":[{"href":"https:\/\/www.santjoandalacant.es\/ca\/wp-json\/wp\/v2\/posts"}],"about":[{"href":"https:\/\/www.santjoandalacant.es\/ca\/wp-json\/wp\/v2\/types\/post"}],"author":[{"embeddable":true,"href":"https:\/\/www.santjoandalacant.es\/ca\/wp-json\/wp\/v2\/users\/1"}],"replies":[{"embeddable":true,"href":"https:\/\/www.santjoandalacant.es\/ca\/wp-json\/wp\/v2\/comments?post=76481"}],"version-history":[{"count":0,"href":"https:\/\/www.santjoandalacant.es\/ca\/wp-json\/wp\/v2\/posts\/76481\/revisions"}],"wp:featuredmedia":[{"embeddable":true,"href":"https:\/\/www.santjoandalacant.es\/ca\/wp-json\/wp\/v2\/media\/28087"}],"wp:attachment":[{"href":"https:\/\/www.santjoandalacant.es\/ca\/wp-json\/wp\/v2\/media?parent=76481"}],"wp:term":[{"taxonomy":"category","embeddable":true,"href":"https:\/\/www.santjoandalacant.es\/ca\/wp-json\/wp\/v2\/categories?post=76481"},{"taxonomy":"post_tag","embeddable":true,"href":"https:\/\/www.santjoandalacant.es\/ca\/wp-json\/wp\/v2\/tags?post=76481"},{"taxonomy":"areas","embeddable":true,"href":"https:\/\/www.santjoandalacant.es\/ca\/wp-json\/wp\/v2\/areas?post=76481"}],"curies":[{"name":"wp","href":"https:\/\/api.w.org\/{rel}","templated":true}]}}