{"id":76483,"date":"2016-01-31T18:59:03","date_gmt":"2016-01-31T18:59:03","guid":{"rendered":"https:\/\/santjoan.developersasapglobalsolution.com\/carnestoltes-2016\/"},"modified":"2016-01-31T18:59:03","modified_gmt":"2016-01-31T18:59:03","slug":"carnestoltes-2016","status":"publish","type":"post","link":"https:\/\/www.santjoandalacant.es\/ca\/carnestoltes-2016\/","title":{"rendered":"CARNESTOLTES 2016"},"content":{"rendered":"<p class=\"MsoNormal\">\n<span style=\"color: #373737; background-image: initial; background-attachment: initial; background-size: initial; background-origin: initial; background-clip: initial; background-position: initial; background-repeat: initial\">Una proposta<br \/>\ndiferent a anys anteriors, on es pret\u00e9n donar noves alternatives a l&#8217;oci<br \/>\ntur\u00edstic municipal, inserint en la programaci\u00f3 noves activitats que atraguen<br \/>\nals nostres ve\u00efns i al p\u00fablic estranger proper.<\/span>\n<\/p>\n<p class=\"MsoNormal\">\n<span style=\"color: #373737; background-image: initial; background-attachment: initial; background-size: initial; background-origin: initial; background-clip: initial; background-position: initial; background-repeat: initial\">El \u201cMardi Gras\u201d,<br \/>\ncelebrat a Nova Orleans des de finals del segle XVIII, \u00e9s tamb\u00e9 conegut per ser<br \/>\nun dels carnestoltes m\u00e9s famosos del m\u00f3n. Compta amb la particularitat d&#8217;animar<br \/>\nal p\u00fablic mitjan\u00e7ant cercaviles amb m\u00fasica en directe, on la gent es disfressa<br \/>\namb m\u00e0scares de tot tipus i complementen els seus vestuaris amb desenes de<br \/>\ncollarets de diferents tonalitats, collarets que es regalen, intercanvien o es<br \/>\nllancen al llarg del recorregut. Aquesta tradici\u00f3 d&#8217;origen cat\u00f2lic, celebrada<br \/>\nel dia anterior al dimecres de cendra, marca l&#8217;\u00faltim dia per a gaudir dels<br \/>\nplaers tant culinaris com a carnals abans de l&#8217;\u00e8poca d&#8217;abstin\u00e8ncia pr\u00f2pia de la Setmana Santa i la Quaresma.<\/span>\n<\/p>\n<p class=\"MsoNormal\">\n<span style=\"color: #373737; background-image: initial; background-attachment: initial; background-size: initial; background-origin: initial; background-clip: initial; background-position: initial; background-repeat: initial\">Sense pretendre<br \/>\nimitar aquesta tradici\u00f3, per\u00f2 cercant noves propostes que agraden als nostres<br \/>\nve\u00efns, ambdues regidories han apostat per impulsar la cultura en els carrers i<br \/>\ncelebrar amb m\u00fasica en directe un recorregut per diferents llocs del poble.<br \/>\nComptarem amb l&#8217;organitzaci\u00f3 i col\u00b7laboraci\u00f3 de l&#8217;associaci\u00f3 cultural Jazz Club<br \/>\nRefugie, que realitzar\u00e0 un taller de mastegares estil Nova Orleans para totes<br \/>\nles edats, en la<br \/>\nBiblioteca Municipal el divendres 5 de febrer de 17:30 a<br \/>\n19:30 hores.<\/span><span style=\"color: #373737\"><br \/>\n<span style=\"background-image: initial; background-attachment: initial; background-size: initial; background-origin: initial; background-clip: initial; background-position: initial; background-repeat: initial\">El<br \/>\ndissabte 6 de febrer, a partir de les 12:00 hores realitzarem un cercaviles amb<br \/>\nm\u00e9s de 15 m\u00fasics que tocaren jazz i swing en directe, partint des de \u201cel Refugio\u201d<br \/>\nsituat en la calle Doctor Ivorra i amb animaci\u00f3 caracteritzada a l&#8217;estil \u201cMardi<br \/>\nGras\u201d. La desfilada realitzar\u00e0 el seg\u00fcent recorregut: Parc Municipal, Avd Jaime<br \/>\nI, Pla\u00e7a Jos\u00e9 Sala, C\/ del Mercat, C\/ de l\u00b4Ordana, Pla\u00e7a l\u00b4Ordana i C\/Pintor<br \/>\nBaeza, tornant per Avd. Rambla i Avd. Jaime I fins a la Pla\u00e7a de la Constituci\u00f3, on<br \/>\nfinalitzar\u00e0 amb un concert de el \u201cRefugio Swing Band\u201d.<\/span><\/span>\n<\/p>\n<p class=\"MsoNormal\">\n&nbsp;\n<\/p>\n<p class=\"MsoNormal\">\n<span style=\"color: #373737; background-image: initial; background-attachment: initial; background-size: initial; background-origin: initial; background-clip: initial; background-position: initial; background-repeat: initial\">A la vesprada,<br \/>\na partir de les 17:30 h i fins a les 21 hores, la regidoria de Festes,<br \/>\ncelebrar\u00e0 el carnestoltes familiar en la Avd. Jaime I. Comptar\u00e0 com en anys anteriors, amb<br \/>\nla col\u00b7laboraci\u00f3 de les associacions festeres del municipi per a la seua organitzaci\u00f3.<br \/>\nHi haur\u00e0 disc m\u00f2bil, animaci\u00f3 a c\u00e0rrec de Edy, inflables, balls del grup<br \/>\nAzahara i New Generati\u00f3n, concurs de disfresses infantil individual, per<br \/>\nparelles i per grups i berenar per als participants. Anima&#8217;t i disfressa&#8217;t. Us<br \/>\nesperem a tots.<\/span><\/p>\n","protected":false},"excerpt":{"rendered":"<p class=\"MsoNormal\">\n<span style=\"color: #373737; background-image: initial; background-attachment: initial; background-size: initial; background-origin: initial; background-clip: initial; background-position: initial; background-repeat: initial\">Una proposta<br \/>\ndiferent a anys anteriors, on es pret\u00e9n donar noves alternatives a l&#8217;oci<br \/>\ntur\u00edstic municipal, inserint en la programaci\u00f3 noves activitats que atraguen<br \/>\nals nostres ve\u00efns i al p\u00fablic estranger proper.<\/span><\/p>\n","protected":false},"author":1,"featured_media":28096,"comment_status":"open","ping_status":"open","sticky":false,"template":"","format":"standard","meta":{"_acf_changed":false,"rs_blank_template":"","rs_page_bg_color":"","slide_template_v7":"","footnotes":""},"categories":[1],"tags":[],"areas":[1001],"class_list":["post-76483","post","type-post","status-publish","format-standard","has-post-thumbnail","hentry","category-sin-categorizar","areas-fiestas-ca"],"acf":[],"yoast_head":"<!-- This site is optimized with the Yoast SEO plugin v28.2 - https:\/\/yoast.com\/product\/yoast-seo-wordpress\/ -->\n<title>CARNESTOLTES 2016 - Sant Joan d&#039;Alacant<\/title>\n<meta name=\"robots\" content=\"index, follow, max-snippet:-1, max-image-preview:large, max-video-preview:-1\" \/>\n<link rel=\"canonical\" href=\"https:\/\/www.santjoandalacant.es\/ca\/carnestoltes-2016\/\" \/>\n<meta property=\"og:locale\" content=\"en_US\" \/>\n<meta property=\"og:type\" content=\"article\" \/>\n<meta property=\"og:title\" content=\"CARNESTOLTES 2016 - Sant Joan d&#039;Alacant\" \/>\n<meta property=\"og:description\" content=\"Una proposta diferent a anys anteriors, on es pret\u00e9n donar noves alternatives a l&#039;oci tur\u00edstic municipal, inserint en la programaci\u00f3 noves activitats que atraguen als nostres ve\u00efns i al p\u00fablic estranger proper.\" \/>\n<meta property=\"og:url\" content=\"https:\/\/www.santjoandalacant.es\/ca\/carnestoltes-2016\/\" \/>\n<meta property=\"og:site_name\" content=\"Sant Joan d&#039;Alacant\" \/>\n<meta property=\"article:publisher\" content=\"https:\/\/www.facebook.com\/santjoandalacant\/\" \/>\n<meta property=\"article:published_time\" content=\"2016-01-31T18:59:03+00:00\" \/>\n<meta property=\"og:image\" content=\"https:\/\/www.santjoandalacant.es\/wp-content\/uploads\/2017\/06\/CARNAVALES_2016_trasera-722x1024.jpg\" \/>\n\t<meta property=\"og:image:width\" content=\"722\" \/>\n\t<meta property=\"og:image:height\" content=\"1024\" \/>\n\t<meta property=\"og:image:type\" content=\"image\/jpeg\" \/>\n<meta name=\"author\" content=\"6tems\" \/>\n<meta name=\"twitter:card\" content=\"summary_large_image\" \/>\n<meta name=\"twitter:label1\" content=\"Written by\" \/>\n\t<meta name=\"twitter:data1\" content=\"6tems\" \/>\n\t<meta name=\"twitter:label2\" content=\"Est. reading time\" \/>\n\t<meta name=\"twitter:data2\" content=\"2 minutes\" \/>\n<script type=\"application\/ld+json\" class=\"yoast-schema-graph\">{\"@context\":\"https:\\\/\\\/schema.org\",\"@graph\":[{\"@type\":\"Article\",\"@id\":\"https:\\\/\\\/www.santjoandalacant.es\\\/ca\\\/carnestoltes-2016\\\/#article\",\"isPartOf\":{\"@id\":\"https:\\\/\\\/www.santjoandalacant.es\\\/ca\\\/carnestoltes-2016\\\/\"},\"author\":{\"name\":\"6tems\",\"@id\":\"https:\\\/\\\/www.santjoandalacant.es\\\/ca\\\/#\\\/schema\\\/person\\\/74b89bc7b26e6edafb76cd69420cd790\"},\"headline\":\"CARNESTOLTES 2016\",\"datePublished\":\"2016-01-31T18:59:03+00:00\",\"mainEntityOfPage\":{\"@id\":\"https:\\\/\\\/www.santjoandalacant.es\\\/ca\\\/carnestoltes-2016\\\/\"},\"wordCount\":432,\"commentCount\":0,\"publisher\":{\"@id\":\"https:\\\/\\\/www.santjoandalacant.es\\\/ca\\\/#organization\"},\"image\":{\"@id\":\"https:\\\/\\\/www.santjoandalacant.es\\\/ca\\\/carnestoltes-2016\\\/#primaryimage\"},\"thumbnailUrl\":\"https:\\\/\\\/www.santjoandalacant.es\\\/wp-content\\\/uploads\\\/2017\\\/06\\\/CARNAVALES_2016_trasera.jpg\",\"articleSection\":[\"Sin categorizar\"],\"inLanguage\":\"va\",\"potentialAction\":[{\"@type\":\"CommentAction\",\"name\":\"Comment\",\"target\":[\"https:\\\/\\\/www.santjoandalacant.es\\\/ca\\\/carnestoltes-2016\\\/#respond\"]}]},{\"@type\":\"WebPage\",\"@id\":\"https:\\\/\\\/www.santjoandalacant.es\\\/ca\\\/carnestoltes-2016\\\/\",\"url\":\"https:\\\/\\\/www.santjoandalacant.es\\\/ca\\\/carnestoltes-2016\\\/\",\"name\":\"CARNESTOLTES 2016 - Sant Joan d&#039;Alacant\",\"isPartOf\":{\"@id\":\"https:\\\/\\\/www.santjoandalacant.es\\\/ca\\\/#website\"},\"primaryImageOfPage\":{\"@id\":\"https:\\\/\\\/www.santjoandalacant.es\\\/ca\\\/carnestoltes-2016\\\/#primaryimage\"},\"image\":{\"@id\":\"https:\\\/\\\/www.santjoandalacant.es\\\/ca\\\/carnestoltes-2016\\\/#primaryimage\"},\"thumbnailUrl\":\"https:\\\/\\\/www.santjoandalacant.es\\\/wp-content\\\/uploads\\\/2017\\\/06\\\/CARNAVALES_2016_trasera.jpg\",\"datePublished\":\"2016-01-31T18:59:03+00:00\",\"breadcrumb\":{\"@id\":\"https:\\\/\\\/www.santjoandalacant.es\\\/ca\\\/carnestoltes-2016\\\/#breadcrumb\"},\"inLanguage\":\"va\",\"potentialAction\":[{\"@type\":\"ReadAction\",\"target\":[\"https:\\\/\\\/www.santjoandalacant.es\\\/ca\\\/carnestoltes-2016\\\/\"]}]},{\"@type\":\"ImageObject\",\"inLanguage\":\"va\",\"@id\":\"https:\\\/\\\/www.santjoandalacant.es\\\/ca\\\/carnestoltes-2016\\\/#primaryimage\",\"url\":\"https:\\\/\\\/www.santjoandalacant.es\\\/wp-content\\\/uploads\\\/2017\\\/06\\\/CARNAVALES_2016_trasera.jpg\",\"contentUrl\":\"https:\\\/\\\/www.santjoandalacant.es\\\/wp-content\\\/uploads\\\/2017\\\/06\\\/CARNAVALES_2016_trasera.jpg\",\"width\":1748,\"height\":2480},{\"@type\":\"BreadcrumbList\",\"@id\":\"https:\\\/\\\/www.santjoandalacant.es\\\/ca\\\/carnestoltes-2016\\\/#breadcrumb\",\"itemListElement\":[{\"@type\":\"ListItem\",\"position\":1,\"name\":\"Inicio\",\"item\":\"https:\\\/\\\/www.santjoandalacant.es\\\/ca\\\/\"},{\"@type\":\"ListItem\",\"position\":2,\"name\":\"CARNESTOLTES 2016\"}]},{\"@type\":\"WebSite\",\"@id\":\"https:\\\/\\\/www.santjoandalacant.es\\\/ca\\\/#website\",\"url\":\"https:\\\/\\\/www.santjoandalacant.es\\\/ca\\\/\",\"name\":\"Sant Joan d'Alacant\",\"description\":\"\",\"publisher\":{\"@id\":\"https:\\\/\\\/www.santjoandalacant.es\\\/ca\\\/#organization\"},\"potentialAction\":[{\"@type\":\"SearchAction\",\"target\":{\"@type\":\"EntryPoint\",\"urlTemplate\":\"https:\\\/\\\/www.santjoandalacant.es\\\/ca\\\/?s={search_term_string}\"},\"query-input\":{\"@type\":\"PropertyValueSpecification\",\"valueRequired\":true,\"valueName\":\"search_term_string\"}}],\"inLanguage\":\"va\"},{\"@type\":\"Organization\",\"@id\":\"https:\\\/\\\/www.santjoandalacant.es\\\/ca\\\/#organization\",\"name\":\"Sant Joan d'Alacant\",\"url\":\"https:\\\/\\\/www.santjoandalacant.es\\\/ca\\\/\",\"logo\":{\"@type\":\"ImageObject\",\"inLanguage\":\"va\",\"@id\":\"https:\\\/\\\/www.santjoandalacant.es\\\/ca\\\/#\\\/schema\\\/logo\\\/image\\\/\",\"url\":\"https:\\\/\\\/www.santjoandalacant.es\\\/wp-content\\\/uploads\\\/2023\\\/08\\\/logoSJ.png\",\"contentUrl\":\"https:\\\/\\\/www.santjoandalacant.es\\\/wp-content\\\/uploads\\\/2023\\\/08\\\/logoSJ.png\",\"width\":198,\"height\":253,\"caption\":\"Sant Joan d'Alacant\"},\"image\":{\"@id\":\"https:\\\/\\\/www.santjoandalacant.es\\\/ca\\\/#\\\/schema\\\/logo\\\/image\\\/\"},\"sameAs\":[\"https:\\\/\\\/www.facebook.com\\\/santjoandalacant\\\/\",\"https:\\\/\\\/www.instagram.com\\\/santjoandalacant\\\/\",\"https:\\\/\\\/www.youtube.com\\\/user\\\/santjoandalacant\"]},{\"@type\":\"Person\",\"@id\":\"https:\\\/\\\/www.santjoandalacant.es\\\/ca\\\/#\\\/schema\\\/person\\\/74b89bc7b26e6edafb76cd69420cd790\",\"name\":\"6tems\",\"image\":{\"@type\":\"ImageObject\",\"inLanguage\":\"va\",\"@id\":\"https:\\\/\\\/secure.gravatar.com\\\/avatar\\\/1c939d9bf86da56568327e5d52b159d089efba17cde140c49884e3fe77ef9c66?s=96&d=mm&r=g\",\"url\":\"https:\\\/\\\/secure.gravatar.com\\\/avatar\\\/1c939d9bf86da56568327e5d52b159d089efba17cde140c49884e3fe77ef9c66?s=96&d=mm&r=g\",\"contentUrl\":\"https:\\\/\\\/secure.gravatar.com\\\/avatar\\\/1c939d9bf86da56568327e5d52b159d089efba17cde140c49884e3fe77ef9c66?s=96&d=mm&r=g\",\"caption\":\"6tems\"},\"sameAs\":[\"https:\\\/\\\/www.santjoandalacant.es\"],\"url\":\"https:\\\/\\\/www.santjoandalacant.es\\\/ca\\\/author\\\/adminasap\\\/\"}]}<\/script>\n<!-- \/ Yoast SEO plugin. -->","yoast_head_json":{"title":"CARNESTOLTES 2016 - Sant Joan d&#039;Alacant","robots":{"index":"index","follow":"follow","max-snippet":"max-snippet:-1","max-image-preview":"max-image-preview:large","max-video-preview":"max-video-preview:-1"},"canonical":"https:\/\/www.santjoandalacant.es\/ca\/carnestoltes-2016\/","og_locale":"en_US","og_type":"article","og_title":"CARNESTOLTES 2016 - Sant Joan d&#039;Alacant","og_description":"Una proposta diferent a anys anteriors, on es pret\u00e9n donar noves alternatives a l'oci tur\u00edstic municipal, inserint en la programaci\u00f3 noves activitats que atraguen als nostres ve\u00efns i al p\u00fablic estranger proper.","og_url":"https:\/\/www.santjoandalacant.es\/ca\/carnestoltes-2016\/","og_site_name":"Sant Joan d&#039;Alacant","article_publisher":"https:\/\/www.facebook.com\/santjoandalacant\/","article_published_time":"2016-01-31T18:59:03+00:00","og_image":[{"width":722,"height":1024,"url":"https:\/\/www.santjoandalacant.es\/wp-content\/uploads\/2017\/06\/CARNAVALES_2016_trasera-722x1024.jpg","type":"image\/jpeg"}],"author":"6tems","twitter_card":"summary_large_image","twitter_misc":{"Written by":"6tems","Est. reading time":"2 minutes"},"schema":{"@context":"https:\/\/schema.org","@graph":[{"@type":"Article","@id":"https:\/\/www.santjoandalacant.es\/ca\/carnestoltes-2016\/#article","isPartOf":{"@id":"https:\/\/www.santjoandalacant.es\/ca\/carnestoltes-2016\/"},"author":{"name":"6tems","@id":"https:\/\/www.santjoandalacant.es\/ca\/#\/schema\/person\/74b89bc7b26e6edafb76cd69420cd790"},"headline":"CARNESTOLTES 2016","datePublished":"2016-01-31T18:59:03+00:00","mainEntityOfPage":{"@id":"https:\/\/www.santjoandalacant.es\/ca\/carnestoltes-2016\/"},"wordCount":432,"commentCount":0,"publisher":{"@id":"https:\/\/www.santjoandalacant.es\/ca\/#organization"},"image":{"@id":"https:\/\/www.santjoandalacant.es\/ca\/carnestoltes-2016\/#primaryimage"},"thumbnailUrl":"https:\/\/www.santjoandalacant.es\/wp-content\/uploads\/2017\/06\/CARNAVALES_2016_trasera.jpg","articleSection":["Sin categorizar"],"inLanguage":"va","potentialAction":[{"@type":"CommentAction","name":"Comment","target":["https:\/\/www.santjoandalacant.es\/ca\/carnestoltes-2016\/#respond"]}]},{"@type":"WebPage","@id":"https:\/\/www.santjoandalacant.es\/ca\/carnestoltes-2016\/","url":"https:\/\/www.santjoandalacant.es\/ca\/carnestoltes-2016\/","name":"CARNESTOLTES 2016 - Sant Joan d&#039;Alacant","isPartOf":{"@id":"https:\/\/www.santjoandalacant.es\/ca\/#website"},"primaryImageOfPage":{"@id":"https:\/\/www.santjoandalacant.es\/ca\/carnestoltes-2016\/#primaryimage"},"image":{"@id":"https:\/\/www.santjoandalacant.es\/ca\/carnestoltes-2016\/#primaryimage"},"thumbnailUrl":"https:\/\/www.santjoandalacant.es\/wp-content\/uploads\/2017\/06\/CARNAVALES_2016_trasera.jpg","datePublished":"2016-01-31T18:59:03+00:00","breadcrumb":{"@id":"https:\/\/www.santjoandalacant.es\/ca\/carnestoltes-2016\/#breadcrumb"},"inLanguage":"va","potentialAction":[{"@type":"ReadAction","target":["https:\/\/www.santjoandalacant.es\/ca\/carnestoltes-2016\/"]}]},{"@type":"ImageObject","inLanguage":"va","@id":"https:\/\/www.santjoandalacant.es\/ca\/carnestoltes-2016\/#primaryimage","url":"https:\/\/www.santjoandalacant.es\/wp-content\/uploads\/2017\/06\/CARNAVALES_2016_trasera.jpg","contentUrl":"https:\/\/www.santjoandalacant.es\/wp-content\/uploads\/2017\/06\/CARNAVALES_2016_trasera.jpg","width":1748,"height":2480},{"@type":"BreadcrumbList","@id":"https:\/\/www.santjoandalacant.es\/ca\/carnestoltes-2016\/#breadcrumb","itemListElement":[{"@type":"ListItem","position":1,"name":"Inicio","item":"https:\/\/www.santjoandalacant.es\/ca\/"},{"@type":"ListItem","position":2,"name":"CARNESTOLTES 2016"}]},{"@type":"WebSite","@id":"https:\/\/www.santjoandalacant.es\/ca\/#website","url":"https:\/\/www.santjoandalacant.es\/ca\/","name":"Sant Joan d'Alacant","description":"","publisher":{"@id":"https:\/\/www.santjoandalacant.es\/ca\/#organization"},"potentialAction":[{"@type":"SearchAction","target":{"@type":"EntryPoint","urlTemplate":"https:\/\/www.santjoandalacant.es\/ca\/?s={search_term_string}"},"query-input":{"@type":"PropertyValueSpecification","valueRequired":true,"valueName":"search_term_string"}}],"inLanguage":"va"},{"@type":"Organization","@id":"https:\/\/www.santjoandalacant.es\/ca\/#organization","name":"Sant Joan d'Alacant","url":"https:\/\/www.santjoandalacant.es\/ca\/","logo":{"@type":"ImageObject","inLanguage":"va","@id":"https:\/\/www.santjoandalacant.es\/ca\/#\/schema\/logo\/image\/","url":"https:\/\/www.santjoandalacant.es\/wp-content\/uploads\/2023\/08\/logoSJ.png","contentUrl":"https:\/\/www.santjoandalacant.es\/wp-content\/uploads\/2023\/08\/logoSJ.png","width":198,"height":253,"caption":"Sant Joan d'Alacant"},"image":{"@id":"https:\/\/www.santjoandalacant.es\/ca\/#\/schema\/logo\/image\/"},"sameAs":["https:\/\/www.facebook.com\/santjoandalacant\/","https:\/\/www.instagram.com\/santjoandalacant\/","https:\/\/www.youtube.com\/user\/santjoandalacant"]},{"@type":"Person","@id":"https:\/\/www.santjoandalacant.es\/ca\/#\/schema\/person\/74b89bc7b26e6edafb76cd69420cd790","name":"6tems","image":{"@type":"ImageObject","inLanguage":"va","@id":"https:\/\/secure.gravatar.com\/avatar\/1c939d9bf86da56568327e5d52b159d089efba17cde140c49884e3fe77ef9c66?s=96&d=mm&r=g","url":"https:\/\/secure.gravatar.com\/avatar\/1c939d9bf86da56568327e5d52b159d089efba17cde140c49884e3fe77ef9c66?s=96&d=mm&r=g","contentUrl":"https:\/\/secure.gravatar.com\/avatar\/1c939d9bf86da56568327e5d52b159d089efba17cde140c49884e3fe77ef9c66?s=96&d=mm&r=g","caption":"6tems"},"sameAs":["https:\/\/www.santjoandalacant.es"],"url":"https:\/\/www.santjoandalacant.es\/ca\/author\/adminasap\/"}]}},"_links":{"self":[{"href":"https:\/\/www.santjoandalacant.es\/ca\/wp-json\/wp\/v2\/posts\/76483","targetHints":{"allow":["GET"]}}],"collection":[{"href":"https:\/\/www.santjoandalacant.es\/ca\/wp-json\/wp\/v2\/posts"}],"about":[{"href":"https:\/\/www.santjoandalacant.es\/ca\/wp-json\/wp\/v2\/types\/post"}],"author":[{"embeddable":true,"href":"https:\/\/www.santjoandalacant.es\/ca\/wp-json\/wp\/v2\/users\/1"}],"replies":[{"embeddable":true,"href":"https:\/\/www.santjoandalacant.es\/ca\/wp-json\/wp\/v2\/comments?post=76483"}],"version-history":[{"count":0,"href":"https:\/\/www.santjoandalacant.es\/ca\/wp-json\/wp\/v2\/posts\/76483\/revisions"}],"wp:featuredmedia":[{"embeddable":true,"href":"https:\/\/www.santjoandalacant.es\/ca\/wp-json\/wp\/v2\/media\/28096"}],"wp:attachment":[{"href":"https:\/\/www.santjoandalacant.es\/ca\/wp-json\/wp\/v2\/media?parent=76483"}],"wp:term":[{"taxonomy":"category","embeddable":true,"href":"https:\/\/www.santjoandalacant.es\/ca\/wp-json\/wp\/v2\/categories?post=76483"},{"taxonomy":"post_tag","embeddable":true,"href":"https:\/\/www.santjoandalacant.es\/ca\/wp-json\/wp\/v2\/tags?post=76483"},{"taxonomy":"areas","embeddable":true,"href":"https:\/\/www.santjoandalacant.es\/ca\/wp-json\/wp\/v2\/areas?post=76483"}],"curies":[{"name":"wp","href":"https:\/\/api.w.org\/{rel}","templated":true}]}}