{"id":76503,"date":"2016-01-22T19:49:56","date_gmt":"2016-01-22T19:49:56","guid":{"rendered":"https:\/\/santjoan.developersasapglobalsolution.com\/vint-restaurants-ofereixen-el-mes-de-febrer-menus-que-enamoren-per-a-celebrar-sant-valentin\/"},"modified":"2016-01-22T19:49:56","modified_gmt":"2016-01-22T19:49:56","slug":"vint-restaurants-ofereixen-el-mes-de-febrer-menus-que-enamoren-per-a-celebrar-sant-valentin","status":"publish","type":"post","link":"https:\/\/www.santjoandalacant.es\/ca\/vint-restaurants-ofereixen-el-mes-de-febrer-menus-que-enamoren-per-a-celebrar-sant-valentin\/","title":{"rendered":"Vint restaurants ofereixen el mes de febrer \u2018Men\u00fas que enamoren\u2019 per a celebrar Sant Valent\u00edn"},"content":{"rendered":"<p>La regidoria de Comer\u00e7 i Mercat ha presentat una nova edici\u00f3 de la seua iniciativa m\u00e9s especial per a dinamitzar el consum en el sector hostelero del municipi durant el mes de febrer. Es tracta de la campanya gastron\u00f2mica \u2018Men\u00fas que enamoren&#8217;, un projecte en el qual participen 20 bars i restaurants que oferiran, de l&#8217;1 al 29 de febrer, un men\u00fa especial subjecte al preu \u00fanic de 20 euros per parella. Perqu\u00e8 l&#8217;objectiu \u00e9s que cap enamorat es quede a casa durant la commemoraci\u00f3 del 14 de febrer, dia de Sant Valent\u00edn.<br \/>\nEn la roda de premsa han participat el regidor de Comer\u00e7, Octavio Seva i el president de l&#8217;Associaci\u00f3 de Comerciants de Sant Joan (ACEA), Armando Pe\u00f1alver. Octavio Seva ha destacat la bona predisposici\u00f3 dels establiments participants, que han preparat men\u00fas molt atractius i molt assequibles de preu, per la qual cosa &quot;si vols celebrar alguna cosa amb la teua parella, no hi ha excusa per a quedar-se a casa&quot;. Per la seua banda, Armando Pe\u00f1alver ha destacat que l&#8217;Ajuntament sempre compte amb ells per a aquest tipus d&#8217;iniciatives, molt adequades en aquesta \u00e8poca de l&#8217;any.<br \/>\n<img decoding=\"async\" src=\"\/\" \/> <\/p>\n","protected":false},"excerpt":{"rendered":"<p>La regidoria de Comer\u00e7 i Mercat ha presentat una nova edici\u00f3 de la seua iniciativa m\u00e9s especial per a dinamitzar el consum en el sector hostelero del municipi durant el mes de febrer. Es tracta de la campanya gastron\u00f2mica \u2018Men\u00fas que enamoren&#8217;, un projecte en el qual participen 20 bars i restaurants que oferiran, de l&#8217;1 al 29 de febrer, un men\u00fa especial subjecte al preu \u00fanic de 20 euros per parella. Perqu\u00e8 l&#8217;objectiu \u00e9s que cap enamorat es quede a casa durant la commemoraci\u00f3 del 14 de febrer, dia de Sant Valent\u00edn.<\/p>\n","protected":false},"author":1,"featured_media":28170,"comment_status":"open","ping_status":"open","sticky":false,"template":"","format":"standard","meta":{"_acf_changed":false,"rs_blank_template":"","rs_page_bg_color":"","slide_template_v7":"","footnotes":""},"categories":[1],"tags":[],"areas":[997],"class_list":["post-76503","post","type-post","status-publish","format-standard","has-post-thumbnail","hentry","category-sin-categorizar","areas-comercio-ca"],"acf":[],"yoast_head":"<!-- This site is optimized with the Yoast SEO plugin v28.2 - https:\/\/yoast.com\/product\/yoast-seo-wordpress\/ -->\n<title>Vint restaurants ofereixen el mes de febrer \u2018Men\u00fas que enamoren\u2019 per a celebrar Sant Valent\u00edn - Sant Joan d&#039;Alacant<\/title>\n<meta name=\"robots\" content=\"index, follow, max-snippet:-1, max-image-preview:large, max-video-preview:-1\" \/>\n<link rel=\"canonical\" href=\"https:\/\/www.santjoandalacant.es\/ca\/vint-restaurants-ofereixen-el-mes-de-febrer-menus-que-enamoren-per-a-celebrar-sant-valentin\/\" \/>\n<meta property=\"og:locale\" content=\"en_US\" \/>\n<meta property=\"og:type\" content=\"article\" \/>\n<meta property=\"og:title\" content=\"Vint restaurants ofereixen el mes de febrer \u2018Men\u00fas que enamoren\u2019 per a celebrar Sant Valent\u00edn - Sant Joan d&#039;Alacant\" \/>\n<meta property=\"og:description\" content=\"La regidoria de Comer\u00e7 i Mercat ha presentat una nova edici\u00f3 de la seua iniciativa m\u00e9s especial per a dinamitzar el consum en el sector hostelero del municipi durant el mes de febrer. Es tracta de la campanya gastron\u00f2mica \u2018Men\u00fas que enamoren&#039;, un projecte en el qual participen 20 bars i restaurants que oferiran, de l&#039;1 al 29 de febrer, un men\u00fa especial subjecte al preu \u00fanic de 20 euros per parella. Perqu\u00e8 l&#039;objectiu \u00e9s que cap enamorat es quede a casa durant la commemoraci\u00f3 del 14 de febrer, dia de Sant Valent\u00edn.\" \/>\n<meta property=\"og:url\" content=\"https:\/\/www.santjoandalacant.es\/ca\/vint-restaurants-ofereixen-el-mes-de-febrer-menus-que-enamoren-per-a-celebrar-sant-valentin\/\" \/>\n<meta property=\"og:site_name\" content=\"Sant Joan d&#039;Alacant\" \/>\n<meta property=\"article:publisher\" content=\"https:\/\/www.facebook.com\/santjoandalacant\/\" \/>\n<meta property=\"article:published_time\" content=\"2016-01-22T19:49:56+00:00\" \/>\n<meta property=\"og:image\" content=\"https:\/\/www.santjoandalacant.es\/wp-content\/uploads\/2017\/06\/MENUS_QUE_ENAMORAN_1-scaled.jpg\" \/>\n\t<meta property=\"og:image:width\" content=\"2560\" \/>\n\t<meta property=\"og:image:height\" content=\"1841\" \/>\n\t<meta property=\"og:image:type\" content=\"image\/jpeg\" \/>\n<meta name=\"author\" content=\"6tems\" \/>\n<meta name=\"twitter:card\" content=\"summary_large_image\" \/>\n<meta name=\"twitter:label1\" content=\"Written by\" \/>\n\t<meta name=\"twitter:data1\" content=\"6tems\" \/>\n\t<meta name=\"twitter:label2\" content=\"Est. reading time\" \/>\n\t<meta name=\"twitter:data2\" content=\"1 minute\" \/>\n<script type=\"application\/ld+json\" class=\"yoast-schema-graph\">{\"@context\":\"https:\\\/\\\/schema.org\",\"@graph\":[{\"@type\":\"Article\",\"@id\":\"https:\\\/\\\/www.santjoandalacant.es\\\/ca\\\/vint-restaurants-ofereixen-el-mes-de-febrer-menus-que-enamoren-per-a-celebrar-sant-valentin\\\/#article\",\"isPartOf\":{\"@id\":\"https:\\\/\\\/www.santjoandalacant.es\\\/ca\\\/vint-restaurants-ofereixen-el-mes-de-febrer-menus-que-enamoren-per-a-celebrar-sant-valentin\\\/\"},\"author\":{\"name\":\"6tems\",\"@id\":\"https:\\\/\\\/www.santjoandalacant.es\\\/ca\\\/#\\\/schema\\\/person\\\/74b89bc7b26e6edafb76cd69420cd790\"},\"headline\":\"Vint restaurants ofereixen el mes de febrer \u2018Men\u00fas que enamoren\u2019 per a celebrar Sant Valent\u00edn\",\"datePublished\":\"2016-01-22T19:49:56+00:00\",\"mainEntityOfPage\":{\"@id\":\"https:\\\/\\\/www.santjoandalacant.es\\\/ca\\\/vint-restaurants-ofereixen-el-mes-de-febrer-menus-que-enamoren-per-a-celebrar-sant-valentin\\\/\"},\"wordCount\":215,\"commentCount\":0,\"publisher\":{\"@id\":\"https:\\\/\\\/www.santjoandalacant.es\\\/ca\\\/#organization\"},\"image\":{\"@id\":\"https:\\\/\\\/www.santjoandalacant.es\\\/ca\\\/vint-restaurants-ofereixen-el-mes-de-febrer-menus-que-enamoren-per-a-celebrar-sant-valentin\\\/#primaryimage\"},\"thumbnailUrl\":\"https:\\\/\\\/www.santjoandalacant.es\\\/wp-content\\\/uploads\\\/2017\\\/06\\\/MENUS_QUE_ENAMORAN_1-scaled.jpg\",\"articleSection\":[\"Sin categorizar\"],\"inLanguage\":\"va\",\"potentialAction\":[{\"@type\":\"CommentAction\",\"name\":\"Comment\",\"target\":[\"https:\\\/\\\/www.santjoandalacant.es\\\/ca\\\/vint-restaurants-ofereixen-el-mes-de-febrer-menus-que-enamoren-per-a-celebrar-sant-valentin\\\/#respond\"]}]},{\"@type\":\"WebPage\",\"@id\":\"https:\\\/\\\/www.santjoandalacant.es\\\/ca\\\/vint-restaurants-ofereixen-el-mes-de-febrer-menus-que-enamoren-per-a-celebrar-sant-valentin\\\/\",\"url\":\"https:\\\/\\\/www.santjoandalacant.es\\\/ca\\\/vint-restaurants-ofereixen-el-mes-de-febrer-menus-que-enamoren-per-a-celebrar-sant-valentin\\\/\",\"name\":\"Vint restaurants ofereixen el mes de febrer \u2018Men\u00fas que enamoren\u2019 per a celebrar Sant Valent\u00edn - Sant Joan d&#039;Alacant\",\"isPartOf\":{\"@id\":\"https:\\\/\\\/www.santjoandalacant.es\\\/ca\\\/#website\"},\"primaryImageOfPage\":{\"@id\":\"https:\\\/\\\/www.santjoandalacant.es\\\/ca\\\/vint-restaurants-ofereixen-el-mes-de-febrer-menus-que-enamoren-per-a-celebrar-sant-valentin\\\/#primaryimage\"},\"image\":{\"@id\":\"https:\\\/\\\/www.santjoandalacant.es\\\/ca\\\/vint-restaurants-ofereixen-el-mes-de-febrer-menus-que-enamoren-per-a-celebrar-sant-valentin\\\/#primaryimage\"},\"thumbnailUrl\":\"https:\\\/\\\/www.santjoandalacant.es\\\/wp-content\\\/uploads\\\/2017\\\/06\\\/MENUS_QUE_ENAMORAN_1-scaled.jpg\",\"datePublished\":\"2016-01-22T19:49:56+00:00\",\"breadcrumb\":{\"@id\":\"https:\\\/\\\/www.santjoandalacant.es\\\/ca\\\/vint-restaurants-ofereixen-el-mes-de-febrer-menus-que-enamoren-per-a-celebrar-sant-valentin\\\/#breadcrumb\"},\"inLanguage\":\"va\",\"potentialAction\":[{\"@type\":\"ReadAction\",\"target\":[\"https:\\\/\\\/www.santjoandalacant.es\\\/ca\\\/vint-restaurants-ofereixen-el-mes-de-febrer-menus-que-enamoren-per-a-celebrar-sant-valentin\\\/\"]}]},{\"@type\":\"ImageObject\",\"inLanguage\":\"va\",\"@id\":\"https:\\\/\\\/www.santjoandalacant.es\\\/ca\\\/vint-restaurants-ofereixen-el-mes-de-febrer-menus-que-enamoren-per-a-celebrar-sant-valentin\\\/#primaryimage\",\"url\":\"https:\\\/\\\/www.santjoandalacant.es\\\/wp-content\\\/uploads\\\/2017\\\/06\\\/MENUS_QUE_ENAMORAN_1-scaled.jpg\",\"contentUrl\":\"https:\\\/\\\/www.santjoandalacant.es\\\/wp-content\\\/uploads\\\/2017\\\/06\\\/MENUS_QUE_ENAMORAN_1-scaled.jpg\",\"width\":2560,\"height\":1841},{\"@type\":\"BreadcrumbList\",\"@id\":\"https:\\\/\\\/www.santjoandalacant.es\\\/ca\\\/vint-restaurants-ofereixen-el-mes-de-febrer-menus-que-enamoren-per-a-celebrar-sant-valentin\\\/#breadcrumb\",\"itemListElement\":[{\"@type\":\"ListItem\",\"position\":1,\"name\":\"Inicio\",\"item\":\"https:\\\/\\\/www.santjoandalacant.es\\\/ca\\\/\"},{\"@type\":\"ListItem\",\"position\":2,\"name\":\"Vint restaurants ofereixen el mes de febrer \u2018Men\u00fas que enamoren\u2019 per a celebrar Sant Valent\u00edn\"}]},{\"@type\":\"WebSite\",\"@id\":\"https:\\\/\\\/www.santjoandalacant.es\\\/ca\\\/#website\",\"url\":\"https:\\\/\\\/www.santjoandalacant.es\\\/ca\\\/\",\"name\":\"Sant Joan d'Alacant\",\"description\":\"\",\"publisher\":{\"@id\":\"https:\\\/\\\/www.santjoandalacant.es\\\/ca\\\/#organization\"},\"potentialAction\":[{\"@type\":\"SearchAction\",\"target\":{\"@type\":\"EntryPoint\",\"urlTemplate\":\"https:\\\/\\\/www.santjoandalacant.es\\\/ca\\\/?s={search_term_string}\"},\"query-input\":{\"@type\":\"PropertyValueSpecification\",\"valueRequired\":true,\"valueName\":\"search_term_string\"}}],\"inLanguage\":\"va\"},{\"@type\":\"Organization\",\"@id\":\"https:\\\/\\\/www.santjoandalacant.es\\\/ca\\\/#organization\",\"name\":\"Sant Joan d'Alacant\",\"url\":\"https:\\\/\\\/www.santjoandalacant.es\\\/ca\\\/\",\"logo\":{\"@type\":\"ImageObject\",\"inLanguage\":\"va\",\"@id\":\"https:\\\/\\\/www.santjoandalacant.es\\\/ca\\\/#\\\/schema\\\/logo\\\/image\\\/\",\"url\":\"https:\\\/\\\/www.santjoandalacant.es\\\/wp-content\\\/uploads\\\/2023\\\/08\\\/logoSJ.png\",\"contentUrl\":\"https:\\\/\\\/www.santjoandalacant.es\\\/wp-content\\\/uploads\\\/2023\\\/08\\\/logoSJ.png\",\"width\":198,\"height\":253,\"caption\":\"Sant Joan d'Alacant\"},\"image\":{\"@id\":\"https:\\\/\\\/www.santjoandalacant.es\\\/ca\\\/#\\\/schema\\\/logo\\\/image\\\/\"},\"sameAs\":[\"https:\\\/\\\/www.facebook.com\\\/santjoandalacant\\\/\",\"https:\\\/\\\/www.instagram.com\\\/santjoandalacant\\\/\",\"https:\\\/\\\/www.youtube.com\\\/user\\\/santjoandalacant\"]},{\"@type\":\"Person\",\"@id\":\"https:\\\/\\\/www.santjoandalacant.es\\\/ca\\\/#\\\/schema\\\/person\\\/74b89bc7b26e6edafb76cd69420cd790\",\"name\":\"6tems\",\"image\":{\"@type\":\"ImageObject\",\"inLanguage\":\"va\",\"@id\":\"https:\\\/\\\/secure.gravatar.com\\\/avatar\\\/1c939d9bf86da56568327e5d52b159d089efba17cde140c49884e3fe77ef9c66?s=96&d=mm&r=g\",\"url\":\"https:\\\/\\\/secure.gravatar.com\\\/avatar\\\/1c939d9bf86da56568327e5d52b159d089efba17cde140c49884e3fe77ef9c66?s=96&d=mm&r=g\",\"contentUrl\":\"https:\\\/\\\/secure.gravatar.com\\\/avatar\\\/1c939d9bf86da56568327e5d52b159d089efba17cde140c49884e3fe77ef9c66?s=96&d=mm&r=g\",\"caption\":\"6tems\"},\"sameAs\":[\"https:\\\/\\\/www.santjoandalacant.es\"],\"url\":\"https:\\\/\\\/www.santjoandalacant.es\\\/ca\\\/author\\\/adminasap\\\/\"}]}<\/script>\n<!-- \/ Yoast SEO plugin. -->","yoast_head_json":{"title":"Vint restaurants ofereixen el mes de febrer \u2018Men\u00fas que enamoren\u2019 per a celebrar Sant Valent\u00edn - Sant Joan d&#039;Alacant","robots":{"index":"index","follow":"follow","max-snippet":"max-snippet:-1","max-image-preview":"max-image-preview:large","max-video-preview":"max-video-preview:-1"},"canonical":"https:\/\/www.santjoandalacant.es\/ca\/vint-restaurants-ofereixen-el-mes-de-febrer-menus-que-enamoren-per-a-celebrar-sant-valentin\/","og_locale":"en_US","og_type":"article","og_title":"Vint restaurants ofereixen el mes de febrer \u2018Men\u00fas que enamoren\u2019 per a celebrar Sant Valent\u00edn - Sant Joan d&#039;Alacant","og_description":"La regidoria de Comer\u00e7 i Mercat ha presentat una nova edici\u00f3 de la seua iniciativa m\u00e9s especial per a dinamitzar el consum en el sector hostelero del municipi durant el mes de febrer. Es tracta de la campanya gastron\u00f2mica \u2018Men\u00fas que enamoren', un projecte en el qual participen 20 bars i restaurants que oferiran, de l'1 al 29 de febrer, un men\u00fa especial subjecte al preu \u00fanic de 20 euros per parella. Perqu\u00e8 l'objectiu \u00e9s que cap enamorat es quede a casa durant la commemoraci\u00f3 del 14 de febrer, dia de Sant Valent\u00edn.","og_url":"https:\/\/www.santjoandalacant.es\/ca\/vint-restaurants-ofereixen-el-mes-de-febrer-menus-que-enamoren-per-a-celebrar-sant-valentin\/","og_site_name":"Sant Joan d&#039;Alacant","article_publisher":"https:\/\/www.facebook.com\/santjoandalacant\/","article_published_time":"2016-01-22T19:49:56+00:00","og_image":[{"width":2560,"height":1841,"url":"https:\/\/www.santjoandalacant.es\/wp-content\/uploads\/2017\/06\/MENUS_QUE_ENAMORAN_1-scaled.jpg","type":"image\/jpeg"}],"author":"6tems","twitter_card":"summary_large_image","twitter_misc":{"Written by":"6tems","Est. reading time":"1 minute"},"schema":{"@context":"https:\/\/schema.org","@graph":[{"@type":"Article","@id":"https:\/\/www.santjoandalacant.es\/ca\/vint-restaurants-ofereixen-el-mes-de-febrer-menus-que-enamoren-per-a-celebrar-sant-valentin\/#article","isPartOf":{"@id":"https:\/\/www.santjoandalacant.es\/ca\/vint-restaurants-ofereixen-el-mes-de-febrer-menus-que-enamoren-per-a-celebrar-sant-valentin\/"},"author":{"name":"6tems","@id":"https:\/\/www.santjoandalacant.es\/ca\/#\/schema\/person\/74b89bc7b26e6edafb76cd69420cd790"},"headline":"Vint restaurants ofereixen el mes de febrer \u2018Men\u00fas que enamoren\u2019 per a celebrar Sant Valent\u00edn","datePublished":"2016-01-22T19:49:56+00:00","mainEntityOfPage":{"@id":"https:\/\/www.santjoandalacant.es\/ca\/vint-restaurants-ofereixen-el-mes-de-febrer-menus-que-enamoren-per-a-celebrar-sant-valentin\/"},"wordCount":215,"commentCount":0,"publisher":{"@id":"https:\/\/www.santjoandalacant.es\/ca\/#organization"},"image":{"@id":"https:\/\/www.santjoandalacant.es\/ca\/vint-restaurants-ofereixen-el-mes-de-febrer-menus-que-enamoren-per-a-celebrar-sant-valentin\/#primaryimage"},"thumbnailUrl":"https:\/\/www.santjoandalacant.es\/wp-content\/uploads\/2017\/06\/MENUS_QUE_ENAMORAN_1-scaled.jpg","articleSection":["Sin categorizar"],"inLanguage":"va","potentialAction":[{"@type":"CommentAction","name":"Comment","target":["https:\/\/www.santjoandalacant.es\/ca\/vint-restaurants-ofereixen-el-mes-de-febrer-menus-que-enamoren-per-a-celebrar-sant-valentin\/#respond"]}]},{"@type":"WebPage","@id":"https:\/\/www.santjoandalacant.es\/ca\/vint-restaurants-ofereixen-el-mes-de-febrer-menus-que-enamoren-per-a-celebrar-sant-valentin\/","url":"https:\/\/www.santjoandalacant.es\/ca\/vint-restaurants-ofereixen-el-mes-de-febrer-menus-que-enamoren-per-a-celebrar-sant-valentin\/","name":"Vint restaurants ofereixen el mes de febrer \u2018Men\u00fas que enamoren\u2019 per a celebrar Sant Valent\u00edn - Sant Joan d&#039;Alacant","isPartOf":{"@id":"https:\/\/www.santjoandalacant.es\/ca\/#website"},"primaryImageOfPage":{"@id":"https:\/\/www.santjoandalacant.es\/ca\/vint-restaurants-ofereixen-el-mes-de-febrer-menus-que-enamoren-per-a-celebrar-sant-valentin\/#primaryimage"},"image":{"@id":"https:\/\/www.santjoandalacant.es\/ca\/vint-restaurants-ofereixen-el-mes-de-febrer-menus-que-enamoren-per-a-celebrar-sant-valentin\/#primaryimage"},"thumbnailUrl":"https:\/\/www.santjoandalacant.es\/wp-content\/uploads\/2017\/06\/MENUS_QUE_ENAMORAN_1-scaled.jpg","datePublished":"2016-01-22T19:49:56+00:00","breadcrumb":{"@id":"https:\/\/www.santjoandalacant.es\/ca\/vint-restaurants-ofereixen-el-mes-de-febrer-menus-que-enamoren-per-a-celebrar-sant-valentin\/#breadcrumb"},"inLanguage":"va","potentialAction":[{"@type":"ReadAction","target":["https:\/\/www.santjoandalacant.es\/ca\/vint-restaurants-ofereixen-el-mes-de-febrer-menus-que-enamoren-per-a-celebrar-sant-valentin\/"]}]},{"@type":"ImageObject","inLanguage":"va","@id":"https:\/\/www.santjoandalacant.es\/ca\/vint-restaurants-ofereixen-el-mes-de-febrer-menus-que-enamoren-per-a-celebrar-sant-valentin\/#primaryimage","url":"https:\/\/www.santjoandalacant.es\/wp-content\/uploads\/2017\/06\/MENUS_QUE_ENAMORAN_1-scaled.jpg","contentUrl":"https:\/\/www.santjoandalacant.es\/wp-content\/uploads\/2017\/06\/MENUS_QUE_ENAMORAN_1-scaled.jpg","width":2560,"height":1841},{"@type":"BreadcrumbList","@id":"https:\/\/www.santjoandalacant.es\/ca\/vint-restaurants-ofereixen-el-mes-de-febrer-menus-que-enamoren-per-a-celebrar-sant-valentin\/#breadcrumb","itemListElement":[{"@type":"ListItem","position":1,"name":"Inicio","item":"https:\/\/www.santjoandalacant.es\/ca\/"},{"@type":"ListItem","position":2,"name":"Vint restaurants ofereixen el mes de febrer \u2018Men\u00fas que enamoren\u2019 per a celebrar Sant Valent\u00edn"}]},{"@type":"WebSite","@id":"https:\/\/www.santjoandalacant.es\/ca\/#website","url":"https:\/\/www.santjoandalacant.es\/ca\/","name":"Sant Joan d'Alacant","description":"","publisher":{"@id":"https:\/\/www.santjoandalacant.es\/ca\/#organization"},"potentialAction":[{"@type":"SearchAction","target":{"@type":"EntryPoint","urlTemplate":"https:\/\/www.santjoandalacant.es\/ca\/?s={search_term_string}"},"query-input":{"@type":"PropertyValueSpecification","valueRequired":true,"valueName":"search_term_string"}}],"inLanguage":"va"},{"@type":"Organization","@id":"https:\/\/www.santjoandalacant.es\/ca\/#organization","name":"Sant Joan d'Alacant","url":"https:\/\/www.santjoandalacant.es\/ca\/","logo":{"@type":"ImageObject","inLanguage":"va","@id":"https:\/\/www.santjoandalacant.es\/ca\/#\/schema\/logo\/image\/","url":"https:\/\/www.santjoandalacant.es\/wp-content\/uploads\/2023\/08\/logoSJ.png","contentUrl":"https:\/\/www.santjoandalacant.es\/wp-content\/uploads\/2023\/08\/logoSJ.png","width":198,"height":253,"caption":"Sant Joan d'Alacant"},"image":{"@id":"https:\/\/www.santjoandalacant.es\/ca\/#\/schema\/logo\/image\/"},"sameAs":["https:\/\/www.facebook.com\/santjoandalacant\/","https:\/\/www.instagram.com\/santjoandalacant\/","https:\/\/www.youtube.com\/user\/santjoandalacant"]},{"@type":"Person","@id":"https:\/\/www.santjoandalacant.es\/ca\/#\/schema\/person\/74b89bc7b26e6edafb76cd69420cd790","name":"6tems","image":{"@type":"ImageObject","inLanguage":"va","@id":"https:\/\/secure.gravatar.com\/avatar\/1c939d9bf86da56568327e5d52b159d089efba17cde140c49884e3fe77ef9c66?s=96&d=mm&r=g","url":"https:\/\/secure.gravatar.com\/avatar\/1c939d9bf86da56568327e5d52b159d089efba17cde140c49884e3fe77ef9c66?s=96&d=mm&r=g","contentUrl":"https:\/\/secure.gravatar.com\/avatar\/1c939d9bf86da56568327e5d52b159d089efba17cde140c49884e3fe77ef9c66?s=96&d=mm&r=g","caption":"6tems"},"sameAs":["https:\/\/www.santjoandalacant.es"],"url":"https:\/\/www.santjoandalacant.es\/ca\/author\/adminasap\/"}]}},"_links":{"self":[{"href":"https:\/\/www.santjoandalacant.es\/ca\/wp-json\/wp\/v2\/posts\/76503","targetHints":{"allow":["GET"]}}],"collection":[{"href":"https:\/\/www.santjoandalacant.es\/ca\/wp-json\/wp\/v2\/posts"}],"about":[{"href":"https:\/\/www.santjoandalacant.es\/ca\/wp-json\/wp\/v2\/types\/post"}],"author":[{"embeddable":true,"href":"https:\/\/www.santjoandalacant.es\/ca\/wp-json\/wp\/v2\/users\/1"}],"replies":[{"embeddable":true,"href":"https:\/\/www.santjoandalacant.es\/ca\/wp-json\/wp\/v2\/comments?post=76503"}],"version-history":[{"count":0,"href":"https:\/\/www.santjoandalacant.es\/ca\/wp-json\/wp\/v2\/posts\/76503\/revisions"}],"wp:featuredmedia":[{"embeddable":true,"href":"https:\/\/www.santjoandalacant.es\/ca\/wp-json\/wp\/v2\/media\/28170"}],"wp:attachment":[{"href":"https:\/\/www.santjoandalacant.es\/ca\/wp-json\/wp\/v2\/media?parent=76503"}],"wp:term":[{"taxonomy":"category","embeddable":true,"href":"https:\/\/www.santjoandalacant.es\/ca\/wp-json\/wp\/v2\/categories?post=76503"},{"taxonomy":"post_tag","embeddable":true,"href":"https:\/\/www.santjoandalacant.es\/ca\/wp-json\/wp\/v2\/tags?post=76503"},{"taxonomy":"areas","embeddable":true,"href":"https:\/\/www.santjoandalacant.es\/ca\/wp-json\/wp\/v2\/areas?post=76503"}],"curies":[{"name":"wp","href":"https:\/\/api.w.org\/{rel}","templated":true}]}}