{"id":76505,"date":"2016-01-21T10:40:56","date_gmt":"2016-01-21T10:40:56","guid":{"rendered":"https:\/\/santjoan.developersasapglobalsolution.com\/la-casa-de-cultura-obri-un-projecte-de-teatre-de-cambra-amb-lobra-de-david-mamet-oleanna\/"},"modified":"2016-01-21T10:40:56","modified_gmt":"2016-01-21T10:40:56","slug":"la-casa-de-cultura-obri-un-projecte-de-teatre-de-cambra-amb-lobra-de-david-mamet-oleanna","status":"publish","type":"post","link":"https:\/\/www.santjoandalacant.es\/ca\/la-casa-de-cultura-obri-un-projecte-de-teatre-de-cambra-amb-lobra-de-david-mamet-oleanna\/","title":{"rendered":"La Casa de Cultura obri un projecte de \u2018Teatre de Cambra&#8217; amb l&#8217;obra de David Mamet \u2018Oleanna&#8217;"},"content":{"rendered":"<p>\u2018Oleanna&#8217; \u00e9s el primer projecte de Teatre de Cambra de Norma16. Un teatre pr\u00f2xim al p\u00fablic, tant que estar\u00e0 damunt de l&#8217;escenari de l&#8217;Auditori \u2018Antonio Gil\u2018 de la Casa de Cultura. L&#8217;obra est\u00e0 protagonitzada per Irene Coloma Priego I Toni Mis\u00f3, que exercix tamb\u00e9 de director. Com a ajudants de direcci\u00f3 i t\u00e8cnics, Diego Juan i Alberto Urios, i Mar\u00eda Carmona en Producci\u00f3. A m\u00e9s, el projecte est\u00e0 apadrinats per Mag\u00fci Mira i com a precursor tenim a Francesc Sanguini, director del Teatre Principal d&#8217;Alacant. <br \/>\nDespr\u00e9s d&#8217;estrena en la ciutat d&#8217;Alacant, l&#8217;obra arriba a la Casa de Cultura de Sant Joan, on gr\u00e0cies a la col\u2022laboraci\u00f3 de la Regidoria de Cultura, no caldr\u00e0 pagar entrada per a assistir a la representaci\u00f3. En el nostre municipi ser\u00e0 amb entrada gratu\u00efta per\u00f2 baix reserva, ja que l&#8217;aforament nom\u00e9s \u00e9s de 90 persones. Per a reservar, cal contactar per correu electr\u00f2nic amb auditorio@santjoandalacant.S&#8217;o cridar al tel\u00e8fon de la Casa de Cultura 965941129 &#8211; 965656179.<br \/>\n\u2018Oleanna&#8217;, escrita pel nord-americ\u00e0 David Mamet, s&#8217;endinsa en la lluita entre un professor universitari i una de les seues alumnes que, davant d&#8217;una injust\u00edcia, entaula una lluita amb el seu docent per la causa. No obstant aix\u00f2, d&#8217;esta obra caracteritzada per la intensitat del di\u00e0leg s&#8217;extrauen altres lluites i preguntes comunes de la societat, un tret caracter\u00edstic dels textos de Mamet. Temes com l&#8217;assetjament sexual o laboral, la hipocresia del llenguatge i, sobretot, la gran dificultat de ser hum\u00e0 per a comunicar-se, es posen en escena, amb un decorat m\u00ednim, una escriptura depurada i sense efectes facials. Teatre intimista que intenta crear un nexe d&#8217;uni\u00f3 entre l&#8217;actor i l&#8217;espectador. <br \/>\nTeatre de qualitat, de molt alt nivell, que poques ocasions tenim de veure. I en la Casa de Cultura de Sant Joan ser\u00e0 possible durant quatre representacions. No et quedes sense reservar la teua entrada per a \u2018Oleanna&#8217;. <\/p>\n","protected":false},"excerpt":{"rendered":"<p>\u2018Oleanna&#8217; \u00e9s el primer projecte de Teatre de Cambra de Norma16. Un teatre pr\u00f2xim al p\u00fablic, tant que estar\u00e0 damunt de l&#8217;escenari de l&#8217;Auditori \u2018Antonio Gil\u2018 de la Casa de Cultura. L&#8217;obra est\u00e0 protagonitzada per Irene Coloma Priego I Toni Mis\u00f3, que exercix tamb\u00e9 de director. Com a ajudants de direcci\u00f3 i t\u00e8cnics, Diego Juan i Alberto Urios, i Mar\u00eda Carmona en Producci\u00f3. A m\u00e9s, el projecte est\u00e0 apadrinats per Mag\u00fci Mira i com a precursor tenim a Francesc Sanguini, director del Teatre Principal d&#8217;Alacant. <\/p>\n","protected":false},"author":1,"featured_media":28268,"comment_status":"open","ping_status":"open","sticky":false,"template":"","format":"standard","meta":{"_acf_changed":false,"rs_blank_template":"","rs_page_bg_color":"","slide_template_v7":"","footnotes":""},"categories":[1],"tags":[],"areas":[1019],"class_list":["post-76505","post","type-post","status-publish","format-standard","has-post-thumbnail","hentry","category-sin-categorizar","areas-cultura-ca"],"acf":[],"yoast_head":"<!-- This site is optimized with the Yoast SEO plugin v28.2 - https:\/\/yoast.com\/product\/yoast-seo-wordpress\/ -->\n<title>La Casa de Cultura obri un projecte de \u2018Teatre de Cambra&#039; amb l&#039;obra de David Mamet \u2018Oleanna&#039; - Sant Joan d&#039;Alacant<\/title>\n<meta name=\"robots\" content=\"index, follow, max-snippet:-1, max-image-preview:large, max-video-preview:-1\" \/>\n<link rel=\"canonical\" href=\"https:\/\/www.santjoandalacant.es\/ca\/la-casa-de-cultura-obri-un-projecte-de-teatre-de-cambra-amb-lobra-de-david-mamet-oleanna\/\" \/>\n<meta property=\"og:locale\" content=\"en_US\" \/>\n<meta property=\"og:type\" content=\"article\" \/>\n<meta property=\"og:title\" content=\"La Casa de Cultura obri un projecte de \u2018Teatre de Cambra&#039; amb l&#039;obra de David Mamet \u2018Oleanna&#039; - Sant Joan d&#039;Alacant\" \/>\n<meta property=\"og:description\" content=\"\u2018Oleanna&#039; \u00e9s el primer projecte de Teatre de Cambra de Norma16. Un teatre pr\u00f2xim al p\u00fablic, tant que estar\u00e0 damunt de l&#039;escenari de l&#039;Auditori \u2018Antonio Gil\u2018 de la Casa de Cultura. L&#039;obra est\u00e0 protagonitzada per Irene Coloma Priego I Toni Mis\u00f3, que exercix tamb\u00e9 de director. Com a ajudants de direcci\u00f3 i t\u00e8cnics, Diego Juan i Alberto Urios, i Mar\u00eda Carmona en Producci\u00f3. A m\u00e9s, el projecte est\u00e0 apadrinats per Mag\u00fci Mira i com a precursor tenim a Francesc Sanguini, director del Teatre Principal d&#039;Alacant.\" \/>\n<meta property=\"og:url\" content=\"https:\/\/www.santjoandalacant.es\/ca\/la-casa-de-cultura-obri-un-projecte-de-teatre-de-cambra-amb-lobra-de-david-mamet-oleanna\/\" \/>\n<meta property=\"og:site_name\" content=\"Sant Joan d&#039;Alacant\" \/>\n<meta property=\"article:publisher\" content=\"https:\/\/www.facebook.com\/santjoandalacant\/\" \/>\n<meta property=\"article:published_time\" content=\"2016-01-21T10:40:56+00:00\" \/>\n<meta property=\"og:image\" content=\"https:\/\/www.santjoandalacant.es\/wp-content\/uploads\/2017\/06\/oleana_02.jpg\" \/>\n\t<meta property=\"og:image:width\" content=\"601\" \/>\n\t<meta property=\"og:image:height\" content=\"851\" \/>\n\t<meta property=\"og:image:type\" content=\"image\/jpeg\" \/>\n<meta name=\"author\" content=\"6tems\" \/>\n<meta name=\"twitter:card\" content=\"summary_large_image\" \/>\n<meta name=\"twitter:label1\" content=\"Written by\" \/>\n\t<meta name=\"twitter:data1\" content=\"6tems\" \/>\n\t<meta name=\"twitter:label2\" content=\"Est. reading time\" \/>\n\t<meta name=\"twitter:data2\" content=\"2 minutes\" \/>\n<script type=\"application\/ld+json\" class=\"yoast-schema-graph\">{\"@context\":\"https:\\\/\\\/schema.org\",\"@graph\":[{\"@type\":\"Article\",\"@id\":\"https:\\\/\\\/www.santjoandalacant.es\\\/ca\\\/la-casa-de-cultura-obri-un-projecte-de-teatre-de-cambra-amb-lobra-de-david-mamet-oleanna\\\/#article\",\"isPartOf\":{\"@id\":\"https:\\\/\\\/www.santjoandalacant.es\\\/ca\\\/la-casa-de-cultura-obri-un-projecte-de-teatre-de-cambra-amb-lobra-de-david-mamet-oleanna\\\/\"},\"author\":{\"name\":\"6tems\",\"@id\":\"https:\\\/\\\/www.santjoandalacant.es\\\/ca\\\/#\\\/schema\\\/person\\\/74b89bc7b26e6edafb76cd69420cd790\"},\"headline\":\"La Casa de Cultura obri un projecte de \u2018Teatre de Cambra&#8217; amb l&#8217;obra de David Mamet \u2018Oleanna&#8217;\",\"datePublished\":\"2016-01-21T10:40:56+00:00\",\"mainEntityOfPage\":{\"@id\":\"https:\\\/\\\/www.santjoandalacant.es\\\/ca\\\/la-casa-de-cultura-obri-un-projecte-de-teatre-de-cambra-amb-lobra-de-david-mamet-oleanna\\\/\"},\"wordCount\":359,\"commentCount\":0,\"publisher\":{\"@id\":\"https:\\\/\\\/www.santjoandalacant.es\\\/ca\\\/#organization\"},\"image\":{\"@id\":\"https:\\\/\\\/www.santjoandalacant.es\\\/ca\\\/la-casa-de-cultura-obri-un-projecte-de-teatre-de-cambra-amb-lobra-de-david-mamet-oleanna\\\/#primaryimage\"},\"thumbnailUrl\":\"https:\\\/\\\/www.santjoandalacant.es\\\/wp-content\\\/uploads\\\/2017\\\/06\\\/oleana_02.jpg\",\"articleSection\":[\"Sin categorizar\"],\"inLanguage\":\"va\",\"potentialAction\":[{\"@type\":\"CommentAction\",\"name\":\"Comment\",\"target\":[\"https:\\\/\\\/www.santjoandalacant.es\\\/ca\\\/la-casa-de-cultura-obri-un-projecte-de-teatre-de-cambra-amb-lobra-de-david-mamet-oleanna\\\/#respond\"]}]},{\"@type\":\"WebPage\",\"@id\":\"https:\\\/\\\/www.santjoandalacant.es\\\/ca\\\/la-casa-de-cultura-obri-un-projecte-de-teatre-de-cambra-amb-lobra-de-david-mamet-oleanna\\\/\",\"url\":\"https:\\\/\\\/www.santjoandalacant.es\\\/ca\\\/la-casa-de-cultura-obri-un-projecte-de-teatre-de-cambra-amb-lobra-de-david-mamet-oleanna\\\/\",\"name\":\"La Casa de Cultura obri un projecte de \u2018Teatre de Cambra' amb l'obra de David Mamet \u2018Oleanna' - Sant Joan d&#039;Alacant\",\"isPartOf\":{\"@id\":\"https:\\\/\\\/www.santjoandalacant.es\\\/ca\\\/#website\"},\"primaryImageOfPage\":{\"@id\":\"https:\\\/\\\/www.santjoandalacant.es\\\/ca\\\/la-casa-de-cultura-obri-un-projecte-de-teatre-de-cambra-amb-lobra-de-david-mamet-oleanna\\\/#primaryimage\"},\"image\":{\"@id\":\"https:\\\/\\\/www.santjoandalacant.es\\\/ca\\\/la-casa-de-cultura-obri-un-projecte-de-teatre-de-cambra-amb-lobra-de-david-mamet-oleanna\\\/#primaryimage\"},\"thumbnailUrl\":\"https:\\\/\\\/www.santjoandalacant.es\\\/wp-content\\\/uploads\\\/2017\\\/06\\\/oleana_02.jpg\",\"datePublished\":\"2016-01-21T10:40:56+00:00\",\"breadcrumb\":{\"@id\":\"https:\\\/\\\/www.santjoandalacant.es\\\/ca\\\/la-casa-de-cultura-obri-un-projecte-de-teatre-de-cambra-amb-lobra-de-david-mamet-oleanna\\\/#breadcrumb\"},\"inLanguage\":\"va\",\"potentialAction\":[{\"@type\":\"ReadAction\",\"target\":[\"https:\\\/\\\/www.santjoandalacant.es\\\/ca\\\/la-casa-de-cultura-obri-un-projecte-de-teatre-de-cambra-amb-lobra-de-david-mamet-oleanna\\\/\"]}]},{\"@type\":\"ImageObject\",\"inLanguage\":\"va\",\"@id\":\"https:\\\/\\\/www.santjoandalacant.es\\\/ca\\\/la-casa-de-cultura-obri-un-projecte-de-teatre-de-cambra-amb-lobra-de-david-mamet-oleanna\\\/#primaryimage\",\"url\":\"https:\\\/\\\/www.santjoandalacant.es\\\/wp-content\\\/uploads\\\/2017\\\/06\\\/oleana_02.jpg\",\"contentUrl\":\"https:\\\/\\\/www.santjoandalacant.es\\\/wp-content\\\/uploads\\\/2017\\\/06\\\/oleana_02.jpg\",\"width\":601,\"height\":851},{\"@type\":\"BreadcrumbList\",\"@id\":\"https:\\\/\\\/www.santjoandalacant.es\\\/ca\\\/la-casa-de-cultura-obri-un-projecte-de-teatre-de-cambra-amb-lobra-de-david-mamet-oleanna\\\/#breadcrumb\",\"itemListElement\":[{\"@type\":\"ListItem\",\"position\":1,\"name\":\"Inicio\",\"item\":\"https:\\\/\\\/www.santjoandalacant.es\\\/ca\\\/\"},{\"@type\":\"ListItem\",\"position\":2,\"name\":\"La Casa de Cultura obri un projecte de \u2018Teatre de Cambra&#8217; amb l&#8217;obra de David Mamet \u2018Oleanna&#8217;\"}]},{\"@type\":\"WebSite\",\"@id\":\"https:\\\/\\\/www.santjoandalacant.es\\\/ca\\\/#website\",\"url\":\"https:\\\/\\\/www.santjoandalacant.es\\\/ca\\\/\",\"name\":\"Sant Joan d'Alacant\",\"description\":\"\",\"publisher\":{\"@id\":\"https:\\\/\\\/www.santjoandalacant.es\\\/ca\\\/#organization\"},\"potentialAction\":[{\"@type\":\"SearchAction\",\"target\":{\"@type\":\"EntryPoint\",\"urlTemplate\":\"https:\\\/\\\/www.santjoandalacant.es\\\/ca\\\/?s={search_term_string}\"},\"query-input\":{\"@type\":\"PropertyValueSpecification\",\"valueRequired\":true,\"valueName\":\"search_term_string\"}}],\"inLanguage\":\"va\"},{\"@type\":\"Organization\",\"@id\":\"https:\\\/\\\/www.santjoandalacant.es\\\/ca\\\/#organization\",\"name\":\"Sant Joan d'Alacant\",\"url\":\"https:\\\/\\\/www.santjoandalacant.es\\\/ca\\\/\",\"logo\":{\"@type\":\"ImageObject\",\"inLanguage\":\"va\",\"@id\":\"https:\\\/\\\/www.santjoandalacant.es\\\/ca\\\/#\\\/schema\\\/logo\\\/image\\\/\",\"url\":\"https:\\\/\\\/www.santjoandalacant.es\\\/wp-content\\\/uploads\\\/2023\\\/08\\\/logoSJ.png\",\"contentUrl\":\"https:\\\/\\\/www.santjoandalacant.es\\\/wp-content\\\/uploads\\\/2023\\\/08\\\/logoSJ.png\",\"width\":198,\"height\":253,\"caption\":\"Sant Joan d'Alacant\"},\"image\":{\"@id\":\"https:\\\/\\\/www.santjoandalacant.es\\\/ca\\\/#\\\/schema\\\/logo\\\/image\\\/\"},\"sameAs\":[\"https:\\\/\\\/www.facebook.com\\\/santjoandalacant\\\/\",\"https:\\\/\\\/www.instagram.com\\\/santjoandalacant\\\/\",\"https:\\\/\\\/www.youtube.com\\\/user\\\/santjoandalacant\"]},{\"@type\":\"Person\",\"@id\":\"https:\\\/\\\/www.santjoandalacant.es\\\/ca\\\/#\\\/schema\\\/person\\\/74b89bc7b26e6edafb76cd69420cd790\",\"name\":\"6tems\",\"image\":{\"@type\":\"ImageObject\",\"inLanguage\":\"va\",\"@id\":\"https:\\\/\\\/secure.gravatar.com\\\/avatar\\\/1c939d9bf86da56568327e5d52b159d089efba17cde140c49884e3fe77ef9c66?s=96&d=mm&r=g\",\"url\":\"https:\\\/\\\/secure.gravatar.com\\\/avatar\\\/1c939d9bf86da56568327e5d52b159d089efba17cde140c49884e3fe77ef9c66?s=96&d=mm&r=g\",\"contentUrl\":\"https:\\\/\\\/secure.gravatar.com\\\/avatar\\\/1c939d9bf86da56568327e5d52b159d089efba17cde140c49884e3fe77ef9c66?s=96&d=mm&r=g\",\"caption\":\"6tems\"},\"sameAs\":[\"https:\\\/\\\/www.santjoandalacant.es\"],\"url\":\"https:\\\/\\\/www.santjoandalacant.es\\\/ca\\\/author\\\/adminasap\\\/\"}]}<\/script>\n<!-- \/ Yoast SEO plugin. -->","yoast_head_json":{"title":"La Casa de Cultura obri un projecte de \u2018Teatre de Cambra' amb l'obra de David Mamet \u2018Oleanna' - Sant Joan d&#039;Alacant","robots":{"index":"index","follow":"follow","max-snippet":"max-snippet:-1","max-image-preview":"max-image-preview:large","max-video-preview":"max-video-preview:-1"},"canonical":"https:\/\/www.santjoandalacant.es\/ca\/la-casa-de-cultura-obri-un-projecte-de-teatre-de-cambra-amb-lobra-de-david-mamet-oleanna\/","og_locale":"en_US","og_type":"article","og_title":"La Casa de Cultura obri un projecte de \u2018Teatre de Cambra' amb l'obra de David Mamet \u2018Oleanna' - Sant Joan d&#039;Alacant","og_description":"\u2018Oleanna' \u00e9s el primer projecte de Teatre de Cambra de Norma16. Un teatre pr\u00f2xim al p\u00fablic, tant que estar\u00e0 damunt de l'escenari de l'Auditori \u2018Antonio Gil\u2018 de la Casa de Cultura. L'obra est\u00e0 protagonitzada per Irene Coloma Priego I Toni Mis\u00f3, que exercix tamb\u00e9 de director. Com a ajudants de direcci\u00f3 i t\u00e8cnics, Diego Juan i Alberto Urios, i Mar\u00eda Carmona en Producci\u00f3. A m\u00e9s, el projecte est\u00e0 apadrinats per Mag\u00fci Mira i com a precursor tenim a Francesc Sanguini, director del Teatre Principal d'Alacant.","og_url":"https:\/\/www.santjoandalacant.es\/ca\/la-casa-de-cultura-obri-un-projecte-de-teatre-de-cambra-amb-lobra-de-david-mamet-oleanna\/","og_site_name":"Sant Joan d&#039;Alacant","article_publisher":"https:\/\/www.facebook.com\/santjoandalacant\/","article_published_time":"2016-01-21T10:40:56+00:00","og_image":[{"width":601,"height":851,"url":"https:\/\/www.santjoandalacant.es\/wp-content\/uploads\/2017\/06\/oleana_02.jpg","type":"image\/jpeg"}],"author":"6tems","twitter_card":"summary_large_image","twitter_misc":{"Written by":"6tems","Est. reading time":"2 minutes"},"schema":{"@context":"https:\/\/schema.org","@graph":[{"@type":"Article","@id":"https:\/\/www.santjoandalacant.es\/ca\/la-casa-de-cultura-obri-un-projecte-de-teatre-de-cambra-amb-lobra-de-david-mamet-oleanna\/#article","isPartOf":{"@id":"https:\/\/www.santjoandalacant.es\/ca\/la-casa-de-cultura-obri-un-projecte-de-teatre-de-cambra-amb-lobra-de-david-mamet-oleanna\/"},"author":{"name":"6tems","@id":"https:\/\/www.santjoandalacant.es\/ca\/#\/schema\/person\/74b89bc7b26e6edafb76cd69420cd790"},"headline":"La Casa de Cultura obri un projecte de \u2018Teatre de Cambra&#8217; amb l&#8217;obra de David Mamet \u2018Oleanna&#8217;","datePublished":"2016-01-21T10:40:56+00:00","mainEntityOfPage":{"@id":"https:\/\/www.santjoandalacant.es\/ca\/la-casa-de-cultura-obri-un-projecte-de-teatre-de-cambra-amb-lobra-de-david-mamet-oleanna\/"},"wordCount":359,"commentCount":0,"publisher":{"@id":"https:\/\/www.santjoandalacant.es\/ca\/#organization"},"image":{"@id":"https:\/\/www.santjoandalacant.es\/ca\/la-casa-de-cultura-obri-un-projecte-de-teatre-de-cambra-amb-lobra-de-david-mamet-oleanna\/#primaryimage"},"thumbnailUrl":"https:\/\/www.santjoandalacant.es\/wp-content\/uploads\/2017\/06\/oleana_02.jpg","articleSection":["Sin categorizar"],"inLanguage":"va","potentialAction":[{"@type":"CommentAction","name":"Comment","target":["https:\/\/www.santjoandalacant.es\/ca\/la-casa-de-cultura-obri-un-projecte-de-teatre-de-cambra-amb-lobra-de-david-mamet-oleanna\/#respond"]}]},{"@type":"WebPage","@id":"https:\/\/www.santjoandalacant.es\/ca\/la-casa-de-cultura-obri-un-projecte-de-teatre-de-cambra-amb-lobra-de-david-mamet-oleanna\/","url":"https:\/\/www.santjoandalacant.es\/ca\/la-casa-de-cultura-obri-un-projecte-de-teatre-de-cambra-amb-lobra-de-david-mamet-oleanna\/","name":"La Casa de Cultura obri un projecte de \u2018Teatre de Cambra' amb l'obra de David Mamet \u2018Oleanna' - Sant Joan d&#039;Alacant","isPartOf":{"@id":"https:\/\/www.santjoandalacant.es\/ca\/#website"},"primaryImageOfPage":{"@id":"https:\/\/www.santjoandalacant.es\/ca\/la-casa-de-cultura-obri-un-projecte-de-teatre-de-cambra-amb-lobra-de-david-mamet-oleanna\/#primaryimage"},"image":{"@id":"https:\/\/www.santjoandalacant.es\/ca\/la-casa-de-cultura-obri-un-projecte-de-teatre-de-cambra-amb-lobra-de-david-mamet-oleanna\/#primaryimage"},"thumbnailUrl":"https:\/\/www.santjoandalacant.es\/wp-content\/uploads\/2017\/06\/oleana_02.jpg","datePublished":"2016-01-21T10:40:56+00:00","breadcrumb":{"@id":"https:\/\/www.santjoandalacant.es\/ca\/la-casa-de-cultura-obri-un-projecte-de-teatre-de-cambra-amb-lobra-de-david-mamet-oleanna\/#breadcrumb"},"inLanguage":"va","potentialAction":[{"@type":"ReadAction","target":["https:\/\/www.santjoandalacant.es\/ca\/la-casa-de-cultura-obri-un-projecte-de-teatre-de-cambra-amb-lobra-de-david-mamet-oleanna\/"]}]},{"@type":"ImageObject","inLanguage":"va","@id":"https:\/\/www.santjoandalacant.es\/ca\/la-casa-de-cultura-obri-un-projecte-de-teatre-de-cambra-amb-lobra-de-david-mamet-oleanna\/#primaryimage","url":"https:\/\/www.santjoandalacant.es\/wp-content\/uploads\/2017\/06\/oleana_02.jpg","contentUrl":"https:\/\/www.santjoandalacant.es\/wp-content\/uploads\/2017\/06\/oleana_02.jpg","width":601,"height":851},{"@type":"BreadcrumbList","@id":"https:\/\/www.santjoandalacant.es\/ca\/la-casa-de-cultura-obri-un-projecte-de-teatre-de-cambra-amb-lobra-de-david-mamet-oleanna\/#breadcrumb","itemListElement":[{"@type":"ListItem","position":1,"name":"Inicio","item":"https:\/\/www.santjoandalacant.es\/ca\/"},{"@type":"ListItem","position":2,"name":"La Casa de Cultura obri un projecte de \u2018Teatre de Cambra&#8217; amb l&#8217;obra de David Mamet \u2018Oleanna&#8217;"}]},{"@type":"WebSite","@id":"https:\/\/www.santjoandalacant.es\/ca\/#website","url":"https:\/\/www.santjoandalacant.es\/ca\/","name":"Sant Joan d'Alacant","description":"","publisher":{"@id":"https:\/\/www.santjoandalacant.es\/ca\/#organization"},"potentialAction":[{"@type":"SearchAction","target":{"@type":"EntryPoint","urlTemplate":"https:\/\/www.santjoandalacant.es\/ca\/?s={search_term_string}"},"query-input":{"@type":"PropertyValueSpecification","valueRequired":true,"valueName":"search_term_string"}}],"inLanguage":"va"},{"@type":"Organization","@id":"https:\/\/www.santjoandalacant.es\/ca\/#organization","name":"Sant Joan d'Alacant","url":"https:\/\/www.santjoandalacant.es\/ca\/","logo":{"@type":"ImageObject","inLanguage":"va","@id":"https:\/\/www.santjoandalacant.es\/ca\/#\/schema\/logo\/image\/","url":"https:\/\/www.santjoandalacant.es\/wp-content\/uploads\/2023\/08\/logoSJ.png","contentUrl":"https:\/\/www.santjoandalacant.es\/wp-content\/uploads\/2023\/08\/logoSJ.png","width":198,"height":253,"caption":"Sant Joan d'Alacant"},"image":{"@id":"https:\/\/www.santjoandalacant.es\/ca\/#\/schema\/logo\/image\/"},"sameAs":["https:\/\/www.facebook.com\/santjoandalacant\/","https:\/\/www.instagram.com\/santjoandalacant\/","https:\/\/www.youtube.com\/user\/santjoandalacant"]},{"@type":"Person","@id":"https:\/\/www.santjoandalacant.es\/ca\/#\/schema\/person\/74b89bc7b26e6edafb76cd69420cd790","name":"6tems","image":{"@type":"ImageObject","inLanguage":"va","@id":"https:\/\/secure.gravatar.com\/avatar\/1c939d9bf86da56568327e5d52b159d089efba17cde140c49884e3fe77ef9c66?s=96&d=mm&r=g","url":"https:\/\/secure.gravatar.com\/avatar\/1c939d9bf86da56568327e5d52b159d089efba17cde140c49884e3fe77ef9c66?s=96&d=mm&r=g","contentUrl":"https:\/\/secure.gravatar.com\/avatar\/1c939d9bf86da56568327e5d52b159d089efba17cde140c49884e3fe77ef9c66?s=96&d=mm&r=g","caption":"6tems"},"sameAs":["https:\/\/www.santjoandalacant.es"],"url":"https:\/\/www.santjoandalacant.es\/ca\/author\/adminasap\/"}]}},"_links":{"self":[{"href":"https:\/\/www.santjoandalacant.es\/ca\/wp-json\/wp\/v2\/posts\/76505","targetHints":{"allow":["GET"]}}],"collection":[{"href":"https:\/\/www.santjoandalacant.es\/ca\/wp-json\/wp\/v2\/posts"}],"about":[{"href":"https:\/\/www.santjoandalacant.es\/ca\/wp-json\/wp\/v2\/types\/post"}],"author":[{"embeddable":true,"href":"https:\/\/www.santjoandalacant.es\/ca\/wp-json\/wp\/v2\/users\/1"}],"replies":[{"embeddable":true,"href":"https:\/\/www.santjoandalacant.es\/ca\/wp-json\/wp\/v2\/comments?post=76505"}],"version-history":[{"count":0,"href":"https:\/\/www.santjoandalacant.es\/ca\/wp-json\/wp\/v2\/posts\/76505\/revisions"}],"wp:featuredmedia":[{"embeddable":true,"href":"https:\/\/www.santjoandalacant.es\/ca\/wp-json\/wp\/v2\/media\/28268"}],"wp:attachment":[{"href":"https:\/\/www.santjoandalacant.es\/ca\/wp-json\/wp\/v2\/media?parent=76505"}],"wp:term":[{"taxonomy":"category","embeddable":true,"href":"https:\/\/www.santjoandalacant.es\/ca\/wp-json\/wp\/v2\/categories?post=76505"},{"taxonomy":"post_tag","embeddable":true,"href":"https:\/\/www.santjoandalacant.es\/ca\/wp-json\/wp\/v2\/tags?post=76505"},{"taxonomy":"areas","embeddable":true,"href":"https:\/\/www.santjoandalacant.es\/ca\/wp-json\/wp\/v2\/areas?post=76505"}],"curies":[{"name":"wp","href":"https:\/\/api.w.org\/{rel}","templated":true}]}}