{"id":76519,"date":"2016-01-13T07:31:48","date_gmt":"2016-01-13T07:31:48","guid":{"rendered":"https:\/\/santjoan.developersasapglobalsolution.com\/un-taller-de-bricolatge-en-una-biblioteca-comencem-la-construccio-de-les-bibliocasetes\/"},"modified":"2016-01-13T07:31:48","modified_gmt":"2016-01-13T07:31:48","slug":"un-taller-de-bricolatge-en-una-biblioteca-comencem-la-construccio-de-les-bibliocasetes","status":"publish","type":"post","link":"https:\/\/www.santjoandalacant.es\/ca\/un-taller-de-bricolatge-en-una-biblioteca-comencem-la-construccio-de-les-bibliocasetes\/","title":{"rendered":"Un taller de bricolatge en una Biblioteca?: comencem la construcci\u00f3 de les Bibliocasetes."},"content":{"rendered":"<p>\nEnguany 2016 ser\u00e0 important per a la Biblioteca de Sant Joan. Reinventem el nostre LABoratori, que inaugurem en 2013, per a convertir-ho en un aut\u00e8ntic &quot;makerspace&quot;. I a\u00e7\u00f2, qu\u00e8 significa?, doncs que en la Biblioteca tindrem eines de bricolatge &#8211; ara com ara &#8211; perqu\u00e8 qualsevol ciutad\u00e0 puga venir a dissenyar i construir qualsevol producte dins de la pr\u00f2pia biblioteca, treballant cooperativament amb altres persones interessades.\n<\/p>\n<p>\n<br \/>\nPer a comen\u00e7ar, des de la Biblioteca proposem la construcci\u00f3 d&#8217;unes &quot;petites biblioteques&quot; de fusta que, a manera de b\u00fasties, puguen servir per a l&#8217;intercanvi de llibres en llocs p\u00fablics de pas, com a places i jardins. Aquestes &quot;bibliocasetes&quot; formaran part del moviment &quot;Little Free Library&quot;, una ong d&#8217;abast mundial de la qual ja existeixen m\u00e9s de 34.000 &quot;biblioteques&quot;.\n<\/p>\n<p>\n<br \/>\nEn la Biblioteca ja hem constru\u00eft una i ja l&#8217;hem registrat en aquesta ONG, des d&#8217;on ens han enviat la placa identificativa amb el seu nombre de registre. Aix\u00ed, hem passat a tenir la tercera &quot;Little Free Library&quot; del pa\u00eds. Podeu trobar-la en l&#8217;hall de la biblioteca amb llibres disponibles per a realitzar intercanvis.\n<\/p>\n<p>\nAbans de comen\u00e7ar a construir m\u00e9s, els experts del Centre de Bricolatge Aki Sant Joan oferiran aquest divendres 15, dos tallers pr\u00e0ctics sobre \u00fas i maneig d&#8217;eines b\u00e0siques de fusteria. Seran el LABoratori de la Biblioteca, a les 11.00 i a les 18.00. Qualsevol persona interessada a participar en aquesta activitat &#8211; pionera a Espanya dins d&#8217;una biblioteca- pot acostar-se a la biblioteca o cridar per tel\u00e8fon per a inscriure&#8217;s. <br \/>\nPer descomptat, vosaltres mateixos esteu convidats a venir a col\u00b7laborar.\n<\/p>\n<p>\n&#160;<\/p>\n","protected":false},"excerpt":{"rendered":"<p>\nEnguany 2016 ser\u00e0 important per a la Biblioteca de Sant Joan. Reinventem el nostre LABoratori, que inaugurem en 2013, per a convertir-ho en un aut\u00e8ntic &quot;makerspace&quot;. I a\u00e7\u00f2, qu\u00e8 significa?, doncs que en la Biblioteca tindrem eines de bricolatge &#8211; ara com ara &#8211; perqu\u00e8 qualsevol ciutad\u00e0 puga venir a dissenyar i construir qualsevol producte dins de la pr\u00f2pia biblioteca, treballant cooperativament amb altres persones interessades.<\/p>\n","protected":false},"author":1,"featured_media":28333,"comment_status":"open","ping_status":"open","sticky":false,"template":"","format":"standard","meta":{"_acf_changed":false,"rs_blank_template":"","rs_page_bg_color":"","slide_template_v7":"","footnotes":""},"categories":[1],"tags":[],"areas":[1019],"class_list":["post-76519","post","type-post","status-publish","format-standard","has-post-thumbnail","hentry","category-sin-categorizar","areas-cultura-ca"],"acf":[],"yoast_head":"<!-- This site is optimized with the Yoast SEO plugin v28.2 - https:\/\/yoast.com\/product\/yoast-seo-wordpress\/ -->\n<title>Un taller de bricolatge en una Biblioteca?: comencem la construcci\u00f3 de les Bibliocasetes. - Sant Joan d&#039;Alacant<\/title>\n<meta name=\"robots\" content=\"index, follow, max-snippet:-1, max-image-preview:large, max-video-preview:-1\" \/>\n<link rel=\"canonical\" href=\"https:\/\/www.santjoandalacant.es\/ca\/un-taller-de-bricolatge-en-una-biblioteca-comencem-la-construccio-de-les-bibliocasetes\/\" \/>\n<meta property=\"og:locale\" content=\"en_US\" \/>\n<meta property=\"og:type\" content=\"article\" \/>\n<meta property=\"og:title\" content=\"Un taller de bricolatge en una Biblioteca?: comencem la construcci\u00f3 de les Bibliocasetes. - Sant Joan d&#039;Alacant\" \/>\n<meta property=\"og:description\" content=\"Enguany 2016 ser\u00e0 important per a la Biblioteca de Sant Joan. Reinventem el nostre LABoratori, que inaugurem en 2013, per a convertir-ho en un aut\u00e8ntic &quot;makerspace&quot;. I a\u00e7\u00f2, qu\u00e8 significa?, doncs que en la Biblioteca tindrem eines de bricolatge - ara com ara - perqu\u00e8 qualsevol ciutad\u00e0 puga venir a dissenyar i construir qualsevol producte dins de la pr\u00f2pia biblioteca, treballant cooperativament amb altres persones interessades.\" \/>\n<meta property=\"og:url\" content=\"https:\/\/www.santjoandalacant.es\/ca\/un-taller-de-bricolatge-en-una-biblioteca-comencem-la-construccio-de-les-bibliocasetes\/\" \/>\n<meta property=\"og:site_name\" content=\"Sant Joan d&#039;Alacant\" \/>\n<meta property=\"article:publisher\" content=\"https:\/\/www.facebook.com\/santjoandalacant\/\" \/>\n<meta property=\"article:published_time\" content=\"2016-01-13T07:31:48+00:00\" \/>\n<meta property=\"og:image\" content=\"https:\/\/www.santjoandalacant.es\/wp-content\/uploads\/2017\/06\/TALLERDEUSOHERRAMIENTAS_mailing.jpg\" \/>\n\t<meta property=\"og:image:width\" content=\"2331\" \/>\n\t<meta property=\"og:image:height\" content=\"1297\" \/>\n\t<meta property=\"og:image:type\" content=\"image\/jpeg\" \/>\n<meta name=\"author\" content=\"6tems\" \/>\n<meta name=\"twitter:card\" content=\"summary_large_image\" \/>\n<meta name=\"twitter:label1\" content=\"Written by\" \/>\n\t<meta name=\"twitter:data1\" content=\"6tems\" \/>\n\t<meta name=\"twitter:label2\" content=\"Est. reading time\" \/>\n\t<meta name=\"twitter:data2\" content=\"1 minute\" \/>\n<script type=\"application\/ld+json\" class=\"yoast-schema-graph\">{\"@context\":\"https:\\\/\\\/schema.org\",\"@graph\":[{\"@type\":\"Article\",\"@id\":\"https:\\\/\\\/www.santjoandalacant.es\\\/ca\\\/un-taller-de-bricolatge-en-una-biblioteca-comencem-la-construccio-de-les-bibliocasetes\\\/#article\",\"isPartOf\":{\"@id\":\"https:\\\/\\\/www.santjoandalacant.es\\\/ca\\\/un-taller-de-bricolatge-en-una-biblioteca-comencem-la-construccio-de-les-bibliocasetes\\\/\"},\"author\":{\"name\":\"6tems\",\"@id\":\"https:\\\/\\\/www.santjoandalacant.es\\\/ca\\\/#\\\/schema\\\/person\\\/74b89bc7b26e6edafb76cd69420cd790\"},\"headline\":\"Un taller de bricolatge en una Biblioteca?: comencem la construcci\u00f3 de les Bibliocasetes.\",\"datePublished\":\"2016-01-13T07:31:48+00:00\",\"mainEntityOfPage\":{\"@id\":\"https:\\\/\\\/www.santjoandalacant.es\\\/ca\\\/un-taller-de-bricolatge-en-una-biblioteca-comencem-la-construccio-de-les-bibliocasetes\\\/\"},\"wordCount\":301,\"commentCount\":0,\"publisher\":{\"@id\":\"https:\\\/\\\/www.santjoandalacant.es\\\/ca\\\/#organization\"},\"image\":{\"@id\":\"https:\\\/\\\/www.santjoandalacant.es\\\/ca\\\/un-taller-de-bricolatge-en-una-biblioteca-comencem-la-construccio-de-les-bibliocasetes\\\/#primaryimage\"},\"thumbnailUrl\":\"https:\\\/\\\/www.santjoandalacant.es\\\/wp-content\\\/uploads\\\/2017\\\/06\\\/TALLERDEUSOHERRAMIENTAS_mailing.jpg\",\"articleSection\":[\"Sin categorizar\"],\"inLanguage\":\"va\",\"potentialAction\":[{\"@type\":\"CommentAction\",\"name\":\"Comment\",\"target\":[\"https:\\\/\\\/www.santjoandalacant.es\\\/ca\\\/un-taller-de-bricolatge-en-una-biblioteca-comencem-la-construccio-de-les-bibliocasetes\\\/#respond\"]}]},{\"@type\":\"WebPage\",\"@id\":\"https:\\\/\\\/www.santjoandalacant.es\\\/ca\\\/un-taller-de-bricolatge-en-una-biblioteca-comencem-la-construccio-de-les-bibliocasetes\\\/\",\"url\":\"https:\\\/\\\/www.santjoandalacant.es\\\/ca\\\/un-taller-de-bricolatge-en-una-biblioteca-comencem-la-construccio-de-les-bibliocasetes\\\/\",\"name\":\"Un taller de bricolatge en una Biblioteca?: comencem la construcci\u00f3 de les Bibliocasetes. - Sant Joan d&#039;Alacant\",\"isPartOf\":{\"@id\":\"https:\\\/\\\/www.santjoandalacant.es\\\/ca\\\/#website\"},\"primaryImageOfPage\":{\"@id\":\"https:\\\/\\\/www.santjoandalacant.es\\\/ca\\\/un-taller-de-bricolatge-en-una-biblioteca-comencem-la-construccio-de-les-bibliocasetes\\\/#primaryimage\"},\"image\":{\"@id\":\"https:\\\/\\\/www.santjoandalacant.es\\\/ca\\\/un-taller-de-bricolatge-en-una-biblioteca-comencem-la-construccio-de-les-bibliocasetes\\\/#primaryimage\"},\"thumbnailUrl\":\"https:\\\/\\\/www.santjoandalacant.es\\\/wp-content\\\/uploads\\\/2017\\\/06\\\/TALLERDEUSOHERRAMIENTAS_mailing.jpg\",\"datePublished\":\"2016-01-13T07:31:48+00:00\",\"breadcrumb\":{\"@id\":\"https:\\\/\\\/www.santjoandalacant.es\\\/ca\\\/un-taller-de-bricolatge-en-una-biblioteca-comencem-la-construccio-de-les-bibliocasetes\\\/#breadcrumb\"},\"inLanguage\":\"va\",\"potentialAction\":[{\"@type\":\"ReadAction\",\"target\":[\"https:\\\/\\\/www.santjoandalacant.es\\\/ca\\\/un-taller-de-bricolatge-en-una-biblioteca-comencem-la-construccio-de-les-bibliocasetes\\\/\"]}]},{\"@type\":\"ImageObject\",\"inLanguage\":\"va\",\"@id\":\"https:\\\/\\\/www.santjoandalacant.es\\\/ca\\\/un-taller-de-bricolatge-en-una-biblioteca-comencem-la-construccio-de-les-bibliocasetes\\\/#primaryimage\",\"url\":\"https:\\\/\\\/www.santjoandalacant.es\\\/wp-content\\\/uploads\\\/2017\\\/06\\\/TALLERDEUSOHERRAMIENTAS_mailing.jpg\",\"contentUrl\":\"https:\\\/\\\/www.santjoandalacant.es\\\/wp-content\\\/uploads\\\/2017\\\/06\\\/TALLERDEUSOHERRAMIENTAS_mailing.jpg\",\"width\":2331,\"height\":1297},{\"@type\":\"BreadcrumbList\",\"@id\":\"https:\\\/\\\/www.santjoandalacant.es\\\/ca\\\/un-taller-de-bricolatge-en-una-biblioteca-comencem-la-construccio-de-les-bibliocasetes\\\/#breadcrumb\",\"itemListElement\":[{\"@type\":\"ListItem\",\"position\":1,\"name\":\"Inicio\",\"item\":\"https:\\\/\\\/www.santjoandalacant.es\\\/ca\\\/\"},{\"@type\":\"ListItem\",\"position\":2,\"name\":\"Un taller de bricolatge en una Biblioteca?: comencem la construcci\u00f3 de les Bibliocasetes.\"}]},{\"@type\":\"WebSite\",\"@id\":\"https:\\\/\\\/www.santjoandalacant.es\\\/ca\\\/#website\",\"url\":\"https:\\\/\\\/www.santjoandalacant.es\\\/ca\\\/\",\"name\":\"Sant Joan d'Alacant\",\"description\":\"\",\"publisher\":{\"@id\":\"https:\\\/\\\/www.santjoandalacant.es\\\/ca\\\/#organization\"},\"potentialAction\":[{\"@type\":\"SearchAction\",\"target\":{\"@type\":\"EntryPoint\",\"urlTemplate\":\"https:\\\/\\\/www.santjoandalacant.es\\\/ca\\\/?s={search_term_string}\"},\"query-input\":{\"@type\":\"PropertyValueSpecification\",\"valueRequired\":true,\"valueName\":\"search_term_string\"}}],\"inLanguage\":\"va\"},{\"@type\":\"Organization\",\"@id\":\"https:\\\/\\\/www.santjoandalacant.es\\\/ca\\\/#organization\",\"name\":\"Sant Joan d'Alacant\",\"url\":\"https:\\\/\\\/www.santjoandalacant.es\\\/ca\\\/\",\"logo\":{\"@type\":\"ImageObject\",\"inLanguage\":\"va\",\"@id\":\"https:\\\/\\\/www.santjoandalacant.es\\\/ca\\\/#\\\/schema\\\/logo\\\/image\\\/\",\"url\":\"https:\\\/\\\/www.santjoandalacant.es\\\/wp-content\\\/uploads\\\/2023\\\/08\\\/logoSJ.png\",\"contentUrl\":\"https:\\\/\\\/www.santjoandalacant.es\\\/wp-content\\\/uploads\\\/2023\\\/08\\\/logoSJ.png\",\"width\":198,\"height\":253,\"caption\":\"Sant Joan d'Alacant\"},\"image\":{\"@id\":\"https:\\\/\\\/www.santjoandalacant.es\\\/ca\\\/#\\\/schema\\\/logo\\\/image\\\/\"},\"sameAs\":[\"https:\\\/\\\/www.facebook.com\\\/santjoandalacant\\\/\",\"https:\\\/\\\/www.instagram.com\\\/santjoandalacant\\\/\",\"https:\\\/\\\/www.youtube.com\\\/user\\\/santjoandalacant\"]},{\"@type\":\"Person\",\"@id\":\"https:\\\/\\\/www.santjoandalacant.es\\\/ca\\\/#\\\/schema\\\/person\\\/74b89bc7b26e6edafb76cd69420cd790\",\"name\":\"6tems\",\"image\":{\"@type\":\"ImageObject\",\"inLanguage\":\"va\",\"@id\":\"https:\\\/\\\/secure.gravatar.com\\\/avatar\\\/1c939d9bf86da56568327e5d52b159d089efba17cde140c49884e3fe77ef9c66?s=96&d=mm&r=g\",\"url\":\"https:\\\/\\\/secure.gravatar.com\\\/avatar\\\/1c939d9bf86da56568327e5d52b159d089efba17cde140c49884e3fe77ef9c66?s=96&d=mm&r=g\",\"contentUrl\":\"https:\\\/\\\/secure.gravatar.com\\\/avatar\\\/1c939d9bf86da56568327e5d52b159d089efba17cde140c49884e3fe77ef9c66?s=96&d=mm&r=g\",\"caption\":\"6tems\"},\"sameAs\":[\"https:\\\/\\\/www.santjoandalacant.es\"],\"url\":\"https:\\\/\\\/www.santjoandalacant.es\\\/ca\\\/author\\\/adminasap\\\/\"}]}<\/script>\n<!-- \/ Yoast SEO plugin. -->","yoast_head_json":{"title":"Un taller de bricolatge en una Biblioteca?: comencem la construcci\u00f3 de les Bibliocasetes. - Sant Joan d&#039;Alacant","robots":{"index":"index","follow":"follow","max-snippet":"max-snippet:-1","max-image-preview":"max-image-preview:large","max-video-preview":"max-video-preview:-1"},"canonical":"https:\/\/www.santjoandalacant.es\/ca\/un-taller-de-bricolatge-en-una-biblioteca-comencem-la-construccio-de-les-bibliocasetes\/","og_locale":"en_US","og_type":"article","og_title":"Un taller de bricolatge en una Biblioteca?: comencem la construcci\u00f3 de les Bibliocasetes. - Sant Joan d&#039;Alacant","og_description":"Enguany 2016 ser\u00e0 important per a la Biblioteca de Sant Joan. Reinventem el nostre LABoratori, que inaugurem en 2013, per a convertir-ho en un aut\u00e8ntic &quot;makerspace&quot;. I a\u00e7\u00f2, qu\u00e8 significa?, doncs que en la Biblioteca tindrem eines de bricolatge - ara com ara - perqu\u00e8 qualsevol ciutad\u00e0 puga venir a dissenyar i construir qualsevol producte dins de la pr\u00f2pia biblioteca, treballant cooperativament amb altres persones interessades.","og_url":"https:\/\/www.santjoandalacant.es\/ca\/un-taller-de-bricolatge-en-una-biblioteca-comencem-la-construccio-de-les-bibliocasetes\/","og_site_name":"Sant Joan d&#039;Alacant","article_publisher":"https:\/\/www.facebook.com\/santjoandalacant\/","article_published_time":"2016-01-13T07:31:48+00:00","og_image":[{"width":2331,"height":1297,"url":"https:\/\/www.santjoandalacant.es\/wp-content\/uploads\/2017\/06\/TALLERDEUSOHERRAMIENTAS_mailing.jpg","type":"image\/jpeg"}],"author":"6tems","twitter_card":"summary_large_image","twitter_misc":{"Written by":"6tems","Est. reading time":"1 minute"},"schema":{"@context":"https:\/\/schema.org","@graph":[{"@type":"Article","@id":"https:\/\/www.santjoandalacant.es\/ca\/un-taller-de-bricolatge-en-una-biblioteca-comencem-la-construccio-de-les-bibliocasetes\/#article","isPartOf":{"@id":"https:\/\/www.santjoandalacant.es\/ca\/un-taller-de-bricolatge-en-una-biblioteca-comencem-la-construccio-de-les-bibliocasetes\/"},"author":{"name":"6tems","@id":"https:\/\/www.santjoandalacant.es\/ca\/#\/schema\/person\/74b89bc7b26e6edafb76cd69420cd790"},"headline":"Un taller de bricolatge en una Biblioteca?: comencem la construcci\u00f3 de les Bibliocasetes.","datePublished":"2016-01-13T07:31:48+00:00","mainEntityOfPage":{"@id":"https:\/\/www.santjoandalacant.es\/ca\/un-taller-de-bricolatge-en-una-biblioteca-comencem-la-construccio-de-les-bibliocasetes\/"},"wordCount":301,"commentCount":0,"publisher":{"@id":"https:\/\/www.santjoandalacant.es\/ca\/#organization"},"image":{"@id":"https:\/\/www.santjoandalacant.es\/ca\/un-taller-de-bricolatge-en-una-biblioteca-comencem-la-construccio-de-les-bibliocasetes\/#primaryimage"},"thumbnailUrl":"https:\/\/www.santjoandalacant.es\/wp-content\/uploads\/2017\/06\/TALLERDEUSOHERRAMIENTAS_mailing.jpg","articleSection":["Sin categorizar"],"inLanguage":"va","potentialAction":[{"@type":"CommentAction","name":"Comment","target":["https:\/\/www.santjoandalacant.es\/ca\/un-taller-de-bricolatge-en-una-biblioteca-comencem-la-construccio-de-les-bibliocasetes\/#respond"]}]},{"@type":"WebPage","@id":"https:\/\/www.santjoandalacant.es\/ca\/un-taller-de-bricolatge-en-una-biblioteca-comencem-la-construccio-de-les-bibliocasetes\/","url":"https:\/\/www.santjoandalacant.es\/ca\/un-taller-de-bricolatge-en-una-biblioteca-comencem-la-construccio-de-les-bibliocasetes\/","name":"Un taller de bricolatge en una Biblioteca?: comencem la construcci\u00f3 de les Bibliocasetes. - Sant Joan d&#039;Alacant","isPartOf":{"@id":"https:\/\/www.santjoandalacant.es\/ca\/#website"},"primaryImageOfPage":{"@id":"https:\/\/www.santjoandalacant.es\/ca\/un-taller-de-bricolatge-en-una-biblioteca-comencem-la-construccio-de-les-bibliocasetes\/#primaryimage"},"image":{"@id":"https:\/\/www.santjoandalacant.es\/ca\/un-taller-de-bricolatge-en-una-biblioteca-comencem-la-construccio-de-les-bibliocasetes\/#primaryimage"},"thumbnailUrl":"https:\/\/www.santjoandalacant.es\/wp-content\/uploads\/2017\/06\/TALLERDEUSOHERRAMIENTAS_mailing.jpg","datePublished":"2016-01-13T07:31:48+00:00","breadcrumb":{"@id":"https:\/\/www.santjoandalacant.es\/ca\/un-taller-de-bricolatge-en-una-biblioteca-comencem-la-construccio-de-les-bibliocasetes\/#breadcrumb"},"inLanguage":"va","potentialAction":[{"@type":"ReadAction","target":["https:\/\/www.santjoandalacant.es\/ca\/un-taller-de-bricolatge-en-una-biblioteca-comencem-la-construccio-de-les-bibliocasetes\/"]}]},{"@type":"ImageObject","inLanguage":"va","@id":"https:\/\/www.santjoandalacant.es\/ca\/un-taller-de-bricolatge-en-una-biblioteca-comencem-la-construccio-de-les-bibliocasetes\/#primaryimage","url":"https:\/\/www.santjoandalacant.es\/wp-content\/uploads\/2017\/06\/TALLERDEUSOHERRAMIENTAS_mailing.jpg","contentUrl":"https:\/\/www.santjoandalacant.es\/wp-content\/uploads\/2017\/06\/TALLERDEUSOHERRAMIENTAS_mailing.jpg","width":2331,"height":1297},{"@type":"BreadcrumbList","@id":"https:\/\/www.santjoandalacant.es\/ca\/un-taller-de-bricolatge-en-una-biblioteca-comencem-la-construccio-de-les-bibliocasetes\/#breadcrumb","itemListElement":[{"@type":"ListItem","position":1,"name":"Inicio","item":"https:\/\/www.santjoandalacant.es\/ca\/"},{"@type":"ListItem","position":2,"name":"Un taller de bricolatge en una Biblioteca?: comencem la construcci\u00f3 de les Bibliocasetes."}]},{"@type":"WebSite","@id":"https:\/\/www.santjoandalacant.es\/ca\/#website","url":"https:\/\/www.santjoandalacant.es\/ca\/","name":"Sant Joan d'Alacant","description":"","publisher":{"@id":"https:\/\/www.santjoandalacant.es\/ca\/#organization"},"potentialAction":[{"@type":"SearchAction","target":{"@type":"EntryPoint","urlTemplate":"https:\/\/www.santjoandalacant.es\/ca\/?s={search_term_string}"},"query-input":{"@type":"PropertyValueSpecification","valueRequired":true,"valueName":"search_term_string"}}],"inLanguage":"va"},{"@type":"Organization","@id":"https:\/\/www.santjoandalacant.es\/ca\/#organization","name":"Sant Joan d'Alacant","url":"https:\/\/www.santjoandalacant.es\/ca\/","logo":{"@type":"ImageObject","inLanguage":"va","@id":"https:\/\/www.santjoandalacant.es\/ca\/#\/schema\/logo\/image\/","url":"https:\/\/www.santjoandalacant.es\/wp-content\/uploads\/2023\/08\/logoSJ.png","contentUrl":"https:\/\/www.santjoandalacant.es\/wp-content\/uploads\/2023\/08\/logoSJ.png","width":198,"height":253,"caption":"Sant Joan d'Alacant"},"image":{"@id":"https:\/\/www.santjoandalacant.es\/ca\/#\/schema\/logo\/image\/"},"sameAs":["https:\/\/www.facebook.com\/santjoandalacant\/","https:\/\/www.instagram.com\/santjoandalacant\/","https:\/\/www.youtube.com\/user\/santjoandalacant"]},{"@type":"Person","@id":"https:\/\/www.santjoandalacant.es\/ca\/#\/schema\/person\/74b89bc7b26e6edafb76cd69420cd790","name":"6tems","image":{"@type":"ImageObject","inLanguage":"va","@id":"https:\/\/secure.gravatar.com\/avatar\/1c939d9bf86da56568327e5d52b159d089efba17cde140c49884e3fe77ef9c66?s=96&d=mm&r=g","url":"https:\/\/secure.gravatar.com\/avatar\/1c939d9bf86da56568327e5d52b159d089efba17cde140c49884e3fe77ef9c66?s=96&d=mm&r=g","contentUrl":"https:\/\/secure.gravatar.com\/avatar\/1c939d9bf86da56568327e5d52b159d089efba17cde140c49884e3fe77ef9c66?s=96&d=mm&r=g","caption":"6tems"},"sameAs":["https:\/\/www.santjoandalacant.es"],"url":"https:\/\/www.santjoandalacant.es\/ca\/author\/adminasap\/"}]}},"_links":{"self":[{"href":"https:\/\/www.santjoandalacant.es\/ca\/wp-json\/wp\/v2\/posts\/76519","targetHints":{"allow":["GET"]}}],"collection":[{"href":"https:\/\/www.santjoandalacant.es\/ca\/wp-json\/wp\/v2\/posts"}],"about":[{"href":"https:\/\/www.santjoandalacant.es\/ca\/wp-json\/wp\/v2\/types\/post"}],"author":[{"embeddable":true,"href":"https:\/\/www.santjoandalacant.es\/ca\/wp-json\/wp\/v2\/users\/1"}],"replies":[{"embeddable":true,"href":"https:\/\/www.santjoandalacant.es\/ca\/wp-json\/wp\/v2\/comments?post=76519"}],"version-history":[{"count":0,"href":"https:\/\/www.santjoandalacant.es\/ca\/wp-json\/wp\/v2\/posts\/76519\/revisions"}],"wp:featuredmedia":[{"embeddable":true,"href":"https:\/\/www.santjoandalacant.es\/ca\/wp-json\/wp\/v2\/media\/28333"}],"wp:attachment":[{"href":"https:\/\/www.santjoandalacant.es\/ca\/wp-json\/wp\/v2\/media?parent=76519"}],"wp:term":[{"taxonomy":"category","embeddable":true,"href":"https:\/\/www.santjoandalacant.es\/ca\/wp-json\/wp\/v2\/categories?post=76519"},{"taxonomy":"post_tag","embeddable":true,"href":"https:\/\/www.santjoandalacant.es\/ca\/wp-json\/wp\/v2\/tags?post=76519"},{"taxonomy":"areas","embeddable":true,"href":"https:\/\/www.santjoandalacant.es\/ca\/wp-json\/wp\/v2\/areas?post=76519"}],"curies":[{"name":"wp","href":"https:\/\/api.w.org\/{rel}","templated":true}]}}