{"id":76544,"date":"2015-12-04T07:55:56","date_gmt":"2015-12-04T07:55:56","guid":{"rendered":"https:\/\/santjoan.developersasapglobalsolution.com\/programacio-activitats-nadalenques-en-el-centre-de-majors\/"},"modified":"2015-12-04T07:55:56","modified_gmt":"2015-12-04T07:55:56","slug":"programacio-activitats-nadalenques-en-el-centre-de-majors","status":"publish","type":"post","link":"https:\/\/www.santjoandalacant.es\/ca\/programacio-activitats-nadalenques-en-el-centre-de-majors\/","title":{"rendered":"Programaci\u00f3 Activitats Nadalenques en el Centre de Majors"},"content":{"rendered":"<p><span style=\"font-size: small; font-family: Times New Roman\">\u00a0<\/span><span style=\"font-size: small\"><span style=\"font-family: Times New Roman\">La Regidoria de Tercera edat ha programat una s\u00e8rie d&#8217;activitats i tallers amb motiu de les festes nadalenques.<\/span><\/span><span style=\"font-size: small; font-family: Times New Roman\">\u00a0<\/span><span style=\"font-size: small\"><span style=\"font-family: Times New Roman\">Enguany els m\u00e9s majors podran gaudir d&#8217;una \u00e0mplia oferta d&#8217;activitats , del 14 al 31 de Desembre en el centre municipal, on poder anar calfant motors per a aquestes festes, contagiant-se d&#8217;il\u00b7lusi\u00f3, m\u00e0gia i nous prop\u00f2sits per al pr\u00f2xim any.<\/span><\/span><span style=\"font-size: small; font-family: Times New Roman\">\u00a0<\/span><span style=\"font-size: small\"><span style=\"font-family: Times New Roman\">Totes les persones interessades a participar en alguns dels tallers, podran inscriure&#8217;s en el centre de Municipal de Majors Salvador Gosalbez Alberola fins a l&#8217;11 de Desembre.<\/span><\/span><span style=\"font-size: small; font-family: Times New Roman\">\u00a0<\/span> <\/p>\n<p style=\"margin: 0cm 0cm 0pt\" class=\"MsoNormal\">\n<span style=\"font-family: Times New Roman\"><span><span style=\"font-size: small\">\u00a0\u00a0\u00a0\u00a0\u00a0 <\/span><\/span><span><span style=\"font-size: small\">\u00a0\u00a0\u00a0\u00a0<\/span><\/span><span><span style=\"font-size: small\">\u00a0\u00a0\u00a0\u00a0<\/span><\/span><span style=\"font-size: small\">\u00a1 Us esperem per a gaudir i compartir d&#8217;aquests entranyables dies \u00a1 <\/span><\/span>\n<\/p>\n<p style=\"margin: 0cm 0cm 0pt\" class=\"MsoNormal\">\n&#160;\n<\/p>\n<p style=\"margin: 0cm 0cm 0pt\" class=\"MsoNormal\">\n&#160;\n<\/p>\n<p align=\"center\">\n<strong><span style=\"font-family: 'Berlin Sans FB Demi,Bold',sans-serif; color: #c10000\"><span style=\"font-size: small\"><span style=\"color: #993300\">SALUDA DES DE LA REGIDORIA<\/span><\/span><\/span><\/strong><strong><span style=\"font-family: 'Berlin Sans FB Demi,Bold',sans-serif; color: #c10000\"><span style=\"font-size: small\">\u00a0<\/span><\/span><\/strong>\n<\/p>\n<p>\n<span style=\"color: black\"><span style=\"font-family: Times New Roman\"><span style=\"font-size: small\">S&#8217;acosta el Nadal, ja va fent fred, els carrers fan olor de llenya, \u00e9s \u00e8poca de castanyes rostides i l&#8217;ambient familiar predomina m\u00e9s que en qualsevol altra estaci\u00f3 de l&#8217;any&#8230; <\/span><span><span style=\"font-size: small\">\u00a0<\/span><\/span><span style=\"font-size: small\">\u00c9s temps de compartir, amb amics, familiars, companys i sers estimats.<\/span><\/span><\/span><span style=\"color: black\"><span style=\"font-size: small; font-family: Times New Roman\">\u00a0<\/span><\/span>\n<\/p>\n<p>\n<span style=\"color: black\"><span style=\"font-size: small\"><span style=\"font-family: Times New Roman\">\u00c9s una \u00e8poca de l&#8217;any que abordem amb il\u00b7lusi\u00f3, plena de m\u00e0gia i bons prop\u00f2sits, en la qual no hem d&#8217;oblidar a la gent m\u00e9s necessitada, a les persones que ahir ho tenien tot i avui no tenen gens, a les quals s&#8217;han quedat sense casa o sense treball, a les quals possiblement puguem ajudar d&#8217;alguna manera i amb els quals tamb\u00e9 hem de compartir aquest Nadal.<\/span><\/span><\/span><span style=\"color: black\"><span style=\"font-size: small; font-family: Times New Roman\">\u00a0<\/span><\/span>\n<\/p>\n<p>\n<span style=\"color: black\"><span style=\"font-size: small\"><span style=\"font-family: Times New Roman\">Des de la Regidoria de Tercera Edat hem preparat uns tallers nadalencs als quals ens agradaria que ens acompany\u00e0reu i aix\u00ed tots junts abordar aquest Nadal. Aprofite des d&#8217;ac\u00ed per a agrair l&#8217;ajuda de tots els treballadors i col\u00b7laboradors que han fet possible la realitzaci\u00f3 d&#8217;aquestes jornades, &quot;sense vosaltres no haguera sigut possible&quot;.<\/span><\/span><\/span><span style=\"color: black\"><span style=\"font-size: small; font-family: Times New Roman\">\u00a0<\/span><\/span>\n<\/p>\n<p>\n<span style=\"color: black\"><span style=\"font-size: small\"><span style=\"font-family: Times New Roman\">Admire tamb\u00e9 el comprom\u00eds, esfor\u00e7 i entusiasme amb el qual vosaltres els majors, realitzeu qualsevol de les activitats que se us proposa, i estic segura que us encantaran aquests tallers que espere gaudim tots junts.<\/span><\/span><\/span><span style=\"color: black\"><span style=\"font-size: small; font-family: Times New Roman\">\u00a0<\/span><\/span>\n<\/p>\n<p>\n<span style=\"color: black\"><span style=\"font-size: small\"><span style=\"font-family: Times New Roman\">El Nadal \u00e9s el moment en qu\u00e8 hem de sospesar els valors realment importants de la vida, \u00e9s moment de reflexi\u00f3, d&#8217;il\u00b7lusi\u00f3, de fam\u00edlia, de respecte i de gaudir tots junts d&#8217;aquests dies amb harmonia, saber estar i bon fer.<\/span><\/span><\/span><span style=\"color: black\"><span style=\"font-size: small; font-family: Times New Roman\">\u00a0<\/span><\/span><span style=\"color: black\"><span style=\"font-size: small\"><span style=\"font-family: Times New Roman\">Amb tot l&#8217;afecte i respecte, en el meu nom i en el de totes les persones que fan possible el dia a dia de la Regidoria que represente, us desitge un Feli\u00e7 Nadal i el millor per a aquest pr\u00f2xim any 2016.<\/span><\/span><\/span><strong><span style=\"font-family: 'Times New Roman,Bold',sans-serif; color: black\"><span style=\"font-size: small\">\u00a0<\/span><\/span><\/strong>\n<\/p>\n<p>\n&#160;\n<\/p>\n<p>\n<strong><span style=\"font-family: 'Times New Roman,Bold',sans-serif; color: black\"><span style=\"font-size: small\">Esther Donate P\u00e9rez<\/span><\/span><\/strong><strong><span style=\"font-family: 'Times New Roman,Bold',sans-serif; color: black\"><span style=\"font-size: small\">\u00a0<\/span><\/span><\/strong>\n<\/p>\n<p>\n<strong><span style=\"font-family: 'Times New Roman,Bold',sans-serif; color: black\"><span style=\"font-size: small\">Regidora de Tercera edat<\/span><\/span><\/strong>\n<\/p>\n<p>\n&#160;\n<\/p>\n<p>\n<strong><span style=\"font-size: 16pt; font-family: 'Berlin Sans FB Demi,Bold',sans-serif; color: #c10000\">PROGRAMACI\u00d3 DE TALLERS I ACTIVITATS NADAL 2015<\/span><\/strong><strong><span style=\"font-size: 20pt; font-family: 'Berlin Sans FB Demi,Bold',sans-serif; color: #c10000\">\u00a0<\/span><\/strong>\n<\/p>\n<p>\n<strong><span style=\"font-size: 11pt; font-family: 'Times New Roman,Bold',sans-serif; color: #c10000\">Dilluns 14 i dimarts 15 de desembre 2015<\/span><\/strong>\n<\/p>\n<p>\n<span style=\"font-size: 11pt; color: black\"><span style=\"font-family: Times New Roman\">Preparatius i adornat del centre. <strong>Inauguraci\u00f3 de l&#8217;Arbre i del tradicional Bel\u00e9n<\/strong> en col\u00b7laboraci\u00f3 amb l&#8217;associaci\u00f3 UDP de Sant Joan.<\/span><\/span><span style=\"font-size: 11pt; color: black\"><span style=\"font-family: Times New Roman\">\u00a0<\/span><\/span>\n<\/p>\n<p>\n<strong><span style=\"font-size: 11pt; font-family: 'Times New Roman,Bold',sans-serif; color: #c10000\">Dimecres 16 de desembre 2015<\/span><\/strong>\n<\/p>\n<p>\n<strong><span style=\"font-size: 11pt; font-family: 'Times New Roman,Bold',sans-serif; color: black\">10. 30h <\/span><\/strong><strong><span style=\"font-size: 11pt; font-family: 'Times New Roman,Bold',sans-serif; color: black\">Taller de Cosm\u00e8tica Natural<\/span><\/strong>\n<\/p>\n<p>\n<span style=\"font-size: 11pt; color: black\"><span style=\"font-family: Times New Roman\">Consells per a preparar la teua pell de forma natural per a aquestes festes, a c\u00e0rrec de Paquita Arques Blanco, de l&#8217;Associaci\u00f3 Gualer\u00f3 de Sant Joan.<\/span><\/span><span style=\"font-size: 11pt; color: black\"><span style=\"font-family: Times New Roman\">\u00a0<\/span><\/span>\n<\/p>\n<p>\n<strong><span style=\"font-size: 11pt; font-family: 'Times New Roman,Bold',sans-serif; color: black\">12:00h Taller de Granadures Nadalenques<\/span><\/strong>\n<\/p>\n<p>\n<span style=\"font-size: 11pt; color: black\"><span style=\"font-family: Times New Roman\">A c\u00e0rrec de la monitora del taller de Granadures Municipal,Mari Carmen Tendero<\/span><\/span><span style=\"font-size: 11pt; color: black\"><span style=\"font-family: Times New Roman\">\u00a0<\/span><\/span>\n<\/p>\n<p>\n<strong><span style=\"font-size: 11pt; font-family: 'Times New Roman,Bold',sans-serif; color: #c10000\">Dijous 17 de desembre 2015<\/span><\/strong>\n<\/p>\n<p>\n<strong><span style=\"font-size: 11pt; font-family: 'Times New Roman,Bold',sans-serif; color: black\">10. 00h Alimentaci\u00f3 en Nadal. <\/span><\/strong>\n<\/p>\n<p>\n<span style=\"font-size: 11pt; font-family: 'Times New Roman,Bold',sans-serif; color: black\">Consells per a gaudir-la de forma saludable, a c\u00e0rrec del nutricionista<strong> <\/strong><\/span><span style=\"font-size: 11pt; color: black\"><span style=\"font-family: Times New Roman\">Mario Senabre.<\/span><\/span><span style=\"font-size: 11pt; color: black\"><span style=\"font-family: Times New Roman\">\u00a0<\/span><\/span>\n<\/p>\n<p>\n<strong><span style=\"font-size: 11pt; font-family: 'Times New Roman,Bold',sans-serif; color: black\">12. 00 Taller de Risoterapia<\/span><\/strong>\n<\/p>\n<p>\n<span style=\"font-size: 11pt; color: black\"><span style=\"font-family: Times New Roman\">A c\u00e0rrec de la Terapeuta Ocupacional Eva Navarro.<\/span><\/span><span style=\"font-size: 11pt; color: black\"><span style=\"font-family: Times New Roman\">\u00a0<\/span><\/span>\n<\/p>\n<p>\n<strong><span style=\"font-size: 11pt; font-family: 'Times New Roman,Bold',sans-serif; color: #c10000\">Divendres 18 de desembre 2015<\/span><\/strong>\n<\/p>\n<p>\n<strong><span style=\"font-size: 11pt; font-family: 'Times New Roman,Bold',sans-serif; color: black\">10. 30h Festa de Nadal dels Tallers<\/span><\/strong>\n<\/p>\n<p>\n<span style=\"font-size: 11pt; color: black\"><span style=\"font-family: Times New Roman\">Festa i exhibici\u00f3 d&#8217;activitats dels tallers municipals.<\/span><\/span><span style=\"font-size: 11pt; color: black\"><span style=\"font-family: Times New Roman\">\u00a0<\/span><\/span>\n<\/p>\n<p>\n<strong><span style=\"font-size: 11pt; font-family: 'Times New Roman,Bold',sans-serif; color: black\">12.00 <\/span><\/strong><strong><span style=\"font-family: 'Times New Roman,Bold',sans-serif; color: black\"><span style=\"font-size: small\">Inauguraci\u00f3 de la Biblioteca i degustaci\u00f3 de dol\u00e7os Nadalencs<\/span><\/span><\/strong><strong><span style=\"font-family: 'Times New Roman,Bold',sans-serif; color: black\"><span style=\"font-size: small\">\u00a0<\/span><\/span><\/strong>\n<\/p>\n<p>\n<strong><span style=\"font-size: 11pt; font-family: 'Times New Roman,Bold',sans-serif; color: #c10000\">Dilluns 21 de desembre 2015<\/span><\/strong>\n<\/p>\n<p>\n<strong><span style=\"font-size: 11pt; font-family: 'Times New Roman,Bold',sans-serif; color: black\">12.00h Taller de sensibilitzaci\u00f3 musical<\/span><\/strong>\n<\/p>\n<p>\n<span style=\"font-size: 11pt; color: black\"><span style=\"font-family: Times New Roman\">M\u00fasica i nadales, a c\u00e0rrec de la Societat Musical la Paz.<\/span><\/span><span style=\"font-size: 11pt; color: black\"><span style=\"font-family: Times New Roman\">\u00a0<\/span><\/span>\n<\/p>\n<p>\n<strong><span style=\"font-size: 11pt; font-family: 'Times New Roman,Bold',sans-serif; color: #c10000\">Dimarts 22 de desembre 2015<\/span><\/strong>\n<\/p>\n<p>\n<strong><span style=\"font-size: 11pt; font-family: 'Times New Roman,Bold',sans-serif; color: black\">10.30h Taller de Labors i Adorns Nadalencs,<\/span><\/strong>\n<\/p>\n<p>\n<span style=\"font-family: Times New Roman\"><span style=\"font-size: 11pt; color: black\">A c\u00e0rrec de C\u00e0ndida Calvo monitora del Taller de Labors de l&#8217;Associaci\u00f3 U.D.P Sant Joan.<\/span><\/span>\n<\/p>\n<p>\n<span style=\"font-size: small; font-family: Times New Roman\"><strong><span style=\"font-size: 11pt; font-family: 'Times New Roman,Bold',sans-serif; color: #c10000\">Dimecres 23 de desembre 2015<\/span><\/strong><\/span>\n<\/p>\n<p>\n<span style=\"font-size: small; font-family: Times New Roman\"><\/span><span style=\"font-size: small; font-family: Times New Roman\"><strong><span style=\"font-family: 'Times New Roman,Bold',sans-serif; color: black\"><span style=\"font-size: small\">10.30h Pastisseria Intergeneracional a c\u00e0rrec de l&#8217;Associaci\u00f3 Gualer\u00f3 <\/span><\/span><\/strong><\/span>\n<\/p>\n<p>\n<span style=\"font-size: small; font-family: Times New Roman\"><strong><\/strong><span style=\"color: black\"><span style=\"font-size: small\"><span style=\"font-family: Times New Roman\">Vine en companyia dels teus n\u00e9t\/as a elaborar i decorar les tradicionals galetes de nadal. Taller a c\u00e0rrec de Marcela Llorca de l&#8217;Associaci\u00f3 Gualer\u00f3. Rebrem la visita de Papa Noel.<\/span><\/span><\/span><span style=\"color: black\"><span style=\"font-size: small; font-family: Times New Roman\">\u00a0<\/span><\/span><\/span>\n<\/p>\n<p>\n<span style=\"font-size: small; font-family: Times New Roman\"><strong><span style=\"font-family: 'Times New Roman,Bold',sans-serif; color: black\"><span style=\"font-size: small\">19:00h FESTA DE NADAL<\/span><\/span><\/strong><\/span>\n<\/p>\n<p>\n<span style=\"font-size: small; font-family: Times New Roman\"><strong><\/strong><span style=\"color: black\"><span style=\"font-family: Times New Roman\"><span style=\"font-size: small\">Felicitaci\u00f3 Nadalenca i Nadales a c\u00e0rrec de la Coral <\/span><span><span style=\"font-size: small\">\u00a0<\/span><\/span><span style=\"font-size: small\">Nuevo Amanecer, Casa d&#8217;Andalusia, Rafael Alberti i recital de Jos\u00e9 Alberto Escolar amb guitarra d&#8217;acompanyament.<\/span><\/span><\/span><span style=\"color: black\"><span style=\"font-size: small; font-family: Times New Roman\">\u00a0<\/span><\/span><\/span>\n<\/p>\n<p>\n<span style=\"font-size: small; font-family: Times New Roman\"><strong><span style=\"font-family: 'Times New Roman,Bold',sans-serif; color: #c10000\"><span style=\"font-size: small\">Dijous 31 de desembre 2015<\/span><\/span><\/strong><\/span>\n<\/p>\n<p>\n<span style=\"font-size: small; font-family: Times New Roman\"><strong><\/strong><strong><span style=\"font-family: 'Times New Roman,Bold',sans-serif; color: black\"><span style=\"font-size: small\">FESTA CAP D&#8217;ANY<\/span><\/span><\/strong><\/span>\n<\/p>\n<p>\n<span style=\"font-size: small; font-family: Times New Roman\"><strong><\/strong><span style=\"color: black\"><span style=\"font-size: small\"><span style=\"font-family: Times New Roman\">A partir de les 21h, en el bar del Centre de Majors s&#8217;organitza el Sopar Cap d&#8217;any, el qual estar\u00e0 amenitzat amb m\u00fasica i ball a c\u00e0rrec de la Regidoria de Tercera Edat.<\/span><\/span><\/span><span style=\"color: black\"><span style=\"font-size: small; font-family: Times New Roman\">\u00a0<\/span><\/span><\/span>\n<\/p>\n<p>\n<span style=\"font-size: small; font-family: Times New Roman\"><strong><em><span style=\"font-family: 'Times New Roman,BoldItalic',sans-serif; color: black\"><span style=\"font-size: small\">Per a participar en els Tallers cal inscriure&#8217;s pr\u00e8viament.<\/span><\/span><\/em><\/strong><\/span>\n<\/p>\n<p>\n<span style=\"font-size: small; font-family: Times New Roman\"><strong><em><span style=\"font-family: 'Times New Roman,BoldItalic',sans-serif; color: black\"><span style=\"font-size: small\">\u00a0La <\/span><span style=\"font-size: small\">selecci\u00f3 es realitzar\u00e0 per ordre d&#8217;arribada.<\/span><\/span><\/em><\/strong><strong><span style=\"font-family: 'Times New Roman,Bold',sans-serif; color: black\"><span style=\"font-size: small\">\u00a0<\/span><\/span><\/strong><\/span>\n<\/p>\n<p>\n<span style=\"font-size: small; font-family: Times New Roman\"><strong><\/strong><strong><span style=\"font-family: 'Times New Roman,Bold',sans-serif; color: black\"><span style=\"font-size: small\">Inscripcions: <\/span><\/span><\/strong><span style=\"font-family: 'Times New Roman,Bold',sans-serif; color: black\"><span style=\"font-size: small\">Del 3 a l&#8217;11 de Desembre 2015 en el Centre de Majors situat en<\/span><strong><span style=\"font-size: small\"> <\/span><\/strong><\/span><span style=\"color: black\"><span style=\"font-size: small\"><span style=\"font-family: Times New Roman\">C\/ San Miguel de Tarazona N\u00ba16, Telf: 966010440<\/span><\/span><\/span><span style=\"color: black\"><span style=\"font-size: small; font-family: Times New Roman\">\u00a0<\/span><\/span><\/span>\n<\/p>\n<p>\n<span style=\"font-size: small; font-family: Times New Roman\"><strong><span style=\"font-family: 'Times New Roman,Bold',sans-serif; color: #c10000\"><span style=\"font-size: small\">ORGANITZA<\/span><\/span><\/strong><\/span>\n<\/p>\n<p>\n<span style=\"font-size: small; font-family: Times New Roman\"><strong><\/strong><strong><span style=\"font-family: 'Times New Roman,Bold',sans-serif; color: black\"><span style=\"font-size: small\">REGIDORIA TERCERA EDAT<\/span><\/span><\/strong><strong><span style=\"font-family: 'Times New Roman,Bold',sans-serif; color: #c10000\"><span style=\"font-size: small\">\u00a0<\/span><\/span><\/strong><\/span>\n<\/p>\n<p>\n<span style=\"font-size: small; font-family: Times New Roman\"><strong><\/strong><strong><span style=\"font-family: 'Times New Roman,Bold',sans-serif; color: #c10000\"><span style=\"font-size: small\">COL\u00b7LABOREN<\/span><\/span><\/strong><\/span>\n<\/p>\n<p>\n<span style=\"font-size: small; font-family: Times New Roman\"><strong><\/strong><strong><span style=\"font-family: 'Times New Roman,Bold',sans-serif; color: black\"><span style=\"font-size: small\">CORAL NUEVO AMANECER<\/span><\/span><\/strong><\/span>\n<\/p>\n<p>\n<span style=\"font-size: small; font-family: Times New Roman\"><strong><\/strong><strong><span style=\"font-family: 'Times New Roman,Bold',sans-serif; color: black\"><span style=\"font-size: small\">GRUP DE BALL DEL CENTRE DE MAJORS<\/span><\/span><\/strong><\/span>\n<\/p>\n<p style=\"margin: 0cm 0cm 0pt\" class=\"MsoNormal\">\n<img fetchpriority=\"high\" decoding=\"async\" class=\" size-full wp-image-28450\" src=\"https:\/\/www.santjoandalacant.es\/wp-content\/uploads\/2015\/12\/PIE_0.jpg\" width=\"500\" height=\"104\" srcset=\"https:\/\/www.santjoandalacant.es\/wp-content\/uploads\/2015\/12\/PIE_0.jpg 500w, https:\/\/www.santjoandalacant.es\/wp-content\/uploads\/2015\/12\/PIE_0-300x62.jpg 300w\" sizes=\"(max-width: 500px) 100vw, 500px\" \/><\/p>\n","protected":false},"excerpt":{"rendered":"<p><span style=\"font-size: small; font-family: Times New Roman\">\u00a0<\/span><span style=\"font-size: small\"><span style=\"font-family: Times New Roman\">La Regidoria de Tercera edat ha programat una s\u00e8rie d&#8217;activitats i tallers amb motiu de les festes nadalenques.<\/span><\/span><span style=\"font-size: small; font-family: Times New Roman\">\u00a0<\/span><span style=\"font-size: small\"><span style=\"font-family: Times New Roman\">Enguany els m\u00e9s majors podran gaudir d&#8217;una \u00e0mplia oferta d&#8217;activitats , del 14 al 31 de Desembre en el centre municipal, on poder anar calfant motors per a aquestes festes, contagiant-<\/p>\n","protected":false},"author":1,"featured_media":28448,"comment_status":"open","ping_status":"open","sticky":false,"template":"","format":"standard","meta":{"_acf_changed":false,"rs_blank_template":"","rs_page_bg_color":"","slide_template_v7":"","footnotes":""},"categories":[1],"tags":[],"areas":[1014],"class_list":["post-76544","post","type-post","status-publish","format-standard","has-post-thumbnail","hentry","category-sin-categorizar","areas-tercera-edad-ca"],"acf":[],"yoast_head":"<!-- This site is optimized with the Yoast SEO plugin v28.2 - https:\/\/yoast.com\/product\/yoast-seo-wordpress\/ -->\n<title>Programaci\u00f3 Activitats Nadalenques en el Centre de Majors - Sant Joan d&#039;Alacant<\/title>\n<meta name=\"robots\" content=\"index, follow, max-snippet:-1, max-image-preview:large, max-video-preview:-1\" \/>\n<link rel=\"canonical\" href=\"https:\/\/www.santjoandalacant.es\/ca\/programacio-activitats-nadalenques-en-el-centre-de-majors\/\" \/>\n<meta property=\"og:locale\" content=\"en_US\" \/>\n<meta property=\"og:type\" content=\"article\" \/>\n<meta property=\"og:title\" content=\"Programaci\u00f3 Activitats Nadalenques en el Centre de Majors - Sant Joan d&#039;Alacant\" \/>\n<meta property=\"og:description\" content=\"\u00a0La Regidoria de Tercera edat ha programat una s\u00e8rie d&#039;activitats i tallers amb motiu de les festes nadalenques.\u00a0Enguany els m\u00e9s majors podran gaudir d&#039;una \u00e0mplia oferta d&#039;activitats , del 14 al 31 de Desembre en el centre municipal, on poder anar calfant motors per a aquestes festes, contagiant-\" \/>\n<meta property=\"og:url\" content=\"https:\/\/www.santjoandalacant.es\/ca\/programacio-activitats-nadalenques-en-el-centre-de-majors\/\" \/>\n<meta property=\"og:site_name\" content=\"Sant Joan d&#039;Alacant\" \/>\n<meta property=\"article:publisher\" content=\"https:\/\/www.facebook.com\/santjoandalacant\/\" \/>\n<meta property=\"article:published_time\" content=\"2015-12-04T07:55:56+00:00\" \/>\n<meta property=\"og:image\" content=\"https:\/\/www.santjoandalacant.es\/wp-content\/uploads\/2017\/06\/FOTO_PORTADA_WEB-2_-_copia.jpg\" \/>\n\t<meta property=\"og:image:width\" content=\"885\" \/>\n\t<meta property=\"og:image:height\" content=\"979\" \/>\n\t<meta property=\"og:image:type\" content=\"image\/jpeg\" \/>\n<meta name=\"author\" content=\"6tems\" \/>\n<meta name=\"twitter:card\" content=\"summary_large_image\" \/>\n<meta name=\"twitter:label1\" content=\"Written by\" \/>\n\t<meta name=\"twitter:data1\" content=\"6tems\" \/>\n\t<meta name=\"twitter:label2\" content=\"Est. reading time\" \/>\n\t<meta name=\"twitter:data2\" content=\"4 minutes\" \/>\n<script type=\"application\/ld+json\" class=\"yoast-schema-graph\">{\"@context\":\"https:\\\/\\\/schema.org\",\"@graph\":[{\"@type\":\"Article\",\"@id\":\"https:\\\/\\\/www.santjoandalacant.es\\\/ca\\\/programacio-activitats-nadalenques-en-el-centre-de-majors\\\/#article\",\"isPartOf\":{\"@id\":\"https:\\\/\\\/www.santjoandalacant.es\\\/ca\\\/programacio-activitats-nadalenques-en-el-centre-de-majors\\\/\"},\"author\":{\"name\":\"6tems\",\"@id\":\"https:\\\/\\\/www.santjoandalacant.es\\\/ca\\\/#\\\/schema\\\/person\\\/74b89bc7b26e6edafb76cd69420cd790\"},\"headline\":\"Programaci\u00f3 Activitats Nadalenques en el Centre de Majors\",\"datePublished\":\"2015-12-04T07:55:56+00:00\",\"mainEntityOfPage\":{\"@id\":\"https:\\\/\\\/www.santjoandalacant.es\\\/ca\\\/programacio-activitats-nadalenques-en-el-centre-de-majors\\\/\"},\"wordCount\":807,\"commentCount\":0,\"publisher\":{\"@id\":\"https:\\\/\\\/www.santjoandalacant.es\\\/ca\\\/#organization\"},\"image\":{\"@id\":\"https:\\\/\\\/www.santjoandalacant.es\\\/ca\\\/programacio-activitats-nadalenques-en-el-centre-de-majors\\\/#primaryimage\"},\"thumbnailUrl\":\"https:\\\/\\\/www.santjoandalacant.es\\\/wp-content\\\/uploads\\\/2017\\\/06\\\/FOTO_PORTADA_WEB-2_-_copia.jpg\",\"articleSection\":[\"Sin categorizar\"],\"inLanguage\":\"va\",\"potentialAction\":[{\"@type\":\"CommentAction\",\"name\":\"Comment\",\"target\":[\"https:\\\/\\\/www.santjoandalacant.es\\\/ca\\\/programacio-activitats-nadalenques-en-el-centre-de-majors\\\/#respond\"]}]},{\"@type\":\"WebPage\",\"@id\":\"https:\\\/\\\/www.santjoandalacant.es\\\/ca\\\/programacio-activitats-nadalenques-en-el-centre-de-majors\\\/\",\"url\":\"https:\\\/\\\/www.santjoandalacant.es\\\/ca\\\/programacio-activitats-nadalenques-en-el-centre-de-majors\\\/\",\"name\":\"Programaci\u00f3 Activitats Nadalenques en el Centre de Majors - Sant Joan d&#039;Alacant\",\"isPartOf\":{\"@id\":\"https:\\\/\\\/www.santjoandalacant.es\\\/ca\\\/#website\"},\"primaryImageOfPage\":{\"@id\":\"https:\\\/\\\/www.santjoandalacant.es\\\/ca\\\/programacio-activitats-nadalenques-en-el-centre-de-majors\\\/#primaryimage\"},\"image\":{\"@id\":\"https:\\\/\\\/www.santjoandalacant.es\\\/ca\\\/programacio-activitats-nadalenques-en-el-centre-de-majors\\\/#primaryimage\"},\"thumbnailUrl\":\"https:\\\/\\\/www.santjoandalacant.es\\\/wp-content\\\/uploads\\\/2017\\\/06\\\/FOTO_PORTADA_WEB-2_-_copia.jpg\",\"datePublished\":\"2015-12-04T07:55:56+00:00\",\"breadcrumb\":{\"@id\":\"https:\\\/\\\/www.santjoandalacant.es\\\/ca\\\/programacio-activitats-nadalenques-en-el-centre-de-majors\\\/#breadcrumb\"},\"inLanguage\":\"va\",\"potentialAction\":[{\"@type\":\"ReadAction\",\"target\":[\"https:\\\/\\\/www.santjoandalacant.es\\\/ca\\\/programacio-activitats-nadalenques-en-el-centre-de-majors\\\/\"]}]},{\"@type\":\"ImageObject\",\"inLanguage\":\"va\",\"@id\":\"https:\\\/\\\/www.santjoandalacant.es\\\/ca\\\/programacio-activitats-nadalenques-en-el-centre-de-majors\\\/#primaryimage\",\"url\":\"https:\\\/\\\/www.santjoandalacant.es\\\/wp-content\\\/uploads\\\/2017\\\/06\\\/FOTO_PORTADA_WEB-2_-_copia.jpg\",\"contentUrl\":\"https:\\\/\\\/www.santjoandalacant.es\\\/wp-content\\\/uploads\\\/2017\\\/06\\\/FOTO_PORTADA_WEB-2_-_copia.jpg\",\"width\":885,\"height\":979},{\"@type\":\"BreadcrumbList\",\"@id\":\"https:\\\/\\\/www.santjoandalacant.es\\\/ca\\\/programacio-activitats-nadalenques-en-el-centre-de-majors\\\/#breadcrumb\",\"itemListElement\":[{\"@type\":\"ListItem\",\"position\":1,\"name\":\"Inicio\",\"item\":\"https:\\\/\\\/www.santjoandalacant.es\\\/ca\\\/\"},{\"@type\":\"ListItem\",\"position\":2,\"name\":\"Programaci\u00f3 Activitats Nadalenques en el Centre de Majors\"}]},{\"@type\":\"WebSite\",\"@id\":\"https:\\\/\\\/www.santjoandalacant.es\\\/ca\\\/#website\",\"url\":\"https:\\\/\\\/www.santjoandalacant.es\\\/ca\\\/\",\"name\":\"Sant Joan d'Alacant\",\"description\":\"\",\"publisher\":{\"@id\":\"https:\\\/\\\/www.santjoandalacant.es\\\/ca\\\/#organization\"},\"potentialAction\":[{\"@type\":\"SearchAction\",\"target\":{\"@type\":\"EntryPoint\",\"urlTemplate\":\"https:\\\/\\\/www.santjoandalacant.es\\\/ca\\\/?s={search_term_string}\"},\"query-input\":{\"@type\":\"PropertyValueSpecification\",\"valueRequired\":true,\"valueName\":\"search_term_string\"}}],\"inLanguage\":\"va\"},{\"@type\":\"Organization\",\"@id\":\"https:\\\/\\\/www.santjoandalacant.es\\\/ca\\\/#organization\",\"name\":\"Sant Joan d'Alacant\",\"url\":\"https:\\\/\\\/www.santjoandalacant.es\\\/ca\\\/\",\"logo\":{\"@type\":\"ImageObject\",\"inLanguage\":\"va\",\"@id\":\"https:\\\/\\\/www.santjoandalacant.es\\\/ca\\\/#\\\/schema\\\/logo\\\/image\\\/\",\"url\":\"https:\\\/\\\/www.santjoandalacant.es\\\/wp-content\\\/uploads\\\/2023\\\/08\\\/logoSJ.png\",\"contentUrl\":\"https:\\\/\\\/www.santjoandalacant.es\\\/wp-content\\\/uploads\\\/2023\\\/08\\\/logoSJ.png\",\"width\":198,\"height\":253,\"caption\":\"Sant Joan d'Alacant\"},\"image\":{\"@id\":\"https:\\\/\\\/www.santjoandalacant.es\\\/ca\\\/#\\\/schema\\\/logo\\\/image\\\/\"},\"sameAs\":[\"https:\\\/\\\/www.facebook.com\\\/santjoandalacant\\\/\",\"https:\\\/\\\/www.instagram.com\\\/santjoandalacant\\\/\",\"https:\\\/\\\/www.youtube.com\\\/user\\\/santjoandalacant\"]},{\"@type\":\"Person\",\"@id\":\"https:\\\/\\\/www.santjoandalacant.es\\\/ca\\\/#\\\/schema\\\/person\\\/74b89bc7b26e6edafb76cd69420cd790\",\"name\":\"6tems\",\"image\":{\"@type\":\"ImageObject\",\"inLanguage\":\"va\",\"@id\":\"https:\\\/\\\/secure.gravatar.com\\\/avatar\\\/1c939d9bf86da56568327e5d52b159d089efba17cde140c49884e3fe77ef9c66?s=96&d=mm&r=g\",\"url\":\"https:\\\/\\\/secure.gravatar.com\\\/avatar\\\/1c939d9bf86da56568327e5d52b159d089efba17cde140c49884e3fe77ef9c66?s=96&d=mm&r=g\",\"contentUrl\":\"https:\\\/\\\/secure.gravatar.com\\\/avatar\\\/1c939d9bf86da56568327e5d52b159d089efba17cde140c49884e3fe77ef9c66?s=96&d=mm&r=g\",\"caption\":\"6tems\"},\"sameAs\":[\"https:\\\/\\\/www.santjoandalacant.es\"],\"url\":\"https:\\\/\\\/www.santjoandalacant.es\\\/ca\\\/author\\\/adminasap\\\/\"}]}<\/script>\n<!-- \/ Yoast SEO plugin. -->","yoast_head_json":{"title":"Programaci\u00f3 Activitats Nadalenques en el Centre de Majors - Sant Joan d&#039;Alacant","robots":{"index":"index","follow":"follow","max-snippet":"max-snippet:-1","max-image-preview":"max-image-preview:large","max-video-preview":"max-video-preview:-1"},"canonical":"https:\/\/www.santjoandalacant.es\/ca\/programacio-activitats-nadalenques-en-el-centre-de-majors\/","og_locale":"en_US","og_type":"article","og_title":"Programaci\u00f3 Activitats Nadalenques en el Centre de Majors - Sant Joan d&#039;Alacant","og_description":"\u00a0La Regidoria de Tercera edat ha programat una s\u00e8rie d'activitats i tallers amb motiu de les festes nadalenques.\u00a0Enguany els m\u00e9s majors podran gaudir d'una \u00e0mplia oferta d'activitats , del 14 al 31 de Desembre en el centre municipal, on poder anar calfant motors per a aquestes festes, contagiant-","og_url":"https:\/\/www.santjoandalacant.es\/ca\/programacio-activitats-nadalenques-en-el-centre-de-majors\/","og_site_name":"Sant Joan d&#039;Alacant","article_publisher":"https:\/\/www.facebook.com\/santjoandalacant\/","article_published_time":"2015-12-04T07:55:56+00:00","og_image":[{"width":885,"height":979,"url":"https:\/\/www.santjoandalacant.es\/wp-content\/uploads\/2017\/06\/FOTO_PORTADA_WEB-2_-_copia.jpg","type":"image\/jpeg"}],"author":"6tems","twitter_card":"summary_large_image","twitter_misc":{"Written by":"6tems","Est. reading time":"4 minutes"},"schema":{"@context":"https:\/\/schema.org","@graph":[{"@type":"Article","@id":"https:\/\/www.santjoandalacant.es\/ca\/programacio-activitats-nadalenques-en-el-centre-de-majors\/#article","isPartOf":{"@id":"https:\/\/www.santjoandalacant.es\/ca\/programacio-activitats-nadalenques-en-el-centre-de-majors\/"},"author":{"name":"6tems","@id":"https:\/\/www.santjoandalacant.es\/ca\/#\/schema\/person\/74b89bc7b26e6edafb76cd69420cd790"},"headline":"Programaci\u00f3 Activitats Nadalenques en el Centre de Majors","datePublished":"2015-12-04T07:55:56+00:00","mainEntityOfPage":{"@id":"https:\/\/www.santjoandalacant.es\/ca\/programacio-activitats-nadalenques-en-el-centre-de-majors\/"},"wordCount":807,"commentCount":0,"publisher":{"@id":"https:\/\/www.santjoandalacant.es\/ca\/#organization"},"image":{"@id":"https:\/\/www.santjoandalacant.es\/ca\/programacio-activitats-nadalenques-en-el-centre-de-majors\/#primaryimage"},"thumbnailUrl":"https:\/\/www.santjoandalacant.es\/wp-content\/uploads\/2017\/06\/FOTO_PORTADA_WEB-2_-_copia.jpg","articleSection":["Sin categorizar"],"inLanguage":"va","potentialAction":[{"@type":"CommentAction","name":"Comment","target":["https:\/\/www.santjoandalacant.es\/ca\/programacio-activitats-nadalenques-en-el-centre-de-majors\/#respond"]}]},{"@type":"WebPage","@id":"https:\/\/www.santjoandalacant.es\/ca\/programacio-activitats-nadalenques-en-el-centre-de-majors\/","url":"https:\/\/www.santjoandalacant.es\/ca\/programacio-activitats-nadalenques-en-el-centre-de-majors\/","name":"Programaci\u00f3 Activitats Nadalenques en el Centre de Majors - Sant Joan d&#039;Alacant","isPartOf":{"@id":"https:\/\/www.santjoandalacant.es\/ca\/#website"},"primaryImageOfPage":{"@id":"https:\/\/www.santjoandalacant.es\/ca\/programacio-activitats-nadalenques-en-el-centre-de-majors\/#primaryimage"},"image":{"@id":"https:\/\/www.santjoandalacant.es\/ca\/programacio-activitats-nadalenques-en-el-centre-de-majors\/#primaryimage"},"thumbnailUrl":"https:\/\/www.santjoandalacant.es\/wp-content\/uploads\/2017\/06\/FOTO_PORTADA_WEB-2_-_copia.jpg","datePublished":"2015-12-04T07:55:56+00:00","breadcrumb":{"@id":"https:\/\/www.santjoandalacant.es\/ca\/programacio-activitats-nadalenques-en-el-centre-de-majors\/#breadcrumb"},"inLanguage":"va","potentialAction":[{"@type":"ReadAction","target":["https:\/\/www.santjoandalacant.es\/ca\/programacio-activitats-nadalenques-en-el-centre-de-majors\/"]}]},{"@type":"ImageObject","inLanguage":"va","@id":"https:\/\/www.santjoandalacant.es\/ca\/programacio-activitats-nadalenques-en-el-centre-de-majors\/#primaryimage","url":"https:\/\/www.santjoandalacant.es\/wp-content\/uploads\/2017\/06\/FOTO_PORTADA_WEB-2_-_copia.jpg","contentUrl":"https:\/\/www.santjoandalacant.es\/wp-content\/uploads\/2017\/06\/FOTO_PORTADA_WEB-2_-_copia.jpg","width":885,"height":979},{"@type":"BreadcrumbList","@id":"https:\/\/www.santjoandalacant.es\/ca\/programacio-activitats-nadalenques-en-el-centre-de-majors\/#breadcrumb","itemListElement":[{"@type":"ListItem","position":1,"name":"Inicio","item":"https:\/\/www.santjoandalacant.es\/ca\/"},{"@type":"ListItem","position":2,"name":"Programaci\u00f3 Activitats Nadalenques en el Centre de Majors"}]},{"@type":"WebSite","@id":"https:\/\/www.santjoandalacant.es\/ca\/#website","url":"https:\/\/www.santjoandalacant.es\/ca\/","name":"Sant Joan d'Alacant","description":"","publisher":{"@id":"https:\/\/www.santjoandalacant.es\/ca\/#organization"},"potentialAction":[{"@type":"SearchAction","target":{"@type":"EntryPoint","urlTemplate":"https:\/\/www.santjoandalacant.es\/ca\/?s={search_term_string}"},"query-input":{"@type":"PropertyValueSpecification","valueRequired":true,"valueName":"search_term_string"}}],"inLanguage":"va"},{"@type":"Organization","@id":"https:\/\/www.santjoandalacant.es\/ca\/#organization","name":"Sant Joan d'Alacant","url":"https:\/\/www.santjoandalacant.es\/ca\/","logo":{"@type":"ImageObject","inLanguage":"va","@id":"https:\/\/www.santjoandalacant.es\/ca\/#\/schema\/logo\/image\/","url":"https:\/\/www.santjoandalacant.es\/wp-content\/uploads\/2023\/08\/logoSJ.png","contentUrl":"https:\/\/www.santjoandalacant.es\/wp-content\/uploads\/2023\/08\/logoSJ.png","width":198,"height":253,"caption":"Sant Joan d'Alacant"},"image":{"@id":"https:\/\/www.santjoandalacant.es\/ca\/#\/schema\/logo\/image\/"},"sameAs":["https:\/\/www.facebook.com\/santjoandalacant\/","https:\/\/www.instagram.com\/santjoandalacant\/","https:\/\/www.youtube.com\/user\/santjoandalacant"]},{"@type":"Person","@id":"https:\/\/www.santjoandalacant.es\/ca\/#\/schema\/person\/74b89bc7b26e6edafb76cd69420cd790","name":"6tems","image":{"@type":"ImageObject","inLanguage":"va","@id":"https:\/\/secure.gravatar.com\/avatar\/1c939d9bf86da56568327e5d52b159d089efba17cde140c49884e3fe77ef9c66?s=96&d=mm&r=g","url":"https:\/\/secure.gravatar.com\/avatar\/1c939d9bf86da56568327e5d52b159d089efba17cde140c49884e3fe77ef9c66?s=96&d=mm&r=g","contentUrl":"https:\/\/secure.gravatar.com\/avatar\/1c939d9bf86da56568327e5d52b159d089efba17cde140c49884e3fe77ef9c66?s=96&d=mm&r=g","caption":"6tems"},"sameAs":["https:\/\/www.santjoandalacant.es"],"url":"https:\/\/www.santjoandalacant.es\/ca\/author\/adminasap\/"}]}},"_links":{"self":[{"href":"https:\/\/www.santjoandalacant.es\/ca\/wp-json\/wp\/v2\/posts\/76544","targetHints":{"allow":["GET"]}}],"collection":[{"href":"https:\/\/www.santjoandalacant.es\/ca\/wp-json\/wp\/v2\/posts"}],"about":[{"href":"https:\/\/www.santjoandalacant.es\/ca\/wp-json\/wp\/v2\/types\/post"}],"author":[{"embeddable":true,"href":"https:\/\/www.santjoandalacant.es\/ca\/wp-json\/wp\/v2\/users\/1"}],"replies":[{"embeddable":true,"href":"https:\/\/www.santjoandalacant.es\/ca\/wp-json\/wp\/v2\/comments?post=76544"}],"version-history":[{"count":0,"href":"https:\/\/www.santjoandalacant.es\/ca\/wp-json\/wp\/v2\/posts\/76544\/revisions"}],"wp:featuredmedia":[{"embeddable":true,"href":"https:\/\/www.santjoandalacant.es\/ca\/wp-json\/wp\/v2\/media\/28448"}],"wp:attachment":[{"href":"https:\/\/www.santjoandalacant.es\/ca\/wp-json\/wp\/v2\/media?parent=76544"}],"wp:term":[{"taxonomy":"category","embeddable":true,"href":"https:\/\/www.santjoandalacant.es\/ca\/wp-json\/wp\/v2\/categories?post=76544"},{"taxonomy":"post_tag","embeddable":true,"href":"https:\/\/www.santjoandalacant.es\/ca\/wp-json\/wp\/v2\/tags?post=76544"},{"taxonomy":"areas","embeddable":true,"href":"https:\/\/www.santjoandalacant.es\/ca\/wp-json\/wp\/v2\/areas?post=76544"}],"curies":[{"name":"wp","href":"https:\/\/api.w.org\/{rel}","templated":true}]}}