{"id":76546,"date":"2015-12-04T07:03:46","date_gmt":"2015-12-04T07:03:46","guid":{"rendered":"https:\/\/santjoan.developersasapglobalsolution.com\/la-sala-destudis-del-centre-cultural-amplia-el-seu-horari-als-dissabtes\/"},"modified":"2015-12-04T07:03:46","modified_gmt":"2015-12-04T07:03:46","slug":"la-sala-destudis-del-centre-cultural-amplia-el-seu-horari-als-dissabtes","status":"publish","type":"post","link":"https:\/\/www.santjoandalacant.es\/ca\/la-sala-destudis-del-centre-cultural-amplia-el-seu-horari-als-dissabtes\/","title":{"rendered":"La sala d&#8217;estudis del Centre Cultural amplia el seu horari als dissabtes"},"content":{"rendered":"<p>\nLa sala d&#8217;estudis del Centre Cultural de Sant Joan explica, des del passat dia 22 de novembre, amb un nou tram horari d&#8217;obertura al p\u00fablic. Aix\u00ed, l&#8217;horari s&#8217;amplia als dissabtes de les 09:00 hores a les 13:00 hores i de les 17:00 hores a les 20.00 hores. La resta de dies, de dilluns a divendres, la sala romandr\u00e0 oberta en el seu horari habitual de 08:30 hores a 22:00 hores ininterrompudament.\n<\/p>\n<p>\nAquesta ampliaci\u00f3 ha sigut possible gr\u00e0cies a la reestructuraci\u00f3 dels horaris del personal de l&#8217;Ajuntament. A m\u00e9s, la regidoria de Cultura ha anunciat que s&#8217;est\u00e0 estudiant la possibilitat de realitzar una altra ampliaci\u00f3, aix\u00ed com d&#8217;establir horaris especials en els per\u00edodes d&#8217;ex\u00e0mens.\n<\/p>\n<p>\nLa regidora de Cultura, Clara Rodr\u00edguez Montesinos (EU), ha manifestat que &quot;\u00e9s una prioritat poder oferir un servei ampli perqu\u00e8 els ve\u00efns puguen desenvolupar els seus estudis, dins d&#8217;uns objectius globals: fomentar l&#8217;educaci\u00f3 i aconseguir la igualtat d&#8217;oportunitats per a tots els ciutadans. I, especialment, en aquests moments en els quals s&#8217;ha ampliat la necessitat d&#8217;una major formaci\u00f3 davant l&#8217;escassetat d&#8217;oferta laboral&quot;\n<\/p>\n<p>\n<br \/>\n\u00a0<\/p>\n","protected":false},"excerpt":{"rendered":"<p>\nLa sala d&#8217;estudis del Centre Cultural de Sant Joan explica, des del passat dia 22 de novembre, amb un nou tram horari d&#8217;obertura al p\u00fablic. Aix\u00ed, l&#8217;horari s&#8217;amplia als dissabtes de les 09:00 hores a les 13:00 hores i de les 17:00 hores a les 20.00 hores. La resta de dies, de dilluns a divendres, la sala romandr\u00e0 oberta en el seu horari habitual de 08:30 hores a 22:00 hores ininterrompudament.<\/p>\n","protected":false},"author":1,"featured_media":28460,"comment_status":"open","ping_status":"open","sticky":false,"template":"","format":"standard","meta":{"_acf_changed":false,"rs_blank_template":"","rs_page_bg_color":"","slide_template_v7":"","footnotes":""},"categories":[1],"tags":[],"areas":[1019],"class_list":["post-76546","post","type-post","status-publish","format-standard","has-post-thumbnail","hentry","category-sin-categorizar","areas-cultura-ca"],"acf":[],"yoast_head":"<!-- This site is optimized with the Yoast SEO plugin v28.2 - https:\/\/yoast.com\/product\/yoast-seo-wordpress\/ -->\n<title>La sala d&#039;estudis del Centre Cultural amplia el seu horari als dissabtes - Sant Joan d&#039;Alacant<\/title>\n<meta name=\"robots\" content=\"index, follow, max-snippet:-1, max-image-preview:large, max-video-preview:-1\" \/>\n<link rel=\"canonical\" href=\"https:\/\/www.santjoandalacant.es\/ca\/la-sala-destudis-del-centre-cultural-amplia-el-seu-horari-als-dissabtes\/\" \/>\n<meta property=\"og:locale\" content=\"en_US\" \/>\n<meta property=\"og:type\" content=\"article\" \/>\n<meta property=\"og:title\" content=\"La sala d&#039;estudis del Centre Cultural amplia el seu horari als dissabtes - Sant Joan d&#039;Alacant\" \/>\n<meta property=\"og:description\" content=\"La sala d&#039;estudis del Centre Cultural de Sant Joan explica, des del passat dia 22 de novembre, amb un nou tram horari d&#039;obertura al p\u00fablic. Aix\u00ed, l&#039;horari s&#039;amplia als dissabtes de les 09:00 hores a les 13:00 hores i de les 17:00 hores a les 20.00 hores. La resta de dies, de dilluns a divendres, la sala romandr\u00e0 oberta en el seu horari habitual de 08:30 hores a 22:00 hores ininterrompudament.\" \/>\n<meta property=\"og:url\" content=\"https:\/\/www.santjoandalacant.es\/ca\/la-sala-destudis-del-centre-cultural-amplia-el-seu-horari-als-dissabtes\/\" \/>\n<meta property=\"og:site_name\" content=\"Sant Joan d&#039;Alacant\" \/>\n<meta property=\"article:publisher\" content=\"https:\/\/www.facebook.com\/santjoandalacant\/\" \/>\n<meta property=\"article:published_time\" content=\"2015-12-04T07:03:46+00:00\" \/>\n<meta property=\"og:image\" content=\"https:\/\/www.santjoandalacant.es\/wp-content\/uploads\/2017\/06\/estudios-scaled.jpg\" \/>\n\t<meta property=\"og:image:width\" content=\"2560\" \/>\n\t<meta property=\"og:image:height\" content=\"1095\" \/>\n\t<meta property=\"og:image:type\" content=\"image\/jpeg\" \/>\n<meta name=\"author\" content=\"6tems\" \/>\n<meta name=\"twitter:card\" content=\"summary_large_image\" \/>\n<meta name=\"twitter:label1\" content=\"Written by\" \/>\n\t<meta name=\"twitter:data1\" content=\"6tems\" \/>\n\t<meta name=\"twitter:label2\" content=\"Est. reading time\" \/>\n\t<meta name=\"twitter:data2\" content=\"1 minute\" \/>\n<script type=\"application\/ld+json\" class=\"yoast-schema-graph\">{\"@context\":\"https:\\\/\\\/schema.org\",\"@graph\":[{\"@type\":\"Article\",\"@id\":\"https:\\\/\\\/www.santjoandalacant.es\\\/ca\\\/la-sala-destudis-del-centre-cultural-amplia-el-seu-horari-als-dissabtes\\\/#article\",\"isPartOf\":{\"@id\":\"https:\\\/\\\/www.santjoandalacant.es\\\/ca\\\/la-sala-destudis-del-centre-cultural-amplia-el-seu-horari-als-dissabtes\\\/\"},\"author\":{\"name\":\"6tems\",\"@id\":\"https:\\\/\\\/www.santjoandalacant.es\\\/ca\\\/#\\\/schema\\\/person\\\/74b89bc7b26e6edafb76cd69420cd790\"},\"headline\":\"La sala d&#8217;estudis del Centre Cultural amplia el seu horari als dissabtes\",\"datePublished\":\"2015-12-04T07:03:46+00:00\",\"mainEntityOfPage\":{\"@id\":\"https:\\\/\\\/www.santjoandalacant.es\\\/ca\\\/la-sala-destudis-del-centre-cultural-amplia-el-seu-horari-als-dissabtes\\\/\"},\"wordCount\":205,\"commentCount\":0,\"publisher\":{\"@id\":\"https:\\\/\\\/www.santjoandalacant.es\\\/ca\\\/#organization\"},\"image\":{\"@id\":\"https:\\\/\\\/www.santjoandalacant.es\\\/ca\\\/la-sala-destudis-del-centre-cultural-amplia-el-seu-horari-als-dissabtes\\\/#primaryimage\"},\"thumbnailUrl\":\"https:\\\/\\\/www.santjoandalacant.es\\\/wp-content\\\/uploads\\\/2017\\\/06\\\/estudios-scaled.jpg\",\"articleSection\":[\"Sin categorizar\"],\"inLanguage\":\"va\",\"potentialAction\":[{\"@type\":\"CommentAction\",\"name\":\"Comment\",\"target\":[\"https:\\\/\\\/www.santjoandalacant.es\\\/ca\\\/la-sala-destudis-del-centre-cultural-amplia-el-seu-horari-als-dissabtes\\\/#respond\"]}]},{\"@type\":\"WebPage\",\"@id\":\"https:\\\/\\\/www.santjoandalacant.es\\\/ca\\\/la-sala-destudis-del-centre-cultural-amplia-el-seu-horari-als-dissabtes\\\/\",\"url\":\"https:\\\/\\\/www.santjoandalacant.es\\\/ca\\\/la-sala-destudis-del-centre-cultural-amplia-el-seu-horari-als-dissabtes\\\/\",\"name\":\"La sala d'estudis del Centre Cultural amplia el seu horari als dissabtes - Sant Joan d&#039;Alacant\",\"isPartOf\":{\"@id\":\"https:\\\/\\\/www.santjoandalacant.es\\\/ca\\\/#website\"},\"primaryImageOfPage\":{\"@id\":\"https:\\\/\\\/www.santjoandalacant.es\\\/ca\\\/la-sala-destudis-del-centre-cultural-amplia-el-seu-horari-als-dissabtes\\\/#primaryimage\"},\"image\":{\"@id\":\"https:\\\/\\\/www.santjoandalacant.es\\\/ca\\\/la-sala-destudis-del-centre-cultural-amplia-el-seu-horari-als-dissabtes\\\/#primaryimage\"},\"thumbnailUrl\":\"https:\\\/\\\/www.santjoandalacant.es\\\/wp-content\\\/uploads\\\/2017\\\/06\\\/estudios-scaled.jpg\",\"datePublished\":\"2015-12-04T07:03:46+00:00\",\"breadcrumb\":{\"@id\":\"https:\\\/\\\/www.santjoandalacant.es\\\/ca\\\/la-sala-destudis-del-centre-cultural-amplia-el-seu-horari-als-dissabtes\\\/#breadcrumb\"},\"inLanguage\":\"va\",\"potentialAction\":[{\"@type\":\"ReadAction\",\"target\":[\"https:\\\/\\\/www.santjoandalacant.es\\\/ca\\\/la-sala-destudis-del-centre-cultural-amplia-el-seu-horari-als-dissabtes\\\/\"]}]},{\"@type\":\"ImageObject\",\"inLanguage\":\"va\",\"@id\":\"https:\\\/\\\/www.santjoandalacant.es\\\/ca\\\/la-sala-destudis-del-centre-cultural-amplia-el-seu-horari-als-dissabtes\\\/#primaryimage\",\"url\":\"https:\\\/\\\/www.santjoandalacant.es\\\/wp-content\\\/uploads\\\/2017\\\/06\\\/estudios-scaled.jpg\",\"contentUrl\":\"https:\\\/\\\/www.santjoandalacant.es\\\/wp-content\\\/uploads\\\/2017\\\/06\\\/estudios-scaled.jpg\",\"width\":2560,\"height\":1095},{\"@type\":\"BreadcrumbList\",\"@id\":\"https:\\\/\\\/www.santjoandalacant.es\\\/ca\\\/la-sala-destudis-del-centre-cultural-amplia-el-seu-horari-als-dissabtes\\\/#breadcrumb\",\"itemListElement\":[{\"@type\":\"ListItem\",\"position\":1,\"name\":\"Inicio\",\"item\":\"https:\\\/\\\/www.santjoandalacant.es\\\/ca\\\/\"},{\"@type\":\"ListItem\",\"position\":2,\"name\":\"La sala d&#8217;estudis del Centre Cultural amplia el seu horari als dissabtes\"}]},{\"@type\":\"WebSite\",\"@id\":\"https:\\\/\\\/www.santjoandalacant.es\\\/ca\\\/#website\",\"url\":\"https:\\\/\\\/www.santjoandalacant.es\\\/ca\\\/\",\"name\":\"Sant Joan d'Alacant\",\"description\":\"\",\"publisher\":{\"@id\":\"https:\\\/\\\/www.santjoandalacant.es\\\/ca\\\/#organization\"},\"potentialAction\":[{\"@type\":\"SearchAction\",\"target\":{\"@type\":\"EntryPoint\",\"urlTemplate\":\"https:\\\/\\\/www.santjoandalacant.es\\\/ca\\\/?s={search_term_string}\"},\"query-input\":{\"@type\":\"PropertyValueSpecification\",\"valueRequired\":true,\"valueName\":\"search_term_string\"}}],\"inLanguage\":\"va\"},{\"@type\":\"Organization\",\"@id\":\"https:\\\/\\\/www.santjoandalacant.es\\\/ca\\\/#organization\",\"name\":\"Sant Joan d'Alacant\",\"url\":\"https:\\\/\\\/www.santjoandalacant.es\\\/ca\\\/\",\"logo\":{\"@type\":\"ImageObject\",\"inLanguage\":\"va\",\"@id\":\"https:\\\/\\\/www.santjoandalacant.es\\\/ca\\\/#\\\/schema\\\/logo\\\/image\\\/\",\"url\":\"https:\\\/\\\/www.santjoandalacant.es\\\/wp-content\\\/uploads\\\/2023\\\/08\\\/logoSJ.png\",\"contentUrl\":\"https:\\\/\\\/www.santjoandalacant.es\\\/wp-content\\\/uploads\\\/2023\\\/08\\\/logoSJ.png\",\"width\":198,\"height\":253,\"caption\":\"Sant Joan d'Alacant\"},\"image\":{\"@id\":\"https:\\\/\\\/www.santjoandalacant.es\\\/ca\\\/#\\\/schema\\\/logo\\\/image\\\/\"},\"sameAs\":[\"https:\\\/\\\/www.facebook.com\\\/santjoandalacant\\\/\",\"https:\\\/\\\/www.instagram.com\\\/santjoandalacant\\\/\",\"https:\\\/\\\/www.youtube.com\\\/user\\\/santjoandalacant\"]},{\"@type\":\"Person\",\"@id\":\"https:\\\/\\\/www.santjoandalacant.es\\\/ca\\\/#\\\/schema\\\/person\\\/74b89bc7b26e6edafb76cd69420cd790\",\"name\":\"6tems\",\"image\":{\"@type\":\"ImageObject\",\"inLanguage\":\"va\",\"@id\":\"https:\\\/\\\/secure.gravatar.com\\\/avatar\\\/1c939d9bf86da56568327e5d52b159d089efba17cde140c49884e3fe77ef9c66?s=96&d=mm&r=g\",\"url\":\"https:\\\/\\\/secure.gravatar.com\\\/avatar\\\/1c939d9bf86da56568327e5d52b159d089efba17cde140c49884e3fe77ef9c66?s=96&d=mm&r=g\",\"contentUrl\":\"https:\\\/\\\/secure.gravatar.com\\\/avatar\\\/1c939d9bf86da56568327e5d52b159d089efba17cde140c49884e3fe77ef9c66?s=96&d=mm&r=g\",\"caption\":\"6tems\"},\"sameAs\":[\"https:\\\/\\\/www.santjoandalacant.es\"],\"url\":\"https:\\\/\\\/www.santjoandalacant.es\\\/ca\\\/author\\\/adminasap\\\/\"}]}<\/script>\n<!-- \/ Yoast SEO plugin. -->","yoast_head_json":{"title":"La sala d'estudis del Centre Cultural amplia el seu horari als dissabtes - Sant Joan d&#039;Alacant","robots":{"index":"index","follow":"follow","max-snippet":"max-snippet:-1","max-image-preview":"max-image-preview:large","max-video-preview":"max-video-preview:-1"},"canonical":"https:\/\/www.santjoandalacant.es\/ca\/la-sala-destudis-del-centre-cultural-amplia-el-seu-horari-als-dissabtes\/","og_locale":"en_US","og_type":"article","og_title":"La sala d'estudis del Centre Cultural amplia el seu horari als dissabtes - Sant Joan d&#039;Alacant","og_description":"La sala d'estudis del Centre Cultural de Sant Joan explica, des del passat dia 22 de novembre, amb un nou tram horari d'obertura al p\u00fablic. Aix\u00ed, l'horari s'amplia als dissabtes de les 09:00 hores a les 13:00 hores i de les 17:00 hores a les 20.00 hores. La resta de dies, de dilluns a divendres, la sala romandr\u00e0 oberta en el seu horari habitual de 08:30 hores a 22:00 hores ininterrompudament.","og_url":"https:\/\/www.santjoandalacant.es\/ca\/la-sala-destudis-del-centre-cultural-amplia-el-seu-horari-als-dissabtes\/","og_site_name":"Sant Joan d&#039;Alacant","article_publisher":"https:\/\/www.facebook.com\/santjoandalacant\/","article_published_time":"2015-12-04T07:03:46+00:00","og_image":[{"width":2560,"height":1095,"url":"https:\/\/www.santjoandalacant.es\/wp-content\/uploads\/2017\/06\/estudios-scaled.jpg","type":"image\/jpeg"}],"author":"6tems","twitter_card":"summary_large_image","twitter_misc":{"Written by":"6tems","Est. reading time":"1 minute"},"schema":{"@context":"https:\/\/schema.org","@graph":[{"@type":"Article","@id":"https:\/\/www.santjoandalacant.es\/ca\/la-sala-destudis-del-centre-cultural-amplia-el-seu-horari-als-dissabtes\/#article","isPartOf":{"@id":"https:\/\/www.santjoandalacant.es\/ca\/la-sala-destudis-del-centre-cultural-amplia-el-seu-horari-als-dissabtes\/"},"author":{"name":"6tems","@id":"https:\/\/www.santjoandalacant.es\/ca\/#\/schema\/person\/74b89bc7b26e6edafb76cd69420cd790"},"headline":"La sala d&#8217;estudis del Centre Cultural amplia el seu horari als dissabtes","datePublished":"2015-12-04T07:03:46+00:00","mainEntityOfPage":{"@id":"https:\/\/www.santjoandalacant.es\/ca\/la-sala-destudis-del-centre-cultural-amplia-el-seu-horari-als-dissabtes\/"},"wordCount":205,"commentCount":0,"publisher":{"@id":"https:\/\/www.santjoandalacant.es\/ca\/#organization"},"image":{"@id":"https:\/\/www.santjoandalacant.es\/ca\/la-sala-destudis-del-centre-cultural-amplia-el-seu-horari-als-dissabtes\/#primaryimage"},"thumbnailUrl":"https:\/\/www.santjoandalacant.es\/wp-content\/uploads\/2017\/06\/estudios-scaled.jpg","articleSection":["Sin categorizar"],"inLanguage":"va","potentialAction":[{"@type":"CommentAction","name":"Comment","target":["https:\/\/www.santjoandalacant.es\/ca\/la-sala-destudis-del-centre-cultural-amplia-el-seu-horari-als-dissabtes\/#respond"]}]},{"@type":"WebPage","@id":"https:\/\/www.santjoandalacant.es\/ca\/la-sala-destudis-del-centre-cultural-amplia-el-seu-horari-als-dissabtes\/","url":"https:\/\/www.santjoandalacant.es\/ca\/la-sala-destudis-del-centre-cultural-amplia-el-seu-horari-als-dissabtes\/","name":"La sala d'estudis del Centre Cultural amplia el seu horari als dissabtes - Sant Joan d&#039;Alacant","isPartOf":{"@id":"https:\/\/www.santjoandalacant.es\/ca\/#website"},"primaryImageOfPage":{"@id":"https:\/\/www.santjoandalacant.es\/ca\/la-sala-destudis-del-centre-cultural-amplia-el-seu-horari-als-dissabtes\/#primaryimage"},"image":{"@id":"https:\/\/www.santjoandalacant.es\/ca\/la-sala-destudis-del-centre-cultural-amplia-el-seu-horari-als-dissabtes\/#primaryimage"},"thumbnailUrl":"https:\/\/www.santjoandalacant.es\/wp-content\/uploads\/2017\/06\/estudios-scaled.jpg","datePublished":"2015-12-04T07:03:46+00:00","breadcrumb":{"@id":"https:\/\/www.santjoandalacant.es\/ca\/la-sala-destudis-del-centre-cultural-amplia-el-seu-horari-als-dissabtes\/#breadcrumb"},"inLanguage":"va","potentialAction":[{"@type":"ReadAction","target":["https:\/\/www.santjoandalacant.es\/ca\/la-sala-destudis-del-centre-cultural-amplia-el-seu-horari-als-dissabtes\/"]}]},{"@type":"ImageObject","inLanguage":"va","@id":"https:\/\/www.santjoandalacant.es\/ca\/la-sala-destudis-del-centre-cultural-amplia-el-seu-horari-als-dissabtes\/#primaryimage","url":"https:\/\/www.santjoandalacant.es\/wp-content\/uploads\/2017\/06\/estudios-scaled.jpg","contentUrl":"https:\/\/www.santjoandalacant.es\/wp-content\/uploads\/2017\/06\/estudios-scaled.jpg","width":2560,"height":1095},{"@type":"BreadcrumbList","@id":"https:\/\/www.santjoandalacant.es\/ca\/la-sala-destudis-del-centre-cultural-amplia-el-seu-horari-als-dissabtes\/#breadcrumb","itemListElement":[{"@type":"ListItem","position":1,"name":"Inicio","item":"https:\/\/www.santjoandalacant.es\/ca\/"},{"@type":"ListItem","position":2,"name":"La sala d&#8217;estudis del Centre Cultural amplia el seu horari als dissabtes"}]},{"@type":"WebSite","@id":"https:\/\/www.santjoandalacant.es\/ca\/#website","url":"https:\/\/www.santjoandalacant.es\/ca\/","name":"Sant Joan d'Alacant","description":"","publisher":{"@id":"https:\/\/www.santjoandalacant.es\/ca\/#organization"},"potentialAction":[{"@type":"SearchAction","target":{"@type":"EntryPoint","urlTemplate":"https:\/\/www.santjoandalacant.es\/ca\/?s={search_term_string}"},"query-input":{"@type":"PropertyValueSpecification","valueRequired":true,"valueName":"search_term_string"}}],"inLanguage":"va"},{"@type":"Organization","@id":"https:\/\/www.santjoandalacant.es\/ca\/#organization","name":"Sant Joan d'Alacant","url":"https:\/\/www.santjoandalacant.es\/ca\/","logo":{"@type":"ImageObject","inLanguage":"va","@id":"https:\/\/www.santjoandalacant.es\/ca\/#\/schema\/logo\/image\/","url":"https:\/\/www.santjoandalacant.es\/wp-content\/uploads\/2023\/08\/logoSJ.png","contentUrl":"https:\/\/www.santjoandalacant.es\/wp-content\/uploads\/2023\/08\/logoSJ.png","width":198,"height":253,"caption":"Sant Joan d'Alacant"},"image":{"@id":"https:\/\/www.santjoandalacant.es\/ca\/#\/schema\/logo\/image\/"},"sameAs":["https:\/\/www.facebook.com\/santjoandalacant\/","https:\/\/www.instagram.com\/santjoandalacant\/","https:\/\/www.youtube.com\/user\/santjoandalacant"]},{"@type":"Person","@id":"https:\/\/www.santjoandalacant.es\/ca\/#\/schema\/person\/74b89bc7b26e6edafb76cd69420cd790","name":"6tems","image":{"@type":"ImageObject","inLanguage":"va","@id":"https:\/\/secure.gravatar.com\/avatar\/1c939d9bf86da56568327e5d52b159d089efba17cde140c49884e3fe77ef9c66?s=96&d=mm&r=g","url":"https:\/\/secure.gravatar.com\/avatar\/1c939d9bf86da56568327e5d52b159d089efba17cde140c49884e3fe77ef9c66?s=96&d=mm&r=g","contentUrl":"https:\/\/secure.gravatar.com\/avatar\/1c939d9bf86da56568327e5d52b159d089efba17cde140c49884e3fe77ef9c66?s=96&d=mm&r=g","caption":"6tems"},"sameAs":["https:\/\/www.santjoandalacant.es"],"url":"https:\/\/www.santjoandalacant.es\/ca\/author\/adminasap\/"}]}},"_links":{"self":[{"href":"https:\/\/www.santjoandalacant.es\/ca\/wp-json\/wp\/v2\/posts\/76546","targetHints":{"allow":["GET"]}}],"collection":[{"href":"https:\/\/www.santjoandalacant.es\/ca\/wp-json\/wp\/v2\/posts"}],"about":[{"href":"https:\/\/www.santjoandalacant.es\/ca\/wp-json\/wp\/v2\/types\/post"}],"author":[{"embeddable":true,"href":"https:\/\/www.santjoandalacant.es\/ca\/wp-json\/wp\/v2\/users\/1"}],"replies":[{"embeddable":true,"href":"https:\/\/www.santjoandalacant.es\/ca\/wp-json\/wp\/v2\/comments?post=76546"}],"version-history":[{"count":0,"href":"https:\/\/www.santjoandalacant.es\/ca\/wp-json\/wp\/v2\/posts\/76546\/revisions"}],"wp:featuredmedia":[{"embeddable":true,"href":"https:\/\/www.santjoandalacant.es\/ca\/wp-json\/wp\/v2\/media\/28460"}],"wp:attachment":[{"href":"https:\/\/www.santjoandalacant.es\/ca\/wp-json\/wp\/v2\/media?parent=76546"}],"wp:term":[{"taxonomy":"category","embeddable":true,"href":"https:\/\/www.santjoandalacant.es\/ca\/wp-json\/wp\/v2\/categories?post=76546"},{"taxonomy":"post_tag","embeddable":true,"href":"https:\/\/www.santjoandalacant.es\/ca\/wp-json\/wp\/v2\/tags?post=76546"},{"taxonomy":"areas","embeddable":true,"href":"https:\/\/www.santjoandalacant.es\/ca\/wp-json\/wp\/v2\/areas?post=76546"}],"curies":[{"name":"wp","href":"https:\/\/api.w.org\/{rel}","templated":true}]}}