{"id":76567,"date":"2015-11-25T08:08:35","date_gmt":"2015-11-25T08:08:35","guid":{"rendered":"https:\/\/santjoan.developersasapglobalsolution.com\/lliurament-de-premis-del-vi-concurs-fotografic-organitzat-per-la-junta-major-de-confraries\/"},"modified":"2015-11-25T08:08:35","modified_gmt":"2015-11-25T08:08:35","slug":"lliurament-de-premis-del-vi-concurs-fotografic-organitzat-per-la-junta-major-de-confraries","status":"publish","type":"post","link":"https:\/\/www.santjoandalacant.es\/ca\/lliurament-de-premis-del-vi-concurs-fotografic-organitzat-per-la-junta-major-de-confraries\/","title":{"rendered":"Lliurament de premis del VI Concurs Fotogr\u00e0fic organitzat per la Junta Major de Confraries"},"content":{"rendered":"<p>\nLa Junta Major de Confraries i Germanors de Setmana Santa de Sant Joan d&#8217;Alacant va lliurar divendres passat, 20 de novembre els premis del VI Concurs Fotogr\u00e0fic de la Setmana Santa, en un acte celebrat en la Casa de la Setmana Santa &#8216;Carmelo D\u00e1vila&#8217;, amb assist\u00e8ncia d&#8217;autoritats locals i c\u00e0rrecs festers, que van acudir al primer acte oficial que es realitzava en aquest edifici, inaugurat fa tan sols uns mesos, el passat mes de mar\u00e7. Entre els assistents tamb\u00e9 es trobava el nou rector de l&#8217;Esgl\u00e9sia de Sant Joan Baptista, Roque Carlos Jim\u00e9nez, que va assistir al seu primer acte p\u00fablic, de car\u00e0cter cultural, fora de la parr\u00f2quia.\n<\/p>\n<p>\n<br \/>\nD&#8217;aquesta manera, el Premi a la Millor Obra (dotat amb 100 euros, una cer\u00e0mica i un \u00e0lbum fotogr\u00e0fic digital professional) va ser per a la fotografia &#8216;Manumisi\u00f3n&#8217;, de Noem\u00ed Juan Soler, i l&#8217;Acc\u00e9sit al Millor Autor va ser para Antonio Sogorb Aragon\u00e9s per les fotografies &#8216;La Casa del meu Pare&#8217; i &#8216;Ell ens il\u00b7lumina&#8217;, guard\u00f3 dotat amb un \u00e0lbum fotogr\u00e0fic digital, concedit igual que l&#8217;\u00e0lbum professional per Foto Digital Discount, patrocinador del certamen.\n<\/p>\n<p>\n<br \/>\nEl jurat, compost pel fot\u00f2graf i vicepresident de l&#8217;Associaci\u00f3 d&#8217;Artistes Alacantins, Julio Escribano, el fot\u00f2graf i vicepresident de l&#8217;Associaci\u00f3 Fotoexcursiones Alacant, Fernando Mart\u00ednez, la regidora de Cultura, Clara Rodr\u00edguez i la secret\u00e0ria de la Junta Major, Rosa Navarro, va prendre aquesta decisi\u00f3 despr\u00e9s de valorar entre una vintena de fotografies presentades al certamen, celebrada durant la passada Setmana Santa. Precisament, en el transcurs de l&#8217;acte tamb\u00e9 va haver-hi un moment de record per a la passada Setmana Santa, en la qual es va produir el fet hist\u00f2ric que el tron del Sant Sopar d&#8217;Alacant processionara el Divendres Sant juntament amb la resta de Confraries de Sant Joan. Com a record i agra\u00efment d&#8217;aquell esdeveniment, el Capat\u00e0s del Tron, Ram\u00f3n Jos\u00e9 Quereda, va fer lliurament al president de la Junta Major, Jos\u00e9 Manuel Caturla, de la m\u00e0xima distinci\u00f3 que atorga la Germanor Sacramental, el Diploma d&#8217;Honor.\n<\/p>\n<p>\nEl quart tinent d&#8217;Alcaldia, Octavio Seva, el rector Roque Carlos Jim\u00e9nez, els components del jurat, Julio Escribano i Fernando Mart\u00ednez i el president de la Junta Major de Confraries, Jos\u00e9 Manuel Caturla, van anar els encarregats de lliurar els premis. A l&#8217;acte van acudir diversos components de la Corporaci\u00f3 Municipal, representants de les entitats festeres, aix\u00ed com c\u00e0rrecs de la Comissi\u00f3 de Festes del Crist de la Pau, la Foguera Pla\u00e7a Maisonnave, les Festes de Fabraquer i la Reina i Dames de la Tercera Edat. En la pr\u00f2xima Setmana Santa tornar\u00e0 a haver-hi concurs fotogr\u00e0fic, on la Junta Major espera superar les xifres de participaci\u00f3 de l&#8217;edici\u00f3 anterior.\n<\/p>\n<p>\n<br \/>\n\u00a0<\/p>\n","protected":false},"excerpt":{"rendered":"<p>\nLa Junta Major de Confraries i Germanors de Setmana Santa de Sant Joan d&#8217;Alacant va lliurar divendres passat, 20 de novembre els premis del VI Concurs Fotogr\u00e0fic de la Setmana Santa, en un acte celebrat en la Casa de la Setmana Santa &#8216;Carmelo D\u00e1vila&#8217;, amb assist\u00e8ncia d&#8217;autoritats locals i c\u00e0rrecs festers, que van acudir al primer acte oficial que es realitzava en aquest edifici, inaugurat fa tan sols uns mesos, el passat mes de mar\u00e7.<\/p>\n","protected":false},"author":1,"featured_media":28564,"comment_status":"open","ping_status":"open","sticky":false,"template":"","format":"standard","meta":{"_acf_changed":false,"rs_blank_template":"","rs_page_bg_color":"","slide_template_v7":"","footnotes":""},"categories":[1],"tags":[],"areas":[509],"class_list":["post-76567","post","type-post","status-publish","format-standard","has-post-thumbnail","hentry","category-sin-categorizar","areas-asociaciones"],"acf":[],"yoast_head":"<!-- This site is optimized with the Yoast SEO plugin v28.2 - https:\/\/yoast.com\/product\/yoast-seo-wordpress\/ -->\n<title>Lliurament de premis del VI Concurs Fotogr\u00e0fic organitzat per la Junta Major de Confraries - Sant Joan d&#039;Alacant<\/title>\n<meta name=\"robots\" content=\"index, follow, max-snippet:-1, max-image-preview:large, max-video-preview:-1\" \/>\n<link rel=\"canonical\" href=\"https:\/\/www.santjoandalacant.es\/ca\/lliurament-de-premis-del-vi-concurs-fotografic-organitzat-per-la-junta-major-de-confraries\/\" \/>\n<meta property=\"og:locale\" content=\"en_US\" \/>\n<meta property=\"og:type\" content=\"article\" \/>\n<meta property=\"og:title\" content=\"Lliurament de premis del VI Concurs Fotogr\u00e0fic organitzat per la Junta Major de Confraries - Sant Joan d&#039;Alacant\" \/>\n<meta property=\"og:description\" content=\"La Junta Major de Confraries i Germanors de Setmana Santa de Sant Joan d&#039;Alacant va lliurar divendres passat, 20 de novembre els premis del VI Concurs Fotogr\u00e0fic de la Setmana Santa, en un acte celebrat en la Casa de la Setmana Santa &#039;Carmelo D\u00e1vila&#039;, amb assist\u00e8ncia d&#039;autoritats locals i c\u00e0rrecs festers, que van acudir al primer acte oficial que es realitzava en aquest edifici, inaugurat fa tan sols uns mesos, el passat mes de mar\u00e7.\" \/>\n<meta property=\"og:url\" content=\"https:\/\/www.santjoandalacant.es\/ca\/lliurament-de-premis-del-vi-concurs-fotografic-organitzat-per-la-junta-major-de-confraries\/\" \/>\n<meta property=\"og:site_name\" content=\"Sant Joan d&#039;Alacant\" \/>\n<meta property=\"article:publisher\" content=\"https:\/\/www.facebook.com\/santjoandalacant\/\" \/>\n<meta property=\"article:published_time\" content=\"2015-11-25T08:08:35+00:00\" \/>\n<meta property=\"og:image\" content=\"https:\/\/www.santjoandalacant.es\/wp-content\/uploads\/2017\/06\/ENTREGA_PREMIOS_VI-2_-scaled.jpg\" \/>\n\t<meta property=\"og:image:width\" content=\"2560\" \/>\n\t<meta property=\"og:image:height\" content=\"1503\" \/>\n\t<meta property=\"og:image:type\" content=\"image\/jpeg\" \/>\n<meta name=\"author\" content=\"6tems\" \/>\n<meta name=\"twitter:card\" content=\"summary_large_image\" \/>\n<meta name=\"twitter:label1\" content=\"Written by\" \/>\n\t<meta name=\"twitter:data1\" content=\"6tems\" \/>\n\t<meta name=\"twitter:label2\" content=\"Est. reading time\" \/>\n\t<meta name=\"twitter:data2\" content=\"2 minutes\" \/>\n<script type=\"application\/ld+json\" class=\"yoast-schema-graph\">{\"@context\":\"https:\\\/\\\/schema.org\",\"@graph\":[{\"@type\":\"Article\",\"@id\":\"https:\\\/\\\/www.santjoandalacant.es\\\/ca\\\/lliurament-de-premis-del-vi-concurs-fotografic-organitzat-per-la-junta-major-de-confraries\\\/#article\",\"isPartOf\":{\"@id\":\"https:\\\/\\\/www.santjoandalacant.es\\\/ca\\\/lliurament-de-premis-del-vi-concurs-fotografic-organitzat-per-la-junta-major-de-confraries\\\/\"},\"author\":{\"name\":\"6tems\",\"@id\":\"https:\\\/\\\/www.santjoandalacant.es\\\/ca\\\/#\\\/schema\\\/person\\\/74b89bc7b26e6edafb76cd69420cd790\"},\"headline\":\"Lliurament de premis del VI Concurs Fotogr\u00e0fic organitzat per la Junta Major de Confraries\",\"datePublished\":\"2015-11-25T08:08:35+00:00\",\"mainEntityOfPage\":{\"@id\":\"https:\\\/\\\/www.santjoandalacant.es\\\/ca\\\/lliurament-de-premis-del-vi-concurs-fotografic-organitzat-per-la-junta-major-de-confraries\\\/\"},\"wordCount\":496,\"commentCount\":0,\"publisher\":{\"@id\":\"https:\\\/\\\/www.santjoandalacant.es\\\/ca\\\/#organization\"},\"image\":{\"@id\":\"https:\\\/\\\/www.santjoandalacant.es\\\/ca\\\/lliurament-de-premis-del-vi-concurs-fotografic-organitzat-per-la-junta-major-de-confraries\\\/#primaryimage\"},\"thumbnailUrl\":\"https:\\\/\\\/www.santjoandalacant.es\\\/wp-content\\\/uploads\\\/2017\\\/06\\\/ENTREGA_PREMIOS_VI-2_-scaled.jpg\",\"articleSection\":[\"Sin categorizar\"],\"inLanguage\":\"va\",\"potentialAction\":[{\"@type\":\"CommentAction\",\"name\":\"Comment\",\"target\":[\"https:\\\/\\\/www.santjoandalacant.es\\\/ca\\\/lliurament-de-premis-del-vi-concurs-fotografic-organitzat-per-la-junta-major-de-confraries\\\/#respond\"]}]},{\"@type\":\"WebPage\",\"@id\":\"https:\\\/\\\/www.santjoandalacant.es\\\/ca\\\/lliurament-de-premis-del-vi-concurs-fotografic-organitzat-per-la-junta-major-de-confraries\\\/\",\"url\":\"https:\\\/\\\/www.santjoandalacant.es\\\/ca\\\/lliurament-de-premis-del-vi-concurs-fotografic-organitzat-per-la-junta-major-de-confraries\\\/\",\"name\":\"Lliurament de premis del VI Concurs Fotogr\u00e0fic organitzat per la Junta Major de Confraries - Sant Joan d&#039;Alacant\",\"isPartOf\":{\"@id\":\"https:\\\/\\\/www.santjoandalacant.es\\\/ca\\\/#website\"},\"primaryImageOfPage\":{\"@id\":\"https:\\\/\\\/www.santjoandalacant.es\\\/ca\\\/lliurament-de-premis-del-vi-concurs-fotografic-organitzat-per-la-junta-major-de-confraries\\\/#primaryimage\"},\"image\":{\"@id\":\"https:\\\/\\\/www.santjoandalacant.es\\\/ca\\\/lliurament-de-premis-del-vi-concurs-fotografic-organitzat-per-la-junta-major-de-confraries\\\/#primaryimage\"},\"thumbnailUrl\":\"https:\\\/\\\/www.santjoandalacant.es\\\/wp-content\\\/uploads\\\/2017\\\/06\\\/ENTREGA_PREMIOS_VI-2_-scaled.jpg\",\"datePublished\":\"2015-11-25T08:08:35+00:00\",\"breadcrumb\":{\"@id\":\"https:\\\/\\\/www.santjoandalacant.es\\\/ca\\\/lliurament-de-premis-del-vi-concurs-fotografic-organitzat-per-la-junta-major-de-confraries\\\/#breadcrumb\"},\"inLanguage\":\"va\",\"potentialAction\":[{\"@type\":\"ReadAction\",\"target\":[\"https:\\\/\\\/www.santjoandalacant.es\\\/ca\\\/lliurament-de-premis-del-vi-concurs-fotografic-organitzat-per-la-junta-major-de-confraries\\\/\"]}]},{\"@type\":\"ImageObject\",\"inLanguage\":\"va\",\"@id\":\"https:\\\/\\\/www.santjoandalacant.es\\\/ca\\\/lliurament-de-premis-del-vi-concurs-fotografic-organitzat-per-la-junta-major-de-confraries\\\/#primaryimage\",\"url\":\"https:\\\/\\\/www.santjoandalacant.es\\\/wp-content\\\/uploads\\\/2017\\\/06\\\/ENTREGA_PREMIOS_VI-2_-scaled.jpg\",\"contentUrl\":\"https:\\\/\\\/www.santjoandalacant.es\\\/wp-content\\\/uploads\\\/2017\\\/06\\\/ENTREGA_PREMIOS_VI-2_-scaled.jpg\",\"width\":2560,\"height\":1503},{\"@type\":\"BreadcrumbList\",\"@id\":\"https:\\\/\\\/www.santjoandalacant.es\\\/ca\\\/lliurament-de-premis-del-vi-concurs-fotografic-organitzat-per-la-junta-major-de-confraries\\\/#breadcrumb\",\"itemListElement\":[{\"@type\":\"ListItem\",\"position\":1,\"name\":\"Inicio\",\"item\":\"https:\\\/\\\/www.santjoandalacant.es\\\/ca\\\/\"},{\"@type\":\"ListItem\",\"position\":2,\"name\":\"Lliurament de premis del VI Concurs Fotogr\u00e0fic organitzat per la Junta Major de Confraries\"}]},{\"@type\":\"WebSite\",\"@id\":\"https:\\\/\\\/www.santjoandalacant.es\\\/ca\\\/#website\",\"url\":\"https:\\\/\\\/www.santjoandalacant.es\\\/ca\\\/\",\"name\":\"Sant Joan d'Alacant\",\"description\":\"\",\"publisher\":{\"@id\":\"https:\\\/\\\/www.santjoandalacant.es\\\/ca\\\/#organization\"},\"potentialAction\":[{\"@type\":\"SearchAction\",\"target\":{\"@type\":\"EntryPoint\",\"urlTemplate\":\"https:\\\/\\\/www.santjoandalacant.es\\\/ca\\\/?s={search_term_string}\"},\"query-input\":{\"@type\":\"PropertyValueSpecification\",\"valueRequired\":true,\"valueName\":\"search_term_string\"}}],\"inLanguage\":\"va\"},{\"@type\":\"Organization\",\"@id\":\"https:\\\/\\\/www.santjoandalacant.es\\\/ca\\\/#organization\",\"name\":\"Sant Joan d'Alacant\",\"url\":\"https:\\\/\\\/www.santjoandalacant.es\\\/ca\\\/\",\"logo\":{\"@type\":\"ImageObject\",\"inLanguage\":\"va\",\"@id\":\"https:\\\/\\\/www.santjoandalacant.es\\\/ca\\\/#\\\/schema\\\/logo\\\/image\\\/\",\"url\":\"https:\\\/\\\/www.santjoandalacant.es\\\/wp-content\\\/uploads\\\/2023\\\/08\\\/logoSJ.png\",\"contentUrl\":\"https:\\\/\\\/www.santjoandalacant.es\\\/wp-content\\\/uploads\\\/2023\\\/08\\\/logoSJ.png\",\"width\":198,\"height\":253,\"caption\":\"Sant Joan d'Alacant\"},\"image\":{\"@id\":\"https:\\\/\\\/www.santjoandalacant.es\\\/ca\\\/#\\\/schema\\\/logo\\\/image\\\/\"},\"sameAs\":[\"https:\\\/\\\/www.facebook.com\\\/santjoandalacant\\\/\",\"https:\\\/\\\/www.instagram.com\\\/santjoandalacant\\\/\",\"https:\\\/\\\/www.youtube.com\\\/user\\\/santjoandalacant\"]},{\"@type\":\"Person\",\"@id\":\"https:\\\/\\\/www.santjoandalacant.es\\\/ca\\\/#\\\/schema\\\/person\\\/74b89bc7b26e6edafb76cd69420cd790\",\"name\":\"6tems\",\"image\":{\"@type\":\"ImageObject\",\"inLanguage\":\"va\",\"@id\":\"https:\\\/\\\/secure.gravatar.com\\\/avatar\\\/1c939d9bf86da56568327e5d52b159d089efba17cde140c49884e3fe77ef9c66?s=96&d=mm&r=g\",\"url\":\"https:\\\/\\\/secure.gravatar.com\\\/avatar\\\/1c939d9bf86da56568327e5d52b159d089efba17cde140c49884e3fe77ef9c66?s=96&d=mm&r=g\",\"contentUrl\":\"https:\\\/\\\/secure.gravatar.com\\\/avatar\\\/1c939d9bf86da56568327e5d52b159d089efba17cde140c49884e3fe77ef9c66?s=96&d=mm&r=g\",\"caption\":\"6tems\"},\"sameAs\":[\"https:\\\/\\\/www.santjoandalacant.es\"],\"url\":\"https:\\\/\\\/www.santjoandalacant.es\\\/ca\\\/author\\\/adminasap\\\/\"}]}<\/script>\n<!-- \/ Yoast SEO plugin. -->","yoast_head_json":{"title":"Lliurament de premis del VI Concurs Fotogr\u00e0fic organitzat per la Junta Major de Confraries - Sant Joan d&#039;Alacant","robots":{"index":"index","follow":"follow","max-snippet":"max-snippet:-1","max-image-preview":"max-image-preview:large","max-video-preview":"max-video-preview:-1"},"canonical":"https:\/\/www.santjoandalacant.es\/ca\/lliurament-de-premis-del-vi-concurs-fotografic-organitzat-per-la-junta-major-de-confraries\/","og_locale":"en_US","og_type":"article","og_title":"Lliurament de premis del VI Concurs Fotogr\u00e0fic organitzat per la Junta Major de Confraries - Sant Joan d&#039;Alacant","og_description":"La Junta Major de Confraries i Germanors de Setmana Santa de Sant Joan d'Alacant va lliurar divendres passat, 20 de novembre els premis del VI Concurs Fotogr\u00e0fic de la Setmana Santa, en un acte celebrat en la Casa de la Setmana Santa 'Carmelo D\u00e1vila', amb assist\u00e8ncia d'autoritats locals i c\u00e0rrecs festers, que van acudir al primer acte oficial que es realitzava en aquest edifici, inaugurat fa tan sols uns mesos, el passat mes de mar\u00e7.","og_url":"https:\/\/www.santjoandalacant.es\/ca\/lliurament-de-premis-del-vi-concurs-fotografic-organitzat-per-la-junta-major-de-confraries\/","og_site_name":"Sant Joan d&#039;Alacant","article_publisher":"https:\/\/www.facebook.com\/santjoandalacant\/","article_published_time":"2015-11-25T08:08:35+00:00","og_image":[{"width":2560,"height":1503,"url":"https:\/\/www.santjoandalacant.es\/wp-content\/uploads\/2017\/06\/ENTREGA_PREMIOS_VI-2_-scaled.jpg","type":"image\/jpeg"}],"author":"6tems","twitter_card":"summary_large_image","twitter_misc":{"Written by":"6tems","Est. reading time":"2 minutes"},"schema":{"@context":"https:\/\/schema.org","@graph":[{"@type":"Article","@id":"https:\/\/www.santjoandalacant.es\/ca\/lliurament-de-premis-del-vi-concurs-fotografic-organitzat-per-la-junta-major-de-confraries\/#article","isPartOf":{"@id":"https:\/\/www.santjoandalacant.es\/ca\/lliurament-de-premis-del-vi-concurs-fotografic-organitzat-per-la-junta-major-de-confraries\/"},"author":{"name":"6tems","@id":"https:\/\/www.santjoandalacant.es\/ca\/#\/schema\/person\/74b89bc7b26e6edafb76cd69420cd790"},"headline":"Lliurament de premis del VI Concurs Fotogr\u00e0fic organitzat per la Junta Major de Confraries","datePublished":"2015-11-25T08:08:35+00:00","mainEntityOfPage":{"@id":"https:\/\/www.santjoandalacant.es\/ca\/lliurament-de-premis-del-vi-concurs-fotografic-organitzat-per-la-junta-major-de-confraries\/"},"wordCount":496,"commentCount":0,"publisher":{"@id":"https:\/\/www.santjoandalacant.es\/ca\/#organization"},"image":{"@id":"https:\/\/www.santjoandalacant.es\/ca\/lliurament-de-premis-del-vi-concurs-fotografic-organitzat-per-la-junta-major-de-confraries\/#primaryimage"},"thumbnailUrl":"https:\/\/www.santjoandalacant.es\/wp-content\/uploads\/2017\/06\/ENTREGA_PREMIOS_VI-2_-scaled.jpg","articleSection":["Sin categorizar"],"inLanguage":"va","potentialAction":[{"@type":"CommentAction","name":"Comment","target":["https:\/\/www.santjoandalacant.es\/ca\/lliurament-de-premis-del-vi-concurs-fotografic-organitzat-per-la-junta-major-de-confraries\/#respond"]}]},{"@type":"WebPage","@id":"https:\/\/www.santjoandalacant.es\/ca\/lliurament-de-premis-del-vi-concurs-fotografic-organitzat-per-la-junta-major-de-confraries\/","url":"https:\/\/www.santjoandalacant.es\/ca\/lliurament-de-premis-del-vi-concurs-fotografic-organitzat-per-la-junta-major-de-confraries\/","name":"Lliurament de premis del VI Concurs Fotogr\u00e0fic organitzat per la Junta Major de Confraries - Sant Joan d&#039;Alacant","isPartOf":{"@id":"https:\/\/www.santjoandalacant.es\/ca\/#website"},"primaryImageOfPage":{"@id":"https:\/\/www.santjoandalacant.es\/ca\/lliurament-de-premis-del-vi-concurs-fotografic-organitzat-per-la-junta-major-de-confraries\/#primaryimage"},"image":{"@id":"https:\/\/www.santjoandalacant.es\/ca\/lliurament-de-premis-del-vi-concurs-fotografic-organitzat-per-la-junta-major-de-confraries\/#primaryimage"},"thumbnailUrl":"https:\/\/www.santjoandalacant.es\/wp-content\/uploads\/2017\/06\/ENTREGA_PREMIOS_VI-2_-scaled.jpg","datePublished":"2015-11-25T08:08:35+00:00","breadcrumb":{"@id":"https:\/\/www.santjoandalacant.es\/ca\/lliurament-de-premis-del-vi-concurs-fotografic-organitzat-per-la-junta-major-de-confraries\/#breadcrumb"},"inLanguage":"va","potentialAction":[{"@type":"ReadAction","target":["https:\/\/www.santjoandalacant.es\/ca\/lliurament-de-premis-del-vi-concurs-fotografic-organitzat-per-la-junta-major-de-confraries\/"]}]},{"@type":"ImageObject","inLanguage":"va","@id":"https:\/\/www.santjoandalacant.es\/ca\/lliurament-de-premis-del-vi-concurs-fotografic-organitzat-per-la-junta-major-de-confraries\/#primaryimage","url":"https:\/\/www.santjoandalacant.es\/wp-content\/uploads\/2017\/06\/ENTREGA_PREMIOS_VI-2_-scaled.jpg","contentUrl":"https:\/\/www.santjoandalacant.es\/wp-content\/uploads\/2017\/06\/ENTREGA_PREMIOS_VI-2_-scaled.jpg","width":2560,"height":1503},{"@type":"BreadcrumbList","@id":"https:\/\/www.santjoandalacant.es\/ca\/lliurament-de-premis-del-vi-concurs-fotografic-organitzat-per-la-junta-major-de-confraries\/#breadcrumb","itemListElement":[{"@type":"ListItem","position":1,"name":"Inicio","item":"https:\/\/www.santjoandalacant.es\/ca\/"},{"@type":"ListItem","position":2,"name":"Lliurament de premis del VI Concurs Fotogr\u00e0fic organitzat per la Junta Major de Confraries"}]},{"@type":"WebSite","@id":"https:\/\/www.santjoandalacant.es\/ca\/#website","url":"https:\/\/www.santjoandalacant.es\/ca\/","name":"Sant Joan d'Alacant","description":"","publisher":{"@id":"https:\/\/www.santjoandalacant.es\/ca\/#organization"},"potentialAction":[{"@type":"SearchAction","target":{"@type":"EntryPoint","urlTemplate":"https:\/\/www.santjoandalacant.es\/ca\/?s={search_term_string}"},"query-input":{"@type":"PropertyValueSpecification","valueRequired":true,"valueName":"search_term_string"}}],"inLanguage":"va"},{"@type":"Organization","@id":"https:\/\/www.santjoandalacant.es\/ca\/#organization","name":"Sant Joan d'Alacant","url":"https:\/\/www.santjoandalacant.es\/ca\/","logo":{"@type":"ImageObject","inLanguage":"va","@id":"https:\/\/www.santjoandalacant.es\/ca\/#\/schema\/logo\/image\/","url":"https:\/\/www.santjoandalacant.es\/wp-content\/uploads\/2023\/08\/logoSJ.png","contentUrl":"https:\/\/www.santjoandalacant.es\/wp-content\/uploads\/2023\/08\/logoSJ.png","width":198,"height":253,"caption":"Sant Joan d'Alacant"},"image":{"@id":"https:\/\/www.santjoandalacant.es\/ca\/#\/schema\/logo\/image\/"},"sameAs":["https:\/\/www.facebook.com\/santjoandalacant\/","https:\/\/www.instagram.com\/santjoandalacant\/","https:\/\/www.youtube.com\/user\/santjoandalacant"]},{"@type":"Person","@id":"https:\/\/www.santjoandalacant.es\/ca\/#\/schema\/person\/74b89bc7b26e6edafb76cd69420cd790","name":"6tems","image":{"@type":"ImageObject","inLanguage":"va","@id":"https:\/\/secure.gravatar.com\/avatar\/1c939d9bf86da56568327e5d52b159d089efba17cde140c49884e3fe77ef9c66?s=96&d=mm&r=g","url":"https:\/\/secure.gravatar.com\/avatar\/1c939d9bf86da56568327e5d52b159d089efba17cde140c49884e3fe77ef9c66?s=96&d=mm&r=g","contentUrl":"https:\/\/secure.gravatar.com\/avatar\/1c939d9bf86da56568327e5d52b159d089efba17cde140c49884e3fe77ef9c66?s=96&d=mm&r=g","caption":"6tems"},"sameAs":["https:\/\/www.santjoandalacant.es"],"url":"https:\/\/www.santjoandalacant.es\/ca\/author\/adminasap\/"}]}},"_links":{"self":[{"href":"https:\/\/www.santjoandalacant.es\/ca\/wp-json\/wp\/v2\/posts\/76567","targetHints":{"allow":["GET"]}}],"collection":[{"href":"https:\/\/www.santjoandalacant.es\/ca\/wp-json\/wp\/v2\/posts"}],"about":[{"href":"https:\/\/www.santjoandalacant.es\/ca\/wp-json\/wp\/v2\/types\/post"}],"author":[{"embeddable":true,"href":"https:\/\/www.santjoandalacant.es\/ca\/wp-json\/wp\/v2\/users\/1"}],"replies":[{"embeddable":true,"href":"https:\/\/www.santjoandalacant.es\/ca\/wp-json\/wp\/v2\/comments?post=76567"}],"version-history":[{"count":0,"href":"https:\/\/www.santjoandalacant.es\/ca\/wp-json\/wp\/v2\/posts\/76567\/revisions"}],"wp:featuredmedia":[{"embeddable":true,"href":"https:\/\/www.santjoandalacant.es\/ca\/wp-json\/wp\/v2\/media\/28564"}],"wp:attachment":[{"href":"https:\/\/www.santjoandalacant.es\/ca\/wp-json\/wp\/v2\/media?parent=76567"}],"wp:term":[{"taxonomy":"category","embeddable":true,"href":"https:\/\/www.santjoandalacant.es\/ca\/wp-json\/wp\/v2\/categories?post=76567"},{"taxonomy":"post_tag","embeddable":true,"href":"https:\/\/www.santjoandalacant.es\/ca\/wp-json\/wp\/v2\/tags?post=76567"},{"taxonomy":"areas","embeddable":true,"href":"https:\/\/www.santjoandalacant.es\/ca\/wp-json\/wp\/v2\/areas?post=76567"}],"curies":[{"name":"wp","href":"https:\/\/api.w.org\/{rel}","templated":true}]}}