{"id":76640,"date":"2015-10-28T08:50:28","date_gmt":"2015-10-28T08:50:28","guid":{"rendered":"https:\/\/santjoan.developersasapglobalsolution.com\/exit-de-lobra-el-xiquet-que-va-eixir-dun-forat-negre\/"},"modified":"2015-10-28T08:50:28","modified_gmt":"2015-10-28T08:50:28","slug":"exit-de-lobra-el-xiquet-que-va-eixir-dun-forat-negre","status":"publish","type":"post","link":"https:\/\/www.santjoandalacant.es\/ca\/exit-de-lobra-el-xiquet-que-va-eixir-dun-forat-negre\/","title":{"rendered":"\u00c8xit de l&#8217;obra &#8220;El xiquet que va eixir d&#8217;un forat negre&#8221;"},"content":{"rendered":"<p><span style=\"font-size: 12px\">Despr\u00e9s de l&#8217;\u00e8xit de l&#8217;estrena de l&#8217;obra, el passat 18 de setembre, que va ocupar les 500 localitats de l&#8217;Auditori de la Casa de Cultura, la companyia F\u00e0brica de Paraules, en col\u00b7laboraci\u00f3 amb la regidoria de Cultura, va tornar a oferir representacions als col\u00b7legis santjoaners amb la finalitat de facilitar algunes claus de comprensi\u00f3 als xiquets sobre l&#8217;univers de la bogeria, una patologia que segueix sent una gran desconeguda i que genera gran estigma en les persones que la pateixen. Es tracta d&#8217;un projecte art\u00edstic i de sensibilitzaci\u00f3 social que, a trav\u00e9s del teatre i les titelles, persegueix l&#8217;objectiu d&#8217;aportar noves mirades sobre la malaltia mental als m\u00e9s xicotets.<\/span><\/p>\n<p><span style=\"font-size: 12px\">El Xiquet que va eixir d&#8217;un forat negre, es va representar els passats dies 20 i 21 d&#8217;octubre en la Casa de Cultura de Sant Joan per als alumnes del municipi, en concret, els col\u00b7legis El Romero, Rajoletes, Crist de la Pau i Carmelites van acudir a les sessions escolars matinals.<\/span><\/p>\n<p><span style=\"font-size: 12px\">La producci\u00f3, ha sigut dirigida per Alberto Celdr\u00e1n, fundador i director de la companyia Bojos pel teatre on treballa amb actors amb Malaltia Mental i actors socialment compromesos amb el col\u00b7lectiu. Aix\u00ed mateix es troba finan\u00e7ada per l&#8217;Obra Social La Caixa i compta amb la col\u00b7laboraci\u00f3 de l&#8217;Excma. Diputaci\u00f3 d&#8217;Alacant \u2013 Centre Doctor Esquerdo i l&#8217;Excm. Ajuntament de Sant Joan d&#8217;Alacant.<\/span><\/p>\n<p><span style=\"font-size: 12px\">A m\u00e9s, el projecte segueix creixent amb la realitzaci\u00f3 d&#8217;un documental cinematogr\u00e0fic que s&#8217;estrenar\u00e0 pr\u00f2ximament i l&#8217;engegada d&#8217;una exposici\u00f3 col\u00b7lectiva que veur\u00e0 la llum en 2016.<\/span><\/p>\n<p><span style=\"font-size: 12px\">La regidora de Cultura i Participaci\u00f3 Ciutadana, Clara Rodr\u00edguez, ha posat en relleu la gran labor social que F\u00e0brica de Paraules realitza en el municipi per a visibilizar la malaltia mental i treballar els prejudicis en els xiquets, per la qual cosa ha manifestat que seguiran col\u00b7laborant activament perqu\u00e8 el projecte seguisca desenvolupant-se. D&#8217;altra banda, tamb\u00e9 ha volgut remarcar la import\u00e0ncia d&#8217;establir relacions de cooperaci\u00f3, conviv\u00e8ncia i participaci\u00f3 amb els usuaris del Centre de Dia Doctor Esquerdo, que no deixen de ser ve\u00efns i ve\u00efnes del municipi.<\/span><\/p>\n<p><span style=\"font-size: 12px\">Fotografia adjunta: Jos\u00e9 Luis Villar Director d&#8217;\u00e0rea del Centre Dr. Esquerdo, *Ofelia Villaescusa Cap del Centre de Dia, Morela Gim\u00e9nez actriu, Alberto Celdr\u00e1n director i actor i Clara Rodr\u00edguez Regidora de Cultura de Sant Joan d&#8217;Alacant.<\/span><\/p>\n","protected":false},"excerpt":{"rendered":"<p><span style=\"font-size: 12px\">Despr\u00e9s de l&#8217;\u00e8xit de l&#8217;estrena de l&#8217;obra, el passat 18 de setembre, que va ocupar les 500 localitats de l&#8217;Auditori de la Casa de Cultura, la companyia F\u00e0brica de Paraules, en col\u00b7laboraci\u00f3 amb la regidoria de Cultura, va tornar a oferir representacions als col\u00b7legis santjoaners amb la finalitat de facilitar algunes claus de comprensi\u00f3 als xiquets sobre l&#8217;univers de la bogeria, una patologia que segueix sent una gran desconeguda i que genera gran estigma en les persones que la pateixen.<\/p>\n","protected":false},"author":1,"featured_media":28791,"comment_status":"open","ping_status":"open","sticky":false,"template":"","format":"standard","meta":{"_acf_changed":false,"rs_blank_template":"","rs_page_bg_color":"","slide_template_v7":"","footnotes":""},"categories":[1],"tags":[],"areas":[1019],"class_list":["post-76640","post","type-post","status-publish","format-standard","has-post-thumbnail","hentry","category-sin-categorizar","areas-cultura-ca"],"acf":[],"yoast_head":"<!-- This site is optimized with the Yoast SEO plugin v28.2 - https:\/\/yoast.com\/product\/yoast-seo-wordpress\/ -->\n<title>\u00c8xit de l&#039;obra &quot;El xiquet que va eixir d&#039;un forat negre&quot; - Sant Joan d&#039;Alacant<\/title>\n<meta name=\"robots\" content=\"index, follow, max-snippet:-1, max-image-preview:large, max-video-preview:-1\" \/>\n<link rel=\"canonical\" href=\"https:\/\/www.santjoandalacant.es\/ca\/exit-de-lobra-el-xiquet-que-va-eixir-dun-forat-negre\/\" \/>\n<meta property=\"og:locale\" content=\"en_US\" \/>\n<meta property=\"og:type\" content=\"article\" \/>\n<meta property=\"og:title\" content=\"\u00c8xit de l&#039;obra &quot;El xiquet que va eixir d&#039;un forat negre&quot; - Sant Joan d&#039;Alacant\" \/>\n<meta property=\"og:description\" content=\"Despr\u00e9s de l&#039;\u00e8xit de l&#039;estrena de l&#039;obra, el passat 18 de setembre, que va ocupar les 500 localitats de l&#039;Auditori de la Casa de Cultura, la companyia F\u00e0brica de Paraules, en col\u00b7laboraci\u00f3 amb la regidoria de Cultura, va tornar a oferir representacions als col\u00b7legis santjoaners amb la finalitat de facilitar algunes claus de comprensi\u00f3 als xiquets sobre l&#039;univers de la bogeria, una patologia que segueix sent una gran desconeguda i que genera gran estigma en les persones que la pateixen.\" \/>\n<meta property=\"og:url\" content=\"https:\/\/www.santjoandalacant.es\/ca\/exit-de-lobra-el-xiquet-que-va-eixir-dun-forat-negre\/\" \/>\n<meta property=\"og:site_name\" content=\"Sant Joan d&#039;Alacant\" \/>\n<meta property=\"article:publisher\" content=\"https:\/\/www.facebook.com\/santjoandalacant\/\" \/>\n<meta property=\"article:published_time\" content=\"2015-10-28T08:50:28+00:00\" \/>\n<meta property=\"og:image\" content=\"https:\/\/www.santjoandalacant.es\/wp-content\/uploads\/2017\/06\/autoridades_0.JPG\" \/>\n\t<meta property=\"og:image:width\" content=\"833\" \/>\n\t<meta property=\"og:image:height\" content=\"555\" \/>\n\t<meta property=\"og:image:type\" content=\"image\/jpeg\" \/>\n<meta name=\"author\" content=\"6tems\" \/>\n<meta name=\"twitter:card\" content=\"summary_large_image\" \/>\n<meta name=\"twitter:label1\" content=\"Written by\" \/>\n\t<meta name=\"twitter:data1\" content=\"6tems\" \/>\n\t<meta name=\"twitter:label2\" content=\"Est. reading time\" \/>\n\t<meta name=\"twitter:data2\" content=\"2 minutes\" \/>\n<script type=\"application\/ld+json\" class=\"yoast-schema-graph\">{\"@context\":\"https:\\\/\\\/schema.org\",\"@graph\":[{\"@type\":\"Article\",\"@id\":\"https:\\\/\\\/www.santjoandalacant.es\\\/ca\\\/exit-de-lobra-el-xiquet-que-va-eixir-dun-forat-negre\\\/#article\",\"isPartOf\":{\"@id\":\"https:\\\/\\\/www.santjoandalacant.es\\\/ca\\\/exit-de-lobra-el-xiquet-que-va-eixir-dun-forat-negre\\\/\"},\"author\":{\"name\":\"6tems\",\"@id\":\"https:\\\/\\\/www.santjoandalacant.es\\\/ca\\\/#\\\/schema\\\/person\\\/74b89bc7b26e6edafb76cd69420cd790\"},\"headline\":\"\u00c8xit de l&#8217;obra &#8220;El xiquet que va eixir d&#8217;un forat negre&#8221;\",\"datePublished\":\"2015-10-28T08:50:28+00:00\",\"mainEntityOfPage\":{\"@id\":\"https:\\\/\\\/www.santjoandalacant.es\\\/ca\\\/exit-de-lobra-el-xiquet-que-va-eixir-dun-forat-negre\\\/\"},\"wordCount\":426,\"commentCount\":0,\"publisher\":{\"@id\":\"https:\\\/\\\/www.santjoandalacant.es\\\/ca\\\/#organization\"},\"image\":{\"@id\":\"https:\\\/\\\/www.santjoandalacant.es\\\/ca\\\/exit-de-lobra-el-xiquet-que-va-eixir-dun-forat-negre\\\/#primaryimage\"},\"thumbnailUrl\":\"https:\\\/\\\/www.santjoandalacant.es\\\/wp-content\\\/uploads\\\/2017\\\/06\\\/autoridades_0.JPG\",\"articleSection\":[\"Sin categorizar\"],\"inLanguage\":\"va\",\"potentialAction\":[{\"@type\":\"CommentAction\",\"name\":\"Comment\",\"target\":[\"https:\\\/\\\/www.santjoandalacant.es\\\/ca\\\/exit-de-lobra-el-xiquet-que-va-eixir-dun-forat-negre\\\/#respond\"]}]},{\"@type\":\"WebPage\",\"@id\":\"https:\\\/\\\/www.santjoandalacant.es\\\/ca\\\/exit-de-lobra-el-xiquet-que-va-eixir-dun-forat-negre\\\/\",\"url\":\"https:\\\/\\\/www.santjoandalacant.es\\\/ca\\\/exit-de-lobra-el-xiquet-que-va-eixir-dun-forat-negre\\\/\",\"name\":\"\u00c8xit de l'obra \\\"El xiquet que va eixir d'un forat negre\\\" - Sant Joan d&#039;Alacant\",\"isPartOf\":{\"@id\":\"https:\\\/\\\/www.santjoandalacant.es\\\/ca\\\/#website\"},\"primaryImageOfPage\":{\"@id\":\"https:\\\/\\\/www.santjoandalacant.es\\\/ca\\\/exit-de-lobra-el-xiquet-que-va-eixir-dun-forat-negre\\\/#primaryimage\"},\"image\":{\"@id\":\"https:\\\/\\\/www.santjoandalacant.es\\\/ca\\\/exit-de-lobra-el-xiquet-que-va-eixir-dun-forat-negre\\\/#primaryimage\"},\"thumbnailUrl\":\"https:\\\/\\\/www.santjoandalacant.es\\\/wp-content\\\/uploads\\\/2017\\\/06\\\/autoridades_0.JPG\",\"datePublished\":\"2015-10-28T08:50:28+00:00\",\"breadcrumb\":{\"@id\":\"https:\\\/\\\/www.santjoandalacant.es\\\/ca\\\/exit-de-lobra-el-xiquet-que-va-eixir-dun-forat-negre\\\/#breadcrumb\"},\"inLanguage\":\"va\",\"potentialAction\":[{\"@type\":\"ReadAction\",\"target\":[\"https:\\\/\\\/www.santjoandalacant.es\\\/ca\\\/exit-de-lobra-el-xiquet-que-va-eixir-dun-forat-negre\\\/\"]}]},{\"@type\":\"ImageObject\",\"inLanguage\":\"va\",\"@id\":\"https:\\\/\\\/www.santjoandalacant.es\\\/ca\\\/exit-de-lobra-el-xiquet-que-va-eixir-dun-forat-negre\\\/#primaryimage\",\"url\":\"https:\\\/\\\/www.santjoandalacant.es\\\/wp-content\\\/uploads\\\/2017\\\/06\\\/autoridades_0.JPG\",\"contentUrl\":\"https:\\\/\\\/www.santjoandalacant.es\\\/wp-content\\\/uploads\\\/2017\\\/06\\\/autoridades_0.JPG\",\"width\":833,\"height\":555},{\"@type\":\"BreadcrumbList\",\"@id\":\"https:\\\/\\\/www.santjoandalacant.es\\\/ca\\\/exit-de-lobra-el-xiquet-que-va-eixir-dun-forat-negre\\\/#breadcrumb\",\"itemListElement\":[{\"@type\":\"ListItem\",\"position\":1,\"name\":\"Inicio\",\"item\":\"https:\\\/\\\/www.santjoandalacant.es\\\/ca\\\/\"},{\"@type\":\"ListItem\",\"position\":2,\"name\":\"\u00c8xit de l&#8217;obra &#8220;El xiquet que va eixir d&#8217;un forat negre&#8221;\"}]},{\"@type\":\"WebSite\",\"@id\":\"https:\\\/\\\/www.santjoandalacant.es\\\/ca\\\/#website\",\"url\":\"https:\\\/\\\/www.santjoandalacant.es\\\/ca\\\/\",\"name\":\"Sant Joan d'Alacant\",\"description\":\"\",\"publisher\":{\"@id\":\"https:\\\/\\\/www.santjoandalacant.es\\\/ca\\\/#organization\"},\"potentialAction\":[{\"@type\":\"SearchAction\",\"target\":{\"@type\":\"EntryPoint\",\"urlTemplate\":\"https:\\\/\\\/www.santjoandalacant.es\\\/ca\\\/?s={search_term_string}\"},\"query-input\":{\"@type\":\"PropertyValueSpecification\",\"valueRequired\":true,\"valueName\":\"search_term_string\"}}],\"inLanguage\":\"va\"},{\"@type\":\"Organization\",\"@id\":\"https:\\\/\\\/www.santjoandalacant.es\\\/ca\\\/#organization\",\"name\":\"Sant Joan d'Alacant\",\"url\":\"https:\\\/\\\/www.santjoandalacant.es\\\/ca\\\/\",\"logo\":{\"@type\":\"ImageObject\",\"inLanguage\":\"va\",\"@id\":\"https:\\\/\\\/www.santjoandalacant.es\\\/ca\\\/#\\\/schema\\\/logo\\\/image\\\/\",\"url\":\"https:\\\/\\\/www.santjoandalacant.es\\\/wp-content\\\/uploads\\\/2023\\\/08\\\/logoSJ.png\",\"contentUrl\":\"https:\\\/\\\/www.santjoandalacant.es\\\/wp-content\\\/uploads\\\/2023\\\/08\\\/logoSJ.png\",\"width\":198,\"height\":253,\"caption\":\"Sant Joan d'Alacant\"},\"image\":{\"@id\":\"https:\\\/\\\/www.santjoandalacant.es\\\/ca\\\/#\\\/schema\\\/logo\\\/image\\\/\"},\"sameAs\":[\"https:\\\/\\\/www.facebook.com\\\/santjoandalacant\\\/\",\"https:\\\/\\\/www.instagram.com\\\/santjoandalacant\\\/\",\"https:\\\/\\\/www.youtube.com\\\/user\\\/santjoandalacant\"]},{\"@type\":\"Person\",\"@id\":\"https:\\\/\\\/www.santjoandalacant.es\\\/ca\\\/#\\\/schema\\\/person\\\/74b89bc7b26e6edafb76cd69420cd790\",\"name\":\"6tems\",\"image\":{\"@type\":\"ImageObject\",\"inLanguage\":\"va\",\"@id\":\"https:\\\/\\\/secure.gravatar.com\\\/avatar\\\/1c939d9bf86da56568327e5d52b159d089efba17cde140c49884e3fe77ef9c66?s=96&d=mm&r=g\",\"url\":\"https:\\\/\\\/secure.gravatar.com\\\/avatar\\\/1c939d9bf86da56568327e5d52b159d089efba17cde140c49884e3fe77ef9c66?s=96&d=mm&r=g\",\"contentUrl\":\"https:\\\/\\\/secure.gravatar.com\\\/avatar\\\/1c939d9bf86da56568327e5d52b159d089efba17cde140c49884e3fe77ef9c66?s=96&d=mm&r=g\",\"caption\":\"6tems\"},\"sameAs\":[\"https:\\\/\\\/www.santjoandalacant.es\"],\"url\":\"https:\\\/\\\/www.santjoandalacant.es\\\/ca\\\/author\\\/adminasap\\\/\"}]}<\/script>\n<!-- \/ Yoast SEO plugin. -->","yoast_head_json":{"title":"\u00c8xit de l'obra \"El xiquet que va eixir d'un forat negre\" - Sant Joan d&#039;Alacant","robots":{"index":"index","follow":"follow","max-snippet":"max-snippet:-1","max-image-preview":"max-image-preview:large","max-video-preview":"max-video-preview:-1"},"canonical":"https:\/\/www.santjoandalacant.es\/ca\/exit-de-lobra-el-xiquet-que-va-eixir-dun-forat-negre\/","og_locale":"en_US","og_type":"article","og_title":"\u00c8xit de l'obra \"El xiquet que va eixir d'un forat negre\" - Sant Joan d&#039;Alacant","og_description":"Despr\u00e9s de l'\u00e8xit de l'estrena de l'obra, el passat 18 de setembre, que va ocupar les 500 localitats de l'Auditori de la Casa de Cultura, la companyia F\u00e0brica de Paraules, en col\u00b7laboraci\u00f3 amb la regidoria de Cultura, va tornar a oferir representacions als col\u00b7legis santjoaners amb la finalitat de facilitar algunes claus de comprensi\u00f3 als xiquets sobre l'univers de la bogeria, una patologia que segueix sent una gran desconeguda i que genera gran estigma en les persones que la pateixen.","og_url":"https:\/\/www.santjoandalacant.es\/ca\/exit-de-lobra-el-xiquet-que-va-eixir-dun-forat-negre\/","og_site_name":"Sant Joan d&#039;Alacant","article_publisher":"https:\/\/www.facebook.com\/santjoandalacant\/","article_published_time":"2015-10-28T08:50:28+00:00","og_image":[{"width":833,"height":555,"url":"https:\/\/www.santjoandalacant.es\/wp-content\/uploads\/2017\/06\/autoridades_0.JPG","type":"image\/jpeg"}],"author":"6tems","twitter_card":"summary_large_image","twitter_misc":{"Written by":"6tems","Est. reading time":"2 minutes"},"schema":{"@context":"https:\/\/schema.org","@graph":[{"@type":"Article","@id":"https:\/\/www.santjoandalacant.es\/ca\/exit-de-lobra-el-xiquet-que-va-eixir-dun-forat-negre\/#article","isPartOf":{"@id":"https:\/\/www.santjoandalacant.es\/ca\/exit-de-lobra-el-xiquet-que-va-eixir-dun-forat-negre\/"},"author":{"name":"6tems","@id":"https:\/\/www.santjoandalacant.es\/ca\/#\/schema\/person\/74b89bc7b26e6edafb76cd69420cd790"},"headline":"\u00c8xit de l&#8217;obra &#8220;El xiquet que va eixir d&#8217;un forat negre&#8221;","datePublished":"2015-10-28T08:50:28+00:00","mainEntityOfPage":{"@id":"https:\/\/www.santjoandalacant.es\/ca\/exit-de-lobra-el-xiquet-que-va-eixir-dun-forat-negre\/"},"wordCount":426,"commentCount":0,"publisher":{"@id":"https:\/\/www.santjoandalacant.es\/ca\/#organization"},"image":{"@id":"https:\/\/www.santjoandalacant.es\/ca\/exit-de-lobra-el-xiquet-que-va-eixir-dun-forat-negre\/#primaryimage"},"thumbnailUrl":"https:\/\/www.santjoandalacant.es\/wp-content\/uploads\/2017\/06\/autoridades_0.JPG","articleSection":["Sin categorizar"],"inLanguage":"va","potentialAction":[{"@type":"CommentAction","name":"Comment","target":["https:\/\/www.santjoandalacant.es\/ca\/exit-de-lobra-el-xiquet-que-va-eixir-dun-forat-negre\/#respond"]}]},{"@type":"WebPage","@id":"https:\/\/www.santjoandalacant.es\/ca\/exit-de-lobra-el-xiquet-que-va-eixir-dun-forat-negre\/","url":"https:\/\/www.santjoandalacant.es\/ca\/exit-de-lobra-el-xiquet-que-va-eixir-dun-forat-negre\/","name":"\u00c8xit de l'obra \"El xiquet que va eixir d'un forat negre\" - Sant Joan d&#039;Alacant","isPartOf":{"@id":"https:\/\/www.santjoandalacant.es\/ca\/#website"},"primaryImageOfPage":{"@id":"https:\/\/www.santjoandalacant.es\/ca\/exit-de-lobra-el-xiquet-que-va-eixir-dun-forat-negre\/#primaryimage"},"image":{"@id":"https:\/\/www.santjoandalacant.es\/ca\/exit-de-lobra-el-xiquet-que-va-eixir-dun-forat-negre\/#primaryimage"},"thumbnailUrl":"https:\/\/www.santjoandalacant.es\/wp-content\/uploads\/2017\/06\/autoridades_0.JPG","datePublished":"2015-10-28T08:50:28+00:00","breadcrumb":{"@id":"https:\/\/www.santjoandalacant.es\/ca\/exit-de-lobra-el-xiquet-que-va-eixir-dun-forat-negre\/#breadcrumb"},"inLanguage":"va","potentialAction":[{"@type":"ReadAction","target":["https:\/\/www.santjoandalacant.es\/ca\/exit-de-lobra-el-xiquet-que-va-eixir-dun-forat-negre\/"]}]},{"@type":"ImageObject","inLanguage":"va","@id":"https:\/\/www.santjoandalacant.es\/ca\/exit-de-lobra-el-xiquet-que-va-eixir-dun-forat-negre\/#primaryimage","url":"https:\/\/www.santjoandalacant.es\/wp-content\/uploads\/2017\/06\/autoridades_0.JPG","contentUrl":"https:\/\/www.santjoandalacant.es\/wp-content\/uploads\/2017\/06\/autoridades_0.JPG","width":833,"height":555},{"@type":"BreadcrumbList","@id":"https:\/\/www.santjoandalacant.es\/ca\/exit-de-lobra-el-xiquet-que-va-eixir-dun-forat-negre\/#breadcrumb","itemListElement":[{"@type":"ListItem","position":1,"name":"Inicio","item":"https:\/\/www.santjoandalacant.es\/ca\/"},{"@type":"ListItem","position":2,"name":"\u00c8xit de l&#8217;obra &#8220;El xiquet que va eixir d&#8217;un forat negre&#8221;"}]},{"@type":"WebSite","@id":"https:\/\/www.santjoandalacant.es\/ca\/#website","url":"https:\/\/www.santjoandalacant.es\/ca\/","name":"Sant Joan d'Alacant","description":"","publisher":{"@id":"https:\/\/www.santjoandalacant.es\/ca\/#organization"},"potentialAction":[{"@type":"SearchAction","target":{"@type":"EntryPoint","urlTemplate":"https:\/\/www.santjoandalacant.es\/ca\/?s={search_term_string}"},"query-input":{"@type":"PropertyValueSpecification","valueRequired":true,"valueName":"search_term_string"}}],"inLanguage":"va"},{"@type":"Organization","@id":"https:\/\/www.santjoandalacant.es\/ca\/#organization","name":"Sant Joan d'Alacant","url":"https:\/\/www.santjoandalacant.es\/ca\/","logo":{"@type":"ImageObject","inLanguage":"va","@id":"https:\/\/www.santjoandalacant.es\/ca\/#\/schema\/logo\/image\/","url":"https:\/\/www.santjoandalacant.es\/wp-content\/uploads\/2023\/08\/logoSJ.png","contentUrl":"https:\/\/www.santjoandalacant.es\/wp-content\/uploads\/2023\/08\/logoSJ.png","width":198,"height":253,"caption":"Sant Joan d'Alacant"},"image":{"@id":"https:\/\/www.santjoandalacant.es\/ca\/#\/schema\/logo\/image\/"},"sameAs":["https:\/\/www.facebook.com\/santjoandalacant\/","https:\/\/www.instagram.com\/santjoandalacant\/","https:\/\/www.youtube.com\/user\/santjoandalacant"]},{"@type":"Person","@id":"https:\/\/www.santjoandalacant.es\/ca\/#\/schema\/person\/74b89bc7b26e6edafb76cd69420cd790","name":"6tems","image":{"@type":"ImageObject","inLanguage":"va","@id":"https:\/\/secure.gravatar.com\/avatar\/1c939d9bf86da56568327e5d52b159d089efba17cde140c49884e3fe77ef9c66?s=96&d=mm&r=g","url":"https:\/\/secure.gravatar.com\/avatar\/1c939d9bf86da56568327e5d52b159d089efba17cde140c49884e3fe77ef9c66?s=96&d=mm&r=g","contentUrl":"https:\/\/secure.gravatar.com\/avatar\/1c939d9bf86da56568327e5d52b159d089efba17cde140c49884e3fe77ef9c66?s=96&d=mm&r=g","caption":"6tems"},"sameAs":["https:\/\/www.santjoandalacant.es"],"url":"https:\/\/www.santjoandalacant.es\/ca\/author\/adminasap\/"}]}},"_links":{"self":[{"href":"https:\/\/www.santjoandalacant.es\/ca\/wp-json\/wp\/v2\/posts\/76640","targetHints":{"allow":["GET"]}}],"collection":[{"href":"https:\/\/www.santjoandalacant.es\/ca\/wp-json\/wp\/v2\/posts"}],"about":[{"href":"https:\/\/www.santjoandalacant.es\/ca\/wp-json\/wp\/v2\/types\/post"}],"author":[{"embeddable":true,"href":"https:\/\/www.santjoandalacant.es\/ca\/wp-json\/wp\/v2\/users\/1"}],"replies":[{"embeddable":true,"href":"https:\/\/www.santjoandalacant.es\/ca\/wp-json\/wp\/v2\/comments?post=76640"}],"version-history":[{"count":0,"href":"https:\/\/www.santjoandalacant.es\/ca\/wp-json\/wp\/v2\/posts\/76640\/revisions"}],"wp:featuredmedia":[{"embeddable":true,"href":"https:\/\/www.santjoandalacant.es\/ca\/wp-json\/wp\/v2\/media\/28791"}],"wp:attachment":[{"href":"https:\/\/www.santjoandalacant.es\/ca\/wp-json\/wp\/v2\/media?parent=76640"}],"wp:term":[{"taxonomy":"category","embeddable":true,"href":"https:\/\/www.santjoandalacant.es\/ca\/wp-json\/wp\/v2\/categories?post=76640"},{"taxonomy":"post_tag","embeddable":true,"href":"https:\/\/www.santjoandalacant.es\/ca\/wp-json\/wp\/v2\/tags?post=76640"},{"taxonomy":"areas","embeddable":true,"href":"https:\/\/www.santjoandalacant.es\/ca\/wp-json\/wp\/v2\/areas?post=76640"}],"curies":[{"name":"wp","href":"https:\/\/api.w.org\/{rel}","templated":true}]}}