{"id":76731,"date":"2015-09-21T10:56:01","date_gmt":"2015-09-21T10:56:01","guid":{"rendered":"https:\/\/santjoan.developersasapglobalsolution.com\/inici-de-les-classes-de-formacio-de-persones-adultes\/"},"modified":"2015-09-21T10:56:01","modified_gmt":"2015-09-21T10:56:01","slug":"inici-de-les-classes-de-formacio-de-persones-adultes","status":"publish","type":"post","link":"https:\/\/www.santjoandalacant.es\/ca\/inici-de-les-classes-de-formacio-de-persones-adultes\/","title":{"rendered":"INICI DE LES CLASSES DE  FORMACI\u00d3 DE PERSONES ADULTES"},"content":{"rendered":"","protected":false},"excerpt":{"rendered":"<p>Dilluns que ve 21 de setembre donaran comen\u00e7ament les classes del Centre de Formaci\u00f3 de Persones Adultes de  Sant Joan  (FPA),  que s&#8217;impartixen en l&#8217;IES Lloixa.<\/p>\n<p>S&#8217;adjunten els horaris de les classes.<\/p>\n","protected":false},"author":1,"featured_media":0,"comment_status":"open","ping_status":"open","sticky":false,"template":"","format":"standard","meta":{"_acf_changed":false,"rs_blank_template":"","rs_page_bg_color":"","slide_template_v7":"","footnotes":""},"categories":[1],"tags":[],"areas":[1000],"class_list":["post-76731","post","type-post","status-publish","format-standard","hentry","category-sin-categorizar","areas-educacion-ca"],"acf":[],"yoast_head":"<!-- This site is optimized with the Yoast SEO plugin v28.2 - https:\/\/yoast.com\/product\/yoast-seo-wordpress\/ -->\n<title>INICI DE LES CLASSES DE FORMACI\u00d3 DE PERSONES ADULTES - Sant Joan d&#039;Alacant<\/title>\n<meta name=\"robots\" content=\"index, follow, max-snippet:-1, max-image-preview:large, max-video-preview:-1\" \/>\n<link rel=\"canonical\" href=\"https:\/\/www.santjoandalacant.es\/ca\/inici-de-les-classes-de-formacio-de-persones-adultes\/\" \/>\n<meta property=\"og:locale\" content=\"en_US\" \/>\n<meta property=\"og:type\" content=\"article\" \/>\n<meta property=\"og:title\" content=\"INICI DE LES CLASSES DE FORMACI\u00d3 DE PERSONES ADULTES - Sant Joan d&#039;Alacant\" \/>\n<meta property=\"og:description\" content=\"Dilluns que ve 21 de setembre donaran comen\u00e7ament les classes del Centre de Formaci\u00f3 de Persones Adultes de Sant Joan (FPA), que s&#039;impartixen en l&#039;IES Lloixa.  S&#039;adjunten els horaris de les classes.\" \/>\n<meta property=\"og:url\" content=\"https:\/\/www.santjoandalacant.es\/ca\/inici-de-les-classes-de-formacio-de-persones-adultes\/\" \/>\n<meta property=\"og:site_name\" content=\"Sant Joan d&#039;Alacant\" \/>\n<meta property=\"article:publisher\" content=\"https:\/\/www.facebook.com\/santjoandalacant\/\" \/>\n<meta property=\"article:published_time\" content=\"2015-09-21T10:56:01+00:00\" \/>\n<meta name=\"author\" content=\"6tems\" \/>\n<meta name=\"twitter:card\" content=\"summary_large_image\" \/>\n<meta name=\"twitter:label1\" content=\"Written by\" \/>\n\t<meta name=\"twitter:data1\" content=\"6tems\" \/>\n<script type=\"application\/ld+json\" class=\"yoast-schema-graph\">{\"@context\":\"https:\\\/\\\/schema.org\",\"@graph\":[{\"@type\":\"Article\",\"@id\":\"https:\\\/\\\/www.santjoandalacant.es\\\/ca\\\/inici-de-les-classes-de-formacio-de-persones-adultes\\\/#article\",\"isPartOf\":{\"@id\":\"https:\\\/\\\/www.santjoandalacant.es\\\/ca\\\/inici-de-les-classes-de-formacio-de-persones-adultes\\\/\"},\"author\":{\"name\":\"6tems\",\"@id\":\"https:\\\/\\\/www.santjoandalacant.es\\\/ca\\\/#\\\/schema\\\/person\\\/74b89bc7b26e6edafb76cd69420cd790\"},\"headline\":\"INICI DE LES CLASSES DE FORMACI\u00d3 DE PERSONES ADULTES\",\"datePublished\":\"2015-09-21T10:56:01+00:00\",\"mainEntityOfPage\":{\"@id\":\"https:\\\/\\\/www.santjoandalacant.es\\\/ca\\\/inici-de-les-classes-de-formacio-de-persones-adultes\\\/\"},\"wordCount\":9,\"commentCount\":0,\"publisher\":{\"@id\":\"https:\\\/\\\/www.santjoandalacant.es\\\/ca\\\/#organization\"},\"articleSection\":[\"Sin categorizar\"],\"inLanguage\":\"va\",\"potentialAction\":[{\"@type\":\"CommentAction\",\"name\":\"Comment\",\"target\":[\"https:\\\/\\\/www.santjoandalacant.es\\\/ca\\\/inici-de-les-classes-de-formacio-de-persones-adultes\\\/#respond\"]}]},{\"@type\":\"WebPage\",\"@id\":\"https:\\\/\\\/www.santjoandalacant.es\\\/ca\\\/inici-de-les-classes-de-formacio-de-persones-adultes\\\/\",\"url\":\"https:\\\/\\\/www.santjoandalacant.es\\\/ca\\\/inici-de-les-classes-de-formacio-de-persones-adultes\\\/\",\"name\":\"INICI DE LES CLASSES DE FORMACI\u00d3 DE PERSONES ADULTES - Sant Joan d&#039;Alacant\",\"isPartOf\":{\"@id\":\"https:\\\/\\\/www.santjoandalacant.es\\\/ca\\\/#website\"},\"datePublished\":\"2015-09-21T10:56:01+00:00\",\"breadcrumb\":{\"@id\":\"https:\\\/\\\/www.santjoandalacant.es\\\/ca\\\/inici-de-les-classes-de-formacio-de-persones-adultes\\\/#breadcrumb\"},\"inLanguage\":\"va\",\"potentialAction\":[{\"@type\":\"ReadAction\",\"target\":[\"https:\\\/\\\/www.santjoandalacant.es\\\/ca\\\/inici-de-les-classes-de-formacio-de-persones-adultes\\\/\"]}]},{\"@type\":\"BreadcrumbList\",\"@id\":\"https:\\\/\\\/www.santjoandalacant.es\\\/ca\\\/inici-de-les-classes-de-formacio-de-persones-adultes\\\/#breadcrumb\",\"itemListElement\":[{\"@type\":\"ListItem\",\"position\":1,\"name\":\"Inicio\",\"item\":\"https:\\\/\\\/www.santjoandalacant.es\\\/ca\\\/\"},{\"@type\":\"ListItem\",\"position\":2,\"name\":\"INICI DE LES CLASSES DE FORMACI\u00d3 DE PERSONES ADULTES\"}]},{\"@type\":\"WebSite\",\"@id\":\"https:\\\/\\\/www.santjoandalacant.es\\\/ca\\\/#website\",\"url\":\"https:\\\/\\\/www.santjoandalacant.es\\\/ca\\\/\",\"name\":\"Sant Joan d'Alacant\",\"description\":\"\",\"publisher\":{\"@id\":\"https:\\\/\\\/www.santjoandalacant.es\\\/ca\\\/#organization\"},\"potentialAction\":[{\"@type\":\"SearchAction\",\"target\":{\"@type\":\"EntryPoint\",\"urlTemplate\":\"https:\\\/\\\/www.santjoandalacant.es\\\/ca\\\/?s={search_term_string}\"},\"query-input\":{\"@type\":\"PropertyValueSpecification\",\"valueRequired\":true,\"valueName\":\"search_term_string\"}}],\"inLanguage\":\"va\"},{\"@type\":\"Organization\",\"@id\":\"https:\\\/\\\/www.santjoandalacant.es\\\/ca\\\/#organization\",\"name\":\"Sant Joan d'Alacant\",\"url\":\"https:\\\/\\\/www.santjoandalacant.es\\\/ca\\\/\",\"logo\":{\"@type\":\"ImageObject\",\"inLanguage\":\"va\",\"@id\":\"https:\\\/\\\/www.santjoandalacant.es\\\/ca\\\/#\\\/schema\\\/logo\\\/image\\\/\",\"url\":\"https:\\\/\\\/www.santjoandalacant.es\\\/wp-content\\\/uploads\\\/2023\\\/08\\\/logoSJ.png\",\"contentUrl\":\"https:\\\/\\\/www.santjoandalacant.es\\\/wp-content\\\/uploads\\\/2023\\\/08\\\/logoSJ.png\",\"width\":198,\"height\":253,\"caption\":\"Sant Joan d'Alacant\"},\"image\":{\"@id\":\"https:\\\/\\\/www.santjoandalacant.es\\\/ca\\\/#\\\/schema\\\/logo\\\/image\\\/\"},\"sameAs\":[\"https:\\\/\\\/www.facebook.com\\\/santjoandalacant\\\/\",\"https:\\\/\\\/www.instagram.com\\\/santjoandalacant\\\/\",\"https:\\\/\\\/www.youtube.com\\\/user\\\/santjoandalacant\"]},{\"@type\":\"Person\",\"@id\":\"https:\\\/\\\/www.santjoandalacant.es\\\/ca\\\/#\\\/schema\\\/person\\\/74b89bc7b26e6edafb76cd69420cd790\",\"name\":\"6tems\",\"image\":{\"@type\":\"ImageObject\",\"inLanguage\":\"va\",\"@id\":\"https:\\\/\\\/secure.gravatar.com\\\/avatar\\\/1c939d9bf86da56568327e5d52b159d089efba17cde140c49884e3fe77ef9c66?s=96&d=mm&r=g\",\"url\":\"https:\\\/\\\/secure.gravatar.com\\\/avatar\\\/1c939d9bf86da56568327e5d52b159d089efba17cde140c49884e3fe77ef9c66?s=96&d=mm&r=g\",\"contentUrl\":\"https:\\\/\\\/secure.gravatar.com\\\/avatar\\\/1c939d9bf86da56568327e5d52b159d089efba17cde140c49884e3fe77ef9c66?s=96&d=mm&r=g\",\"caption\":\"6tems\"},\"sameAs\":[\"https:\\\/\\\/www.santjoandalacant.es\"],\"url\":\"https:\\\/\\\/www.santjoandalacant.es\\\/ca\\\/author\\\/adminasap\\\/\"}]}<\/script>\n<!-- \/ Yoast SEO plugin. -->","yoast_head_json":{"title":"INICI DE LES CLASSES DE FORMACI\u00d3 DE PERSONES ADULTES - Sant Joan d&#039;Alacant","robots":{"index":"index","follow":"follow","max-snippet":"max-snippet:-1","max-image-preview":"max-image-preview:large","max-video-preview":"max-video-preview:-1"},"canonical":"https:\/\/www.santjoandalacant.es\/ca\/inici-de-les-classes-de-formacio-de-persones-adultes\/","og_locale":"en_US","og_type":"article","og_title":"INICI DE LES CLASSES DE FORMACI\u00d3 DE PERSONES ADULTES - Sant Joan d&#039;Alacant","og_description":"Dilluns que ve 21 de setembre donaran comen\u00e7ament les classes del Centre de Formaci\u00f3 de Persones Adultes de Sant Joan (FPA), que s'impartixen en l'IES Lloixa.  S'adjunten els horaris de les classes.","og_url":"https:\/\/www.santjoandalacant.es\/ca\/inici-de-les-classes-de-formacio-de-persones-adultes\/","og_site_name":"Sant Joan d&#039;Alacant","article_publisher":"https:\/\/www.facebook.com\/santjoandalacant\/","article_published_time":"2015-09-21T10:56:01+00:00","author":"6tems","twitter_card":"summary_large_image","twitter_misc":{"Written by":"6tems"},"schema":{"@context":"https:\/\/schema.org","@graph":[{"@type":"Article","@id":"https:\/\/www.santjoandalacant.es\/ca\/inici-de-les-classes-de-formacio-de-persones-adultes\/#article","isPartOf":{"@id":"https:\/\/www.santjoandalacant.es\/ca\/inici-de-les-classes-de-formacio-de-persones-adultes\/"},"author":{"name":"6tems","@id":"https:\/\/www.santjoandalacant.es\/ca\/#\/schema\/person\/74b89bc7b26e6edafb76cd69420cd790"},"headline":"INICI DE LES CLASSES DE FORMACI\u00d3 DE PERSONES ADULTES","datePublished":"2015-09-21T10:56:01+00:00","mainEntityOfPage":{"@id":"https:\/\/www.santjoandalacant.es\/ca\/inici-de-les-classes-de-formacio-de-persones-adultes\/"},"wordCount":9,"commentCount":0,"publisher":{"@id":"https:\/\/www.santjoandalacant.es\/ca\/#organization"},"articleSection":["Sin categorizar"],"inLanguage":"va","potentialAction":[{"@type":"CommentAction","name":"Comment","target":["https:\/\/www.santjoandalacant.es\/ca\/inici-de-les-classes-de-formacio-de-persones-adultes\/#respond"]}]},{"@type":"WebPage","@id":"https:\/\/www.santjoandalacant.es\/ca\/inici-de-les-classes-de-formacio-de-persones-adultes\/","url":"https:\/\/www.santjoandalacant.es\/ca\/inici-de-les-classes-de-formacio-de-persones-adultes\/","name":"INICI DE LES CLASSES DE FORMACI\u00d3 DE PERSONES ADULTES - Sant Joan d&#039;Alacant","isPartOf":{"@id":"https:\/\/www.santjoandalacant.es\/ca\/#website"},"datePublished":"2015-09-21T10:56:01+00:00","breadcrumb":{"@id":"https:\/\/www.santjoandalacant.es\/ca\/inici-de-les-classes-de-formacio-de-persones-adultes\/#breadcrumb"},"inLanguage":"va","potentialAction":[{"@type":"ReadAction","target":["https:\/\/www.santjoandalacant.es\/ca\/inici-de-les-classes-de-formacio-de-persones-adultes\/"]}]},{"@type":"BreadcrumbList","@id":"https:\/\/www.santjoandalacant.es\/ca\/inici-de-les-classes-de-formacio-de-persones-adultes\/#breadcrumb","itemListElement":[{"@type":"ListItem","position":1,"name":"Inicio","item":"https:\/\/www.santjoandalacant.es\/ca\/"},{"@type":"ListItem","position":2,"name":"INICI DE LES CLASSES DE FORMACI\u00d3 DE PERSONES ADULTES"}]},{"@type":"WebSite","@id":"https:\/\/www.santjoandalacant.es\/ca\/#website","url":"https:\/\/www.santjoandalacant.es\/ca\/","name":"Sant Joan d'Alacant","description":"","publisher":{"@id":"https:\/\/www.santjoandalacant.es\/ca\/#organization"},"potentialAction":[{"@type":"SearchAction","target":{"@type":"EntryPoint","urlTemplate":"https:\/\/www.santjoandalacant.es\/ca\/?s={search_term_string}"},"query-input":{"@type":"PropertyValueSpecification","valueRequired":true,"valueName":"search_term_string"}}],"inLanguage":"va"},{"@type":"Organization","@id":"https:\/\/www.santjoandalacant.es\/ca\/#organization","name":"Sant Joan d'Alacant","url":"https:\/\/www.santjoandalacant.es\/ca\/","logo":{"@type":"ImageObject","inLanguage":"va","@id":"https:\/\/www.santjoandalacant.es\/ca\/#\/schema\/logo\/image\/","url":"https:\/\/www.santjoandalacant.es\/wp-content\/uploads\/2023\/08\/logoSJ.png","contentUrl":"https:\/\/www.santjoandalacant.es\/wp-content\/uploads\/2023\/08\/logoSJ.png","width":198,"height":253,"caption":"Sant Joan d'Alacant"},"image":{"@id":"https:\/\/www.santjoandalacant.es\/ca\/#\/schema\/logo\/image\/"},"sameAs":["https:\/\/www.facebook.com\/santjoandalacant\/","https:\/\/www.instagram.com\/santjoandalacant\/","https:\/\/www.youtube.com\/user\/santjoandalacant"]},{"@type":"Person","@id":"https:\/\/www.santjoandalacant.es\/ca\/#\/schema\/person\/74b89bc7b26e6edafb76cd69420cd790","name":"6tems","image":{"@type":"ImageObject","inLanguage":"va","@id":"https:\/\/secure.gravatar.com\/avatar\/1c939d9bf86da56568327e5d52b159d089efba17cde140c49884e3fe77ef9c66?s=96&d=mm&r=g","url":"https:\/\/secure.gravatar.com\/avatar\/1c939d9bf86da56568327e5d52b159d089efba17cde140c49884e3fe77ef9c66?s=96&d=mm&r=g","contentUrl":"https:\/\/secure.gravatar.com\/avatar\/1c939d9bf86da56568327e5d52b159d089efba17cde140c49884e3fe77ef9c66?s=96&d=mm&r=g","caption":"6tems"},"sameAs":["https:\/\/www.santjoandalacant.es"],"url":"https:\/\/www.santjoandalacant.es\/ca\/author\/adminasap\/"}]}},"_links":{"self":[{"href":"https:\/\/www.santjoandalacant.es\/ca\/wp-json\/wp\/v2\/posts\/76731","targetHints":{"allow":["GET"]}}],"collection":[{"href":"https:\/\/www.santjoandalacant.es\/ca\/wp-json\/wp\/v2\/posts"}],"about":[{"href":"https:\/\/www.santjoandalacant.es\/ca\/wp-json\/wp\/v2\/types\/post"}],"author":[{"embeddable":true,"href":"https:\/\/www.santjoandalacant.es\/ca\/wp-json\/wp\/v2\/users\/1"}],"replies":[{"embeddable":true,"href":"https:\/\/www.santjoandalacant.es\/ca\/wp-json\/wp\/v2\/comments?post=76731"}],"version-history":[{"count":0,"href":"https:\/\/www.santjoandalacant.es\/ca\/wp-json\/wp\/v2\/posts\/76731\/revisions"}],"wp:attachment":[{"href":"https:\/\/www.santjoandalacant.es\/ca\/wp-json\/wp\/v2\/media?parent=76731"}],"wp:term":[{"taxonomy":"category","embeddable":true,"href":"https:\/\/www.santjoandalacant.es\/ca\/wp-json\/wp\/v2\/categories?post=76731"},{"taxonomy":"post_tag","embeddable":true,"href":"https:\/\/www.santjoandalacant.es\/ca\/wp-json\/wp\/v2\/tags?post=76731"},{"taxonomy":"areas","embeddable":true,"href":"https:\/\/www.santjoandalacant.es\/ca\/wp-json\/wp\/v2\/areas?post=76731"}],"curies":[{"name":"wp","href":"https:\/\/api.w.org\/{rel}","templated":true}]}}