{"id":76838,"date":"2015-07-13T06:44:58","date_gmt":"2015-07-13T06:44:58","guid":{"rendered":"https:\/\/santjoan.developersasapglobalsolution.com\/dia-de-sant-joan-baptista-mascleta-processo-i-crema-de-les-fogueres-de-sant-joan-2015\/"},"modified":"2015-07-13T06:44:58","modified_gmt":"2015-07-13T06:44:58","slug":"dia-de-sant-joan-baptista-mascleta-processo-i-crema-de-les-fogueres-de-sant-joan-2015","status":"publish","type":"post","link":"https:\/\/www.santjoandalacant.es\/ca\/dia-de-sant-joan-baptista-mascleta-processo-i-crema-de-les-fogueres-de-sant-joan-2015\/","title":{"rendered":"DIA DE SANT JOAN BAPTISTA, MASCLET\u00c1, PROCESS\u00d3 I CREM\u00c1 DE LES FOGUERES DE SANT JOAN 2015"},"content":{"rendered":"","protected":false},"excerpt":{"rendered":"<p>El dia 24, celebrem el dia del nostre Patr\u00f3 Sant Joan Baptista amb la Solemne Eucaristia en el seu honor en l&#8217;Esgl\u00e9sia parroquial i despr\u00e9s, a les 14 hores, va tenir lloc una atronadora masclet\u00e1 en la pla\u00e7a Jos\u00e9 Carreras. A la vesprada, va donar comen\u00e7ament la Process\u00f3, que va comptar amb la participaci\u00f3 de centenars de ve\u00efns de la localitat. I a la nit, les fogueres van ser pastura de les flames. En primer lloc la de la pla\u00e7a Constituci\u00f3 i despr\u00e9s de la ba\u00f1\u00e1 dels espectadors acalorats de la zona, arribe el torn dels monument situats en la Rambla. Donant amb aquest fermall final per acabades les Festes patronals de Sant Joan d&#8217;Alacant en honor a Sant Joan Baptista. <\/p>\n","protected":false},"author":1,"featured_media":29512,"comment_status":"open","ping_status":"open","sticky":false,"template":"","format":"standard","meta":{"_acf_changed":false,"rs_blank_template":"","rs_page_bg_color":"","slide_template_v7":"","footnotes":""},"categories":[1],"tags":[],"areas":[1001],"class_list":["post-76838","post","type-post","status-publish","format-standard","has-post-thumbnail","hentry","category-sin-categorizar","areas-fiestas-ca"],"acf":[],"yoast_head":"<!-- This site is optimized with the Yoast SEO plugin v28.2 - https:\/\/yoast.com\/product\/yoast-seo-wordpress\/ -->\n<title>DIA DE SANT JOAN BAPTISTA, MASCLET\u00c1, PROCESS\u00d3 I CREM\u00c1 DE LES FOGUERES DE SANT JOAN 2015 - Sant Joan d&#039;Alacant<\/title>\n<meta name=\"robots\" content=\"index, follow, max-snippet:-1, max-image-preview:large, max-video-preview:-1\" \/>\n<link rel=\"canonical\" href=\"https:\/\/www.santjoandalacant.es\/ca\/dia-de-sant-joan-baptista-mascleta-processo-i-crema-de-les-fogueres-de-sant-joan-2015\/\" \/>\n<meta property=\"og:locale\" content=\"en_US\" \/>\n<meta property=\"og:type\" content=\"article\" \/>\n<meta property=\"og:title\" content=\"DIA DE SANT JOAN BAPTISTA, MASCLET\u00c1, PROCESS\u00d3 I CREM\u00c1 DE LES FOGUERES DE SANT JOAN 2015 - Sant Joan d&#039;Alacant\" \/>\n<meta property=\"og:description\" content=\"El dia 24, celebrem el dia del nostre Patr\u00f3 Sant Joan Baptista amb la Solemne Eucaristia en el seu honor en l&#039;Esgl\u00e9sia parroquial i despr\u00e9s, a les 14 hores, va tenir lloc una atronadora masclet\u00e1 en la pla\u00e7a Jos\u00e9 Carreras. A la vesprada, va donar comen\u00e7ament la Process\u00f3, que va comptar amb la participaci\u00f3 de centenars de ve\u00efns de la localitat. I a la nit, les fogueres van ser pastura de les flames. En primer lloc la de la pla\u00e7a Constituci\u00f3 i despr\u00e9s de la ba\u00f1\u00e1 dels espectadors acalorats de la zona, arribe el torn dels monument situats en la Rambla. Donant amb aquest fermall final per acabades les Festes patronals de Sant Joan d&#039;Alacant en honor a Sant Joan Baptista.\" \/>\n<meta property=\"og:url\" content=\"https:\/\/www.santjoandalacant.es\/ca\/dia-de-sant-joan-baptista-mascleta-processo-i-crema-de-les-fogueres-de-sant-joan-2015\/\" \/>\n<meta property=\"og:site_name\" content=\"Sant Joan d&#039;Alacant\" \/>\n<meta property=\"article:publisher\" content=\"https:\/\/www.facebook.com\/santjoandalacant\/\" \/>\n<meta property=\"article:published_time\" content=\"2015-07-13T06:44:58+00:00\" \/>\n<meta property=\"og:image\" content=\"https:\/\/www.santjoandalacant.es\/wp-content\/uploads\/2017\/06\/Mascleta_comision.jpg\" \/>\n\t<meta property=\"og:image:width\" content=\"526\" \/>\n\t<meta property=\"og:image:height\" content=\"395\" \/>\n\t<meta property=\"og:image:type\" content=\"image\/jpeg\" \/>\n<meta name=\"author\" content=\"6tems\" \/>\n<meta name=\"twitter:card\" content=\"summary_large_image\" \/>\n<meta name=\"twitter:label1\" content=\"Written by\" \/>\n\t<meta name=\"twitter:data1\" content=\"6tems\" \/>\n<script type=\"application\/ld+json\" class=\"yoast-schema-graph\">{\"@context\":\"https:\\\/\\\/schema.org\",\"@graph\":[{\"@type\":\"Article\",\"@id\":\"https:\\\/\\\/www.santjoandalacant.es\\\/ca\\\/dia-de-sant-joan-baptista-mascleta-processo-i-crema-de-les-fogueres-de-sant-joan-2015\\\/#article\",\"isPartOf\":{\"@id\":\"https:\\\/\\\/www.santjoandalacant.es\\\/ca\\\/dia-de-sant-joan-baptista-mascleta-processo-i-crema-de-les-fogueres-de-sant-joan-2015\\\/\"},\"author\":{\"name\":\"6tems\",\"@id\":\"https:\\\/\\\/www.santjoandalacant.es\\\/ca\\\/#\\\/schema\\\/person\\\/74b89bc7b26e6edafb76cd69420cd790\"},\"headline\":\"DIA DE SANT JOAN BAPTISTA, MASCLET\u00c1, PROCESS\u00d3 I CREM\u00c1 DE LES FOGUERES DE SANT JOAN 2015\",\"datePublished\":\"2015-07-13T06:44:58+00:00\",\"mainEntityOfPage\":{\"@id\":\"https:\\\/\\\/www.santjoandalacant.es\\\/ca\\\/dia-de-sant-joan-baptista-mascleta-processo-i-crema-de-les-fogueres-de-sant-joan-2015\\\/\"},\"wordCount\":15,\"commentCount\":0,\"publisher\":{\"@id\":\"https:\\\/\\\/www.santjoandalacant.es\\\/ca\\\/#organization\"},\"image\":{\"@id\":\"https:\\\/\\\/www.santjoandalacant.es\\\/ca\\\/dia-de-sant-joan-baptista-mascleta-processo-i-crema-de-les-fogueres-de-sant-joan-2015\\\/#primaryimage\"},\"thumbnailUrl\":\"https:\\\/\\\/www.santjoandalacant.es\\\/wp-content\\\/uploads\\\/2017\\\/06\\\/Mascleta_comision.jpg\",\"articleSection\":[\"Sin categorizar\"],\"inLanguage\":\"va\",\"potentialAction\":[{\"@type\":\"CommentAction\",\"name\":\"Comment\",\"target\":[\"https:\\\/\\\/www.santjoandalacant.es\\\/ca\\\/dia-de-sant-joan-baptista-mascleta-processo-i-crema-de-les-fogueres-de-sant-joan-2015\\\/#respond\"]}]},{\"@type\":\"WebPage\",\"@id\":\"https:\\\/\\\/www.santjoandalacant.es\\\/ca\\\/dia-de-sant-joan-baptista-mascleta-processo-i-crema-de-les-fogueres-de-sant-joan-2015\\\/\",\"url\":\"https:\\\/\\\/www.santjoandalacant.es\\\/ca\\\/dia-de-sant-joan-baptista-mascleta-processo-i-crema-de-les-fogueres-de-sant-joan-2015\\\/\",\"name\":\"DIA DE SANT JOAN BAPTISTA, MASCLET\u00c1, PROCESS\u00d3 I CREM\u00c1 DE LES FOGUERES DE SANT JOAN 2015 - Sant Joan d&#039;Alacant\",\"isPartOf\":{\"@id\":\"https:\\\/\\\/www.santjoandalacant.es\\\/ca\\\/#website\"},\"primaryImageOfPage\":{\"@id\":\"https:\\\/\\\/www.santjoandalacant.es\\\/ca\\\/dia-de-sant-joan-baptista-mascleta-processo-i-crema-de-les-fogueres-de-sant-joan-2015\\\/#primaryimage\"},\"image\":{\"@id\":\"https:\\\/\\\/www.santjoandalacant.es\\\/ca\\\/dia-de-sant-joan-baptista-mascleta-processo-i-crema-de-les-fogueres-de-sant-joan-2015\\\/#primaryimage\"},\"thumbnailUrl\":\"https:\\\/\\\/www.santjoandalacant.es\\\/wp-content\\\/uploads\\\/2017\\\/06\\\/Mascleta_comision.jpg\",\"datePublished\":\"2015-07-13T06:44:58+00:00\",\"breadcrumb\":{\"@id\":\"https:\\\/\\\/www.santjoandalacant.es\\\/ca\\\/dia-de-sant-joan-baptista-mascleta-processo-i-crema-de-les-fogueres-de-sant-joan-2015\\\/#breadcrumb\"},\"inLanguage\":\"va\",\"potentialAction\":[{\"@type\":\"ReadAction\",\"target\":[\"https:\\\/\\\/www.santjoandalacant.es\\\/ca\\\/dia-de-sant-joan-baptista-mascleta-processo-i-crema-de-les-fogueres-de-sant-joan-2015\\\/\"]}]},{\"@type\":\"ImageObject\",\"inLanguage\":\"va\",\"@id\":\"https:\\\/\\\/www.santjoandalacant.es\\\/ca\\\/dia-de-sant-joan-baptista-mascleta-processo-i-crema-de-les-fogueres-de-sant-joan-2015\\\/#primaryimage\",\"url\":\"https:\\\/\\\/www.santjoandalacant.es\\\/wp-content\\\/uploads\\\/2017\\\/06\\\/Mascleta_comision.jpg\",\"contentUrl\":\"https:\\\/\\\/www.santjoandalacant.es\\\/wp-content\\\/uploads\\\/2017\\\/06\\\/Mascleta_comision.jpg\",\"width\":526,\"height\":395},{\"@type\":\"BreadcrumbList\",\"@id\":\"https:\\\/\\\/www.santjoandalacant.es\\\/ca\\\/dia-de-sant-joan-baptista-mascleta-processo-i-crema-de-les-fogueres-de-sant-joan-2015\\\/#breadcrumb\",\"itemListElement\":[{\"@type\":\"ListItem\",\"position\":1,\"name\":\"Inicio\",\"item\":\"https:\\\/\\\/www.santjoandalacant.es\\\/ca\\\/\"},{\"@type\":\"ListItem\",\"position\":2,\"name\":\"DIA DE SANT JOAN BAPTISTA, MASCLET\u00c1, PROCESS\u00d3 I CREM\u00c1 DE LES FOGUERES DE SANT JOAN 2015\"}]},{\"@type\":\"WebSite\",\"@id\":\"https:\\\/\\\/www.santjoandalacant.es\\\/ca\\\/#website\",\"url\":\"https:\\\/\\\/www.santjoandalacant.es\\\/ca\\\/\",\"name\":\"Sant Joan d'Alacant\",\"description\":\"\",\"publisher\":{\"@id\":\"https:\\\/\\\/www.santjoandalacant.es\\\/ca\\\/#organization\"},\"potentialAction\":[{\"@type\":\"SearchAction\",\"target\":{\"@type\":\"EntryPoint\",\"urlTemplate\":\"https:\\\/\\\/www.santjoandalacant.es\\\/ca\\\/?s={search_term_string}\"},\"query-input\":{\"@type\":\"PropertyValueSpecification\",\"valueRequired\":true,\"valueName\":\"search_term_string\"}}],\"inLanguage\":\"va\"},{\"@type\":\"Organization\",\"@id\":\"https:\\\/\\\/www.santjoandalacant.es\\\/ca\\\/#organization\",\"name\":\"Sant Joan d'Alacant\",\"url\":\"https:\\\/\\\/www.santjoandalacant.es\\\/ca\\\/\",\"logo\":{\"@type\":\"ImageObject\",\"inLanguage\":\"va\",\"@id\":\"https:\\\/\\\/www.santjoandalacant.es\\\/ca\\\/#\\\/schema\\\/logo\\\/image\\\/\",\"url\":\"https:\\\/\\\/www.santjoandalacant.es\\\/wp-content\\\/uploads\\\/2023\\\/08\\\/logoSJ.png\",\"contentUrl\":\"https:\\\/\\\/www.santjoandalacant.es\\\/wp-content\\\/uploads\\\/2023\\\/08\\\/logoSJ.png\",\"width\":198,\"height\":253,\"caption\":\"Sant Joan d'Alacant\"},\"image\":{\"@id\":\"https:\\\/\\\/www.santjoandalacant.es\\\/ca\\\/#\\\/schema\\\/logo\\\/image\\\/\"},\"sameAs\":[\"https:\\\/\\\/www.facebook.com\\\/santjoandalacant\\\/\",\"https:\\\/\\\/www.instagram.com\\\/santjoandalacant\\\/\",\"https:\\\/\\\/www.youtube.com\\\/user\\\/santjoandalacant\"]},{\"@type\":\"Person\",\"@id\":\"https:\\\/\\\/www.santjoandalacant.es\\\/ca\\\/#\\\/schema\\\/person\\\/74b89bc7b26e6edafb76cd69420cd790\",\"name\":\"6tems\",\"image\":{\"@type\":\"ImageObject\",\"inLanguage\":\"va\",\"@id\":\"https:\\\/\\\/secure.gravatar.com\\\/avatar\\\/1c939d9bf86da56568327e5d52b159d089efba17cde140c49884e3fe77ef9c66?s=96&d=mm&r=g\",\"url\":\"https:\\\/\\\/secure.gravatar.com\\\/avatar\\\/1c939d9bf86da56568327e5d52b159d089efba17cde140c49884e3fe77ef9c66?s=96&d=mm&r=g\",\"contentUrl\":\"https:\\\/\\\/secure.gravatar.com\\\/avatar\\\/1c939d9bf86da56568327e5d52b159d089efba17cde140c49884e3fe77ef9c66?s=96&d=mm&r=g\",\"caption\":\"6tems\"},\"sameAs\":[\"https:\\\/\\\/www.santjoandalacant.es\"],\"url\":\"https:\\\/\\\/www.santjoandalacant.es\\\/ca\\\/author\\\/adminasap\\\/\"}]}<\/script>\n<!-- \/ Yoast SEO plugin. -->","yoast_head_json":{"title":"DIA DE SANT JOAN BAPTISTA, MASCLET\u00c1, PROCESS\u00d3 I CREM\u00c1 DE LES FOGUERES DE SANT JOAN 2015 - Sant Joan d&#039;Alacant","robots":{"index":"index","follow":"follow","max-snippet":"max-snippet:-1","max-image-preview":"max-image-preview:large","max-video-preview":"max-video-preview:-1"},"canonical":"https:\/\/www.santjoandalacant.es\/ca\/dia-de-sant-joan-baptista-mascleta-processo-i-crema-de-les-fogueres-de-sant-joan-2015\/","og_locale":"en_US","og_type":"article","og_title":"DIA DE SANT JOAN BAPTISTA, MASCLET\u00c1, PROCESS\u00d3 I CREM\u00c1 DE LES FOGUERES DE SANT JOAN 2015 - Sant Joan d&#039;Alacant","og_description":"El dia 24, celebrem el dia del nostre Patr\u00f3 Sant Joan Baptista amb la Solemne Eucaristia en el seu honor en l'Esgl\u00e9sia parroquial i despr\u00e9s, a les 14 hores, va tenir lloc una atronadora masclet\u00e1 en la pla\u00e7a Jos\u00e9 Carreras. A la vesprada, va donar comen\u00e7ament la Process\u00f3, que va comptar amb la participaci\u00f3 de centenars de ve\u00efns de la localitat. I a la nit, les fogueres van ser pastura de les flames. En primer lloc la de la pla\u00e7a Constituci\u00f3 i despr\u00e9s de la ba\u00f1\u00e1 dels espectadors acalorats de la zona, arribe el torn dels monument situats en la Rambla. Donant amb aquest fermall final per acabades les Festes patronals de Sant Joan d'Alacant en honor a Sant Joan Baptista.","og_url":"https:\/\/www.santjoandalacant.es\/ca\/dia-de-sant-joan-baptista-mascleta-processo-i-crema-de-les-fogueres-de-sant-joan-2015\/","og_site_name":"Sant Joan d&#039;Alacant","article_publisher":"https:\/\/www.facebook.com\/santjoandalacant\/","article_published_time":"2015-07-13T06:44:58+00:00","og_image":[{"width":526,"height":395,"url":"https:\/\/www.santjoandalacant.es\/wp-content\/uploads\/2017\/06\/Mascleta_comision.jpg","type":"image\/jpeg"}],"author":"6tems","twitter_card":"summary_large_image","twitter_misc":{"Written by":"6tems"},"schema":{"@context":"https:\/\/schema.org","@graph":[{"@type":"Article","@id":"https:\/\/www.santjoandalacant.es\/ca\/dia-de-sant-joan-baptista-mascleta-processo-i-crema-de-les-fogueres-de-sant-joan-2015\/#article","isPartOf":{"@id":"https:\/\/www.santjoandalacant.es\/ca\/dia-de-sant-joan-baptista-mascleta-processo-i-crema-de-les-fogueres-de-sant-joan-2015\/"},"author":{"name":"6tems","@id":"https:\/\/www.santjoandalacant.es\/ca\/#\/schema\/person\/74b89bc7b26e6edafb76cd69420cd790"},"headline":"DIA DE SANT JOAN BAPTISTA, MASCLET\u00c1, PROCESS\u00d3 I CREM\u00c1 DE LES FOGUERES DE SANT JOAN 2015","datePublished":"2015-07-13T06:44:58+00:00","mainEntityOfPage":{"@id":"https:\/\/www.santjoandalacant.es\/ca\/dia-de-sant-joan-baptista-mascleta-processo-i-crema-de-les-fogueres-de-sant-joan-2015\/"},"wordCount":15,"commentCount":0,"publisher":{"@id":"https:\/\/www.santjoandalacant.es\/ca\/#organization"},"image":{"@id":"https:\/\/www.santjoandalacant.es\/ca\/dia-de-sant-joan-baptista-mascleta-processo-i-crema-de-les-fogueres-de-sant-joan-2015\/#primaryimage"},"thumbnailUrl":"https:\/\/www.santjoandalacant.es\/wp-content\/uploads\/2017\/06\/Mascleta_comision.jpg","articleSection":["Sin categorizar"],"inLanguage":"va","potentialAction":[{"@type":"CommentAction","name":"Comment","target":["https:\/\/www.santjoandalacant.es\/ca\/dia-de-sant-joan-baptista-mascleta-processo-i-crema-de-les-fogueres-de-sant-joan-2015\/#respond"]}]},{"@type":"WebPage","@id":"https:\/\/www.santjoandalacant.es\/ca\/dia-de-sant-joan-baptista-mascleta-processo-i-crema-de-les-fogueres-de-sant-joan-2015\/","url":"https:\/\/www.santjoandalacant.es\/ca\/dia-de-sant-joan-baptista-mascleta-processo-i-crema-de-les-fogueres-de-sant-joan-2015\/","name":"DIA DE SANT JOAN BAPTISTA, MASCLET\u00c1, PROCESS\u00d3 I CREM\u00c1 DE LES FOGUERES DE SANT JOAN 2015 - Sant Joan d&#039;Alacant","isPartOf":{"@id":"https:\/\/www.santjoandalacant.es\/ca\/#website"},"primaryImageOfPage":{"@id":"https:\/\/www.santjoandalacant.es\/ca\/dia-de-sant-joan-baptista-mascleta-processo-i-crema-de-les-fogueres-de-sant-joan-2015\/#primaryimage"},"image":{"@id":"https:\/\/www.santjoandalacant.es\/ca\/dia-de-sant-joan-baptista-mascleta-processo-i-crema-de-les-fogueres-de-sant-joan-2015\/#primaryimage"},"thumbnailUrl":"https:\/\/www.santjoandalacant.es\/wp-content\/uploads\/2017\/06\/Mascleta_comision.jpg","datePublished":"2015-07-13T06:44:58+00:00","breadcrumb":{"@id":"https:\/\/www.santjoandalacant.es\/ca\/dia-de-sant-joan-baptista-mascleta-processo-i-crema-de-les-fogueres-de-sant-joan-2015\/#breadcrumb"},"inLanguage":"va","potentialAction":[{"@type":"ReadAction","target":["https:\/\/www.santjoandalacant.es\/ca\/dia-de-sant-joan-baptista-mascleta-processo-i-crema-de-les-fogueres-de-sant-joan-2015\/"]}]},{"@type":"ImageObject","inLanguage":"va","@id":"https:\/\/www.santjoandalacant.es\/ca\/dia-de-sant-joan-baptista-mascleta-processo-i-crema-de-les-fogueres-de-sant-joan-2015\/#primaryimage","url":"https:\/\/www.santjoandalacant.es\/wp-content\/uploads\/2017\/06\/Mascleta_comision.jpg","contentUrl":"https:\/\/www.santjoandalacant.es\/wp-content\/uploads\/2017\/06\/Mascleta_comision.jpg","width":526,"height":395},{"@type":"BreadcrumbList","@id":"https:\/\/www.santjoandalacant.es\/ca\/dia-de-sant-joan-baptista-mascleta-processo-i-crema-de-les-fogueres-de-sant-joan-2015\/#breadcrumb","itemListElement":[{"@type":"ListItem","position":1,"name":"Inicio","item":"https:\/\/www.santjoandalacant.es\/ca\/"},{"@type":"ListItem","position":2,"name":"DIA DE SANT JOAN BAPTISTA, MASCLET\u00c1, PROCESS\u00d3 I CREM\u00c1 DE LES FOGUERES DE SANT JOAN 2015"}]},{"@type":"WebSite","@id":"https:\/\/www.santjoandalacant.es\/ca\/#website","url":"https:\/\/www.santjoandalacant.es\/ca\/","name":"Sant Joan d'Alacant","description":"","publisher":{"@id":"https:\/\/www.santjoandalacant.es\/ca\/#organization"},"potentialAction":[{"@type":"SearchAction","target":{"@type":"EntryPoint","urlTemplate":"https:\/\/www.santjoandalacant.es\/ca\/?s={search_term_string}"},"query-input":{"@type":"PropertyValueSpecification","valueRequired":true,"valueName":"search_term_string"}}],"inLanguage":"va"},{"@type":"Organization","@id":"https:\/\/www.santjoandalacant.es\/ca\/#organization","name":"Sant Joan d'Alacant","url":"https:\/\/www.santjoandalacant.es\/ca\/","logo":{"@type":"ImageObject","inLanguage":"va","@id":"https:\/\/www.santjoandalacant.es\/ca\/#\/schema\/logo\/image\/","url":"https:\/\/www.santjoandalacant.es\/wp-content\/uploads\/2023\/08\/logoSJ.png","contentUrl":"https:\/\/www.santjoandalacant.es\/wp-content\/uploads\/2023\/08\/logoSJ.png","width":198,"height":253,"caption":"Sant Joan d'Alacant"},"image":{"@id":"https:\/\/www.santjoandalacant.es\/ca\/#\/schema\/logo\/image\/"},"sameAs":["https:\/\/www.facebook.com\/santjoandalacant\/","https:\/\/www.instagram.com\/santjoandalacant\/","https:\/\/www.youtube.com\/user\/santjoandalacant"]},{"@type":"Person","@id":"https:\/\/www.santjoandalacant.es\/ca\/#\/schema\/person\/74b89bc7b26e6edafb76cd69420cd790","name":"6tems","image":{"@type":"ImageObject","inLanguage":"va","@id":"https:\/\/secure.gravatar.com\/avatar\/1c939d9bf86da56568327e5d52b159d089efba17cde140c49884e3fe77ef9c66?s=96&d=mm&r=g","url":"https:\/\/secure.gravatar.com\/avatar\/1c939d9bf86da56568327e5d52b159d089efba17cde140c49884e3fe77ef9c66?s=96&d=mm&r=g","contentUrl":"https:\/\/secure.gravatar.com\/avatar\/1c939d9bf86da56568327e5d52b159d089efba17cde140c49884e3fe77ef9c66?s=96&d=mm&r=g","caption":"6tems"},"sameAs":["https:\/\/www.santjoandalacant.es"],"url":"https:\/\/www.santjoandalacant.es\/ca\/author\/adminasap\/"}]}},"_links":{"self":[{"href":"https:\/\/www.santjoandalacant.es\/ca\/wp-json\/wp\/v2\/posts\/76838","targetHints":{"allow":["GET"]}}],"collection":[{"href":"https:\/\/www.santjoandalacant.es\/ca\/wp-json\/wp\/v2\/posts"}],"about":[{"href":"https:\/\/www.santjoandalacant.es\/ca\/wp-json\/wp\/v2\/types\/post"}],"author":[{"embeddable":true,"href":"https:\/\/www.santjoandalacant.es\/ca\/wp-json\/wp\/v2\/users\/1"}],"replies":[{"embeddable":true,"href":"https:\/\/www.santjoandalacant.es\/ca\/wp-json\/wp\/v2\/comments?post=76838"}],"version-history":[{"count":0,"href":"https:\/\/www.santjoandalacant.es\/ca\/wp-json\/wp\/v2\/posts\/76838\/revisions"}],"wp:featuredmedia":[{"embeddable":true,"href":"https:\/\/www.santjoandalacant.es\/ca\/wp-json\/wp\/v2\/media\/29512"}],"wp:attachment":[{"href":"https:\/\/www.santjoandalacant.es\/ca\/wp-json\/wp\/v2\/media?parent=76838"}],"wp:term":[{"taxonomy":"category","embeddable":true,"href":"https:\/\/www.santjoandalacant.es\/ca\/wp-json\/wp\/v2\/categories?post=76838"},{"taxonomy":"post_tag","embeddable":true,"href":"https:\/\/www.santjoandalacant.es\/ca\/wp-json\/wp\/v2\/tags?post=76838"},{"taxonomy":"areas","embeddable":true,"href":"https:\/\/www.santjoandalacant.es\/ca\/wp-json\/wp\/v2\/areas?post=76838"}],"curies":[{"name":"wp","href":"https:\/\/api.w.org\/{rel}","templated":true}]}}