{"id":76901,"date":"2015-05-12T08:45:59","date_gmt":"2015-05-12T08:45:59","guid":{"rendered":"https:\/\/santjoan.developersasapglobalsolution.com\/tallers-culturals-2015-16\/"},"modified":"2015-05-12T08:45:59","modified_gmt":"2015-05-12T08:45:59","slug":"tallers-culturals-2015-16","status":"publish","type":"post","link":"https:\/\/www.santjoandalacant.es\/ca\/tallers-culturals-2015-16\/","title":{"rendered":"TALLERS CULTURALS 2015-16"},"content":{"rendered":"<p>\nEn els \u00faltims quatre anys han passat m\u00e9s d&#8217;1.500 persones pels tallers culturals que organitza la regidoria de Cultura de Sant Joan d&#8217;Alacant. Cal destacar la varietat dels mateixos que s&#8217;ha anat ajustant segons la demanda dels ciutadans.\n<\/p>\n<p>\n<br \/>\nA m\u00e9s, s&#8217;han realitzat seminaris i cursos intensius d&#8217;altres disciplines que anaven demandant molts ve\u00efns, alguns dels quals s&#8217;han quedat instaurats com a tallers anuals, com \u00e9s el cas del taller de cer\u00e0mica o el taller de taich\u00ed.\n<\/p>\n<p>\n<br \/>\nEn la setmana del 18 de maig s&#8217;obri el termini de pre matr\u00edcula per als alumnes de l&#8217;actual curs que vulguen seguir participant en aquestes activitats, mentre que a la fi d&#8217;agost s&#8217;obrir\u00e0 el termini per a la resta d&#8217;interessats.\n<\/p>\n<p align=\"center\">\n<br \/>\nCURSOS I TALLERS:\n<\/p>\n<p>\n&#160;\n<\/p>\n<p>\nPer a adults: <\/p>\n<p>* Inform\u00e0tica\/Internet (3 nivells)<br \/>\n* Tai Chi Hunyuan<br \/>\n* Cer\u00e0mica<br \/>\n* Balls de sal\u00f3<br \/>\n* Aquarel\u00b7la<br \/>\n* Dibuixe<br \/>\n* Pintura<br \/>\n* Teatre<br \/>\n* Ingl\u00e9s (4 nivells)\n<\/p>\n<p>\nPer a xiquets: <\/p>\n<p>* Ballet (des de 4 anys)<br \/>\n* Teatre (10-16 anys)<br \/>\n* Ingl\u00e9s (des de 7 anys)\n<\/p>\n<p>\nPer a inscriure&#8217;s ser\u00e0 necessari passar acudir a la Casa de Cultura, en horari de 8:30 a 14:00 hores. M\u00e9s informaci\u00f3 a trav\u00e9s de cultura@santjoandalacant.es o el 965 94 11 29.<\/p>\n","protected":false},"excerpt":{"rendered":"<p>\nEn els \u00faltims quatre anys han passat m\u00e9s d&#8217;1.500 persones pels tallers culturals que organitza la regidoria de Cultura de Sant Joan d&#8217;Alacant. Cal destacar la varietat dels mateixos que s&#8217;ha anat ajustant segons la demanda dels ciutadans.\n<\/p>\n<p>\n<br \/>\nA m\u00e9s, s&#8217;han realitzat seminaris i cursos intensius d&#8217;altres disciplines que anaven demandant molts ve\u00efns, alguns dels quals s&#8217;han quedat instaurats com a tallers anuals, com \u00e9s el cas del taller de cer\u00e0mica o el taller de taich\u00ed.<\/p>\n","protected":false},"author":1,"featured_media":29838,"comment_status":"open","ping_status":"open","sticky":false,"template":"","format":"standard","meta":{"_acf_changed":false,"rs_blank_template":"","rs_page_bg_color":"","slide_template_v7":"","footnotes":""},"categories":[1],"tags":[],"areas":[1019],"class_list":["post-76901","post","type-post","status-publish","format-standard","has-post-thumbnail","hentry","category-sin-categorizar","areas-cultura-ca"],"acf":[],"yoast_head":"<!-- This site is optimized with the Yoast SEO plugin v28.2 - https:\/\/yoast.com\/product\/yoast-seo-wordpress\/ -->\n<title>TALLERS CULTURALS 2015-16 - Sant Joan d&#039;Alacant<\/title>\n<meta name=\"robots\" content=\"index, follow, max-snippet:-1, max-image-preview:large, max-video-preview:-1\" \/>\n<link rel=\"canonical\" href=\"https:\/\/www.santjoandalacant.es\/ca\/tallers-culturals-2015-16\/\" \/>\n<meta property=\"og:locale\" content=\"en_US\" \/>\n<meta property=\"og:type\" content=\"article\" \/>\n<meta property=\"og:title\" content=\"TALLERS CULTURALS 2015-16 - Sant Joan d&#039;Alacant\" \/>\n<meta property=\"og:description\" content=\"En els \u00faltims quatre anys han passat m\u00e9s d&#039;1.500 persones pels tallers culturals que organitza la regidoria de Cultura de Sant Joan d&#039;Alacant. Cal destacar la varietat dels mateixos que s&#039;ha anat ajustant segons la demanda dels ciutadans.     A m\u00e9s, s&#039;han realitzat seminaris i cursos intensius d&#039;altres disciplines que anaven demandant molts ve\u00efns, alguns dels quals s&#039;han quedat instaurats com a tallers anuals, com \u00e9s el cas del taller de cer\u00e0mica o el taller de taich\u00ed.\" \/>\n<meta property=\"og:url\" content=\"https:\/\/www.santjoandalacant.es\/ca\/tallers-culturals-2015-16\/\" \/>\n<meta property=\"og:site_name\" content=\"Sant Joan d&#039;Alacant\" \/>\n<meta property=\"article:publisher\" content=\"https:\/\/www.facebook.com\/santjoandalacant\/\" \/>\n<meta property=\"article:published_time\" content=\"2015-05-12T08:45:59+00:00\" \/>\n<meta property=\"og:image\" content=\"https:\/\/www.santjoandalacant.es\/wp-content\/uploads\/2017\/06\/CARTEL_TALLERES_CULTURALES_2015-16.jpg\" \/>\n\t<meta property=\"og:image:width\" content=\"1414\" \/>\n\t<meta property=\"og:image:height\" content=\"2000\" \/>\n\t<meta property=\"og:image:type\" content=\"image\/jpeg\" \/>\n<meta name=\"author\" content=\"6tems\" \/>\n<meta name=\"twitter:card\" content=\"summary_large_image\" \/>\n<meta name=\"twitter:label1\" content=\"Written by\" \/>\n\t<meta name=\"twitter:data1\" content=\"6tems\" \/>\n\t<meta name=\"twitter:label2\" content=\"Est. reading time\" \/>\n\t<meta name=\"twitter:data2\" content=\"1 minute\" \/>\n<script type=\"application\/ld+json\" class=\"yoast-schema-graph\">{\"@context\":\"https:\\\/\\\/schema.org\",\"@graph\":[{\"@type\":\"Article\",\"@id\":\"https:\\\/\\\/www.santjoandalacant.es\\\/ca\\\/tallers-culturals-2015-16\\\/#article\",\"isPartOf\":{\"@id\":\"https:\\\/\\\/www.santjoandalacant.es\\\/ca\\\/tallers-culturals-2015-16\\\/\"},\"author\":{\"name\":\"6tems\",\"@id\":\"https:\\\/\\\/www.santjoandalacant.es\\\/ca\\\/#\\\/schema\\\/person\\\/74b89bc7b26e6edafb76cd69420cd790\"},\"headline\":\"TALLERS CULTURALS 2015-16\",\"datePublished\":\"2015-05-12T08:45:59+00:00\",\"mainEntityOfPage\":{\"@id\":\"https:\\\/\\\/www.santjoandalacant.es\\\/ca\\\/tallers-culturals-2015-16\\\/\"},\"wordCount\":204,\"commentCount\":0,\"publisher\":{\"@id\":\"https:\\\/\\\/www.santjoandalacant.es\\\/ca\\\/#organization\"},\"image\":{\"@id\":\"https:\\\/\\\/www.santjoandalacant.es\\\/ca\\\/tallers-culturals-2015-16\\\/#primaryimage\"},\"thumbnailUrl\":\"https:\\\/\\\/www.santjoandalacant.es\\\/wp-content\\\/uploads\\\/2017\\\/06\\\/CARTEL_TALLERES_CULTURALES_2015-16.jpg\",\"articleSection\":[\"Sin categorizar\"],\"inLanguage\":\"va\",\"potentialAction\":[{\"@type\":\"CommentAction\",\"name\":\"Comment\",\"target\":[\"https:\\\/\\\/www.santjoandalacant.es\\\/ca\\\/tallers-culturals-2015-16\\\/#respond\"]}]},{\"@type\":\"WebPage\",\"@id\":\"https:\\\/\\\/www.santjoandalacant.es\\\/ca\\\/tallers-culturals-2015-16\\\/\",\"url\":\"https:\\\/\\\/www.santjoandalacant.es\\\/ca\\\/tallers-culturals-2015-16\\\/\",\"name\":\"TALLERS CULTURALS 2015-16 - Sant Joan d&#039;Alacant\",\"isPartOf\":{\"@id\":\"https:\\\/\\\/www.santjoandalacant.es\\\/ca\\\/#website\"},\"primaryImageOfPage\":{\"@id\":\"https:\\\/\\\/www.santjoandalacant.es\\\/ca\\\/tallers-culturals-2015-16\\\/#primaryimage\"},\"image\":{\"@id\":\"https:\\\/\\\/www.santjoandalacant.es\\\/ca\\\/tallers-culturals-2015-16\\\/#primaryimage\"},\"thumbnailUrl\":\"https:\\\/\\\/www.santjoandalacant.es\\\/wp-content\\\/uploads\\\/2017\\\/06\\\/CARTEL_TALLERES_CULTURALES_2015-16.jpg\",\"datePublished\":\"2015-05-12T08:45:59+00:00\",\"breadcrumb\":{\"@id\":\"https:\\\/\\\/www.santjoandalacant.es\\\/ca\\\/tallers-culturals-2015-16\\\/#breadcrumb\"},\"inLanguage\":\"va\",\"potentialAction\":[{\"@type\":\"ReadAction\",\"target\":[\"https:\\\/\\\/www.santjoandalacant.es\\\/ca\\\/tallers-culturals-2015-16\\\/\"]}]},{\"@type\":\"ImageObject\",\"inLanguage\":\"va\",\"@id\":\"https:\\\/\\\/www.santjoandalacant.es\\\/ca\\\/tallers-culturals-2015-16\\\/#primaryimage\",\"url\":\"https:\\\/\\\/www.santjoandalacant.es\\\/wp-content\\\/uploads\\\/2017\\\/06\\\/CARTEL_TALLERES_CULTURALES_2015-16.jpg\",\"contentUrl\":\"https:\\\/\\\/www.santjoandalacant.es\\\/wp-content\\\/uploads\\\/2017\\\/06\\\/CARTEL_TALLERES_CULTURALES_2015-16.jpg\",\"width\":1414,\"height\":2000},{\"@type\":\"BreadcrumbList\",\"@id\":\"https:\\\/\\\/www.santjoandalacant.es\\\/ca\\\/tallers-culturals-2015-16\\\/#breadcrumb\",\"itemListElement\":[{\"@type\":\"ListItem\",\"position\":1,\"name\":\"Inicio\",\"item\":\"https:\\\/\\\/www.santjoandalacant.es\\\/ca\\\/\"},{\"@type\":\"ListItem\",\"position\":2,\"name\":\"TALLERS CULTURALS 2015-16\"}]},{\"@type\":\"WebSite\",\"@id\":\"https:\\\/\\\/www.santjoandalacant.es\\\/ca\\\/#website\",\"url\":\"https:\\\/\\\/www.santjoandalacant.es\\\/ca\\\/\",\"name\":\"Sant Joan d'Alacant\",\"description\":\"\",\"publisher\":{\"@id\":\"https:\\\/\\\/www.santjoandalacant.es\\\/ca\\\/#organization\"},\"potentialAction\":[{\"@type\":\"SearchAction\",\"target\":{\"@type\":\"EntryPoint\",\"urlTemplate\":\"https:\\\/\\\/www.santjoandalacant.es\\\/ca\\\/?s={search_term_string}\"},\"query-input\":{\"@type\":\"PropertyValueSpecification\",\"valueRequired\":true,\"valueName\":\"search_term_string\"}}],\"inLanguage\":\"va\"},{\"@type\":\"Organization\",\"@id\":\"https:\\\/\\\/www.santjoandalacant.es\\\/ca\\\/#organization\",\"name\":\"Sant Joan d'Alacant\",\"url\":\"https:\\\/\\\/www.santjoandalacant.es\\\/ca\\\/\",\"logo\":{\"@type\":\"ImageObject\",\"inLanguage\":\"va\",\"@id\":\"https:\\\/\\\/www.santjoandalacant.es\\\/ca\\\/#\\\/schema\\\/logo\\\/image\\\/\",\"url\":\"https:\\\/\\\/www.santjoandalacant.es\\\/wp-content\\\/uploads\\\/2023\\\/08\\\/logoSJ.png\",\"contentUrl\":\"https:\\\/\\\/www.santjoandalacant.es\\\/wp-content\\\/uploads\\\/2023\\\/08\\\/logoSJ.png\",\"width\":198,\"height\":253,\"caption\":\"Sant Joan d'Alacant\"},\"image\":{\"@id\":\"https:\\\/\\\/www.santjoandalacant.es\\\/ca\\\/#\\\/schema\\\/logo\\\/image\\\/\"},\"sameAs\":[\"https:\\\/\\\/www.facebook.com\\\/santjoandalacant\\\/\",\"https:\\\/\\\/www.instagram.com\\\/santjoandalacant\\\/\",\"https:\\\/\\\/www.youtube.com\\\/user\\\/santjoandalacant\"]},{\"@type\":\"Person\",\"@id\":\"https:\\\/\\\/www.santjoandalacant.es\\\/ca\\\/#\\\/schema\\\/person\\\/74b89bc7b26e6edafb76cd69420cd790\",\"name\":\"6tems\",\"image\":{\"@type\":\"ImageObject\",\"inLanguage\":\"va\",\"@id\":\"https:\\\/\\\/secure.gravatar.com\\\/avatar\\\/1c939d9bf86da56568327e5d52b159d089efba17cde140c49884e3fe77ef9c66?s=96&d=mm&r=g\",\"url\":\"https:\\\/\\\/secure.gravatar.com\\\/avatar\\\/1c939d9bf86da56568327e5d52b159d089efba17cde140c49884e3fe77ef9c66?s=96&d=mm&r=g\",\"contentUrl\":\"https:\\\/\\\/secure.gravatar.com\\\/avatar\\\/1c939d9bf86da56568327e5d52b159d089efba17cde140c49884e3fe77ef9c66?s=96&d=mm&r=g\",\"caption\":\"6tems\"},\"sameAs\":[\"https:\\\/\\\/www.santjoandalacant.es\"],\"url\":\"https:\\\/\\\/www.santjoandalacant.es\\\/ca\\\/author\\\/adminasap\\\/\"}]}<\/script>\n<!-- \/ Yoast SEO plugin. -->","yoast_head_json":{"title":"TALLERS CULTURALS 2015-16 - Sant Joan d&#039;Alacant","robots":{"index":"index","follow":"follow","max-snippet":"max-snippet:-1","max-image-preview":"max-image-preview:large","max-video-preview":"max-video-preview:-1"},"canonical":"https:\/\/www.santjoandalacant.es\/ca\/tallers-culturals-2015-16\/","og_locale":"en_US","og_type":"article","og_title":"TALLERS CULTURALS 2015-16 - Sant Joan d&#039;Alacant","og_description":"En els \u00faltims quatre anys han passat m\u00e9s d'1.500 persones pels tallers culturals que organitza la regidoria de Cultura de Sant Joan d'Alacant. Cal destacar la varietat dels mateixos que s'ha anat ajustant segons la demanda dels ciutadans.     A m\u00e9s, s'han realitzat seminaris i cursos intensius d'altres disciplines que anaven demandant molts ve\u00efns, alguns dels quals s'han quedat instaurats com a tallers anuals, com \u00e9s el cas del taller de cer\u00e0mica o el taller de taich\u00ed.","og_url":"https:\/\/www.santjoandalacant.es\/ca\/tallers-culturals-2015-16\/","og_site_name":"Sant Joan d&#039;Alacant","article_publisher":"https:\/\/www.facebook.com\/santjoandalacant\/","article_published_time":"2015-05-12T08:45:59+00:00","og_image":[{"width":1414,"height":2000,"url":"https:\/\/www.santjoandalacant.es\/wp-content\/uploads\/2017\/06\/CARTEL_TALLERES_CULTURALES_2015-16.jpg","type":"image\/jpeg"}],"author":"6tems","twitter_card":"summary_large_image","twitter_misc":{"Written by":"6tems","Est. reading time":"1 minute"},"schema":{"@context":"https:\/\/schema.org","@graph":[{"@type":"Article","@id":"https:\/\/www.santjoandalacant.es\/ca\/tallers-culturals-2015-16\/#article","isPartOf":{"@id":"https:\/\/www.santjoandalacant.es\/ca\/tallers-culturals-2015-16\/"},"author":{"name":"6tems","@id":"https:\/\/www.santjoandalacant.es\/ca\/#\/schema\/person\/74b89bc7b26e6edafb76cd69420cd790"},"headline":"TALLERS CULTURALS 2015-16","datePublished":"2015-05-12T08:45:59+00:00","mainEntityOfPage":{"@id":"https:\/\/www.santjoandalacant.es\/ca\/tallers-culturals-2015-16\/"},"wordCount":204,"commentCount":0,"publisher":{"@id":"https:\/\/www.santjoandalacant.es\/ca\/#organization"},"image":{"@id":"https:\/\/www.santjoandalacant.es\/ca\/tallers-culturals-2015-16\/#primaryimage"},"thumbnailUrl":"https:\/\/www.santjoandalacant.es\/wp-content\/uploads\/2017\/06\/CARTEL_TALLERES_CULTURALES_2015-16.jpg","articleSection":["Sin categorizar"],"inLanguage":"va","potentialAction":[{"@type":"CommentAction","name":"Comment","target":["https:\/\/www.santjoandalacant.es\/ca\/tallers-culturals-2015-16\/#respond"]}]},{"@type":"WebPage","@id":"https:\/\/www.santjoandalacant.es\/ca\/tallers-culturals-2015-16\/","url":"https:\/\/www.santjoandalacant.es\/ca\/tallers-culturals-2015-16\/","name":"TALLERS CULTURALS 2015-16 - Sant Joan d&#039;Alacant","isPartOf":{"@id":"https:\/\/www.santjoandalacant.es\/ca\/#website"},"primaryImageOfPage":{"@id":"https:\/\/www.santjoandalacant.es\/ca\/tallers-culturals-2015-16\/#primaryimage"},"image":{"@id":"https:\/\/www.santjoandalacant.es\/ca\/tallers-culturals-2015-16\/#primaryimage"},"thumbnailUrl":"https:\/\/www.santjoandalacant.es\/wp-content\/uploads\/2017\/06\/CARTEL_TALLERES_CULTURALES_2015-16.jpg","datePublished":"2015-05-12T08:45:59+00:00","breadcrumb":{"@id":"https:\/\/www.santjoandalacant.es\/ca\/tallers-culturals-2015-16\/#breadcrumb"},"inLanguage":"va","potentialAction":[{"@type":"ReadAction","target":["https:\/\/www.santjoandalacant.es\/ca\/tallers-culturals-2015-16\/"]}]},{"@type":"ImageObject","inLanguage":"va","@id":"https:\/\/www.santjoandalacant.es\/ca\/tallers-culturals-2015-16\/#primaryimage","url":"https:\/\/www.santjoandalacant.es\/wp-content\/uploads\/2017\/06\/CARTEL_TALLERES_CULTURALES_2015-16.jpg","contentUrl":"https:\/\/www.santjoandalacant.es\/wp-content\/uploads\/2017\/06\/CARTEL_TALLERES_CULTURALES_2015-16.jpg","width":1414,"height":2000},{"@type":"BreadcrumbList","@id":"https:\/\/www.santjoandalacant.es\/ca\/tallers-culturals-2015-16\/#breadcrumb","itemListElement":[{"@type":"ListItem","position":1,"name":"Inicio","item":"https:\/\/www.santjoandalacant.es\/ca\/"},{"@type":"ListItem","position":2,"name":"TALLERS CULTURALS 2015-16"}]},{"@type":"WebSite","@id":"https:\/\/www.santjoandalacant.es\/ca\/#website","url":"https:\/\/www.santjoandalacant.es\/ca\/","name":"Sant Joan d'Alacant","description":"","publisher":{"@id":"https:\/\/www.santjoandalacant.es\/ca\/#organization"},"potentialAction":[{"@type":"SearchAction","target":{"@type":"EntryPoint","urlTemplate":"https:\/\/www.santjoandalacant.es\/ca\/?s={search_term_string}"},"query-input":{"@type":"PropertyValueSpecification","valueRequired":true,"valueName":"search_term_string"}}],"inLanguage":"va"},{"@type":"Organization","@id":"https:\/\/www.santjoandalacant.es\/ca\/#organization","name":"Sant Joan d'Alacant","url":"https:\/\/www.santjoandalacant.es\/ca\/","logo":{"@type":"ImageObject","inLanguage":"va","@id":"https:\/\/www.santjoandalacant.es\/ca\/#\/schema\/logo\/image\/","url":"https:\/\/www.santjoandalacant.es\/wp-content\/uploads\/2023\/08\/logoSJ.png","contentUrl":"https:\/\/www.santjoandalacant.es\/wp-content\/uploads\/2023\/08\/logoSJ.png","width":198,"height":253,"caption":"Sant Joan d'Alacant"},"image":{"@id":"https:\/\/www.santjoandalacant.es\/ca\/#\/schema\/logo\/image\/"},"sameAs":["https:\/\/www.facebook.com\/santjoandalacant\/","https:\/\/www.instagram.com\/santjoandalacant\/","https:\/\/www.youtube.com\/user\/santjoandalacant"]},{"@type":"Person","@id":"https:\/\/www.santjoandalacant.es\/ca\/#\/schema\/person\/74b89bc7b26e6edafb76cd69420cd790","name":"6tems","image":{"@type":"ImageObject","inLanguage":"va","@id":"https:\/\/secure.gravatar.com\/avatar\/1c939d9bf86da56568327e5d52b159d089efba17cde140c49884e3fe77ef9c66?s=96&d=mm&r=g","url":"https:\/\/secure.gravatar.com\/avatar\/1c939d9bf86da56568327e5d52b159d089efba17cde140c49884e3fe77ef9c66?s=96&d=mm&r=g","contentUrl":"https:\/\/secure.gravatar.com\/avatar\/1c939d9bf86da56568327e5d52b159d089efba17cde140c49884e3fe77ef9c66?s=96&d=mm&r=g","caption":"6tems"},"sameAs":["https:\/\/www.santjoandalacant.es"],"url":"https:\/\/www.santjoandalacant.es\/ca\/author\/adminasap\/"}]}},"_links":{"self":[{"href":"https:\/\/www.santjoandalacant.es\/ca\/wp-json\/wp\/v2\/posts\/76901","targetHints":{"allow":["GET"]}}],"collection":[{"href":"https:\/\/www.santjoandalacant.es\/ca\/wp-json\/wp\/v2\/posts"}],"about":[{"href":"https:\/\/www.santjoandalacant.es\/ca\/wp-json\/wp\/v2\/types\/post"}],"author":[{"embeddable":true,"href":"https:\/\/www.santjoandalacant.es\/ca\/wp-json\/wp\/v2\/users\/1"}],"replies":[{"embeddable":true,"href":"https:\/\/www.santjoandalacant.es\/ca\/wp-json\/wp\/v2\/comments?post=76901"}],"version-history":[{"count":0,"href":"https:\/\/www.santjoandalacant.es\/ca\/wp-json\/wp\/v2\/posts\/76901\/revisions"}],"wp:featuredmedia":[{"embeddable":true,"href":"https:\/\/www.santjoandalacant.es\/ca\/wp-json\/wp\/v2\/media\/29838"}],"wp:attachment":[{"href":"https:\/\/www.santjoandalacant.es\/ca\/wp-json\/wp\/v2\/media?parent=76901"}],"wp:term":[{"taxonomy":"category","embeddable":true,"href":"https:\/\/www.santjoandalacant.es\/ca\/wp-json\/wp\/v2\/categories?post=76901"},{"taxonomy":"post_tag","embeddable":true,"href":"https:\/\/www.santjoandalacant.es\/ca\/wp-json\/wp\/v2\/tags?post=76901"},{"taxonomy":"areas","embeddable":true,"href":"https:\/\/www.santjoandalacant.es\/ca\/wp-json\/wp\/v2\/areas?post=76901"}],"curies":[{"name":"wp","href":"https:\/\/api.w.org\/{rel}","templated":true}]}}