{"id":76913,"date":"2015-05-07T05:55:36","date_gmt":"2015-05-07T05:55:36","guid":{"rendered":"https:\/\/santjoan.developersasapglobalsolution.com\/campionat-de-petanca\/"},"modified":"2015-05-07T05:55:36","modified_gmt":"2015-05-07T05:55:36","slug":"campionat-de-petanca","status":"publish","type":"post","link":"https:\/\/www.santjoandalacant.es\/ca\/campionat-de-petanca\/","title":{"rendered":"CAMPIONAT DE PETANCA"},"content":{"rendered":"<p>\nSant Joan d&#8217;Alacant acollir\u00e0 el cap de setmana vinent una competici\u00f3 molt especial. Les pistes del Club de Petanca Sant Joan albergaran el campionat d&#8217;Espanya de petanca, en modalitat individual, on participaran 16 comunitats aut\u00f2nomes, aix\u00ed com les ciutats de Ceuta i Melilla. Es tracta de la fase pr\u00e8via al campionat d&#8217;Europa, en categoria masculina, o b\u00e9 la fase pr\u00e8via al campionat del M\u00f3n, en el cas de les categories femenina i juvenil.\n<\/p>\n<p>\nUn esdeveniment nacional que situar\u00e0 al municipi com a centre neur\u00e0lgic de l&#8217;esport nacional, de la m\u00e0 de la Federaci\u00f3 Espanyola de Petanca. Aix\u00ed ho explicava el regidor d&#8217;Esports, V\u00edctor Garc\u00eda Berenguer, en roda de premsa aquest mat\u00ed. Una presentaci\u00f3 en la qual participava igualment Juan Quintanilla, president de la Federaci\u00f3 de Petanca de la Comunitat Valenciana, aix\u00ed com Jes\u00fas P\u00e9rez, president del Comit\u00e8 Nacional d&#8217;\u00c0rbitres.\n<\/p>\n<p>\nI \u00e9s que les 16 pistes habituals de l&#8217;actual terreny de joc del local es convertiran en 52. Una acci\u00f3 que &quot;amb prou faenes ha suposat inversi\u00f3 al Consistori&quot; i amb la qual l&#8217;edil espera que el municipi reba un &quot;important efecte retorne quant a turisme i dinamitzaci\u00f3 del comer\u00e7&quot;, segons va afirmar durant la presentaci\u00f3. Es calcula que al voltant de 200 esportistes i altres 250 espectadors acudisquen als diferents esdeveniments del cap de setmana a Sant Joan d&#8217;Alacant.\n<\/p>\n<p>\n<img fetchpriority=\"high\" decoding=\"async\" class=\" size-full wp-image-29893\" src=\"https:\/\/www.santjoandalacant.es\/wp-content\/uploads\/2015\/05\/CAMPEONATO_NACIONAL_DE_PETANCA.jpg\" width=\"500\" height=\"323\" srcset=\"https:\/\/www.santjoandalacant.es\/wp-content\/uploads\/2015\/05\/CAMPEONATO_NACIONAL_DE_PETANCA.jpg 500w, https:\/\/www.santjoandalacant.es\/wp-content\/uploads\/2015\/05\/CAMPEONATO_NACIONAL_DE_PETANCA-300x194.jpg 300w\" sizes=\"(max-width: 500px) 100vw, 500px\" \/>\n<\/p>\n<p>\u00a0<\/p>\n","protected":false},"excerpt":{"rendered":"<p>\nSant Joan d&#8217;Alacant acollir\u00e0 el cap de setmana vinent una competici\u00f3 molt especial. Les pistes del Club de Petanca Sant Joan albergaran el campionat d&#8217;Espanya de petanca, en modalitat individual, on participaran 16 comunitats aut\u00f2nomes, aix\u00ed com les ciutats de Ceuta i Melilla. Es tracta de la fase pr\u00e8via al campionat d&#8217;Europa, en categoria masculina, o b\u00e9 la fase pr\u00e8via al campionat del M\u00f3n, en el cas de les categories femenina i juvenil.<\/p>\n","protected":false},"author":1,"featured_media":29896,"comment_status":"open","ping_status":"open","sticky":false,"template":"","format":"standard","meta":{"_acf_changed":false,"rs_blank_template":"","rs_page_bg_color":"","slide_template_v7":"","footnotes":""},"categories":[1],"tags":[],"areas":[998],"class_list":["post-76913","post","type-post","status-publish","format-standard","has-post-thumbnail","hentry","category-sin-categorizar","areas-deportes-ca"],"acf":[],"yoast_head":"<!-- This site is optimized with the Yoast SEO plugin v28.2 - https:\/\/yoast.com\/product\/yoast-seo-wordpress\/ -->\n<title>CAMPIONAT DE PETANCA - Sant Joan d&#039;Alacant<\/title>\n<meta name=\"robots\" content=\"index, follow, max-snippet:-1, max-image-preview:large, max-video-preview:-1\" \/>\n<link rel=\"canonical\" href=\"https:\/\/www.santjoandalacant.es\/ca\/campionat-de-petanca\/\" \/>\n<meta property=\"og:locale\" content=\"en_US\" \/>\n<meta property=\"og:type\" content=\"article\" \/>\n<meta property=\"og:title\" content=\"CAMPIONAT DE PETANCA - Sant Joan d&#039;Alacant\" \/>\n<meta property=\"og:description\" content=\"Sant Joan d&#039;Alacant acollir\u00e0 el cap de setmana vinent una competici\u00f3 molt especial. Les pistes del Club de Petanca Sant Joan albergaran el campionat d&#039;Espanya de petanca, en modalitat individual, on participaran 16 comunitats aut\u00f2nomes, aix\u00ed com les ciutats de Ceuta i Melilla. Es tracta de la fase pr\u00e8via al campionat d&#039;Europa, en categoria masculina, o b\u00e9 la fase pr\u00e8via al campionat del M\u00f3n, en el cas de les categories femenina i juvenil.\" \/>\n<meta property=\"og:url\" content=\"https:\/\/www.santjoandalacant.es\/ca\/campionat-de-petanca\/\" \/>\n<meta property=\"og:site_name\" content=\"Sant Joan d&#039;Alacant\" \/>\n<meta property=\"article:publisher\" content=\"https:\/\/www.facebook.com\/santjoandalacant\/\" \/>\n<meta property=\"article:published_time\" content=\"2015-05-07T05:55:36+00:00\" \/>\n<meta property=\"og:image\" content=\"https:\/\/www.santjoandalacant.es\/wp-content\/uploads\/2017\/06\/CARTEL_CAMPEONATO_NACIONAL_DE_PETANCA.jpg\" \/>\n\t<meta property=\"og:image:width\" content=\"66\" \/>\n\t<meta property=\"og:image:height\" content=\"66\" \/>\n\t<meta property=\"og:image:type\" content=\"image\/jpeg\" \/>\n<meta name=\"author\" content=\"6tems\" \/>\n<meta name=\"twitter:card\" content=\"summary_large_image\" \/>\n<meta name=\"twitter:label1\" content=\"Written by\" \/>\n\t<meta name=\"twitter:data1\" content=\"6tems\" \/>\n\t<meta name=\"twitter:label2\" content=\"Est. reading time\" \/>\n\t<meta name=\"twitter:data2\" content=\"1 minute\" \/>\n<script type=\"application\/ld+json\" class=\"yoast-schema-graph\">{\"@context\":\"https:\\\/\\\/schema.org\",\"@graph\":[{\"@type\":\"Article\",\"@id\":\"https:\\\/\\\/www.santjoandalacant.es\\\/ca\\\/campionat-de-petanca\\\/#article\",\"isPartOf\":{\"@id\":\"https:\\\/\\\/www.santjoandalacant.es\\\/ca\\\/campionat-de-petanca\\\/\"},\"author\":{\"name\":\"6tems\",\"@id\":\"https:\\\/\\\/www.santjoandalacant.es\\\/ca\\\/#\\\/schema\\\/person\\\/74b89bc7b26e6edafb76cd69420cd790\"},\"headline\":\"CAMPIONAT DE PETANCA\",\"datePublished\":\"2015-05-07T05:55:36+00:00\",\"mainEntityOfPage\":{\"@id\":\"https:\\\/\\\/www.santjoandalacant.es\\\/ca\\\/campionat-de-petanca\\\/\"},\"wordCount\":239,\"commentCount\":0,\"publisher\":{\"@id\":\"https:\\\/\\\/www.santjoandalacant.es\\\/ca\\\/#organization\"},\"image\":{\"@id\":\"https:\\\/\\\/www.santjoandalacant.es\\\/ca\\\/campionat-de-petanca\\\/#primaryimage\"},\"thumbnailUrl\":\"https:\\\/\\\/www.santjoandalacant.es\\\/wp-content\\\/uploads\\\/2017\\\/06\\\/CARTEL_CAMPEONATO_NACIONAL_DE_PETANCA.jpg\",\"articleSection\":[\"Sin categorizar\"],\"inLanguage\":\"va\",\"potentialAction\":[{\"@type\":\"CommentAction\",\"name\":\"Comment\",\"target\":[\"https:\\\/\\\/www.santjoandalacant.es\\\/ca\\\/campionat-de-petanca\\\/#respond\"]}]},{\"@type\":\"WebPage\",\"@id\":\"https:\\\/\\\/www.santjoandalacant.es\\\/ca\\\/campionat-de-petanca\\\/\",\"url\":\"https:\\\/\\\/www.santjoandalacant.es\\\/ca\\\/campionat-de-petanca\\\/\",\"name\":\"CAMPIONAT DE PETANCA - Sant Joan d&#039;Alacant\",\"isPartOf\":{\"@id\":\"https:\\\/\\\/www.santjoandalacant.es\\\/ca\\\/#website\"},\"primaryImageOfPage\":{\"@id\":\"https:\\\/\\\/www.santjoandalacant.es\\\/ca\\\/campionat-de-petanca\\\/#primaryimage\"},\"image\":{\"@id\":\"https:\\\/\\\/www.santjoandalacant.es\\\/ca\\\/campionat-de-petanca\\\/#primaryimage\"},\"thumbnailUrl\":\"https:\\\/\\\/www.santjoandalacant.es\\\/wp-content\\\/uploads\\\/2017\\\/06\\\/CARTEL_CAMPEONATO_NACIONAL_DE_PETANCA.jpg\",\"datePublished\":\"2015-05-07T05:55:36+00:00\",\"breadcrumb\":{\"@id\":\"https:\\\/\\\/www.santjoandalacant.es\\\/ca\\\/campionat-de-petanca\\\/#breadcrumb\"},\"inLanguage\":\"va\",\"potentialAction\":[{\"@type\":\"ReadAction\",\"target\":[\"https:\\\/\\\/www.santjoandalacant.es\\\/ca\\\/campionat-de-petanca\\\/\"]}]},{\"@type\":\"ImageObject\",\"inLanguage\":\"va\",\"@id\":\"https:\\\/\\\/www.santjoandalacant.es\\\/ca\\\/campionat-de-petanca\\\/#primaryimage\",\"url\":\"https:\\\/\\\/www.santjoandalacant.es\\\/wp-content\\\/uploads\\\/2017\\\/06\\\/CARTEL_CAMPEONATO_NACIONAL_DE_PETANCA.jpg\",\"contentUrl\":\"https:\\\/\\\/www.santjoandalacant.es\\\/wp-content\\\/uploads\\\/2017\\\/06\\\/CARTEL_CAMPEONATO_NACIONAL_DE_PETANCA.jpg\",\"width\":66,\"height\":66},{\"@type\":\"BreadcrumbList\",\"@id\":\"https:\\\/\\\/www.santjoandalacant.es\\\/ca\\\/campionat-de-petanca\\\/#breadcrumb\",\"itemListElement\":[{\"@type\":\"ListItem\",\"position\":1,\"name\":\"Inicio\",\"item\":\"https:\\\/\\\/www.santjoandalacant.es\\\/ca\\\/\"},{\"@type\":\"ListItem\",\"position\":2,\"name\":\"CAMPIONAT DE PETANCA\"}]},{\"@type\":\"WebSite\",\"@id\":\"https:\\\/\\\/www.santjoandalacant.es\\\/ca\\\/#website\",\"url\":\"https:\\\/\\\/www.santjoandalacant.es\\\/ca\\\/\",\"name\":\"Sant Joan d'Alacant\",\"description\":\"\",\"publisher\":{\"@id\":\"https:\\\/\\\/www.santjoandalacant.es\\\/ca\\\/#organization\"},\"potentialAction\":[{\"@type\":\"SearchAction\",\"target\":{\"@type\":\"EntryPoint\",\"urlTemplate\":\"https:\\\/\\\/www.santjoandalacant.es\\\/ca\\\/?s={search_term_string}\"},\"query-input\":{\"@type\":\"PropertyValueSpecification\",\"valueRequired\":true,\"valueName\":\"search_term_string\"}}],\"inLanguage\":\"va\"},{\"@type\":\"Organization\",\"@id\":\"https:\\\/\\\/www.santjoandalacant.es\\\/ca\\\/#organization\",\"name\":\"Sant Joan d'Alacant\",\"url\":\"https:\\\/\\\/www.santjoandalacant.es\\\/ca\\\/\",\"logo\":{\"@type\":\"ImageObject\",\"inLanguage\":\"va\",\"@id\":\"https:\\\/\\\/www.santjoandalacant.es\\\/ca\\\/#\\\/schema\\\/logo\\\/image\\\/\",\"url\":\"https:\\\/\\\/www.santjoandalacant.es\\\/wp-content\\\/uploads\\\/2023\\\/08\\\/logoSJ.png\",\"contentUrl\":\"https:\\\/\\\/www.santjoandalacant.es\\\/wp-content\\\/uploads\\\/2023\\\/08\\\/logoSJ.png\",\"width\":198,\"height\":253,\"caption\":\"Sant Joan d'Alacant\"},\"image\":{\"@id\":\"https:\\\/\\\/www.santjoandalacant.es\\\/ca\\\/#\\\/schema\\\/logo\\\/image\\\/\"},\"sameAs\":[\"https:\\\/\\\/www.facebook.com\\\/santjoandalacant\\\/\",\"https:\\\/\\\/www.instagram.com\\\/santjoandalacant\\\/\",\"https:\\\/\\\/www.youtube.com\\\/user\\\/santjoandalacant\"]},{\"@type\":\"Person\",\"@id\":\"https:\\\/\\\/www.santjoandalacant.es\\\/ca\\\/#\\\/schema\\\/person\\\/74b89bc7b26e6edafb76cd69420cd790\",\"name\":\"6tems\",\"image\":{\"@type\":\"ImageObject\",\"inLanguage\":\"va\",\"@id\":\"https:\\\/\\\/secure.gravatar.com\\\/avatar\\\/1c939d9bf86da56568327e5d52b159d089efba17cde140c49884e3fe77ef9c66?s=96&d=mm&r=g\",\"url\":\"https:\\\/\\\/secure.gravatar.com\\\/avatar\\\/1c939d9bf86da56568327e5d52b159d089efba17cde140c49884e3fe77ef9c66?s=96&d=mm&r=g\",\"contentUrl\":\"https:\\\/\\\/secure.gravatar.com\\\/avatar\\\/1c939d9bf86da56568327e5d52b159d089efba17cde140c49884e3fe77ef9c66?s=96&d=mm&r=g\",\"caption\":\"6tems\"},\"sameAs\":[\"https:\\\/\\\/www.santjoandalacant.es\"],\"url\":\"https:\\\/\\\/www.santjoandalacant.es\\\/ca\\\/author\\\/adminasap\\\/\"}]}<\/script>\n<!-- \/ Yoast SEO plugin. -->","yoast_head_json":{"title":"CAMPIONAT DE PETANCA - Sant Joan d&#039;Alacant","robots":{"index":"index","follow":"follow","max-snippet":"max-snippet:-1","max-image-preview":"max-image-preview:large","max-video-preview":"max-video-preview:-1"},"canonical":"https:\/\/www.santjoandalacant.es\/ca\/campionat-de-petanca\/","og_locale":"en_US","og_type":"article","og_title":"CAMPIONAT DE PETANCA - Sant Joan d&#039;Alacant","og_description":"Sant Joan d'Alacant acollir\u00e0 el cap de setmana vinent una competici\u00f3 molt especial. Les pistes del Club de Petanca Sant Joan albergaran el campionat d'Espanya de petanca, en modalitat individual, on participaran 16 comunitats aut\u00f2nomes, aix\u00ed com les ciutats de Ceuta i Melilla. Es tracta de la fase pr\u00e8via al campionat d'Europa, en categoria masculina, o b\u00e9 la fase pr\u00e8via al campionat del M\u00f3n, en el cas de les categories femenina i juvenil.","og_url":"https:\/\/www.santjoandalacant.es\/ca\/campionat-de-petanca\/","og_site_name":"Sant Joan d&#039;Alacant","article_publisher":"https:\/\/www.facebook.com\/santjoandalacant\/","article_published_time":"2015-05-07T05:55:36+00:00","og_image":[{"width":66,"height":66,"url":"https:\/\/www.santjoandalacant.es\/wp-content\/uploads\/2017\/06\/CARTEL_CAMPEONATO_NACIONAL_DE_PETANCA.jpg","type":"image\/jpeg"}],"author":"6tems","twitter_card":"summary_large_image","twitter_misc":{"Written by":"6tems","Est. reading time":"1 minute"},"schema":{"@context":"https:\/\/schema.org","@graph":[{"@type":"Article","@id":"https:\/\/www.santjoandalacant.es\/ca\/campionat-de-petanca\/#article","isPartOf":{"@id":"https:\/\/www.santjoandalacant.es\/ca\/campionat-de-petanca\/"},"author":{"name":"6tems","@id":"https:\/\/www.santjoandalacant.es\/ca\/#\/schema\/person\/74b89bc7b26e6edafb76cd69420cd790"},"headline":"CAMPIONAT DE PETANCA","datePublished":"2015-05-07T05:55:36+00:00","mainEntityOfPage":{"@id":"https:\/\/www.santjoandalacant.es\/ca\/campionat-de-petanca\/"},"wordCount":239,"commentCount":0,"publisher":{"@id":"https:\/\/www.santjoandalacant.es\/ca\/#organization"},"image":{"@id":"https:\/\/www.santjoandalacant.es\/ca\/campionat-de-petanca\/#primaryimage"},"thumbnailUrl":"https:\/\/www.santjoandalacant.es\/wp-content\/uploads\/2017\/06\/CARTEL_CAMPEONATO_NACIONAL_DE_PETANCA.jpg","articleSection":["Sin categorizar"],"inLanguage":"va","potentialAction":[{"@type":"CommentAction","name":"Comment","target":["https:\/\/www.santjoandalacant.es\/ca\/campionat-de-petanca\/#respond"]}]},{"@type":"WebPage","@id":"https:\/\/www.santjoandalacant.es\/ca\/campionat-de-petanca\/","url":"https:\/\/www.santjoandalacant.es\/ca\/campionat-de-petanca\/","name":"CAMPIONAT DE PETANCA - Sant Joan d&#039;Alacant","isPartOf":{"@id":"https:\/\/www.santjoandalacant.es\/ca\/#website"},"primaryImageOfPage":{"@id":"https:\/\/www.santjoandalacant.es\/ca\/campionat-de-petanca\/#primaryimage"},"image":{"@id":"https:\/\/www.santjoandalacant.es\/ca\/campionat-de-petanca\/#primaryimage"},"thumbnailUrl":"https:\/\/www.santjoandalacant.es\/wp-content\/uploads\/2017\/06\/CARTEL_CAMPEONATO_NACIONAL_DE_PETANCA.jpg","datePublished":"2015-05-07T05:55:36+00:00","breadcrumb":{"@id":"https:\/\/www.santjoandalacant.es\/ca\/campionat-de-petanca\/#breadcrumb"},"inLanguage":"va","potentialAction":[{"@type":"ReadAction","target":["https:\/\/www.santjoandalacant.es\/ca\/campionat-de-petanca\/"]}]},{"@type":"ImageObject","inLanguage":"va","@id":"https:\/\/www.santjoandalacant.es\/ca\/campionat-de-petanca\/#primaryimage","url":"https:\/\/www.santjoandalacant.es\/wp-content\/uploads\/2017\/06\/CARTEL_CAMPEONATO_NACIONAL_DE_PETANCA.jpg","contentUrl":"https:\/\/www.santjoandalacant.es\/wp-content\/uploads\/2017\/06\/CARTEL_CAMPEONATO_NACIONAL_DE_PETANCA.jpg","width":66,"height":66},{"@type":"BreadcrumbList","@id":"https:\/\/www.santjoandalacant.es\/ca\/campionat-de-petanca\/#breadcrumb","itemListElement":[{"@type":"ListItem","position":1,"name":"Inicio","item":"https:\/\/www.santjoandalacant.es\/ca\/"},{"@type":"ListItem","position":2,"name":"CAMPIONAT DE PETANCA"}]},{"@type":"WebSite","@id":"https:\/\/www.santjoandalacant.es\/ca\/#website","url":"https:\/\/www.santjoandalacant.es\/ca\/","name":"Sant Joan d'Alacant","description":"","publisher":{"@id":"https:\/\/www.santjoandalacant.es\/ca\/#organization"},"potentialAction":[{"@type":"SearchAction","target":{"@type":"EntryPoint","urlTemplate":"https:\/\/www.santjoandalacant.es\/ca\/?s={search_term_string}"},"query-input":{"@type":"PropertyValueSpecification","valueRequired":true,"valueName":"search_term_string"}}],"inLanguage":"va"},{"@type":"Organization","@id":"https:\/\/www.santjoandalacant.es\/ca\/#organization","name":"Sant Joan d'Alacant","url":"https:\/\/www.santjoandalacant.es\/ca\/","logo":{"@type":"ImageObject","inLanguage":"va","@id":"https:\/\/www.santjoandalacant.es\/ca\/#\/schema\/logo\/image\/","url":"https:\/\/www.santjoandalacant.es\/wp-content\/uploads\/2023\/08\/logoSJ.png","contentUrl":"https:\/\/www.santjoandalacant.es\/wp-content\/uploads\/2023\/08\/logoSJ.png","width":198,"height":253,"caption":"Sant Joan d'Alacant"},"image":{"@id":"https:\/\/www.santjoandalacant.es\/ca\/#\/schema\/logo\/image\/"},"sameAs":["https:\/\/www.facebook.com\/santjoandalacant\/","https:\/\/www.instagram.com\/santjoandalacant\/","https:\/\/www.youtube.com\/user\/santjoandalacant"]},{"@type":"Person","@id":"https:\/\/www.santjoandalacant.es\/ca\/#\/schema\/person\/74b89bc7b26e6edafb76cd69420cd790","name":"6tems","image":{"@type":"ImageObject","inLanguage":"va","@id":"https:\/\/secure.gravatar.com\/avatar\/1c939d9bf86da56568327e5d52b159d089efba17cde140c49884e3fe77ef9c66?s=96&d=mm&r=g","url":"https:\/\/secure.gravatar.com\/avatar\/1c939d9bf86da56568327e5d52b159d089efba17cde140c49884e3fe77ef9c66?s=96&d=mm&r=g","contentUrl":"https:\/\/secure.gravatar.com\/avatar\/1c939d9bf86da56568327e5d52b159d089efba17cde140c49884e3fe77ef9c66?s=96&d=mm&r=g","caption":"6tems"},"sameAs":["https:\/\/www.santjoandalacant.es"],"url":"https:\/\/www.santjoandalacant.es\/ca\/author\/adminasap\/"}]}},"_links":{"self":[{"href":"https:\/\/www.santjoandalacant.es\/ca\/wp-json\/wp\/v2\/posts\/76913","targetHints":{"allow":["GET"]}}],"collection":[{"href":"https:\/\/www.santjoandalacant.es\/ca\/wp-json\/wp\/v2\/posts"}],"about":[{"href":"https:\/\/www.santjoandalacant.es\/ca\/wp-json\/wp\/v2\/types\/post"}],"author":[{"embeddable":true,"href":"https:\/\/www.santjoandalacant.es\/ca\/wp-json\/wp\/v2\/users\/1"}],"replies":[{"embeddable":true,"href":"https:\/\/www.santjoandalacant.es\/ca\/wp-json\/wp\/v2\/comments?post=76913"}],"version-history":[{"count":0,"href":"https:\/\/www.santjoandalacant.es\/ca\/wp-json\/wp\/v2\/posts\/76913\/revisions"}],"wp:featuredmedia":[{"embeddable":true,"href":"https:\/\/www.santjoandalacant.es\/ca\/wp-json\/wp\/v2\/media\/29896"}],"wp:attachment":[{"href":"https:\/\/www.santjoandalacant.es\/ca\/wp-json\/wp\/v2\/media?parent=76913"}],"wp:term":[{"taxonomy":"category","embeddable":true,"href":"https:\/\/www.santjoandalacant.es\/ca\/wp-json\/wp\/v2\/categories?post=76913"},{"taxonomy":"post_tag","embeddable":true,"href":"https:\/\/www.santjoandalacant.es\/ca\/wp-json\/wp\/v2\/tags?post=76913"},{"taxonomy":"areas","embeddable":true,"href":"https:\/\/www.santjoandalacant.es\/ca\/wp-json\/wp\/v2\/areas?post=76913"}],"curies":[{"name":"wp","href":"https:\/\/api.w.org\/{rel}","templated":true}]}}