{"id":76932,"date":"2015-04-22T12:36:43","date_gmt":"2015-04-22T12:36:43","guid":{"rendered":"https:\/\/santjoan.developersasapglobalsolution.com\/dia-del-llibre-23-dabril\/"},"modified":"2015-04-22T12:36:43","modified_gmt":"2015-04-22T12:36:43","slug":"dia-del-llibre-23-dabril","status":"publish","type":"post","link":"https:\/\/www.santjoandalacant.es\/ca\/dia-del-llibre-23-dabril\/","title":{"rendered":"DIA DEL LLIBRE: 23 D&#8217;ABRIL"},"content":{"rendered":"<p>\nEl Centre Cultural, en el n\u00famero 22 de l&#8217;avinguda Rambla de la Llibertat, acollir\u00e0 dijous que ve, 23 d&#8217;abril, la presentaci\u00f3 de dos llibres molt especials, ja que es tracta de dues peces escrites per autors de la localitat. Un acte que donar\u00e0 comen\u00e7ament a les 20 hores i que comptar\u00e0 amb la pres\u00e8ncia de tots dos escriptors.\n<\/p>\n<p>\nI \u00e9s que el Cronista Oficial de la Vila, Isidro Buades, presentar\u00e0 una recopilaci\u00f3 de poemes propis que porta per t\u00edtol &quot;Un maanollet de Poemes&quot;. Per la seua banda, Alfredo el Campello, membre de l&#8217;Associaci\u00f3 Cultural Lloixa, donar\u00e0 a con\u00e8ixer la seua obra &quot;Ap\u00e8ndix a la llista de carrers biogr\u00e0fica de Sant Joan d&#8217;Alcant&quot;.<\/p>\n","protected":false},"excerpt":{"rendered":"<p>\nEl Centre Cultural, en el n\u00famero 22 de l&#8217;avinguda Rambla de la Llibertat, acollir\u00e0 dijous que ve, 23 d&#8217;abril, la presentaci\u00f3 de dos llibres molt especials, ja que es tracta de dues peces escrites per autors de la localitat. Un acte que donar\u00e0 comen\u00e7ament a les 20 hores i que comptar\u00e0 amb la pres\u00e8ncia de tots dos escriptors.<\/p>\n","protected":false},"author":1,"featured_media":29971,"comment_status":"open","ping_status":"open","sticky":false,"template":"","format":"standard","meta":{"_acf_changed":false,"rs_blank_template":"","rs_page_bg_color":"","slide_template_v7":"","footnotes":""},"categories":[1],"tags":[],"areas":[1019],"class_list":["post-76932","post","type-post","status-publish","format-standard","has-post-thumbnail","hentry","category-sin-categorizar","areas-cultura-ca"],"acf":[],"yoast_head":"<!-- This site is optimized with the Yoast SEO plugin v28.2 - https:\/\/yoast.com\/product\/yoast-seo-wordpress\/ -->\n<title>DIA DEL LLIBRE: 23 D&#039;ABRIL - Sant Joan d&#039;Alacant<\/title>\n<meta name=\"robots\" content=\"index, follow, max-snippet:-1, max-image-preview:large, max-video-preview:-1\" \/>\n<link rel=\"canonical\" href=\"https:\/\/www.santjoandalacant.es\/ca\/dia-del-llibre-23-dabril\/\" \/>\n<meta property=\"og:locale\" content=\"en_US\" \/>\n<meta property=\"og:type\" content=\"article\" \/>\n<meta property=\"og:title\" content=\"DIA DEL LLIBRE: 23 D&#039;ABRIL - Sant Joan d&#039;Alacant\" \/>\n<meta property=\"og:description\" content=\"El Centre Cultural, en el n\u00famero 22 de l&#039;avinguda Rambla de la Llibertat, acollir\u00e0 dijous que ve, 23 d&#039;abril, la presentaci\u00f3 de dos llibres molt especials, ja que es tracta de dues peces escrites per autors de la localitat. Un acte que donar\u00e0 comen\u00e7ament a les 20 hores i que comptar\u00e0 amb la pres\u00e8ncia de tots dos escriptors.\" \/>\n<meta property=\"og:url\" content=\"https:\/\/www.santjoandalacant.es\/ca\/dia-del-llibre-23-dabril\/\" \/>\n<meta property=\"og:site_name\" content=\"Sant Joan d&#039;Alacant\" \/>\n<meta property=\"article:publisher\" content=\"https:\/\/www.facebook.com\/santjoandalacant\/\" \/>\n<meta property=\"article:published_time\" content=\"2015-04-22T12:36:43+00:00\" \/>\n<meta property=\"og:image\" content=\"https:\/\/www.santjoandalacant.es\/wp-content\/uploads\/2017\/06\/Cartel_Dia_del_libro_-_copia-scaled.jpg\" \/>\n\t<meta property=\"og:image:width\" content=\"1804\" \/>\n\t<meta property=\"og:image:height\" content=\"2560\" \/>\n\t<meta property=\"og:image:type\" content=\"image\/jpeg\" \/>\n<meta name=\"author\" content=\"6tems\" \/>\n<meta name=\"twitter:card\" content=\"summary_large_image\" \/>\n<meta name=\"twitter:label1\" content=\"Written by\" \/>\n\t<meta name=\"twitter:data1\" content=\"6tems\" \/>\n\t<meta name=\"twitter:label2\" content=\"Est. reading time\" \/>\n\t<meta name=\"twitter:data2\" content=\"1 minute\" \/>\n<script type=\"application\/ld+json\" class=\"yoast-schema-graph\">{\"@context\":\"https:\\\/\\\/schema.org\",\"@graph\":[{\"@type\":\"Article\",\"@id\":\"https:\\\/\\\/www.santjoandalacant.es\\\/ca\\\/dia-del-llibre-23-dabril\\\/#article\",\"isPartOf\":{\"@id\":\"https:\\\/\\\/www.santjoandalacant.es\\\/ca\\\/dia-del-llibre-23-dabril\\\/\"},\"author\":{\"name\":\"6tems\",\"@id\":\"https:\\\/\\\/www.santjoandalacant.es\\\/ca\\\/#\\\/schema\\\/person\\\/74b89bc7b26e6edafb76cd69420cd790\"},\"headline\":\"DIA DEL LLIBRE: 23 D&#8217;ABRIL\",\"datePublished\":\"2015-04-22T12:36:43+00:00\",\"mainEntityOfPage\":{\"@id\":\"https:\\\/\\\/www.santjoandalacant.es\\\/ca\\\/dia-del-llibre-23-dabril\\\/\"},\"wordCount\":129,\"commentCount\":0,\"publisher\":{\"@id\":\"https:\\\/\\\/www.santjoandalacant.es\\\/ca\\\/#organization\"},\"image\":{\"@id\":\"https:\\\/\\\/www.santjoandalacant.es\\\/ca\\\/dia-del-llibre-23-dabril\\\/#primaryimage\"},\"thumbnailUrl\":\"https:\\\/\\\/www.santjoandalacant.es\\\/wp-content\\\/uploads\\\/2017\\\/06\\\/Cartel_Dia_del_libro_-_copia-scaled.jpg\",\"articleSection\":[\"Sin categorizar\"],\"inLanguage\":\"va\",\"potentialAction\":[{\"@type\":\"CommentAction\",\"name\":\"Comment\",\"target\":[\"https:\\\/\\\/www.santjoandalacant.es\\\/ca\\\/dia-del-llibre-23-dabril\\\/#respond\"]}]},{\"@type\":\"WebPage\",\"@id\":\"https:\\\/\\\/www.santjoandalacant.es\\\/ca\\\/dia-del-llibre-23-dabril\\\/\",\"url\":\"https:\\\/\\\/www.santjoandalacant.es\\\/ca\\\/dia-del-llibre-23-dabril\\\/\",\"name\":\"DIA DEL LLIBRE: 23 D'ABRIL - Sant Joan d&#039;Alacant\",\"isPartOf\":{\"@id\":\"https:\\\/\\\/www.santjoandalacant.es\\\/ca\\\/#website\"},\"primaryImageOfPage\":{\"@id\":\"https:\\\/\\\/www.santjoandalacant.es\\\/ca\\\/dia-del-llibre-23-dabril\\\/#primaryimage\"},\"image\":{\"@id\":\"https:\\\/\\\/www.santjoandalacant.es\\\/ca\\\/dia-del-llibre-23-dabril\\\/#primaryimage\"},\"thumbnailUrl\":\"https:\\\/\\\/www.santjoandalacant.es\\\/wp-content\\\/uploads\\\/2017\\\/06\\\/Cartel_Dia_del_libro_-_copia-scaled.jpg\",\"datePublished\":\"2015-04-22T12:36:43+00:00\",\"breadcrumb\":{\"@id\":\"https:\\\/\\\/www.santjoandalacant.es\\\/ca\\\/dia-del-llibre-23-dabril\\\/#breadcrumb\"},\"inLanguage\":\"va\",\"potentialAction\":[{\"@type\":\"ReadAction\",\"target\":[\"https:\\\/\\\/www.santjoandalacant.es\\\/ca\\\/dia-del-llibre-23-dabril\\\/\"]}]},{\"@type\":\"ImageObject\",\"inLanguage\":\"va\",\"@id\":\"https:\\\/\\\/www.santjoandalacant.es\\\/ca\\\/dia-del-llibre-23-dabril\\\/#primaryimage\",\"url\":\"https:\\\/\\\/www.santjoandalacant.es\\\/wp-content\\\/uploads\\\/2017\\\/06\\\/Cartel_Dia_del_libro_-_copia-scaled.jpg\",\"contentUrl\":\"https:\\\/\\\/www.santjoandalacant.es\\\/wp-content\\\/uploads\\\/2017\\\/06\\\/Cartel_Dia_del_libro_-_copia-scaled.jpg\",\"width\":1804,\"height\":2560},{\"@type\":\"BreadcrumbList\",\"@id\":\"https:\\\/\\\/www.santjoandalacant.es\\\/ca\\\/dia-del-llibre-23-dabril\\\/#breadcrumb\",\"itemListElement\":[{\"@type\":\"ListItem\",\"position\":1,\"name\":\"Inicio\",\"item\":\"https:\\\/\\\/www.santjoandalacant.es\\\/ca\\\/\"},{\"@type\":\"ListItem\",\"position\":2,\"name\":\"DIA DEL LLIBRE: 23 D&#8217;ABRIL\"}]},{\"@type\":\"WebSite\",\"@id\":\"https:\\\/\\\/www.santjoandalacant.es\\\/ca\\\/#website\",\"url\":\"https:\\\/\\\/www.santjoandalacant.es\\\/ca\\\/\",\"name\":\"Sant Joan d'Alacant\",\"description\":\"\",\"publisher\":{\"@id\":\"https:\\\/\\\/www.santjoandalacant.es\\\/ca\\\/#organization\"},\"potentialAction\":[{\"@type\":\"SearchAction\",\"target\":{\"@type\":\"EntryPoint\",\"urlTemplate\":\"https:\\\/\\\/www.santjoandalacant.es\\\/ca\\\/?s={search_term_string}\"},\"query-input\":{\"@type\":\"PropertyValueSpecification\",\"valueRequired\":true,\"valueName\":\"search_term_string\"}}],\"inLanguage\":\"va\"},{\"@type\":\"Organization\",\"@id\":\"https:\\\/\\\/www.santjoandalacant.es\\\/ca\\\/#organization\",\"name\":\"Sant Joan d'Alacant\",\"url\":\"https:\\\/\\\/www.santjoandalacant.es\\\/ca\\\/\",\"logo\":{\"@type\":\"ImageObject\",\"inLanguage\":\"va\",\"@id\":\"https:\\\/\\\/www.santjoandalacant.es\\\/ca\\\/#\\\/schema\\\/logo\\\/image\\\/\",\"url\":\"https:\\\/\\\/www.santjoandalacant.es\\\/wp-content\\\/uploads\\\/2023\\\/08\\\/logoSJ.png\",\"contentUrl\":\"https:\\\/\\\/www.santjoandalacant.es\\\/wp-content\\\/uploads\\\/2023\\\/08\\\/logoSJ.png\",\"width\":198,\"height\":253,\"caption\":\"Sant Joan d'Alacant\"},\"image\":{\"@id\":\"https:\\\/\\\/www.santjoandalacant.es\\\/ca\\\/#\\\/schema\\\/logo\\\/image\\\/\"},\"sameAs\":[\"https:\\\/\\\/www.facebook.com\\\/santjoandalacant\\\/\",\"https:\\\/\\\/www.instagram.com\\\/santjoandalacant\\\/\",\"https:\\\/\\\/www.youtube.com\\\/user\\\/santjoandalacant\"]},{\"@type\":\"Person\",\"@id\":\"https:\\\/\\\/www.santjoandalacant.es\\\/ca\\\/#\\\/schema\\\/person\\\/74b89bc7b26e6edafb76cd69420cd790\",\"name\":\"6tems\",\"image\":{\"@type\":\"ImageObject\",\"inLanguage\":\"va\",\"@id\":\"https:\\\/\\\/secure.gravatar.com\\\/avatar\\\/1c939d9bf86da56568327e5d52b159d089efba17cde140c49884e3fe77ef9c66?s=96&d=mm&r=g\",\"url\":\"https:\\\/\\\/secure.gravatar.com\\\/avatar\\\/1c939d9bf86da56568327e5d52b159d089efba17cde140c49884e3fe77ef9c66?s=96&d=mm&r=g\",\"contentUrl\":\"https:\\\/\\\/secure.gravatar.com\\\/avatar\\\/1c939d9bf86da56568327e5d52b159d089efba17cde140c49884e3fe77ef9c66?s=96&d=mm&r=g\",\"caption\":\"6tems\"},\"sameAs\":[\"https:\\\/\\\/www.santjoandalacant.es\"],\"url\":\"https:\\\/\\\/www.santjoandalacant.es\\\/ca\\\/author\\\/adminasap\\\/\"}]}<\/script>\n<!-- \/ Yoast SEO plugin. -->","yoast_head_json":{"title":"DIA DEL LLIBRE: 23 D'ABRIL - Sant Joan d&#039;Alacant","robots":{"index":"index","follow":"follow","max-snippet":"max-snippet:-1","max-image-preview":"max-image-preview:large","max-video-preview":"max-video-preview:-1"},"canonical":"https:\/\/www.santjoandalacant.es\/ca\/dia-del-llibre-23-dabril\/","og_locale":"en_US","og_type":"article","og_title":"DIA DEL LLIBRE: 23 D'ABRIL - Sant Joan d&#039;Alacant","og_description":"El Centre Cultural, en el n\u00famero 22 de l'avinguda Rambla de la Llibertat, acollir\u00e0 dijous que ve, 23 d'abril, la presentaci\u00f3 de dos llibres molt especials, ja que es tracta de dues peces escrites per autors de la localitat. Un acte que donar\u00e0 comen\u00e7ament a les 20 hores i que comptar\u00e0 amb la pres\u00e8ncia de tots dos escriptors.","og_url":"https:\/\/www.santjoandalacant.es\/ca\/dia-del-llibre-23-dabril\/","og_site_name":"Sant Joan d&#039;Alacant","article_publisher":"https:\/\/www.facebook.com\/santjoandalacant\/","article_published_time":"2015-04-22T12:36:43+00:00","og_image":[{"width":1804,"height":2560,"url":"https:\/\/www.santjoandalacant.es\/wp-content\/uploads\/2017\/06\/Cartel_Dia_del_libro_-_copia-scaled.jpg","type":"image\/jpeg"}],"author":"6tems","twitter_card":"summary_large_image","twitter_misc":{"Written by":"6tems","Est. reading time":"1 minute"},"schema":{"@context":"https:\/\/schema.org","@graph":[{"@type":"Article","@id":"https:\/\/www.santjoandalacant.es\/ca\/dia-del-llibre-23-dabril\/#article","isPartOf":{"@id":"https:\/\/www.santjoandalacant.es\/ca\/dia-del-llibre-23-dabril\/"},"author":{"name":"6tems","@id":"https:\/\/www.santjoandalacant.es\/ca\/#\/schema\/person\/74b89bc7b26e6edafb76cd69420cd790"},"headline":"DIA DEL LLIBRE: 23 D&#8217;ABRIL","datePublished":"2015-04-22T12:36:43+00:00","mainEntityOfPage":{"@id":"https:\/\/www.santjoandalacant.es\/ca\/dia-del-llibre-23-dabril\/"},"wordCount":129,"commentCount":0,"publisher":{"@id":"https:\/\/www.santjoandalacant.es\/ca\/#organization"},"image":{"@id":"https:\/\/www.santjoandalacant.es\/ca\/dia-del-llibre-23-dabril\/#primaryimage"},"thumbnailUrl":"https:\/\/www.santjoandalacant.es\/wp-content\/uploads\/2017\/06\/Cartel_Dia_del_libro_-_copia-scaled.jpg","articleSection":["Sin categorizar"],"inLanguage":"va","potentialAction":[{"@type":"CommentAction","name":"Comment","target":["https:\/\/www.santjoandalacant.es\/ca\/dia-del-llibre-23-dabril\/#respond"]}]},{"@type":"WebPage","@id":"https:\/\/www.santjoandalacant.es\/ca\/dia-del-llibre-23-dabril\/","url":"https:\/\/www.santjoandalacant.es\/ca\/dia-del-llibre-23-dabril\/","name":"DIA DEL LLIBRE: 23 D'ABRIL - Sant Joan d&#039;Alacant","isPartOf":{"@id":"https:\/\/www.santjoandalacant.es\/ca\/#website"},"primaryImageOfPage":{"@id":"https:\/\/www.santjoandalacant.es\/ca\/dia-del-llibre-23-dabril\/#primaryimage"},"image":{"@id":"https:\/\/www.santjoandalacant.es\/ca\/dia-del-llibre-23-dabril\/#primaryimage"},"thumbnailUrl":"https:\/\/www.santjoandalacant.es\/wp-content\/uploads\/2017\/06\/Cartel_Dia_del_libro_-_copia-scaled.jpg","datePublished":"2015-04-22T12:36:43+00:00","breadcrumb":{"@id":"https:\/\/www.santjoandalacant.es\/ca\/dia-del-llibre-23-dabril\/#breadcrumb"},"inLanguage":"va","potentialAction":[{"@type":"ReadAction","target":["https:\/\/www.santjoandalacant.es\/ca\/dia-del-llibre-23-dabril\/"]}]},{"@type":"ImageObject","inLanguage":"va","@id":"https:\/\/www.santjoandalacant.es\/ca\/dia-del-llibre-23-dabril\/#primaryimage","url":"https:\/\/www.santjoandalacant.es\/wp-content\/uploads\/2017\/06\/Cartel_Dia_del_libro_-_copia-scaled.jpg","contentUrl":"https:\/\/www.santjoandalacant.es\/wp-content\/uploads\/2017\/06\/Cartel_Dia_del_libro_-_copia-scaled.jpg","width":1804,"height":2560},{"@type":"BreadcrumbList","@id":"https:\/\/www.santjoandalacant.es\/ca\/dia-del-llibre-23-dabril\/#breadcrumb","itemListElement":[{"@type":"ListItem","position":1,"name":"Inicio","item":"https:\/\/www.santjoandalacant.es\/ca\/"},{"@type":"ListItem","position":2,"name":"DIA DEL LLIBRE: 23 D&#8217;ABRIL"}]},{"@type":"WebSite","@id":"https:\/\/www.santjoandalacant.es\/ca\/#website","url":"https:\/\/www.santjoandalacant.es\/ca\/","name":"Sant Joan d'Alacant","description":"","publisher":{"@id":"https:\/\/www.santjoandalacant.es\/ca\/#organization"},"potentialAction":[{"@type":"SearchAction","target":{"@type":"EntryPoint","urlTemplate":"https:\/\/www.santjoandalacant.es\/ca\/?s={search_term_string}"},"query-input":{"@type":"PropertyValueSpecification","valueRequired":true,"valueName":"search_term_string"}}],"inLanguage":"va"},{"@type":"Organization","@id":"https:\/\/www.santjoandalacant.es\/ca\/#organization","name":"Sant Joan d'Alacant","url":"https:\/\/www.santjoandalacant.es\/ca\/","logo":{"@type":"ImageObject","inLanguage":"va","@id":"https:\/\/www.santjoandalacant.es\/ca\/#\/schema\/logo\/image\/","url":"https:\/\/www.santjoandalacant.es\/wp-content\/uploads\/2023\/08\/logoSJ.png","contentUrl":"https:\/\/www.santjoandalacant.es\/wp-content\/uploads\/2023\/08\/logoSJ.png","width":198,"height":253,"caption":"Sant Joan d'Alacant"},"image":{"@id":"https:\/\/www.santjoandalacant.es\/ca\/#\/schema\/logo\/image\/"},"sameAs":["https:\/\/www.facebook.com\/santjoandalacant\/","https:\/\/www.instagram.com\/santjoandalacant\/","https:\/\/www.youtube.com\/user\/santjoandalacant"]},{"@type":"Person","@id":"https:\/\/www.santjoandalacant.es\/ca\/#\/schema\/person\/74b89bc7b26e6edafb76cd69420cd790","name":"6tems","image":{"@type":"ImageObject","inLanguage":"va","@id":"https:\/\/secure.gravatar.com\/avatar\/1c939d9bf86da56568327e5d52b159d089efba17cde140c49884e3fe77ef9c66?s=96&d=mm&r=g","url":"https:\/\/secure.gravatar.com\/avatar\/1c939d9bf86da56568327e5d52b159d089efba17cde140c49884e3fe77ef9c66?s=96&d=mm&r=g","contentUrl":"https:\/\/secure.gravatar.com\/avatar\/1c939d9bf86da56568327e5d52b159d089efba17cde140c49884e3fe77ef9c66?s=96&d=mm&r=g","caption":"6tems"},"sameAs":["https:\/\/www.santjoandalacant.es"],"url":"https:\/\/www.santjoandalacant.es\/ca\/author\/adminasap\/"}]}},"_links":{"self":[{"href":"https:\/\/www.santjoandalacant.es\/ca\/wp-json\/wp\/v2\/posts\/76932","targetHints":{"allow":["GET"]}}],"collection":[{"href":"https:\/\/www.santjoandalacant.es\/ca\/wp-json\/wp\/v2\/posts"}],"about":[{"href":"https:\/\/www.santjoandalacant.es\/ca\/wp-json\/wp\/v2\/types\/post"}],"author":[{"embeddable":true,"href":"https:\/\/www.santjoandalacant.es\/ca\/wp-json\/wp\/v2\/users\/1"}],"replies":[{"embeddable":true,"href":"https:\/\/www.santjoandalacant.es\/ca\/wp-json\/wp\/v2\/comments?post=76932"}],"version-history":[{"count":0,"href":"https:\/\/www.santjoandalacant.es\/ca\/wp-json\/wp\/v2\/posts\/76932\/revisions"}],"wp:featuredmedia":[{"embeddable":true,"href":"https:\/\/www.santjoandalacant.es\/ca\/wp-json\/wp\/v2\/media\/29971"}],"wp:attachment":[{"href":"https:\/\/www.santjoandalacant.es\/ca\/wp-json\/wp\/v2\/media?parent=76932"}],"wp:term":[{"taxonomy":"category","embeddable":true,"href":"https:\/\/www.santjoandalacant.es\/ca\/wp-json\/wp\/v2\/categories?post=76932"},{"taxonomy":"post_tag","embeddable":true,"href":"https:\/\/www.santjoandalacant.es\/ca\/wp-json\/wp\/v2\/tags?post=76932"},{"taxonomy":"areas","embeddable":true,"href":"https:\/\/www.santjoandalacant.es\/ca\/wp-json\/wp\/v2\/areas?post=76932"}],"curies":[{"name":"wp","href":"https:\/\/api.w.org\/{rel}","templated":true}]}}