{"id":76953,"date":"2015-04-09T05:52:35","date_gmt":"2015-04-09T05:52:35","guid":{"rendered":"https:\/\/santjoan.developersasapglobalsolution.com\/lliurament-de-premis-de-lix-certamen-de-narrativa\/"},"modified":"2015-04-09T05:52:35","modified_gmt":"2015-04-09T05:52:35","slug":"lliurament-de-premis-de-lix-certamen-de-narrativa","status":"publish","type":"post","link":"https:\/\/www.santjoandalacant.es\/ca\/lliurament-de-premis-de-lix-certamen-de-narrativa\/","title":{"rendered":"LLIURAMENT DE PREMIS DE L&#8217;IX CERTAMEN DE NARRATIVA"},"content":{"rendered":"<p>\nLa Foguera Plaza Maisonnave i l&#8217;Ajuntament de Sant Joan d&#8217;Alacant donaran a con\u00e8ixer dissabte que ve, 11 d&#8217;abril, al guanyador de l&#8217;IX Certamen de Narrativa de Sant Joan d&#8217;Alacant, concurs de relats breus que convoquen anualment ambdues entitats. I \u00e9s que, despr\u00e9s de la deliberaci\u00f3 del jurat, que ha seleccionat aix\u00ed als dos finalistes, tan solament queda per con\u00e8ixer qui ser\u00e0 el guanyador. Misteri que es resoldr\u00e0 en un esdeveniment que tindr\u00e0 lloc en l&#8217;Auditori Antonio Gil de la Casa de Cultura a partir de les 20 hores.\n<\/p>\n<p>\nDespr\u00e9s de con\u00e8ixer al guanyador del principal premi literari del municipi, aix\u00ed com dels premis de literatura infantil, es donar\u00e0 a con\u00e8ixer tamb\u00e9 el Llibret de Festes. Un llibre preparat amb molt afecte per a tot el col\u00b7lectiu fester de la localitat i especialment per a els qui viuen la festa com a socis i membres de la comissi\u00f3. Finalment, en la mateixa gala es presentar\u00e0 a els qui seran les representants de les Fogueres de Sant Joan d&#8217;Alacant 2015, les belleses i dames majors i infantils, que es proclamaran oficialment en un altre acte.\n<\/p>\n<p>\n<img fetchpriority=\"high\" decoding=\"async\" class=\" size-full wp-image-30063\" src=\"https:\/\/www.santjoandalacant.es\/wp-content\/uploads\/2015\/04\/JURADO_CERTAMEN_DE_NARRATIVA_2015.jpg\" width=\"500\" height=\"345\" srcset=\"https:\/\/www.santjoandalacant.es\/wp-content\/uploads\/2015\/04\/JURADO_CERTAMEN_DE_NARRATIVA_2015.jpg 500w, https:\/\/www.santjoandalacant.es\/wp-content\/uploads\/2015\/04\/JURADO_CERTAMEN_DE_NARRATIVA_2015-300x207.jpg 300w\" sizes=\"(max-width: 500px) 100vw, 500px\" \/>\n<\/p>\n<p align=\"center\">\nEn la imatge (d&#8217;esq. a dta.): Xavi Sala, Alfredo el Campello, Javier Yebes, Conxa Gos\u00e1lbez, Nines Car i Isidro Buades.\n<\/p>\n<p>\n&#160;\n<\/p>\n<p align=\"center\">\nDELIBERACI\u00d3 DEL JURADO DE L&#8217;IX CERTAMEN DE NARRATIVA\n<\/p>\n<p>\n<br \/>\nReunit el jurat el dia 31 de mar\u00e7 de 2015 compost per:\u00a0\n<\/p>\n<ul>\n<li>\u00a0Conxa Gos\u00e1lbez\u00a0&#8211; Bibliotec\u00e0ria Municipal de Sant Joan d&#8217;Alacant\u00a0<\/li>\n<li>\u00a0Francesc Xavier Sala\u00a0&#8211; T\u00e8cnic de Normalitzaci\u00f3 Ling\u00fc\u00edstica de Mutxamel i regidor de Sant Joan d&#8217;Alacant <\/li>\n<li>\u00a0Irene Ramos Soler\u00a0&#8211; Delegada de protocol de la Foguera Plaza Maisonnave i Professora de la Universitat d&#8217;Alacant <\/li>\n<li>Alfredo el Campello Quereda\u00a0&#8211; Membre de l&#8217;Associaci\u00f3 Cultural Lloixa. <\/li>\n<li>Fco. Javier Yebes S\u00e1nchez\u00a0&#8211; Regidor de Cultura i Educaci\u00f3 (President del jurat) <\/li>\n<li>Isidro Buades\u00a0&#8211; Cronista Oficial de la Vila de Sant Joan d&#8217;Alacant (Secretari del Jurado)<\/li>\n<\/ul>\n<p>\nI havent examinat les 130 obres presentades, ha decidit triar com a finalistes a:\n<\/p>\n<ul>\n<li>Antonio Tocornal Blanco, de Mallorca, amb el relat &quot;La carta anual de la senyora Oblide&quot; <\/li>\n<li>Juli\u00e1n Granat Mart\u00ednez, de Mor\u00f3n de la Frontera (Sevilla), amb el relat &quot;Historia d&#8217;una dentadura&quot; <\/li>\n<\/ul>\n<p>\nLa decisi\u00f3 final del jurat es coneixer\u00e0 en la gala de lliurament de premis que tindr\u00e0 lloc el pr\u00f2xim 11 d&#8217;abril a les 20 hores en l&#8217;auditori Antonio Gil de Sant Joan d&#8217;Alacant. El regidor de Cultura lliurar\u00e0 el premi al finalista i l&#8217;Alcalde li far\u00e0 lliurament del premi al guanyador.\n<\/p>\n<p>\nD&#8217;altra banda, una vegada llegits els relats presentats pels alumnes de 5\u00ba i 6\u00ba de prim\u00e0ria dels col\u00b7legis del municipi, ha deliberat com a guanyadors del premi &quot;Ninot Carrefour&quot; a:\n<\/p>\n<ul>\n<li>Pablo Ferr\u00e1ndiz Sellers, alumne de 5\u00ba curs del CEIP Rajoletes, amb el relat &quot;De sobte, en va sorprendre&quot; <\/li>\n<li>Irene Crespo Ramos, alumna de 6\u00ba curs del col\u00b7legi Ntra. Sra. del Carmen, amb el relat &quot;Un pirata diferent&quot; <\/li>\n<\/ul>\n<p>\nFinalistes:\n<\/p>\n<blockquote>\n<p style=\"margin-bottom: 0cm\">\n\t\u2022 Jorge P\u00e9rez Sala\n\t<\/p>\n<p style=\"margin-bottom: 0cm\">\n\t\u2022 Jos\u00e9 Carlos Juan Herrer\u00edas\n\t<\/p>\n<p style=\"margin-bottom: 0cm\">\n\t\u2022 Mar\u00eda Olmedo Baeza\n\t<\/p>\n<p style=\"margin-bottom: 0cm\">\n\t\u2022 Sara Rodr\u00edguez Pastor\n\t<\/p>\n<p style=\"margin-bottom: 0cm\">\n\t\u2022 Luc\u00eda Garc\u00eda Casanovas\n\t<\/p>\n<p style=\"margin-bottom: 0cm\">\n\t\u2022 \u00c1ngela Carrasco Jord\u00e1\n\t<\/p>\n<\/blockquote>\n<p style=\"margin-bottom: 0cm\">\n<br \/>\nEls guanyadors del &quot;Ninot Carrefour&quot; rebran un diploma i una tablet, cortesia de Carrefour Sant Joan, de la m\u00e0 de la Cap d&#8217;Atenci\u00f3 al Client, Donya Guadalupe Gallego Coronilla. Els finalistes rebran un diploma de la m\u00e0 dels membres del jurat i de la presidenta de la Foguera Plaza Maisonnave, Donya Nines Car.\n<\/p>\n<p>\n&#160;<\/p>\n","protected":false},"excerpt":{"rendered":"<p>\nLa Foguera Plaza Maisonnave i l&#8217;Ajuntament de Sant Joan d&#8217;Alacant donaran a con\u00e8ixer dissabte que ve, 11 d&#8217;abril, al guanyador de l&#8217;IX Certamen de Narrativa de Sant Joan d&#8217;Alacant, concurs de relats breus que convoquen anualment ambdues entitats. I \u00e9s que, despr\u00e9s de la deliberaci\u00f3 del jurat, que ha seleccionat aix\u00ed als dos finalistes, tan solament queda per con\u00e8ixer qui ser\u00e0 el guanyador. Misteri que es resoldr\u00e0 en un esdeveniment que tindr\u00e0 lloc en l&#8217;Auditori Antonio Gil de la Casa de Cultura a partir de les 20 hores.<\/p>\n","protected":false},"author":1,"featured_media":30066,"comment_status":"open","ping_status":"open","sticky":false,"template":"","format":"standard","meta":{"_acf_changed":false,"rs_blank_template":"","rs_page_bg_color":"","slide_template_v7":"","footnotes":""},"categories":[1],"tags":[],"areas":[1019],"class_list":["post-76953","post","type-post","status-publish","format-standard","has-post-thumbnail","hentry","category-sin-categorizar","areas-cultura-ca"],"acf":[],"yoast_head":"<!-- This site is optimized with the Yoast SEO plugin v28.2 - https:\/\/yoast.com\/product\/yoast-seo-wordpress\/ -->\n<title>LLIURAMENT DE PREMIS DE L&#039;IX CERTAMEN DE NARRATIVA - Sant Joan d&#039;Alacant<\/title>\n<meta name=\"robots\" content=\"index, follow, max-snippet:-1, max-image-preview:large, max-video-preview:-1\" \/>\n<link rel=\"canonical\" href=\"https:\/\/www.santjoandalacant.es\/ca\/lliurament-de-premis-de-lix-certamen-de-narrativa\/\" \/>\n<meta property=\"og:locale\" content=\"en_US\" \/>\n<meta property=\"og:type\" content=\"article\" \/>\n<meta property=\"og:title\" content=\"LLIURAMENT DE PREMIS DE L&#039;IX CERTAMEN DE NARRATIVA - Sant Joan d&#039;Alacant\" \/>\n<meta property=\"og:description\" content=\"La Foguera Plaza Maisonnave i l&#039;Ajuntament de Sant Joan d&#039;Alacant donaran a con\u00e8ixer dissabte que ve, 11 d&#039;abril, al guanyador de l&#039;IX Certamen de Narrativa de Sant Joan d&#039;Alacant, concurs de relats breus que convoquen anualment ambdues entitats. I \u00e9s que, despr\u00e9s de la deliberaci\u00f3 del jurat, que ha seleccionat aix\u00ed als dos finalistes, tan solament queda per con\u00e8ixer qui ser\u00e0 el guanyador. Misteri que es resoldr\u00e0 en un esdeveniment que tindr\u00e0 lloc en l&#039;Auditori Antonio Gil de la Casa de Cultura a partir de les 20 hores.\" \/>\n<meta property=\"og:url\" content=\"https:\/\/www.santjoandalacant.es\/ca\/lliurament-de-premis-de-lix-certamen-de-narrativa\/\" \/>\n<meta property=\"og:site_name\" content=\"Sant Joan d&#039;Alacant\" \/>\n<meta property=\"article:publisher\" content=\"https:\/\/www.facebook.com\/santjoandalacant\/\" \/>\n<meta property=\"article:published_time\" content=\"2015-04-09T05:52:35+00:00\" \/>\n<meta property=\"og:image\" content=\"https:\/\/www.santjoandalacant.es\/wp-content\/uploads\/2017\/06\/CARTEL_PRESENTACION_HOGUERAS_2015.jpg\" \/>\n\t<meta property=\"og:image:width\" content=\"744\" \/>\n\t<meta property=\"og:image:height\" content=\"1052\" \/>\n\t<meta property=\"og:image:type\" content=\"image\/jpeg\" \/>\n<meta name=\"author\" content=\"6tems\" \/>\n<meta name=\"twitter:card\" content=\"summary_large_image\" \/>\n<meta name=\"twitter:label1\" content=\"Written by\" \/>\n\t<meta name=\"twitter:data1\" content=\"6tems\" \/>\n\t<meta name=\"twitter:label2\" content=\"Est. reading time\" \/>\n\t<meta name=\"twitter:data2\" content=\"3 minutes\" \/>\n<script type=\"application\/ld+json\" class=\"yoast-schema-graph\">{\"@context\":\"https:\\\/\\\/schema.org\",\"@graph\":[{\"@type\":\"Article\",\"@id\":\"https:\\\/\\\/www.santjoandalacant.es\\\/ca\\\/lliurament-de-premis-de-lix-certamen-de-narrativa\\\/#article\",\"isPartOf\":{\"@id\":\"https:\\\/\\\/www.santjoandalacant.es\\\/ca\\\/lliurament-de-premis-de-lix-certamen-de-narrativa\\\/\"},\"author\":{\"name\":\"6tems\",\"@id\":\"https:\\\/\\\/www.santjoandalacant.es\\\/ca\\\/#\\\/schema\\\/person\\\/74b89bc7b26e6edafb76cd69420cd790\"},\"headline\":\"LLIURAMENT DE PREMIS DE L&#8217;IX CERTAMEN DE NARRATIVA\",\"datePublished\":\"2015-04-09T05:52:35+00:00\",\"mainEntityOfPage\":{\"@id\":\"https:\\\/\\\/www.santjoandalacant.es\\\/ca\\\/lliurament-de-premis-de-lix-certamen-de-narrativa\\\/\"},\"wordCount\":596,\"commentCount\":0,\"publisher\":{\"@id\":\"https:\\\/\\\/www.santjoandalacant.es\\\/ca\\\/#organization\"},\"image\":{\"@id\":\"https:\\\/\\\/www.santjoandalacant.es\\\/ca\\\/lliurament-de-premis-de-lix-certamen-de-narrativa\\\/#primaryimage\"},\"thumbnailUrl\":\"https:\\\/\\\/www.santjoandalacant.es\\\/wp-content\\\/uploads\\\/2017\\\/06\\\/CARTEL_PRESENTACION_HOGUERAS_2015.jpg\",\"articleSection\":[\"Sin categorizar\"],\"inLanguage\":\"va\",\"potentialAction\":[{\"@type\":\"CommentAction\",\"name\":\"Comment\",\"target\":[\"https:\\\/\\\/www.santjoandalacant.es\\\/ca\\\/lliurament-de-premis-de-lix-certamen-de-narrativa\\\/#respond\"]}]},{\"@type\":\"WebPage\",\"@id\":\"https:\\\/\\\/www.santjoandalacant.es\\\/ca\\\/lliurament-de-premis-de-lix-certamen-de-narrativa\\\/\",\"url\":\"https:\\\/\\\/www.santjoandalacant.es\\\/ca\\\/lliurament-de-premis-de-lix-certamen-de-narrativa\\\/\",\"name\":\"LLIURAMENT DE PREMIS DE L'IX CERTAMEN DE NARRATIVA - Sant Joan d&#039;Alacant\",\"isPartOf\":{\"@id\":\"https:\\\/\\\/www.santjoandalacant.es\\\/ca\\\/#website\"},\"primaryImageOfPage\":{\"@id\":\"https:\\\/\\\/www.santjoandalacant.es\\\/ca\\\/lliurament-de-premis-de-lix-certamen-de-narrativa\\\/#primaryimage\"},\"image\":{\"@id\":\"https:\\\/\\\/www.santjoandalacant.es\\\/ca\\\/lliurament-de-premis-de-lix-certamen-de-narrativa\\\/#primaryimage\"},\"thumbnailUrl\":\"https:\\\/\\\/www.santjoandalacant.es\\\/wp-content\\\/uploads\\\/2017\\\/06\\\/CARTEL_PRESENTACION_HOGUERAS_2015.jpg\",\"datePublished\":\"2015-04-09T05:52:35+00:00\",\"breadcrumb\":{\"@id\":\"https:\\\/\\\/www.santjoandalacant.es\\\/ca\\\/lliurament-de-premis-de-lix-certamen-de-narrativa\\\/#breadcrumb\"},\"inLanguage\":\"va\",\"potentialAction\":[{\"@type\":\"ReadAction\",\"target\":[\"https:\\\/\\\/www.santjoandalacant.es\\\/ca\\\/lliurament-de-premis-de-lix-certamen-de-narrativa\\\/\"]}]},{\"@type\":\"ImageObject\",\"inLanguage\":\"va\",\"@id\":\"https:\\\/\\\/www.santjoandalacant.es\\\/ca\\\/lliurament-de-premis-de-lix-certamen-de-narrativa\\\/#primaryimage\",\"url\":\"https:\\\/\\\/www.santjoandalacant.es\\\/wp-content\\\/uploads\\\/2017\\\/06\\\/CARTEL_PRESENTACION_HOGUERAS_2015.jpg\",\"contentUrl\":\"https:\\\/\\\/www.santjoandalacant.es\\\/wp-content\\\/uploads\\\/2017\\\/06\\\/CARTEL_PRESENTACION_HOGUERAS_2015.jpg\",\"width\":744,\"height\":1052},{\"@type\":\"BreadcrumbList\",\"@id\":\"https:\\\/\\\/www.santjoandalacant.es\\\/ca\\\/lliurament-de-premis-de-lix-certamen-de-narrativa\\\/#breadcrumb\",\"itemListElement\":[{\"@type\":\"ListItem\",\"position\":1,\"name\":\"Inicio\",\"item\":\"https:\\\/\\\/www.santjoandalacant.es\\\/ca\\\/\"},{\"@type\":\"ListItem\",\"position\":2,\"name\":\"LLIURAMENT DE PREMIS DE L&#8217;IX CERTAMEN DE NARRATIVA\"}]},{\"@type\":\"WebSite\",\"@id\":\"https:\\\/\\\/www.santjoandalacant.es\\\/ca\\\/#website\",\"url\":\"https:\\\/\\\/www.santjoandalacant.es\\\/ca\\\/\",\"name\":\"Sant Joan d'Alacant\",\"description\":\"\",\"publisher\":{\"@id\":\"https:\\\/\\\/www.santjoandalacant.es\\\/ca\\\/#organization\"},\"potentialAction\":[{\"@type\":\"SearchAction\",\"target\":{\"@type\":\"EntryPoint\",\"urlTemplate\":\"https:\\\/\\\/www.santjoandalacant.es\\\/ca\\\/?s={search_term_string}\"},\"query-input\":{\"@type\":\"PropertyValueSpecification\",\"valueRequired\":true,\"valueName\":\"search_term_string\"}}],\"inLanguage\":\"va\"},{\"@type\":\"Organization\",\"@id\":\"https:\\\/\\\/www.santjoandalacant.es\\\/ca\\\/#organization\",\"name\":\"Sant Joan d'Alacant\",\"url\":\"https:\\\/\\\/www.santjoandalacant.es\\\/ca\\\/\",\"logo\":{\"@type\":\"ImageObject\",\"inLanguage\":\"va\",\"@id\":\"https:\\\/\\\/www.santjoandalacant.es\\\/ca\\\/#\\\/schema\\\/logo\\\/image\\\/\",\"url\":\"https:\\\/\\\/www.santjoandalacant.es\\\/wp-content\\\/uploads\\\/2023\\\/08\\\/logoSJ.png\",\"contentUrl\":\"https:\\\/\\\/www.santjoandalacant.es\\\/wp-content\\\/uploads\\\/2023\\\/08\\\/logoSJ.png\",\"width\":198,\"height\":253,\"caption\":\"Sant Joan d'Alacant\"},\"image\":{\"@id\":\"https:\\\/\\\/www.santjoandalacant.es\\\/ca\\\/#\\\/schema\\\/logo\\\/image\\\/\"},\"sameAs\":[\"https:\\\/\\\/www.facebook.com\\\/santjoandalacant\\\/\",\"https:\\\/\\\/www.instagram.com\\\/santjoandalacant\\\/\",\"https:\\\/\\\/www.youtube.com\\\/user\\\/santjoandalacant\"]},{\"@type\":\"Person\",\"@id\":\"https:\\\/\\\/www.santjoandalacant.es\\\/ca\\\/#\\\/schema\\\/person\\\/74b89bc7b26e6edafb76cd69420cd790\",\"name\":\"6tems\",\"image\":{\"@type\":\"ImageObject\",\"inLanguage\":\"va\",\"@id\":\"https:\\\/\\\/secure.gravatar.com\\\/avatar\\\/1c939d9bf86da56568327e5d52b159d089efba17cde140c49884e3fe77ef9c66?s=96&d=mm&r=g\",\"url\":\"https:\\\/\\\/secure.gravatar.com\\\/avatar\\\/1c939d9bf86da56568327e5d52b159d089efba17cde140c49884e3fe77ef9c66?s=96&d=mm&r=g\",\"contentUrl\":\"https:\\\/\\\/secure.gravatar.com\\\/avatar\\\/1c939d9bf86da56568327e5d52b159d089efba17cde140c49884e3fe77ef9c66?s=96&d=mm&r=g\",\"caption\":\"6tems\"},\"sameAs\":[\"https:\\\/\\\/www.santjoandalacant.es\"],\"url\":\"https:\\\/\\\/www.santjoandalacant.es\\\/ca\\\/author\\\/adminasap\\\/\"}]}<\/script>\n<!-- \/ Yoast SEO plugin. -->","yoast_head_json":{"title":"LLIURAMENT DE PREMIS DE L'IX CERTAMEN DE NARRATIVA - Sant Joan d&#039;Alacant","robots":{"index":"index","follow":"follow","max-snippet":"max-snippet:-1","max-image-preview":"max-image-preview:large","max-video-preview":"max-video-preview:-1"},"canonical":"https:\/\/www.santjoandalacant.es\/ca\/lliurament-de-premis-de-lix-certamen-de-narrativa\/","og_locale":"en_US","og_type":"article","og_title":"LLIURAMENT DE PREMIS DE L'IX CERTAMEN DE NARRATIVA - Sant Joan d&#039;Alacant","og_description":"La Foguera Plaza Maisonnave i l'Ajuntament de Sant Joan d'Alacant donaran a con\u00e8ixer dissabte que ve, 11 d'abril, al guanyador de l'IX Certamen de Narrativa de Sant Joan d'Alacant, concurs de relats breus que convoquen anualment ambdues entitats. I \u00e9s que, despr\u00e9s de la deliberaci\u00f3 del jurat, que ha seleccionat aix\u00ed als dos finalistes, tan solament queda per con\u00e8ixer qui ser\u00e0 el guanyador. Misteri que es resoldr\u00e0 en un esdeveniment que tindr\u00e0 lloc en l'Auditori Antonio Gil de la Casa de Cultura a partir de les 20 hores.","og_url":"https:\/\/www.santjoandalacant.es\/ca\/lliurament-de-premis-de-lix-certamen-de-narrativa\/","og_site_name":"Sant Joan d&#039;Alacant","article_publisher":"https:\/\/www.facebook.com\/santjoandalacant\/","article_published_time":"2015-04-09T05:52:35+00:00","og_image":[{"width":744,"height":1052,"url":"https:\/\/www.santjoandalacant.es\/wp-content\/uploads\/2017\/06\/CARTEL_PRESENTACION_HOGUERAS_2015.jpg","type":"image\/jpeg"}],"author":"6tems","twitter_card":"summary_large_image","twitter_misc":{"Written by":"6tems","Est. reading time":"3 minutes"},"schema":{"@context":"https:\/\/schema.org","@graph":[{"@type":"Article","@id":"https:\/\/www.santjoandalacant.es\/ca\/lliurament-de-premis-de-lix-certamen-de-narrativa\/#article","isPartOf":{"@id":"https:\/\/www.santjoandalacant.es\/ca\/lliurament-de-premis-de-lix-certamen-de-narrativa\/"},"author":{"name":"6tems","@id":"https:\/\/www.santjoandalacant.es\/ca\/#\/schema\/person\/74b89bc7b26e6edafb76cd69420cd790"},"headline":"LLIURAMENT DE PREMIS DE L&#8217;IX CERTAMEN DE NARRATIVA","datePublished":"2015-04-09T05:52:35+00:00","mainEntityOfPage":{"@id":"https:\/\/www.santjoandalacant.es\/ca\/lliurament-de-premis-de-lix-certamen-de-narrativa\/"},"wordCount":596,"commentCount":0,"publisher":{"@id":"https:\/\/www.santjoandalacant.es\/ca\/#organization"},"image":{"@id":"https:\/\/www.santjoandalacant.es\/ca\/lliurament-de-premis-de-lix-certamen-de-narrativa\/#primaryimage"},"thumbnailUrl":"https:\/\/www.santjoandalacant.es\/wp-content\/uploads\/2017\/06\/CARTEL_PRESENTACION_HOGUERAS_2015.jpg","articleSection":["Sin categorizar"],"inLanguage":"va","potentialAction":[{"@type":"CommentAction","name":"Comment","target":["https:\/\/www.santjoandalacant.es\/ca\/lliurament-de-premis-de-lix-certamen-de-narrativa\/#respond"]}]},{"@type":"WebPage","@id":"https:\/\/www.santjoandalacant.es\/ca\/lliurament-de-premis-de-lix-certamen-de-narrativa\/","url":"https:\/\/www.santjoandalacant.es\/ca\/lliurament-de-premis-de-lix-certamen-de-narrativa\/","name":"LLIURAMENT DE PREMIS DE L'IX CERTAMEN DE NARRATIVA - Sant Joan d&#039;Alacant","isPartOf":{"@id":"https:\/\/www.santjoandalacant.es\/ca\/#website"},"primaryImageOfPage":{"@id":"https:\/\/www.santjoandalacant.es\/ca\/lliurament-de-premis-de-lix-certamen-de-narrativa\/#primaryimage"},"image":{"@id":"https:\/\/www.santjoandalacant.es\/ca\/lliurament-de-premis-de-lix-certamen-de-narrativa\/#primaryimage"},"thumbnailUrl":"https:\/\/www.santjoandalacant.es\/wp-content\/uploads\/2017\/06\/CARTEL_PRESENTACION_HOGUERAS_2015.jpg","datePublished":"2015-04-09T05:52:35+00:00","breadcrumb":{"@id":"https:\/\/www.santjoandalacant.es\/ca\/lliurament-de-premis-de-lix-certamen-de-narrativa\/#breadcrumb"},"inLanguage":"va","potentialAction":[{"@type":"ReadAction","target":["https:\/\/www.santjoandalacant.es\/ca\/lliurament-de-premis-de-lix-certamen-de-narrativa\/"]}]},{"@type":"ImageObject","inLanguage":"va","@id":"https:\/\/www.santjoandalacant.es\/ca\/lliurament-de-premis-de-lix-certamen-de-narrativa\/#primaryimage","url":"https:\/\/www.santjoandalacant.es\/wp-content\/uploads\/2017\/06\/CARTEL_PRESENTACION_HOGUERAS_2015.jpg","contentUrl":"https:\/\/www.santjoandalacant.es\/wp-content\/uploads\/2017\/06\/CARTEL_PRESENTACION_HOGUERAS_2015.jpg","width":744,"height":1052},{"@type":"BreadcrumbList","@id":"https:\/\/www.santjoandalacant.es\/ca\/lliurament-de-premis-de-lix-certamen-de-narrativa\/#breadcrumb","itemListElement":[{"@type":"ListItem","position":1,"name":"Inicio","item":"https:\/\/www.santjoandalacant.es\/ca\/"},{"@type":"ListItem","position":2,"name":"LLIURAMENT DE PREMIS DE L&#8217;IX CERTAMEN DE NARRATIVA"}]},{"@type":"WebSite","@id":"https:\/\/www.santjoandalacant.es\/ca\/#website","url":"https:\/\/www.santjoandalacant.es\/ca\/","name":"Sant Joan d'Alacant","description":"","publisher":{"@id":"https:\/\/www.santjoandalacant.es\/ca\/#organization"},"potentialAction":[{"@type":"SearchAction","target":{"@type":"EntryPoint","urlTemplate":"https:\/\/www.santjoandalacant.es\/ca\/?s={search_term_string}"},"query-input":{"@type":"PropertyValueSpecification","valueRequired":true,"valueName":"search_term_string"}}],"inLanguage":"va"},{"@type":"Organization","@id":"https:\/\/www.santjoandalacant.es\/ca\/#organization","name":"Sant Joan d'Alacant","url":"https:\/\/www.santjoandalacant.es\/ca\/","logo":{"@type":"ImageObject","inLanguage":"va","@id":"https:\/\/www.santjoandalacant.es\/ca\/#\/schema\/logo\/image\/","url":"https:\/\/www.santjoandalacant.es\/wp-content\/uploads\/2023\/08\/logoSJ.png","contentUrl":"https:\/\/www.santjoandalacant.es\/wp-content\/uploads\/2023\/08\/logoSJ.png","width":198,"height":253,"caption":"Sant Joan d'Alacant"},"image":{"@id":"https:\/\/www.santjoandalacant.es\/ca\/#\/schema\/logo\/image\/"},"sameAs":["https:\/\/www.facebook.com\/santjoandalacant\/","https:\/\/www.instagram.com\/santjoandalacant\/","https:\/\/www.youtube.com\/user\/santjoandalacant"]},{"@type":"Person","@id":"https:\/\/www.santjoandalacant.es\/ca\/#\/schema\/person\/74b89bc7b26e6edafb76cd69420cd790","name":"6tems","image":{"@type":"ImageObject","inLanguage":"va","@id":"https:\/\/secure.gravatar.com\/avatar\/1c939d9bf86da56568327e5d52b159d089efba17cde140c49884e3fe77ef9c66?s=96&d=mm&r=g","url":"https:\/\/secure.gravatar.com\/avatar\/1c939d9bf86da56568327e5d52b159d089efba17cde140c49884e3fe77ef9c66?s=96&d=mm&r=g","contentUrl":"https:\/\/secure.gravatar.com\/avatar\/1c939d9bf86da56568327e5d52b159d089efba17cde140c49884e3fe77ef9c66?s=96&d=mm&r=g","caption":"6tems"},"sameAs":["https:\/\/www.santjoandalacant.es"],"url":"https:\/\/www.santjoandalacant.es\/ca\/author\/adminasap\/"}]}},"_links":{"self":[{"href":"https:\/\/www.santjoandalacant.es\/ca\/wp-json\/wp\/v2\/posts\/76953","targetHints":{"allow":["GET"]}}],"collection":[{"href":"https:\/\/www.santjoandalacant.es\/ca\/wp-json\/wp\/v2\/posts"}],"about":[{"href":"https:\/\/www.santjoandalacant.es\/ca\/wp-json\/wp\/v2\/types\/post"}],"author":[{"embeddable":true,"href":"https:\/\/www.santjoandalacant.es\/ca\/wp-json\/wp\/v2\/users\/1"}],"replies":[{"embeddable":true,"href":"https:\/\/www.santjoandalacant.es\/ca\/wp-json\/wp\/v2\/comments?post=76953"}],"version-history":[{"count":0,"href":"https:\/\/www.santjoandalacant.es\/ca\/wp-json\/wp\/v2\/posts\/76953\/revisions"}],"wp:featuredmedia":[{"embeddable":true,"href":"https:\/\/www.santjoandalacant.es\/ca\/wp-json\/wp\/v2\/media\/30066"}],"wp:attachment":[{"href":"https:\/\/www.santjoandalacant.es\/ca\/wp-json\/wp\/v2\/media?parent=76953"}],"wp:term":[{"taxonomy":"category","embeddable":true,"href":"https:\/\/www.santjoandalacant.es\/ca\/wp-json\/wp\/v2\/categories?post=76953"},{"taxonomy":"post_tag","embeddable":true,"href":"https:\/\/www.santjoandalacant.es\/ca\/wp-json\/wp\/v2\/tags?post=76953"},{"taxonomy":"areas","embeddable":true,"href":"https:\/\/www.santjoandalacant.es\/ca\/wp-json\/wp\/v2\/areas?post=76953"}],"curies":[{"name":"wp","href":"https:\/\/api.w.org\/{rel}","templated":true}]}}