{"id":76978,"date":"2015-03-24T07:11:41","date_gmt":"2015-03-24T07:11:41","guid":{"rendered":"https:\/\/santjoan.developersasapglobalsolution.com\/prego-de-setmana-santa\/"},"modified":"2015-03-24T07:11:41","modified_gmt":"2015-03-24T07:11:41","slug":"prego-de-setmana-santa","status":"publish","type":"post","link":"https:\/\/www.santjoandalacant.es\/ca\/prego-de-setmana-santa\/","title":{"rendered":"PREG\u00d3 DE SETMANA SANTA"},"content":{"rendered":"<p>\nLa proximitat de la Setmana Santa fa que aquests dies se succe\u00efsquen els actes organitzats per la Junta Major de Confraries i Germanors de Sant Joan d&#8217;Alacant. Dimecres passat, 18 de mar\u00e7, es va inaugurar la XVII Exposici\u00f3 Fotogr\u00e0fica, dedicada enguany al 75 Aniversari de dues imatges, el Sant\u00edssim Crist de la Pau i Jes\u00fas Nazareno, arribades a la Setmana Santa de la localitat en 1940 i de les quals ara s&#8217;ofereix en la Sala d&#8217;Exposicions &#8216;Pablo Lau&#8217; un recorregut hist\u00f2ric per aquests 75 anys de traject\u00f2ria.\n<\/p>\n<p>\nEn aqueix mateix acte es van lliurar els premis del V Concurs Fotogr\u00e0fic de la Setmana Santa de Sant Joan d&#8217;Alacant, les fotos guanyadores de la qual i finalistes tamb\u00e9 estan exposades en la Casa de Cultura fins al 6 d&#8217;abril. D&#8217;aquesta manera, el Primer Premi (dotat amb 100 euros, una cer\u00e0mica i un \u00e0lbum fotogr\u00e0fic digital professional) va ser per a l&#8217;obra &#8216;El Silenci&#8217;, de Vicente Mart\u00ednez Hern\u00e1ndez, els dos Acc\u00e9sits a Juan Rafael Amat Ortega, per l&#8217;obra &#8216;Devoci\u00f3&#8217;, i Antonio Sogorb Aragon\u00e9s per &#8216;Sant Sagrament&#8217;, mentre que Manuel Francisco S\u00e1nchez V\u00e1zquez va rebre un Esment Especial del Jurado, per l&#8217;obra &#8216;Luz&#8217;.\n<\/p>\n<p>\nEls dos acc\u00e9sits i l&#8217;esment del jurat van obtenir un \u00e0lbum fotogr\u00e0fic digital, concedit igual que l&#8217;\u00e0lbum professional per de Foto Digital Discount. El jurat, compost pel fot\u00f2graf i vicepresident de l&#8217;Associaci\u00f3 d&#8217;Artistes Alacantins, Julio Escribano, el fot\u00f2graf i vicepresident de l&#8217;Associaci\u00f3 Fotoexcursiones Alacant, Fernando Mart\u00ednez, i el vicepresident de la Junta Major, Jos\u00e9 Pascual Ferr\u00e1ndiz, va prendre aquesta decisi\u00f3 despr\u00e9s de valorar entre 42 fotografies presentades al certamen, realitzades per 16 autors diferents, xifres de participaci\u00f3 molt superiors a la d&#8217;anys anteriors.\n<\/p>\n<p>\n<br \/>\nEn la pr\u00f2xima Setmana Santa tornar\u00e0 a haver-hi concurs fotogr\u00e0fic, on la Junta Major espera mantenir les xifres de participaci\u00f3 de l&#8217;edici\u00f3 anterior. Com tamb\u00e9 s&#8217;espera que s&#8217;unisquen al certamen els components de l&#8217;Associaci\u00f3 Fotoexcursiones Alacant, un col\u00b7lectiu de fot\u00f2grafs establits a Sant Joan, que l&#8217;any 2014 van deixar patente la seua qualitat amb les fotos presentades, algunes d&#8217;elles guanyadores de premis.\n<\/p>\n<p>\n<img fetchpriority=\"high\" decoding=\"async\" class=\" size-full wp-image-30154\" src=\"https:\/\/www.santjoandalacant.es\/wp-content\/uploads\/2015\/03\/PREMIOS_CONCURSO_DE_FOTOS_0.jpg\" width=\"500\" height=\"305\" srcset=\"https:\/\/www.santjoandalacant.es\/wp-content\/uploads\/2015\/03\/PREMIOS_CONCURSO_DE_FOTOS_0.jpg 500w, https:\/\/www.santjoandalacant.es\/wp-content\/uploads\/2015\/03\/PREMIOS_CONCURSO_DE_FOTOS_0-300x183.jpg 300w\" sizes=\"(max-width: 500px) 100vw, 500px\" \/>\n<\/p>\n<p align=\"center\">\nPremiats en el V Concurs Fotogr\u00e0fic\n<\/p>\n<p>\nRespecte a l&#8217;exposici\u00f3 dedicada al doble 75 Aniversari de les imatges del Sant\u00edssim Crist de la Pau i Jes\u00fas Nazareno, cal destacar que a m\u00e9s d&#8217;una \u00e0mplia col\u00b7lecci\u00f3 de fotografies hist\u00f2riques, on es veu l&#8217;evoluci\u00f3 de les respectives confraries (dels seus trinats, els seus vestas, els seus estris processionals), s&#8217;ofereixen uns documents originals manuscrits, que el sacerdot Francisco de Paula Seva Gadea va escriure en 1940, sobre el saqueig i destrucci\u00f3 de l&#8217;Esgl\u00e9sia de Sant Joan Baptista durant la Guerra Civil, i com va tornar a recuperar les imatges cremades, com va ser el cas del Crist i el Nazareno. Aquests quaderns, juntament amb la factura original de la imatge de Jes\u00fas Nazareno i la correspond\u00e8ncia que van mantenir el capell\u00e0 Francisco Seva i l&#8217;escultor Enrique Bellido, han sigut cedits per a l&#8217;exposici\u00f3 per Manuel Ivorra Alberola i el seu fill Manuel Ivorra Mar\u00edn.\n<\/p>\n<p>\nL&#8217;alcalde Manuel Aracil i el president de la Junta Major de Confraries, Jos\u00e9 Manuel Caturla, van anar els encarregats d&#8217;inaugurar la mostra, en un acte al que van acudir diversos components de l&#8217;equip de govern local, representants de diverses entitats socials, culturals i religioses, aix\u00ed com c\u00e0rrecs de la Comissi\u00f3 de Festes del Crist de la Pau, la Foguera Pla\u00e7a Maisonnave, les Festes de Fabraquer o les Dames de la Tercera Edat.\n<\/p>\n<p>\n<img decoding=\"async\" class=\" size-full wp-image-30156\" src=\"https:\/\/www.santjoandalacant.es\/wp-content\/uploads\/2015\/03\/EXPO_SEMANA_SANTA.jpg\" width=\"500\" height=\"299\" srcset=\"https:\/\/www.santjoandalacant.es\/wp-content\/uploads\/2015\/03\/EXPO_SEMANA_SANTA.jpg 500w, https:\/\/www.santjoandalacant.es\/wp-content\/uploads\/2015\/03\/EXPO_SEMANA_SANTA-300x179.jpg 300w\" sizes=\"(max-width: 500px) 100vw, 500px\" \/>\n<\/p>\n<p align=\"center\">\n\u00a0Exposici\u00f3 de la Setmana Santa\n<\/p>\n<p>\n<br \/>\nJa el dissabte, la Junta Major de Confraries i Germanors va obrir de forma oficial la Setmana Santa 2015 amb la lectura del Preg\u00f3. Enguany, la persona triada per a pregonar la Setmana Santa va ser el president de la Comissi\u00f3 Organitzadora del 75 Aniversari de l&#8217;Arribada de la Imatge del Sant\u00edssim Crist de la Pau a Sant Joan d&#8217;Alacant, Carlos Sala, que al seu torn \u00e9s el President d&#8217;Honor de la Junta Major de Confraries.\n<\/p>\n<p>\n<br \/>\nFins avui, Carlos Sala, primer president de la Junta de Confraries i vinculat tamb\u00e9, durant anys, al m\u00f3n de les fogueres, no havia pregonat mai la Setmana Santa. Enguany, en coincidir el seu c\u00e0rrec al capdavant de la Comissi\u00f3 del 75 Aniversari, es va pensar en ell com a nexe d&#8217;uni\u00f3 entre la Setmana Santa i la celebraci\u00f3 d&#8217;un esdeveniment que va portar al Bisbat d&#8217;Oriola-Alacant a concedir l&#8217;Any Jubilar a la celebraci\u00f3 del Sant\u00edssim Crist de la Pau.\n<\/p>\n<p>\n<br \/>\nAbans del Preg\u00f3, la Junta Major celebrar\u00f3 en el Temple Parroquial la Missa Oficial en record dels seus confrares difunts. A m\u00e9s, per a finalitzar l&#8217;acte del Preg\u00f3, es va dur a terme una actuaci\u00f3 del Quartet Solista de l&#8217;Orfe\u00f3 Cant\u00e1bile, compost per la soprano Ascensi\u00f3n Perona, l&#8217;alt Jaione Intxauspe, el tenor Roberto Gal\u00e1n i el baix Ram\u00f3n S\u00e1nchez. Els quatre van ser dirigits, al piano, per Luis Segu\u00ed, oferint un petit concert basat en conegudes composicions polif\u00f2niques religioses, amb les quals es va posar un tancament musical al Preg\u00f3 Oficial de la Setmana Santa 2015. <\/p>\n<p><\/p>\n","protected":false},"excerpt":{"rendered":"<p>\nLa proximitat de la Setmana Santa fa que aquests dies se succe\u00efsquen els actes organitzats per la Junta Major de Confraries i Germanors de Sant Joan d&#8217;Alacant. Dimecres passat, 18 de mar\u00e7, es va inaugurar la XVII Exposici\u00f3 Fotogr\u00e0fica, dedicada enguany al 75 Aniversari de dues imatges, el Sant\u00edssim Crist de la Pau i Jes\u00fas Nazareno, arribades a la Setmana Santa de la localitat en 1940 i de les quals ara s&#8217;ofereix en la Sala d&#8217;Exposicions &#8216;Pablo Lau&#8217; un recorregut hist\u00f2ric per aquests 75 anys de traject\u00f2ria.<\/p>\n","protected":false},"author":1,"featured_media":30152,"comment_status":"open","ping_status":"open","sticky":false,"template":"","format":"standard","meta":{"_acf_changed":false,"rs_blank_template":"","rs_page_bg_color":"","slide_template_v7":"","footnotes":""},"categories":[1],"tags":[],"areas":[1026],"class_list":["post-76978","post","type-post","status-publish","format-standard","has-post-thumbnail","hentry","category-sin-categorizar","areas-alcaldia-ca"],"acf":[],"yoast_head":"<!-- This site is optimized with the Yoast SEO plugin v28.2 - https:\/\/yoast.com\/product\/yoast-seo-wordpress\/ -->\n<title>PREG\u00d3 DE SETMANA SANTA - Sant Joan d&#039;Alacant<\/title>\n<meta name=\"robots\" content=\"index, follow, max-snippet:-1, max-image-preview:large, max-video-preview:-1\" \/>\n<link rel=\"canonical\" href=\"https:\/\/www.santjoandalacant.es\/ca\/prego-de-setmana-santa\/\" \/>\n<meta property=\"og:locale\" content=\"en_US\" \/>\n<meta property=\"og:type\" content=\"article\" \/>\n<meta property=\"og:title\" content=\"PREG\u00d3 DE SETMANA SANTA - Sant Joan d&#039;Alacant\" \/>\n<meta property=\"og:description\" content=\"La proximitat de la Setmana Santa fa que aquests dies se succe\u00efsquen els actes organitzats per la Junta Major de Confraries i Germanors de Sant Joan d&#039;Alacant. Dimecres passat, 18 de mar\u00e7, es va inaugurar la XVII Exposici\u00f3 Fotogr\u00e0fica, dedicada enguany al 75 Aniversari de dues imatges, el Sant\u00edssim Crist de la Pau i Jes\u00fas Nazareno, arribades a la Setmana Santa de la localitat en 1940 i de les quals ara s&#039;ofereix en la Sala d&#039;Exposicions &#039;Pablo Lau&#039; un recorregut hist\u00f2ric per aquests 75 anys de traject\u00f2ria.\" \/>\n<meta property=\"og:url\" content=\"https:\/\/www.santjoandalacant.es\/ca\/prego-de-setmana-santa\/\" \/>\n<meta property=\"og:site_name\" content=\"Sant Joan d&#039;Alacant\" \/>\n<meta property=\"article:publisher\" content=\"https:\/\/www.facebook.com\/santjoandalacant\/\" \/>\n<meta property=\"article:published_time\" content=\"2015-03-24T07:11:41+00:00\" \/>\n<meta property=\"og:image\" content=\"https:\/\/www.santjoandalacant.es\/wp-content\/uploads\/2017\/06\/PREGON_SEMANA_SANTA_2015.jpg\" \/>\n\t<meta property=\"og:image:width\" content=\"526\" \/>\n\t<meta property=\"og:image:height\" content=\"400\" \/>\n\t<meta property=\"og:image:type\" content=\"image\/jpeg\" \/>\n<meta name=\"author\" content=\"6tems\" \/>\n<meta name=\"twitter:card\" content=\"summary_large_image\" \/>\n<meta name=\"twitter:label1\" content=\"Written by\" \/>\n\t<meta name=\"twitter:data1\" content=\"6tems\" \/>\n\t<meta name=\"twitter:label2\" content=\"Est. reading time\" \/>\n\t<meta name=\"twitter:data2\" content=\"4 minutes\" \/>\n<script type=\"application\/ld+json\" class=\"yoast-schema-graph\">{\"@context\":\"https:\\\/\\\/schema.org\",\"@graph\":[{\"@type\":\"Article\",\"@id\":\"https:\\\/\\\/www.santjoandalacant.es\\\/ca\\\/prego-de-setmana-santa\\\/#article\",\"isPartOf\":{\"@id\":\"https:\\\/\\\/www.santjoandalacant.es\\\/ca\\\/prego-de-setmana-santa\\\/\"},\"author\":{\"name\":\"6tems\",\"@id\":\"https:\\\/\\\/www.santjoandalacant.es\\\/ca\\\/#\\\/schema\\\/person\\\/74b89bc7b26e6edafb76cd69420cd790\"},\"headline\":\"PREG\u00d3 DE SETMANA SANTA\",\"datePublished\":\"2015-03-24T07:11:41+00:00\",\"mainEntityOfPage\":{\"@id\":\"https:\\\/\\\/www.santjoandalacant.es\\\/ca\\\/prego-de-setmana-santa\\\/\"},\"wordCount\":892,\"commentCount\":0,\"publisher\":{\"@id\":\"https:\\\/\\\/www.santjoandalacant.es\\\/ca\\\/#organization\"},\"image\":{\"@id\":\"https:\\\/\\\/www.santjoandalacant.es\\\/ca\\\/prego-de-setmana-santa\\\/#primaryimage\"},\"thumbnailUrl\":\"https:\\\/\\\/www.santjoandalacant.es\\\/wp-content\\\/uploads\\\/2017\\\/06\\\/PREGON_SEMANA_SANTA_2015.jpg\",\"articleSection\":[\"Sin categorizar\"],\"inLanguage\":\"va\",\"potentialAction\":[{\"@type\":\"CommentAction\",\"name\":\"Comment\",\"target\":[\"https:\\\/\\\/www.santjoandalacant.es\\\/ca\\\/prego-de-setmana-santa\\\/#respond\"]}]},{\"@type\":\"WebPage\",\"@id\":\"https:\\\/\\\/www.santjoandalacant.es\\\/ca\\\/prego-de-setmana-santa\\\/\",\"url\":\"https:\\\/\\\/www.santjoandalacant.es\\\/ca\\\/prego-de-setmana-santa\\\/\",\"name\":\"PREG\u00d3 DE SETMANA SANTA - Sant Joan d&#039;Alacant\",\"isPartOf\":{\"@id\":\"https:\\\/\\\/www.santjoandalacant.es\\\/ca\\\/#website\"},\"primaryImageOfPage\":{\"@id\":\"https:\\\/\\\/www.santjoandalacant.es\\\/ca\\\/prego-de-setmana-santa\\\/#primaryimage\"},\"image\":{\"@id\":\"https:\\\/\\\/www.santjoandalacant.es\\\/ca\\\/prego-de-setmana-santa\\\/#primaryimage\"},\"thumbnailUrl\":\"https:\\\/\\\/www.santjoandalacant.es\\\/wp-content\\\/uploads\\\/2017\\\/06\\\/PREGON_SEMANA_SANTA_2015.jpg\",\"datePublished\":\"2015-03-24T07:11:41+00:00\",\"breadcrumb\":{\"@id\":\"https:\\\/\\\/www.santjoandalacant.es\\\/ca\\\/prego-de-setmana-santa\\\/#breadcrumb\"},\"inLanguage\":\"va\",\"potentialAction\":[{\"@type\":\"ReadAction\",\"target\":[\"https:\\\/\\\/www.santjoandalacant.es\\\/ca\\\/prego-de-setmana-santa\\\/\"]}]},{\"@type\":\"ImageObject\",\"inLanguage\":\"va\",\"@id\":\"https:\\\/\\\/www.santjoandalacant.es\\\/ca\\\/prego-de-setmana-santa\\\/#primaryimage\",\"url\":\"https:\\\/\\\/www.santjoandalacant.es\\\/wp-content\\\/uploads\\\/2017\\\/06\\\/PREGON_SEMANA_SANTA_2015.jpg\",\"contentUrl\":\"https:\\\/\\\/www.santjoandalacant.es\\\/wp-content\\\/uploads\\\/2017\\\/06\\\/PREGON_SEMANA_SANTA_2015.jpg\",\"width\":526,\"height\":400},{\"@type\":\"BreadcrumbList\",\"@id\":\"https:\\\/\\\/www.santjoandalacant.es\\\/ca\\\/prego-de-setmana-santa\\\/#breadcrumb\",\"itemListElement\":[{\"@type\":\"ListItem\",\"position\":1,\"name\":\"Inicio\",\"item\":\"https:\\\/\\\/www.santjoandalacant.es\\\/ca\\\/\"},{\"@type\":\"ListItem\",\"position\":2,\"name\":\"PREG\u00d3 DE SETMANA SANTA\"}]},{\"@type\":\"WebSite\",\"@id\":\"https:\\\/\\\/www.santjoandalacant.es\\\/ca\\\/#website\",\"url\":\"https:\\\/\\\/www.santjoandalacant.es\\\/ca\\\/\",\"name\":\"Sant Joan d'Alacant\",\"description\":\"\",\"publisher\":{\"@id\":\"https:\\\/\\\/www.santjoandalacant.es\\\/ca\\\/#organization\"},\"potentialAction\":[{\"@type\":\"SearchAction\",\"target\":{\"@type\":\"EntryPoint\",\"urlTemplate\":\"https:\\\/\\\/www.santjoandalacant.es\\\/ca\\\/?s={search_term_string}\"},\"query-input\":{\"@type\":\"PropertyValueSpecification\",\"valueRequired\":true,\"valueName\":\"search_term_string\"}}],\"inLanguage\":\"va\"},{\"@type\":\"Organization\",\"@id\":\"https:\\\/\\\/www.santjoandalacant.es\\\/ca\\\/#organization\",\"name\":\"Sant Joan d'Alacant\",\"url\":\"https:\\\/\\\/www.santjoandalacant.es\\\/ca\\\/\",\"logo\":{\"@type\":\"ImageObject\",\"inLanguage\":\"va\",\"@id\":\"https:\\\/\\\/www.santjoandalacant.es\\\/ca\\\/#\\\/schema\\\/logo\\\/image\\\/\",\"url\":\"https:\\\/\\\/www.santjoandalacant.es\\\/wp-content\\\/uploads\\\/2023\\\/08\\\/logoSJ.png\",\"contentUrl\":\"https:\\\/\\\/www.santjoandalacant.es\\\/wp-content\\\/uploads\\\/2023\\\/08\\\/logoSJ.png\",\"width\":198,\"height\":253,\"caption\":\"Sant Joan d'Alacant\"},\"image\":{\"@id\":\"https:\\\/\\\/www.santjoandalacant.es\\\/ca\\\/#\\\/schema\\\/logo\\\/image\\\/\"},\"sameAs\":[\"https:\\\/\\\/www.facebook.com\\\/santjoandalacant\\\/\",\"https:\\\/\\\/www.instagram.com\\\/santjoandalacant\\\/\",\"https:\\\/\\\/www.youtube.com\\\/user\\\/santjoandalacant\"]},{\"@type\":\"Person\",\"@id\":\"https:\\\/\\\/www.santjoandalacant.es\\\/ca\\\/#\\\/schema\\\/person\\\/74b89bc7b26e6edafb76cd69420cd790\",\"name\":\"6tems\",\"image\":{\"@type\":\"ImageObject\",\"inLanguage\":\"va\",\"@id\":\"https:\\\/\\\/secure.gravatar.com\\\/avatar\\\/1c939d9bf86da56568327e5d52b159d089efba17cde140c49884e3fe77ef9c66?s=96&d=mm&r=g\",\"url\":\"https:\\\/\\\/secure.gravatar.com\\\/avatar\\\/1c939d9bf86da56568327e5d52b159d089efba17cde140c49884e3fe77ef9c66?s=96&d=mm&r=g\",\"contentUrl\":\"https:\\\/\\\/secure.gravatar.com\\\/avatar\\\/1c939d9bf86da56568327e5d52b159d089efba17cde140c49884e3fe77ef9c66?s=96&d=mm&r=g\",\"caption\":\"6tems\"},\"sameAs\":[\"https:\\\/\\\/www.santjoandalacant.es\"],\"url\":\"https:\\\/\\\/www.santjoandalacant.es\\\/ca\\\/author\\\/adminasap\\\/\"}]}<\/script>\n<!-- \/ Yoast SEO plugin. -->","yoast_head_json":{"title":"PREG\u00d3 DE SETMANA SANTA - Sant Joan d&#039;Alacant","robots":{"index":"index","follow":"follow","max-snippet":"max-snippet:-1","max-image-preview":"max-image-preview:large","max-video-preview":"max-video-preview:-1"},"canonical":"https:\/\/www.santjoandalacant.es\/ca\/prego-de-setmana-santa\/","og_locale":"en_US","og_type":"article","og_title":"PREG\u00d3 DE SETMANA SANTA - Sant Joan d&#039;Alacant","og_description":"La proximitat de la Setmana Santa fa que aquests dies se succe\u00efsquen els actes organitzats per la Junta Major de Confraries i Germanors de Sant Joan d'Alacant. Dimecres passat, 18 de mar\u00e7, es va inaugurar la XVII Exposici\u00f3 Fotogr\u00e0fica, dedicada enguany al 75 Aniversari de dues imatges, el Sant\u00edssim Crist de la Pau i Jes\u00fas Nazareno, arribades a la Setmana Santa de la localitat en 1940 i de les quals ara s'ofereix en la Sala d'Exposicions 'Pablo Lau' un recorregut hist\u00f2ric per aquests 75 anys de traject\u00f2ria.","og_url":"https:\/\/www.santjoandalacant.es\/ca\/prego-de-setmana-santa\/","og_site_name":"Sant Joan d&#039;Alacant","article_publisher":"https:\/\/www.facebook.com\/santjoandalacant\/","article_published_time":"2015-03-24T07:11:41+00:00","og_image":[{"width":526,"height":400,"url":"https:\/\/www.santjoandalacant.es\/wp-content\/uploads\/2017\/06\/PREGON_SEMANA_SANTA_2015.jpg","type":"image\/jpeg"}],"author":"6tems","twitter_card":"summary_large_image","twitter_misc":{"Written by":"6tems","Est. reading time":"4 minutes"},"schema":{"@context":"https:\/\/schema.org","@graph":[{"@type":"Article","@id":"https:\/\/www.santjoandalacant.es\/ca\/prego-de-setmana-santa\/#article","isPartOf":{"@id":"https:\/\/www.santjoandalacant.es\/ca\/prego-de-setmana-santa\/"},"author":{"name":"6tems","@id":"https:\/\/www.santjoandalacant.es\/ca\/#\/schema\/person\/74b89bc7b26e6edafb76cd69420cd790"},"headline":"PREG\u00d3 DE SETMANA SANTA","datePublished":"2015-03-24T07:11:41+00:00","mainEntityOfPage":{"@id":"https:\/\/www.santjoandalacant.es\/ca\/prego-de-setmana-santa\/"},"wordCount":892,"commentCount":0,"publisher":{"@id":"https:\/\/www.santjoandalacant.es\/ca\/#organization"},"image":{"@id":"https:\/\/www.santjoandalacant.es\/ca\/prego-de-setmana-santa\/#primaryimage"},"thumbnailUrl":"https:\/\/www.santjoandalacant.es\/wp-content\/uploads\/2017\/06\/PREGON_SEMANA_SANTA_2015.jpg","articleSection":["Sin categorizar"],"inLanguage":"va","potentialAction":[{"@type":"CommentAction","name":"Comment","target":["https:\/\/www.santjoandalacant.es\/ca\/prego-de-setmana-santa\/#respond"]}]},{"@type":"WebPage","@id":"https:\/\/www.santjoandalacant.es\/ca\/prego-de-setmana-santa\/","url":"https:\/\/www.santjoandalacant.es\/ca\/prego-de-setmana-santa\/","name":"PREG\u00d3 DE SETMANA SANTA - Sant Joan d&#039;Alacant","isPartOf":{"@id":"https:\/\/www.santjoandalacant.es\/ca\/#website"},"primaryImageOfPage":{"@id":"https:\/\/www.santjoandalacant.es\/ca\/prego-de-setmana-santa\/#primaryimage"},"image":{"@id":"https:\/\/www.santjoandalacant.es\/ca\/prego-de-setmana-santa\/#primaryimage"},"thumbnailUrl":"https:\/\/www.santjoandalacant.es\/wp-content\/uploads\/2017\/06\/PREGON_SEMANA_SANTA_2015.jpg","datePublished":"2015-03-24T07:11:41+00:00","breadcrumb":{"@id":"https:\/\/www.santjoandalacant.es\/ca\/prego-de-setmana-santa\/#breadcrumb"},"inLanguage":"va","potentialAction":[{"@type":"ReadAction","target":["https:\/\/www.santjoandalacant.es\/ca\/prego-de-setmana-santa\/"]}]},{"@type":"ImageObject","inLanguage":"va","@id":"https:\/\/www.santjoandalacant.es\/ca\/prego-de-setmana-santa\/#primaryimage","url":"https:\/\/www.santjoandalacant.es\/wp-content\/uploads\/2017\/06\/PREGON_SEMANA_SANTA_2015.jpg","contentUrl":"https:\/\/www.santjoandalacant.es\/wp-content\/uploads\/2017\/06\/PREGON_SEMANA_SANTA_2015.jpg","width":526,"height":400},{"@type":"BreadcrumbList","@id":"https:\/\/www.santjoandalacant.es\/ca\/prego-de-setmana-santa\/#breadcrumb","itemListElement":[{"@type":"ListItem","position":1,"name":"Inicio","item":"https:\/\/www.santjoandalacant.es\/ca\/"},{"@type":"ListItem","position":2,"name":"PREG\u00d3 DE SETMANA SANTA"}]},{"@type":"WebSite","@id":"https:\/\/www.santjoandalacant.es\/ca\/#website","url":"https:\/\/www.santjoandalacant.es\/ca\/","name":"Sant Joan d'Alacant","description":"","publisher":{"@id":"https:\/\/www.santjoandalacant.es\/ca\/#organization"},"potentialAction":[{"@type":"SearchAction","target":{"@type":"EntryPoint","urlTemplate":"https:\/\/www.santjoandalacant.es\/ca\/?s={search_term_string}"},"query-input":{"@type":"PropertyValueSpecification","valueRequired":true,"valueName":"search_term_string"}}],"inLanguage":"va"},{"@type":"Organization","@id":"https:\/\/www.santjoandalacant.es\/ca\/#organization","name":"Sant Joan d'Alacant","url":"https:\/\/www.santjoandalacant.es\/ca\/","logo":{"@type":"ImageObject","inLanguage":"va","@id":"https:\/\/www.santjoandalacant.es\/ca\/#\/schema\/logo\/image\/","url":"https:\/\/www.santjoandalacant.es\/wp-content\/uploads\/2023\/08\/logoSJ.png","contentUrl":"https:\/\/www.santjoandalacant.es\/wp-content\/uploads\/2023\/08\/logoSJ.png","width":198,"height":253,"caption":"Sant Joan d'Alacant"},"image":{"@id":"https:\/\/www.santjoandalacant.es\/ca\/#\/schema\/logo\/image\/"},"sameAs":["https:\/\/www.facebook.com\/santjoandalacant\/","https:\/\/www.instagram.com\/santjoandalacant\/","https:\/\/www.youtube.com\/user\/santjoandalacant"]},{"@type":"Person","@id":"https:\/\/www.santjoandalacant.es\/ca\/#\/schema\/person\/74b89bc7b26e6edafb76cd69420cd790","name":"6tems","image":{"@type":"ImageObject","inLanguage":"va","@id":"https:\/\/secure.gravatar.com\/avatar\/1c939d9bf86da56568327e5d52b159d089efba17cde140c49884e3fe77ef9c66?s=96&d=mm&r=g","url":"https:\/\/secure.gravatar.com\/avatar\/1c939d9bf86da56568327e5d52b159d089efba17cde140c49884e3fe77ef9c66?s=96&d=mm&r=g","contentUrl":"https:\/\/secure.gravatar.com\/avatar\/1c939d9bf86da56568327e5d52b159d089efba17cde140c49884e3fe77ef9c66?s=96&d=mm&r=g","caption":"6tems"},"sameAs":["https:\/\/www.santjoandalacant.es"],"url":"https:\/\/www.santjoandalacant.es\/ca\/author\/adminasap\/"}]}},"_links":{"self":[{"href":"https:\/\/www.santjoandalacant.es\/ca\/wp-json\/wp\/v2\/posts\/76978","targetHints":{"allow":["GET"]}}],"collection":[{"href":"https:\/\/www.santjoandalacant.es\/ca\/wp-json\/wp\/v2\/posts"}],"about":[{"href":"https:\/\/www.santjoandalacant.es\/ca\/wp-json\/wp\/v2\/types\/post"}],"author":[{"embeddable":true,"href":"https:\/\/www.santjoandalacant.es\/ca\/wp-json\/wp\/v2\/users\/1"}],"replies":[{"embeddable":true,"href":"https:\/\/www.santjoandalacant.es\/ca\/wp-json\/wp\/v2\/comments?post=76978"}],"version-history":[{"count":0,"href":"https:\/\/www.santjoandalacant.es\/ca\/wp-json\/wp\/v2\/posts\/76978\/revisions"}],"wp:featuredmedia":[{"embeddable":true,"href":"https:\/\/www.santjoandalacant.es\/ca\/wp-json\/wp\/v2\/media\/30152"}],"wp:attachment":[{"href":"https:\/\/www.santjoandalacant.es\/ca\/wp-json\/wp\/v2\/media?parent=76978"}],"wp:term":[{"taxonomy":"category","embeddable":true,"href":"https:\/\/www.santjoandalacant.es\/ca\/wp-json\/wp\/v2\/categories?post=76978"},{"taxonomy":"post_tag","embeddable":true,"href":"https:\/\/www.santjoandalacant.es\/ca\/wp-json\/wp\/v2\/tags?post=76978"},{"taxonomy":"areas","embeddable":true,"href":"https:\/\/www.santjoandalacant.es\/ca\/wp-json\/wp\/v2\/areas?post=76978"}],"curies":[{"name":"wp","href":"https:\/\/api.w.org\/{rel}","templated":true}]}}