{"id":76997,"date":"2015-03-13T12:28:30","date_gmt":"2015-03-13T12:28:30","guid":{"rendered":"https:\/\/santjoan.developersasapglobalsolution.com\/el-crist-ix-en-romiatge\/"},"modified":"2015-03-13T12:28:30","modified_gmt":"2015-03-13T12:28:30","slug":"el-crist-ix-en-romiatge","status":"publish","type":"post","link":"https:\/\/www.santjoandalacant.es\/ca\/el-crist-ix-en-romiatge\/","title":{"rendered":"EL CRIST IX EN ROMIATGE"},"content":{"rendered":"<p>\nDiumenge que ve, 15 de mar\u00e7, el poble de Sant Joan tornar\u00e0 a rendir-se als peus del Sant\u00edssim Crist de la Pau. La imatge que va arribar fa 75 anys al municipi, el 17 de mar\u00e7 de 1940, tornar\u00e0 a realitzar el mateix recorregut de llavors, des de la Finca Abril fins a la Parr\u00f2quia de Sant Joan Baptista, en una gran jornada de festa, preparada per la Comissi\u00f3 Organitzadora del 75 Aniversari. La recreaci\u00f3 de l&#8217;arribada de la imatge m\u00e9s venerada de Sant Joan compta amb la col\u00b7laboraci\u00f3 de nombrosos col\u00b7lectius culturals, festers i socials del municipi, que s&#8217;han bolcat amb la commemoraci\u00f3 d&#8217;aquest fet hist\u00f2ric.\n<\/p>\n<p>\nAquest mat\u00ed, ha tingut lloc una roda de premsa per a donar a con\u00e8ixer els detalls d&#8217;aquesta data que tamb\u00e9 ser\u00e0 hist\u00f2rica, el dia 15 de mar\u00e7. La roda de premsa ha tingut lloc en els propis Jardins de la Finca Abril, des d&#8217;on va eixir la imatge del Sant\u00edssim Crist fa 75 anys i on tornar\u00e0 a eixir diumenge que ve. A la compareixen\u00e7a davant els mitjans han acudit el president de la Comissi\u00f3 Organitzadora del 75 Aniversari de l&#8217;Arribada de la Imatge del Sant\u00edssim Crist a Sant Joan, Carlos Sala, la secret\u00e0ria de la Confraria del Stm. Crist de la Pau, Ana Barbancho, el di\u00e1cono i component de la Confraria del Sant\u00edssim Crist, Rub\u00e9n Lillo, i el regidor de Patrimoni, Protocol i Esdeveniments, David Aracil.\n<\/p>\n<p>\n<br \/>\nEl dia gran de festa comen\u00e7ar\u00e0 a les 8 hores amb un volteig de campanes i &#8216;despert\u00e0&#8217; atronadora, igual que es llan\u00e7a el dia del Crist (14 de setembre) des de diferents punts de la localitat. La Colla de Dol\u00e7aina i Tabalet de la Societat Musical la Pau anunciar\u00e0 el dia gran per tots els carrers de la localitat.\n<\/p>\n<p>\nEn la Finca Abril, desde las 10 de la ma\u00f1ana, la imagen del Sant\u00edsimo Cristo estar\u00e1 expuesta al culto, dentro de la capilla, para todas aquellas personas que quieran rezarle. Todos los romeros recibir\u00e1n un pa\u00f1uelo de recuerdo, ofrecido poro al Joyer\u00eda Patricia, que repartir\u00e1n lso componentes de la Penya Els Casats Aspenten. A las 10.45 horas, habr\u00e1 una oraci\u00f3n en la ermita de jardines, seguida de la lectura del acta y colocaci\u00f3n posterior de la imagen en las andas para empezar la romer\u00eda. El Grupo de Cornetas y Tambores de Sant Joan abrir\u00e1 la comitiva, seguida m\u00e1s atr\u00e1s por los \u2018nanos i gegants\u2019 de la Comisi\u00f3n de Fiestas del Sant\u00edsimo Cristo (que han sido restaurados), acompa\u00f1ados por la Colla Els Amuntegats. Los actores del Grupo TRE-A-TRE, vestidos de hebreos, con palmas en la mano, recordar\u00e1n que la imagen del Cristo lleg\u00f3 a Sant Joan un Domingo de Ramos.\n<\/p>\n<p>\nI despr\u00e9s d&#8217;ells, tota la comitiva oficial, amb estendards, fanals, representants festeres de Sant Joan (Dames Tercera Edat, Romeras de Fabraquer, Belleas de la Foguera Maisonnave, Reines i Dames de les Festes), la imatge el Crist portada a coll per un grup de portants, el clergat, els portadors del pal\u00b7li, les autoritats i la banda de la Societat Musical la Pau. A meitat del recorregut, a l&#8217;altura de la farm\u00e0cia que hi ha en el carrer Sant Antonio, els roman\u00eds trobaren unes taules amb degustaci\u00f3 de mistela i rollitos, ateses per components de la Penya Els Marxosos. Aquests dol\u00e7os tradicionals s&#8217;oferiran per gentiliza de diverses fleques i confiteries de Sant Joan, com s\u00f3n Escoda, Robenove, Sebasti\u00e0, \u00c9rase una vegada, La Guinda, El Forn Antic (Ballester), Gin\u00e9s i L&#8217;Olivero, mentre que el Celler Mario col\u00b7labora amb la mistela.\n<\/p>\n<p>\n<br \/>\nPoc despr\u00e9s, s&#8217;incorpora el Grup de Ball La Trena, que obrir\u00e0 la comitiva amb danses populars. M\u00e9s endavant, ser\u00e0 la Coral &#8216;Nou Clarejar&#8217;, de l&#8217;Associaci\u00f3 de Majors la que cante al pas de la imatge del Crist, encara que des de minuts abans, ja interpretaran un petit repertori d&#8217;obres religioses. El tram final del carrer Sant Antonio, flanquejat per habitatges d&#8217;escassa altura, estar\u00e0 completament engalanat. L&#8217;asfalt es convertir\u00e0 en una catifa de decoraci\u00f3 floral, preparada pels ve\u00efns, que al seu torn llan\u00e7aran al\u00b7leluies des de les balconades, al pas de la imatge.\n<\/p>\n<p>\n<br \/>\nEl Crist de la Pau ser\u00e0 portat a coll per un grup de portants voluntaris que han desitjat portar la imatge. Amb l&#8217;objectiu que aquests trasllats siguen els m\u00e9s participatius i solidaris possible, la Comissi\u00f3 Organitzadora va oferir, i segueix oferint, aquesta possibilitat a tot aquell que volguera ser portador del Crist. Per a aquest diumenge dia 15, encara s&#8217;admeten m\u00e9s voluntaris, encara que lleguen a \u00faltima hora, igual que se seguiran admetent en les altres eixides extraordin\u00e0ries durant 2015. L&#8217;\u00fanic requisit \u00e9s reunir unes m\u00ednimes caracter\u00edstiques f\u00edsiques i eixir al carrer manifestant una devoci\u00f3 pel Sant\u00edssim Crist.\n<\/p>\n<p>\n\u00a0Per a donar m\u00e9s difusi\u00f3 a la not\u00edcia del Romiatge, dissabte que ve al mat\u00ed, un actor santjoaner (Paco Dur\u00e1) recorrer\u00e0 el poble pregonant el %o2018B\u00e0ndol de l&#8217;Arribada del Sant\u00edssim Crist d ela pau a Sant Joan%o2019. Perqu\u00e8 ning\u00fa es done per no assabentat.\n<\/p>\n<p>\n<br \/>\n\u00a0<\/p>\n","protected":false},"excerpt":{"rendered":"<p>\nDiumenge que ve, 15 de mar\u00e7, el poble de Sant Joan tornar\u00e0 a rendir-se als peus del Sant\u00edssim Crist de la Pau. La imatge que va arribar fa 75 anys al municipi, el 17 de mar\u00e7 de 1940, tornar\u00e0 a realitzar el mateix recorregut de llavors, des de la Finca Abril fins a la Parr\u00f2quia de Sant Joan Baptista, en una gran jornada de festa, preparada per la Comissi\u00f3 Organitzadora del 75 Aniversari.<\/p>\n","protected":false},"author":1,"featured_media":30219,"comment_status":"open","ping_status":"open","sticky":false,"template":"","format":"standard","meta":{"_acf_changed":false,"rs_blank_template":"","rs_page_bg_color":"","slide_template_v7":"","footnotes":""},"categories":[1],"tags":[],"areas":[1026],"class_list":["post-76997","post","type-post","status-publish","format-standard","has-post-thumbnail","hentry","category-sin-categorizar","areas-alcaldia-ca"],"acf":[],"yoast_head":"<!-- This site is optimized with the Yoast SEO plugin v28.2 - https:\/\/yoast.com\/product\/yoast-seo-wordpress\/ -->\n<title>EL CRIST IX EN ROMIATGE - Sant Joan d&#039;Alacant<\/title>\n<meta name=\"robots\" content=\"index, follow, max-snippet:-1, max-image-preview:large, max-video-preview:-1\" \/>\n<link rel=\"canonical\" href=\"https:\/\/www.santjoandalacant.es\/ca\/el-crist-ix-en-romiatge\/\" \/>\n<meta property=\"og:locale\" content=\"en_US\" \/>\n<meta property=\"og:type\" content=\"article\" \/>\n<meta property=\"og:title\" content=\"EL CRIST IX EN ROMIATGE - Sant Joan d&#039;Alacant\" \/>\n<meta property=\"og:description\" content=\"Diumenge que ve, 15 de mar\u00e7, el poble de Sant Joan tornar\u00e0 a rendir-se als peus del Sant\u00edssim Crist de la Pau. La imatge que va arribar fa 75 anys al municipi, el 17 de mar\u00e7 de 1940, tornar\u00e0 a realitzar el mateix recorregut de llavors, des de la Finca Abril fins a la Parr\u00f2quia de Sant Joan Baptista, en una gran jornada de festa, preparada per la Comissi\u00f3 Organitzadora del 75 Aniversari.\" \/>\n<meta property=\"og:url\" content=\"https:\/\/www.santjoandalacant.es\/ca\/el-crist-ix-en-romiatge\/\" \/>\n<meta property=\"og:site_name\" content=\"Sant Joan d&#039;Alacant\" \/>\n<meta property=\"article:publisher\" content=\"https:\/\/www.facebook.com\/santjoandalacant\/\" \/>\n<meta property=\"article:published_time\" content=\"2015-03-13T12:28:30+00:00\" \/>\n<meta property=\"og:image\" content=\"https:\/\/www.santjoandalacant.es\/wp-content\/uploads\/2017\/06\/PRESENTACION_ROMERIA_CRISTO_FINCA_ABRIL_02.jpg\" \/>\n\t<meta property=\"og:image:width\" content=\"526\" \/>\n\t<meta property=\"og:image:height\" content=\"351\" \/>\n\t<meta property=\"og:image:type\" content=\"image\/jpeg\" \/>\n<meta name=\"author\" content=\"6tems\" \/>\n<meta name=\"twitter:card\" content=\"summary_large_image\" \/>\n<meta name=\"twitter:label1\" content=\"Written by\" \/>\n\t<meta name=\"twitter:data1\" content=\"6tems\" \/>\n\t<meta name=\"twitter:label2\" content=\"Est. reading time\" \/>\n\t<meta name=\"twitter:data2\" content=\"4 minutes\" \/>\n<script type=\"application\/ld+json\" class=\"yoast-schema-graph\">{\"@context\":\"https:\\\/\\\/schema.org\",\"@graph\":[{\"@type\":\"Article\",\"@id\":\"https:\\\/\\\/www.santjoandalacant.es\\\/ca\\\/el-crist-ix-en-romiatge\\\/#article\",\"isPartOf\":{\"@id\":\"https:\\\/\\\/www.santjoandalacant.es\\\/ca\\\/el-crist-ix-en-romiatge\\\/\"},\"author\":{\"name\":\"6tems\",\"@id\":\"https:\\\/\\\/www.santjoandalacant.es\\\/ca\\\/#\\\/schema\\\/person\\\/74b89bc7b26e6edafb76cd69420cd790\"},\"headline\":\"EL CRIST IX EN ROMIATGE\",\"datePublished\":\"2015-03-13T12:28:30+00:00\",\"mainEntityOfPage\":{\"@id\":\"https:\\\/\\\/www.santjoandalacant.es\\\/ca\\\/el-crist-ix-en-romiatge\\\/\"},\"wordCount\":882,\"commentCount\":0,\"publisher\":{\"@id\":\"https:\\\/\\\/www.santjoandalacant.es\\\/ca\\\/#organization\"},\"image\":{\"@id\":\"https:\\\/\\\/www.santjoandalacant.es\\\/ca\\\/el-crist-ix-en-romiatge\\\/#primaryimage\"},\"thumbnailUrl\":\"https:\\\/\\\/www.santjoandalacant.es\\\/wp-content\\\/uploads\\\/2017\\\/06\\\/PRESENTACION_ROMERIA_CRISTO_FINCA_ABRIL_02.jpg\",\"articleSection\":[\"Sin categorizar\"],\"inLanguage\":\"va\",\"potentialAction\":[{\"@type\":\"CommentAction\",\"name\":\"Comment\",\"target\":[\"https:\\\/\\\/www.santjoandalacant.es\\\/ca\\\/el-crist-ix-en-romiatge\\\/#respond\"]}]},{\"@type\":\"WebPage\",\"@id\":\"https:\\\/\\\/www.santjoandalacant.es\\\/ca\\\/el-crist-ix-en-romiatge\\\/\",\"url\":\"https:\\\/\\\/www.santjoandalacant.es\\\/ca\\\/el-crist-ix-en-romiatge\\\/\",\"name\":\"EL CRIST IX EN ROMIATGE - Sant Joan d&#039;Alacant\",\"isPartOf\":{\"@id\":\"https:\\\/\\\/www.santjoandalacant.es\\\/ca\\\/#website\"},\"primaryImageOfPage\":{\"@id\":\"https:\\\/\\\/www.santjoandalacant.es\\\/ca\\\/el-crist-ix-en-romiatge\\\/#primaryimage\"},\"image\":{\"@id\":\"https:\\\/\\\/www.santjoandalacant.es\\\/ca\\\/el-crist-ix-en-romiatge\\\/#primaryimage\"},\"thumbnailUrl\":\"https:\\\/\\\/www.santjoandalacant.es\\\/wp-content\\\/uploads\\\/2017\\\/06\\\/PRESENTACION_ROMERIA_CRISTO_FINCA_ABRIL_02.jpg\",\"datePublished\":\"2015-03-13T12:28:30+00:00\",\"breadcrumb\":{\"@id\":\"https:\\\/\\\/www.santjoandalacant.es\\\/ca\\\/el-crist-ix-en-romiatge\\\/#breadcrumb\"},\"inLanguage\":\"va\",\"potentialAction\":[{\"@type\":\"ReadAction\",\"target\":[\"https:\\\/\\\/www.santjoandalacant.es\\\/ca\\\/el-crist-ix-en-romiatge\\\/\"]}]},{\"@type\":\"ImageObject\",\"inLanguage\":\"va\",\"@id\":\"https:\\\/\\\/www.santjoandalacant.es\\\/ca\\\/el-crist-ix-en-romiatge\\\/#primaryimage\",\"url\":\"https:\\\/\\\/www.santjoandalacant.es\\\/wp-content\\\/uploads\\\/2017\\\/06\\\/PRESENTACION_ROMERIA_CRISTO_FINCA_ABRIL_02.jpg\",\"contentUrl\":\"https:\\\/\\\/www.santjoandalacant.es\\\/wp-content\\\/uploads\\\/2017\\\/06\\\/PRESENTACION_ROMERIA_CRISTO_FINCA_ABRIL_02.jpg\",\"width\":526,\"height\":351},{\"@type\":\"BreadcrumbList\",\"@id\":\"https:\\\/\\\/www.santjoandalacant.es\\\/ca\\\/el-crist-ix-en-romiatge\\\/#breadcrumb\",\"itemListElement\":[{\"@type\":\"ListItem\",\"position\":1,\"name\":\"Inicio\",\"item\":\"https:\\\/\\\/www.santjoandalacant.es\\\/ca\\\/\"},{\"@type\":\"ListItem\",\"position\":2,\"name\":\"EL CRIST IX EN ROMIATGE\"}]},{\"@type\":\"WebSite\",\"@id\":\"https:\\\/\\\/www.santjoandalacant.es\\\/ca\\\/#website\",\"url\":\"https:\\\/\\\/www.santjoandalacant.es\\\/ca\\\/\",\"name\":\"Sant Joan d'Alacant\",\"description\":\"\",\"publisher\":{\"@id\":\"https:\\\/\\\/www.santjoandalacant.es\\\/ca\\\/#organization\"},\"potentialAction\":[{\"@type\":\"SearchAction\",\"target\":{\"@type\":\"EntryPoint\",\"urlTemplate\":\"https:\\\/\\\/www.santjoandalacant.es\\\/ca\\\/?s={search_term_string}\"},\"query-input\":{\"@type\":\"PropertyValueSpecification\",\"valueRequired\":true,\"valueName\":\"search_term_string\"}}],\"inLanguage\":\"va\"},{\"@type\":\"Organization\",\"@id\":\"https:\\\/\\\/www.santjoandalacant.es\\\/ca\\\/#organization\",\"name\":\"Sant Joan d'Alacant\",\"url\":\"https:\\\/\\\/www.santjoandalacant.es\\\/ca\\\/\",\"logo\":{\"@type\":\"ImageObject\",\"inLanguage\":\"va\",\"@id\":\"https:\\\/\\\/www.santjoandalacant.es\\\/ca\\\/#\\\/schema\\\/logo\\\/image\\\/\",\"url\":\"https:\\\/\\\/www.santjoandalacant.es\\\/wp-content\\\/uploads\\\/2023\\\/08\\\/logoSJ.png\",\"contentUrl\":\"https:\\\/\\\/www.santjoandalacant.es\\\/wp-content\\\/uploads\\\/2023\\\/08\\\/logoSJ.png\",\"width\":198,\"height\":253,\"caption\":\"Sant Joan d'Alacant\"},\"image\":{\"@id\":\"https:\\\/\\\/www.santjoandalacant.es\\\/ca\\\/#\\\/schema\\\/logo\\\/image\\\/\"},\"sameAs\":[\"https:\\\/\\\/www.facebook.com\\\/santjoandalacant\\\/\",\"https:\\\/\\\/www.instagram.com\\\/santjoandalacant\\\/\",\"https:\\\/\\\/www.youtube.com\\\/user\\\/santjoandalacant\"]},{\"@type\":\"Person\",\"@id\":\"https:\\\/\\\/www.santjoandalacant.es\\\/ca\\\/#\\\/schema\\\/person\\\/74b89bc7b26e6edafb76cd69420cd790\",\"name\":\"6tems\",\"image\":{\"@type\":\"ImageObject\",\"inLanguage\":\"va\",\"@id\":\"https:\\\/\\\/secure.gravatar.com\\\/avatar\\\/1c939d9bf86da56568327e5d52b159d089efba17cde140c49884e3fe77ef9c66?s=96&d=mm&r=g\",\"url\":\"https:\\\/\\\/secure.gravatar.com\\\/avatar\\\/1c939d9bf86da56568327e5d52b159d089efba17cde140c49884e3fe77ef9c66?s=96&d=mm&r=g\",\"contentUrl\":\"https:\\\/\\\/secure.gravatar.com\\\/avatar\\\/1c939d9bf86da56568327e5d52b159d089efba17cde140c49884e3fe77ef9c66?s=96&d=mm&r=g\",\"caption\":\"6tems\"},\"sameAs\":[\"https:\\\/\\\/www.santjoandalacant.es\"],\"url\":\"https:\\\/\\\/www.santjoandalacant.es\\\/ca\\\/author\\\/adminasap\\\/\"}]}<\/script>\n<!-- \/ Yoast SEO plugin. -->","yoast_head_json":{"title":"EL CRIST IX EN ROMIATGE - Sant Joan d&#039;Alacant","robots":{"index":"index","follow":"follow","max-snippet":"max-snippet:-1","max-image-preview":"max-image-preview:large","max-video-preview":"max-video-preview:-1"},"canonical":"https:\/\/www.santjoandalacant.es\/ca\/el-crist-ix-en-romiatge\/","og_locale":"en_US","og_type":"article","og_title":"EL CRIST IX EN ROMIATGE - Sant Joan d&#039;Alacant","og_description":"Diumenge que ve, 15 de mar\u00e7, el poble de Sant Joan tornar\u00e0 a rendir-se als peus del Sant\u00edssim Crist de la Pau. La imatge que va arribar fa 75 anys al municipi, el 17 de mar\u00e7 de 1940, tornar\u00e0 a realitzar el mateix recorregut de llavors, des de la Finca Abril fins a la Parr\u00f2quia de Sant Joan Baptista, en una gran jornada de festa, preparada per la Comissi\u00f3 Organitzadora del 75 Aniversari.","og_url":"https:\/\/www.santjoandalacant.es\/ca\/el-crist-ix-en-romiatge\/","og_site_name":"Sant Joan d&#039;Alacant","article_publisher":"https:\/\/www.facebook.com\/santjoandalacant\/","article_published_time":"2015-03-13T12:28:30+00:00","og_image":[{"width":526,"height":351,"url":"https:\/\/www.santjoandalacant.es\/wp-content\/uploads\/2017\/06\/PRESENTACION_ROMERIA_CRISTO_FINCA_ABRIL_02.jpg","type":"image\/jpeg"}],"author":"6tems","twitter_card":"summary_large_image","twitter_misc":{"Written by":"6tems","Est. reading time":"4 minutes"},"schema":{"@context":"https:\/\/schema.org","@graph":[{"@type":"Article","@id":"https:\/\/www.santjoandalacant.es\/ca\/el-crist-ix-en-romiatge\/#article","isPartOf":{"@id":"https:\/\/www.santjoandalacant.es\/ca\/el-crist-ix-en-romiatge\/"},"author":{"name":"6tems","@id":"https:\/\/www.santjoandalacant.es\/ca\/#\/schema\/person\/74b89bc7b26e6edafb76cd69420cd790"},"headline":"EL CRIST IX EN ROMIATGE","datePublished":"2015-03-13T12:28:30+00:00","mainEntityOfPage":{"@id":"https:\/\/www.santjoandalacant.es\/ca\/el-crist-ix-en-romiatge\/"},"wordCount":882,"commentCount":0,"publisher":{"@id":"https:\/\/www.santjoandalacant.es\/ca\/#organization"},"image":{"@id":"https:\/\/www.santjoandalacant.es\/ca\/el-crist-ix-en-romiatge\/#primaryimage"},"thumbnailUrl":"https:\/\/www.santjoandalacant.es\/wp-content\/uploads\/2017\/06\/PRESENTACION_ROMERIA_CRISTO_FINCA_ABRIL_02.jpg","articleSection":["Sin categorizar"],"inLanguage":"va","potentialAction":[{"@type":"CommentAction","name":"Comment","target":["https:\/\/www.santjoandalacant.es\/ca\/el-crist-ix-en-romiatge\/#respond"]}]},{"@type":"WebPage","@id":"https:\/\/www.santjoandalacant.es\/ca\/el-crist-ix-en-romiatge\/","url":"https:\/\/www.santjoandalacant.es\/ca\/el-crist-ix-en-romiatge\/","name":"EL CRIST IX EN ROMIATGE - Sant Joan d&#039;Alacant","isPartOf":{"@id":"https:\/\/www.santjoandalacant.es\/ca\/#website"},"primaryImageOfPage":{"@id":"https:\/\/www.santjoandalacant.es\/ca\/el-crist-ix-en-romiatge\/#primaryimage"},"image":{"@id":"https:\/\/www.santjoandalacant.es\/ca\/el-crist-ix-en-romiatge\/#primaryimage"},"thumbnailUrl":"https:\/\/www.santjoandalacant.es\/wp-content\/uploads\/2017\/06\/PRESENTACION_ROMERIA_CRISTO_FINCA_ABRIL_02.jpg","datePublished":"2015-03-13T12:28:30+00:00","breadcrumb":{"@id":"https:\/\/www.santjoandalacant.es\/ca\/el-crist-ix-en-romiatge\/#breadcrumb"},"inLanguage":"va","potentialAction":[{"@type":"ReadAction","target":["https:\/\/www.santjoandalacant.es\/ca\/el-crist-ix-en-romiatge\/"]}]},{"@type":"ImageObject","inLanguage":"va","@id":"https:\/\/www.santjoandalacant.es\/ca\/el-crist-ix-en-romiatge\/#primaryimage","url":"https:\/\/www.santjoandalacant.es\/wp-content\/uploads\/2017\/06\/PRESENTACION_ROMERIA_CRISTO_FINCA_ABRIL_02.jpg","contentUrl":"https:\/\/www.santjoandalacant.es\/wp-content\/uploads\/2017\/06\/PRESENTACION_ROMERIA_CRISTO_FINCA_ABRIL_02.jpg","width":526,"height":351},{"@type":"BreadcrumbList","@id":"https:\/\/www.santjoandalacant.es\/ca\/el-crist-ix-en-romiatge\/#breadcrumb","itemListElement":[{"@type":"ListItem","position":1,"name":"Inicio","item":"https:\/\/www.santjoandalacant.es\/ca\/"},{"@type":"ListItem","position":2,"name":"EL CRIST IX EN ROMIATGE"}]},{"@type":"WebSite","@id":"https:\/\/www.santjoandalacant.es\/ca\/#website","url":"https:\/\/www.santjoandalacant.es\/ca\/","name":"Sant Joan d'Alacant","description":"","publisher":{"@id":"https:\/\/www.santjoandalacant.es\/ca\/#organization"},"potentialAction":[{"@type":"SearchAction","target":{"@type":"EntryPoint","urlTemplate":"https:\/\/www.santjoandalacant.es\/ca\/?s={search_term_string}"},"query-input":{"@type":"PropertyValueSpecification","valueRequired":true,"valueName":"search_term_string"}}],"inLanguage":"va"},{"@type":"Organization","@id":"https:\/\/www.santjoandalacant.es\/ca\/#organization","name":"Sant Joan d'Alacant","url":"https:\/\/www.santjoandalacant.es\/ca\/","logo":{"@type":"ImageObject","inLanguage":"va","@id":"https:\/\/www.santjoandalacant.es\/ca\/#\/schema\/logo\/image\/","url":"https:\/\/www.santjoandalacant.es\/wp-content\/uploads\/2023\/08\/logoSJ.png","contentUrl":"https:\/\/www.santjoandalacant.es\/wp-content\/uploads\/2023\/08\/logoSJ.png","width":198,"height":253,"caption":"Sant Joan d'Alacant"},"image":{"@id":"https:\/\/www.santjoandalacant.es\/ca\/#\/schema\/logo\/image\/"},"sameAs":["https:\/\/www.facebook.com\/santjoandalacant\/","https:\/\/www.instagram.com\/santjoandalacant\/","https:\/\/www.youtube.com\/user\/santjoandalacant"]},{"@type":"Person","@id":"https:\/\/www.santjoandalacant.es\/ca\/#\/schema\/person\/74b89bc7b26e6edafb76cd69420cd790","name":"6tems","image":{"@type":"ImageObject","inLanguage":"va","@id":"https:\/\/secure.gravatar.com\/avatar\/1c939d9bf86da56568327e5d52b159d089efba17cde140c49884e3fe77ef9c66?s=96&d=mm&r=g","url":"https:\/\/secure.gravatar.com\/avatar\/1c939d9bf86da56568327e5d52b159d089efba17cde140c49884e3fe77ef9c66?s=96&d=mm&r=g","contentUrl":"https:\/\/secure.gravatar.com\/avatar\/1c939d9bf86da56568327e5d52b159d089efba17cde140c49884e3fe77ef9c66?s=96&d=mm&r=g","caption":"6tems"},"sameAs":["https:\/\/www.santjoandalacant.es"],"url":"https:\/\/www.santjoandalacant.es\/ca\/author\/adminasap\/"}]}},"_links":{"self":[{"href":"https:\/\/www.santjoandalacant.es\/ca\/wp-json\/wp\/v2\/posts\/76997","targetHints":{"allow":["GET"]}}],"collection":[{"href":"https:\/\/www.santjoandalacant.es\/ca\/wp-json\/wp\/v2\/posts"}],"about":[{"href":"https:\/\/www.santjoandalacant.es\/ca\/wp-json\/wp\/v2\/types\/post"}],"author":[{"embeddable":true,"href":"https:\/\/www.santjoandalacant.es\/ca\/wp-json\/wp\/v2\/users\/1"}],"replies":[{"embeddable":true,"href":"https:\/\/www.santjoandalacant.es\/ca\/wp-json\/wp\/v2\/comments?post=76997"}],"version-history":[{"count":0,"href":"https:\/\/www.santjoandalacant.es\/ca\/wp-json\/wp\/v2\/posts\/76997\/revisions"}],"wp:featuredmedia":[{"embeddable":true,"href":"https:\/\/www.santjoandalacant.es\/ca\/wp-json\/wp\/v2\/media\/30219"}],"wp:attachment":[{"href":"https:\/\/www.santjoandalacant.es\/ca\/wp-json\/wp\/v2\/media?parent=76997"}],"wp:term":[{"taxonomy":"category","embeddable":true,"href":"https:\/\/www.santjoandalacant.es\/ca\/wp-json\/wp\/v2\/categories?post=76997"},{"taxonomy":"post_tag","embeddable":true,"href":"https:\/\/www.santjoandalacant.es\/ca\/wp-json\/wp\/v2\/tags?post=76997"},{"taxonomy":"areas","embeddable":true,"href":"https:\/\/www.santjoandalacant.es\/ca\/wp-json\/wp\/v2\/areas?post=76997"}],"curies":[{"name":"wp","href":"https:\/\/api.w.org\/{rel}","templated":true}]}}