{"id":77002,"date":"2015-03-11T11:58:42","date_gmt":"2015-03-11T11:58:42","guid":{"rendered":"https:\/\/santjoan.developersasapglobalsolution.com\/larxiu-de-sant-joan-es-puja-a-la-xarxa\/"},"modified":"2015-03-11T11:58:42","modified_gmt":"2015-03-11T11:58:42","slug":"larxiu-de-sant-joan-es-puja-a-la-xarxa","status":"publish","type":"post","link":"https:\/\/www.santjoandalacant.es\/ca\/larxiu-de-sant-joan-es-puja-a-la-xarxa\/","title":{"rendered":"L&#8217;ARXIU DE SANT JOAN ES PUJA A LA XARXA"},"content":{"rendered":"<p>\nEl Servei d&#8217;Arxius de la Conselleria de Cultura acaba de presentar el nou Cat\u00e0leg d&#8217;Acc\u00e9s P\u00fablic (OPAC) del Sistema Arxiv\u00edstic Valenci\u00e0 en Xarxa (SAVEX) que arreplega la documentaci\u00f3 dels arxius m\u00e9s destacats de la Comunitat Valenciana.\n<\/p>\n<p>\nEntre ells es custodia un important nombre de documentaci\u00f3 relativa a Sant Joan d&#8217;Alacant, com per exemple en l&#8217;Arxiu del Regne de Val\u00e8ncia o l&#8217;Hist\u00f2ric d&#8217;Oriola, amb documentaci\u00f3 sobre aquest municipi que es remunta als segles XVI a XVIII.\n<\/p>\n<p>\nEn l&#8217;Arxiu Hist\u00f2ric de la Comunitat Valenciana es poden trobar tamb\u00e9 els expedients dels estudiants santjoaners que durant el segle XIX van cursar els seus estudis en l&#8217;Institut Luis Vives de Val\u00e8ncia. I per la seua banda, en el fons de l&#8217;Arxiu Hist\u00f2ric Proincial d&#8217;Alacant, es troben tamb\u00e9 m\u00e9s de 500 entrades sobre la localitat, que van des de principis del XVIII fins a finals del XX, destacant els protocols notarials, algun d&#8217;ells digitalitzat, aix\u00ed com els fons de Cadastre i d&#8217;Obres P\u00fabliques.\n<\/p>\n<p>\nCom a dada curiosa destaquen les llic\u00e8ncies de la Contribuci\u00f3 Industrial dels espectacles teatrals i cinematogr\u00e0fics del Sal\u00f3 Cervantes, des de 1926. En una seg\u00fcent fase de desenvolupament de l&#8217;OPAC, els fons de l&#8217;Arxiu Municipal de Sant Joan d&#8217;Alacant, introdu\u00efts en SAVEX, tamb\u00e9 seran accessibles per a tots.\n<\/p>\n<p>\n\u00a0Consulta l&#8217;OPAC-SAVEX <a href=\"http:\/\/savex.cult.gva.es\/flora\/jsp\/index_opac.jsp\" target=\"_blank\" rel=\"noopener\">punxant ac\u00ed. <\/a>\n<\/p>\n<p>\n<br \/>\n\u00a0<\/p>\n","protected":false},"excerpt":{"rendered":"<p>\nEl Servei d&#8217;Arxius de la Conselleria de Cultura acaba de presentar el nou Cat\u00e0leg d&#8217;Acc\u00e9s P\u00fablic (OPAC) del Sistema Arxiv\u00edstic Valenci\u00e0 en Xarxa (SAVEX) que arreplega la documentaci\u00f3 dels arxius m\u00e9s destacats de la Comunitat Valenciana.\n<\/p>\n<p>\nEntre ells es custodia un important nombre de documentaci\u00f3 relativa a Sant Joan d&#8217;Alacant, com per exemple en l&#8217;Arxiu del Regne de Val\u00e8ncia o l&#8217;Hist\u00f2ric d&#8217;Oriola, amb documentaci\u00f3 sobre aquest municipi que es remunta als segles XVI a XVIII.<\/p>\n","protected":false},"author":1,"featured_media":30236,"comment_status":"open","ping_status":"open","sticky":false,"template":"","format":"standard","meta":{"_acf_changed":false,"rs_blank_template":"","rs_page_bg_color":"","slide_template_v7":"","footnotes":""},"categories":[1],"tags":[],"areas":[1019],"class_list":["post-77002","post","type-post","status-publish","format-standard","has-post-thumbnail","hentry","category-sin-categorizar","areas-cultura-ca"],"acf":[],"yoast_head":"<!-- This site is optimized with the Yoast SEO plugin v28.2 - https:\/\/yoast.com\/product\/yoast-seo-wordpress\/ -->\n<title>L&#039;ARXIU DE SANT JOAN ES PUJA A LA XARXA - Sant Joan d&#039;Alacant<\/title>\n<meta name=\"robots\" content=\"index, follow, max-snippet:-1, max-image-preview:large, max-video-preview:-1\" \/>\n<link rel=\"canonical\" href=\"https:\/\/www.santjoandalacant.es\/ca\/larxiu-de-sant-joan-es-puja-a-la-xarxa\/\" \/>\n<meta property=\"og:locale\" content=\"en_US\" \/>\n<meta property=\"og:type\" content=\"article\" \/>\n<meta property=\"og:title\" content=\"L&#039;ARXIU DE SANT JOAN ES PUJA A LA XARXA - Sant Joan d&#039;Alacant\" \/>\n<meta property=\"og:description\" content=\"El Servei d&#039;Arxius de la Conselleria de Cultura acaba de presentar el nou Cat\u00e0leg d&#039;Acc\u00e9s P\u00fablic (OPAC) del Sistema Arxiv\u00edstic Valenci\u00e0 en Xarxa (SAVEX) que arreplega la documentaci\u00f3 dels arxius m\u00e9s destacats de la Comunitat Valenciana.    Entre ells es custodia un important nombre de documentaci\u00f3 relativa a Sant Joan d&#039;Alacant, com per exemple en l&#039;Arxiu del Regne de Val\u00e8ncia o l&#039;Hist\u00f2ric d&#039;Oriola, amb documentaci\u00f3 sobre aquest municipi que es remunta als segles XVI a XVIII.\" \/>\n<meta property=\"og:url\" content=\"https:\/\/www.santjoandalacant.es\/ca\/larxiu-de-sant-joan-es-puja-a-la-xarxa\/\" \/>\n<meta property=\"og:site_name\" content=\"Sant Joan d&#039;Alacant\" \/>\n<meta property=\"article:publisher\" content=\"https:\/\/www.facebook.com\/santjoandalacant\/\" \/>\n<meta property=\"article:published_time\" content=\"2015-03-11T11:58:42+00:00\" \/>\n<meta property=\"og:image\" content=\"https:\/\/www.santjoandalacant.es\/wp-content\/uploads\/2017\/06\/SANT_JOAN_EN_OPAC.jpg\" \/>\n\t<meta property=\"og:image:width\" content=\"526\" \/>\n\t<meta property=\"og:image:height\" content=\"375\" \/>\n\t<meta property=\"og:image:type\" content=\"image\/jpeg\" \/>\n<meta name=\"author\" content=\"6tems\" \/>\n<meta name=\"twitter:card\" content=\"summary_large_image\" \/>\n<meta name=\"twitter:label1\" content=\"Written by\" \/>\n\t<meta name=\"twitter:data1\" content=\"6tems\" \/>\n\t<meta name=\"twitter:label2\" content=\"Est. reading time\" \/>\n\t<meta name=\"twitter:data2\" content=\"1 minute\" \/>\n<script type=\"application\/ld+json\" class=\"yoast-schema-graph\">{\"@context\":\"https:\\\/\\\/schema.org\",\"@graph\":[{\"@type\":\"Article\",\"@id\":\"https:\\\/\\\/www.santjoandalacant.es\\\/ca\\\/larxiu-de-sant-joan-es-puja-a-la-xarxa\\\/#article\",\"isPartOf\":{\"@id\":\"https:\\\/\\\/www.santjoandalacant.es\\\/ca\\\/larxiu-de-sant-joan-es-puja-a-la-xarxa\\\/\"},\"author\":{\"name\":\"6tems\",\"@id\":\"https:\\\/\\\/www.santjoandalacant.es\\\/ca\\\/#\\\/schema\\\/person\\\/74b89bc7b26e6edafb76cd69420cd790\"},\"headline\":\"L&#8217;ARXIU DE SANT JOAN ES PUJA A LA XARXA\",\"datePublished\":\"2015-03-11T11:58:42+00:00\",\"mainEntityOfPage\":{\"@id\":\"https:\\\/\\\/www.santjoandalacant.es\\\/ca\\\/larxiu-de-sant-joan-es-puja-a-la-xarxa\\\/\"},\"wordCount\":250,\"commentCount\":0,\"publisher\":{\"@id\":\"https:\\\/\\\/www.santjoandalacant.es\\\/ca\\\/#organization\"},\"image\":{\"@id\":\"https:\\\/\\\/www.santjoandalacant.es\\\/ca\\\/larxiu-de-sant-joan-es-puja-a-la-xarxa\\\/#primaryimage\"},\"thumbnailUrl\":\"https:\\\/\\\/www.santjoandalacant.es\\\/wp-content\\\/uploads\\\/2017\\\/06\\\/SANT_JOAN_EN_OPAC.jpg\",\"articleSection\":[\"Sin categorizar\"],\"inLanguage\":\"va\",\"potentialAction\":[{\"@type\":\"CommentAction\",\"name\":\"Comment\",\"target\":[\"https:\\\/\\\/www.santjoandalacant.es\\\/ca\\\/larxiu-de-sant-joan-es-puja-a-la-xarxa\\\/#respond\"]}]},{\"@type\":\"WebPage\",\"@id\":\"https:\\\/\\\/www.santjoandalacant.es\\\/ca\\\/larxiu-de-sant-joan-es-puja-a-la-xarxa\\\/\",\"url\":\"https:\\\/\\\/www.santjoandalacant.es\\\/ca\\\/larxiu-de-sant-joan-es-puja-a-la-xarxa\\\/\",\"name\":\"L'ARXIU DE SANT JOAN ES PUJA A LA XARXA - Sant Joan d&#039;Alacant\",\"isPartOf\":{\"@id\":\"https:\\\/\\\/www.santjoandalacant.es\\\/ca\\\/#website\"},\"primaryImageOfPage\":{\"@id\":\"https:\\\/\\\/www.santjoandalacant.es\\\/ca\\\/larxiu-de-sant-joan-es-puja-a-la-xarxa\\\/#primaryimage\"},\"image\":{\"@id\":\"https:\\\/\\\/www.santjoandalacant.es\\\/ca\\\/larxiu-de-sant-joan-es-puja-a-la-xarxa\\\/#primaryimage\"},\"thumbnailUrl\":\"https:\\\/\\\/www.santjoandalacant.es\\\/wp-content\\\/uploads\\\/2017\\\/06\\\/SANT_JOAN_EN_OPAC.jpg\",\"datePublished\":\"2015-03-11T11:58:42+00:00\",\"breadcrumb\":{\"@id\":\"https:\\\/\\\/www.santjoandalacant.es\\\/ca\\\/larxiu-de-sant-joan-es-puja-a-la-xarxa\\\/#breadcrumb\"},\"inLanguage\":\"va\",\"potentialAction\":[{\"@type\":\"ReadAction\",\"target\":[\"https:\\\/\\\/www.santjoandalacant.es\\\/ca\\\/larxiu-de-sant-joan-es-puja-a-la-xarxa\\\/\"]}]},{\"@type\":\"ImageObject\",\"inLanguage\":\"va\",\"@id\":\"https:\\\/\\\/www.santjoandalacant.es\\\/ca\\\/larxiu-de-sant-joan-es-puja-a-la-xarxa\\\/#primaryimage\",\"url\":\"https:\\\/\\\/www.santjoandalacant.es\\\/wp-content\\\/uploads\\\/2017\\\/06\\\/SANT_JOAN_EN_OPAC.jpg\",\"contentUrl\":\"https:\\\/\\\/www.santjoandalacant.es\\\/wp-content\\\/uploads\\\/2017\\\/06\\\/SANT_JOAN_EN_OPAC.jpg\",\"width\":526,\"height\":375},{\"@type\":\"BreadcrumbList\",\"@id\":\"https:\\\/\\\/www.santjoandalacant.es\\\/ca\\\/larxiu-de-sant-joan-es-puja-a-la-xarxa\\\/#breadcrumb\",\"itemListElement\":[{\"@type\":\"ListItem\",\"position\":1,\"name\":\"Inicio\",\"item\":\"https:\\\/\\\/www.santjoandalacant.es\\\/ca\\\/\"},{\"@type\":\"ListItem\",\"position\":2,\"name\":\"L&#8217;ARXIU DE SANT JOAN ES PUJA A LA XARXA\"}]},{\"@type\":\"WebSite\",\"@id\":\"https:\\\/\\\/www.santjoandalacant.es\\\/ca\\\/#website\",\"url\":\"https:\\\/\\\/www.santjoandalacant.es\\\/ca\\\/\",\"name\":\"Sant Joan d'Alacant\",\"description\":\"\",\"publisher\":{\"@id\":\"https:\\\/\\\/www.santjoandalacant.es\\\/ca\\\/#organization\"},\"potentialAction\":[{\"@type\":\"SearchAction\",\"target\":{\"@type\":\"EntryPoint\",\"urlTemplate\":\"https:\\\/\\\/www.santjoandalacant.es\\\/ca\\\/?s={search_term_string}\"},\"query-input\":{\"@type\":\"PropertyValueSpecification\",\"valueRequired\":true,\"valueName\":\"search_term_string\"}}],\"inLanguage\":\"va\"},{\"@type\":\"Organization\",\"@id\":\"https:\\\/\\\/www.santjoandalacant.es\\\/ca\\\/#organization\",\"name\":\"Sant Joan d'Alacant\",\"url\":\"https:\\\/\\\/www.santjoandalacant.es\\\/ca\\\/\",\"logo\":{\"@type\":\"ImageObject\",\"inLanguage\":\"va\",\"@id\":\"https:\\\/\\\/www.santjoandalacant.es\\\/ca\\\/#\\\/schema\\\/logo\\\/image\\\/\",\"url\":\"https:\\\/\\\/www.santjoandalacant.es\\\/wp-content\\\/uploads\\\/2023\\\/08\\\/logoSJ.png\",\"contentUrl\":\"https:\\\/\\\/www.santjoandalacant.es\\\/wp-content\\\/uploads\\\/2023\\\/08\\\/logoSJ.png\",\"width\":198,\"height\":253,\"caption\":\"Sant Joan d'Alacant\"},\"image\":{\"@id\":\"https:\\\/\\\/www.santjoandalacant.es\\\/ca\\\/#\\\/schema\\\/logo\\\/image\\\/\"},\"sameAs\":[\"https:\\\/\\\/www.facebook.com\\\/santjoandalacant\\\/\",\"https:\\\/\\\/www.instagram.com\\\/santjoandalacant\\\/\",\"https:\\\/\\\/www.youtube.com\\\/user\\\/santjoandalacant\"]},{\"@type\":\"Person\",\"@id\":\"https:\\\/\\\/www.santjoandalacant.es\\\/ca\\\/#\\\/schema\\\/person\\\/74b89bc7b26e6edafb76cd69420cd790\",\"name\":\"6tems\",\"image\":{\"@type\":\"ImageObject\",\"inLanguage\":\"va\",\"@id\":\"https:\\\/\\\/secure.gravatar.com\\\/avatar\\\/1c939d9bf86da56568327e5d52b159d089efba17cde140c49884e3fe77ef9c66?s=96&d=mm&r=g\",\"url\":\"https:\\\/\\\/secure.gravatar.com\\\/avatar\\\/1c939d9bf86da56568327e5d52b159d089efba17cde140c49884e3fe77ef9c66?s=96&d=mm&r=g\",\"contentUrl\":\"https:\\\/\\\/secure.gravatar.com\\\/avatar\\\/1c939d9bf86da56568327e5d52b159d089efba17cde140c49884e3fe77ef9c66?s=96&d=mm&r=g\",\"caption\":\"6tems\"},\"sameAs\":[\"https:\\\/\\\/www.santjoandalacant.es\"],\"url\":\"https:\\\/\\\/www.santjoandalacant.es\\\/ca\\\/author\\\/adminasap\\\/\"}]}<\/script>\n<!-- \/ Yoast SEO plugin. -->","yoast_head_json":{"title":"L'ARXIU DE SANT JOAN ES PUJA A LA XARXA - Sant Joan d&#039;Alacant","robots":{"index":"index","follow":"follow","max-snippet":"max-snippet:-1","max-image-preview":"max-image-preview:large","max-video-preview":"max-video-preview:-1"},"canonical":"https:\/\/www.santjoandalacant.es\/ca\/larxiu-de-sant-joan-es-puja-a-la-xarxa\/","og_locale":"en_US","og_type":"article","og_title":"L'ARXIU DE SANT JOAN ES PUJA A LA XARXA - Sant Joan d&#039;Alacant","og_description":"El Servei d'Arxius de la Conselleria de Cultura acaba de presentar el nou Cat\u00e0leg d'Acc\u00e9s P\u00fablic (OPAC) del Sistema Arxiv\u00edstic Valenci\u00e0 en Xarxa (SAVEX) que arreplega la documentaci\u00f3 dels arxius m\u00e9s destacats de la Comunitat Valenciana.    Entre ells es custodia un important nombre de documentaci\u00f3 relativa a Sant Joan d'Alacant, com per exemple en l'Arxiu del Regne de Val\u00e8ncia o l'Hist\u00f2ric d'Oriola, amb documentaci\u00f3 sobre aquest municipi que es remunta als segles XVI a XVIII.","og_url":"https:\/\/www.santjoandalacant.es\/ca\/larxiu-de-sant-joan-es-puja-a-la-xarxa\/","og_site_name":"Sant Joan d&#039;Alacant","article_publisher":"https:\/\/www.facebook.com\/santjoandalacant\/","article_published_time":"2015-03-11T11:58:42+00:00","og_image":[{"width":526,"height":375,"url":"https:\/\/www.santjoandalacant.es\/wp-content\/uploads\/2017\/06\/SANT_JOAN_EN_OPAC.jpg","type":"image\/jpeg"}],"author":"6tems","twitter_card":"summary_large_image","twitter_misc":{"Written by":"6tems","Est. reading time":"1 minute"},"schema":{"@context":"https:\/\/schema.org","@graph":[{"@type":"Article","@id":"https:\/\/www.santjoandalacant.es\/ca\/larxiu-de-sant-joan-es-puja-a-la-xarxa\/#article","isPartOf":{"@id":"https:\/\/www.santjoandalacant.es\/ca\/larxiu-de-sant-joan-es-puja-a-la-xarxa\/"},"author":{"name":"6tems","@id":"https:\/\/www.santjoandalacant.es\/ca\/#\/schema\/person\/74b89bc7b26e6edafb76cd69420cd790"},"headline":"L&#8217;ARXIU DE SANT JOAN ES PUJA A LA XARXA","datePublished":"2015-03-11T11:58:42+00:00","mainEntityOfPage":{"@id":"https:\/\/www.santjoandalacant.es\/ca\/larxiu-de-sant-joan-es-puja-a-la-xarxa\/"},"wordCount":250,"commentCount":0,"publisher":{"@id":"https:\/\/www.santjoandalacant.es\/ca\/#organization"},"image":{"@id":"https:\/\/www.santjoandalacant.es\/ca\/larxiu-de-sant-joan-es-puja-a-la-xarxa\/#primaryimage"},"thumbnailUrl":"https:\/\/www.santjoandalacant.es\/wp-content\/uploads\/2017\/06\/SANT_JOAN_EN_OPAC.jpg","articleSection":["Sin categorizar"],"inLanguage":"va","potentialAction":[{"@type":"CommentAction","name":"Comment","target":["https:\/\/www.santjoandalacant.es\/ca\/larxiu-de-sant-joan-es-puja-a-la-xarxa\/#respond"]}]},{"@type":"WebPage","@id":"https:\/\/www.santjoandalacant.es\/ca\/larxiu-de-sant-joan-es-puja-a-la-xarxa\/","url":"https:\/\/www.santjoandalacant.es\/ca\/larxiu-de-sant-joan-es-puja-a-la-xarxa\/","name":"L'ARXIU DE SANT JOAN ES PUJA A LA XARXA - Sant Joan d&#039;Alacant","isPartOf":{"@id":"https:\/\/www.santjoandalacant.es\/ca\/#website"},"primaryImageOfPage":{"@id":"https:\/\/www.santjoandalacant.es\/ca\/larxiu-de-sant-joan-es-puja-a-la-xarxa\/#primaryimage"},"image":{"@id":"https:\/\/www.santjoandalacant.es\/ca\/larxiu-de-sant-joan-es-puja-a-la-xarxa\/#primaryimage"},"thumbnailUrl":"https:\/\/www.santjoandalacant.es\/wp-content\/uploads\/2017\/06\/SANT_JOAN_EN_OPAC.jpg","datePublished":"2015-03-11T11:58:42+00:00","breadcrumb":{"@id":"https:\/\/www.santjoandalacant.es\/ca\/larxiu-de-sant-joan-es-puja-a-la-xarxa\/#breadcrumb"},"inLanguage":"va","potentialAction":[{"@type":"ReadAction","target":["https:\/\/www.santjoandalacant.es\/ca\/larxiu-de-sant-joan-es-puja-a-la-xarxa\/"]}]},{"@type":"ImageObject","inLanguage":"va","@id":"https:\/\/www.santjoandalacant.es\/ca\/larxiu-de-sant-joan-es-puja-a-la-xarxa\/#primaryimage","url":"https:\/\/www.santjoandalacant.es\/wp-content\/uploads\/2017\/06\/SANT_JOAN_EN_OPAC.jpg","contentUrl":"https:\/\/www.santjoandalacant.es\/wp-content\/uploads\/2017\/06\/SANT_JOAN_EN_OPAC.jpg","width":526,"height":375},{"@type":"BreadcrumbList","@id":"https:\/\/www.santjoandalacant.es\/ca\/larxiu-de-sant-joan-es-puja-a-la-xarxa\/#breadcrumb","itemListElement":[{"@type":"ListItem","position":1,"name":"Inicio","item":"https:\/\/www.santjoandalacant.es\/ca\/"},{"@type":"ListItem","position":2,"name":"L&#8217;ARXIU DE SANT JOAN ES PUJA A LA XARXA"}]},{"@type":"WebSite","@id":"https:\/\/www.santjoandalacant.es\/ca\/#website","url":"https:\/\/www.santjoandalacant.es\/ca\/","name":"Sant Joan d'Alacant","description":"","publisher":{"@id":"https:\/\/www.santjoandalacant.es\/ca\/#organization"},"potentialAction":[{"@type":"SearchAction","target":{"@type":"EntryPoint","urlTemplate":"https:\/\/www.santjoandalacant.es\/ca\/?s={search_term_string}"},"query-input":{"@type":"PropertyValueSpecification","valueRequired":true,"valueName":"search_term_string"}}],"inLanguage":"va"},{"@type":"Organization","@id":"https:\/\/www.santjoandalacant.es\/ca\/#organization","name":"Sant Joan d'Alacant","url":"https:\/\/www.santjoandalacant.es\/ca\/","logo":{"@type":"ImageObject","inLanguage":"va","@id":"https:\/\/www.santjoandalacant.es\/ca\/#\/schema\/logo\/image\/","url":"https:\/\/www.santjoandalacant.es\/wp-content\/uploads\/2023\/08\/logoSJ.png","contentUrl":"https:\/\/www.santjoandalacant.es\/wp-content\/uploads\/2023\/08\/logoSJ.png","width":198,"height":253,"caption":"Sant Joan d'Alacant"},"image":{"@id":"https:\/\/www.santjoandalacant.es\/ca\/#\/schema\/logo\/image\/"},"sameAs":["https:\/\/www.facebook.com\/santjoandalacant\/","https:\/\/www.instagram.com\/santjoandalacant\/","https:\/\/www.youtube.com\/user\/santjoandalacant"]},{"@type":"Person","@id":"https:\/\/www.santjoandalacant.es\/ca\/#\/schema\/person\/74b89bc7b26e6edafb76cd69420cd790","name":"6tems","image":{"@type":"ImageObject","inLanguage":"va","@id":"https:\/\/secure.gravatar.com\/avatar\/1c939d9bf86da56568327e5d52b159d089efba17cde140c49884e3fe77ef9c66?s=96&d=mm&r=g","url":"https:\/\/secure.gravatar.com\/avatar\/1c939d9bf86da56568327e5d52b159d089efba17cde140c49884e3fe77ef9c66?s=96&d=mm&r=g","contentUrl":"https:\/\/secure.gravatar.com\/avatar\/1c939d9bf86da56568327e5d52b159d089efba17cde140c49884e3fe77ef9c66?s=96&d=mm&r=g","caption":"6tems"},"sameAs":["https:\/\/www.santjoandalacant.es"],"url":"https:\/\/www.santjoandalacant.es\/ca\/author\/adminasap\/"}]}},"_links":{"self":[{"href":"https:\/\/www.santjoandalacant.es\/ca\/wp-json\/wp\/v2\/posts\/77002","targetHints":{"allow":["GET"]}}],"collection":[{"href":"https:\/\/www.santjoandalacant.es\/ca\/wp-json\/wp\/v2\/posts"}],"about":[{"href":"https:\/\/www.santjoandalacant.es\/ca\/wp-json\/wp\/v2\/types\/post"}],"author":[{"embeddable":true,"href":"https:\/\/www.santjoandalacant.es\/ca\/wp-json\/wp\/v2\/users\/1"}],"replies":[{"embeddable":true,"href":"https:\/\/www.santjoandalacant.es\/ca\/wp-json\/wp\/v2\/comments?post=77002"}],"version-history":[{"count":0,"href":"https:\/\/www.santjoandalacant.es\/ca\/wp-json\/wp\/v2\/posts\/77002\/revisions"}],"wp:featuredmedia":[{"embeddable":true,"href":"https:\/\/www.santjoandalacant.es\/ca\/wp-json\/wp\/v2\/media\/30236"}],"wp:attachment":[{"href":"https:\/\/www.santjoandalacant.es\/ca\/wp-json\/wp\/v2\/media?parent=77002"}],"wp:term":[{"taxonomy":"category","embeddable":true,"href":"https:\/\/www.santjoandalacant.es\/ca\/wp-json\/wp\/v2\/categories?post=77002"},{"taxonomy":"post_tag","embeddable":true,"href":"https:\/\/www.santjoandalacant.es\/ca\/wp-json\/wp\/v2\/tags?post=77002"},{"taxonomy":"areas","embeddable":true,"href":"https:\/\/www.santjoandalacant.es\/ca\/wp-json\/wp\/v2\/areas?post=77002"}],"curies":[{"name":"wp","href":"https:\/\/api.w.org\/{rel}","templated":true}]}}