{"id":77011,"date":"2015-03-06T10:24:44","date_gmt":"2015-03-06T10:24:44","guid":{"rendered":"https:\/\/santjoan.developersasapglobalsolution.com\/la-ucam-lliura-6-000e-a-les-ampas\/"},"modified":"2015-03-06T10:24:44","modified_gmt":"2015-03-06T10:24:44","slug":"la-ucam-lliura-6-000e-a-les-ampas","status":"publish","type":"post","link":"https:\/\/www.santjoandalacant.es\/ca\/la-ucam-lliura-6-000e-a-les-ampas\/","title":{"rendered":"LA UCAM LLIURA 6.000\u20ac A LES AMPAS"},"content":{"rendered":"<p>\nL&#8217;alcalde Manuel Aracil va rebre en l&#8217;Ajuntament de Sant Joan d&#8217;Alacant, al costat de Pablo Rosique, Director General d&#8217;Esports de la Universitat Cat\u00f2lica de M\u00farcia (UCAM), als representants de les quatre associacions de mares i pares d&#8217;alumnes, pertanyents als quatre col\u00b7legis d&#8217;educaci\u00f3 Infantil i Prim\u00e0ria del municipi, per a fer-los lliurament d&#8217;una subvenci\u00f3 de 6.000 euros.\n<\/p>\n<p>\nLes AMPAs dels CEIP Crist de la Pau, Rajoletes, El Romero i La nostra Senyora del Carmen (Carmelites) van rebre aix\u00ed, de mans de l&#8217;alcalde i del directiu de la UCAM, un xec per valor d&#8217;1.500 euros per a cada associaci\u00f3. L&#8217;objectiu \u00e9s poder sufragar aix\u00ed les necessitats en mat\u00e8ria de llibres i altres materials escolars que, durant el pr\u00f2xim curs, puguen requerir els alumnes les fam\u00edlies dels quals es troben en situaci\u00f3 de dificultat econ\u00f2mica.\n<\/p>\n<p>\n<br \/>\nAquesta iniciativa que la UCAM realitza amb els seus propis fons se sumisca a les beques per a l&#8217;adquisici\u00f3 de llibres de text que ja ha concedit el propi Ajuntament. Una mostra de la sensibilitat i el comprom\u00eds amb l&#8217;educaci\u00f3 i la formaci\u00f3, tant del Consistori com de la pr\u00f2pia entitat universit\u00e0ria. A l&#8217;acte de lliurament es van sumar els edils d&#8217;Educaci\u00f3 i Esports, Javier Yebes i V\u00edctor Garc\u00eda Berenguer, respectivament.\n<\/p>\n<p>\n<br \/>\n\u00a0<\/p>\n","protected":false},"excerpt":{"rendered":"<p>\nL&#8217;alcalde Manuel Aracil va rebre en l&#8217;Ajuntament de Sant Joan d&#8217;Alacant, al costat de Pablo Rosique, Director General d&#8217;Esports de la Universitat Cat\u00f2lica de M\u00farcia (UCAM), als representants de les quatre associacions de mares i pares d&#8217;alumnes, pertanyents als quatre col\u00b7legis d&#8217;educaci\u00f3 Infantil i Prim\u00e0ria del municipi, per a fer-los lliurament d&#8217;una subvenci\u00f3 de 6.000 euros.<\/p>\n","protected":false},"author":1,"featured_media":30285,"comment_status":"open","ping_status":"open","sticky":false,"template":"","format":"standard","meta":{"_acf_changed":false,"rs_blank_template":"","rs_page_bg_color":"","slide_template_v7":"","footnotes":""},"categories":[1],"tags":[],"areas":[1000],"class_list":["post-77011","post","type-post","status-publish","format-standard","has-post-thumbnail","hentry","category-sin-categorizar","areas-educacion-ca"],"acf":[],"yoast_head":"<!-- This site is optimized with the Yoast SEO plugin v28.2 - https:\/\/yoast.com\/product\/yoast-seo-wordpress\/ -->\n<title>LA UCAM LLIURA 6.000\u20ac A LES AMPAS - Sant Joan d&#039;Alacant<\/title>\n<meta name=\"robots\" content=\"index, follow, max-snippet:-1, max-image-preview:large, max-video-preview:-1\" \/>\n<link rel=\"canonical\" href=\"https:\/\/www.santjoandalacant.es\/ca\/la-ucam-lliura-6-000e-a-les-ampas\/\" \/>\n<meta property=\"og:locale\" content=\"en_US\" \/>\n<meta property=\"og:type\" content=\"article\" \/>\n<meta property=\"og:title\" content=\"LA UCAM LLIURA 6.000\u20ac A LES AMPAS - Sant Joan d&#039;Alacant\" \/>\n<meta property=\"og:description\" content=\"L&#039;alcalde Manuel Aracil va rebre en l&#039;Ajuntament de Sant Joan d&#039;Alacant, al costat de Pablo Rosique, Director General d&#039;Esports de la Universitat Cat\u00f2lica de M\u00farcia (UCAM), als representants de les quatre associacions de mares i pares d&#039;alumnes, pertanyents als quatre col\u00b7legis d&#039;educaci\u00f3 Infantil i Prim\u00e0ria del municipi, per a fer-los lliurament d&#039;una subvenci\u00f3 de 6.000 euros.\" \/>\n<meta property=\"og:url\" content=\"https:\/\/www.santjoandalacant.es\/ca\/la-ucam-lliura-6-000e-a-les-ampas\/\" \/>\n<meta property=\"og:site_name\" content=\"Sant Joan d&#039;Alacant\" \/>\n<meta property=\"article:publisher\" content=\"https:\/\/www.facebook.com\/santjoandalacant\/\" \/>\n<meta property=\"article:published_time\" content=\"2015-03-06T10:24:44+00:00\" \/>\n<meta property=\"og:image\" content=\"https:\/\/www.santjoandalacant.es\/wp-content\/uploads\/2017\/06\/UCAM_BECA_LIBROS_AMPAS.jpg\" \/>\n\t<meta property=\"og:image:width\" content=\"526\" \/>\n\t<meta property=\"og:image:height\" content=\"400\" \/>\n\t<meta property=\"og:image:type\" content=\"image\/jpeg\" \/>\n<meta name=\"author\" content=\"6tems\" \/>\n<meta name=\"twitter:card\" content=\"summary_large_image\" \/>\n<meta name=\"twitter:label1\" content=\"Written by\" \/>\n\t<meta name=\"twitter:data1\" content=\"6tems\" \/>\n\t<meta name=\"twitter:label2\" content=\"Est. reading time\" \/>\n\t<meta name=\"twitter:data2\" content=\"1 minute\" \/>\n<script type=\"application\/ld+json\" class=\"yoast-schema-graph\">{\"@context\":\"https:\\\/\\\/schema.org\",\"@graph\":[{\"@type\":\"Article\",\"@id\":\"https:\\\/\\\/www.santjoandalacant.es\\\/ca\\\/la-ucam-lliura-6-000e-a-les-ampas\\\/#article\",\"isPartOf\":{\"@id\":\"https:\\\/\\\/www.santjoandalacant.es\\\/ca\\\/la-ucam-lliura-6-000e-a-les-ampas\\\/\"},\"author\":{\"name\":\"6tems\",\"@id\":\"https:\\\/\\\/www.santjoandalacant.es\\\/ca\\\/#\\\/schema\\\/person\\\/74b89bc7b26e6edafb76cd69420cd790\"},\"headline\":\"LA UCAM LLIURA 6.000\u20ac A LES AMPAS\",\"datePublished\":\"2015-03-06T10:24:44+00:00\",\"mainEntityOfPage\":{\"@id\":\"https:\\\/\\\/www.santjoandalacant.es\\\/ca\\\/la-ucam-lliura-6-000e-a-les-ampas\\\/\"},\"wordCount\":234,\"commentCount\":0,\"publisher\":{\"@id\":\"https:\\\/\\\/www.santjoandalacant.es\\\/ca\\\/#organization\"},\"image\":{\"@id\":\"https:\\\/\\\/www.santjoandalacant.es\\\/ca\\\/la-ucam-lliura-6-000e-a-les-ampas\\\/#primaryimage\"},\"thumbnailUrl\":\"https:\\\/\\\/www.santjoandalacant.es\\\/wp-content\\\/uploads\\\/2017\\\/06\\\/UCAM_BECA_LIBROS_AMPAS.jpg\",\"articleSection\":[\"Sin categorizar\"],\"inLanguage\":\"va\",\"potentialAction\":[{\"@type\":\"CommentAction\",\"name\":\"Comment\",\"target\":[\"https:\\\/\\\/www.santjoandalacant.es\\\/ca\\\/la-ucam-lliura-6-000e-a-les-ampas\\\/#respond\"]}]},{\"@type\":\"WebPage\",\"@id\":\"https:\\\/\\\/www.santjoandalacant.es\\\/ca\\\/la-ucam-lliura-6-000e-a-les-ampas\\\/\",\"url\":\"https:\\\/\\\/www.santjoandalacant.es\\\/ca\\\/la-ucam-lliura-6-000e-a-les-ampas\\\/\",\"name\":\"LA UCAM LLIURA 6.000\u20ac A LES AMPAS - Sant Joan d&#039;Alacant\",\"isPartOf\":{\"@id\":\"https:\\\/\\\/www.santjoandalacant.es\\\/ca\\\/#website\"},\"primaryImageOfPage\":{\"@id\":\"https:\\\/\\\/www.santjoandalacant.es\\\/ca\\\/la-ucam-lliura-6-000e-a-les-ampas\\\/#primaryimage\"},\"image\":{\"@id\":\"https:\\\/\\\/www.santjoandalacant.es\\\/ca\\\/la-ucam-lliura-6-000e-a-les-ampas\\\/#primaryimage\"},\"thumbnailUrl\":\"https:\\\/\\\/www.santjoandalacant.es\\\/wp-content\\\/uploads\\\/2017\\\/06\\\/UCAM_BECA_LIBROS_AMPAS.jpg\",\"datePublished\":\"2015-03-06T10:24:44+00:00\",\"breadcrumb\":{\"@id\":\"https:\\\/\\\/www.santjoandalacant.es\\\/ca\\\/la-ucam-lliura-6-000e-a-les-ampas\\\/#breadcrumb\"},\"inLanguage\":\"va\",\"potentialAction\":[{\"@type\":\"ReadAction\",\"target\":[\"https:\\\/\\\/www.santjoandalacant.es\\\/ca\\\/la-ucam-lliura-6-000e-a-les-ampas\\\/\"]}]},{\"@type\":\"ImageObject\",\"inLanguage\":\"va\",\"@id\":\"https:\\\/\\\/www.santjoandalacant.es\\\/ca\\\/la-ucam-lliura-6-000e-a-les-ampas\\\/#primaryimage\",\"url\":\"https:\\\/\\\/www.santjoandalacant.es\\\/wp-content\\\/uploads\\\/2017\\\/06\\\/UCAM_BECA_LIBROS_AMPAS.jpg\",\"contentUrl\":\"https:\\\/\\\/www.santjoandalacant.es\\\/wp-content\\\/uploads\\\/2017\\\/06\\\/UCAM_BECA_LIBROS_AMPAS.jpg\",\"width\":526,\"height\":400},{\"@type\":\"BreadcrumbList\",\"@id\":\"https:\\\/\\\/www.santjoandalacant.es\\\/ca\\\/la-ucam-lliura-6-000e-a-les-ampas\\\/#breadcrumb\",\"itemListElement\":[{\"@type\":\"ListItem\",\"position\":1,\"name\":\"Inicio\",\"item\":\"https:\\\/\\\/www.santjoandalacant.es\\\/ca\\\/\"},{\"@type\":\"ListItem\",\"position\":2,\"name\":\"LA UCAM LLIURA 6.000\u20ac A LES AMPAS\"}]},{\"@type\":\"WebSite\",\"@id\":\"https:\\\/\\\/www.santjoandalacant.es\\\/ca\\\/#website\",\"url\":\"https:\\\/\\\/www.santjoandalacant.es\\\/ca\\\/\",\"name\":\"Sant Joan d'Alacant\",\"description\":\"\",\"publisher\":{\"@id\":\"https:\\\/\\\/www.santjoandalacant.es\\\/ca\\\/#organization\"},\"potentialAction\":[{\"@type\":\"SearchAction\",\"target\":{\"@type\":\"EntryPoint\",\"urlTemplate\":\"https:\\\/\\\/www.santjoandalacant.es\\\/ca\\\/?s={search_term_string}\"},\"query-input\":{\"@type\":\"PropertyValueSpecification\",\"valueRequired\":true,\"valueName\":\"search_term_string\"}}],\"inLanguage\":\"va\"},{\"@type\":\"Organization\",\"@id\":\"https:\\\/\\\/www.santjoandalacant.es\\\/ca\\\/#organization\",\"name\":\"Sant Joan d'Alacant\",\"url\":\"https:\\\/\\\/www.santjoandalacant.es\\\/ca\\\/\",\"logo\":{\"@type\":\"ImageObject\",\"inLanguage\":\"va\",\"@id\":\"https:\\\/\\\/www.santjoandalacant.es\\\/ca\\\/#\\\/schema\\\/logo\\\/image\\\/\",\"url\":\"https:\\\/\\\/www.santjoandalacant.es\\\/wp-content\\\/uploads\\\/2023\\\/08\\\/logoSJ.png\",\"contentUrl\":\"https:\\\/\\\/www.santjoandalacant.es\\\/wp-content\\\/uploads\\\/2023\\\/08\\\/logoSJ.png\",\"width\":198,\"height\":253,\"caption\":\"Sant Joan d'Alacant\"},\"image\":{\"@id\":\"https:\\\/\\\/www.santjoandalacant.es\\\/ca\\\/#\\\/schema\\\/logo\\\/image\\\/\"},\"sameAs\":[\"https:\\\/\\\/www.facebook.com\\\/santjoandalacant\\\/\",\"https:\\\/\\\/www.instagram.com\\\/santjoandalacant\\\/\",\"https:\\\/\\\/www.youtube.com\\\/user\\\/santjoandalacant\"]},{\"@type\":\"Person\",\"@id\":\"https:\\\/\\\/www.santjoandalacant.es\\\/ca\\\/#\\\/schema\\\/person\\\/74b89bc7b26e6edafb76cd69420cd790\",\"name\":\"6tems\",\"image\":{\"@type\":\"ImageObject\",\"inLanguage\":\"va\",\"@id\":\"https:\\\/\\\/secure.gravatar.com\\\/avatar\\\/1c939d9bf86da56568327e5d52b159d089efba17cde140c49884e3fe77ef9c66?s=96&d=mm&r=g\",\"url\":\"https:\\\/\\\/secure.gravatar.com\\\/avatar\\\/1c939d9bf86da56568327e5d52b159d089efba17cde140c49884e3fe77ef9c66?s=96&d=mm&r=g\",\"contentUrl\":\"https:\\\/\\\/secure.gravatar.com\\\/avatar\\\/1c939d9bf86da56568327e5d52b159d089efba17cde140c49884e3fe77ef9c66?s=96&d=mm&r=g\",\"caption\":\"6tems\"},\"sameAs\":[\"https:\\\/\\\/www.santjoandalacant.es\"],\"url\":\"https:\\\/\\\/www.santjoandalacant.es\\\/ca\\\/author\\\/adminasap\\\/\"}]}<\/script>\n<!-- \/ Yoast SEO plugin. -->","yoast_head_json":{"title":"LA UCAM LLIURA 6.000\u20ac A LES AMPAS - Sant Joan d&#039;Alacant","robots":{"index":"index","follow":"follow","max-snippet":"max-snippet:-1","max-image-preview":"max-image-preview:large","max-video-preview":"max-video-preview:-1"},"canonical":"https:\/\/www.santjoandalacant.es\/ca\/la-ucam-lliura-6-000e-a-les-ampas\/","og_locale":"en_US","og_type":"article","og_title":"LA UCAM LLIURA 6.000\u20ac A LES AMPAS - Sant Joan d&#039;Alacant","og_description":"L'alcalde Manuel Aracil va rebre en l'Ajuntament de Sant Joan d'Alacant, al costat de Pablo Rosique, Director General d'Esports de la Universitat Cat\u00f2lica de M\u00farcia (UCAM), als representants de les quatre associacions de mares i pares d'alumnes, pertanyents als quatre col\u00b7legis d'educaci\u00f3 Infantil i Prim\u00e0ria del municipi, per a fer-los lliurament d'una subvenci\u00f3 de 6.000 euros.","og_url":"https:\/\/www.santjoandalacant.es\/ca\/la-ucam-lliura-6-000e-a-les-ampas\/","og_site_name":"Sant Joan d&#039;Alacant","article_publisher":"https:\/\/www.facebook.com\/santjoandalacant\/","article_published_time":"2015-03-06T10:24:44+00:00","og_image":[{"width":526,"height":400,"url":"https:\/\/www.santjoandalacant.es\/wp-content\/uploads\/2017\/06\/UCAM_BECA_LIBROS_AMPAS.jpg","type":"image\/jpeg"}],"author":"6tems","twitter_card":"summary_large_image","twitter_misc":{"Written by":"6tems","Est. reading time":"1 minute"},"schema":{"@context":"https:\/\/schema.org","@graph":[{"@type":"Article","@id":"https:\/\/www.santjoandalacant.es\/ca\/la-ucam-lliura-6-000e-a-les-ampas\/#article","isPartOf":{"@id":"https:\/\/www.santjoandalacant.es\/ca\/la-ucam-lliura-6-000e-a-les-ampas\/"},"author":{"name":"6tems","@id":"https:\/\/www.santjoandalacant.es\/ca\/#\/schema\/person\/74b89bc7b26e6edafb76cd69420cd790"},"headline":"LA UCAM LLIURA 6.000\u20ac A LES AMPAS","datePublished":"2015-03-06T10:24:44+00:00","mainEntityOfPage":{"@id":"https:\/\/www.santjoandalacant.es\/ca\/la-ucam-lliura-6-000e-a-les-ampas\/"},"wordCount":234,"commentCount":0,"publisher":{"@id":"https:\/\/www.santjoandalacant.es\/ca\/#organization"},"image":{"@id":"https:\/\/www.santjoandalacant.es\/ca\/la-ucam-lliura-6-000e-a-les-ampas\/#primaryimage"},"thumbnailUrl":"https:\/\/www.santjoandalacant.es\/wp-content\/uploads\/2017\/06\/UCAM_BECA_LIBROS_AMPAS.jpg","articleSection":["Sin categorizar"],"inLanguage":"va","potentialAction":[{"@type":"CommentAction","name":"Comment","target":["https:\/\/www.santjoandalacant.es\/ca\/la-ucam-lliura-6-000e-a-les-ampas\/#respond"]}]},{"@type":"WebPage","@id":"https:\/\/www.santjoandalacant.es\/ca\/la-ucam-lliura-6-000e-a-les-ampas\/","url":"https:\/\/www.santjoandalacant.es\/ca\/la-ucam-lliura-6-000e-a-les-ampas\/","name":"LA UCAM LLIURA 6.000\u20ac A LES AMPAS - Sant Joan d&#039;Alacant","isPartOf":{"@id":"https:\/\/www.santjoandalacant.es\/ca\/#website"},"primaryImageOfPage":{"@id":"https:\/\/www.santjoandalacant.es\/ca\/la-ucam-lliura-6-000e-a-les-ampas\/#primaryimage"},"image":{"@id":"https:\/\/www.santjoandalacant.es\/ca\/la-ucam-lliura-6-000e-a-les-ampas\/#primaryimage"},"thumbnailUrl":"https:\/\/www.santjoandalacant.es\/wp-content\/uploads\/2017\/06\/UCAM_BECA_LIBROS_AMPAS.jpg","datePublished":"2015-03-06T10:24:44+00:00","breadcrumb":{"@id":"https:\/\/www.santjoandalacant.es\/ca\/la-ucam-lliura-6-000e-a-les-ampas\/#breadcrumb"},"inLanguage":"va","potentialAction":[{"@type":"ReadAction","target":["https:\/\/www.santjoandalacant.es\/ca\/la-ucam-lliura-6-000e-a-les-ampas\/"]}]},{"@type":"ImageObject","inLanguage":"va","@id":"https:\/\/www.santjoandalacant.es\/ca\/la-ucam-lliura-6-000e-a-les-ampas\/#primaryimage","url":"https:\/\/www.santjoandalacant.es\/wp-content\/uploads\/2017\/06\/UCAM_BECA_LIBROS_AMPAS.jpg","contentUrl":"https:\/\/www.santjoandalacant.es\/wp-content\/uploads\/2017\/06\/UCAM_BECA_LIBROS_AMPAS.jpg","width":526,"height":400},{"@type":"BreadcrumbList","@id":"https:\/\/www.santjoandalacant.es\/ca\/la-ucam-lliura-6-000e-a-les-ampas\/#breadcrumb","itemListElement":[{"@type":"ListItem","position":1,"name":"Inicio","item":"https:\/\/www.santjoandalacant.es\/ca\/"},{"@type":"ListItem","position":2,"name":"LA UCAM LLIURA 6.000\u20ac A LES AMPAS"}]},{"@type":"WebSite","@id":"https:\/\/www.santjoandalacant.es\/ca\/#website","url":"https:\/\/www.santjoandalacant.es\/ca\/","name":"Sant Joan d'Alacant","description":"","publisher":{"@id":"https:\/\/www.santjoandalacant.es\/ca\/#organization"},"potentialAction":[{"@type":"SearchAction","target":{"@type":"EntryPoint","urlTemplate":"https:\/\/www.santjoandalacant.es\/ca\/?s={search_term_string}"},"query-input":{"@type":"PropertyValueSpecification","valueRequired":true,"valueName":"search_term_string"}}],"inLanguage":"va"},{"@type":"Organization","@id":"https:\/\/www.santjoandalacant.es\/ca\/#organization","name":"Sant Joan d'Alacant","url":"https:\/\/www.santjoandalacant.es\/ca\/","logo":{"@type":"ImageObject","inLanguage":"va","@id":"https:\/\/www.santjoandalacant.es\/ca\/#\/schema\/logo\/image\/","url":"https:\/\/www.santjoandalacant.es\/wp-content\/uploads\/2023\/08\/logoSJ.png","contentUrl":"https:\/\/www.santjoandalacant.es\/wp-content\/uploads\/2023\/08\/logoSJ.png","width":198,"height":253,"caption":"Sant Joan d'Alacant"},"image":{"@id":"https:\/\/www.santjoandalacant.es\/ca\/#\/schema\/logo\/image\/"},"sameAs":["https:\/\/www.facebook.com\/santjoandalacant\/","https:\/\/www.instagram.com\/santjoandalacant\/","https:\/\/www.youtube.com\/user\/santjoandalacant"]},{"@type":"Person","@id":"https:\/\/www.santjoandalacant.es\/ca\/#\/schema\/person\/74b89bc7b26e6edafb76cd69420cd790","name":"6tems","image":{"@type":"ImageObject","inLanguage":"va","@id":"https:\/\/secure.gravatar.com\/avatar\/1c939d9bf86da56568327e5d52b159d089efba17cde140c49884e3fe77ef9c66?s=96&d=mm&r=g","url":"https:\/\/secure.gravatar.com\/avatar\/1c939d9bf86da56568327e5d52b159d089efba17cde140c49884e3fe77ef9c66?s=96&d=mm&r=g","contentUrl":"https:\/\/secure.gravatar.com\/avatar\/1c939d9bf86da56568327e5d52b159d089efba17cde140c49884e3fe77ef9c66?s=96&d=mm&r=g","caption":"6tems"},"sameAs":["https:\/\/www.santjoandalacant.es"],"url":"https:\/\/www.santjoandalacant.es\/ca\/author\/adminasap\/"}]}},"_links":{"self":[{"href":"https:\/\/www.santjoandalacant.es\/ca\/wp-json\/wp\/v2\/posts\/77011","targetHints":{"allow":["GET"]}}],"collection":[{"href":"https:\/\/www.santjoandalacant.es\/ca\/wp-json\/wp\/v2\/posts"}],"about":[{"href":"https:\/\/www.santjoandalacant.es\/ca\/wp-json\/wp\/v2\/types\/post"}],"author":[{"embeddable":true,"href":"https:\/\/www.santjoandalacant.es\/ca\/wp-json\/wp\/v2\/users\/1"}],"replies":[{"embeddable":true,"href":"https:\/\/www.santjoandalacant.es\/ca\/wp-json\/wp\/v2\/comments?post=77011"}],"version-history":[{"count":0,"href":"https:\/\/www.santjoandalacant.es\/ca\/wp-json\/wp\/v2\/posts\/77011\/revisions"}],"wp:featuredmedia":[{"embeddable":true,"href":"https:\/\/www.santjoandalacant.es\/ca\/wp-json\/wp\/v2\/media\/30285"}],"wp:attachment":[{"href":"https:\/\/www.santjoandalacant.es\/ca\/wp-json\/wp\/v2\/media?parent=77011"}],"wp:term":[{"taxonomy":"category","embeddable":true,"href":"https:\/\/www.santjoandalacant.es\/ca\/wp-json\/wp\/v2\/categories?post=77011"},{"taxonomy":"post_tag","embeddable":true,"href":"https:\/\/www.santjoandalacant.es\/ca\/wp-json\/wp\/v2\/tags?post=77011"},{"taxonomy":"areas","embeddable":true,"href":"https:\/\/www.santjoandalacant.es\/ca\/wp-json\/wp\/v2\/areas?post=77011"}],"curies":[{"name":"wp","href":"https:\/\/api.w.org\/{rel}","templated":true}]}}