{"id":77042,"date":"2015-02-20T11:53:45","date_gmt":"2015-02-20T11:53:45","guid":{"rendered":"https:\/\/santjoan.developersasapglobalsolution.com\/es-repren-el-projecte-en-el-sector-nou-nazareth\/"},"modified":"2015-02-20T11:53:45","modified_gmt":"2015-02-20T11:53:45","slug":"es-repren-el-projecte-en-el-sector-nou-nazareth","status":"publish","type":"post","link":"https:\/\/www.santjoandalacant.es\/ca\/es-repren-el-projecte-en-el-sector-nou-nazareth\/","title":{"rendered":"ES REPR\u00c8N EL PROJECTE EN EL SECTOR NOU NAZARETH"},"content":{"rendered":"<p>\nEs repr\u00e8n el projecte per a acabar d&#8217;urbanitzar el sector Nou Nazareth, i \u00e9s que els tribunals li han donat la ra\u00f3 a l&#8217;Ajuntament de Sant Joan d&#8217;Alacant. El jutjat del Contenci\u00f3s Administratiu nombre 3 d&#8217;Alacant ha desestimat la demanda que l&#8217;empresa urbanitzadora havia interposat contra el Consistori, a trav\u00e9s de la qual pretenia fer-se amb els dos avals de l&#8217;obra, valorats en dos milions d&#8217;euros, i dipositar a canvi un \u00fanic aval de 400.000 euros. Els fonaments i informes aportats per Urbanisme han sigut claus per a inclinar la balan\u00e7a a favor dels interessos municipals i d&#8217;aqueixa manera poder continuar amb les obres.\n<\/p>\n<p>\n<br \/>\nLes obres del sector Nou Nazareth, comen\u00e7ades a l&#8217;abril de l&#8217;any 2.008 i que havien de finalitzar-se en un any, comprenien facilitar els accessos amb les connexions de les platges, aix\u00ed com amb l&#8217;Hospital de Sant Joan. No obstant a\u00e7\u00f2, els problemes econ\u00f2mics de l&#8217;entitat van impedir la continuaci\u00f3 de les tasques. Ara, despr\u00e9s d&#8217;una infinitat de recursos i contenciosos els tribunals han perm\u00e8s que l&#8217;Ajuntament rescate la llic\u00e8ncia d&#8217;obra mercantil i recupere aqueixos avals per a reprendre el projecte amb una altra licitaci\u00f3.\n<\/p>\n<p>\n\u201cLos avales est\u00e1n a disposici\u00f3n del Ayuntamiento para poder finalizar las obras\u201d, asegura el edil de Urbanismo, Santiago Rom\u00e1n, quien explica adem\u00e1s que el Consistorio ha solicitado ya un informe preceptivo al Consejo Jur\u00eddico Consultivo que autorice la resoluci\u00f3n de la la condici\u00f3n de urbanizador a la actual empresa para poder sacar las obras de nuevo a licitaci\u00f3n, y de ese modo poder finalizar el aproximadamente 10% de obra que queda pendiente. Una petici\u00f3n que se aprobaba as\u00ed por unanimidad en el \u00faltimo pleno ordinario celebrado el pasado 18 de febrero.\n<\/p>\n<p>\n<img fetchpriority=\"high\" decoding=\"async\" class=\" size-full wp-image-30384\" src=\"https:\/\/www.santjoandalacant.es\/wp-content\/uploads\/2015\/02\/MG_3936.jpg\" width=\"500\" height=\"198\" srcset=\"https:\/\/www.santjoandalacant.es\/wp-content\/uploads\/2015\/02\/MG_3936.jpg 500w, https:\/\/www.santjoandalacant.es\/wp-content\/uploads\/2015\/02\/MG_3936-300x119.jpg 300w\" sizes=\"(max-width: 500px) 100vw, 500px\" \/>\n<\/p>\n<p>\n<br \/>\n\u00a0<\/p>\n","protected":false},"excerpt":{"rendered":"<p>\nEs repr\u00e8n el projecte per a acabar d&#8217;urbanitzar el sector Nou Nazareth, i \u00e9s que els tribunals li han donat la ra\u00f3 a l&#8217;Ajuntament de Sant Joan d&#8217;Alacant. El jutjat del Contenci\u00f3s Administratiu nombre 3 d&#8217;Alacant ha desestimat la demanda que l&#8217;empresa urbanitzadora havia interposat contra el Consistori, a trav\u00e9s de la qual pretenia fer-se amb els dos avals de l&#8217;obra, valorats en dos milions d&#8217;euros, i dipositar a canvi un \u00fanic aval de 400.000 euros.<\/p>\n","protected":false},"author":1,"featured_media":30382,"comment_status":"open","ping_status":"open","sticky":false,"template":"","format":"standard","meta":{"_acf_changed":false,"rs_blank_template":"","rs_page_bg_color":"","slide_template_v7":"","footnotes":""},"categories":[1],"tags":[],"areas":[1018],"class_list":["post-77042","post","type-post","status-publish","format-standard","has-post-thumbnail","hentry","category-sin-categorizar","areas-urbanismo-ca"],"acf":[],"yoast_head":"<!-- This site is optimized with the Yoast SEO plugin v28.2 - https:\/\/yoast.com\/product\/yoast-seo-wordpress\/ -->\n<title>ES REPR\u00c8N EL PROJECTE EN EL SECTOR NOU NAZARETH - Sant Joan d&#039;Alacant<\/title>\n<meta name=\"robots\" content=\"index, follow, max-snippet:-1, max-image-preview:large, max-video-preview:-1\" \/>\n<link rel=\"canonical\" href=\"https:\/\/www.santjoandalacant.es\/ca\/es-repren-el-projecte-en-el-sector-nou-nazareth\/\" \/>\n<meta property=\"og:locale\" content=\"en_US\" \/>\n<meta property=\"og:type\" content=\"article\" \/>\n<meta property=\"og:title\" content=\"ES REPR\u00c8N EL PROJECTE EN EL SECTOR NOU NAZARETH - Sant Joan d&#039;Alacant\" \/>\n<meta property=\"og:description\" content=\"Es repr\u00e8n el projecte per a acabar d&#039;urbanitzar el sector Nou Nazareth, i \u00e9s que els tribunals li han donat la ra\u00f3 a l&#039;Ajuntament de Sant Joan d&#039;Alacant. El jutjat del Contenci\u00f3s Administratiu nombre 3 d&#039;Alacant ha desestimat la demanda que l&#039;empresa urbanitzadora havia interposat contra el Consistori, a trav\u00e9s de la qual pretenia fer-se amb els dos avals de l&#039;obra, valorats en dos milions d&#039;euros, i dipositar a canvi un \u00fanic aval de 400.000 euros.\" \/>\n<meta property=\"og:url\" content=\"https:\/\/www.santjoandalacant.es\/ca\/es-repren-el-projecte-en-el-sector-nou-nazareth\/\" \/>\n<meta property=\"og:site_name\" content=\"Sant Joan d&#039;Alacant\" \/>\n<meta property=\"article:publisher\" content=\"https:\/\/www.facebook.com\/santjoandalacant\/\" \/>\n<meta property=\"article:published_time\" content=\"2015-02-20T11:53:45+00:00\" \/>\n<meta property=\"og:image\" content=\"https:\/\/www.santjoandalacant.es\/wp-content\/uploads\/2017\/06\/PLENO_ORDINARIO_FEBRERO_2015.jpg\" \/>\n\t<meta property=\"og:image:width\" content=\"526\" \/>\n\t<meta property=\"og:image:height\" content=\"269\" \/>\n\t<meta property=\"og:image:type\" content=\"image\/jpeg\" \/>\n<meta name=\"author\" content=\"6tems\" \/>\n<meta name=\"twitter:card\" content=\"summary_large_image\" \/>\n<meta name=\"twitter:label1\" content=\"Written by\" \/>\n\t<meta name=\"twitter:data1\" content=\"6tems\" \/>\n\t<meta name=\"twitter:label2\" content=\"Est. reading time\" \/>\n\t<meta name=\"twitter:data2\" content=\"1 minute\" \/>\n<script type=\"application\/ld+json\" class=\"yoast-schema-graph\">{\"@context\":\"https:\\\/\\\/schema.org\",\"@graph\":[{\"@type\":\"Article\",\"@id\":\"https:\\\/\\\/www.santjoandalacant.es\\\/ca\\\/es-repren-el-projecte-en-el-sector-nou-nazareth\\\/#article\",\"isPartOf\":{\"@id\":\"https:\\\/\\\/www.santjoandalacant.es\\\/ca\\\/es-repren-el-projecte-en-el-sector-nou-nazareth\\\/\"},\"author\":{\"name\":\"6tems\",\"@id\":\"https:\\\/\\\/www.santjoandalacant.es\\\/ca\\\/#\\\/schema\\\/person\\\/74b89bc7b26e6edafb76cd69420cd790\"},\"headline\":\"ES REPR\u00c8N EL PROJECTE EN EL SECTOR NOU NAZARETH\",\"datePublished\":\"2015-02-20T11:53:45+00:00\",\"mainEntityOfPage\":{\"@id\":\"https:\\\/\\\/www.santjoandalacant.es\\\/ca\\\/es-repren-el-projecte-en-el-sector-nou-nazareth\\\/\"},\"wordCount\":317,\"commentCount\":0,\"publisher\":{\"@id\":\"https:\\\/\\\/www.santjoandalacant.es\\\/ca\\\/#organization\"},\"image\":{\"@id\":\"https:\\\/\\\/www.santjoandalacant.es\\\/ca\\\/es-repren-el-projecte-en-el-sector-nou-nazareth\\\/#primaryimage\"},\"thumbnailUrl\":\"https:\\\/\\\/www.santjoandalacant.es\\\/wp-content\\\/uploads\\\/2017\\\/06\\\/PLENO_ORDINARIO_FEBRERO_2015.jpg\",\"articleSection\":[\"Sin categorizar\"],\"inLanguage\":\"va\",\"potentialAction\":[{\"@type\":\"CommentAction\",\"name\":\"Comment\",\"target\":[\"https:\\\/\\\/www.santjoandalacant.es\\\/ca\\\/es-repren-el-projecte-en-el-sector-nou-nazareth\\\/#respond\"]}]},{\"@type\":\"WebPage\",\"@id\":\"https:\\\/\\\/www.santjoandalacant.es\\\/ca\\\/es-repren-el-projecte-en-el-sector-nou-nazareth\\\/\",\"url\":\"https:\\\/\\\/www.santjoandalacant.es\\\/ca\\\/es-repren-el-projecte-en-el-sector-nou-nazareth\\\/\",\"name\":\"ES REPR\u00c8N EL PROJECTE EN EL SECTOR NOU NAZARETH - Sant Joan d&#039;Alacant\",\"isPartOf\":{\"@id\":\"https:\\\/\\\/www.santjoandalacant.es\\\/ca\\\/#website\"},\"primaryImageOfPage\":{\"@id\":\"https:\\\/\\\/www.santjoandalacant.es\\\/ca\\\/es-repren-el-projecte-en-el-sector-nou-nazareth\\\/#primaryimage\"},\"image\":{\"@id\":\"https:\\\/\\\/www.santjoandalacant.es\\\/ca\\\/es-repren-el-projecte-en-el-sector-nou-nazareth\\\/#primaryimage\"},\"thumbnailUrl\":\"https:\\\/\\\/www.santjoandalacant.es\\\/wp-content\\\/uploads\\\/2017\\\/06\\\/PLENO_ORDINARIO_FEBRERO_2015.jpg\",\"datePublished\":\"2015-02-20T11:53:45+00:00\",\"breadcrumb\":{\"@id\":\"https:\\\/\\\/www.santjoandalacant.es\\\/ca\\\/es-repren-el-projecte-en-el-sector-nou-nazareth\\\/#breadcrumb\"},\"inLanguage\":\"va\",\"potentialAction\":[{\"@type\":\"ReadAction\",\"target\":[\"https:\\\/\\\/www.santjoandalacant.es\\\/ca\\\/es-repren-el-projecte-en-el-sector-nou-nazareth\\\/\"]}]},{\"@type\":\"ImageObject\",\"inLanguage\":\"va\",\"@id\":\"https:\\\/\\\/www.santjoandalacant.es\\\/ca\\\/es-repren-el-projecte-en-el-sector-nou-nazareth\\\/#primaryimage\",\"url\":\"https:\\\/\\\/www.santjoandalacant.es\\\/wp-content\\\/uploads\\\/2017\\\/06\\\/PLENO_ORDINARIO_FEBRERO_2015.jpg\",\"contentUrl\":\"https:\\\/\\\/www.santjoandalacant.es\\\/wp-content\\\/uploads\\\/2017\\\/06\\\/PLENO_ORDINARIO_FEBRERO_2015.jpg\",\"width\":526,\"height\":269},{\"@type\":\"BreadcrumbList\",\"@id\":\"https:\\\/\\\/www.santjoandalacant.es\\\/ca\\\/es-repren-el-projecte-en-el-sector-nou-nazareth\\\/#breadcrumb\",\"itemListElement\":[{\"@type\":\"ListItem\",\"position\":1,\"name\":\"Inicio\",\"item\":\"https:\\\/\\\/www.santjoandalacant.es\\\/ca\\\/\"},{\"@type\":\"ListItem\",\"position\":2,\"name\":\"ES REPR\u00c8N EL PROJECTE EN EL SECTOR NOU NAZARETH\"}]},{\"@type\":\"WebSite\",\"@id\":\"https:\\\/\\\/www.santjoandalacant.es\\\/ca\\\/#website\",\"url\":\"https:\\\/\\\/www.santjoandalacant.es\\\/ca\\\/\",\"name\":\"Sant Joan d'Alacant\",\"description\":\"\",\"publisher\":{\"@id\":\"https:\\\/\\\/www.santjoandalacant.es\\\/ca\\\/#organization\"},\"potentialAction\":[{\"@type\":\"SearchAction\",\"target\":{\"@type\":\"EntryPoint\",\"urlTemplate\":\"https:\\\/\\\/www.santjoandalacant.es\\\/ca\\\/?s={search_term_string}\"},\"query-input\":{\"@type\":\"PropertyValueSpecification\",\"valueRequired\":true,\"valueName\":\"search_term_string\"}}],\"inLanguage\":\"va\"},{\"@type\":\"Organization\",\"@id\":\"https:\\\/\\\/www.santjoandalacant.es\\\/ca\\\/#organization\",\"name\":\"Sant Joan d'Alacant\",\"url\":\"https:\\\/\\\/www.santjoandalacant.es\\\/ca\\\/\",\"logo\":{\"@type\":\"ImageObject\",\"inLanguage\":\"va\",\"@id\":\"https:\\\/\\\/www.santjoandalacant.es\\\/ca\\\/#\\\/schema\\\/logo\\\/image\\\/\",\"url\":\"https:\\\/\\\/www.santjoandalacant.es\\\/wp-content\\\/uploads\\\/2023\\\/08\\\/logoSJ.png\",\"contentUrl\":\"https:\\\/\\\/www.santjoandalacant.es\\\/wp-content\\\/uploads\\\/2023\\\/08\\\/logoSJ.png\",\"width\":198,\"height\":253,\"caption\":\"Sant Joan d'Alacant\"},\"image\":{\"@id\":\"https:\\\/\\\/www.santjoandalacant.es\\\/ca\\\/#\\\/schema\\\/logo\\\/image\\\/\"},\"sameAs\":[\"https:\\\/\\\/www.facebook.com\\\/santjoandalacant\\\/\",\"https:\\\/\\\/www.instagram.com\\\/santjoandalacant\\\/\",\"https:\\\/\\\/www.youtube.com\\\/user\\\/santjoandalacant\"]},{\"@type\":\"Person\",\"@id\":\"https:\\\/\\\/www.santjoandalacant.es\\\/ca\\\/#\\\/schema\\\/person\\\/74b89bc7b26e6edafb76cd69420cd790\",\"name\":\"6tems\",\"image\":{\"@type\":\"ImageObject\",\"inLanguage\":\"va\",\"@id\":\"https:\\\/\\\/secure.gravatar.com\\\/avatar\\\/1c939d9bf86da56568327e5d52b159d089efba17cde140c49884e3fe77ef9c66?s=96&d=mm&r=g\",\"url\":\"https:\\\/\\\/secure.gravatar.com\\\/avatar\\\/1c939d9bf86da56568327e5d52b159d089efba17cde140c49884e3fe77ef9c66?s=96&d=mm&r=g\",\"contentUrl\":\"https:\\\/\\\/secure.gravatar.com\\\/avatar\\\/1c939d9bf86da56568327e5d52b159d089efba17cde140c49884e3fe77ef9c66?s=96&d=mm&r=g\",\"caption\":\"6tems\"},\"sameAs\":[\"https:\\\/\\\/www.santjoandalacant.es\"],\"url\":\"https:\\\/\\\/www.santjoandalacant.es\\\/ca\\\/author\\\/adminasap\\\/\"}]}<\/script>\n<!-- \/ Yoast SEO plugin. -->","yoast_head_json":{"title":"ES REPR\u00c8N EL PROJECTE EN EL SECTOR NOU NAZARETH - Sant Joan d&#039;Alacant","robots":{"index":"index","follow":"follow","max-snippet":"max-snippet:-1","max-image-preview":"max-image-preview:large","max-video-preview":"max-video-preview:-1"},"canonical":"https:\/\/www.santjoandalacant.es\/ca\/es-repren-el-projecte-en-el-sector-nou-nazareth\/","og_locale":"en_US","og_type":"article","og_title":"ES REPR\u00c8N EL PROJECTE EN EL SECTOR NOU NAZARETH - Sant Joan d&#039;Alacant","og_description":"Es repr\u00e8n el projecte per a acabar d'urbanitzar el sector Nou Nazareth, i \u00e9s que els tribunals li han donat la ra\u00f3 a l'Ajuntament de Sant Joan d'Alacant. El jutjat del Contenci\u00f3s Administratiu nombre 3 d'Alacant ha desestimat la demanda que l'empresa urbanitzadora havia interposat contra el Consistori, a trav\u00e9s de la qual pretenia fer-se amb els dos avals de l'obra, valorats en dos milions d'euros, i dipositar a canvi un \u00fanic aval de 400.000 euros.","og_url":"https:\/\/www.santjoandalacant.es\/ca\/es-repren-el-projecte-en-el-sector-nou-nazareth\/","og_site_name":"Sant Joan d&#039;Alacant","article_publisher":"https:\/\/www.facebook.com\/santjoandalacant\/","article_published_time":"2015-02-20T11:53:45+00:00","og_image":[{"width":526,"height":269,"url":"https:\/\/www.santjoandalacant.es\/wp-content\/uploads\/2017\/06\/PLENO_ORDINARIO_FEBRERO_2015.jpg","type":"image\/jpeg"}],"author":"6tems","twitter_card":"summary_large_image","twitter_misc":{"Written by":"6tems","Est. reading time":"1 minute"},"schema":{"@context":"https:\/\/schema.org","@graph":[{"@type":"Article","@id":"https:\/\/www.santjoandalacant.es\/ca\/es-repren-el-projecte-en-el-sector-nou-nazareth\/#article","isPartOf":{"@id":"https:\/\/www.santjoandalacant.es\/ca\/es-repren-el-projecte-en-el-sector-nou-nazareth\/"},"author":{"name":"6tems","@id":"https:\/\/www.santjoandalacant.es\/ca\/#\/schema\/person\/74b89bc7b26e6edafb76cd69420cd790"},"headline":"ES REPR\u00c8N EL PROJECTE EN EL SECTOR NOU NAZARETH","datePublished":"2015-02-20T11:53:45+00:00","mainEntityOfPage":{"@id":"https:\/\/www.santjoandalacant.es\/ca\/es-repren-el-projecte-en-el-sector-nou-nazareth\/"},"wordCount":317,"commentCount":0,"publisher":{"@id":"https:\/\/www.santjoandalacant.es\/ca\/#organization"},"image":{"@id":"https:\/\/www.santjoandalacant.es\/ca\/es-repren-el-projecte-en-el-sector-nou-nazareth\/#primaryimage"},"thumbnailUrl":"https:\/\/www.santjoandalacant.es\/wp-content\/uploads\/2017\/06\/PLENO_ORDINARIO_FEBRERO_2015.jpg","articleSection":["Sin categorizar"],"inLanguage":"va","potentialAction":[{"@type":"CommentAction","name":"Comment","target":["https:\/\/www.santjoandalacant.es\/ca\/es-repren-el-projecte-en-el-sector-nou-nazareth\/#respond"]}]},{"@type":"WebPage","@id":"https:\/\/www.santjoandalacant.es\/ca\/es-repren-el-projecte-en-el-sector-nou-nazareth\/","url":"https:\/\/www.santjoandalacant.es\/ca\/es-repren-el-projecte-en-el-sector-nou-nazareth\/","name":"ES REPR\u00c8N EL PROJECTE EN EL SECTOR NOU NAZARETH - Sant Joan d&#039;Alacant","isPartOf":{"@id":"https:\/\/www.santjoandalacant.es\/ca\/#website"},"primaryImageOfPage":{"@id":"https:\/\/www.santjoandalacant.es\/ca\/es-repren-el-projecte-en-el-sector-nou-nazareth\/#primaryimage"},"image":{"@id":"https:\/\/www.santjoandalacant.es\/ca\/es-repren-el-projecte-en-el-sector-nou-nazareth\/#primaryimage"},"thumbnailUrl":"https:\/\/www.santjoandalacant.es\/wp-content\/uploads\/2017\/06\/PLENO_ORDINARIO_FEBRERO_2015.jpg","datePublished":"2015-02-20T11:53:45+00:00","breadcrumb":{"@id":"https:\/\/www.santjoandalacant.es\/ca\/es-repren-el-projecte-en-el-sector-nou-nazareth\/#breadcrumb"},"inLanguage":"va","potentialAction":[{"@type":"ReadAction","target":["https:\/\/www.santjoandalacant.es\/ca\/es-repren-el-projecte-en-el-sector-nou-nazareth\/"]}]},{"@type":"ImageObject","inLanguage":"va","@id":"https:\/\/www.santjoandalacant.es\/ca\/es-repren-el-projecte-en-el-sector-nou-nazareth\/#primaryimage","url":"https:\/\/www.santjoandalacant.es\/wp-content\/uploads\/2017\/06\/PLENO_ORDINARIO_FEBRERO_2015.jpg","contentUrl":"https:\/\/www.santjoandalacant.es\/wp-content\/uploads\/2017\/06\/PLENO_ORDINARIO_FEBRERO_2015.jpg","width":526,"height":269},{"@type":"BreadcrumbList","@id":"https:\/\/www.santjoandalacant.es\/ca\/es-repren-el-projecte-en-el-sector-nou-nazareth\/#breadcrumb","itemListElement":[{"@type":"ListItem","position":1,"name":"Inicio","item":"https:\/\/www.santjoandalacant.es\/ca\/"},{"@type":"ListItem","position":2,"name":"ES REPR\u00c8N EL PROJECTE EN EL SECTOR NOU NAZARETH"}]},{"@type":"WebSite","@id":"https:\/\/www.santjoandalacant.es\/ca\/#website","url":"https:\/\/www.santjoandalacant.es\/ca\/","name":"Sant Joan d'Alacant","description":"","publisher":{"@id":"https:\/\/www.santjoandalacant.es\/ca\/#organization"},"potentialAction":[{"@type":"SearchAction","target":{"@type":"EntryPoint","urlTemplate":"https:\/\/www.santjoandalacant.es\/ca\/?s={search_term_string}"},"query-input":{"@type":"PropertyValueSpecification","valueRequired":true,"valueName":"search_term_string"}}],"inLanguage":"va"},{"@type":"Organization","@id":"https:\/\/www.santjoandalacant.es\/ca\/#organization","name":"Sant Joan d'Alacant","url":"https:\/\/www.santjoandalacant.es\/ca\/","logo":{"@type":"ImageObject","inLanguage":"va","@id":"https:\/\/www.santjoandalacant.es\/ca\/#\/schema\/logo\/image\/","url":"https:\/\/www.santjoandalacant.es\/wp-content\/uploads\/2023\/08\/logoSJ.png","contentUrl":"https:\/\/www.santjoandalacant.es\/wp-content\/uploads\/2023\/08\/logoSJ.png","width":198,"height":253,"caption":"Sant Joan d'Alacant"},"image":{"@id":"https:\/\/www.santjoandalacant.es\/ca\/#\/schema\/logo\/image\/"},"sameAs":["https:\/\/www.facebook.com\/santjoandalacant\/","https:\/\/www.instagram.com\/santjoandalacant\/","https:\/\/www.youtube.com\/user\/santjoandalacant"]},{"@type":"Person","@id":"https:\/\/www.santjoandalacant.es\/ca\/#\/schema\/person\/74b89bc7b26e6edafb76cd69420cd790","name":"6tems","image":{"@type":"ImageObject","inLanguage":"va","@id":"https:\/\/secure.gravatar.com\/avatar\/1c939d9bf86da56568327e5d52b159d089efba17cde140c49884e3fe77ef9c66?s=96&d=mm&r=g","url":"https:\/\/secure.gravatar.com\/avatar\/1c939d9bf86da56568327e5d52b159d089efba17cde140c49884e3fe77ef9c66?s=96&d=mm&r=g","contentUrl":"https:\/\/secure.gravatar.com\/avatar\/1c939d9bf86da56568327e5d52b159d089efba17cde140c49884e3fe77ef9c66?s=96&d=mm&r=g","caption":"6tems"},"sameAs":["https:\/\/www.santjoandalacant.es"],"url":"https:\/\/www.santjoandalacant.es\/ca\/author\/adminasap\/"}]}},"_links":{"self":[{"href":"https:\/\/www.santjoandalacant.es\/ca\/wp-json\/wp\/v2\/posts\/77042","targetHints":{"allow":["GET"]}}],"collection":[{"href":"https:\/\/www.santjoandalacant.es\/ca\/wp-json\/wp\/v2\/posts"}],"about":[{"href":"https:\/\/www.santjoandalacant.es\/ca\/wp-json\/wp\/v2\/types\/post"}],"author":[{"embeddable":true,"href":"https:\/\/www.santjoandalacant.es\/ca\/wp-json\/wp\/v2\/users\/1"}],"replies":[{"embeddable":true,"href":"https:\/\/www.santjoandalacant.es\/ca\/wp-json\/wp\/v2\/comments?post=77042"}],"version-history":[{"count":0,"href":"https:\/\/www.santjoandalacant.es\/ca\/wp-json\/wp\/v2\/posts\/77042\/revisions"}],"wp:featuredmedia":[{"embeddable":true,"href":"https:\/\/www.santjoandalacant.es\/ca\/wp-json\/wp\/v2\/media\/30382"}],"wp:attachment":[{"href":"https:\/\/www.santjoandalacant.es\/ca\/wp-json\/wp\/v2\/media?parent=77042"}],"wp:term":[{"taxonomy":"category","embeddable":true,"href":"https:\/\/www.santjoandalacant.es\/ca\/wp-json\/wp\/v2\/categories?post=77042"},{"taxonomy":"post_tag","embeddable":true,"href":"https:\/\/www.santjoandalacant.es\/ca\/wp-json\/wp\/v2\/tags?post=77042"},{"taxonomy":"areas","embeddable":true,"href":"https:\/\/www.santjoandalacant.es\/ca\/wp-json\/wp\/v2\/areas?post=77042"}],"curies":[{"name":"wp","href":"https:\/\/api.w.org\/{rel}","templated":true}]}}