{"id":77051,"date":"2015-02-17T07:17:37","date_gmt":"2015-02-17T07:17:37","guid":{"rendered":"https:\/\/santjoan.developersasapglobalsolution.com\/avaluacio-de-la-jornada-continua-a-sant-joan\/"},"modified":"2015-02-17T07:17:37","modified_gmt":"2015-02-17T07:17:37","slug":"avaluacio-de-la-jornada-continua-a-sant-joan","status":"publish","type":"post","link":"https:\/\/www.santjoandalacant.es\/ca\/avaluacio-de-la-jornada-continua-a-sant-joan\/","title":{"rendered":"AVALUACI\u00d3 DE LA JORNADA CONT\u00cdNUA A SANT JOAN"},"content":{"rendered":"<p>\nSant Joan d&#8217;Alacant va aconseguir per al present curs escolar la jornada cont\u00ednua en tots els seus col\u00b7legis p\u00fablics. Conseller\u00eda va respondre aix\u00ed a la petici\u00f3 de la comunitat educativa de la localitat pel que el CEIP Crist de la Pau i el CEIP El Romero s&#8217;unien a l&#8217;experi\u00e8ncia pilote que des de l&#8217;any anterior venia posant en execuci\u00f3 el CEIP Rajoletes.\n<\/p>\n<p>\nLa jornada lectiva compr\u00e8n d&#8217;aquesta forma un m\u00e0xim de cinc per\u00edodes diaris, que es desenvolupen al mat\u00ed, incloent els corresponents descansos per a l&#8217;alumnat. A m\u00e9s els centres segueixen oferint el servei de menjador i transport escolar, al mateix temps que garanteix la perman\u00e8ncia de l&#8217;alumnat en les seues instal\u00b7lacions en la mateixa franja que en l&#8217;horari partit. I \u00e9s que els escolars que ho sol\u00b7liciten participen en les activitats extraescolars complement\u00e0ries, amb car\u00e0cter gratu\u00eft i voluntari per a les fam\u00edlies.\n<\/p>\n<p>\nDespr\u00e9s d&#8217;aquest assoliment de les AMPAS, les adreces dels centres i tot el personal de l&#8217;\u00e0rea d&#8217;Educaci\u00f3, dirigida per l&#8217;edil Javier Yebes, Sant Joan d&#8217;Alacant es va convertir en la primera localitat que aconsegueix la jornada cont\u00ednua per a tots els seus centres p\u00fablics. Una acci\u00f3 que ara es posa en avaluaci\u00f3 per a fer balan\u00e7 de l&#8217;efecte en l&#8217;alumnat.\n<\/p>\n<p>\nAix\u00ed les coses, amb els tres informes realitzats, un en cada centre escolar, destaca que la nota mitjana dels estudiants ha experimentat un lleuger ascens d&#8217;un 1% al mateix temps que s&#8217;ha redu\u00eft el nombre d&#8217;incid\u00e8ncies en horari de menjador. I \u00e9s que el nombre de xiquets que es queda en el servei de menjador ha baixat un 13% pel que es destaca en els informes que, en haver-hi menys xiquets, hi ha menys conflictes i no es perd temps lectiu solucionant problemes.\n<\/p>\n<p>\n\u00a0&quot;El treball de coordinaci\u00f3 dels mestres \u00e9s m\u00e9s satisfactori doncs s&#8217;aglutina en una vesprada totes les tasques d&#8217;equip&quot;, assegura Yebes. &quot;Les fam\u00edlies estan molt contentes perqu\u00e8 els xiquets tenen les vesprades m\u00e9s organitzades, amb una major flexibilitzaci\u00f3 del temps d&#8217;estudi i d&#8217;activitats extraescolars&quot; va afegir, basant-se en dades i frases dels propis informes redactats per cada centre per a enviar-los a Conseller\u00eda.\n<\/p>\n<p>\n<br \/>\n\u00a0<\/p>\n","protected":false},"excerpt":{"rendered":"<p>\nSant Joan d&#8217;Alacant va aconseguir per al present curs escolar la jornada cont\u00ednua en tots els seus col\u00b7legis p\u00fablics. Conseller\u00eda va respondre aix\u00ed a la petici\u00f3 de la comunitat educativa de la localitat pel que el CEIP Crist de la Pau i el CEIP El Romero s&#8217;unien a l&#8217;experi\u00e8ncia pilote que des de l&#8217;any anterior venia posant en execuci\u00f3 el CEIP Rajoletes.<\/p>\n","protected":false},"author":1,"featured_media":30409,"comment_status":"open","ping_status":"open","sticky":false,"template":"","format":"standard","meta":{"_acf_changed":false,"rs_blank_template":"","rs_page_bg_color":"","slide_template_v7":"","footnotes":""},"categories":[1],"tags":[],"areas":[1000],"class_list":["post-77051","post","type-post","status-publish","format-standard","has-post-thumbnail","hentry","category-sin-categorizar","areas-educacion-ca"],"acf":[],"yoast_head":"<!-- This site is optimized with the Yoast SEO plugin v28.2 - https:\/\/yoast.com\/product\/yoast-seo-wordpress\/ -->\n<title>AVALUACI\u00d3 DE LA JORNADA CONT\u00cdNUA A SANT JOAN - Sant Joan d&#039;Alacant<\/title>\n<meta name=\"robots\" content=\"index, follow, max-snippet:-1, max-image-preview:large, max-video-preview:-1\" \/>\n<link rel=\"canonical\" href=\"https:\/\/www.santjoandalacant.es\/ca\/avaluacio-de-la-jornada-continua-a-sant-joan\/\" \/>\n<meta property=\"og:locale\" content=\"en_US\" \/>\n<meta property=\"og:type\" content=\"article\" \/>\n<meta property=\"og:title\" content=\"AVALUACI\u00d3 DE LA JORNADA CONT\u00cdNUA A SANT JOAN - Sant Joan d&#039;Alacant\" \/>\n<meta property=\"og:description\" content=\"Sant Joan d&#039;Alacant va aconseguir per al present curs escolar la jornada cont\u00ednua en tots els seus col\u00b7legis p\u00fablics. Conseller\u00eda va respondre aix\u00ed a la petici\u00f3 de la comunitat educativa de la localitat pel que el CEIP Crist de la Pau i el CEIP El Romero s&#039;unien a l&#039;experi\u00e8ncia pilote que des de l&#039;any anterior venia posant en execuci\u00f3 el CEIP Rajoletes.\" \/>\n<meta property=\"og:url\" content=\"https:\/\/www.santjoandalacant.es\/ca\/avaluacio-de-la-jornada-continua-a-sant-joan\/\" \/>\n<meta property=\"og:site_name\" content=\"Sant Joan d&#039;Alacant\" \/>\n<meta property=\"article:publisher\" content=\"https:\/\/www.facebook.com\/santjoandalacant\/\" \/>\n<meta property=\"article:published_time\" content=\"2015-02-17T07:17:37+00:00\" \/>\n<meta property=\"og:image\" content=\"https:\/\/www.santjoandalacant.es\/wp-content\/uploads\/2017\/06\/ESTUDIO_VIGILADO.jpg\" \/>\n\t<meta property=\"og:image:width\" content=\"526\" \/>\n\t<meta property=\"og:image:height\" content=\"340\" \/>\n\t<meta property=\"og:image:type\" content=\"image\/jpeg\" \/>\n<meta name=\"author\" content=\"6tems\" \/>\n<meta name=\"twitter:card\" content=\"summary_large_image\" \/>\n<meta name=\"twitter:label1\" content=\"Written by\" \/>\n\t<meta name=\"twitter:data1\" content=\"6tems\" \/>\n\t<meta name=\"twitter:label2\" content=\"Est. reading time\" \/>\n\t<meta name=\"twitter:data2\" content=\"2 minutes\" \/>\n<script type=\"application\/ld+json\" class=\"yoast-schema-graph\">{\"@context\":\"https:\\\/\\\/schema.org\",\"@graph\":[{\"@type\":\"Article\",\"@id\":\"https:\\\/\\\/www.santjoandalacant.es\\\/ca\\\/avaluacio-de-la-jornada-continua-a-sant-joan\\\/#article\",\"isPartOf\":{\"@id\":\"https:\\\/\\\/www.santjoandalacant.es\\\/ca\\\/avaluacio-de-la-jornada-continua-a-sant-joan\\\/\"},\"author\":{\"name\":\"6tems\",\"@id\":\"https:\\\/\\\/www.santjoandalacant.es\\\/ca\\\/#\\\/schema\\\/person\\\/74b89bc7b26e6edafb76cd69420cd790\"},\"headline\":\"AVALUACI\u00d3 DE LA JORNADA CONT\u00cdNUA A SANT JOAN\",\"datePublished\":\"2015-02-17T07:17:37+00:00\",\"mainEntityOfPage\":{\"@id\":\"https:\\\/\\\/www.santjoandalacant.es\\\/ca\\\/avaluacio-de-la-jornada-continua-a-sant-joan\\\/\"},\"wordCount\":406,\"commentCount\":0,\"publisher\":{\"@id\":\"https:\\\/\\\/www.santjoandalacant.es\\\/ca\\\/#organization\"},\"image\":{\"@id\":\"https:\\\/\\\/www.santjoandalacant.es\\\/ca\\\/avaluacio-de-la-jornada-continua-a-sant-joan\\\/#primaryimage\"},\"thumbnailUrl\":\"https:\\\/\\\/www.santjoandalacant.es\\\/wp-content\\\/uploads\\\/2017\\\/06\\\/ESTUDIO_VIGILADO.jpg\",\"articleSection\":[\"Sin categorizar\"],\"inLanguage\":\"va\",\"potentialAction\":[{\"@type\":\"CommentAction\",\"name\":\"Comment\",\"target\":[\"https:\\\/\\\/www.santjoandalacant.es\\\/ca\\\/avaluacio-de-la-jornada-continua-a-sant-joan\\\/#respond\"]}]},{\"@type\":\"WebPage\",\"@id\":\"https:\\\/\\\/www.santjoandalacant.es\\\/ca\\\/avaluacio-de-la-jornada-continua-a-sant-joan\\\/\",\"url\":\"https:\\\/\\\/www.santjoandalacant.es\\\/ca\\\/avaluacio-de-la-jornada-continua-a-sant-joan\\\/\",\"name\":\"AVALUACI\u00d3 DE LA JORNADA CONT\u00cdNUA A SANT JOAN - Sant Joan d&#039;Alacant\",\"isPartOf\":{\"@id\":\"https:\\\/\\\/www.santjoandalacant.es\\\/ca\\\/#website\"},\"primaryImageOfPage\":{\"@id\":\"https:\\\/\\\/www.santjoandalacant.es\\\/ca\\\/avaluacio-de-la-jornada-continua-a-sant-joan\\\/#primaryimage\"},\"image\":{\"@id\":\"https:\\\/\\\/www.santjoandalacant.es\\\/ca\\\/avaluacio-de-la-jornada-continua-a-sant-joan\\\/#primaryimage\"},\"thumbnailUrl\":\"https:\\\/\\\/www.santjoandalacant.es\\\/wp-content\\\/uploads\\\/2017\\\/06\\\/ESTUDIO_VIGILADO.jpg\",\"datePublished\":\"2015-02-17T07:17:37+00:00\",\"breadcrumb\":{\"@id\":\"https:\\\/\\\/www.santjoandalacant.es\\\/ca\\\/avaluacio-de-la-jornada-continua-a-sant-joan\\\/#breadcrumb\"},\"inLanguage\":\"va\",\"potentialAction\":[{\"@type\":\"ReadAction\",\"target\":[\"https:\\\/\\\/www.santjoandalacant.es\\\/ca\\\/avaluacio-de-la-jornada-continua-a-sant-joan\\\/\"]}]},{\"@type\":\"ImageObject\",\"inLanguage\":\"va\",\"@id\":\"https:\\\/\\\/www.santjoandalacant.es\\\/ca\\\/avaluacio-de-la-jornada-continua-a-sant-joan\\\/#primaryimage\",\"url\":\"https:\\\/\\\/www.santjoandalacant.es\\\/wp-content\\\/uploads\\\/2017\\\/06\\\/ESTUDIO_VIGILADO.jpg\",\"contentUrl\":\"https:\\\/\\\/www.santjoandalacant.es\\\/wp-content\\\/uploads\\\/2017\\\/06\\\/ESTUDIO_VIGILADO.jpg\",\"width\":526,\"height\":340},{\"@type\":\"BreadcrumbList\",\"@id\":\"https:\\\/\\\/www.santjoandalacant.es\\\/ca\\\/avaluacio-de-la-jornada-continua-a-sant-joan\\\/#breadcrumb\",\"itemListElement\":[{\"@type\":\"ListItem\",\"position\":1,\"name\":\"Inicio\",\"item\":\"https:\\\/\\\/www.santjoandalacant.es\\\/ca\\\/\"},{\"@type\":\"ListItem\",\"position\":2,\"name\":\"AVALUACI\u00d3 DE LA JORNADA CONT\u00cdNUA A SANT JOAN\"}]},{\"@type\":\"WebSite\",\"@id\":\"https:\\\/\\\/www.santjoandalacant.es\\\/ca\\\/#website\",\"url\":\"https:\\\/\\\/www.santjoandalacant.es\\\/ca\\\/\",\"name\":\"Sant Joan d'Alacant\",\"description\":\"\",\"publisher\":{\"@id\":\"https:\\\/\\\/www.santjoandalacant.es\\\/ca\\\/#organization\"},\"potentialAction\":[{\"@type\":\"SearchAction\",\"target\":{\"@type\":\"EntryPoint\",\"urlTemplate\":\"https:\\\/\\\/www.santjoandalacant.es\\\/ca\\\/?s={search_term_string}\"},\"query-input\":{\"@type\":\"PropertyValueSpecification\",\"valueRequired\":true,\"valueName\":\"search_term_string\"}}],\"inLanguage\":\"va\"},{\"@type\":\"Organization\",\"@id\":\"https:\\\/\\\/www.santjoandalacant.es\\\/ca\\\/#organization\",\"name\":\"Sant Joan d'Alacant\",\"url\":\"https:\\\/\\\/www.santjoandalacant.es\\\/ca\\\/\",\"logo\":{\"@type\":\"ImageObject\",\"inLanguage\":\"va\",\"@id\":\"https:\\\/\\\/www.santjoandalacant.es\\\/ca\\\/#\\\/schema\\\/logo\\\/image\\\/\",\"url\":\"https:\\\/\\\/www.santjoandalacant.es\\\/wp-content\\\/uploads\\\/2023\\\/08\\\/logoSJ.png\",\"contentUrl\":\"https:\\\/\\\/www.santjoandalacant.es\\\/wp-content\\\/uploads\\\/2023\\\/08\\\/logoSJ.png\",\"width\":198,\"height\":253,\"caption\":\"Sant Joan d'Alacant\"},\"image\":{\"@id\":\"https:\\\/\\\/www.santjoandalacant.es\\\/ca\\\/#\\\/schema\\\/logo\\\/image\\\/\"},\"sameAs\":[\"https:\\\/\\\/www.facebook.com\\\/santjoandalacant\\\/\",\"https:\\\/\\\/www.instagram.com\\\/santjoandalacant\\\/\",\"https:\\\/\\\/www.youtube.com\\\/user\\\/santjoandalacant\"]},{\"@type\":\"Person\",\"@id\":\"https:\\\/\\\/www.santjoandalacant.es\\\/ca\\\/#\\\/schema\\\/person\\\/74b89bc7b26e6edafb76cd69420cd790\",\"name\":\"6tems\",\"image\":{\"@type\":\"ImageObject\",\"inLanguage\":\"va\",\"@id\":\"https:\\\/\\\/secure.gravatar.com\\\/avatar\\\/1c939d9bf86da56568327e5d52b159d089efba17cde140c49884e3fe77ef9c66?s=96&d=mm&r=g\",\"url\":\"https:\\\/\\\/secure.gravatar.com\\\/avatar\\\/1c939d9bf86da56568327e5d52b159d089efba17cde140c49884e3fe77ef9c66?s=96&d=mm&r=g\",\"contentUrl\":\"https:\\\/\\\/secure.gravatar.com\\\/avatar\\\/1c939d9bf86da56568327e5d52b159d089efba17cde140c49884e3fe77ef9c66?s=96&d=mm&r=g\",\"caption\":\"6tems\"},\"sameAs\":[\"https:\\\/\\\/www.santjoandalacant.es\"],\"url\":\"https:\\\/\\\/www.santjoandalacant.es\\\/ca\\\/author\\\/adminasap\\\/\"}]}<\/script>\n<!-- \/ Yoast SEO plugin. -->","yoast_head_json":{"title":"AVALUACI\u00d3 DE LA JORNADA CONT\u00cdNUA A SANT JOAN - Sant Joan d&#039;Alacant","robots":{"index":"index","follow":"follow","max-snippet":"max-snippet:-1","max-image-preview":"max-image-preview:large","max-video-preview":"max-video-preview:-1"},"canonical":"https:\/\/www.santjoandalacant.es\/ca\/avaluacio-de-la-jornada-continua-a-sant-joan\/","og_locale":"en_US","og_type":"article","og_title":"AVALUACI\u00d3 DE LA JORNADA CONT\u00cdNUA A SANT JOAN - Sant Joan d&#039;Alacant","og_description":"Sant Joan d'Alacant va aconseguir per al present curs escolar la jornada cont\u00ednua en tots els seus col\u00b7legis p\u00fablics. Conseller\u00eda va respondre aix\u00ed a la petici\u00f3 de la comunitat educativa de la localitat pel que el CEIP Crist de la Pau i el CEIP El Romero s'unien a l'experi\u00e8ncia pilote que des de l'any anterior venia posant en execuci\u00f3 el CEIP Rajoletes.","og_url":"https:\/\/www.santjoandalacant.es\/ca\/avaluacio-de-la-jornada-continua-a-sant-joan\/","og_site_name":"Sant Joan d&#039;Alacant","article_publisher":"https:\/\/www.facebook.com\/santjoandalacant\/","article_published_time":"2015-02-17T07:17:37+00:00","og_image":[{"width":526,"height":340,"url":"https:\/\/www.santjoandalacant.es\/wp-content\/uploads\/2017\/06\/ESTUDIO_VIGILADO.jpg","type":"image\/jpeg"}],"author":"6tems","twitter_card":"summary_large_image","twitter_misc":{"Written by":"6tems","Est. reading time":"2 minutes"},"schema":{"@context":"https:\/\/schema.org","@graph":[{"@type":"Article","@id":"https:\/\/www.santjoandalacant.es\/ca\/avaluacio-de-la-jornada-continua-a-sant-joan\/#article","isPartOf":{"@id":"https:\/\/www.santjoandalacant.es\/ca\/avaluacio-de-la-jornada-continua-a-sant-joan\/"},"author":{"name":"6tems","@id":"https:\/\/www.santjoandalacant.es\/ca\/#\/schema\/person\/74b89bc7b26e6edafb76cd69420cd790"},"headline":"AVALUACI\u00d3 DE LA JORNADA CONT\u00cdNUA A SANT JOAN","datePublished":"2015-02-17T07:17:37+00:00","mainEntityOfPage":{"@id":"https:\/\/www.santjoandalacant.es\/ca\/avaluacio-de-la-jornada-continua-a-sant-joan\/"},"wordCount":406,"commentCount":0,"publisher":{"@id":"https:\/\/www.santjoandalacant.es\/ca\/#organization"},"image":{"@id":"https:\/\/www.santjoandalacant.es\/ca\/avaluacio-de-la-jornada-continua-a-sant-joan\/#primaryimage"},"thumbnailUrl":"https:\/\/www.santjoandalacant.es\/wp-content\/uploads\/2017\/06\/ESTUDIO_VIGILADO.jpg","articleSection":["Sin categorizar"],"inLanguage":"va","potentialAction":[{"@type":"CommentAction","name":"Comment","target":["https:\/\/www.santjoandalacant.es\/ca\/avaluacio-de-la-jornada-continua-a-sant-joan\/#respond"]}]},{"@type":"WebPage","@id":"https:\/\/www.santjoandalacant.es\/ca\/avaluacio-de-la-jornada-continua-a-sant-joan\/","url":"https:\/\/www.santjoandalacant.es\/ca\/avaluacio-de-la-jornada-continua-a-sant-joan\/","name":"AVALUACI\u00d3 DE LA JORNADA CONT\u00cdNUA A SANT JOAN - Sant Joan d&#039;Alacant","isPartOf":{"@id":"https:\/\/www.santjoandalacant.es\/ca\/#website"},"primaryImageOfPage":{"@id":"https:\/\/www.santjoandalacant.es\/ca\/avaluacio-de-la-jornada-continua-a-sant-joan\/#primaryimage"},"image":{"@id":"https:\/\/www.santjoandalacant.es\/ca\/avaluacio-de-la-jornada-continua-a-sant-joan\/#primaryimage"},"thumbnailUrl":"https:\/\/www.santjoandalacant.es\/wp-content\/uploads\/2017\/06\/ESTUDIO_VIGILADO.jpg","datePublished":"2015-02-17T07:17:37+00:00","breadcrumb":{"@id":"https:\/\/www.santjoandalacant.es\/ca\/avaluacio-de-la-jornada-continua-a-sant-joan\/#breadcrumb"},"inLanguage":"va","potentialAction":[{"@type":"ReadAction","target":["https:\/\/www.santjoandalacant.es\/ca\/avaluacio-de-la-jornada-continua-a-sant-joan\/"]}]},{"@type":"ImageObject","inLanguage":"va","@id":"https:\/\/www.santjoandalacant.es\/ca\/avaluacio-de-la-jornada-continua-a-sant-joan\/#primaryimage","url":"https:\/\/www.santjoandalacant.es\/wp-content\/uploads\/2017\/06\/ESTUDIO_VIGILADO.jpg","contentUrl":"https:\/\/www.santjoandalacant.es\/wp-content\/uploads\/2017\/06\/ESTUDIO_VIGILADO.jpg","width":526,"height":340},{"@type":"BreadcrumbList","@id":"https:\/\/www.santjoandalacant.es\/ca\/avaluacio-de-la-jornada-continua-a-sant-joan\/#breadcrumb","itemListElement":[{"@type":"ListItem","position":1,"name":"Inicio","item":"https:\/\/www.santjoandalacant.es\/ca\/"},{"@type":"ListItem","position":2,"name":"AVALUACI\u00d3 DE LA JORNADA CONT\u00cdNUA A SANT JOAN"}]},{"@type":"WebSite","@id":"https:\/\/www.santjoandalacant.es\/ca\/#website","url":"https:\/\/www.santjoandalacant.es\/ca\/","name":"Sant Joan d'Alacant","description":"","publisher":{"@id":"https:\/\/www.santjoandalacant.es\/ca\/#organization"},"potentialAction":[{"@type":"SearchAction","target":{"@type":"EntryPoint","urlTemplate":"https:\/\/www.santjoandalacant.es\/ca\/?s={search_term_string}"},"query-input":{"@type":"PropertyValueSpecification","valueRequired":true,"valueName":"search_term_string"}}],"inLanguage":"va"},{"@type":"Organization","@id":"https:\/\/www.santjoandalacant.es\/ca\/#organization","name":"Sant Joan d'Alacant","url":"https:\/\/www.santjoandalacant.es\/ca\/","logo":{"@type":"ImageObject","inLanguage":"va","@id":"https:\/\/www.santjoandalacant.es\/ca\/#\/schema\/logo\/image\/","url":"https:\/\/www.santjoandalacant.es\/wp-content\/uploads\/2023\/08\/logoSJ.png","contentUrl":"https:\/\/www.santjoandalacant.es\/wp-content\/uploads\/2023\/08\/logoSJ.png","width":198,"height":253,"caption":"Sant Joan d'Alacant"},"image":{"@id":"https:\/\/www.santjoandalacant.es\/ca\/#\/schema\/logo\/image\/"},"sameAs":["https:\/\/www.facebook.com\/santjoandalacant\/","https:\/\/www.instagram.com\/santjoandalacant\/","https:\/\/www.youtube.com\/user\/santjoandalacant"]},{"@type":"Person","@id":"https:\/\/www.santjoandalacant.es\/ca\/#\/schema\/person\/74b89bc7b26e6edafb76cd69420cd790","name":"6tems","image":{"@type":"ImageObject","inLanguage":"va","@id":"https:\/\/secure.gravatar.com\/avatar\/1c939d9bf86da56568327e5d52b159d089efba17cde140c49884e3fe77ef9c66?s=96&d=mm&r=g","url":"https:\/\/secure.gravatar.com\/avatar\/1c939d9bf86da56568327e5d52b159d089efba17cde140c49884e3fe77ef9c66?s=96&d=mm&r=g","contentUrl":"https:\/\/secure.gravatar.com\/avatar\/1c939d9bf86da56568327e5d52b159d089efba17cde140c49884e3fe77ef9c66?s=96&d=mm&r=g","caption":"6tems"},"sameAs":["https:\/\/www.santjoandalacant.es"],"url":"https:\/\/www.santjoandalacant.es\/ca\/author\/adminasap\/"}]}},"_links":{"self":[{"href":"https:\/\/www.santjoandalacant.es\/ca\/wp-json\/wp\/v2\/posts\/77051","targetHints":{"allow":["GET"]}}],"collection":[{"href":"https:\/\/www.santjoandalacant.es\/ca\/wp-json\/wp\/v2\/posts"}],"about":[{"href":"https:\/\/www.santjoandalacant.es\/ca\/wp-json\/wp\/v2\/types\/post"}],"author":[{"embeddable":true,"href":"https:\/\/www.santjoandalacant.es\/ca\/wp-json\/wp\/v2\/users\/1"}],"replies":[{"embeddable":true,"href":"https:\/\/www.santjoandalacant.es\/ca\/wp-json\/wp\/v2\/comments?post=77051"}],"version-history":[{"count":0,"href":"https:\/\/www.santjoandalacant.es\/ca\/wp-json\/wp\/v2\/posts\/77051\/revisions"}],"wp:featuredmedia":[{"embeddable":true,"href":"https:\/\/www.santjoandalacant.es\/ca\/wp-json\/wp\/v2\/media\/30409"}],"wp:attachment":[{"href":"https:\/\/www.santjoandalacant.es\/ca\/wp-json\/wp\/v2\/media?parent=77051"}],"wp:term":[{"taxonomy":"category","embeddable":true,"href":"https:\/\/www.santjoandalacant.es\/ca\/wp-json\/wp\/v2\/categories?post=77051"},{"taxonomy":"post_tag","embeddable":true,"href":"https:\/\/www.santjoandalacant.es\/ca\/wp-json\/wp\/v2\/tags?post=77051"},{"taxonomy":"areas","embeddable":true,"href":"https:\/\/www.santjoandalacant.es\/ca\/wp-json\/wp\/v2\/areas?post=77051"}],"curies":[{"name":"wp","href":"https:\/\/api.w.org\/{rel}","templated":true}]}}