{"id":77098,"date":"2015-01-26T07:23:45","date_gmt":"2015-01-26T07:23:45","guid":{"rendered":"https:\/\/santjoan.developersasapglobalsolution.com\/teatre-per-al-cap-de-setmana\/"},"modified":"2015-01-26T07:23:45","modified_gmt":"2015-01-26T07:23:45","slug":"teatre-per-al-cap-de-setmana","status":"publish","type":"post","link":"https:\/\/www.santjoandalacant.es\/ca\/teatre-per-al-cap-de-setmana\/","title":{"rendered":"TEATRE PER AL CAP DE SETMANA"},"content":{"rendered":"<p>\nL&#8217;Auditori Antonio Gil de la Casa de Cultura acull aquest cap de setmana dues funcions del cicle &quot;Gener Teatrero&quot;, un projecte que promou la regidoria de Cultura amb l&#8217;objectiu de fomentar l&#8217;afici\u00f3 del p\u00fablic pel teatre, aix\u00ed com oferir una plataforma de difusi\u00f3 d&#8217;aquesta disciplina art\u00edstica a grups nobeles, per\u00f2 tamb\u00e9 per a delectar-se amb reconeguts i veterans actors. A m\u00e9s, amb preus econ\u00f2mics i fins i tot amb entrada lliure.\n<\/p>\n<p>\nDurant aquest mes s&#8217;han succe\u00eft les diferents obres per a tot tipus de p\u00fablic. Teatre musical, c\u00f2mic i per als m\u00e9s xicotets. Tamb\u00e9 teatre hist\u00f2ric i obres dram\u00e0tiques. Nombrosos g\u00e8neres per a fer gaudir a qualsevol, complementant aix\u00ed la diversa programaci\u00f3 cultural que ofereix Sant Joan d&#8217;Alacant, tant per als ciutadans del municipi com per als visitants.\n<\/p>\n<p>\n<br \/>\nAquest cap de setmana comptar\u00e0 amb dues grans actuacions. En primer lloc, el dissabte es portar\u00e0 cap una obra de tem\u00e0tica hist\u00f2rica que a m\u00e9s se situa en l&#8217;entorn local. I \u00e9s &quot;Crist de la Pau, la llegenda&quot; narra la hist\u00f2ria de la venerada imatge, protagonista de les festes majors del municipi. Una funci\u00f3 que comen\u00e7ar\u00e0 a les 20:30 hores i per a la qual ser\u00e0 necessari dipositar una entrada-donatiu de 2\u20ac que aniran a parar a l&#8217;Associaci\u00f3 Cultural Lloixa, els qui organitzen l&#8217;esdeveniment, perqu\u00e8 puguen continuar desenvolupant la seua labor.\n<\/p>\n<p>\n<br \/>\nEl diumenge \u00e9s el dia en el qual m\u00e9s gaudiran els xiquets perqu\u00e8 l&#8217;auditori acull un musical m\u00e0gic que far\u00e0 les del\u00edcies dels m\u00e9s xicotets de la casa. &quot;Imagilandia&quot; comptar\u00e0 amb els protagonistes de les seues s\u00e8ries animades favorites, els qui els faran cantar i ballar. Un espectacle que comen\u00e7ar\u00e0 a les 18 hores i l&#8217;entrada de les quals pot adquirir-se al preu de 7 euros.\n<\/p>\n<p>\n<img fetchpriority=\"high\" decoding=\"async\" class=\" size-full wp-image-30580\" src=\"https:\/\/www.santjoandalacant.es\/wp-content\/uploads\/2015\/01\/IMAGILANDIA.jpg\" width=\"500\" height=\"317\" srcset=\"https:\/\/www.santjoandalacant.es\/wp-content\/uploads\/2015\/01\/IMAGILANDIA.jpg 500w, https:\/\/www.santjoandalacant.es\/wp-content\/uploads\/2015\/01\/IMAGILANDIA-300x190.jpg 300w\" sizes=\"(max-width: 500px) 100vw, 500px\" \/><br \/>\n\u00a0<\/p>\n","protected":false},"excerpt":{"rendered":"<p>\nL&#8217;Auditori Antonio Gil de la Casa de Cultura acull aquest cap de setmana dues funcions del cicle &quot;Gener Teatrero&quot;, un projecte que promou la regidoria de Cultura amb l&#8217;objectiu de fomentar l&#8217;afici\u00f3 del p\u00fablic pel teatre, aix\u00ed com oferir una plataforma de difusi\u00f3 d&#8217;aquesta disciplina art\u00edstica a grups nobeles, per\u00f2 tamb\u00e9 per a delectar-se amb reconeguts i veterans actors. A m\u00e9s, amb preus econ\u00f2mics i fins i tot amb entrada lliure.<\/p>\n","protected":false},"author":1,"featured_media":30583,"comment_status":"open","ping_status":"open","sticky":false,"template":"","format":"standard","meta":{"_acf_changed":false,"rs_blank_template":"","rs_page_bg_color":"","slide_template_v7":"","footnotes":""},"categories":[1],"tags":[],"areas":[1019],"class_list":["post-77098","post","type-post","status-publish","format-standard","has-post-thumbnail","hentry","category-sin-categorizar","areas-cultura-ca"],"acf":[],"yoast_head":"<!-- This site is optimized with the Yoast SEO plugin v28.2 - https:\/\/yoast.com\/product\/yoast-seo-wordpress\/ -->\n<title>TEATRE PER AL CAP DE SETMANA - Sant Joan d&#039;Alacant<\/title>\n<meta name=\"robots\" content=\"index, follow, max-snippet:-1, max-image-preview:large, max-video-preview:-1\" \/>\n<link rel=\"canonical\" href=\"https:\/\/www.santjoandalacant.es\/ca\/teatre-per-al-cap-de-setmana\/\" \/>\n<meta property=\"og:locale\" content=\"en_US\" \/>\n<meta property=\"og:type\" content=\"article\" \/>\n<meta property=\"og:title\" content=\"TEATRE PER AL CAP DE SETMANA - Sant Joan d&#039;Alacant\" \/>\n<meta property=\"og:description\" content=\"L&#039;Auditori Antonio Gil de la Casa de Cultura acull aquest cap de setmana dues funcions del cicle &quot;Gener Teatrero&quot;, un projecte que promou la regidoria de Cultura amb l&#039;objectiu de fomentar l&#039;afici\u00f3 del p\u00fablic pel teatre, aix\u00ed com oferir una plataforma de difusi\u00f3 d&#039;aquesta disciplina art\u00edstica a grups nobeles, per\u00f2 tamb\u00e9 per a delectar-se amb reconeguts i veterans actors. A m\u00e9s, amb preus econ\u00f2mics i fins i tot amb entrada lliure.\" \/>\n<meta property=\"og:url\" content=\"https:\/\/www.santjoandalacant.es\/ca\/teatre-per-al-cap-de-setmana\/\" \/>\n<meta property=\"og:site_name\" content=\"Sant Joan d&#039;Alacant\" \/>\n<meta property=\"article:publisher\" content=\"https:\/\/www.facebook.com\/santjoandalacant\/\" \/>\n<meta property=\"article:published_time\" content=\"2015-01-26T07:23:45+00:00\" \/>\n<meta property=\"og:image\" content=\"https:\/\/www.santjoandalacant.es\/wp-content\/uploads\/2017\/06\/CARTEL_IMAGILANDIA.jpg\" \/>\n\t<meta property=\"og:image:width\" content=\"66\" \/>\n\t<meta property=\"og:image:height\" content=\"66\" \/>\n\t<meta property=\"og:image:type\" content=\"image\/jpeg\" \/>\n<meta name=\"author\" content=\"6tems\" \/>\n<meta name=\"twitter:card\" content=\"summary_large_image\" \/>\n<meta name=\"twitter:label1\" content=\"Written by\" \/>\n\t<meta name=\"twitter:data1\" content=\"6tems\" \/>\n\t<meta name=\"twitter:label2\" content=\"Est. reading time\" \/>\n\t<meta name=\"twitter:data2\" content=\"2 minutes\" \/>\n<script type=\"application\/ld+json\" class=\"yoast-schema-graph\">{\"@context\":\"https:\\\/\\\/schema.org\",\"@graph\":[{\"@type\":\"Article\",\"@id\":\"https:\\\/\\\/www.santjoandalacant.es\\\/ca\\\/teatre-per-al-cap-de-setmana\\\/#article\",\"isPartOf\":{\"@id\":\"https:\\\/\\\/www.santjoandalacant.es\\\/ca\\\/teatre-per-al-cap-de-setmana\\\/\"},\"author\":{\"name\":\"6tems\",\"@id\":\"https:\\\/\\\/www.santjoandalacant.es\\\/ca\\\/#\\\/schema\\\/person\\\/74b89bc7b26e6edafb76cd69420cd790\"},\"headline\":\"TEATRE PER AL CAP DE SETMANA\",\"datePublished\":\"2015-01-26T07:23:45+00:00\",\"mainEntityOfPage\":{\"@id\":\"https:\\\/\\\/www.santjoandalacant.es\\\/ca\\\/teatre-per-al-cap-de-setmana\\\/\"},\"wordCount\":326,\"commentCount\":0,\"publisher\":{\"@id\":\"https:\\\/\\\/www.santjoandalacant.es\\\/ca\\\/#organization\"},\"image\":{\"@id\":\"https:\\\/\\\/www.santjoandalacant.es\\\/ca\\\/teatre-per-al-cap-de-setmana\\\/#primaryimage\"},\"thumbnailUrl\":\"https:\\\/\\\/www.santjoandalacant.es\\\/wp-content\\\/uploads\\\/2017\\\/06\\\/CARTEL_IMAGILANDIA.jpg\",\"articleSection\":[\"Sin categorizar\"],\"inLanguage\":\"va\",\"potentialAction\":[{\"@type\":\"CommentAction\",\"name\":\"Comment\",\"target\":[\"https:\\\/\\\/www.santjoandalacant.es\\\/ca\\\/teatre-per-al-cap-de-setmana\\\/#respond\"]}]},{\"@type\":\"WebPage\",\"@id\":\"https:\\\/\\\/www.santjoandalacant.es\\\/ca\\\/teatre-per-al-cap-de-setmana\\\/\",\"url\":\"https:\\\/\\\/www.santjoandalacant.es\\\/ca\\\/teatre-per-al-cap-de-setmana\\\/\",\"name\":\"TEATRE PER AL CAP DE SETMANA - Sant Joan d&#039;Alacant\",\"isPartOf\":{\"@id\":\"https:\\\/\\\/www.santjoandalacant.es\\\/ca\\\/#website\"},\"primaryImageOfPage\":{\"@id\":\"https:\\\/\\\/www.santjoandalacant.es\\\/ca\\\/teatre-per-al-cap-de-setmana\\\/#primaryimage\"},\"image\":{\"@id\":\"https:\\\/\\\/www.santjoandalacant.es\\\/ca\\\/teatre-per-al-cap-de-setmana\\\/#primaryimage\"},\"thumbnailUrl\":\"https:\\\/\\\/www.santjoandalacant.es\\\/wp-content\\\/uploads\\\/2017\\\/06\\\/CARTEL_IMAGILANDIA.jpg\",\"datePublished\":\"2015-01-26T07:23:45+00:00\",\"breadcrumb\":{\"@id\":\"https:\\\/\\\/www.santjoandalacant.es\\\/ca\\\/teatre-per-al-cap-de-setmana\\\/#breadcrumb\"},\"inLanguage\":\"va\",\"potentialAction\":[{\"@type\":\"ReadAction\",\"target\":[\"https:\\\/\\\/www.santjoandalacant.es\\\/ca\\\/teatre-per-al-cap-de-setmana\\\/\"]}]},{\"@type\":\"ImageObject\",\"inLanguage\":\"va\",\"@id\":\"https:\\\/\\\/www.santjoandalacant.es\\\/ca\\\/teatre-per-al-cap-de-setmana\\\/#primaryimage\",\"url\":\"https:\\\/\\\/www.santjoandalacant.es\\\/wp-content\\\/uploads\\\/2017\\\/06\\\/CARTEL_IMAGILANDIA.jpg\",\"contentUrl\":\"https:\\\/\\\/www.santjoandalacant.es\\\/wp-content\\\/uploads\\\/2017\\\/06\\\/CARTEL_IMAGILANDIA.jpg\",\"width\":66,\"height\":66},{\"@type\":\"BreadcrumbList\",\"@id\":\"https:\\\/\\\/www.santjoandalacant.es\\\/ca\\\/teatre-per-al-cap-de-setmana\\\/#breadcrumb\",\"itemListElement\":[{\"@type\":\"ListItem\",\"position\":1,\"name\":\"Inicio\",\"item\":\"https:\\\/\\\/www.santjoandalacant.es\\\/ca\\\/\"},{\"@type\":\"ListItem\",\"position\":2,\"name\":\"TEATRE PER AL CAP DE SETMANA\"}]},{\"@type\":\"WebSite\",\"@id\":\"https:\\\/\\\/www.santjoandalacant.es\\\/ca\\\/#website\",\"url\":\"https:\\\/\\\/www.santjoandalacant.es\\\/ca\\\/\",\"name\":\"Sant Joan d'Alacant\",\"description\":\"\",\"publisher\":{\"@id\":\"https:\\\/\\\/www.santjoandalacant.es\\\/ca\\\/#organization\"},\"potentialAction\":[{\"@type\":\"SearchAction\",\"target\":{\"@type\":\"EntryPoint\",\"urlTemplate\":\"https:\\\/\\\/www.santjoandalacant.es\\\/ca\\\/?s={search_term_string}\"},\"query-input\":{\"@type\":\"PropertyValueSpecification\",\"valueRequired\":true,\"valueName\":\"search_term_string\"}}],\"inLanguage\":\"va\"},{\"@type\":\"Organization\",\"@id\":\"https:\\\/\\\/www.santjoandalacant.es\\\/ca\\\/#organization\",\"name\":\"Sant Joan d'Alacant\",\"url\":\"https:\\\/\\\/www.santjoandalacant.es\\\/ca\\\/\",\"logo\":{\"@type\":\"ImageObject\",\"inLanguage\":\"va\",\"@id\":\"https:\\\/\\\/www.santjoandalacant.es\\\/ca\\\/#\\\/schema\\\/logo\\\/image\\\/\",\"url\":\"https:\\\/\\\/www.santjoandalacant.es\\\/wp-content\\\/uploads\\\/2023\\\/08\\\/logoSJ.png\",\"contentUrl\":\"https:\\\/\\\/www.santjoandalacant.es\\\/wp-content\\\/uploads\\\/2023\\\/08\\\/logoSJ.png\",\"width\":198,\"height\":253,\"caption\":\"Sant Joan d'Alacant\"},\"image\":{\"@id\":\"https:\\\/\\\/www.santjoandalacant.es\\\/ca\\\/#\\\/schema\\\/logo\\\/image\\\/\"},\"sameAs\":[\"https:\\\/\\\/www.facebook.com\\\/santjoandalacant\\\/\",\"https:\\\/\\\/www.instagram.com\\\/santjoandalacant\\\/\",\"https:\\\/\\\/www.youtube.com\\\/user\\\/santjoandalacant\"]},{\"@type\":\"Person\",\"@id\":\"https:\\\/\\\/www.santjoandalacant.es\\\/ca\\\/#\\\/schema\\\/person\\\/74b89bc7b26e6edafb76cd69420cd790\",\"name\":\"6tems\",\"image\":{\"@type\":\"ImageObject\",\"inLanguage\":\"va\",\"@id\":\"https:\\\/\\\/secure.gravatar.com\\\/avatar\\\/1c939d9bf86da56568327e5d52b159d089efba17cde140c49884e3fe77ef9c66?s=96&d=mm&r=g\",\"url\":\"https:\\\/\\\/secure.gravatar.com\\\/avatar\\\/1c939d9bf86da56568327e5d52b159d089efba17cde140c49884e3fe77ef9c66?s=96&d=mm&r=g\",\"contentUrl\":\"https:\\\/\\\/secure.gravatar.com\\\/avatar\\\/1c939d9bf86da56568327e5d52b159d089efba17cde140c49884e3fe77ef9c66?s=96&d=mm&r=g\",\"caption\":\"6tems\"},\"sameAs\":[\"https:\\\/\\\/www.santjoandalacant.es\"],\"url\":\"https:\\\/\\\/www.santjoandalacant.es\\\/ca\\\/author\\\/adminasap\\\/\"}]}<\/script>\n<!-- \/ Yoast SEO plugin. -->","yoast_head_json":{"title":"TEATRE PER AL CAP DE SETMANA - Sant Joan d&#039;Alacant","robots":{"index":"index","follow":"follow","max-snippet":"max-snippet:-1","max-image-preview":"max-image-preview:large","max-video-preview":"max-video-preview:-1"},"canonical":"https:\/\/www.santjoandalacant.es\/ca\/teatre-per-al-cap-de-setmana\/","og_locale":"en_US","og_type":"article","og_title":"TEATRE PER AL CAP DE SETMANA - Sant Joan d&#039;Alacant","og_description":"L'Auditori Antonio Gil de la Casa de Cultura acull aquest cap de setmana dues funcions del cicle &quot;Gener Teatrero&quot;, un projecte que promou la regidoria de Cultura amb l'objectiu de fomentar l'afici\u00f3 del p\u00fablic pel teatre, aix\u00ed com oferir una plataforma de difusi\u00f3 d'aquesta disciplina art\u00edstica a grups nobeles, per\u00f2 tamb\u00e9 per a delectar-se amb reconeguts i veterans actors. A m\u00e9s, amb preus econ\u00f2mics i fins i tot amb entrada lliure.","og_url":"https:\/\/www.santjoandalacant.es\/ca\/teatre-per-al-cap-de-setmana\/","og_site_name":"Sant Joan d&#039;Alacant","article_publisher":"https:\/\/www.facebook.com\/santjoandalacant\/","article_published_time":"2015-01-26T07:23:45+00:00","og_image":[{"width":66,"height":66,"url":"https:\/\/www.santjoandalacant.es\/wp-content\/uploads\/2017\/06\/CARTEL_IMAGILANDIA.jpg","type":"image\/jpeg"}],"author":"6tems","twitter_card":"summary_large_image","twitter_misc":{"Written by":"6tems","Est. reading time":"2 minutes"},"schema":{"@context":"https:\/\/schema.org","@graph":[{"@type":"Article","@id":"https:\/\/www.santjoandalacant.es\/ca\/teatre-per-al-cap-de-setmana\/#article","isPartOf":{"@id":"https:\/\/www.santjoandalacant.es\/ca\/teatre-per-al-cap-de-setmana\/"},"author":{"name":"6tems","@id":"https:\/\/www.santjoandalacant.es\/ca\/#\/schema\/person\/74b89bc7b26e6edafb76cd69420cd790"},"headline":"TEATRE PER AL CAP DE SETMANA","datePublished":"2015-01-26T07:23:45+00:00","mainEntityOfPage":{"@id":"https:\/\/www.santjoandalacant.es\/ca\/teatre-per-al-cap-de-setmana\/"},"wordCount":326,"commentCount":0,"publisher":{"@id":"https:\/\/www.santjoandalacant.es\/ca\/#organization"},"image":{"@id":"https:\/\/www.santjoandalacant.es\/ca\/teatre-per-al-cap-de-setmana\/#primaryimage"},"thumbnailUrl":"https:\/\/www.santjoandalacant.es\/wp-content\/uploads\/2017\/06\/CARTEL_IMAGILANDIA.jpg","articleSection":["Sin categorizar"],"inLanguage":"va","potentialAction":[{"@type":"CommentAction","name":"Comment","target":["https:\/\/www.santjoandalacant.es\/ca\/teatre-per-al-cap-de-setmana\/#respond"]}]},{"@type":"WebPage","@id":"https:\/\/www.santjoandalacant.es\/ca\/teatre-per-al-cap-de-setmana\/","url":"https:\/\/www.santjoandalacant.es\/ca\/teatre-per-al-cap-de-setmana\/","name":"TEATRE PER AL CAP DE SETMANA - Sant Joan d&#039;Alacant","isPartOf":{"@id":"https:\/\/www.santjoandalacant.es\/ca\/#website"},"primaryImageOfPage":{"@id":"https:\/\/www.santjoandalacant.es\/ca\/teatre-per-al-cap-de-setmana\/#primaryimage"},"image":{"@id":"https:\/\/www.santjoandalacant.es\/ca\/teatre-per-al-cap-de-setmana\/#primaryimage"},"thumbnailUrl":"https:\/\/www.santjoandalacant.es\/wp-content\/uploads\/2017\/06\/CARTEL_IMAGILANDIA.jpg","datePublished":"2015-01-26T07:23:45+00:00","breadcrumb":{"@id":"https:\/\/www.santjoandalacant.es\/ca\/teatre-per-al-cap-de-setmana\/#breadcrumb"},"inLanguage":"va","potentialAction":[{"@type":"ReadAction","target":["https:\/\/www.santjoandalacant.es\/ca\/teatre-per-al-cap-de-setmana\/"]}]},{"@type":"ImageObject","inLanguage":"va","@id":"https:\/\/www.santjoandalacant.es\/ca\/teatre-per-al-cap-de-setmana\/#primaryimage","url":"https:\/\/www.santjoandalacant.es\/wp-content\/uploads\/2017\/06\/CARTEL_IMAGILANDIA.jpg","contentUrl":"https:\/\/www.santjoandalacant.es\/wp-content\/uploads\/2017\/06\/CARTEL_IMAGILANDIA.jpg","width":66,"height":66},{"@type":"BreadcrumbList","@id":"https:\/\/www.santjoandalacant.es\/ca\/teatre-per-al-cap-de-setmana\/#breadcrumb","itemListElement":[{"@type":"ListItem","position":1,"name":"Inicio","item":"https:\/\/www.santjoandalacant.es\/ca\/"},{"@type":"ListItem","position":2,"name":"TEATRE PER AL CAP DE SETMANA"}]},{"@type":"WebSite","@id":"https:\/\/www.santjoandalacant.es\/ca\/#website","url":"https:\/\/www.santjoandalacant.es\/ca\/","name":"Sant Joan d'Alacant","description":"","publisher":{"@id":"https:\/\/www.santjoandalacant.es\/ca\/#organization"},"potentialAction":[{"@type":"SearchAction","target":{"@type":"EntryPoint","urlTemplate":"https:\/\/www.santjoandalacant.es\/ca\/?s={search_term_string}"},"query-input":{"@type":"PropertyValueSpecification","valueRequired":true,"valueName":"search_term_string"}}],"inLanguage":"va"},{"@type":"Organization","@id":"https:\/\/www.santjoandalacant.es\/ca\/#organization","name":"Sant Joan d'Alacant","url":"https:\/\/www.santjoandalacant.es\/ca\/","logo":{"@type":"ImageObject","inLanguage":"va","@id":"https:\/\/www.santjoandalacant.es\/ca\/#\/schema\/logo\/image\/","url":"https:\/\/www.santjoandalacant.es\/wp-content\/uploads\/2023\/08\/logoSJ.png","contentUrl":"https:\/\/www.santjoandalacant.es\/wp-content\/uploads\/2023\/08\/logoSJ.png","width":198,"height":253,"caption":"Sant Joan d'Alacant"},"image":{"@id":"https:\/\/www.santjoandalacant.es\/ca\/#\/schema\/logo\/image\/"},"sameAs":["https:\/\/www.facebook.com\/santjoandalacant\/","https:\/\/www.instagram.com\/santjoandalacant\/","https:\/\/www.youtube.com\/user\/santjoandalacant"]},{"@type":"Person","@id":"https:\/\/www.santjoandalacant.es\/ca\/#\/schema\/person\/74b89bc7b26e6edafb76cd69420cd790","name":"6tems","image":{"@type":"ImageObject","inLanguage":"va","@id":"https:\/\/secure.gravatar.com\/avatar\/1c939d9bf86da56568327e5d52b159d089efba17cde140c49884e3fe77ef9c66?s=96&d=mm&r=g","url":"https:\/\/secure.gravatar.com\/avatar\/1c939d9bf86da56568327e5d52b159d089efba17cde140c49884e3fe77ef9c66?s=96&d=mm&r=g","contentUrl":"https:\/\/secure.gravatar.com\/avatar\/1c939d9bf86da56568327e5d52b159d089efba17cde140c49884e3fe77ef9c66?s=96&d=mm&r=g","caption":"6tems"},"sameAs":["https:\/\/www.santjoandalacant.es"],"url":"https:\/\/www.santjoandalacant.es\/ca\/author\/adminasap\/"}]}},"_links":{"self":[{"href":"https:\/\/www.santjoandalacant.es\/ca\/wp-json\/wp\/v2\/posts\/77098","targetHints":{"allow":["GET"]}}],"collection":[{"href":"https:\/\/www.santjoandalacant.es\/ca\/wp-json\/wp\/v2\/posts"}],"about":[{"href":"https:\/\/www.santjoandalacant.es\/ca\/wp-json\/wp\/v2\/types\/post"}],"author":[{"embeddable":true,"href":"https:\/\/www.santjoandalacant.es\/ca\/wp-json\/wp\/v2\/users\/1"}],"replies":[{"embeddable":true,"href":"https:\/\/www.santjoandalacant.es\/ca\/wp-json\/wp\/v2\/comments?post=77098"}],"version-history":[{"count":0,"href":"https:\/\/www.santjoandalacant.es\/ca\/wp-json\/wp\/v2\/posts\/77098\/revisions"}],"wp:featuredmedia":[{"embeddable":true,"href":"https:\/\/www.santjoandalacant.es\/ca\/wp-json\/wp\/v2\/media\/30583"}],"wp:attachment":[{"href":"https:\/\/www.santjoandalacant.es\/ca\/wp-json\/wp\/v2\/media?parent=77098"}],"wp:term":[{"taxonomy":"category","embeddable":true,"href":"https:\/\/www.santjoandalacant.es\/ca\/wp-json\/wp\/v2\/categories?post=77098"},{"taxonomy":"post_tag","embeddable":true,"href":"https:\/\/www.santjoandalacant.es\/ca\/wp-json\/wp\/v2\/tags?post=77098"},{"taxonomy":"areas","embeddable":true,"href":"https:\/\/www.santjoandalacant.es\/ca\/wp-json\/wp\/v2\/areas?post=77098"}],"curies":[{"name":"wp","href":"https:\/\/api.w.org\/{rel}","templated":true}]}}