{"id":77100,"date":"2015-01-23T07:10:46","date_gmt":"2015-01-23T07:10:46","guid":{"rendered":"https:\/\/santjoan.developersasapglobalsolution.com\/comencen-els-certamens\/"},"modified":"2015-01-23T07:10:46","modified_gmt":"2015-01-23T07:10:46","slug":"comencen-els-certamens","status":"publish","type":"post","link":"https:\/\/www.santjoandalacant.es\/ca\/comencen-els-certamens\/","title":{"rendered":"COMENCEN ELS CERT\u00c0MENS"},"content":{"rendered":"<p>\nL&#8217;\u00e0rea de Cultura de l&#8217;Ajuntament de Sant Joan d&#8217;Alacant va presentar davant els mitjans de comunicaci\u00f3 les condicions per a participar en els principals cert\u00e0mens art\u00edstics que es convoquen al llarg d&#8217;enguany en el municipi. En roda de premsa celebrada aquest mat\u00ed, l&#8217;edil de Cultura, Javier Yebes, va donar a con\u00e8ixer les bases dels quatre concursos m\u00e9s importants, que tenen a veure amb disciplines com el cinema, la pintura, la fotografia i la narrativa. Un conjunt de cert\u00e0mens que cada any guanya m\u00e9s adeptes i que a m\u00e9s enguany augmenta les quantitats econ\u00f2miques que destina als guardons, ascendint fins als 7.500\u20ac en un moment tan dif\u00edcil per a les inversions en general i per a la cultura en particular.\n<\/p>\n<p>\nLa IX edici\u00f3 del Certamen de Narrativa que organitza la Foguera Plaza Maisonnave amb motiu de celebraci\u00f3 de les festes patronals ha obert ja el termini d&#8217;inscripcions i continuar\u00e0 rebent relats fins al 28 de febrer. La presidenta de la comissi\u00f3 festera, Nines Car, va animar a participar en aquest concurs de relat breu en el qual es pot optar a dos premis. El guanyador del concurs obtindr\u00e0 500 euros en met\u00e0l\u00b7lic mentre que el segon premi, en el qual competiran estudiants de 5\u00ba i 6\u00ba d&#8217;educaci\u00f3 prim\u00e0ria, consistir\u00e0 en dues tablets gentilesa de Carrefour Sant Joan. Uns guardons que es lliuraran l&#8217;11 d&#8217;abril en l&#8217;Auditori Antonio Gil de la Casa de Cultura despr\u00e9s de la valoraci\u00f3 del jurat.\n<\/p>\n<p>\n<br \/>\nPer la seua banda, el concurs nacional de curtmetratges en el qual se centra el Festival de Cinema de Sant Joan d&#8217;Alacant celebra aquest estiu la seua XV edici\u00f3, per la qual cosa ja ha iniciat el termini de presentaci\u00f3 d&#8217;obres audiovisuals, el qual romandr\u00e0 obert fins al 30 d&#8217;abril. Un certamen en el qual les obres m\u00e9s destacades lluitaran pel Ficus d&#8217;Or de &#8216;Sant Joan d&#8217;Alacant&#8217; que a m\u00e9s comptar\u00e0 amb fins a 1.200\u20ac en met\u00e0l\u00b7lic. Els altres guardonats rebran un &#8216;Ficus de Plata&#8217;, una figura emblema del certamen que pret\u00e9n convertir-se en una refer\u00e8ncia en el panorama cinematogr\u00e0fic. Aquesta figura inclou a m\u00e9s una dotaci\u00f3 econ\u00f2mica de 500\u20ac en met\u00e0l\u00b7lic, segons les explicava el director del festival, Javier Ballesteros. Les millors obres seran seleccionades per a la seua projecci\u00f3, del 29 de juny al 3 de juliol, en l&#8217;Auditori Antonio Gil de la Casa de Cultura, despr\u00e9s de la qual cosa es far\u00e0 p\u00fablic la fallada del jurat.\n<\/p>\n<p>\n<br \/>\nQuan finalitze l&#8217;estiu es convocar\u00e0 a tots els fot\u00f2grafs perqu\u00e8 presenten les seues obres a la IV edici\u00f3 del Certamen de Fotografia, del 7 al 28 de setembre, concursant aix\u00ed per dos premis diferents. El primer d&#8217;ells estar\u00e0 dotat amb 300 euros en met\u00e0l\u00b7lic, que aniran a parar a l&#8217;autor de la imatge que millor plasme l&#8217;arquitectura dels edificis municipals de la localitat, i especialment de les instal\u00b7lacions culturals. El segon premi, per al Millor Autor Local, t\u00e9 una recompensa de 100 euros. La fallada del jurat es far\u00e0 p\u00fablic l&#8217;1 d&#8217;octubre i les obres romandran exposades del 7 al 31 del mateix mes en la sala d&#8217;exposicions Pablo Lau de la Casa de Cultura. Unes dades que eren avan\u00e7ats en la presentaci\u00f3 per Manuel Mart\u00ednez, gerent de Foto Digital Discount i copatrocinador del concurs.\n<\/p>\n<p>\n<br \/>\nEn \u00faltim lloc, per cronologia, Sant Joan d&#8217;Alacant finalitzar\u00e0 aquest cicle cultural amb el veter\u00e0 Certamen de Pintura que en 2015 celebra la seua XLVIII edici\u00f3. Del 17 al 30 de setembre, cada artista interessat a participar podr\u00e0 presentar un m\u00e0xim de dues obres per a competir pel gran premi &#8216;Vila de Sant Joan d&#8217;Alacant&#8217; que estar\u00e0 dotat amb fins a 3.200 euros en met\u00e0l\u00b7lic. No obstant a\u00e7\u00f2, els artistes m\u00e9s joves podran optar tamb\u00e9 a un altre premi de 500 euros. Aix\u00ed ho explicava la coordinadora d&#8217;aquest certamen Ana Bel\u00e9n Riera, durant la presentaci\u00f3 de les bases. L&#8217;organitzaci\u00f3 del concurs realitzar\u00e0 una exposici\u00f3 de les millors obres que podr\u00e0 visitar-se del 16 d&#8217;octubre al 3 de novembre en la sala Pablo Lau de la Casa de Cultura.\n<\/p>\n<p>\n<img fetchpriority=\"high\" decoding=\"async\" class=\" size-full wp-image-30594\" src=\"https:\/\/www.santjoandalacant.es\/wp-content\/uploads\/2015\/01\/FullSizeRender.jpg\" width=\"500\" height=\"205\" srcset=\"https:\/\/www.santjoandalacant.es\/wp-content\/uploads\/2015\/01\/FullSizeRender.jpg 500w, https:\/\/www.santjoandalacant.es\/wp-content\/uploads\/2015\/01\/FullSizeRender-300x123.jpg 300w\" sizes=\"(max-width: 500px) 100vw, 500px\" \/><\/p>\n","protected":false},"excerpt":{"rendered":"<p>\nL&#8217;\u00e0rea de Cultura de l&#8217;Ajuntament de Sant Joan d&#8217;Alacant va presentar davant els mitjans de comunicaci\u00f3 les condicions per a participar en els principals cert\u00e0mens art\u00edstics que es convoquen al llarg d&#8217;enguany en el municipi. En roda de premsa celebrada aquest mat\u00ed, l&#8217;edil de Cultura, Javier Yebes, va donar a con\u00e8ixer les bases dels quatre concursos m\u00e9s importants, que tenen a veure amb disciplines com el cinema, la pintura, la fotografia i la narrativa.<\/p>\n","protected":false},"author":1,"featured_media":30592,"comment_status":"open","ping_status":"open","sticky":false,"template":"","format":"standard","meta":{"_acf_changed":false,"rs_blank_template":"","rs_page_bg_color":"","slide_template_v7":"","footnotes":""},"categories":[1],"tags":[],"areas":[1019],"class_list":["post-77100","post","type-post","status-publish","format-standard","has-post-thumbnail","hentry","category-sin-categorizar","areas-cultura-ca"],"acf":[],"yoast_head":"<!-- This site is optimized with the Yoast SEO plugin v28.2 - https:\/\/yoast.com\/product\/yoast-seo-wordpress\/ -->\n<title>COMENCEN ELS CERT\u00c0MENS - Sant Joan d&#039;Alacant<\/title>\n<meta name=\"robots\" content=\"index, follow, max-snippet:-1, max-image-preview:large, max-video-preview:-1\" \/>\n<link rel=\"canonical\" href=\"https:\/\/www.santjoandalacant.es\/ca\/comencen-els-certamens\/\" \/>\n<meta property=\"og:locale\" content=\"en_US\" \/>\n<meta property=\"og:type\" content=\"article\" \/>\n<meta property=\"og:title\" content=\"COMENCEN ELS CERT\u00c0MENS - Sant Joan d&#039;Alacant\" \/>\n<meta property=\"og:description\" content=\"L&#039;\u00e0rea de Cultura de l&#039;Ajuntament de Sant Joan d&#039;Alacant va presentar davant els mitjans de comunicaci\u00f3 les condicions per a participar en els principals cert\u00e0mens art\u00edstics que es convoquen al llarg d&#039;enguany en el municipi. En roda de premsa celebrada aquest mat\u00ed, l&#039;edil de Cultura, Javier Yebes, va donar a con\u00e8ixer les bases dels quatre concursos m\u00e9s importants, que tenen a veure amb disciplines com el cinema, la pintura, la fotografia i la narrativa.\" \/>\n<meta property=\"og:url\" content=\"https:\/\/www.santjoandalacant.es\/ca\/comencen-els-certamens\/\" \/>\n<meta property=\"og:site_name\" content=\"Sant Joan d&#039;Alacant\" \/>\n<meta property=\"article:publisher\" content=\"https:\/\/www.facebook.com\/santjoandalacant\/\" \/>\n<meta property=\"article:published_time\" content=\"2015-01-23T07:10:46+00:00\" \/>\n<meta property=\"og:image\" content=\"https:\/\/www.santjoandalacant.es\/wp-content\/uploads\/2017\/06\/RP_CERTAMENES_CULTURALES_2015.jpg\" \/>\n\t<meta property=\"og:image:width\" content=\"526\" \/>\n\t<meta property=\"og:image:height\" content=\"328\" \/>\n\t<meta property=\"og:image:type\" content=\"image\/jpeg\" \/>\n<meta name=\"author\" content=\"6tems\" \/>\n<meta name=\"twitter:card\" content=\"summary_large_image\" \/>\n<meta name=\"twitter:label1\" content=\"Written by\" \/>\n\t<meta name=\"twitter:data1\" content=\"6tems\" \/>\n\t<meta name=\"twitter:label2\" content=\"Est. reading time\" \/>\n\t<meta name=\"twitter:data2\" content=\"3 minutes\" \/>\n<script type=\"application\/ld+json\" class=\"yoast-schema-graph\">{\"@context\":\"https:\\\/\\\/schema.org\",\"@graph\":[{\"@type\":\"Article\",\"@id\":\"https:\\\/\\\/www.santjoandalacant.es\\\/ca\\\/comencen-els-certamens\\\/#article\",\"isPartOf\":{\"@id\":\"https:\\\/\\\/www.santjoandalacant.es\\\/ca\\\/comencen-els-certamens\\\/\"},\"author\":{\"name\":\"6tems\",\"@id\":\"https:\\\/\\\/www.santjoandalacant.es\\\/ca\\\/#\\\/schema\\\/person\\\/74b89bc7b26e6edafb76cd69420cd790\"},\"headline\":\"COMENCEN ELS CERT\u00c0MENS\",\"datePublished\":\"2015-01-23T07:10:46+00:00\",\"mainEntityOfPage\":{\"@id\":\"https:\\\/\\\/www.santjoandalacant.es\\\/ca\\\/comencen-els-certamens\\\/\"},\"wordCount\":706,\"commentCount\":0,\"publisher\":{\"@id\":\"https:\\\/\\\/www.santjoandalacant.es\\\/ca\\\/#organization\"},\"image\":{\"@id\":\"https:\\\/\\\/www.santjoandalacant.es\\\/ca\\\/comencen-els-certamens\\\/#primaryimage\"},\"thumbnailUrl\":\"https:\\\/\\\/www.santjoandalacant.es\\\/wp-content\\\/uploads\\\/2017\\\/06\\\/RP_CERTAMENES_CULTURALES_2015.jpg\",\"articleSection\":[\"Sin categorizar\"],\"inLanguage\":\"va\",\"potentialAction\":[{\"@type\":\"CommentAction\",\"name\":\"Comment\",\"target\":[\"https:\\\/\\\/www.santjoandalacant.es\\\/ca\\\/comencen-els-certamens\\\/#respond\"]}]},{\"@type\":\"WebPage\",\"@id\":\"https:\\\/\\\/www.santjoandalacant.es\\\/ca\\\/comencen-els-certamens\\\/\",\"url\":\"https:\\\/\\\/www.santjoandalacant.es\\\/ca\\\/comencen-els-certamens\\\/\",\"name\":\"COMENCEN ELS CERT\u00c0MENS - Sant Joan d&#039;Alacant\",\"isPartOf\":{\"@id\":\"https:\\\/\\\/www.santjoandalacant.es\\\/ca\\\/#website\"},\"primaryImageOfPage\":{\"@id\":\"https:\\\/\\\/www.santjoandalacant.es\\\/ca\\\/comencen-els-certamens\\\/#primaryimage\"},\"image\":{\"@id\":\"https:\\\/\\\/www.santjoandalacant.es\\\/ca\\\/comencen-els-certamens\\\/#primaryimage\"},\"thumbnailUrl\":\"https:\\\/\\\/www.santjoandalacant.es\\\/wp-content\\\/uploads\\\/2017\\\/06\\\/RP_CERTAMENES_CULTURALES_2015.jpg\",\"datePublished\":\"2015-01-23T07:10:46+00:00\",\"breadcrumb\":{\"@id\":\"https:\\\/\\\/www.santjoandalacant.es\\\/ca\\\/comencen-els-certamens\\\/#breadcrumb\"},\"inLanguage\":\"va\",\"potentialAction\":[{\"@type\":\"ReadAction\",\"target\":[\"https:\\\/\\\/www.santjoandalacant.es\\\/ca\\\/comencen-els-certamens\\\/\"]}]},{\"@type\":\"ImageObject\",\"inLanguage\":\"va\",\"@id\":\"https:\\\/\\\/www.santjoandalacant.es\\\/ca\\\/comencen-els-certamens\\\/#primaryimage\",\"url\":\"https:\\\/\\\/www.santjoandalacant.es\\\/wp-content\\\/uploads\\\/2017\\\/06\\\/RP_CERTAMENES_CULTURALES_2015.jpg\",\"contentUrl\":\"https:\\\/\\\/www.santjoandalacant.es\\\/wp-content\\\/uploads\\\/2017\\\/06\\\/RP_CERTAMENES_CULTURALES_2015.jpg\",\"width\":526,\"height\":328},{\"@type\":\"BreadcrumbList\",\"@id\":\"https:\\\/\\\/www.santjoandalacant.es\\\/ca\\\/comencen-els-certamens\\\/#breadcrumb\",\"itemListElement\":[{\"@type\":\"ListItem\",\"position\":1,\"name\":\"Inicio\",\"item\":\"https:\\\/\\\/www.santjoandalacant.es\\\/ca\\\/\"},{\"@type\":\"ListItem\",\"position\":2,\"name\":\"COMENCEN ELS CERT\u00c0MENS\"}]},{\"@type\":\"WebSite\",\"@id\":\"https:\\\/\\\/www.santjoandalacant.es\\\/ca\\\/#website\",\"url\":\"https:\\\/\\\/www.santjoandalacant.es\\\/ca\\\/\",\"name\":\"Sant Joan d'Alacant\",\"description\":\"\",\"publisher\":{\"@id\":\"https:\\\/\\\/www.santjoandalacant.es\\\/ca\\\/#organization\"},\"potentialAction\":[{\"@type\":\"SearchAction\",\"target\":{\"@type\":\"EntryPoint\",\"urlTemplate\":\"https:\\\/\\\/www.santjoandalacant.es\\\/ca\\\/?s={search_term_string}\"},\"query-input\":{\"@type\":\"PropertyValueSpecification\",\"valueRequired\":true,\"valueName\":\"search_term_string\"}}],\"inLanguage\":\"va\"},{\"@type\":\"Organization\",\"@id\":\"https:\\\/\\\/www.santjoandalacant.es\\\/ca\\\/#organization\",\"name\":\"Sant Joan d'Alacant\",\"url\":\"https:\\\/\\\/www.santjoandalacant.es\\\/ca\\\/\",\"logo\":{\"@type\":\"ImageObject\",\"inLanguage\":\"va\",\"@id\":\"https:\\\/\\\/www.santjoandalacant.es\\\/ca\\\/#\\\/schema\\\/logo\\\/image\\\/\",\"url\":\"https:\\\/\\\/www.santjoandalacant.es\\\/wp-content\\\/uploads\\\/2023\\\/08\\\/logoSJ.png\",\"contentUrl\":\"https:\\\/\\\/www.santjoandalacant.es\\\/wp-content\\\/uploads\\\/2023\\\/08\\\/logoSJ.png\",\"width\":198,\"height\":253,\"caption\":\"Sant Joan d'Alacant\"},\"image\":{\"@id\":\"https:\\\/\\\/www.santjoandalacant.es\\\/ca\\\/#\\\/schema\\\/logo\\\/image\\\/\"},\"sameAs\":[\"https:\\\/\\\/www.facebook.com\\\/santjoandalacant\\\/\",\"https:\\\/\\\/www.instagram.com\\\/santjoandalacant\\\/\",\"https:\\\/\\\/www.youtube.com\\\/user\\\/santjoandalacant\"]},{\"@type\":\"Person\",\"@id\":\"https:\\\/\\\/www.santjoandalacant.es\\\/ca\\\/#\\\/schema\\\/person\\\/74b89bc7b26e6edafb76cd69420cd790\",\"name\":\"6tems\",\"image\":{\"@type\":\"ImageObject\",\"inLanguage\":\"va\",\"@id\":\"https:\\\/\\\/secure.gravatar.com\\\/avatar\\\/1c939d9bf86da56568327e5d52b159d089efba17cde140c49884e3fe77ef9c66?s=96&d=mm&r=g\",\"url\":\"https:\\\/\\\/secure.gravatar.com\\\/avatar\\\/1c939d9bf86da56568327e5d52b159d089efba17cde140c49884e3fe77ef9c66?s=96&d=mm&r=g\",\"contentUrl\":\"https:\\\/\\\/secure.gravatar.com\\\/avatar\\\/1c939d9bf86da56568327e5d52b159d089efba17cde140c49884e3fe77ef9c66?s=96&d=mm&r=g\",\"caption\":\"6tems\"},\"sameAs\":[\"https:\\\/\\\/www.santjoandalacant.es\"],\"url\":\"https:\\\/\\\/www.santjoandalacant.es\\\/ca\\\/author\\\/adminasap\\\/\"}]}<\/script>\n<!-- \/ Yoast SEO plugin. -->","yoast_head_json":{"title":"COMENCEN ELS CERT\u00c0MENS - Sant Joan d&#039;Alacant","robots":{"index":"index","follow":"follow","max-snippet":"max-snippet:-1","max-image-preview":"max-image-preview:large","max-video-preview":"max-video-preview:-1"},"canonical":"https:\/\/www.santjoandalacant.es\/ca\/comencen-els-certamens\/","og_locale":"en_US","og_type":"article","og_title":"COMENCEN ELS CERT\u00c0MENS - Sant Joan d&#039;Alacant","og_description":"L'\u00e0rea de Cultura de l'Ajuntament de Sant Joan d'Alacant va presentar davant els mitjans de comunicaci\u00f3 les condicions per a participar en els principals cert\u00e0mens art\u00edstics que es convoquen al llarg d'enguany en el municipi. En roda de premsa celebrada aquest mat\u00ed, l'edil de Cultura, Javier Yebes, va donar a con\u00e8ixer les bases dels quatre concursos m\u00e9s importants, que tenen a veure amb disciplines com el cinema, la pintura, la fotografia i la narrativa.","og_url":"https:\/\/www.santjoandalacant.es\/ca\/comencen-els-certamens\/","og_site_name":"Sant Joan d&#039;Alacant","article_publisher":"https:\/\/www.facebook.com\/santjoandalacant\/","article_published_time":"2015-01-23T07:10:46+00:00","og_image":[{"width":526,"height":328,"url":"https:\/\/www.santjoandalacant.es\/wp-content\/uploads\/2017\/06\/RP_CERTAMENES_CULTURALES_2015.jpg","type":"image\/jpeg"}],"author":"6tems","twitter_card":"summary_large_image","twitter_misc":{"Written by":"6tems","Est. reading time":"3 minutes"},"schema":{"@context":"https:\/\/schema.org","@graph":[{"@type":"Article","@id":"https:\/\/www.santjoandalacant.es\/ca\/comencen-els-certamens\/#article","isPartOf":{"@id":"https:\/\/www.santjoandalacant.es\/ca\/comencen-els-certamens\/"},"author":{"name":"6tems","@id":"https:\/\/www.santjoandalacant.es\/ca\/#\/schema\/person\/74b89bc7b26e6edafb76cd69420cd790"},"headline":"COMENCEN ELS CERT\u00c0MENS","datePublished":"2015-01-23T07:10:46+00:00","mainEntityOfPage":{"@id":"https:\/\/www.santjoandalacant.es\/ca\/comencen-els-certamens\/"},"wordCount":706,"commentCount":0,"publisher":{"@id":"https:\/\/www.santjoandalacant.es\/ca\/#organization"},"image":{"@id":"https:\/\/www.santjoandalacant.es\/ca\/comencen-els-certamens\/#primaryimage"},"thumbnailUrl":"https:\/\/www.santjoandalacant.es\/wp-content\/uploads\/2017\/06\/RP_CERTAMENES_CULTURALES_2015.jpg","articleSection":["Sin categorizar"],"inLanguage":"va","potentialAction":[{"@type":"CommentAction","name":"Comment","target":["https:\/\/www.santjoandalacant.es\/ca\/comencen-els-certamens\/#respond"]}]},{"@type":"WebPage","@id":"https:\/\/www.santjoandalacant.es\/ca\/comencen-els-certamens\/","url":"https:\/\/www.santjoandalacant.es\/ca\/comencen-els-certamens\/","name":"COMENCEN ELS CERT\u00c0MENS - Sant Joan d&#039;Alacant","isPartOf":{"@id":"https:\/\/www.santjoandalacant.es\/ca\/#website"},"primaryImageOfPage":{"@id":"https:\/\/www.santjoandalacant.es\/ca\/comencen-els-certamens\/#primaryimage"},"image":{"@id":"https:\/\/www.santjoandalacant.es\/ca\/comencen-els-certamens\/#primaryimage"},"thumbnailUrl":"https:\/\/www.santjoandalacant.es\/wp-content\/uploads\/2017\/06\/RP_CERTAMENES_CULTURALES_2015.jpg","datePublished":"2015-01-23T07:10:46+00:00","breadcrumb":{"@id":"https:\/\/www.santjoandalacant.es\/ca\/comencen-els-certamens\/#breadcrumb"},"inLanguage":"va","potentialAction":[{"@type":"ReadAction","target":["https:\/\/www.santjoandalacant.es\/ca\/comencen-els-certamens\/"]}]},{"@type":"ImageObject","inLanguage":"va","@id":"https:\/\/www.santjoandalacant.es\/ca\/comencen-els-certamens\/#primaryimage","url":"https:\/\/www.santjoandalacant.es\/wp-content\/uploads\/2017\/06\/RP_CERTAMENES_CULTURALES_2015.jpg","contentUrl":"https:\/\/www.santjoandalacant.es\/wp-content\/uploads\/2017\/06\/RP_CERTAMENES_CULTURALES_2015.jpg","width":526,"height":328},{"@type":"BreadcrumbList","@id":"https:\/\/www.santjoandalacant.es\/ca\/comencen-els-certamens\/#breadcrumb","itemListElement":[{"@type":"ListItem","position":1,"name":"Inicio","item":"https:\/\/www.santjoandalacant.es\/ca\/"},{"@type":"ListItem","position":2,"name":"COMENCEN ELS CERT\u00c0MENS"}]},{"@type":"WebSite","@id":"https:\/\/www.santjoandalacant.es\/ca\/#website","url":"https:\/\/www.santjoandalacant.es\/ca\/","name":"Sant Joan d'Alacant","description":"","publisher":{"@id":"https:\/\/www.santjoandalacant.es\/ca\/#organization"},"potentialAction":[{"@type":"SearchAction","target":{"@type":"EntryPoint","urlTemplate":"https:\/\/www.santjoandalacant.es\/ca\/?s={search_term_string}"},"query-input":{"@type":"PropertyValueSpecification","valueRequired":true,"valueName":"search_term_string"}}],"inLanguage":"va"},{"@type":"Organization","@id":"https:\/\/www.santjoandalacant.es\/ca\/#organization","name":"Sant Joan d'Alacant","url":"https:\/\/www.santjoandalacant.es\/ca\/","logo":{"@type":"ImageObject","inLanguage":"va","@id":"https:\/\/www.santjoandalacant.es\/ca\/#\/schema\/logo\/image\/","url":"https:\/\/www.santjoandalacant.es\/wp-content\/uploads\/2023\/08\/logoSJ.png","contentUrl":"https:\/\/www.santjoandalacant.es\/wp-content\/uploads\/2023\/08\/logoSJ.png","width":198,"height":253,"caption":"Sant Joan d'Alacant"},"image":{"@id":"https:\/\/www.santjoandalacant.es\/ca\/#\/schema\/logo\/image\/"},"sameAs":["https:\/\/www.facebook.com\/santjoandalacant\/","https:\/\/www.instagram.com\/santjoandalacant\/","https:\/\/www.youtube.com\/user\/santjoandalacant"]},{"@type":"Person","@id":"https:\/\/www.santjoandalacant.es\/ca\/#\/schema\/person\/74b89bc7b26e6edafb76cd69420cd790","name":"6tems","image":{"@type":"ImageObject","inLanguage":"va","@id":"https:\/\/secure.gravatar.com\/avatar\/1c939d9bf86da56568327e5d52b159d089efba17cde140c49884e3fe77ef9c66?s=96&d=mm&r=g","url":"https:\/\/secure.gravatar.com\/avatar\/1c939d9bf86da56568327e5d52b159d089efba17cde140c49884e3fe77ef9c66?s=96&d=mm&r=g","contentUrl":"https:\/\/secure.gravatar.com\/avatar\/1c939d9bf86da56568327e5d52b159d089efba17cde140c49884e3fe77ef9c66?s=96&d=mm&r=g","caption":"6tems"},"sameAs":["https:\/\/www.santjoandalacant.es"],"url":"https:\/\/www.santjoandalacant.es\/ca\/author\/adminasap\/"}]}},"_links":{"self":[{"href":"https:\/\/www.santjoandalacant.es\/ca\/wp-json\/wp\/v2\/posts\/77100","targetHints":{"allow":["GET"]}}],"collection":[{"href":"https:\/\/www.santjoandalacant.es\/ca\/wp-json\/wp\/v2\/posts"}],"about":[{"href":"https:\/\/www.santjoandalacant.es\/ca\/wp-json\/wp\/v2\/types\/post"}],"author":[{"embeddable":true,"href":"https:\/\/www.santjoandalacant.es\/ca\/wp-json\/wp\/v2\/users\/1"}],"replies":[{"embeddable":true,"href":"https:\/\/www.santjoandalacant.es\/ca\/wp-json\/wp\/v2\/comments?post=77100"}],"version-history":[{"count":0,"href":"https:\/\/www.santjoandalacant.es\/ca\/wp-json\/wp\/v2\/posts\/77100\/revisions"}],"wp:featuredmedia":[{"embeddable":true,"href":"https:\/\/www.santjoandalacant.es\/ca\/wp-json\/wp\/v2\/media\/30592"}],"wp:attachment":[{"href":"https:\/\/www.santjoandalacant.es\/ca\/wp-json\/wp\/v2\/media?parent=77100"}],"wp:term":[{"taxonomy":"category","embeddable":true,"href":"https:\/\/www.santjoandalacant.es\/ca\/wp-json\/wp\/v2\/categories?post=77100"},{"taxonomy":"post_tag","embeddable":true,"href":"https:\/\/www.santjoandalacant.es\/ca\/wp-json\/wp\/v2\/tags?post=77100"},{"taxonomy":"areas","embeddable":true,"href":"https:\/\/www.santjoandalacant.es\/ca\/wp-json\/wp\/v2\/areas?post=77100"}],"curies":[{"name":"wp","href":"https:\/\/api.w.org\/{rel}","templated":true}]}}