{"id":77112,"date":"2015-01-15T07:30:00","date_gmt":"2015-01-15T07:30:00","guid":{"rendered":"https:\/\/santjoan.developersasapglobalsolution.com\/cap-de-setmana-de-musicals\/"},"modified":"2015-01-15T07:30:00","modified_gmt":"2015-01-15T07:30:00","slug":"cap-de-setmana-de-musicals","status":"publish","type":"post","link":"https:\/\/www.santjoandalacant.es\/ca\/cap-de-setmana-de-musicals\/","title":{"rendered":"CAP DE SETMANA DE MUSICALS"},"content":{"rendered":"<p>\nL&#8217;Auditori Antonio Gil de la Casa de Cultura acollir\u00e0 la representaci\u00f3 de tres musicals diferents durant el cap de setmana vinent. I \u00e9s que el divendres es dur\u00e0 a terme la funci\u00f3 &quot;Gent Contra-Corrent&quot; del grup Medusa Teatre. Un espectacle que ser\u00e0 d&#8217;entrada lliure i que comen\u00e7ar\u00e0 a partir de les 20:30 hores. D&#8217;altra banda, el dissabte ser\u00e0 el torn de &quot;Grease \u00e9s la veu, el musical&quot;. Es tracta d&#8217;un muntatge de l&#8217;acad\u00e8mia de dansa i ball Iv\u00e1n G\u00f3mez per al qual es pot adquirir entrada anticipada al preu de 4\u20ac acudint als comer\u00e7os adscrits al programa &quot;Les teues entrades en els teus comer\u00e7os&quot; (Boutique Raquel Parodi, L&#8217;Amsteler\u00eda, Lenceman\u00eda, Cal\u00e7ats Manel i Joieria Patricia). Una actuaci\u00f3 que donar\u00e0 inici a les 20 hores.\n<\/p>\n<p>\nFinalment, el diumenge es tancar\u00e0 aquesta tercera setmana de Gener Teatrero amb un musical tribut a Manolo Escobar que porta per t\u00edtol &quot;El meu carro ho tens tu&quot;. L&#8217;obra, dirigida per Fran Err\u00e1ez, ve directa des de la Gran Via de Madrid i compta amb la filla del propi artista, Vanessa Escobar, com a veu principal. L&#8217;entrada anticipada costa 15\u20ac i es pot obtenir tamb\u00e9 en el programa de la regidoria de Cultura en el qual col\u00b7laboren els comer\u00e7os del municipi. L&#8217;entrada es pot adquirir a 20\u20ac en taquilla el mateix dia de l&#8217;espectacle. Un musical de 90 minuts en el qual es recorreran els millors \u00e8xits de Manolo Escobar.<\/p>\n","protected":false},"excerpt":{"rendered":"<p>\nL&#8217;Auditori Antonio Gil de la Casa de Cultura acollir\u00e0 la representaci\u00f3 de tres musicals diferents durant el cap de setmana vinent. I \u00e9s que el divendres es dur\u00e0 a terme la funci\u00f3 &quot;Gent Contra-Corrent&quot; del grup Medusa Teatre. Un espectacle que ser\u00e0 d&#8217;entrada lliure i que comen\u00e7ar\u00e0 a partir de les 20:30 hores. D&#8217;altra banda, el dissabte ser\u00e0 el torn de &quot;Grease \u00e9s la veu, el musical&quot;.<\/p>\n","protected":false},"author":1,"featured_media":30653,"comment_status":"open","ping_status":"open","sticky":false,"template":"","format":"standard","meta":{"_acf_changed":false,"rs_blank_template":"","rs_page_bg_color":"","slide_template_v7":"","footnotes":""},"categories":[1],"tags":[],"areas":[1019],"class_list":["post-77112","post","type-post","status-publish","format-standard","has-post-thumbnail","hentry","category-sin-categorizar","areas-cultura-ca"],"acf":[],"yoast_head":"<!-- This site is optimized with the Yoast SEO plugin v28.2 - https:\/\/yoast.com\/product\/yoast-seo-wordpress\/ -->\n<title>CAP DE SETMANA DE MUSICALS - Sant Joan d&#039;Alacant<\/title>\n<meta name=\"robots\" content=\"index, follow, max-snippet:-1, max-image-preview:large, max-video-preview:-1\" \/>\n<link rel=\"canonical\" href=\"https:\/\/www.santjoandalacant.es\/ca\/cap-de-setmana-de-musicals\/\" \/>\n<meta property=\"og:locale\" content=\"en_US\" \/>\n<meta property=\"og:type\" content=\"article\" \/>\n<meta property=\"og:title\" content=\"CAP DE SETMANA DE MUSICALS - Sant Joan d&#039;Alacant\" \/>\n<meta property=\"og:description\" content=\"L&#039;Auditori Antonio Gil de la Casa de Cultura acollir\u00e0 la representaci\u00f3 de tres musicals diferents durant el cap de setmana vinent. I \u00e9s que el divendres es dur\u00e0 a terme la funci\u00f3 &quot;Gent Contra-Corrent&quot; del grup Medusa Teatre. Un espectacle que ser\u00e0 d&#039;entrada lliure i que comen\u00e7ar\u00e0 a partir de les 20:30 hores. D&#039;altra banda, el dissabte ser\u00e0 el torn de &quot;Grease \u00e9s la veu, el musical&quot;.\" \/>\n<meta property=\"og:url\" content=\"https:\/\/www.santjoandalacant.es\/ca\/cap-de-setmana-de-musicals\/\" \/>\n<meta property=\"og:site_name\" content=\"Sant Joan d&#039;Alacant\" \/>\n<meta property=\"article:publisher\" content=\"https:\/\/www.facebook.com\/santjoandalacant\/\" \/>\n<meta property=\"article:published_time\" content=\"2015-01-15T07:30:00+00:00\" \/>\n<meta property=\"og:image\" content=\"https:\/\/www.santjoandalacant.es\/wp-content\/uploads\/2017\/06\/CARTEL_MUSICAL_CONTRACORRIENTE.jpg\" \/>\n\t<meta property=\"og:image:width\" content=\"66\" \/>\n\t<meta property=\"og:image:height\" content=\"66\" \/>\n\t<meta property=\"og:image:type\" content=\"image\/jpeg\" \/>\n<meta name=\"author\" content=\"6tems\" \/>\n<meta name=\"twitter:card\" content=\"summary_large_image\" \/>\n<meta name=\"twitter:label1\" content=\"Written by\" \/>\n\t<meta name=\"twitter:data1\" content=\"6tems\" \/>\n\t<meta name=\"twitter:label2\" content=\"Est. reading time\" \/>\n\t<meta name=\"twitter:data2\" content=\"1 minute\" \/>\n<script type=\"application\/ld+json\" class=\"yoast-schema-graph\">{\"@context\":\"https:\\\/\\\/schema.org\",\"@graph\":[{\"@type\":\"Article\",\"@id\":\"https:\\\/\\\/www.santjoandalacant.es\\\/ca\\\/cap-de-setmana-de-musicals\\\/#article\",\"isPartOf\":{\"@id\":\"https:\\\/\\\/www.santjoandalacant.es\\\/ca\\\/cap-de-setmana-de-musicals\\\/\"},\"author\":{\"name\":\"6tems\",\"@id\":\"https:\\\/\\\/www.santjoandalacant.es\\\/ca\\\/#\\\/schema\\\/person\\\/74b89bc7b26e6edafb76cd69420cd790\"},\"headline\":\"CAP DE SETMANA DE MUSICALS\",\"datePublished\":\"2015-01-15T07:30:00+00:00\",\"mainEntityOfPage\":{\"@id\":\"https:\\\/\\\/www.santjoandalacant.es\\\/ca\\\/cap-de-setmana-de-musicals\\\/\"},\"wordCount\":263,\"commentCount\":0,\"publisher\":{\"@id\":\"https:\\\/\\\/www.santjoandalacant.es\\\/ca\\\/#organization\"},\"image\":{\"@id\":\"https:\\\/\\\/www.santjoandalacant.es\\\/ca\\\/cap-de-setmana-de-musicals\\\/#primaryimage\"},\"thumbnailUrl\":\"https:\\\/\\\/www.santjoandalacant.es\\\/wp-content\\\/uploads\\\/2017\\\/06\\\/CARTEL_MUSICAL_CONTRACORRIENTE.jpg\",\"articleSection\":[\"Sin categorizar\"],\"inLanguage\":\"va\",\"potentialAction\":[{\"@type\":\"CommentAction\",\"name\":\"Comment\",\"target\":[\"https:\\\/\\\/www.santjoandalacant.es\\\/ca\\\/cap-de-setmana-de-musicals\\\/#respond\"]}]},{\"@type\":\"WebPage\",\"@id\":\"https:\\\/\\\/www.santjoandalacant.es\\\/ca\\\/cap-de-setmana-de-musicals\\\/\",\"url\":\"https:\\\/\\\/www.santjoandalacant.es\\\/ca\\\/cap-de-setmana-de-musicals\\\/\",\"name\":\"CAP DE SETMANA DE MUSICALS - Sant Joan d&#039;Alacant\",\"isPartOf\":{\"@id\":\"https:\\\/\\\/www.santjoandalacant.es\\\/ca\\\/#website\"},\"primaryImageOfPage\":{\"@id\":\"https:\\\/\\\/www.santjoandalacant.es\\\/ca\\\/cap-de-setmana-de-musicals\\\/#primaryimage\"},\"image\":{\"@id\":\"https:\\\/\\\/www.santjoandalacant.es\\\/ca\\\/cap-de-setmana-de-musicals\\\/#primaryimage\"},\"thumbnailUrl\":\"https:\\\/\\\/www.santjoandalacant.es\\\/wp-content\\\/uploads\\\/2017\\\/06\\\/CARTEL_MUSICAL_CONTRACORRIENTE.jpg\",\"datePublished\":\"2015-01-15T07:30:00+00:00\",\"breadcrumb\":{\"@id\":\"https:\\\/\\\/www.santjoandalacant.es\\\/ca\\\/cap-de-setmana-de-musicals\\\/#breadcrumb\"},\"inLanguage\":\"va\",\"potentialAction\":[{\"@type\":\"ReadAction\",\"target\":[\"https:\\\/\\\/www.santjoandalacant.es\\\/ca\\\/cap-de-setmana-de-musicals\\\/\"]}]},{\"@type\":\"ImageObject\",\"inLanguage\":\"va\",\"@id\":\"https:\\\/\\\/www.santjoandalacant.es\\\/ca\\\/cap-de-setmana-de-musicals\\\/#primaryimage\",\"url\":\"https:\\\/\\\/www.santjoandalacant.es\\\/wp-content\\\/uploads\\\/2017\\\/06\\\/CARTEL_MUSICAL_CONTRACORRIENTE.jpg\",\"contentUrl\":\"https:\\\/\\\/www.santjoandalacant.es\\\/wp-content\\\/uploads\\\/2017\\\/06\\\/CARTEL_MUSICAL_CONTRACORRIENTE.jpg\",\"width\":66,\"height\":66},{\"@type\":\"BreadcrumbList\",\"@id\":\"https:\\\/\\\/www.santjoandalacant.es\\\/ca\\\/cap-de-setmana-de-musicals\\\/#breadcrumb\",\"itemListElement\":[{\"@type\":\"ListItem\",\"position\":1,\"name\":\"Inicio\",\"item\":\"https:\\\/\\\/www.santjoandalacant.es\\\/ca\\\/\"},{\"@type\":\"ListItem\",\"position\":2,\"name\":\"CAP DE SETMANA DE MUSICALS\"}]},{\"@type\":\"WebSite\",\"@id\":\"https:\\\/\\\/www.santjoandalacant.es\\\/ca\\\/#website\",\"url\":\"https:\\\/\\\/www.santjoandalacant.es\\\/ca\\\/\",\"name\":\"Sant Joan d'Alacant\",\"description\":\"\",\"publisher\":{\"@id\":\"https:\\\/\\\/www.santjoandalacant.es\\\/ca\\\/#organization\"},\"potentialAction\":[{\"@type\":\"SearchAction\",\"target\":{\"@type\":\"EntryPoint\",\"urlTemplate\":\"https:\\\/\\\/www.santjoandalacant.es\\\/ca\\\/?s={search_term_string}\"},\"query-input\":{\"@type\":\"PropertyValueSpecification\",\"valueRequired\":true,\"valueName\":\"search_term_string\"}}],\"inLanguage\":\"va\"},{\"@type\":\"Organization\",\"@id\":\"https:\\\/\\\/www.santjoandalacant.es\\\/ca\\\/#organization\",\"name\":\"Sant Joan d'Alacant\",\"url\":\"https:\\\/\\\/www.santjoandalacant.es\\\/ca\\\/\",\"logo\":{\"@type\":\"ImageObject\",\"inLanguage\":\"va\",\"@id\":\"https:\\\/\\\/www.santjoandalacant.es\\\/ca\\\/#\\\/schema\\\/logo\\\/image\\\/\",\"url\":\"https:\\\/\\\/www.santjoandalacant.es\\\/wp-content\\\/uploads\\\/2023\\\/08\\\/logoSJ.png\",\"contentUrl\":\"https:\\\/\\\/www.santjoandalacant.es\\\/wp-content\\\/uploads\\\/2023\\\/08\\\/logoSJ.png\",\"width\":198,\"height\":253,\"caption\":\"Sant Joan d'Alacant\"},\"image\":{\"@id\":\"https:\\\/\\\/www.santjoandalacant.es\\\/ca\\\/#\\\/schema\\\/logo\\\/image\\\/\"},\"sameAs\":[\"https:\\\/\\\/www.facebook.com\\\/santjoandalacant\\\/\",\"https:\\\/\\\/www.instagram.com\\\/santjoandalacant\\\/\",\"https:\\\/\\\/www.youtube.com\\\/user\\\/santjoandalacant\"]},{\"@type\":\"Person\",\"@id\":\"https:\\\/\\\/www.santjoandalacant.es\\\/ca\\\/#\\\/schema\\\/person\\\/74b89bc7b26e6edafb76cd69420cd790\",\"name\":\"6tems\",\"image\":{\"@type\":\"ImageObject\",\"inLanguage\":\"va\",\"@id\":\"https:\\\/\\\/secure.gravatar.com\\\/avatar\\\/1c939d9bf86da56568327e5d52b159d089efba17cde140c49884e3fe77ef9c66?s=96&d=mm&r=g\",\"url\":\"https:\\\/\\\/secure.gravatar.com\\\/avatar\\\/1c939d9bf86da56568327e5d52b159d089efba17cde140c49884e3fe77ef9c66?s=96&d=mm&r=g\",\"contentUrl\":\"https:\\\/\\\/secure.gravatar.com\\\/avatar\\\/1c939d9bf86da56568327e5d52b159d089efba17cde140c49884e3fe77ef9c66?s=96&d=mm&r=g\",\"caption\":\"6tems\"},\"sameAs\":[\"https:\\\/\\\/www.santjoandalacant.es\"],\"url\":\"https:\\\/\\\/www.santjoandalacant.es\\\/ca\\\/author\\\/adminasap\\\/\"}]}<\/script>\n<!-- \/ Yoast SEO plugin. -->","yoast_head_json":{"title":"CAP DE SETMANA DE MUSICALS - Sant Joan d&#039;Alacant","robots":{"index":"index","follow":"follow","max-snippet":"max-snippet:-1","max-image-preview":"max-image-preview:large","max-video-preview":"max-video-preview:-1"},"canonical":"https:\/\/www.santjoandalacant.es\/ca\/cap-de-setmana-de-musicals\/","og_locale":"en_US","og_type":"article","og_title":"CAP DE SETMANA DE MUSICALS - Sant Joan d&#039;Alacant","og_description":"L'Auditori Antonio Gil de la Casa de Cultura acollir\u00e0 la representaci\u00f3 de tres musicals diferents durant el cap de setmana vinent. I \u00e9s que el divendres es dur\u00e0 a terme la funci\u00f3 &quot;Gent Contra-Corrent&quot; del grup Medusa Teatre. Un espectacle que ser\u00e0 d'entrada lliure i que comen\u00e7ar\u00e0 a partir de les 20:30 hores. D'altra banda, el dissabte ser\u00e0 el torn de &quot;Grease \u00e9s la veu, el musical&quot;.","og_url":"https:\/\/www.santjoandalacant.es\/ca\/cap-de-setmana-de-musicals\/","og_site_name":"Sant Joan d&#039;Alacant","article_publisher":"https:\/\/www.facebook.com\/santjoandalacant\/","article_published_time":"2015-01-15T07:30:00+00:00","og_image":[{"width":66,"height":66,"url":"https:\/\/www.santjoandalacant.es\/wp-content\/uploads\/2017\/06\/CARTEL_MUSICAL_CONTRACORRIENTE.jpg","type":"image\/jpeg"}],"author":"6tems","twitter_card":"summary_large_image","twitter_misc":{"Written by":"6tems","Est. reading time":"1 minute"},"schema":{"@context":"https:\/\/schema.org","@graph":[{"@type":"Article","@id":"https:\/\/www.santjoandalacant.es\/ca\/cap-de-setmana-de-musicals\/#article","isPartOf":{"@id":"https:\/\/www.santjoandalacant.es\/ca\/cap-de-setmana-de-musicals\/"},"author":{"name":"6tems","@id":"https:\/\/www.santjoandalacant.es\/ca\/#\/schema\/person\/74b89bc7b26e6edafb76cd69420cd790"},"headline":"CAP DE SETMANA DE MUSICALS","datePublished":"2015-01-15T07:30:00+00:00","mainEntityOfPage":{"@id":"https:\/\/www.santjoandalacant.es\/ca\/cap-de-setmana-de-musicals\/"},"wordCount":263,"commentCount":0,"publisher":{"@id":"https:\/\/www.santjoandalacant.es\/ca\/#organization"},"image":{"@id":"https:\/\/www.santjoandalacant.es\/ca\/cap-de-setmana-de-musicals\/#primaryimage"},"thumbnailUrl":"https:\/\/www.santjoandalacant.es\/wp-content\/uploads\/2017\/06\/CARTEL_MUSICAL_CONTRACORRIENTE.jpg","articleSection":["Sin categorizar"],"inLanguage":"va","potentialAction":[{"@type":"CommentAction","name":"Comment","target":["https:\/\/www.santjoandalacant.es\/ca\/cap-de-setmana-de-musicals\/#respond"]}]},{"@type":"WebPage","@id":"https:\/\/www.santjoandalacant.es\/ca\/cap-de-setmana-de-musicals\/","url":"https:\/\/www.santjoandalacant.es\/ca\/cap-de-setmana-de-musicals\/","name":"CAP DE SETMANA DE MUSICALS - Sant Joan d&#039;Alacant","isPartOf":{"@id":"https:\/\/www.santjoandalacant.es\/ca\/#website"},"primaryImageOfPage":{"@id":"https:\/\/www.santjoandalacant.es\/ca\/cap-de-setmana-de-musicals\/#primaryimage"},"image":{"@id":"https:\/\/www.santjoandalacant.es\/ca\/cap-de-setmana-de-musicals\/#primaryimage"},"thumbnailUrl":"https:\/\/www.santjoandalacant.es\/wp-content\/uploads\/2017\/06\/CARTEL_MUSICAL_CONTRACORRIENTE.jpg","datePublished":"2015-01-15T07:30:00+00:00","breadcrumb":{"@id":"https:\/\/www.santjoandalacant.es\/ca\/cap-de-setmana-de-musicals\/#breadcrumb"},"inLanguage":"va","potentialAction":[{"@type":"ReadAction","target":["https:\/\/www.santjoandalacant.es\/ca\/cap-de-setmana-de-musicals\/"]}]},{"@type":"ImageObject","inLanguage":"va","@id":"https:\/\/www.santjoandalacant.es\/ca\/cap-de-setmana-de-musicals\/#primaryimage","url":"https:\/\/www.santjoandalacant.es\/wp-content\/uploads\/2017\/06\/CARTEL_MUSICAL_CONTRACORRIENTE.jpg","contentUrl":"https:\/\/www.santjoandalacant.es\/wp-content\/uploads\/2017\/06\/CARTEL_MUSICAL_CONTRACORRIENTE.jpg","width":66,"height":66},{"@type":"BreadcrumbList","@id":"https:\/\/www.santjoandalacant.es\/ca\/cap-de-setmana-de-musicals\/#breadcrumb","itemListElement":[{"@type":"ListItem","position":1,"name":"Inicio","item":"https:\/\/www.santjoandalacant.es\/ca\/"},{"@type":"ListItem","position":2,"name":"CAP DE SETMANA DE MUSICALS"}]},{"@type":"WebSite","@id":"https:\/\/www.santjoandalacant.es\/ca\/#website","url":"https:\/\/www.santjoandalacant.es\/ca\/","name":"Sant Joan d'Alacant","description":"","publisher":{"@id":"https:\/\/www.santjoandalacant.es\/ca\/#organization"},"potentialAction":[{"@type":"SearchAction","target":{"@type":"EntryPoint","urlTemplate":"https:\/\/www.santjoandalacant.es\/ca\/?s={search_term_string}"},"query-input":{"@type":"PropertyValueSpecification","valueRequired":true,"valueName":"search_term_string"}}],"inLanguage":"va"},{"@type":"Organization","@id":"https:\/\/www.santjoandalacant.es\/ca\/#organization","name":"Sant Joan d'Alacant","url":"https:\/\/www.santjoandalacant.es\/ca\/","logo":{"@type":"ImageObject","inLanguage":"va","@id":"https:\/\/www.santjoandalacant.es\/ca\/#\/schema\/logo\/image\/","url":"https:\/\/www.santjoandalacant.es\/wp-content\/uploads\/2023\/08\/logoSJ.png","contentUrl":"https:\/\/www.santjoandalacant.es\/wp-content\/uploads\/2023\/08\/logoSJ.png","width":198,"height":253,"caption":"Sant Joan d'Alacant"},"image":{"@id":"https:\/\/www.santjoandalacant.es\/ca\/#\/schema\/logo\/image\/"},"sameAs":["https:\/\/www.facebook.com\/santjoandalacant\/","https:\/\/www.instagram.com\/santjoandalacant\/","https:\/\/www.youtube.com\/user\/santjoandalacant"]},{"@type":"Person","@id":"https:\/\/www.santjoandalacant.es\/ca\/#\/schema\/person\/74b89bc7b26e6edafb76cd69420cd790","name":"6tems","image":{"@type":"ImageObject","inLanguage":"va","@id":"https:\/\/secure.gravatar.com\/avatar\/1c939d9bf86da56568327e5d52b159d089efba17cde140c49884e3fe77ef9c66?s=96&d=mm&r=g","url":"https:\/\/secure.gravatar.com\/avatar\/1c939d9bf86da56568327e5d52b159d089efba17cde140c49884e3fe77ef9c66?s=96&d=mm&r=g","contentUrl":"https:\/\/secure.gravatar.com\/avatar\/1c939d9bf86da56568327e5d52b159d089efba17cde140c49884e3fe77ef9c66?s=96&d=mm&r=g","caption":"6tems"},"sameAs":["https:\/\/www.santjoandalacant.es"],"url":"https:\/\/www.santjoandalacant.es\/ca\/author\/adminasap\/"}]}},"_links":{"self":[{"href":"https:\/\/www.santjoandalacant.es\/ca\/wp-json\/wp\/v2\/posts\/77112","targetHints":{"allow":["GET"]}}],"collection":[{"href":"https:\/\/www.santjoandalacant.es\/ca\/wp-json\/wp\/v2\/posts"}],"about":[{"href":"https:\/\/www.santjoandalacant.es\/ca\/wp-json\/wp\/v2\/types\/post"}],"author":[{"embeddable":true,"href":"https:\/\/www.santjoandalacant.es\/ca\/wp-json\/wp\/v2\/users\/1"}],"replies":[{"embeddable":true,"href":"https:\/\/www.santjoandalacant.es\/ca\/wp-json\/wp\/v2\/comments?post=77112"}],"version-history":[{"count":0,"href":"https:\/\/www.santjoandalacant.es\/ca\/wp-json\/wp\/v2\/posts\/77112\/revisions"}],"wp:featuredmedia":[{"embeddable":true,"href":"https:\/\/www.santjoandalacant.es\/ca\/wp-json\/wp\/v2\/media\/30653"}],"wp:attachment":[{"href":"https:\/\/www.santjoandalacant.es\/ca\/wp-json\/wp\/v2\/media?parent=77112"}],"wp:term":[{"taxonomy":"category","embeddable":true,"href":"https:\/\/www.santjoandalacant.es\/ca\/wp-json\/wp\/v2\/categories?post=77112"},{"taxonomy":"post_tag","embeddable":true,"href":"https:\/\/www.santjoandalacant.es\/ca\/wp-json\/wp\/v2\/tags?post=77112"},{"taxonomy":"areas","embeddable":true,"href":"https:\/\/www.santjoandalacant.es\/ca\/wp-json\/wp\/v2\/areas?post=77112"}],"curies":[{"name":"wp","href":"https:\/\/api.w.org\/{rel}","templated":true}]}}