{"id":77220,"date":"2014-11-19T12:46:19","date_gmt":"2014-11-19T12:46:19","guid":{"rendered":"https:\/\/santjoan.developersasapglobalsolution.com\/aprendre-a-defensar-se\/"},"modified":"2014-11-19T12:46:19","modified_gmt":"2014-11-19T12:46:19","slug":"aprendre-a-defensar-se","status":"publish","type":"post","link":"https:\/\/www.santjoandalacant.es\/ca\/aprendre-a-defensar-se\/","title":{"rendered":"APRENDRE A DEFENSAR-SE"},"content":{"rendered":"<p>\nLa regidoria de Dona i Igualtat que dirigeix l&#8217;edil Carmen Navarro ha organitzat aquesta setmana un taller de defensa personal en el qual al voltant de 30 dones, dividides en diversos grups, han apr\u00e8s importants t\u00e8cniques amb les quals fer front a possibles agressions de viol\u00e8ncia masclista. Algunes de les participants han sigut v\u00edctimes d&#8217;aquest tipus de viol\u00e8ncia pel que s&#8217;han unit a aquesta activitat amb l&#8217;objectiu de guanyar confian\u00e7a en elles mateixes i aprendre a protegir-se de futures agressions.\n<\/p>\n<p>\nEs tracta d&#8217;una activitat que s&#8217;emmarca en la programaci\u00f3 que ha preparat l&#8217;Ajuntament de Sant Joan d&#8217;Alacant per a commemorar el Dia Internacional Contra la Viol\u00e8ncia de g\u00e8nere que se celebra el pr\u00f2xim 25 de novembre. Una data tan important que el Consistori decideix treballar per la conscienciaci\u00f3 de la societat, amb el prop\u00f2sit de combatre aquesta xacra, per\u00f2 no solament durant aquest dia sin\u00f3 durant tot l&#8217;any, i especialment durant la setmana pr\u00f2xima al propi 25 de novembre. I \u00e9s que aquest cap de setmana es realitzaran m\u00e9s esdeveniments.\n<\/p>\n<p>\nDissabte que ve, 22 de novembre, representants de l&#8217;Ajuntament i especialment de la regidoria de Dona i Igualtat, acompanyats per membres de diferents entitats de l&#8217;\u00e0mbit sociocultural i fester del municipi, eixiran al carrer a partir de les 11 hores per a informar i repartir material explicatiu sobre la import\u00e0ncia de recon\u00e8ixer aquests fets i prendre intervingudes per a atallar-los, acudint als cossos i forces de seguretat. La regidoria prepara a m\u00e9s per al diumenge, 23 de novembre, una gala especial que es dur\u00e0 a terme en l&#8217;Auditori Antonio Gil de la Casa de Cultura a les 20 hores.\n<\/p>\n<p>\n&#160;\n<\/p>\n<p>\n<br \/>\n\u00a0<\/p>\n","protected":false},"excerpt":{"rendered":"<p>\nLa regidoria de Dona i Igualtat que dirigeix l&#8217;edil Carmen Navarro ha organitzat aquesta setmana un taller de defensa personal en el qual al voltant de 30 dones, dividides en diversos grups, han apr\u00e8s importants t\u00e8cniques amb les quals fer front a possibles agressions de viol\u00e8ncia masclista. Algunes de les participants han sigut v\u00edctimes d&#8217;aquest tipus de viol\u00e8ncia pel que s&#8217;han unit a aquesta activitat amb l&#8217;objectiu de guanyar confian\u00e7a en elles mateixes i aprendre a protegir-se de futures agressions.<\/p>\n","protected":false},"author":1,"featured_media":31128,"comment_status":"open","ping_status":"open","sticky":false,"template":"","format":"standard","meta":{"_acf_changed":false,"rs_blank_template":"","rs_page_bg_color":"","slide_template_v7":"","footnotes":""},"categories":[1],"tags":[],"areas":[1003],"class_list":["post-77220","post","type-post","status-publish","format-standard","has-post-thumbnail","hentry","category-sin-categorizar","areas-igualdad-ca"],"acf":[],"yoast_head":"<!-- This site is optimized with the Yoast SEO plugin v28.2 - https:\/\/yoast.com\/product\/yoast-seo-wordpress\/ -->\n<title>APRENDRE A DEFENSAR-SE - Sant Joan d&#039;Alacant<\/title>\n<meta name=\"robots\" content=\"index, follow, max-snippet:-1, max-image-preview:large, max-video-preview:-1\" \/>\n<link rel=\"canonical\" href=\"https:\/\/www.santjoandalacant.es\/ca\/aprendre-a-defensar-se\/\" \/>\n<meta property=\"og:locale\" content=\"en_US\" \/>\n<meta property=\"og:type\" content=\"article\" \/>\n<meta property=\"og:title\" content=\"APRENDRE A DEFENSAR-SE - Sant Joan d&#039;Alacant\" \/>\n<meta property=\"og:description\" content=\"La regidoria de Dona i Igualtat que dirigeix l&#039;edil Carmen Navarro ha organitzat aquesta setmana un taller de defensa personal en el qual al voltant de 30 dones, dividides en diversos grups, han apr\u00e8s importants t\u00e8cniques amb les quals fer front a possibles agressions de viol\u00e8ncia masclista. Algunes de les participants han sigut v\u00edctimes d&#039;aquest tipus de viol\u00e8ncia pel que s&#039;han unit a aquesta activitat amb l&#039;objectiu de guanyar confian\u00e7a en elles mateixes i aprendre a protegir-se de futures agressions.\" \/>\n<meta property=\"og:url\" content=\"https:\/\/www.santjoandalacant.es\/ca\/aprendre-a-defensar-se\/\" \/>\n<meta property=\"og:site_name\" content=\"Sant Joan d&#039;Alacant\" \/>\n<meta property=\"article:publisher\" content=\"https:\/\/www.facebook.com\/santjoandalacant\/\" \/>\n<meta property=\"article:published_time\" content=\"2014-11-19T12:46:19+00:00\" \/>\n<meta property=\"og:image\" content=\"https:\/\/www.santjoandalacant.es\/wp-content\/uploads\/2017\/06\/TALLER_DE_DEFENSA_01.jpg\" \/>\n\t<meta property=\"og:image:width\" content=\"526\" \/>\n\t<meta property=\"og:image:height\" content=\"358\" \/>\n\t<meta property=\"og:image:type\" content=\"image\/jpeg\" \/>\n<meta name=\"author\" content=\"6tems\" \/>\n<meta name=\"twitter:card\" content=\"summary_large_image\" \/>\n<meta name=\"twitter:label1\" content=\"Written by\" \/>\n\t<meta name=\"twitter:data1\" content=\"6tems\" \/>\n\t<meta name=\"twitter:label2\" content=\"Est. reading time\" \/>\n\t<meta name=\"twitter:data2\" content=\"1 minute\" \/>\n<script type=\"application\/ld+json\" class=\"yoast-schema-graph\">{\"@context\":\"https:\\\/\\\/schema.org\",\"@graph\":[{\"@type\":\"Article\",\"@id\":\"https:\\\/\\\/www.santjoandalacant.es\\\/ca\\\/aprendre-a-defensar-se\\\/#article\",\"isPartOf\":{\"@id\":\"https:\\\/\\\/www.santjoandalacant.es\\\/ca\\\/aprendre-a-defensar-se\\\/\"},\"author\":{\"name\":\"6tems\",\"@id\":\"https:\\\/\\\/www.santjoandalacant.es\\\/ca\\\/#\\\/schema\\\/person\\\/74b89bc7b26e6edafb76cd69420cd790\"},\"headline\":\"APRENDRE A DEFENSAR-SE\",\"datePublished\":\"2014-11-19T12:46:19+00:00\",\"mainEntityOfPage\":{\"@id\":\"https:\\\/\\\/www.santjoandalacant.es\\\/ca\\\/aprendre-a-defensar-se\\\/\"},\"wordCount\":292,\"commentCount\":0,\"publisher\":{\"@id\":\"https:\\\/\\\/www.santjoandalacant.es\\\/ca\\\/#organization\"},\"image\":{\"@id\":\"https:\\\/\\\/www.santjoandalacant.es\\\/ca\\\/aprendre-a-defensar-se\\\/#primaryimage\"},\"thumbnailUrl\":\"https:\\\/\\\/www.santjoandalacant.es\\\/wp-content\\\/uploads\\\/2017\\\/06\\\/TALLER_DE_DEFENSA_01.jpg\",\"articleSection\":[\"Sin categorizar\"],\"inLanguage\":\"va\",\"potentialAction\":[{\"@type\":\"CommentAction\",\"name\":\"Comment\",\"target\":[\"https:\\\/\\\/www.santjoandalacant.es\\\/ca\\\/aprendre-a-defensar-se\\\/#respond\"]}]},{\"@type\":\"WebPage\",\"@id\":\"https:\\\/\\\/www.santjoandalacant.es\\\/ca\\\/aprendre-a-defensar-se\\\/\",\"url\":\"https:\\\/\\\/www.santjoandalacant.es\\\/ca\\\/aprendre-a-defensar-se\\\/\",\"name\":\"APRENDRE A DEFENSAR-SE - Sant Joan d&#039;Alacant\",\"isPartOf\":{\"@id\":\"https:\\\/\\\/www.santjoandalacant.es\\\/ca\\\/#website\"},\"primaryImageOfPage\":{\"@id\":\"https:\\\/\\\/www.santjoandalacant.es\\\/ca\\\/aprendre-a-defensar-se\\\/#primaryimage\"},\"image\":{\"@id\":\"https:\\\/\\\/www.santjoandalacant.es\\\/ca\\\/aprendre-a-defensar-se\\\/#primaryimage\"},\"thumbnailUrl\":\"https:\\\/\\\/www.santjoandalacant.es\\\/wp-content\\\/uploads\\\/2017\\\/06\\\/TALLER_DE_DEFENSA_01.jpg\",\"datePublished\":\"2014-11-19T12:46:19+00:00\",\"breadcrumb\":{\"@id\":\"https:\\\/\\\/www.santjoandalacant.es\\\/ca\\\/aprendre-a-defensar-se\\\/#breadcrumb\"},\"inLanguage\":\"va\",\"potentialAction\":[{\"@type\":\"ReadAction\",\"target\":[\"https:\\\/\\\/www.santjoandalacant.es\\\/ca\\\/aprendre-a-defensar-se\\\/\"]}]},{\"@type\":\"ImageObject\",\"inLanguage\":\"va\",\"@id\":\"https:\\\/\\\/www.santjoandalacant.es\\\/ca\\\/aprendre-a-defensar-se\\\/#primaryimage\",\"url\":\"https:\\\/\\\/www.santjoandalacant.es\\\/wp-content\\\/uploads\\\/2017\\\/06\\\/TALLER_DE_DEFENSA_01.jpg\",\"contentUrl\":\"https:\\\/\\\/www.santjoandalacant.es\\\/wp-content\\\/uploads\\\/2017\\\/06\\\/TALLER_DE_DEFENSA_01.jpg\",\"width\":526,\"height\":358},{\"@type\":\"BreadcrumbList\",\"@id\":\"https:\\\/\\\/www.santjoandalacant.es\\\/ca\\\/aprendre-a-defensar-se\\\/#breadcrumb\",\"itemListElement\":[{\"@type\":\"ListItem\",\"position\":1,\"name\":\"Inicio\",\"item\":\"https:\\\/\\\/www.santjoandalacant.es\\\/ca\\\/\"},{\"@type\":\"ListItem\",\"position\":2,\"name\":\"APRENDRE A DEFENSAR-SE\"}]},{\"@type\":\"WebSite\",\"@id\":\"https:\\\/\\\/www.santjoandalacant.es\\\/ca\\\/#website\",\"url\":\"https:\\\/\\\/www.santjoandalacant.es\\\/ca\\\/\",\"name\":\"Sant Joan d'Alacant\",\"description\":\"\",\"publisher\":{\"@id\":\"https:\\\/\\\/www.santjoandalacant.es\\\/ca\\\/#organization\"},\"potentialAction\":[{\"@type\":\"SearchAction\",\"target\":{\"@type\":\"EntryPoint\",\"urlTemplate\":\"https:\\\/\\\/www.santjoandalacant.es\\\/ca\\\/?s={search_term_string}\"},\"query-input\":{\"@type\":\"PropertyValueSpecification\",\"valueRequired\":true,\"valueName\":\"search_term_string\"}}],\"inLanguage\":\"va\"},{\"@type\":\"Organization\",\"@id\":\"https:\\\/\\\/www.santjoandalacant.es\\\/ca\\\/#organization\",\"name\":\"Sant Joan d'Alacant\",\"url\":\"https:\\\/\\\/www.santjoandalacant.es\\\/ca\\\/\",\"logo\":{\"@type\":\"ImageObject\",\"inLanguage\":\"va\",\"@id\":\"https:\\\/\\\/www.santjoandalacant.es\\\/ca\\\/#\\\/schema\\\/logo\\\/image\\\/\",\"url\":\"https:\\\/\\\/www.santjoandalacant.es\\\/wp-content\\\/uploads\\\/2023\\\/08\\\/logoSJ.png\",\"contentUrl\":\"https:\\\/\\\/www.santjoandalacant.es\\\/wp-content\\\/uploads\\\/2023\\\/08\\\/logoSJ.png\",\"width\":198,\"height\":253,\"caption\":\"Sant Joan d'Alacant\"},\"image\":{\"@id\":\"https:\\\/\\\/www.santjoandalacant.es\\\/ca\\\/#\\\/schema\\\/logo\\\/image\\\/\"},\"sameAs\":[\"https:\\\/\\\/www.facebook.com\\\/santjoandalacant\\\/\",\"https:\\\/\\\/www.instagram.com\\\/santjoandalacant\\\/\",\"https:\\\/\\\/www.youtube.com\\\/user\\\/santjoandalacant\"]},{\"@type\":\"Person\",\"@id\":\"https:\\\/\\\/www.santjoandalacant.es\\\/ca\\\/#\\\/schema\\\/person\\\/74b89bc7b26e6edafb76cd69420cd790\",\"name\":\"6tems\",\"image\":{\"@type\":\"ImageObject\",\"inLanguage\":\"va\",\"@id\":\"https:\\\/\\\/secure.gravatar.com\\\/avatar\\\/1c939d9bf86da56568327e5d52b159d089efba17cde140c49884e3fe77ef9c66?s=96&d=mm&r=g\",\"url\":\"https:\\\/\\\/secure.gravatar.com\\\/avatar\\\/1c939d9bf86da56568327e5d52b159d089efba17cde140c49884e3fe77ef9c66?s=96&d=mm&r=g\",\"contentUrl\":\"https:\\\/\\\/secure.gravatar.com\\\/avatar\\\/1c939d9bf86da56568327e5d52b159d089efba17cde140c49884e3fe77ef9c66?s=96&d=mm&r=g\",\"caption\":\"6tems\"},\"sameAs\":[\"https:\\\/\\\/www.santjoandalacant.es\"],\"url\":\"https:\\\/\\\/www.santjoandalacant.es\\\/ca\\\/author\\\/adminasap\\\/\"}]}<\/script>\n<!-- \/ Yoast SEO plugin. -->","yoast_head_json":{"title":"APRENDRE A DEFENSAR-SE - Sant Joan d&#039;Alacant","robots":{"index":"index","follow":"follow","max-snippet":"max-snippet:-1","max-image-preview":"max-image-preview:large","max-video-preview":"max-video-preview:-1"},"canonical":"https:\/\/www.santjoandalacant.es\/ca\/aprendre-a-defensar-se\/","og_locale":"en_US","og_type":"article","og_title":"APRENDRE A DEFENSAR-SE - Sant Joan d&#039;Alacant","og_description":"La regidoria de Dona i Igualtat que dirigeix l'edil Carmen Navarro ha organitzat aquesta setmana un taller de defensa personal en el qual al voltant de 30 dones, dividides en diversos grups, han apr\u00e8s importants t\u00e8cniques amb les quals fer front a possibles agressions de viol\u00e8ncia masclista. Algunes de les participants han sigut v\u00edctimes d'aquest tipus de viol\u00e8ncia pel que s'han unit a aquesta activitat amb l'objectiu de guanyar confian\u00e7a en elles mateixes i aprendre a protegir-se de futures agressions.","og_url":"https:\/\/www.santjoandalacant.es\/ca\/aprendre-a-defensar-se\/","og_site_name":"Sant Joan d&#039;Alacant","article_publisher":"https:\/\/www.facebook.com\/santjoandalacant\/","article_published_time":"2014-11-19T12:46:19+00:00","og_image":[{"width":526,"height":358,"url":"https:\/\/www.santjoandalacant.es\/wp-content\/uploads\/2017\/06\/TALLER_DE_DEFENSA_01.jpg","type":"image\/jpeg"}],"author":"6tems","twitter_card":"summary_large_image","twitter_misc":{"Written by":"6tems","Est. reading time":"1 minute"},"schema":{"@context":"https:\/\/schema.org","@graph":[{"@type":"Article","@id":"https:\/\/www.santjoandalacant.es\/ca\/aprendre-a-defensar-se\/#article","isPartOf":{"@id":"https:\/\/www.santjoandalacant.es\/ca\/aprendre-a-defensar-se\/"},"author":{"name":"6tems","@id":"https:\/\/www.santjoandalacant.es\/ca\/#\/schema\/person\/74b89bc7b26e6edafb76cd69420cd790"},"headline":"APRENDRE A DEFENSAR-SE","datePublished":"2014-11-19T12:46:19+00:00","mainEntityOfPage":{"@id":"https:\/\/www.santjoandalacant.es\/ca\/aprendre-a-defensar-se\/"},"wordCount":292,"commentCount":0,"publisher":{"@id":"https:\/\/www.santjoandalacant.es\/ca\/#organization"},"image":{"@id":"https:\/\/www.santjoandalacant.es\/ca\/aprendre-a-defensar-se\/#primaryimage"},"thumbnailUrl":"https:\/\/www.santjoandalacant.es\/wp-content\/uploads\/2017\/06\/TALLER_DE_DEFENSA_01.jpg","articleSection":["Sin categorizar"],"inLanguage":"va","potentialAction":[{"@type":"CommentAction","name":"Comment","target":["https:\/\/www.santjoandalacant.es\/ca\/aprendre-a-defensar-se\/#respond"]}]},{"@type":"WebPage","@id":"https:\/\/www.santjoandalacant.es\/ca\/aprendre-a-defensar-se\/","url":"https:\/\/www.santjoandalacant.es\/ca\/aprendre-a-defensar-se\/","name":"APRENDRE A DEFENSAR-SE - Sant Joan d&#039;Alacant","isPartOf":{"@id":"https:\/\/www.santjoandalacant.es\/ca\/#website"},"primaryImageOfPage":{"@id":"https:\/\/www.santjoandalacant.es\/ca\/aprendre-a-defensar-se\/#primaryimage"},"image":{"@id":"https:\/\/www.santjoandalacant.es\/ca\/aprendre-a-defensar-se\/#primaryimage"},"thumbnailUrl":"https:\/\/www.santjoandalacant.es\/wp-content\/uploads\/2017\/06\/TALLER_DE_DEFENSA_01.jpg","datePublished":"2014-11-19T12:46:19+00:00","breadcrumb":{"@id":"https:\/\/www.santjoandalacant.es\/ca\/aprendre-a-defensar-se\/#breadcrumb"},"inLanguage":"va","potentialAction":[{"@type":"ReadAction","target":["https:\/\/www.santjoandalacant.es\/ca\/aprendre-a-defensar-se\/"]}]},{"@type":"ImageObject","inLanguage":"va","@id":"https:\/\/www.santjoandalacant.es\/ca\/aprendre-a-defensar-se\/#primaryimage","url":"https:\/\/www.santjoandalacant.es\/wp-content\/uploads\/2017\/06\/TALLER_DE_DEFENSA_01.jpg","contentUrl":"https:\/\/www.santjoandalacant.es\/wp-content\/uploads\/2017\/06\/TALLER_DE_DEFENSA_01.jpg","width":526,"height":358},{"@type":"BreadcrumbList","@id":"https:\/\/www.santjoandalacant.es\/ca\/aprendre-a-defensar-se\/#breadcrumb","itemListElement":[{"@type":"ListItem","position":1,"name":"Inicio","item":"https:\/\/www.santjoandalacant.es\/ca\/"},{"@type":"ListItem","position":2,"name":"APRENDRE A DEFENSAR-SE"}]},{"@type":"WebSite","@id":"https:\/\/www.santjoandalacant.es\/ca\/#website","url":"https:\/\/www.santjoandalacant.es\/ca\/","name":"Sant Joan d'Alacant","description":"","publisher":{"@id":"https:\/\/www.santjoandalacant.es\/ca\/#organization"},"potentialAction":[{"@type":"SearchAction","target":{"@type":"EntryPoint","urlTemplate":"https:\/\/www.santjoandalacant.es\/ca\/?s={search_term_string}"},"query-input":{"@type":"PropertyValueSpecification","valueRequired":true,"valueName":"search_term_string"}}],"inLanguage":"va"},{"@type":"Organization","@id":"https:\/\/www.santjoandalacant.es\/ca\/#organization","name":"Sant Joan d'Alacant","url":"https:\/\/www.santjoandalacant.es\/ca\/","logo":{"@type":"ImageObject","inLanguage":"va","@id":"https:\/\/www.santjoandalacant.es\/ca\/#\/schema\/logo\/image\/","url":"https:\/\/www.santjoandalacant.es\/wp-content\/uploads\/2023\/08\/logoSJ.png","contentUrl":"https:\/\/www.santjoandalacant.es\/wp-content\/uploads\/2023\/08\/logoSJ.png","width":198,"height":253,"caption":"Sant Joan d'Alacant"},"image":{"@id":"https:\/\/www.santjoandalacant.es\/ca\/#\/schema\/logo\/image\/"},"sameAs":["https:\/\/www.facebook.com\/santjoandalacant\/","https:\/\/www.instagram.com\/santjoandalacant\/","https:\/\/www.youtube.com\/user\/santjoandalacant"]},{"@type":"Person","@id":"https:\/\/www.santjoandalacant.es\/ca\/#\/schema\/person\/74b89bc7b26e6edafb76cd69420cd790","name":"6tems","image":{"@type":"ImageObject","inLanguage":"va","@id":"https:\/\/secure.gravatar.com\/avatar\/1c939d9bf86da56568327e5d52b159d089efba17cde140c49884e3fe77ef9c66?s=96&d=mm&r=g","url":"https:\/\/secure.gravatar.com\/avatar\/1c939d9bf86da56568327e5d52b159d089efba17cde140c49884e3fe77ef9c66?s=96&d=mm&r=g","contentUrl":"https:\/\/secure.gravatar.com\/avatar\/1c939d9bf86da56568327e5d52b159d089efba17cde140c49884e3fe77ef9c66?s=96&d=mm&r=g","caption":"6tems"},"sameAs":["https:\/\/www.santjoandalacant.es"],"url":"https:\/\/www.santjoandalacant.es\/ca\/author\/adminasap\/"}]}},"_links":{"self":[{"href":"https:\/\/www.santjoandalacant.es\/ca\/wp-json\/wp\/v2\/posts\/77220","targetHints":{"allow":["GET"]}}],"collection":[{"href":"https:\/\/www.santjoandalacant.es\/ca\/wp-json\/wp\/v2\/posts"}],"about":[{"href":"https:\/\/www.santjoandalacant.es\/ca\/wp-json\/wp\/v2\/types\/post"}],"author":[{"embeddable":true,"href":"https:\/\/www.santjoandalacant.es\/ca\/wp-json\/wp\/v2\/users\/1"}],"replies":[{"embeddable":true,"href":"https:\/\/www.santjoandalacant.es\/ca\/wp-json\/wp\/v2\/comments?post=77220"}],"version-history":[{"count":0,"href":"https:\/\/www.santjoandalacant.es\/ca\/wp-json\/wp\/v2\/posts\/77220\/revisions"}],"wp:featuredmedia":[{"embeddable":true,"href":"https:\/\/www.santjoandalacant.es\/ca\/wp-json\/wp\/v2\/media\/31128"}],"wp:attachment":[{"href":"https:\/\/www.santjoandalacant.es\/ca\/wp-json\/wp\/v2\/media?parent=77220"}],"wp:term":[{"taxonomy":"category","embeddable":true,"href":"https:\/\/www.santjoandalacant.es\/ca\/wp-json\/wp\/v2\/categories?post=77220"},{"taxonomy":"post_tag","embeddable":true,"href":"https:\/\/www.santjoandalacant.es\/ca\/wp-json\/wp\/v2\/tags?post=77220"},{"taxonomy":"areas","embeddable":true,"href":"https:\/\/www.santjoandalacant.es\/ca\/wp-json\/wp\/v2\/areas?post=77220"}],"curies":[{"name":"wp","href":"https:\/\/api.w.org\/{rel}","templated":true}]}}