{"id":77246,"date":"2014-11-07T10:16:31","date_gmt":"2014-11-07T10:16:31","guid":{"rendered":"https:\/\/santjoan.developersasapglobalsolution.com\/llistat-provisional-de-concessio-i-denegacio-ajudes-de-menjador-escolar-2014-15\/"},"modified":"2014-11-07T10:16:31","modified_gmt":"2014-11-07T10:16:31","slug":"llistat-provisional-de-concessio-i-denegacio-ajudes-de-menjador-escolar-2014-15","status":"publish","type":"post","link":"https:\/\/www.santjoandalacant.es\/ca\/llistat-provisional-de-concessio-i-denegacio-ajudes-de-menjador-escolar-2014-15\/","title":{"rendered":"LLISTAT PROVISIONAL DE CONCESSI\u00d3 I DENEGACI\u00d3 AJUDES DE MENJADOR ESCOLAR 2014\/15"},"content":{"rendered":"<div>\n\u00a0Llistat provisional de concessi\u00f3 i denegaci\u00f3 d&#8217;ajudes per a menjador escolar dirigides a l&#8217;alumnat d&#8217;Educaci\u00f3 Infantil 2n cicle i Educaci\u00f3 Prim\u00e0ria dels col\u00b7legis p\u00fablics del municipi de Sant Joan d\u00b4Alacant curs 2014\/15, concedint-se un termini de 10 dies h\u00e0bils per a presentar al\u00b7legacions o reclamacions, a comptar a partir del seg\u00fcent dia de la publicaci\u00f3 del present anunci en el Tauler d&#8217;Anuncis de l&#8217;Ajuntament de Sant Joan d&#8217;Alacant, en els centres escolars p\u00fablics, en la p\u00e0gina web aix\u00ed com en les depend\u00e8ncies de la Regidoria d&#8217;Educaci\u00f3. Els sol\u00b7licitants que han obtingut una puntuaci\u00f3 inferior a 5 punts (marcats en bloc gris en el primer dels llistats amb els n\u00fameros del 112 al 147) no seran beneficiaris de subvenci\u00f3 per a prioritzar situacions de major necessitat dins de les disponibilitats pressupost\u00e0ries.\n<\/div>\n<div>\n\n<\/div>\n","protected":false},"excerpt":{"rendered":"<div>\n\u00a0Llistat provisional de concessi\u00f3 i denegaci\u00f3 d&#8217;ajudes per a menjador escolar dirigides a l&#8217;alumnat d&#8217;Educaci\u00f3 Infantil 2n cicle i Educaci\u00f3 Prim\u00e0ria dels col\u00b7legis p\u00fablics del municipi de Sant Joan d\u00b4Alacant curs 2014\/15, concedint-se un termini de 10 dies h\u00e0bils per a presentar al\u00b7legacions o reclamacions, a comptar a partir del seg\u00fcent dia de la publicaci\u00f3 del present anunci en el Tauler d&#8217;Anuncis de l&#8217;Ajuntament de Sant Joan d&#8217;Alacant, en els centres escolars p\u00fablics, en la p\u00e0gina web aix\u00ed com en les depend\u00e8ncies de la Regidoria d&#8217;Educaci\u00f3.<\/p>\n","protected":false},"author":1,"featured_media":0,"comment_status":"open","ping_status":"open","sticky":false,"template":"","format":"standard","meta":{"_acf_changed":false,"rs_blank_template":"","rs_page_bg_color":"","slide_template_v7":"","footnotes":""},"categories":[1],"tags":[],"areas":[1000],"class_list":["post-77246","post","type-post","status-publish","format-standard","hentry","category-sin-categorizar","areas-educacion-ca"],"acf":[],"yoast_head":"<!-- This site is optimized with the Yoast SEO plugin v28.2 - https:\/\/yoast.com\/product\/yoast-seo-wordpress\/ -->\n<title>LLISTAT PROVISIONAL DE CONCESSI\u00d3 I DENEGACI\u00d3 AJUDES DE MENJADOR ESCOLAR 2014\/15 - Sant Joan d&#039;Alacant<\/title>\n<meta name=\"robots\" content=\"index, follow, max-snippet:-1, max-image-preview:large, max-video-preview:-1\" \/>\n<link rel=\"canonical\" href=\"https:\/\/www.santjoandalacant.es\/ca\/llistat-provisional-de-concessio-i-denegacio-ajudes-de-menjador-escolar-2014-15\/\" \/>\n<meta property=\"og:locale\" content=\"en_US\" \/>\n<meta property=\"og:type\" content=\"article\" \/>\n<meta property=\"og:title\" content=\"LLISTAT PROVISIONAL DE CONCESSI\u00d3 I DENEGACI\u00d3 AJUDES DE MENJADOR ESCOLAR 2014\/15 - Sant Joan d&#039;Alacant\" \/>\n<meta property=\"og:description\" content=\"\u00a0Llistat provisional de concessi\u00f3 i denegaci\u00f3 d&#039;ajudes per a menjador escolar dirigides a l&#039;alumnat d&#039;Educaci\u00f3 Infantil 2n cicle i Educaci\u00f3 Prim\u00e0ria dels col\u00b7legis p\u00fablics del municipi de Sant Joan d\u00b4Alacant curs 2014\/15, concedint-se un termini de 10 dies h\u00e0bils per a presentar al\u00b7legacions o reclamacions, a comptar a partir del seg\u00fcent dia de la publicaci\u00f3 del present anunci en el Tauler d&#039;Anuncis de l&#039;Ajuntament de Sant Joan d&#039;Alacant, en els centres escolars p\u00fablics, en la p\u00e0gina web aix\u00ed com en les depend\u00e8ncies de la Regidoria d&#039;Educaci\u00f3.\" \/>\n<meta property=\"og:url\" content=\"https:\/\/www.santjoandalacant.es\/ca\/llistat-provisional-de-concessio-i-denegacio-ajudes-de-menjador-escolar-2014-15\/\" \/>\n<meta property=\"og:site_name\" content=\"Sant Joan d&#039;Alacant\" \/>\n<meta property=\"article:publisher\" content=\"https:\/\/www.facebook.com\/santjoandalacant\/\" \/>\n<meta property=\"article:published_time\" content=\"2014-11-07T10:16:31+00:00\" \/>\n<meta name=\"author\" content=\"6tems\" \/>\n<meta name=\"twitter:card\" content=\"summary_large_image\" \/>\n<meta name=\"twitter:label1\" content=\"Written by\" \/>\n\t<meta name=\"twitter:data1\" content=\"6tems\" \/>\n\t<meta name=\"twitter:label2\" content=\"Est. reading time\" \/>\n\t<meta name=\"twitter:data2\" content=\"1 minute\" \/>\n<script type=\"application\/ld+json\" class=\"yoast-schema-graph\">{\"@context\":\"https:\\\/\\\/schema.org\",\"@graph\":[{\"@type\":\"Article\",\"@id\":\"https:\\\/\\\/www.santjoandalacant.es\\\/ca\\\/llistat-provisional-de-concessio-i-denegacio-ajudes-de-menjador-escolar-2014-15\\\/#article\",\"isPartOf\":{\"@id\":\"https:\\\/\\\/www.santjoandalacant.es\\\/ca\\\/llistat-provisional-de-concessio-i-denegacio-ajudes-de-menjador-escolar-2014-15\\\/\"},\"author\":{\"name\":\"6tems\",\"@id\":\"https:\\\/\\\/www.santjoandalacant.es\\\/ca\\\/#\\\/schema\\\/person\\\/74b89bc7b26e6edafb76cd69420cd790\"},\"headline\":\"LLISTAT PROVISIONAL DE CONCESSI\u00d3 I DENEGACI\u00d3 AJUDES DE MENJADOR ESCOLAR 2014\\\/15\",\"datePublished\":\"2014-11-07T10:16:31+00:00\",\"mainEntityOfPage\":{\"@id\":\"https:\\\/\\\/www.santjoandalacant.es\\\/ca\\\/llistat-provisional-de-concessio-i-denegacio-ajudes-de-menjador-escolar-2014-15\\\/\"},\"wordCount\":155,\"commentCount\":0,\"publisher\":{\"@id\":\"https:\\\/\\\/www.santjoandalacant.es\\\/ca\\\/#organization\"},\"articleSection\":[\"Sin categorizar\"],\"inLanguage\":\"va\",\"potentialAction\":[{\"@type\":\"CommentAction\",\"name\":\"Comment\",\"target\":[\"https:\\\/\\\/www.santjoandalacant.es\\\/ca\\\/llistat-provisional-de-concessio-i-denegacio-ajudes-de-menjador-escolar-2014-15\\\/#respond\"]}]},{\"@type\":\"WebPage\",\"@id\":\"https:\\\/\\\/www.santjoandalacant.es\\\/ca\\\/llistat-provisional-de-concessio-i-denegacio-ajudes-de-menjador-escolar-2014-15\\\/\",\"url\":\"https:\\\/\\\/www.santjoandalacant.es\\\/ca\\\/llistat-provisional-de-concessio-i-denegacio-ajudes-de-menjador-escolar-2014-15\\\/\",\"name\":\"LLISTAT PROVISIONAL DE CONCESSI\u00d3 I DENEGACI\u00d3 AJUDES DE MENJADOR ESCOLAR 2014\\\/15 - Sant Joan d&#039;Alacant\",\"isPartOf\":{\"@id\":\"https:\\\/\\\/www.santjoandalacant.es\\\/ca\\\/#website\"},\"datePublished\":\"2014-11-07T10:16:31+00:00\",\"breadcrumb\":{\"@id\":\"https:\\\/\\\/www.santjoandalacant.es\\\/ca\\\/llistat-provisional-de-concessio-i-denegacio-ajudes-de-menjador-escolar-2014-15\\\/#breadcrumb\"},\"inLanguage\":\"va\",\"potentialAction\":[{\"@type\":\"ReadAction\",\"target\":[\"https:\\\/\\\/www.santjoandalacant.es\\\/ca\\\/llistat-provisional-de-concessio-i-denegacio-ajudes-de-menjador-escolar-2014-15\\\/\"]}]},{\"@type\":\"BreadcrumbList\",\"@id\":\"https:\\\/\\\/www.santjoandalacant.es\\\/ca\\\/llistat-provisional-de-concessio-i-denegacio-ajudes-de-menjador-escolar-2014-15\\\/#breadcrumb\",\"itemListElement\":[{\"@type\":\"ListItem\",\"position\":1,\"name\":\"Inicio\",\"item\":\"https:\\\/\\\/www.santjoandalacant.es\\\/ca\\\/\"},{\"@type\":\"ListItem\",\"position\":2,\"name\":\"LLISTAT PROVISIONAL DE CONCESSI\u00d3 I DENEGACI\u00d3 AJUDES DE MENJADOR ESCOLAR 2014\\\/15\"}]},{\"@type\":\"WebSite\",\"@id\":\"https:\\\/\\\/www.santjoandalacant.es\\\/ca\\\/#website\",\"url\":\"https:\\\/\\\/www.santjoandalacant.es\\\/ca\\\/\",\"name\":\"Sant Joan d'Alacant\",\"description\":\"\",\"publisher\":{\"@id\":\"https:\\\/\\\/www.santjoandalacant.es\\\/ca\\\/#organization\"},\"potentialAction\":[{\"@type\":\"SearchAction\",\"target\":{\"@type\":\"EntryPoint\",\"urlTemplate\":\"https:\\\/\\\/www.santjoandalacant.es\\\/ca\\\/?s={search_term_string}\"},\"query-input\":{\"@type\":\"PropertyValueSpecification\",\"valueRequired\":true,\"valueName\":\"search_term_string\"}}],\"inLanguage\":\"va\"},{\"@type\":\"Organization\",\"@id\":\"https:\\\/\\\/www.santjoandalacant.es\\\/ca\\\/#organization\",\"name\":\"Sant Joan d'Alacant\",\"url\":\"https:\\\/\\\/www.santjoandalacant.es\\\/ca\\\/\",\"logo\":{\"@type\":\"ImageObject\",\"inLanguage\":\"va\",\"@id\":\"https:\\\/\\\/www.santjoandalacant.es\\\/ca\\\/#\\\/schema\\\/logo\\\/image\\\/\",\"url\":\"https:\\\/\\\/www.santjoandalacant.es\\\/wp-content\\\/uploads\\\/2023\\\/08\\\/logoSJ.png\",\"contentUrl\":\"https:\\\/\\\/www.santjoandalacant.es\\\/wp-content\\\/uploads\\\/2023\\\/08\\\/logoSJ.png\",\"width\":198,\"height\":253,\"caption\":\"Sant Joan d'Alacant\"},\"image\":{\"@id\":\"https:\\\/\\\/www.santjoandalacant.es\\\/ca\\\/#\\\/schema\\\/logo\\\/image\\\/\"},\"sameAs\":[\"https:\\\/\\\/www.facebook.com\\\/santjoandalacant\\\/\",\"https:\\\/\\\/www.instagram.com\\\/santjoandalacant\\\/\",\"https:\\\/\\\/www.youtube.com\\\/user\\\/santjoandalacant\"]},{\"@type\":\"Person\",\"@id\":\"https:\\\/\\\/www.santjoandalacant.es\\\/ca\\\/#\\\/schema\\\/person\\\/74b89bc7b26e6edafb76cd69420cd790\",\"name\":\"6tems\",\"image\":{\"@type\":\"ImageObject\",\"inLanguage\":\"va\",\"@id\":\"https:\\\/\\\/secure.gravatar.com\\\/avatar\\\/1c939d9bf86da56568327e5d52b159d089efba17cde140c49884e3fe77ef9c66?s=96&d=mm&r=g\",\"url\":\"https:\\\/\\\/secure.gravatar.com\\\/avatar\\\/1c939d9bf86da56568327e5d52b159d089efba17cde140c49884e3fe77ef9c66?s=96&d=mm&r=g\",\"contentUrl\":\"https:\\\/\\\/secure.gravatar.com\\\/avatar\\\/1c939d9bf86da56568327e5d52b159d089efba17cde140c49884e3fe77ef9c66?s=96&d=mm&r=g\",\"caption\":\"6tems\"},\"sameAs\":[\"https:\\\/\\\/www.santjoandalacant.es\"],\"url\":\"https:\\\/\\\/www.santjoandalacant.es\\\/ca\\\/author\\\/adminasap\\\/\"}]}<\/script>\n<!-- \/ Yoast SEO plugin. -->","yoast_head_json":{"title":"LLISTAT PROVISIONAL DE CONCESSI\u00d3 I DENEGACI\u00d3 AJUDES DE MENJADOR ESCOLAR 2014\/15 - Sant Joan d&#039;Alacant","robots":{"index":"index","follow":"follow","max-snippet":"max-snippet:-1","max-image-preview":"max-image-preview:large","max-video-preview":"max-video-preview:-1"},"canonical":"https:\/\/www.santjoandalacant.es\/ca\/llistat-provisional-de-concessio-i-denegacio-ajudes-de-menjador-escolar-2014-15\/","og_locale":"en_US","og_type":"article","og_title":"LLISTAT PROVISIONAL DE CONCESSI\u00d3 I DENEGACI\u00d3 AJUDES DE MENJADOR ESCOLAR 2014\/15 - Sant Joan d&#039;Alacant","og_description":"\u00a0Llistat provisional de concessi\u00f3 i denegaci\u00f3 d'ajudes per a menjador escolar dirigides a l'alumnat d'Educaci\u00f3 Infantil 2n cicle i Educaci\u00f3 Prim\u00e0ria dels col\u00b7legis p\u00fablics del municipi de Sant Joan d\u00b4Alacant curs 2014\/15, concedint-se un termini de 10 dies h\u00e0bils per a presentar al\u00b7legacions o reclamacions, a comptar a partir del seg\u00fcent dia de la publicaci\u00f3 del present anunci en el Tauler d'Anuncis de l'Ajuntament de Sant Joan d'Alacant, en els centres escolars p\u00fablics, en la p\u00e0gina web aix\u00ed com en les depend\u00e8ncies de la Regidoria d'Educaci\u00f3.","og_url":"https:\/\/www.santjoandalacant.es\/ca\/llistat-provisional-de-concessio-i-denegacio-ajudes-de-menjador-escolar-2014-15\/","og_site_name":"Sant Joan d&#039;Alacant","article_publisher":"https:\/\/www.facebook.com\/santjoandalacant\/","article_published_time":"2014-11-07T10:16:31+00:00","author":"6tems","twitter_card":"summary_large_image","twitter_misc":{"Written by":"6tems","Est. reading time":"1 minute"},"schema":{"@context":"https:\/\/schema.org","@graph":[{"@type":"Article","@id":"https:\/\/www.santjoandalacant.es\/ca\/llistat-provisional-de-concessio-i-denegacio-ajudes-de-menjador-escolar-2014-15\/#article","isPartOf":{"@id":"https:\/\/www.santjoandalacant.es\/ca\/llistat-provisional-de-concessio-i-denegacio-ajudes-de-menjador-escolar-2014-15\/"},"author":{"name":"6tems","@id":"https:\/\/www.santjoandalacant.es\/ca\/#\/schema\/person\/74b89bc7b26e6edafb76cd69420cd790"},"headline":"LLISTAT PROVISIONAL DE CONCESSI\u00d3 I DENEGACI\u00d3 AJUDES DE MENJADOR ESCOLAR 2014\/15","datePublished":"2014-11-07T10:16:31+00:00","mainEntityOfPage":{"@id":"https:\/\/www.santjoandalacant.es\/ca\/llistat-provisional-de-concessio-i-denegacio-ajudes-de-menjador-escolar-2014-15\/"},"wordCount":155,"commentCount":0,"publisher":{"@id":"https:\/\/www.santjoandalacant.es\/ca\/#organization"},"articleSection":["Sin categorizar"],"inLanguage":"va","potentialAction":[{"@type":"CommentAction","name":"Comment","target":["https:\/\/www.santjoandalacant.es\/ca\/llistat-provisional-de-concessio-i-denegacio-ajudes-de-menjador-escolar-2014-15\/#respond"]}]},{"@type":"WebPage","@id":"https:\/\/www.santjoandalacant.es\/ca\/llistat-provisional-de-concessio-i-denegacio-ajudes-de-menjador-escolar-2014-15\/","url":"https:\/\/www.santjoandalacant.es\/ca\/llistat-provisional-de-concessio-i-denegacio-ajudes-de-menjador-escolar-2014-15\/","name":"LLISTAT PROVISIONAL DE CONCESSI\u00d3 I DENEGACI\u00d3 AJUDES DE MENJADOR ESCOLAR 2014\/15 - Sant Joan d&#039;Alacant","isPartOf":{"@id":"https:\/\/www.santjoandalacant.es\/ca\/#website"},"datePublished":"2014-11-07T10:16:31+00:00","breadcrumb":{"@id":"https:\/\/www.santjoandalacant.es\/ca\/llistat-provisional-de-concessio-i-denegacio-ajudes-de-menjador-escolar-2014-15\/#breadcrumb"},"inLanguage":"va","potentialAction":[{"@type":"ReadAction","target":["https:\/\/www.santjoandalacant.es\/ca\/llistat-provisional-de-concessio-i-denegacio-ajudes-de-menjador-escolar-2014-15\/"]}]},{"@type":"BreadcrumbList","@id":"https:\/\/www.santjoandalacant.es\/ca\/llistat-provisional-de-concessio-i-denegacio-ajudes-de-menjador-escolar-2014-15\/#breadcrumb","itemListElement":[{"@type":"ListItem","position":1,"name":"Inicio","item":"https:\/\/www.santjoandalacant.es\/ca\/"},{"@type":"ListItem","position":2,"name":"LLISTAT PROVISIONAL DE CONCESSI\u00d3 I DENEGACI\u00d3 AJUDES DE MENJADOR ESCOLAR 2014\/15"}]},{"@type":"WebSite","@id":"https:\/\/www.santjoandalacant.es\/ca\/#website","url":"https:\/\/www.santjoandalacant.es\/ca\/","name":"Sant Joan d'Alacant","description":"","publisher":{"@id":"https:\/\/www.santjoandalacant.es\/ca\/#organization"},"potentialAction":[{"@type":"SearchAction","target":{"@type":"EntryPoint","urlTemplate":"https:\/\/www.santjoandalacant.es\/ca\/?s={search_term_string}"},"query-input":{"@type":"PropertyValueSpecification","valueRequired":true,"valueName":"search_term_string"}}],"inLanguage":"va"},{"@type":"Organization","@id":"https:\/\/www.santjoandalacant.es\/ca\/#organization","name":"Sant Joan d'Alacant","url":"https:\/\/www.santjoandalacant.es\/ca\/","logo":{"@type":"ImageObject","inLanguage":"va","@id":"https:\/\/www.santjoandalacant.es\/ca\/#\/schema\/logo\/image\/","url":"https:\/\/www.santjoandalacant.es\/wp-content\/uploads\/2023\/08\/logoSJ.png","contentUrl":"https:\/\/www.santjoandalacant.es\/wp-content\/uploads\/2023\/08\/logoSJ.png","width":198,"height":253,"caption":"Sant Joan d'Alacant"},"image":{"@id":"https:\/\/www.santjoandalacant.es\/ca\/#\/schema\/logo\/image\/"},"sameAs":["https:\/\/www.facebook.com\/santjoandalacant\/","https:\/\/www.instagram.com\/santjoandalacant\/","https:\/\/www.youtube.com\/user\/santjoandalacant"]},{"@type":"Person","@id":"https:\/\/www.santjoandalacant.es\/ca\/#\/schema\/person\/74b89bc7b26e6edafb76cd69420cd790","name":"6tems","image":{"@type":"ImageObject","inLanguage":"va","@id":"https:\/\/secure.gravatar.com\/avatar\/1c939d9bf86da56568327e5d52b159d089efba17cde140c49884e3fe77ef9c66?s=96&d=mm&r=g","url":"https:\/\/secure.gravatar.com\/avatar\/1c939d9bf86da56568327e5d52b159d089efba17cde140c49884e3fe77ef9c66?s=96&d=mm&r=g","contentUrl":"https:\/\/secure.gravatar.com\/avatar\/1c939d9bf86da56568327e5d52b159d089efba17cde140c49884e3fe77ef9c66?s=96&d=mm&r=g","caption":"6tems"},"sameAs":["https:\/\/www.santjoandalacant.es"],"url":"https:\/\/www.santjoandalacant.es\/ca\/author\/adminasap\/"}]}},"_links":{"self":[{"href":"https:\/\/www.santjoandalacant.es\/ca\/wp-json\/wp\/v2\/posts\/77246","targetHints":{"allow":["GET"]}}],"collection":[{"href":"https:\/\/www.santjoandalacant.es\/ca\/wp-json\/wp\/v2\/posts"}],"about":[{"href":"https:\/\/www.santjoandalacant.es\/ca\/wp-json\/wp\/v2\/types\/post"}],"author":[{"embeddable":true,"href":"https:\/\/www.santjoandalacant.es\/ca\/wp-json\/wp\/v2\/users\/1"}],"replies":[{"embeddable":true,"href":"https:\/\/www.santjoandalacant.es\/ca\/wp-json\/wp\/v2\/comments?post=77246"}],"version-history":[{"count":0,"href":"https:\/\/www.santjoandalacant.es\/ca\/wp-json\/wp\/v2\/posts\/77246\/revisions"}],"wp:attachment":[{"href":"https:\/\/www.santjoandalacant.es\/ca\/wp-json\/wp\/v2\/media?parent=77246"}],"wp:term":[{"taxonomy":"category","embeddable":true,"href":"https:\/\/www.santjoandalacant.es\/ca\/wp-json\/wp\/v2\/categories?post=77246"},{"taxonomy":"post_tag","embeddable":true,"href":"https:\/\/www.santjoandalacant.es\/ca\/wp-json\/wp\/v2\/tags?post=77246"},{"taxonomy":"areas","embeddable":true,"href":"https:\/\/www.santjoandalacant.es\/ca\/wp-json\/wp\/v2\/areas?post=77246"}],"curies":[{"name":"wp","href":"https:\/\/api.w.org\/{rel}","templated":true}]}}